{"id":426590,"date":"2026-09-01T06:24:25","date_gmt":"2026-09-01T10:24:25","guid":{"rendered":"https:\/\/www.eldiario.net\/portal\/?p=426590"},"modified":"2026-09-01T06:24:25","modified_gmt":"2026-09-01T10:24:25","slug":"primeros-bancos-de-leche-estan-en-los-hospitales-corea-y-los-andes","status":"publish","type":"post","link":"https:\/\/www.eldiario.net\/portal\/2026\/09\/01\/primeros-bancos-de-leche-estan-en-los-hospitales-corea-y-los-andes\/","title":{"rendered":"Primeros \u00abbancos de leche\u00bb est\u00e1n  en los hospitales Corea y Los Andes"},"content":{"rendered":"<p>Con la instalaci\u00f3n de refrigeradores de 600 litros de capacidad, en los hospitales Corea y Los Andes, El Alto se convierte en el primer municipio en conservar leche materna. Esta incorporaci\u00f3n es parte del equipamiento m\u00e9dico que el Gobierno Aut\u00f3nomo Municipal recibi\u00f3, por un total de $us 600 mil, del Ministerio de Salud y Deportes.<\/p>\n<p>El alcalde de El Alto, Eliser Roca, se\u00f1al\u00f3 que con esta entrega se marca un precedente a nivel nacional en el cuidado de la primera infancia. \u201cEl Alto es el primer municipio que tiene dos refrigeradores para conservar la leche materna\u00bb, asegur\u00f3.<\/p>\n<p>La autoridad recalc\u00f3 que, con estos equipos, los hospitales Los Andes y Corea podr\u00e1n garantizar la alimentaci\u00f3n de beb\u00e9s cuyas madres no puedan dar de lactar y al mismo tiempo agradeci\u00f3 al Gobierno Nacional por el apoyo brindado a la poblaci\u00f3n de El Alto.<\/p>\n<p>El Ministerio de Salud y Deportes, a trav\u00e9s del Programa BID 4612, concluy\u00f3 ayer la tercera y \u00faltima entrega de equipamiento m\u00e9dico para los hospitales Los Andes y Corea de El Alto. El apoyo supera los $us 600 mil en fortalecimiento hospitalario.<\/p>\n<p>La coordinadora del Programa, Doris Andia Velasco, asegur\u00f3 que se cumpli\u00f3 con lo comprometido para los dos nosocomios alte\u00f1os. \u201cHoy estamos visitando el Gobierno Aut\u00f3nomo Municipal de El Alto por el motivo de informar al se\u00f1or alcalde que se ha cumplido hasta el d\u00eda viernes con la tercera entrega de equipamiento m\u00e9dico para los hospitales Los Andes y Corea. Esta entrega concluye en m\u00e1s de seiscientos mil d\u00f3lares de apoyo y de fortalecimiento\u201d, sostuvo.<\/p>\n<p>La coordinadora detall\u00f3 que las entregas buscaron fortalecer el acceso a la salud materna y neonatal en el municipio. En la primera se entreg\u00f3: l\u00e1mparas el\u00edticas, l\u00e1mparas cuello de ganso, trajes antishock; en la segunda: carros de paro, balanzas digitales, ox\u00edmetros adulto y neonatal y; en la tercera: ec\u00f3grafos port\u00e1tiles, refrigeradores de conservaci\u00f3n de leche materna, refrigeradores de conservaci\u00f3n de medicamentos, monitores multiparam\u00e9tricos, dopplers y mesas de reanimaci\u00f3n neonatal.<\/p>\n<p>Por su parte, la secretaria municipal de Salud del municipio de El Alto, Rosse Mary Blanco, destac\u00f3 toda la entrega de equipamiento, pero sobresali\u00f3 entre ellos lo que denomin\u00f3 banco de leche materna. \u201cMuchas mujeres no tienen leche y es as\u00ed que llegan a estos hospitales los refrigeradores para conservar la leche materna que es vital hasta los seis meses\u201d, indic\u00f3.<\/p>\n<p>Asegur\u00f3 que somos el primer municipio que cuenta con este equipo para refrigerar leche de 600 litros. \u201cSon enormes, ahora estos refrigeradores nos van a conservar la leche materna para que todos los reci\u00e9n nacidos que no tengan mam\u00e1s, que no puedan dar de lactar en su momento, puedan acudir a estos centros. Ser\u00edamos como peque\u00f1os bancos de leche que podemos ofrecer este servicio en estos dos hospitales\u201d, manifest\u00f3.<\/p>\n","protected":false},"excerpt":{"rendered":"<p>Con la instalaci\u00f3n de refrigeradores de 600 litros de capacidad, en los hospitales Corea y Los Andes, El Alto se convierte en el primer municipio en conservar leche materna. Esta incorporaci\u00f3n es parte del equipamiento m\u00e9dico que el Gobierno Aut\u00f3nomo Municipal recibi\u00f3, por un total de $us 600 mil, del Ministerio de Salud y Deportes. [&hellip;]<\/p>\n","protected":false},"author":1,"featured_media":426591,"comment_status":"closed","ping_status":"open","sticky":false,"template":"","format":"standard","meta":{"_acf_changed":false,"footnotes":""},"categories":[12],"tags":[],"class_list":["post-426590","post","type-post","status-publish","format-standard","has-post-thumbnail","category-nacional"],"acf":{"antetitulo":""},"yoast_head":"<!-- This site is optimized with the Yoast SEO plugin v28.3 - https:\/\/yoast.com\/product\/yoast-seo-wordpress\/ -->\n<title>Primeros &quot;bancos de leche&quot; est\u00e1n en los hospitales Corea y Los Andes - El Diario - Bolivia<\/title>\n<meta name=\"robots\" content=\"index, follow, max-snippet:-1, max-image-preview:large, max-video-preview:-1\" \/>\n<link rel=\"canonical\" href=\"https:\/\/www.eldiario.net\/portal\/2026\/09\/01\/primeros-bancos-de-leche-estan-en-los-hospitales-corea-y-los-andes\/\" \/>\n<meta property=\"og:locale\" content=\"es_ES\" \/>\n<meta property=\"og:type\" content=\"article\" \/>\n<meta property=\"og:title\" content=\"Primeros &quot;bancos de leche&quot; est\u00e1n en los hospitales Corea y Los Andes - El Diario - Bolivia\" \/>\n<meta property=\"og:description\" content=\"Con la instalaci\u00f3n de refrigeradores de 600 litros de capacidad, en los hospitales Corea y Los Andes, El Alto se convierte en el primer municipio en conservar leche materna. Esta incorporaci\u00f3n es parte del equipamiento m\u00e9dico que el Gobierno Aut\u00f3nomo Municipal recibi\u00f3, por un total de $us 600 mil, del Ministerio de Salud y Deportes. [&hellip;]\" \/>\n<meta property=\"og:url\" content=\"https:\/\/www.eldiario.net\/portal\/2026\/09\/01\/primeros-bancos-de-leche-estan-en-los-hospitales-corea-y-los-andes\/\" \/>\n<meta property=\"og:site_name\" content=\"El Diario - Bolivia\" \/>\n<meta property=\"article:publisher\" content=\"https:\/\/www.facebook.com\/eldiario.bolivia\/\" \/>\n<meta property=\"article:published_time\" content=\"2026-09-01T10:24:25+00:00\" \/>\n<meta property=\"og:image\" content=\"https:\/\/www.eldiario.net\/portal\/wp-content\/uploads\/2026\/09\/LECHE-FOTO.webp\" \/>\n\t<meta property=\"og:image:width\" content=\"2048\" \/>\n\t<meta property=\"og:image:height\" content=\"1365\" \/>\n\t<meta property=\"og:image:type\" content=\"image\/webp\" \/>\n<meta name=\"author\" content=\"Jeanette\" \/>\n<meta name=\"twitter:card\" content=\"summary_large_image\" \/>\n<meta name=\"twitter:creator\" content=\"@eldiario_net\" \/>\n<meta name=\"twitter:site\" content=\"@eldiario_net\" \/>\n<meta name=\"twitter:label1\" content=\"Escrito por\" \/>\n\t<meta name=\"twitter:data1\" content=\"Jeanette\" \/>\n\t<meta name=\"twitter:label2\" content=\"Tiempo de lectura\" \/>\n\t<meta name=\"twitter:data2\" content=\"3 minutos\" \/>\n<script type=\"application\/ld+json\" class=\"yoast-schema-graph\">{\"@context\":\"https:\\\/\\\/schema.org\",\"@graph\":[{\"@type\":\"Article\",\"@id\":\"https:\\\/\\\/www.eldiario.net\\\/portal\\\/2026\\\/09\\\/01\\\/primeros-bancos-de-leche-estan-en-los-hospitales-corea-y-los-andes\\\/#article\",\"isPartOf\":{\"@id\":\"https:\\\/\\\/www.eldiario.net\\\/portal\\\/2026\\\/09\\\/01\\\/primeros-bancos-de-leche-estan-en-los-hospitales-corea-y-los-andes\\\/\"},\"author\":{\"name\":\"Jeanette\",\"@id\":\"https:\\\/\\\/www.eldiario.net\\\/portal\\\/#\\\/schema\\\/person\\\/f46445640444750d7d753ccd04ae01b7\"},\"headline\":\"Primeros \u00abbancos de leche\u00bb est\u00e1n en los hospitales Corea y Los Andes\",\"datePublished\":\"2026-09-01T10:24:25+00:00\",\"mainEntityOfPage\":{\"@id\":\"https:\\\/\\\/www.eldiario.net\\\/portal\\\/2026\\\/09\\\/01\\\/primeros-bancos-de-leche-estan-en-los-hospitales-corea-y-los-andes\\\/\"},\"wordCount\":496,\"publisher\":{\"@id\":\"https:\\\/\\\/www.eldiario.net\\\/portal\\\/#organization\"},\"image\":{\"@id\":\"https:\\\/\\\/www.eldiario.net\\\/portal\\\/2026\\\/09\\\/01\\\/primeros-bancos-de-leche-estan-en-los-hospitales-corea-y-los-andes\\\/#primaryimage\"},\"thumbnailUrl\":\"https:\\\/\\\/www.eldiario.net\\\/portal\\\/wp-content\\\/uploads\\\/2026\\\/09\\\/LECHE-FOTO.webp\",\"articleSection\":[\"Nacional\"],\"inLanguage\":\"es\"},{\"@type\":\"WebPage\",\"@id\":\"https:\\\/\\\/www.eldiario.net\\\/portal\\\/2026\\\/09\\\/01\\\/primeros-bancos-de-leche-estan-en-los-hospitales-corea-y-los-andes\\\/\",\"url\":\"https:\\\/\\\/www.eldiario.net\\\/portal\\\/2026\\\/09\\\/01\\\/primeros-bancos-de-leche-estan-en-los-hospitales-corea-y-los-andes\\\/\",\"name\":\"Primeros \\\"bancos de leche\\\" est\u00e1n en los hospitales Corea y Los Andes - El Diario - Bolivia\",\"isPartOf\":{\"@id\":\"https:\\\/\\\/www.eldiario.net\\\/portal\\\/#website\"},\"primaryImageOfPage\":{\"@id\":\"https:\\\/\\\/www.eldiario.net\\\/portal\\\/2026\\\/09\\\/01\\\/primeros-bancos-de-leche-estan-en-los-hospitales-corea-y-los-andes\\\/#primaryimage\"},\"image\":{\"@id\":\"https:\\\/\\\/www.eldiario.net\\\/portal\\\/2026\\\/09\\\/01\\\/primeros-bancos-de-leche-estan-en-los-hospitales-corea-y-los-andes\\\/#primaryimage\"},\"thumbnailUrl\":\"https:\\\/\\\/www.eldiario.net\\\/portal\\\/wp-content\\\/uploads\\\/2026\\\/09\\\/LECHE-FOTO.webp\",\"datePublished\":\"2026-09-01T10:24:25+00:00\",\"breadcrumb\":{\"@id\":\"https:\\\/\\\/www.eldiario.net\\\/portal\\\/2026\\\/09\\\/01\\\/primeros-bancos-de-leche-estan-en-los-hospitales-corea-y-los-andes\\\/#breadcrumb\"},\"inLanguage\":\"es\",\"potentialAction\":[{\"@type\":\"ReadAction\",\"target\":[\"https:\\\/\\\/www.eldiario.net\\\/portal\\\/2026\\\/09\\\/01\\\/primeros-bancos-de-leche-estan-en-los-hospitales-corea-y-los-andes\\\/\"]}]},{\"@type\":\"ImageObject\",\"inLanguage\":\"es\",\"@id\":\"https:\\\/\\\/www.eldiario.net\\\/portal\\\/2026\\\/09\\\/01\\\/primeros-bancos-de-leche-estan-en-los-hospitales-corea-y-los-andes\\\/#primaryimage\",\"url\":\"https:\\\/\\\/www.eldiario.net\\\/portal\\\/wp-content\\\/uploads\\\/2026\\\/09\\\/LECHE-FOTO.webp\",\"contentUrl\":\"https:\\\/\\\/www.eldiario.net\\\/portal\\\/wp-content\\\/uploads\\\/2026\\\/09\\\/LECHE-FOTO.webp\",\"width\":2048,\"height\":1365,\"caption\":\"El alcalde de El Alto firma el documento tras recibir los equipos. Cr\u00e9dito: Gamea\"},{\"@type\":\"BreadcrumbList\",\"@id\":\"https:\\\/\\\/www.eldiario.net\\\/portal\\\/2026\\\/09\\\/01\\\/primeros-bancos-de-leche-estan-en-los-hospitales-corea-y-los-andes\\\/#breadcrumb\",\"itemListElement\":[{\"@type\":\"ListItem\",\"position\":1,\"name\":\"Portada\",\"item\":\"https:\\\/\\\/www.eldiario.net\\\/portal\\\/\"},{\"@type\":\"ListItem\",\"position\":2,\"name\":\"Primeros \u00abbancos de leche\u00bb est\u00e1n en los hospitales Corea y Los Andes\"}]},{\"@type\":\"WebSite\",\"@id\":\"https:\\\/\\\/www.eldiario.net\\\/portal\\\/#website\",\"url\":\"https:\\\/\\\/www.eldiario.net\\\/portal\\\/\",\"name\":\"El Diario - Decano de la prensa nacional\",\"description\":\"El Diario - Decano de la prensa nacional\",\"publisher\":{\"@id\":\"https:\\\/\\\/www.eldiario.net\\\/portal\\\/#organization\"},\"potentialAction\":[{\"@type\":\"SearchAction\",\"target\":{\"@type\":\"EntryPoint\",\"urlTemplate\":\"https:\\\/\\\/www.eldiario.net\\\/portal\\\/?s={search_term_string}\"},\"query-input\":{\"@type\":\"PropertyValueSpecification\",\"valueRequired\":true,\"valueName\":\"search_term_string\"}}],\"inLanguage\":\"es\"},{\"@type\":\"Organization\",\"@id\":\"https:\\\/\\\/www.eldiario.net\\\/portal\\\/#organization\",\"name\":\"El Diario - Decano de la prensa nacional\",\"url\":\"https:\\\/\\\/www.eldiario.net\\\/portal\\\/\",\"logo\":{\"@type\":\"ImageObject\",\"inLanguage\":\"es\",\"@id\":\"https:\\\/\\\/www.eldiario.net\\\/portal\\\/#\\\/schema\\\/logo\\\/image\\\/\",\"url\":\"https:\\\/\\\/www.eldiario.net\\\/portal\\\/wp-content\\\/uploads\\\/2023\\\/07\\\/logo_ED.jpg\",\"contentUrl\":\"https:\\\/\\\/www.eldiario.net\\\/portal\\\/wp-content\\\/uploads\\\/2023\\\/07\\\/logo_ED.jpg\",\"width\":272,\"height\":52,\"caption\":\"El Diario - Decano de la prensa nacional\"},\"image\":{\"@id\":\"https:\\\/\\\/www.eldiario.net\\\/portal\\\/#\\\/schema\\\/logo\\\/image\\\/\"},\"sameAs\":[\"https:\\\/\\\/www.facebook.com\\\/eldiario.bolivia\\\/\",\"https:\\\/\\\/x.com\\\/eldiario_net\"]},{\"@type\":\"Person\",\"@id\":\"https:\\\/\\\/www.eldiario.net\\\/portal\\\/#\\\/schema\\\/person\\\/f46445640444750d7d753ccd04ae01b7\",\"name\":\"Jeanette\",\"image\":{\"@type\":\"ImageObject\",\"inLanguage\":\"es\",\"@id\":\"https:\\\/\\\/secure.gravatar.com\\\/avatar\\\/3ea2118a5f7dad2b7138b1187a6b7ee55f160b9968b66013c3a3ef39dd7e5798?s=96&d=mm&r=g\",\"url\":\"https:\\\/\\\/secure.gravatar.com\\\/avatar\\\/3ea2118a5f7dad2b7138b1187a6b7ee55f160b9968b66013c3a3ef39dd7e5798?s=96&d=mm&r=g\",\"contentUrl\":\"https:\\\/\\\/secure.gravatar.com\\\/avatar\\\/3ea2118a5f7dad2b7138b1187a6b7ee55f160b9968b66013c3a3ef39dd7e5798?s=96&d=mm&r=g\",\"caption\":\"Jeanette\"},\"sameAs\":[\"https:\\\/\\\/www.eldiario.net\\\/portal\"],\"url\":\"https:\\\/\\\/www.eldiario.net\\\/portal\\\/author\\\/jeanette\\\/\"}]}<\/script>\n<!-- \/ Yoast SEO plugin. -->","yoast_head_json":{"title":"Primeros \"bancos de leche\" est\u00e1n en los hospitales Corea y Los Andes - El Diario - Bolivia","robots":{"index":"index","follow":"follow","max-snippet":"max-snippet:-1","max-image-preview":"max-image-preview:large","max-video-preview":"max-video-preview:-1"},"canonical":"https:\/\/www.eldiario.net\/portal\/2026\/09\/01\/primeros-bancos-de-leche-estan-en-los-hospitales-corea-y-los-andes\/","og_locale":"es_ES","og_type":"article","og_title":"Primeros \"bancos de leche\" est\u00e1n en los hospitales Corea y Los Andes - El Diario - Bolivia","og_description":"Con la instalaci\u00f3n de refrigeradores de 600 litros de capacidad, en los hospitales Corea y Los Andes, El Alto se convierte en el primer municipio en conservar leche materna. Esta incorporaci\u00f3n es parte del equipamiento m\u00e9dico que el Gobierno Aut\u00f3nomo Municipal recibi\u00f3, por un total de $us 600 mil, del Ministerio de Salud y Deportes. [&hellip;]","og_url":"https:\/\/www.eldiario.net\/portal\/2026\/09\/01\/primeros-bancos-de-leche-estan-en-los-hospitales-corea-y-los-andes\/","og_site_name":"El Diario - Bolivia","article_publisher":"https:\/\/www.facebook.com\/eldiario.bolivia\/","article_published_time":"2026-09-01T10:24:25+00:00","og_image":[{"width":2048,"height":1365,"url":"https:\/\/www.eldiario.net\/portal\/wp-content\/uploads\/2026\/09\/LECHE-FOTO.webp","type":"image\/webp"}],"author":"Jeanette","twitter_card":"summary_large_image","twitter_creator":"@eldiario_net","twitter_site":"@eldiario_net","twitter_misc":{"Escrito por":"Jeanette","Tiempo de lectura":"3 minutos"},"schema":{"@context":"https:\/\/schema.org","@graph":[{"@type":"Article","@id":"https:\/\/www.eldiario.net\/portal\/2026\/09\/01\/primeros-bancos-de-leche-estan-en-los-hospitales-corea-y-los-andes\/#article","isPartOf":{"@id":"https:\/\/www.eldiario.net\/portal\/2026\/09\/01\/primeros-bancos-de-leche-estan-en-los-hospitales-corea-y-los-andes\/"},"author":{"name":"Jeanette","@id":"https:\/\/www.eldiario.net\/portal\/#\/schema\/person\/f46445640444750d7d753ccd04ae01b7"},"headline":"Primeros \u00abbancos de leche\u00bb est\u00e1n en los hospitales Corea y Los Andes","datePublished":"2026-09-01T10:24:25+00:00","mainEntityOfPage":{"@id":"https:\/\/www.eldiario.net\/portal\/2026\/09\/01\/primeros-bancos-de-leche-estan-en-los-hospitales-corea-y-los-andes\/"},"wordCount":496,"publisher":{"@id":"https:\/\/www.eldiario.net\/portal\/#organization"},"image":{"@id":"https:\/\/www.eldiario.net\/portal\/2026\/09\/01\/primeros-bancos-de-leche-estan-en-los-hospitales-corea-y-los-andes\/#primaryimage"},"thumbnailUrl":"https:\/\/www.eldiario.net\/portal\/wp-content\/uploads\/2026\/09\/LECHE-FOTO.webp","articleSection":["Nacional"],"inLanguage":"es"},{"@type":"WebPage","@id":"https:\/\/www.eldiario.net\/portal\/2026\/09\/01\/primeros-bancos-de-leche-estan-en-los-hospitales-corea-y-los-andes\/","url":"https:\/\/www.eldiario.net\/portal\/2026\/09\/01\/primeros-bancos-de-leche-estan-en-los-hospitales-corea-y-los-andes\/","name":"Primeros \"bancos de leche\" est\u00e1n en los hospitales Corea y Los Andes - El Diario - Bolivia","isPartOf":{"@id":"https:\/\/www.eldiario.net\/portal\/#website"},"primaryImageOfPage":{"@id":"https:\/\/www.eldiario.net\/portal\/2026\/09\/01\/primeros-bancos-de-leche-estan-en-los-hospitales-corea-y-los-andes\/#primaryimage"},"image":{"@id":"https:\/\/www.eldiario.net\/portal\/2026\/09\/01\/primeros-bancos-de-leche-estan-en-los-hospitales-corea-y-los-andes\/#primaryimage"},"thumbnailUrl":"https:\/\/www.eldiario.net\/portal\/wp-content\/uploads\/2026\/09\/LECHE-FOTO.webp","datePublished":"2026-09-01T10:24:25+00:00","breadcrumb":{"@id":"https:\/\/www.eldiario.net\/portal\/2026\/09\/01\/primeros-bancos-de-leche-estan-en-los-hospitales-corea-y-los-andes\/#breadcrumb"},"inLanguage":"es","potentialAction":[{"@type":"ReadAction","target":["https:\/\/www.eldiario.net\/portal\/2026\/09\/01\/primeros-bancos-de-leche-estan-en-los-hospitales-corea-y-los-andes\/"]}]},{"@type":"ImageObject","inLanguage":"es","@id":"https:\/\/www.eldiario.net\/portal\/2026\/09\/01\/primeros-bancos-de-leche-estan-en-los-hospitales-corea-y-los-andes\/#primaryimage","url":"https:\/\/www.eldiario.net\/portal\/wp-content\/uploads\/2026\/09\/LECHE-FOTO.webp","contentUrl":"https:\/\/www.eldiario.net\/portal\/wp-content\/uploads\/2026\/09\/LECHE-FOTO.webp","width":2048,"height":1365,"caption":"El alcalde de El Alto firma el documento tras recibir los equipos. Cr\u00e9dito: Gamea"},{"@type":"BreadcrumbList","@id":"https:\/\/www.eldiario.net\/portal\/2026\/09\/01\/primeros-bancos-de-leche-estan-en-los-hospitales-corea-y-los-andes\/#breadcrumb","itemListElement":[{"@type":"ListItem","position":1,"name":"Portada","item":"https:\/\/www.eldiario.net\/portal\/"},{"@type":"ListItem","position":2,"name":"Primeros \u00abbancos de leche\u00bb est\u00e1n en los hospitales Corea y Los Andes"}]},{"@type":"WebSite","@id":"https:\/\/www.eldiario.net\/portal\/#website","url":"https:\/\/www.eldiario.net\/portal\/","name":"El Diario - Decano de la prensa nacional","description":"El Diario - Decano de la prensa nacional","publisher":{"@id":"https:\/\/www.eldiario.net\/portal\/#organization"},"potentialAction":[{"@type":"SearchAction","target":{"@type":"EntryPoint","urlTemplate":"https:\/\/www.eldiario.net\/portal\/?s={search_term_string}"},"query-input":{"@type":"PropertyValueSpecification","valueRequired":true,"valueName":"search_term_string"}}],"inLanguage":"es"},{"@type":"Organization","@id":"https:\/\/www.eldiario.net\/portal\/#organization","name":"El Diario - Decano de la prensa nacional","url":"https:\/\/www.eldiario.net\/portal\/","logo":{"@type":"ImageObject","inLanguage":"es","@id":"https:\/\/www.eldiario.net\/portal\/#\/schema\/logo\/image\/","url":"https:\/\/www.eldiario.net\/portal\/wp-content\/uploads\/2023\/07\/logo_ED.jpg","contentUrl":"https:\/\/www.eldiario.net\/portal\/wp-content\/uploads\/2023\/07\/logo_ED.jpg","width":272,"height":52,"caption":"El Diario - Decano de la prensa nacional"},"image":{"@id":"https:\/\/www.eldiario.net\/portal\/#\/schema\/logo\/image\/"},"sameAs":["https:\/\/www.facebook.com\/eldiario.bolivia\/","https:\/\/x.com\/eldiario_net"]},{"@type":"Person","@id":"https:\/\/www.eldiario.net\/portal\/#\/schema\/person\/f46445640444750d7d753ccd04ae01b7","name":"Jeanette","image":{"@type":"ImageObject","inLanguage":"es","@id":"https:\/\/secure.gravatar.com\/avatar\/3ea2118a5f7dad2b7138b1187a6b7ee55f160b9968b66013c3a3ef39dd7e5798?s=96&d=mm&r=g","url":"https:\/\/secure.gravatar.com\/avatar\/3ea2118a5f7dad2b7138b1187a6b7ee55f160b9968b66013c3a3ef39dd7e5798?s=96&d=mm&r=g","contentUrl":"https:\/\/secure.gravatar.com\/avatar\/3ea2118a5f7dad2b7138b1187a6b7ee55f160b9968b66013c3a3ef39dd7e5798?s=96&d=mm&r=g","caption":"Jeanette"},"sameAs":["https:\/\/www.eldiario.net\/portal"],"url":"https:\/\/www.eldiario.net\/portal\/author\/jeanette\/"}]}},"_links":{"self":[{"href":"https:\/\/www.eldiario.net\/portal\/wp-json\/wp\/v2\/posts\/426590","targetHints":{"allow":["GET"]}}],"collection":[{"href":"https:\/\/www.eldiario.net\/portal\/wp-json\/wp\/v2\/posts"}],"about":[{"href":"https:\/\/www.eldiario.net\/portal\/wp-json\/wp\/v2\/types\/post"}],"author":[{"embeddable":true,"href":"https:\/\/www.eldiario.net\/portal\/wp-json\/wp\/v2\/users\/1"}],"replies":[{"embeddable":true,"href":"https:\/\/www.eldiario.net\/portal\/wp-json\/wp\/v2\/comments?post=426590"}],"version-history":[{"count":1,"href":"https:\/\/www.eldiario.net\/portal\/wp-json\/wp\/v2\/posts\/426590\/revisions"}],"predecessor-version":[{"id":426592,"href":"https:\/\/www.eldiario.net\/portal\/wp-json\/wp\/v2\/posts\/426590\/revisions\/426592"}],"wp:featuredmedia":[{"embeddable":true,"href":"https:\/\/www.eldiario.net\/portal\/wp-json\/wp\/v2\/media\/426591"}],"wp:attachment":[{"href":"https:\/\/www.eldiario.net\/portal\/wp-json\/wp\/v2\/media?parent=426590"}],"wp:term":[{"taxonomy":"category","embeddable":true,"href":"https:\/\/www.eldiario.net\/portal\/wp-json\/wp\/v2\/categories?post=426590"},{"taxonomy":"post_tag","embeddable":true,"href":"https:\/\/www.eldiario.net\/portal\/wp-json\/wp\/v2\/tags?post=426590"}],"curies":[{"name":"wp","href":"https:\/\/api.w.org\/{rel}","templated":true}]}}