{"id":426587,"date":"2026-09-01T06:21:55","date_gmt":"2026-09-01T10:21:55","guid":{"rendered":"https:\/\/www.eldiario.net\/portal\/?p=426587"},"modified":"2026-09-01T06:21:55","modified_gmt":"2026-09-01T10:21:55","slug":"ejecutar-la-aprehension-de-morales-es-deuda-de-sokol","status":"publish","type":"post","link":"https:\/\/www.eldiario.net\/portal\/2026\/09\/01\/ejecutar-la-aprehension-de-morales-es-deuda-de-sokol\/","title":{"rendered":"Ejecutar la aprehensi\u00f3n de  Morales es deuda de Sokol"},"content":{"rendered":"<p>Tras la renuncia del comandante general de la Polic\u00eda, legisladores de oficialismo y oposici\u00f3n afirmaron que la gran deuda de la exautoridad policial es no haber priorizado y ejecutado la orden de aprehensi\u00f3n pendiente contra Evo Morales, actitud contraria a su alto cargo y un hecho que gener\u00f3 malestar y molestia en la poblaci\u00f3n boliviana.<\/p>\n<p>En criterio de la asamble\u00edsta pace\u00f1a Claudia Bilbao, una de las declaraciones que m\u00e1s pol\u00e9mica gener\u00f3, por parte de la exautoridad policial, fue haber se\u00f1alado que la aprehensi\u00f3n del expresidente Evo Morales no era una prioridad para su gesti\u00f3n.<\/p>\n<p>Seg\u00fan la legisladora, la postura de Sokol fue contradictoria en ese tema, pese a ser la m\u00e1xima autoridad policial y tener la obligaci\u00f3n de dar cumplimiento a un requerimiento judicial, tal como establecen las normas vigentes.<\/p>\n<p>\u201cEl se\u00f1or Evo Morales o cualquier boliviano que tenga una orden de aprehensi\u00f3n, tiene que ser detenido en este Estado. No se puede violar o incumplir la norma, m\u00e1s si se trata de la primera autoridad de la Polic\u00eda, eso ha sido muy cuestionado por el pueblo boliviano\u201d, dijo.<\/p>\n<p>Adem\u00e1s, ante denuncias de supuestas presiones para forzar la salida del exjefe policial, Bilbao afirm\u00f3 que las distintas versiones y rumores alrededor de varios temas relacionados con la actual administraci\u00f3n, son producto de que se ha entrado a cambiar veinte a\u00f1os de retroceso en Bolivia, tanto en t\u00e9rminos pol\u00edticos, econ\u00f3micos, como sociales. \u201cHoy eso a muchos no les ha gustado y nos atacan de todos los frentes porque se oponen a la transformaci\u00f3n que se quiere hacer\u201d, a\u00f1adi\u00f3.<\/p>\n<p>Desde la oposici\u00f3n, el jefe de bancada por la alianza Libre en la C\u00e1mara de Diputados, Rafael L\u00f3pez, se refiri\u00f3 a la renuncia Mirko Sokol como una se\u00f1al de que la exautoridad policial nunca quiso ser parte de una eventual captura del l\u00edder cocalero Evo Morales.<\/p>\n<p>\u201cSokol se va por qu\u00e9 no quiere participar en el operativo de captura a Evo Morales, no quiere ser parte de la captura del que fue su Patr\u00f3n\u201d, sostuvo el asamble\u00edsta, a trav\u00e9s de sus redes sociales.<\/p>\n","protected":false},"excerpt":{"rendered":"<p>Tras la renuncia del comandante general de la Polic\u00eda, legisladores de oficialismo y oposici\u00f3n afirmaron que la gran deuda de la exautoridad policial es no haber priorizado y ejecutado la orden de aprehensi\u00f3n pendiente contra Evo Morales, actitud contraria a su alto cargo y un hecho que gener\u00f3 malestar y molestia en la poblaci\u00f3n boliviana. [&hellip;]<\/p>\n","protected":false},"author":1,"featured_media":426588,"comment_status":"closed","ping_status":"open","sticky":false,"template":"","format":"standard","meta":{"_acf_changed":false,"footnotes":""},"categories":[14],"tags":[],"class_list":["post-426587","post","type-post","status-publish","format-standard","has-post-thumbnail","category-politica"],"acf":{"antetitulo":"Asamble\u00edsta Claudia Biobao"},"yoast_head":"<!-- This site is optimized with the Yoast SEO plugin v28.3 - https:\/\/yoast.com\/product\/yoast-seo-wordpress\/ -->\n<title>Ejecutar la aprehensi\u00f3n de Morales es deuda de Sokol - El Diario - Bolivia<\/title>\n<meta name=\"robots\" content=\"index, follow, max-snippet:-1, max-image-preview:large, max-video-preview:-1\" \/>\n<link rel=\"canonical\" href=\"https:\/\/www.eldiario.net\/portal\/2026\/09\/01\/ejecutar-la-aprehension-de-morales-es-deuda-de-sokol\/\" \/>\n<meta property=\"og:locale\" content=\"es_ES\" \/>\n<meta property=\"og:type\" content=\"article\" \/>\n<meta property=\"og:title\" content=\"Ejecutar la aprehensi\u00f3n de Morales es deuda de Sokol - El Diario - Bolivia\" \/>\n<meta property=\"og:description\" content=\"Tras la renuncia del comandante general de la Polic\u00eda, legisladores de oficialismo y oposici\u00f3n afirmaron que la gran deuda de la exautoridad policial es no haber priorizado y ejecutado la orden de aprehensi\u00f3n pendiente contra Evo Morales, actitud contraria a su alto cargo y un hecho que gener\u00f3 malestar y molestia en la poblaci\u00f3n boliviana. [&hellip;]\" \/>\n<meta property=\"og:url\" content=\"https:\/\/www.eldiario.net\/portal\/2026\/09\/01\/ejecutar-la-aprehension-de-morales-es-deuda-de-sokol\/\" \/>\n<meta property=\"og:site_name\" content=\"El Diario - Bolivia\" \/>\n<meta property=\"article:publisher\" content=\"https:\/\/www.facebook.com\/eldiario.bolivia\/\" \/>\n<meta property=\"article:published_time\" content=\"2026-09-01T10:21:55+00:00\" \/>\n<meta property=\"og:image\" content=\"https:\/\/www.eldiario.net\/portal\/wp-content\/uploads\/2026\/09\/DEUDA-FOTO.webp\" \/>\n\t<meta property=\"og:image:width\" content=\"1280\" \/>\n\t<meta property=\"og:image:height\" content=\"1008\" \/>\n\t<meta property=\"og:image:type\" content=\"image\/webp\" \/>\n<meta name=\"author\" content=\"Jeanette\" \/>\n<meta name=\"twitter:card\" content=\"summary_large_image\" \/>\n<meta name=\"twitter:creator\" content=\"@eldiario_net\" \/>\n<meta name=\"twitter:site\" content=\"@eldiario_net\" \/>\n<meta name=\"twitter:label1\" content=\"Escrito por\" \/>\n\t<meta name=\"twitter:data1\" content=\"Jeanette\" \/>\n\t<meta name=\"twitter:label2\" content=\"Tiempo de lectura\" \/>\n\t<meta name=\"twitter:data2\" content=\"2 minutos\" \/>\n<script type=\"application\/ld+json\" class=\"yoast-schema-graph\">{\"@context\":\"https:\\\/\\\/schema.org\",\"@graph\":[{\"@type\":\"Article\",\"@id\":\"https:\\\/\\\/www.eldiario.net\\\/portal\\\/2026\\\/09\\\/01\\\/ejecutar-la-aprehension-de-morales-es-deuda-de-sokol\\\/#article\",\"isPartOf\":{\"@id\":\"https:\\\/\\\/www.eldiario.net\\\/portal\\\/2026\\\/09\\\/01\\\/ejecutar-la-aprehension-de-morales-es-deuda-de-sokol\\\/\"},\"author\":{\"name\":\"Jeanette\",\"@id\":\"https:\\\/\\\/www.eldiario.net\\\/portal\\\/#\\\/schema\\\/person\\\/f46445640444750d7d753ccd04ae01b7\"},\"headline\":\"Ejecutar la aprehensi\u00f3n de Morales es deuda de Sokol\",\"datePublished\":\"2026-09-01T10:21:55+00:00\",\"mainEntityOfPage\":{\"@id\":\"https:\\\/\\\/www.eldiario.net\\\/portal\\\/2026\\\/09\\\/01\\\/ejecutar-la-aprehension-de-morales-es-deuda-de-sokol\\\/\"},\"wordCount\":384,\"publisher\":{\"@id\":\"https:\\\/\\\/www.eldiario.net\\\/portal\\\/#organization\"},\"image\":{\"@id\":\"https:\\\/\\\/www.eldiario.net\\\/portal\\\/2026\\\/09\\\/01\\\/ejecutar-la-aprehension-de-morales-es-deuda-de-sokol\\\/#primaryimage\"},\"thumbnailUrl\":\"https:\\\/\\\/www.eldiario.net\\\/portal\\\/wp-content\\\/uploads\\\/2026\\\/09\\\/DEUDA-FOTO.webp\",\"articleSection\":[\"Pol\u00edtica\"],\"inLanguage\":\"es\"},{\"@type\":\"WebPage\",\"@id\":\"https:\\\/\\\/www.eldiario.net\\\/portal\\\/2026\\\/09\\\/01\\\/ejecutar-la-aprehension-de-morales-es-deuda-de-sokol\\\/\",\"url\":\"https:\\\/\\\/www.eldiario.net\\\/portal\\\/2026\\\/09\\\/01\\\/ejecutar-la-aprehension-de-morales-es-deuda-de-sokol\\\/\",\"name\":\"Ejecutar la aprehensi\u00f3n de Morales es deuda de Sokol - El Diario - Bolivia\",\"isPartOf\":{\"@id\":\"https:\\\/\\\/www.eldiario.net\\\/portal\\\/#website\"},\"primaryImageOfPage\":{\"@id\":\"https:\\\/\\\/www.eldiario.net\\\/portal\\\/2026\\\/09\\\/01\\\/ejecutar-la-aprehension-de-morales-es-deuda-de-sokol\\\/#primaryimage\"},\"image\":{\"@id\":\"https:\\\/\\\/www.eldiario.net\\\/portal\\\/2026\\\/09\\\/01\\\/ejecutar-la-aprehension-de-morales-es-deuda-de-sokol\\\/#primaryimage\"},\"thumbnailUrl\":\"https:\\\/\\\/www.eldiario.net\\\/portal\\\/wp-content\\\/uploads\\\/2026\\\/09\\\/DEUDA-FOTO.webp\",\"datePublished\":\"2026-09-01T10:21:55+00:00\",\"breadcrumb\":{\"@id\":\"https:\\\/\\\/www.eldiario.net\\\/portal\\\/2026\\\/09\\\/01\\\/ejecutar-la-aprehension-de-morales-es-deuda-de-sokol\\\/#breadcrumb\"},\"inLanguage\":\"es\",\"potentialAction\":[{\"@type\":\"ReadAction\",\"target\":[\"https:\\\/\\\/www.eldiario.net\\\/portal\\\/2026\\\/09\\\/01\\\/ejecutar-la-aprehension-de-morales-es-deuda-de-sokol\\\/\"]}]},{\"@type\":\"ImageObject\",\"inLanguage\":\"es\",\"@id\":\"https:\\\/\\\/www.eldiario.net\\\/portal\\\/2026\\\/09\\\/01\\\/ejecutar-la-aprehension-de-morales-es-deuda-de-sokol\\\/#primaryimage\",\"url\":\"https:\\\/\\\/www.eldiario.net\\\/portal\\\/wp-content\\\/uploads\\\/2026\\\/09\\\/DEUDA-FOTO.webp\",\"contentUrl\":\"https:\\\/\\\/www.eldiario.net\\\/portal\\\/wp-content\\\/uploads\\\/2026\\\/09\\\/DEUDA-FOTO.webp\",\"width\":1280,\"height\":1008,\"caption\":\"Mirko Sokol, excomandante de la Polic\u00eda Boliviana. CREDITOS \\\/ RRSS\"},{\"@type\":\"BreadcrumbList\",\"@id\":\"https:\\\/\\\/www.eldiario.net\\\/portal\\\/2026\\\/09\\\/01\\\/ejecutar-la-aprehension-de-morales-es-deuda-de-sokol\\\/#breadcrumb\",\"itemListElement\":[{\"@type\":\"ListItem\",\"position\":1,\"name\":\"Portada\",\"item\":\"https:\\\/\\\/www.eldiario.net\\\/portal\\\/\"},{\"@type\":\"ListItem\",\"position\":2,\"name\":\"Ejecutar la aprehensi\u00f3n de Morales es deuda de Sokol\"}]},{\"@type\":\"WebSite\",\"@id\":\"https:\\\/\\\/www.eldiario.net\\\/portal\\\/#website\",\"url\":\"https:\\\/\\\/www.eldiario.net\\\/portal\\\/\",\"name\":\"El Diario - Decano de la prensa nacional\",\"description\":\"El Diario - Decano de la prensa nacional\",\"publisher\":{\"@id\":\"https:\\\/\\\/www.eldiario.net\\\/portal\\\/#organization\"},\"potentialAction\":[{\"@type\":\"SearchAction\",\"target\":{\"@type\":\"EntryPoint\",\"urlTemplate\":\"https:\\\/\\\/www.eldiario.net\\\/portal\\\/?s={search_term_string}\"},\"query-input\":{\"@type\":\"PropertyValueSpecification\",\"valueRequired\":true,\"valueName\":\"search_term_string\"}}],\"inLanguage\":\"es\"},{\"@type\":\"Organization\",\"@id\":\"https:\\\/\\\/www.eldiario.net\\\/portal\\\/#organization\",\"name\":\"El Diario - Decano de la prensa nacional\",\"url\":\"https:\\\/\\\/www.eldiario.net\\\/portal\\\/\",\"logo\":{\"@type\":\"ImageObject\",\"inLanguage\":\"es\",\"@id\":\"https:\\\/\\\/www.eldiario.net\\\/portal\\\/#\\\/schema\\\/logo\\\/image\\\/\",\"url\":\"https:\\\/\\\/www.eldiario.net\\\/portal\\\/wp-content\\\/uploads\\\/2023\\\/07\\\/logo_ED.jpg\",\"contentUrl\":\"https:\\\/\\\/www.eldiario.net\\\/portal\\\/wp-content\\\/uploads\\\/2023\\\/07\\\/logo_ED.jpg\",\"width\":272,\"height\":52,\"caption\":\"El Diario - Decano de la prensa nacional\"},\"image\":{\"@id\":\"https:\\\/\\\/www.eldiario.net\\\/portal\\\/#\\\/schema\\\/logo\\\/image\\\/\"},\"sameAs\":[\"https:\\\/\\\/www.facebook.com\\\/eldiario.bolivia\\\/\",\"https:\\\/\\\/x.com\\\/eldiario_net\"]},{\"@type\":\"Person\",\"@id\":\"https:\\\/\\\/www.eldiario.net\\\/portal\\\/#\\\/schema\\\/person\\\/f46445640444750d7d753ccd04ae01b7\",\"name\":\"Jeanette\",\"image\":{\"@type\":\"ImageObject\",\"inLanguage\":\"es\",\"@id\":\"https:\\\/\\\/secure.gravatar.com\\\/avatar\\\/3ea2118a5f7dad2b7138b1187a6b7ee55f160b9968b66013c3a3ef39dd7e5798?s=96&d=mm&r=g\",\"url\":\"https:\\\/\\\/secure.gravatar.com\\\/avatar\\\/3ea2118a5f7dad2b7138b1187a6b7ee55f160b9968b66013c3a3ef39dd7e5798?s=96&d=mm&r=g\",\"contentUrl\":\"https:\\\/\\\/secure.gravatar.com\\\/avatar\\\/3ea2118a5f7dad2b7138b1187a6b7ee55f160b9968b66013c3a3ef39dd7e5798?s=96&d=mm&r=g\",\"caption\":\"Jeanette\"},\"sameAs\":[\"https:\\\/\\\/www.eldiario.net\\\/portal\"],\"url\":\"https:\\\/\\\/www.eldiario.net\\\/portal\\\/author\\\/jeanette\\\/\"}]}<\/script>\n<!-- \/ Yoast SEO plugin. -->","yoast_head_json":{"title":"Ejecutar la aprehensi\u00f3n de Morales es deuda de Sokol - El Diario - Bolivia","robots":{"index":"index","follow":"follow","max-snippet":"max-snippet:-1","max-image-preview":"max-image-preview:large","max-video-preview":"max-video-preview:-1"},"canonical":"https:\/\/www.eldiario.net\/portal\/2026\/09\/01\/ejecutar-la-aprehension-de-morales-es-deuda-de-sokol\/","og_locale":"es_ES","og_type":"article","og_title":"Ejecutar la aprehensi\u00f3n de Morales es deuda de Sokol - El Diario - Bolivia","og_description":"Tras la renuncia del comandante general de la Polic\u00eda, legisladores de oficialismo y oposici\u00f3n afirmaron que la gran deuda de la exautoridad policial es no haber priorizado y ejecutado la orden de aprehensi\u00f3n pendiente contra Evo Morales, actitud contraria a su alto cargo y un hecho que gener\u00f3 malestar y molestia en la poblaci\u00f3n boliviana. [&hellip;]","og_url":"https:\/\/www.eldiario.net\/portal\/2026\/09\/01\/ejecutar-la-aprehension-de-morales-es-deuda-de-sokol\/","og_site_name":"El Diario - Bolivia","article_publisher":"https:\/\/www.facebook.com\/eldiario.bolivia\/","article_published_time":"2026-09-01T10:21:55+00:00","og_image":[{"width":1280,"height":1008,"url":"https:\/\/www.eldiario.net\/portal\/wp-content\/uploads\/2026\/09\/DEUDA-FOTO.webp","type":"image\/webp"}],"author":"Jeanette","twitter_card":"summary_large_image","twitter_creator":"@eldiario_net","twitter_site":"@eldiario_net","twitter_misc":{"Escrito por":"Jeanette","Tiempo de lectura":"2 minutos"},"schema":{"@context":"https:\/\/schema.org","@graph":[{"@type":"Article","@id":"https:\/\/www.eldiario.net\/portal\/2026\/09\/01\/ejecutar-la-aprehension-de-morales-es-deuda-de-sokol\/#article","isPartOf":{"@id":"https:\/\/www.eldiario.net\/portal\/2026\/09\/01\/ejecutar-la-aprehension-de-morales-es-deuda-de-sokol\/"},"author":{"name":"Jeanette","@id":"https:\/\/www.eldiario.net\/portal\/#\/schema\/person\/f46445640444750d7d753ccd04ae01b7"},"headline":"Ejecutar la aprehensi\u00f3n de Morales es deuda de Sokol","datePublished":"2026-09-01T10:21:55+00:00","mainEntityOfPage":{"@id":"https:\/\/www.eldiario.net\/portal\/2026\/09\/01\/ejecutar-la-aprehension-de-morales-es-deuda-de-sokol\/"},"wordCount":384,"publisher":{"@id":"https:\/\/www.eldiario.net\/portal\/#organization"},"image":{"@id":"https:\/\/www.eldiario.net\/portal\/2026\/09\/01\/ejecutar-la-aprehension-de-morales-es-deuda-de-sokol\/#primaryimage"},"thumbnailUrl":"https:\/\/www.eldiario.net\/portal\/wp-content\/uploads\/2026\/09\/DEUDA-FOTO.webp","articleSection":["Pol\u00edtica"],"inLanguage":"es"},{"@type":"WebPage","@id":"https:\/\/www.eldiario.net\/portal\/2026\/09\/01\/ejecutar-la-aprehension-de-morales-es-deuda-de-sokol\/","url":"https:\/\/www.eldiario.net\/portal\/2026\/09\/01\/ejecutar-la-aprehension-de-morales-es-deuda-de-sokol\/","name":"Ejecutar la aprehensi\u00f3n de Morales es deuda de Sokol - El Diario - Bolivia","isPartOf":{"@id":"https:\/\/www.eldiario.net\/portal\/#website"},"primaryImageOfPage":{"@id":"https:\/\/www.eldiario.net\/portal\/2026\/09\/01\/ejecutar-la-aprehension-de-morales-es-deuda-de-sokol\/#primaryimage"},"image":{"@id":"https:\/\/www.eldiario.net\/portal\/2026\/09\/01\/ejecutar-la-aprehension-de-morales-es-deuda-de-sokol\/#primaryimage"},"thumbnailUrl":"https:\/\/www.eldiario.net\/portal\/wp-content\/uploads\/2026\/09\/DEUDA-FOTO.webp","datePublished":"2026-09-01T10:21:55+00:00","breadcrumb":{"@id":"https:\/\/www.eldiario.net\/portal\/2026\/09\/01\/ejecutar-la-aprehension-de-morales-es-deuda-de-sokol\/#breadcrumb"},"inLanguage":"es","potentialAction":[{"@type":"ReadAction","target":["https:\/\/www.eldiario.net\/portal\/2026\/09\/01\/ejecutar-la-aprehension-de-morales-es-deuda-de-sokol\/"]}]},{"@type":"ImageObject","inLanguage":"es","@id":"https:\/\/www.eldiario.net\/portal\/2026\/09\/01\/ejecutar-la-aprehension-de-morales-es-deuda-de-sokol\/#primaryimage","url":"https:\/\/www.eldiario.net\/portal\/wp-content\/uploads\/2026\/09\/DEUDA-FOTO.webp","contentUrl":"https:\/\/www.eldiario.net\/portal\/wp-content\/uploads\/2026\/09\/DEUDA-FOTO.webp","width":1280,"height":1008,"caption":"Mirko Sokol, excomandante de la Polic\u00eda Boliviana. CREDITOS \/ RRSS"},{"@type":"BreadcrumbList","@id":"https:\/\/www.eldiario.net\/portal\/2026\/09\/01\/ejecutar-la-aprehension-de-morales-es-deuda-de-sokol\/#breadcrumb","itemListElement":[{"@type":"ListItem","position":1,"name":"Portada","item":"https:\/\/www.eldiario.net\/portal\/"},{"@type":"ListItem","position":2,"name":"Ejecutar la aprehensi\u00f3n de Morales es deuda de Sokol"}]},{"@type":"WebSite","@id":"https:\/\/www.eldiario.net\/portal\/#website","url":"https:\/\/www.eldiario.net\/portal\/","name":"El Diario - Decano de la prensa nacional","description":"El Diario - Decano de la prensa nacional","publisher":{"@id":"https:\/\/www.eldiario.net\/portal\/#organization"},"potentialAction":[{"@type":"SearchAction","target":{"@type":"EntryPoint","urlTemplate":"https:\/\/www.eldiario.net\/portal\/?s={search_term_string}"},"query-input":{"@type":"PropertyValueSpecification","valueRequired":true,"valueName":"search_term_string"}}],"inLanguage":"es"},{"@type":"Organization","@id":"https:\/\/www.eldiario.net\/portal\/#organization","name":"El Diario - Decano de la prensa nacional","url":"https:\/\/www.eldiario.net\/portal\/","logo":{"@type":"ImageObject","inLanguage":"es","@id":"https:\/\/www.eldiario.net\/portal\/#\/schema\/logo\/image\/","url":"https:\/\/www.eldiario.net\/portal\/wp-content\/uploads\/2023\/07\/logo_ED.jpg","contentUrl":"https:\/\/www.eldiario.net\/portal\/wp-content\/uploads\/2023\/07\/logo_ED.jpg","width":272,"height":52,"caption":"El Diario - Decano de la prensa nacional"},"image":{"@id":"https:\/\/www.eldiario.net\/portal\/#\/schema\/logo\/image\/"},"sameAs":["https:\/\/www.facebook.com\/eldiario.bolivia\/","https:\/\/x.com\/eldiario_net"]},{"@type":"Person","@id":"https:\/\/www.eldiario.net\/portal\/#\/schema\/person\/f46445640444750d7d753ccd04ae01b7","name":"Jeanette","image":{"@type":"ImageObject","inLanguage":"es","@id":"https:\/\/secure.gravatar.com\/avatar\/3ea2118a5f7dad2b7138b1187a6b7ee55f160b9968b66013c3a3ef39dd7e5798?s=96&d=mm&r=g","url":"https:\/\/secure.gravatar.com\/avatar\/3ea2118a5f7dad2b7138b1187a6b7ee55f160b9968b66013c3a3ef39dd7e5798?s=96&d=mm&r=g","contentUrl":"https:\/\/secure.gravatar.com\/avatar\/3ea2118a5f7dad2b7138b1187a6b7ee55f160b9968b66013c3a3ef39dd7e5798?s=96&d=mm&r=g","caption":"Jeanette"},"sameAs":["https:\/\/www.eldiario.net\/portal"],"url":"https:\/\/www.eldiario.net\/portal\/author\/jeanette\/"}]}},"_links":{"self":[{"href":"https:\/\/www.eldiario.net\/portal\/wp-json\/wp\/v2\/posts\/426587","targetHints":{"allow":["GET"]}}],"collection":[{"href":"https:\/\/www.eldiario.net\/portal\/wp-json\/wp\/v2\/posts"}],"about":[{"href":"https:\/\/www.eldiario.net\/portal\/wp-json\/wp\/v2\/types\/post"}],"author":[{"embeddable":true,"href":"https:\/\/www.eldiario.net\/portal\/wp-json\/wp\/v2\/users\/1"}],"replies":[{"embeddable":true,"href":"https:\/\/www.eldiario.net\/portal\/wp-json\/wp\/v2\/comments?post=426587"}],"version-history":[{"count":1,"href":"https:\/\/www.eldiario.net\/portal\/wp-json\/wp\/v2\/posts\/426587\/revisions"}],"predecessor-version":[{"id":426589,"href":"https:\/\/www.eldiario.net\/portal\/wp-json\/wp\/v2\/posts\/426587\/revisions\/426589"}],"wp:featuredmedia":[{"embeddable":true,"href":"https:\/\/www.eldiario.net\/portal\/wp-json\/wp\/v2\/media\/426588"}],"wp:attachment":[{"href":"https:\/\/www.eldiario.net\/portal\/wp-json\/wp\/v2\/media?parent=426587"}],"wp:term":[{"taxonomy":"category","embeddable":true,"href":"https:\/\/www.eldiario.net\/portal\/wp-json\/wp\/v2\/categories?post=426587"},{"taxonomy":"post_tag","embeddable":true,"href":"https:\/\/www.eldiario.net\/portal\/wp-json\/wp\/v2\/tags?post=426587"}],"curies":[{"name":"wp","href":"https:\/\/api.w.org\/{rel}","templated":true}]}}