{"id":426584,"date":"2026-09-01T06:20:47","date_gmt":"2026-09-01T10:20:47","guid":{"rendered":"https:\/\/www.eldiario.net\/portal\/?p=426584"},"modified":"2026-09-01T06:20:47","modified_gmt":"2026-09-01T10:20:47","slug":"paz-busca-acercamiento-con-lideres-politicos-para-impulsar-reformas-y-nuevas-leyes","status":"publish","type":"post","link":"https:\/\/www.eldiario.net\/portal\/2026\/09\/01\/paz-busca-acercamiento-con-lideres-politicos-para-impulsar-reformas-y-nuevas-leyes\/","title":{"rendered":"Paz busca acercamiento con l\u00edderes pol\u00edticos  para impulsar reformas y nuevas leyes"},"content":{"rendered":"<p>El presidente del Estado, Rodrigo Paz Pereira, buscar\u00e1 establecer un acercamiento pol\u00edtico con Jorge Quiroga y Samuel Doria Medina, con el prop\u00f3sito de construir acuerdos que permitan alcanzar los dos tercios de la Asamblea Legislativa Plurinacional y avanzar as\u00ed en un paquete de reformas legales y constitucionales.<\/p>\n<p>El mandatario se\u00f1al\u00f3 ayer que la b\u00fasqueda de consensos con ambos l\u00edderes responde a la necesidad de generar condiciones para aprobar normas orientadas a enfrentar la situaci\u00f3n econ\u00f3mica del pa\u00eds y promover una mayor apertura a la inversi\u00f3n.<\/p>\n<p>Paz record\u00f3 que Quiroga ya present\u00f3 una propuesta de reforma a la Constituci\u00f3n Pol\u00edtica del Estado, por lo que anticip\u00f3 que tomar\u00e1 contacto con el excandidato presidencial para evaluar la posibilidad de construir una mayor\u00eda de dos tercios en el Legislativo. No obstante, el presidente marc\u00f3 distancia de la posibilidad de impulsar una modificaci\u00f3n extensa de la Carta Magna y plante\u00f3 concentrarse en cambios puntuales. Advirti\u00f3 que intentar modificar numerosos art\u00edculos podr\u00eda prolongar el proceso y dificultar la aprobaci\u00f3n de las reformas.<\/p>\n<p>En el caso de Doria Medina, Paz destac\u00f3 su disposici\u00f3n para debatir la aprobaci\u00f3n de nuevas leyes y afirm\u00f3 que asumir\u00e1 la iniciativa para abrir un espacio de di\u00e1logo con ese sector pol\u00edtico. Entre las prioridades legislativas mencion\u00f3 la ley de inversiones, mecanismos destinados a generar recursos para la estabilizaci\u00f3n econ\u00f3mica, normas vinculadas al financiamiento del Fondo Monetario Internacional (FMI), adem\u00e1s de medidas relacionadas con la protecci\u00f3n social y la entrega de bonos.<\/p>\n<p>\u201cHay total apertura para hablar con los liderazgos y las bancadas en funci\u00f3n de reformas constitucionales y leyes, como debe ser\u201d, afirm\u00f3 Paz en contacto con periodistas.<\/p>\n<p>En d\u00edas pasados Unidad Nacional \u2013partido de Samuel Doria Medina y la base de la alianza Unidad\u2013 reclam\u00f3 al gobierno un cambio en la conducci\u00f3n del pa\u00eds y la adopci\u00f3n de medidas urgentes frente a la crisis pol\u00edtica y econ\u00f3mica.<\/p>\n<p>En un pronunciamiento, el frente sostuvo que la administraci\u00f3n de Paz atraviesa un momento en el que \u201cya no tiene margen de error\u201d y demand\u00f3 modificaciones tanto en la estrategia pol\u00edtica como en las decisiones adoptadas por el Ejecutivo.<\/p>\n<p>La organizaci\u00f3n pol\u00edtica expres\u00f3 adem\u00e1s su preocupaci\u00f3n por las repercusiones del caso Fernando Cerimedo y por la incertidumbre que, seg\u00fan su evaluaci\u00f3n, existe en torno a la conducci\u00f3n del Estado.<\/p>\n<p>UN advirti\u00f3 que la situaci\u00f3n podr\u00eda profundizar el cuestionamiento ciudadano hacia el Gobierno y las instituciones, adem\u00e1s de generar un escenario de \u201canomia\u201d caracterizado por una p\u00e9rdida de legitimidad y capacidad de conducci\u00f3n de las autoridades. (Br\u00fajula Digital)<\/p>\n","protected":false},"excerpt":{"rendered":"<p>El presidente del Estado, Rodrigo Paz Pereira, buscar\u00e1 establecer un acercamiento pol\u00edtico con Jorge Quiroga y Samuel Doria Medina, con el prop\u00f3sito de construir acuerdos que permitan alcanzar los dos tercios de la Asamblea Legislativa Plurinacional y avanzar as\u00ed en un paquete de reformas legales y constitucionales. El mandatario se\u00f1al\u00f3 ayer que la b\u00fasqueda de [&hellip;]<\/p>\n","protected":false},"author":1,"featured_media":426585,"comment_status":"closed","ping_status":"open","sticky":false,"template":"","format":"standard","meta":{"_acf_changed":false,"footnotes":""},"categories":[14],"tags":[],"class_list":["post-426584","post","type-post","status-publish","format-standard","has-post-thumbnail","category-politica"],"acf":{"antetitulo":""},"yoast_head":"<!-- This site is optimized with the Yoast SEO plugin v28.3 - https:\/\/yoast.com\/product\/yoast-seo-wordpress\/ -->\n<title>Paz busca acercamiento con l\u00edderes pol\u00edticos para impulsar reformas y nuevas leyes - El Diario - Bolivia<\/title>\n<meta name=\"robots\" content=\"index, follow, max-snippet:-1, max-image-preview:large, max-video-preview:-1\" \/>\n<link rel=\"canonical\" href=\"https:\/\/www.eldiario.net\/portal\/2026\/09\/01\/paz-busca-acercamiento-con-lideres-politicos-para-impulsar-reformas-y-nuevas-leyes\/\" \/>\n<meta property=\"og:locale\" content=\"es_ES\" \/>\n<meta property=\"og:type\" content=\"article\" \/>\n<meta property=\"og:title\" content=\"Paz busca acercamiento con l\u00edderes pol\u00edticos para impulsar reformas y nuevas leyes - El Diario - Bolivia\" \/>\n<meta property=\"og:description\" content=\"El presidente del Estado, Rodrigo Paz Pereira, buscar\u00e1 establecer un acercamiento pol\u00edtico con Jorge Quiroga y Samuel Doria Medina, con el prop\u00f3sito de construir acuerdos que permitan alcanzar los dos tercios de la Asamblea Legislativa Plurinacional y avanzar as\u00ed en un paquete de reformas legales y constitucionales. El mandatario se\u00f1al\u00f3 ayer que la b\u00fasqueda de [&hellip;]\" \/>\n<meta property=\"og:url\" content=\"https:\/\/www.eldiario.net\/portal\/2026\/09\/01\/paz-busca-acercamiento-con-lideres-politicos-para-impulsar-reformas-y-nuevas-leyes\/\" \/>\n<meta property=\"og:site_name\" content=\"El Diario - Bolivia\" \/>\n<meta property=\"article:publisher\" content=\"https:\/\/www.facebook.com\/eldiario.bolivia\/\" \/>\n<meta property=\"article:published_time\" content=\"2026-09-01T10:20:47+00:00\" \/>\n<meta property=\"og:image\" content=\"https:\/\/www.eldiario.net\/portal\/wp-content\/uploads\/2026\/09\/IMPULSO-FOTO.webp\" \/>\n\t<meta property=\"og:image:width\" content=\"778\" \/>\n\t<meta property=\"og:image:height\" content=\"480\" \/>\n\t<meta property=\"og:image:type\" content=\"image\/webp\" \/>\n<meta name=\"author\" content=\"Jeanette\" \/>\n<meta name=\"twitter:card\" content=\"summary_large_image\" \/>\n<meta name=\"twitter:creator\" content=\"@eldiario_net\" \/>\n<meta name=\"twitter:site\" content=\"@eldiario_net\" \/>\n<meta name=\"twitter:label1\" content=\"Escrito por\" \/>\n\t<meta name=\"twitter:data1\" content=\"Jeanette\" \/>\n\t<meta name=\"twitter:label2\" content=\"Tiempo de lectura\" \/>\n\t<meta name=\"twitter:data2\" content=\"3 minutos\" \/>\n<script type=\"application\/ld+json\" class=\"yoast-schema-graph\">{\"@context\":\"https:\\\/\\\/schema.org\",\"@graph\":[{\"@type\":\"Article\",\"@id\":\"https:\\\/\\\/www.eldiario.net\\\/portal\\\/2026\\\/09\\\/01\\\/paz-busca-acercamiento-con-lideres-politicos-para-impulsar-reformas-y-nuevas-leyes\\\/#article\",\"isPartOf\":{\"@id\":\"https:\\\/\\\/www.eldiario.net\\\/portal\\\/2026\\\/09\\\/01\\\/paz-busca-acercamiento-con-lideres-politicos-para-impulsar-reformas-y-nuevas-leyes\\\/\"},\"author\":{\"name\":\"Jeanette\",\"@id\":\"https:\\\/\\\/www.eldiario.net\\\/portal\\\/#\\\/schema\\\/person\\\/f46445640444750d7d753ccd04ae01b7\"},\"headline\":\"Paz busca acercamiento con l\u00edderes pol\u00edticos para impulsar reformas y nuevas leyes\",\"datePublished\":\"2026-09-01T10:20:47+00:00\",\"mainEntityOfPage\":{\"@id\":\"https:\\\/\\\/www.eldiario.net\\\/portal\\\/2026\\\/09\\\/01\\\/paz-busca-acercamiento-con-lideres-politicos-para-impulsar-reformas-y-nuevas-leyes\\\/\"},\"wordCount\":474,\"publisher\":{\"@id\":\"https:\\\/\\\/www.eldiario.net\\\/portal\\\/#organization\"},\"image\":{\"@id\":\"https:\\\/\\\/www.eldiario.net\\\/portal\\\/2026\\\/09\\\/01\\\/paz-busca-acercamiento-con-lideres-politicos-para-impulsar-reformas-y-nuevas-leyes\\\/#primaryimage\"},\"thumbnailUrl\":\"https:\\\/\\\/www.eldiario.net\\\/portal\\\/wp-content\\\/uploads\\\/2026\\\/09\\\/IMPULSO-FOTO.webp\",\"articleSection\":[\"Pol\u00edtica\"],\"inLanguage\":\"es\"},{\"@type\":\"WebPage\",\"@id\":\"https:\\\/\\\/www.eldiario.net\\\/portal\\\/2026\\\/09\\\/01\\\/paz-busca-acercamiento-con-lideres-politicos-para-impulsar-reformas-y-nuevas-leyes\\\/\",\"url\":\"https:\\\/\\\/www.eldiario.net\\\/portal\\\/2026\\\/09\\\/01\\\/paz-busca-acercamiento-con-lideres-politicos-para-impulsar-reformas-y-nuevas-leyes\\\/\",\"name\":\"Paz busca acercamiento con l\u00edderes pol\u00edticos para impulsar reformas y nuevas leyes - El Diario - Bolivia\",\"isPartOf\":{\"@id\":\"https:\\\/\\\/www.eldiario.net\\\/portal\\\/#website\"},\"primaryImageOfPage\":{\"@id\":\"https:\\\/\\\/www.eldiario.net\\\/portal\\\/2026\\\/09\\\/01\\\/paz-busca-acercamiento-con-lideres-politicos-para-impulsar-reformas-y-nuevas-leyes\\\/#primaryimage\"},\"image\":{\"@id\":\"https:\\\/\\\/www.eldiario.net\\\/portal\\\/2026\\\/09\\\/01\\\/paz-busca-acercamiento-con-lideres-politicos-para-impulsar-reformas-y-nuevas-leyes\\\/#primaryimage\"},\"thumbnailUrl\":\"https:\\\/\\\/www.eldiario.net\\\/portal\\\/wp-content\\\/uploads\\\/2026\\\/09\\\/IMPULSO-FOTO.webp\",\"datePublished\":\"2026-09-01T10:20:47+00:00\",\"breadcrumb\":{\"@id\":\"https:\\\/\\\/www.eldiario.net\\\/portal\\\/2026\\\/09\\\/01\\\/paz-busca-acercamiento-con-lideres-politicos-para-impulsar-reformas-y-nuevas-leyes\\\/#breadcrumb\"},\"inLanguage\":\"es\",\"potentialAction\":[{\"@type\":\"ReadAction\",\"target\":[\"https:\\\/\\\/www.eldiario.net\\\/portal\\\/2026\\\/09\\\/01\\\/paz-busca-acercamiento-con-lideres-politicos-para-impulsar-reformas-y-nuevas-leyes\\\/\"]}]},{\"@type\":\"ImageObject\",\"inLanguage\":\"es\",\"@id\":\"https:\\\/\\\/www.eldiario.net\\\/portal\\\/2026\\\/09\\\/01\\\/paz-busca-acercamiento-con-lideres-politicos-para-impulsar-reformas-y-nuevas-leyes\\\/#primaryimage\",\"url\":\"https:\\\/\\\/www.eldiario.net\\\/portal\\\/wp-content\\\/uploads\\\/2026\\\/09\\\/IMPULSO-FOTO.webp\",\"contentUrl\":\"https:\\\/\\\/www.eldiario.net\\\/portal\\\/wp-content\\\/uploads\\\/2026\\\/09\\\/IMPULSO-FOTO.webp\",\"width\":778,\"height\":480,\"caption\":\"Rodrigo Paz, Jorque Quiroga y Samuel Doria Medina. Foto: Erbol\"},{\"@type\":\"BreadcrumbList\",\"@id\":\"https:\\\/\\\/www.eldiario.net\\\/portal\\\/2026\\\/09\\\/01\\\/paz-busca-acercamiento-con-lideres-politicos-para-impulsar-reformas-y-nuevas-leyes\\\/#breadcrumb\",\"itemListElement\":[{\"@type\":\"ListItem\",\"position\":1,\"name\":\"Portada\",\"item\":\"https:\\\/\\\/www.eldiario.net\\\/portal\\\/\"},{\"@type\":\"ListItem\",\"position\":2,\"name\":\"Paz busca acercamiento con l\u00edderes pol\u00edticos para impulsar reformas y nuevas leyes\"}]},{\"@type\":\"WebSite\",\"@id\":\"https:\\\/\\\/www.eldiario.net\\\/portal\\\/#website\",\"url\":\"https:\\\/\\\/www.eldiario.net\\\/portal\\\/\",\"name\":\"El Diario - Decano de la prensa nacional\",\"description\":\"El Diario - Decano de la prensa nacional\",\"publisher\":{\"@id\":\"https:\\\/\\\/www.eldiario.net\\\/portal\\\/#organization\"},\"potentialAction\":[{\"@type\":\"SearchAction\",\"target\":{\"@type\":\"EntryPoint\",\"urlTemplate\":\"https:\\\/\\\/www.eldiario.net\\\/portal\\\/?s={search_term_string}\"},\"query-input\":{\"@type\":\"PropertyValueSpecification\",\"valueRequired\":true,\"valueName\":\"search_term_string\"}}],\"inLanguage\":\"es\"},{\"@type\":\"Organization\",\"@id\":\"https:\\\/\\\/www.eldiario.net\\\/portal\\\/#organization\",\"name\":\"El Diario - Decano de la prensa nacional\",\"url\":\"https:\\\/\\\/www.eldiario.net\\\/portal\\\/\",\"logo\":{\"@type\":\"ImageObject\",\"inLanguage\":\"es\",\"@id\":\"https:\\\/\\\/www.eldiario.net\\\/portal\\\/#\\\/schema\\\/logo\\\/image\\\/\",\"url\":\"https:\\\/\\\/www.eldiario.net\\\/portal\\\/wp-content\\\/uploads\\\/2023\\\/07\\\/logo_ED.jpg\",\"contentUrl\":\"https:\\\/\\\/www.eldiario.net\\\/portal\\\/wp-content\\\/uploads\\\/2023\\\/07\\\/logo_ED.jpg\",\"width\":272,\"height\":52,\"caption\":\"El Diario - Decano de la prensa nacional\"},\"image\":{\"@id\":\"https:\\\/\\\/www.eldiario.net\\\/portal\\\/#\\\/schema\\\/logo\\\/image\\\/\"},\"sameAs\":[\"https:\\\/\\\/www.facebook.com\\\/eldiario.bolivia\\\/\",\"https:\\\/\\\/x.com\\\/eldiario_net\"]},{\"@type\":\"Person\",\"@id\":\"https:\\\/\\\/www.eldiario.net\\\/portal\\\/#\\\/schema\\\/person\\\/f46445640444750d7d753ccd04ae01b7\",\"name\":\"Jeanette\",\"image\":{\"@type\":\"ImageObject\",\"inLanguage\":\"es\",\"@id\":\"https:\\\/\\\/secure.gravatar.com\\\/avatar\\\/3ea2118a5f7dad2b7138b1187a6b7ee55f160b9968b66013c3a3ef39dd7e5798?s=96&d=mm&r=g\",\"url\":\"https:\\\/\\\/secure.gravatar.com\\\/avatar\\\/3ea2118a5f7dad2b7138b1187a6b7ee55f160b9968b66013c3a3ef39dd7e5798?s=96&d=mm&r=g\",\"contentUrl\":\"https:\\\/\\\/secure.gravatar.com\\\/avatar\\\/3ea2118a5f7dad2b7138b1187a6b7ee55f160b9968b66013c3a3ef39dd7e5798?s=96&d=mm&r=g\",\"caption\":\"Jeanette\"},\"sameAs\":[\"https:\\\/\\\/www.eldiario.net\\\/portal\"],\"url\":\"https:\\\/\\\/www.eldiario.net\\\/portal\\\/author\\\/jeanette\\\/\"}]}<\/script>\n<!-- \/ Yoast SEO plugin. -->","yoast_head_json":{"title":"Paz busca acercamiento con l\u00edderes pol\u00edticos para impulsar reformas y nuevas leyes - El Diario - Bolivia","robots":{"index":"index","follow":"follow","max-snippet":"max-snippet:-1","max-image-preview":"max-image-preview:large","max-video-preview":"max-video-preview:-1"},"canonical":"https:\/\/www.eldiario.net\/portal\/2026\/09\/01\/paz-busca-acercamiento-con-lideres-politicos-para-impulsar-reformas-y-nuevas-leyes\/","og_locale":"es_ES","og_type":"article","og_title":"Paz busca acercamiento con l\u00edderes pol\u00edticos para impulsar reformas y nuevas leyes - El Diario - Bolivia","og_description":"El presidente del Estado, Rodrigo Paz Pereira, buscar\u00e1 establecer un acercamiento pol\u00edtico con Jorge Quiroga y Samuel Doria Medina, con el prop\u00f3sito de construir acuerdos que permitan alcanzar los dos tercios de la Asamblea Legislativa Plurinacional y avanzar as\u00ed en un paquete de reformas legales y constitucionales. El mandatario se\u00f1al\u00f3 ayer que la b\u00fasqueda de [&hellip;]","og_url":"https:\/\/www.eldiario.net\/portal\/2026\/09\/01\/paz-busca-acercamiento-con-lideres-politicos-para-impulsar-reformas-y-nuevas-leyes\/","og_site_name":"El Diario - Bolivia","article_publisher":"https:\/\/www.facebook.com\/eldiario.bolivia\/","article_published_time":"2026-09-01T10:20:47+00:00","og_image":[{"width":778,"height":480,"url":"https:\/\/www.eldiario.net\/portal\/wp-content\/uploads\/2026\/09\/IMPULSO-FOTO.webp","type":"image\/webp"}],"author":"Jeanette","twitter_card":"summary_large_image","twitter_creator":"@eldiario_net","twitter_site":"@eldiario_net","twitter_misc":{"Escrito por":"Jeanette","Tiempo de lectura":"3 minutos"},"schema":{"@context":"https:\/\/schema.org","@graph":[{"@type":"Article","@id":"https:\/\/www.eldiario.net\/portal\/2026\/09\/01\/paz-busca-acercamiento-con-lideres-politicos-para-impulsar-reformas-y-nuevas-leyes\/#article","isPartOf":{"@id":"https:\/\/www.eldiario.net\/portal\/2026\/09\/01\/paz-busca-acercamiento-con-lideres-politicos-para-impulsar-reformas-y-nuevas-leyes\/"},"author":{"name":"Jeanette","@id":"https:\/\/www.eldiario.net\/portal\/#\/schema\/person\/f46445640444750d7d753ccd04ae01b7"},"headline":"Paz busca acercamiento con l\u00edderes pol\u00edticos para impulsar reformas y nuevas leyes","datePublished":"2026-09-01T10:20:47+00:00","mainEntityOfPage":{"@id":"https:\/\/www.eldiario.net\/portal\/2026\/09\/01\/paz-busca-acercamiento-con-lideres-politicos-para-impulsar-reformas-y-nuevas-leyes\/"},"wordCount":474,"publisher":{"@id":"https:\/\/www.eldiario.net\/portal\/#organization"},"image":{"@id":"https:\/\/www.eldiario.net\/portal\/2026\/09\/01\/paz-busca-acercamiento-con-lideres-politicos-para-impulsar-reformas-y-nuevas-leyes\/#primaryimage"},"thumbnailUrl":"https:\/\/www.eldiario.net\/portal\/wp-content\/uploads\/2026\/09\/IMPULSO-FOTO.webp","articleSection":["Pol\u00edtica"],"inLanguage":"es"},{"@type":"WebPage","@id":"https:\/\/www.eldiario.net\/portal\/2026\/09\/01\/paz-busca-acercamiento-con-lideres-politicos-para-impulsar-reformas-y-nuevas-leyes\/","url":"https:\/\/www.eldiario.net\/portal\/2026\/09\/01\/paz-busca-acercamiento-con-lideres-politicos-para-impulsar-reformas-y-nuevas-leyes\/","name":"Paz busca acercamiento con l\u00edderes pol\u00edticos para impulsar reformas y nuevas leyes - El Diario - Bolivia","isPartOf":{"@id":"https:\/\/www.eldiario.net\/portal\/#website"},"primaryImageOfPage":{"@id":"https:\/\/www.eldiario.net\/portal\/2026\/09\/01\/paz-busca-acercamiento-con-lideres-politicos-para-impulsar-reformas-y-nuevas-leyes\/#primaryimage"},"image":{"@id":"https:\/\/www.eldiario.net\/portal\/2026\/09\/01\/paz-busca-acercamiento-con-lideres-politicos-para-impulsar-reformas-y-nuevas-leyes\/#primaryimage"},"thumbnailUrl":"https:\/\/www.eldiario.net\/portal\/wp-content\/uploads\/2026\/09\/IMPULSO-FOTO.webp","datePublished":"2026-09-01T10:20:47+00:00","breadcrumb":{"@id":"https:\/\/www.eldiario.net\/portal\/2026\/09\/01\/paz-busca-acercamiento-con-lideres-politicos-para-impulsar-reformas-y-nuevas-leyes\/#breadcrumb"},"inLanguage":"es","potentialAction":[{"@type":"ReadAction","target":["https:\/\/www.eldiario.net\/portal\/2026\/09\/01\/paz-busca-acercamiento-con-lideres-politicos-para-impulsar-reformas-y-nuevas-leyes\/"]}]},{"@type":"ImageObject","inLanguage":"es","@id":"https:\/\/www.eldiario.net\/portal\/2026\/09\/01\/paz-busca-acercamiento-con-lideres-politicos-para-impulsar-reformas-y-nuevas-leyes\/#primaryimage","url":"https:\/\/www.eldiario.net\/portal\/wp-content\/uploads\/2026\/09\/IMPULSO-FOTO.webp","contentUrl":"https:\/\/www.eldiario.net\/portal\/wp-content\/uploads\/2026\/09\/IMPULSO-FOTO.webp","width":778,"height":480,"caption":"Rodrigo Paz, Jorque Quiroga y Samuel Doria Medina. Foto: Erbol"},{"@type":"BreadcrumbList","@id":"https:\/\/www.eldiario.net\/portal\/2026\/09\/01\/paz-busca-acercamiento-con-lideres-politicos-para-impulsar-reformas-y-nuevas-leyes\/#breadcrumb","itemListElement":[{"@type":"ListItem","position":1,"name":"Portada","item":"https:\/\/www.eldiario.net\/portal\/"},{"@type":"ListItem","position":2,"name":"Paz busca acercamiento con l\u00edderes pol\u00edticos para impulsar reformas y nuevas leyes"}]},{"@type":"WebSite","@id":"https:\/\/www.eldiario.net\/portal\/#website","url":"https:\/\/www.eldiario.net\/portal\/","name":"El Diario - Decano de la prensa nacional","description":"El Diario - Decano de la prensa nacional","publisher":{"@id":"https:\/\/www.eldiario.net\/portal\/#organization"},"potentialAction":[{"@type":"SearchAction","target":{"@type":"EntryPoint","urlTemplate":"https:\/\/www.eldiario.net\/portal\/?s={search_term_string}"},"query-input":{"@type":"PropertyValueSpecification","valueRequired":true,"valueName":"search_term_string"}}],"inLanguage":"es"},{"@type":"Organization","@id":"https:\/\/www.eldiario.net\/portal\/#organization","name":"El Diario - Decano de la prensa nacional","url":"https:\/\/www.eldiario.net\/portal\/","logo":{"@type":"ImageObject","inLanguage":"es","@id":"https:\/\/www.eldiario.net\/portal\/#\/schema\/logo\/image\/","url":"https:\/\/www.eldiario.net\/portal\/wp-content\/uploads\/2023\/07\/logo_ED.jpg","contentUrl":"https:\/\/www.eldiario.net\/portal\/wp-content\/uploads\/2023\/07\/logo_ED.jpg","width":272,"height":52,"caption":"El Diario - Decano de la prensa nacional"},"image":{"@id":"https:\/\/www.eldiario.net\/portal\/#\/schema\/logo\/image\/"},"sameAs":["https:\/\/www.facebook.com\/eldiario.bolivia\/","https:\/\/x.com\/eldiario_net"]},{"@type":"Person","@id":"https:\/\/www.eldiario.net\/portal\/#\/schema\/person\/f46445640444750d7d753ccd04ae01b7","name":"Jeanette","image":{"@type":"ImageObject","inLanguage":"es","@id":"https:\/\/secure.gravatar.com\/avatar\/3ea2118a5f7dad2b7138b1187a6b7ee55f160b9968b66013c3a3ef39dd7e5798?s=96&d=mm&r=g","url":"https:\/\/secure.gravatar.com\/avatar\/3ea2118a5f7dad2b7138b1187a6b7ee55f160b9968b66013c3a3ef39dd7e5798?s=96&d=mm&r=g","contentUrl":"https:\/\/secure.gravatar.com\/avatar\/3ea2118a5f7dad2b7138b1187a6b7ee55f160b9968b66013c3a3ef39dd7e5798?s=96&d=mm&r=g","caption":"Jeanette"},"sameAs":["https:\/\/www.eldiario.net\/portal"],"url":"https:\/\/www.eldiario.net\/portal\/author\/jeanette\/"}]}},"_links":{"self":[{"href":"https:\/\/www.eldiario.net\/portal\/wp-json\/wp\/v2\/posts\/426584","targetHints":{"allow":["GET"]}}],"collection":[{"href":"https:\/\/www.eldiario.net\/portal\/wp-json\/wp\/v2\/posts"}],"about":[{"href":"https:\/\/www.eldiario.net\/portal\/wp-json\/wp\/v2\/types\/post"}],"author":[{"embeddable":true,"href":"https:\/\/www.eldiario.net\/portal\/wp-json\/wp\/v2\/users\/1"}],"replies":[{"embeddable":true,"href":"https:\/\/www.eldiario.net\/portal\/wp-json\/wp\/v2\/comments?post=426584"}],"version-history":[{"count":1,"href":"https:\/\/www.eldiario.net\/portal\/wp-json\/wp\/v2\/posts\/426584\/revisions"}],"predecessor-version":[{"id":426586,"href":"https:\/\/www.eldiario.net\/portal\/wp-json\/wp\/v2\/posts\/426584\/revisions\/426586"}],"wp:featuredmedia":[{"embeddable":true,"href":"https:\/\/www.eldiario.net\/portal\/wp-json\/wp\/v2\/media\/426585"}],"wp:attachment":[{"href":"https:\/\/www.eldiario.net\/portal\/wp-json\/wp\/v2\/media?parent=426584"}],"wp:term":[{"taxonomy":"category","embeddable":true,"href":"https:\/\/www.eldiario.net\/portal\/wp-json\/wp\/v2\/categories?post=426584"},{"taxonomy":"post_tag","embeddable":true,"href":"https:\/\/www.eldiario.net\/portal\/wp-json\/wp\/v2\/tags?post=426584"}],"curies":[{"name":"wp","href":"https:\/\/api.w.org\/{rel}","templated":true}]}}