{"id":426581,"date":"2026-09-01T06:20:14","date_gmt":"2026-09-01T10:20:14","guid":{"rendered":"https:\/\/www.eldiario.net\/portal\/?p=426581"},"modified":"2026-09-01T06:20:14","modified_gmt":"2026-09-01T10:20:14","slug":"mejorar-leyes-electorales-es-un-compromiso-con-el-pais-2","status":"publish","type":"post","link":"https:\/\/www.eldiario.net\/portal\/2026\/09\/01\/mejorar-leyes-electorales-es-un-compromiso-con-el-pais-2\/","title":{"rendered":"Mejorar leyes electorales es  un compromiso con el pa\u00eds"},"content":{"rendered":"<p>Confirmando que el Tribunal Supremo Electoral (TSE) y los tribunales electorales de los nueve departamentos se reunir\u00e1n esta semana en Cochabamba para iniciar formalmente el proceso de reformas en la normativa electoral, el presidente del ente electoral, Gustavo \u00c1vila, se\u00f1al\u00f3 que la tarea de mejorar la normativa vigente es un compromiso con Bolivia.<\/p>\n<p>\u201cTenemos un compromiso con Bolivia: mejorar nuestras leyes electorales, fortalecer la democracia y garantizar procesos electorales cada vez m\u00e1s transparentes, eficientes y confiables. Esta reforma debe efectuarse con responsabilidad, di\u00e1logo plural y visi\u00f3n de futuro, pensando en las pr\u00f3ximas generaciones y en la consolidaci\u00f3n de una institucionalidad electoral s\u00f3lida e independiente\u201d, expres\u00f3 la autoridad electoral a trav\u00e9s de sus redes sociales.<\/p>\n<p>Adem\u00e1s, \u00c1vila inform\u00f3 que, en las pr\u00f3ximas semanas se ampliar\u00e1 el di\u00e1logo con organizaciones pol\u00edticas, periodistas, pueblos ind\u00edgena originarios campesinos y organizaciones de la sociedad civil.<\/p>\n<p>Desde el TSE se confirm\u00f3 para este mi\u00e9rcoles 2 de septiembre el Encuentro Rumbo a la Reforma Electoral, evento en el que se espera concretar propuestas jur\u00eddicamente viables orientadas al fortalecimiento de la democracia, la transparencia, la representaci\u00f3n pol\u00edtica, la garant\u00eda de los derechos pol\u00edticos y la eficiencia e independencia institucional del OEP.<\/p>\n<p>El encuentro permitir\u00e1 analizar los principales desaf\u00edos que enfrenta actualmente la administraci\u00f3n electoral y abordar\u00e1 temas relacionados con la organizaci\u00f3n de elecciones, el padr\u00f3n electoral, la justicia electoral, la participaci\u00f3n y representaci\u00f3n democr\u00e1tica, as\u00ed como los mecanismos de transparencia y control.<\/p>\n<p>Durante el encuentro tambi\u00e9n se buscar\u00e1 identificar las principales debilidades normativas, institucionales, procedimentales, tecnol\u00f3gicas y operativas del sistema electoral; incorporar temas pendientes y analizar alternativas que permitan construir consensos sobre las reformas prioritarias.<\/p>\n<p>Concluida esta etapa interna, el TSE impulsar\u00e1 espacios abiertos, participativos y plurales con los \u00f3rganos del Estado, organizaciones de la sociedad civil, organizaciones pol\u00edticas y pueblos ind\u00edgenas, con el prop\u00f3sito de recoger sus aportes, enriquecer las propuestas y construir, entre todos los actores involucrados, los consensos necesarios para una reforma electoral que responda a los desaf\u00edos actuales de la democracia boliviana.<\/p>\n","protected":false},"excerpt":{"rendered":"<p>Confirmando que el Tribunal Supremo Electoral (TSE) y los tribunales electorales de los nueve departamentos se reunir\u00e1n esta semana en Cochabamba para iniciar formalmente el proceso de reformas en la normativa electoral, el presidente del ente electoral, Gustavo \u00c1vila, se\u00f1al\u00f3 que la tarea de mejorar la normativa vigente es un compromiso con Bolivia. \u201cTenemos un [&hellip;]<\/p>\n","protected":false},"author":1,"featured_media":426582,"comment_status":"closed","ping_status":"open","sticky":false,"template":"","format":"standard","meta":{"_acf_changed":false,"footnotes":""},"categories":[15],"tags":[],"class_list":["post-426581","post","type-post","status-publish","format-standard","has-post-thumbnail","category-portada"],"acf":{"antetitulo":"Afirma presidente del TSE"},"yoast_head":"<!-- This site is optimized with the Yoast SEO plugin v28.3 - https:\/\/yoast.com\/product\/yoast-seo-wordpress\/ -->\n<title>Mejorar leyes electorales es un compromiso con el pa\u00eds - El Diario - Bolivia<\/title>\n<meta name=\"robots\" content=\"index, follow, max-snippet:-1, max-image-preview:large, max-video-preview:-1\" \/>\n<link rel=\"canonical\" href=\"https:\/\/www.eldiario.net\/portal\/2026\/09\/01\/mejorar-leyes-electorales-es-un-compromiso-con-el-pais-2\/\" \/>\n<meta property=\"og:locale\" content=\"es_ES\" \/>\n<meta property=\"og:type\" content=\"article\" \/>\n<meta property=\"og:title\" content=\"Mejorar leyes electorales es un compromiso con el pa\u00eds - El Diario - Bolivia\" \/>\n<meta property=\"og:description\" content=\"Confirmando que el Tribunal Supremo Electoral (TSE) y los tribunales electorales de los nueve departamentos se reunir\u00e1n esta semana en Cochabamba para iniciar formalmente el proceso de reformas en la normativa electoral, el presidente del ente electoral, Gustavo \u00c1vila, se\u00f1al\u00f3 que la tarea de mejorar la normativa vigente es un compromiso con Bolivia. \u201cTenemos un [&hellip;]\" \/>\n<meta property=\"og:url\" content=\"https:\/\/www.eldiario.net\/portal\/2026\/09\/01\/mejorar-leyes-electorales-es-un-compromiso-con-el-pais-2\/\" \/>\n<meta property=\"og:site_name\" content=\"El Diario - Bolivia\" \/>\n<meta property=\"article:publisher\" content=\"https:\/\/www.facebook.com\/eldiario.bolivia\/\" \/>\n<meta property=\"article:published_time\" content=\"2026-09-01T10:20:14+00:00\" \/>\n<meta property=\"og:image\" content=\"https:\/\/www.eldiario.net\/portal\/wp-content\/uploads\/2026\/09\/MEJORAR-FOTO.webp\" \/>\n\t<meta property=\"og:image:width\" content=\"1638\" \/>\n\t<meta property=\"og:image:height\" content=\"1208\" \/>\n\t<meta property=\"og:image:type\" content=\"image\/webp\" \/>\n<meta name=\"author\" content=\"Jeanette\" \/>\n<meta name=\"twitter:card\" content=\"summary_large_image\" \/>\n<meta name=\"twitter:creator\" content=\"@eldiario_net\" \/>\n<meta name=\"twitter:site\" content=\"@eldiario_net\" \/>\n<meta name=\"twitter:label1\" content=\"Escrito por\" \/>\n\t<meta name=\"twitter:data1\" content=\"Jeanette\" \/>\n\t<meta name=\"twitter:label2\" content=\"Tiempo de lectura\" \/>\n\t<meta name=\"twitter:data2\" content=\"2 minutos\" \/>\n<script type=\"application\/ld+json\" class=\"yoast-schema-graph\">{\"@context\":\"https:\\\/\\\/schema.org\",\"@graph\":[{\"@type\":\"Article\",\"@id\":\"https:\\\/\\\/www.eldiario.net\\\/portal\\\/2026\\\/09\\\/01\\\/mejorar-leyes-electorales-es-un-compromiso-con-el-pais-2\\\/#article\",\"isPartOf\":{\"@id\":\"https:\\\/\\\/www.eldiario.net\\\/portal\\\/2026\\\/09\\\/01\\\/mejorar-leyes-electorales-es-un-compromiso-con-el-pais-2\\\/\"},\"author\":{\"name\":\"Jeanette\",\"@id\":\"https:\\\/\\\/www.eldiario.net\\\/portal\\\/#\\\/schema\\\/person\\\/f46445640444750d7d753ccd04ae01b7\"},\"headline\":\"Mejorar leyes electorales es un compromiso con el pa\u00eds\",\"datePublished\":\"2026-09-01T10:20:14+00:00\",\"mainEntityOfPage\":{\"@id\":\"https:\\\/\\\/www.eldiario.net\\\/portal\\\/2026\\\/09\\\/01\\\/mejorar-leyes-electorales-es-un-compromiso-con-el-pais-2\\\/\"},\"wordCount\":370,\"publisher\":{\"@id\":\"https:\\\/\\\/www.eldiario.net\\\/portal\\\/#organization\"},\"image\":{\"@id\":\"https:\\\/\\\/www.eldiario.net\\\/portal\\\/2026\\\/09\\\/01\\\/mejorar-leyes-electorales-es-un-compromiso-con-el-pais-2\\\/#primaryimage\"},\"thumbnailUrl\":\"https:\\\/\\\/www.eldiario.net\\\/portal\\\/wp-content\\\/uploads\\\/2026\\\/09\\\/MEJORAR-FOTO.webp\",\"articleSection\":[\"Portada\"],\"inLanguage\":\"es\"},{\"@type\":\"WebPage\",\"@id\":\"https:\\\/\\\/www.eldiario.net\\\/portal\\\/2026\\\/09\\\/01\\\/mejorar-leyes-electorales-es-un-compromiso-con-el-pais-2\\\/\",\"url\":\"https:\\\/\\\/www.eldiario.net\\\/portal\\\/2026\\\/09\\\/01\\\/mejorar-leyes-electorales-es-un-compromiso-con-el-pais-2\\\/\",\"name\":\"Mejorar leyes electorales es un compromiso con el pa\u00eds - El Diario - Bolivia\",\"isPartOf\":{\"@id\":\"https:\\\/\\\/www.eldiario.net\\\/portal\\\/#website\"},\"primaryImageOfPage\":{\"@id\":\"https:\\\/\\\/www.eldiario.net\\\/portal\\\/2026\\\/09\\\/01\\\/mejorar-leyes-electorales-es-un-compromiso-con-el-pais-2\\\/#primaryimage\"},\"image\":{\"@id\":\"https:\\\/\\\/www.eldiario.net\\\/portal\\\/2026\\\/09\\\/01\\\/mejorar-leyes-electorales-es-un-compromiso-con-el-pais-2\\\/#primaryimage\"},\"thumbnailUrl\":\"https:\\\/\\\/www.eldiario.net\\\/portal\\\/wp-content\\\/uploads\\\/2026\\\/09\\\/MEJORAR-FOTO.webp\",\"datePublished\":\"2026-09-01T10:20:14+00:00\",\"breadcrumb\":{\"@id\":\"https:\\\/\\\/www.eldiario.net\\\/portal\\\/2026\\\/09\\\/01\\\/mejorar-leyes-electorales-es-un-compromiso-con-el-pais-2\\\/#breadcrumb\"},\"inLanguage\":\"es\",\"potentialAction\":[{\"@type\":\"ReadAction\",\"target\":[\"https:\\\/\\\/www.eldiario.net\\\/portal\\\/2026\\\/09\\\/01\\\/mejorar-leyes-electorales-es-un-compromiso-con-el-pais-2\\\/\"]}]},{\"@type\":\"ImageObject\",\"inLanguage\":\"es\",\"@id\":\"https:\\\/\\\/www.eldiario.net\\\/portal\\\/2026\\\/09\\\/01\\\/mejorar-leyes-electorales-es-un-compromiso-con-el-pais-2\\\/#primaryimage\",\"url\":\"https:\\\/\\\/www.eldiario.net\\\/portal\\\/wp-content\\\/uploads\\\/2026\\\/09\\\/MEJORAR-FOTO.webp\",\"contentUrl\":\"https:\\\/\\\/www.eldiario.net\\\/portal\\\/wp-content\\\/uploads\\\/2026\\\/09\\\/MEJORAR-FOTO.webp\",\"width\":1638,\"height\":1208,\"caption\":\"Gustavo \u00c1vila, presidente del TSE CREDITOS \\\/ RRSS\"},{\"@type\":\"BreadcrumbList\",\"@id\":\"https:\\\/\\\/www.eldiario.net\\\/portal\\\/2026\\\/09\\\/01\\\/mejorar-leyes-electorales-es-un-compromiso-con-el-pais-2\\\/#breadcrumb\",\"itemListElement\":[{\"@type\":\"ListItem\",\"position\":1,\"name\":\"Portada\",\"item\":\"https:\\\/\\\/www.eldiario.net\\\/portal\\\/\"},{\"@type\":\"ListItem\",\"position\":2,\"name\":\"Mejorar leyes electorales es un compromiso con el pa\u00eds\"}]},{\"@type\":\"WebSite\",\"@id\":\"https:\\\/\\\/www.eldiario.net\\\/portal\\\/#website\",\"url\":\"https:\\\/\\\/www.eldiario.net\\\/portal\\\/\",\"name\":\"El Diario - Decano de la prensa nacional\",\"description\":\"El Diario - Decano de la prensa nacional\",\"publisher\":{\"@id\":\"https:\\\/\\\/www.eldiario.net\\\/portal\\\/#organization\"},\"potentialAction\":[{\"@type\":\"SearchAction\",\"target\":{\"@type\":\"EntryPoint\",\"urlTemplate\":\"https:\\\/\\\/www.eldiario.net\\\/portal\\\/?s={search_term_string}\"},\"query-input\":{\"@type\":\"PropertyValueSpecification\",\"valueRequired\":true,\"valueName\":\"search_term_string\"}}],\"inLanguage\":\"es\"},{\"@type\":\"Organization\",\"@id\":\"https:\\\/\\\/www.eldiario.net\\\/portal\\\/#organization\",\"name\":\"El Diario - Decano de la prensa nacional\",\"url\":\"https:\\\/\\\/www.eldiario.net\\\/portal\\\/\",\"logo\":{\"@type\":\"ImageObject\",\"inLanguage\":\"es\",\"@id\":\"https:\\\/\\\/www.eldiario.net\\\/portal\\\/#\\\/schema\\\/logo\\\/image\\\/\",\"url\":\"https:\\\/\\\/www.eldiario.net\\\/portal\\\/wp-content\\\/uploads\\\/2023\\\/07\\\/logo_ED.jpg\",\"contentUrl\":\"https:\\\/\\\/www.eldiario.net\\\/portal\\\/wp-content\\\/uploads\\\/2023\\\/07\\\/logo_ED.jpg\",\"width\":272,\"height\":52,\"caption\":\"El Diario - Decano de la prensa nacional\"},\"image\":{\"@id\":\"https:\\\/\\\/www.eldiario.net\\\/portal\\\/#\\\/schema\\\/logo\\\/image\\\/\"},\"sameAs\":[\"https:\\\/\\\/www.facebook.com\\\/eldiario.bolivia\\\/\",\"https:\\\/\\\/x.com\\\/eldiario_net\"]},{\"@type\":\"Person\",\"@id\":\"https:\\\/\\\/www.eldiario.net\\\/portal\\\/#\\\/schema\\\/person\\\/f46445640444750d7d753ccd04ae01b7\",\"name\":\"Jeanette\",\"image\":{\"@type\":\"ImageObject\",\"inLanguage\":\"es\",\"@id\":\"https:\\\/\\\/secure.gravatar.com\\\/avatar\\\/3ea2118a5f7dad2b7138b1187a6b7ee55f160b9968b66013c3a3ef39dd7e5798?s=96&d=mm&r=g\",\"url\":\"https:\\\/\\\/secure.gravatar.com\\\/avatar\\\/3ea2118a5f7dad2b7138b1187a6b7ee55f160b9968b66013c3a3ef39dd7e5798?s=96&d=mm&r=g\",\"contentUrl\":\"https:\\\/\\\/secure.gravatar.com\\\/avatar\\\/3ea2118a5f7dad2b7138b1187a6b7ee55f160b9968b66013c3a3ef39dd7e5798?s=96&d=mm&r=g\",\"caption\":\"Jeanette\"},\"sameAs\":[\"https:\\\/\\\/www.eldiario.net\\\/portal\"],\"url\":\"https:\\\/\\\/www.eldiario.net\\\/portal\\\/author\\\/jeanette\\\/\"}]}<\/script>\n<!-- \/ Yoast SEO plugin. -->","yoast_head_json":{"title":"Mejorar leyes electorales es un compromiso con el pa\u00eds - El Diario - Bolivia","robots":{"index":"index","follow":"follow","max-snippet":"max-snippet:-1","max-image-preview":"max-image-preview:large","max-video-preview":"max-video-preview:-1"},"canonical":"https:\/\/www.eldiario.net\/portal\/2026\/09\/01\/mejorar-leyes-electorales-es-un-compromiso-con-el-pais-2\/","og_locale":"es_ES","og_type":"article","og_title":"Mejorar leyes electorales es un compromiso con el pa\u00eds - El Diario - Bolivia","og_description":"Confirmando que el Tribunal Supremo Electoral (TSE) y los tribunales electorales de los nueve departamentos se reunir\u00e1n esta semana en Cochabamba para iniciar formalmente el proceso de reformas en la normativa electoral, el presidente del ente electoral, Gustavo \u00c1vila, se\u00f1al\u00f3 que la tarea de mejorar la normativa vigente es un compromiso con Bolivia. \u201cTenemos un [&hellip;]","og_url":"https:\/\/www.eldiario.net\/portal\/2026\/09\/01\/mejorar-leyes-electorales-es-un-compromiso-con-el-pais-2\/","og_site_name":"El Diario - Bolivia","article_publisher":"https:\/\/www.facebook.com\/eldiario.bolivia\/","article_published_time":"2026-09-01T10:20:14+00:00","og_image":[{"width":1638,"height":1208,"url":"https:\/\/www.eldiario.net\/portal\/wp-content\/uploads\/2026\/09\/MEJORAR-FOTO.webp","type":"image\/webp"}],"author":"Jeanette","twitter_card":"summary_large_image","twitter_creator":"@eldiario_net","twitter_site":"@eldiario_net","twitter_misc":{"Escrito por":"Jeanette","Tiempo de lectura":"2 minutos"},"schema":{"@context":"https:\/\/schema.org","@graph":[{"@type":"Article","@id":"https:\/\/www.eldiario.net\/portal\/2026\/09\/01\/mejorar-leyes-electorales-es-un-compromiso-con-el-pais-2\/#article","isPartOf":{"@id":"https:\/\/www.eldiario.net\/portal\/2026\/09\/01\/mejorar-leyes-electorales-es-un-compromiso-con-el-pais-2\/"},"author":{"name":"Jeanette","@id":"https:\/\/www.eldiario.net\/portal\/#\/schema\/person\/f46445640444750d7d753ccd04ae01b7"},"headline":"Mejorar leyes electorales es un compromiso con el pa\u00eds","datePublished":"2026-09-01T10:20:14+00:00","mainEntityOfPage":{"@id":"https:\/\/www.eldiario.net\/portal\/2026\/09\/01\/mejorar-leyes-electorales-es-un-compromiso-con-el-pais-2\/"},"wordCount":370,"publisher":{"@id":"https:\/\/www.eldiario.net\/portal\/#organization"},"image":{"@id":"https:\/\/www.eldiario.net\/portal\/2026\/09\/01\/mejorar-leyes-electorales-es-un-compromiso-con-el-pais-2\/#primaryimage"},"thumbnailUrl":"https:\/\/www.eldiario.net\/portal\/wp-content\/uploads\/2026\/09\/MEJORAR-FOTO.webp","articleSection":["Portada"],"inLanguage":"es"},{"@type":"WebPage","@id":"https:\/\/www.eldiario.net\/portal\/2026\/09\/01\/mejorar-leyes-electorales-es-un-compromiso-con-el-pais-2\/","url":"https:\/\/www.eldiario.net\/portal\/2026\/09\/01\/mejorar-leyes-electorales-es-un-compromiso-con-el-pais-2\/","name":"Mejorar leyes electorales es un compromiso con el pa\u00eds - El Diario - Bolivia","isPartOf":{"@id":"https:\/\/www.eldiario.net\/portal\/#website"},"primaryImageOfPage":{"@id":"https:\/\/www.eldiario.net\/portal\/2026\/09\/01\/mejorar-leyes-electorales-es-un-compromiso-con-el-pais-2\/#primaryimage"},"image":{"@id":"https:\/\/www.eldiario.net\/portal\/2026\/09\/01\/mejorar-leyes-electorales-es-un-compromiso-con-el-pais-2\/#primaryimage"},"thumbnailUrl":"https:\/\/www.eldiario.net\/portal\/wp-content\/uploads\/2026\/09\/MEJORAR-FOTO.webp","datePublished":"2026-09-01T10:20:14+00:00","breadcrumb":{"@id":"https:\/\/www.eldiario.net\/portal\/2026\/09\/01\/mejorar-leyes-electorales-es-un-compromiso-con-el-pais-2\/#breadcrumb"},"inLanguage":"es","potentialAction":[{"@type":"ReadAction","target":["https:\/\/www.eldiario.net\/portal\/2026\/09\/01\/mejorar-leyes-electorales-es-un-compromiso-con-el-pais-2\/"]}]},{"@type":"ImageObject","inLanguage":"es","@id":"https:\/\/www.eldiario.net\/portal\/2026\/09\/01\/mejorar-leyes-electorales-es-un-compromiso-con-el-pais-2\/#primaryimage","url":"https:\/\/www.eldiario.net\/portal\/wp-content\/uploads\/2026\/09\/MEJORAR-FOTO.webp","contentUrl":"https:\/\/www.eldiario.net\/portal\/wp-content\/uploads\/2026\/09\/MEJORAR-FOTO.webp","width":1638,"height":1208,"caption":"Gustavo \u00c1vila, presidente del TSE CREDITOS \/ RRSS"},{"@type":"BreadcrumbList","@id":"https:\/\/www.eldiario.net\/portal\/2026\/09\/01\/mejorar-leyes-electorales-es-un-compromiso-con-el-pais-2\/#breadcrumb","itemListElement":[{"@type":"ListItem","position":1,"name":"Portada","item":"https:\/\/www.eldiario.net\/portal\/"},{"@type":"ListItem","position":2,"name":"Mejorar leyes electorales es un compromiso con el pa\u00eds"}]},{"@type":"WebSite","@id":"https:\/\/www.eldiario.net\/portal\/#website","url":"https:\/\/www.eldiario.net\/portal\/","name":"El Diario - Decano de la prensa nacional","description":"El Diario - Decano de la prensa nacional","publisher":{"@id":"https:\/\/www.eldiario.net\/portal\/#organization"},"potentialAction":[{"@type":"SearchAction","target":{"@type":"EntryPoint","urlTemplate":"https:\/\/www.eldiario.net\/portal\/?s={search_term_string}"},"query-input":{"@type":"PropertyValueSpecification","valueRequired":true,"valueName":"search_term_string"}}],"inLanguage":"es"},{"@type":"Organization","@id":"https:\/\/www.eldiario.net\/portal\/#organization","name":"El Diario - Decano de la prensa nacional","url":"https:\/\/www.eldiario.net\/portal\/","logo":{"@type":"ImageObject","inLanguage":"es","@id":"https:\/\/www.eldiario.net\/portal\/#\/schema\/logo\/image\/","url":"https:\/\/www.eldiario.net\/portal\/wp-content\/uploads\/2023\/07\/logo_ED.jpg","contentUrl":"https:\/\/www.eldiario.net\/portal\/wp-content\/uploads\/2023\/07\/logo_ED.jpg","width":272,"height":52,"caption":"El Diario - Decano de la prensa nacional"},"image":{"@id":"https:\/\/www.eldiario.net\/portal\/#\/schema\/logo\/image\/"},"sameAs":["https:\/\/www.facebook.com\/eldiario.bolivia\/","https:\/\/x.com\/eldiario_net"]},{"@type":"Person","@id":"https:\/\/www.eldiario.net\/portal\/#\/schema\/person\/f46445640444750d7d753ccd04ae01b7","name":"Jeanette","image":{"@type":"ImageObject","inLanguage":"es","@id":"https:\/\/secure.gravatar.com\/avatar\/3ea2118a5f7dad2b7138b1187a6b7ee55f160b9968b66013c3a3ef39dd7e5798?s=96&d=mm&r=g","url":"https:\/\/secure.gravatar.com\/avatar\/3ea2118a5f7dad2b7138b1187a6b7ee55f160b9968b66013c3a3ef39dd7e5798?s=96&d=mm&r=g","contentUrl":"https:\/\/secure.gravatar.com\/avatar\/3ea2118a5f7dad2b7138b1187a6b7ee55f160b9968b66013c3a3ef39dd7e5798?s=96&d=mm&r=g","caption":"Jeanette"},"sameAs":["https:\/\/www.eldiario.net\/portal"],"url":"https:\/\/www.eldiario.net\/portal\/author\/jeanette\/"}]}},"_links":{"self":[{"href":"https:\/\/www.eldiario.net\/portal\/wp-json\/wp\/v2\/posts\/426581","targetHints":{"allow":["GET"]}}],"collection":[{"href":"https:\/\/www.eldiario.net\/portal\/wp-json\/wp\/v2\/posts"}],"about":[{"href":"https:\/\/www.eldiario.net\/portal\/wp-json\/wp\/v2\/types\/post"}],"author":[{"embeddable":true,"href":"https:\/\/www.eldiario.net\/portal\/wp-json\/wp\/v2\/users\/1"}],"replies":[{"embeddable":true,"href":"https:\/\/www.eldiario.net\/portal\/wp-json\/wp\/v2\/comments?post=426581"}],"version-history":[{"count":1,"href":"https:\/\/www.eldiario.net\/portal\/wp-json\/wp\/v2\/posts\/426581\/revisions"}],"predecessor-version":[{"id":426583,"href":"https:\/\/www.eldiario.net\/portal\/wp-json\/wp\/v2\/posts\/426581\/revisions\/426583"}],"wp:featuredmedia":[{"embeddable":true,"href":"https:\/\/www.eldiario.net\/portal\/wp-json\/wp\/v2\/media\/426582"}],"wp:attachment":[{"href":"https:\/\/www.eldiario.net\/portal\/wp-json\/wp\/v2\/media?parent=426581"}],"wp:term":[{"taxonomy":"category","embeddable":true,"href":"https:\/\/www.eldiario.net\/portal\/wp-json\/wp\/v2\/categories?post=426581"},{"taxonomy":"post_tag","embeddable":true,"href":"https:\/\/www.eldiario.net\/portal\/wp-json\/wp\/v2\/tags?post=426581"}],"curies":[{"name":"wp","href":"https:\/\/api.w.org\/{rel}","templated":true}]}}