{"id":426578,"date":"2026-09-01T06:18:00","date_gmt":"2026-09-01T10:18:00","guid":{"rendered":"https:\/\/www.eldiario.net\/portal\/?p=426578"},"modified":"2026-09-01T06:18:00","modified_gmt":"2026-09-01T10:18:00","slug":"recurrentes-interpelaciones-perjudican-trabajo-en-la-alp-2","status":"publish","type":"post","link":"https:\/\/www.eldiario.net\/portal\/2026\/09\/01\/recurrentes-interpelaciones-perjudican-trabajo-en-la-alp-2\/","title":{"rendered":"Recurrentes interpelaciones  perjudican trabajo en la ALP"},"content":{"rendered":"<p>Ante el constante anuncio de nuevas interpelaciones contra ministros de Estado en instancias del Parlamento, el diputado por Autonom\u00eda Para Bolivia (APB-S\u00famate), Diego Bra\u00f1ez, afirm\u00f3 que este tipo de actos de fiscalizaci\u00f3n perjudican el buen desenvolvimiento de la Asamblea Legislativa Plurinacional (ALP).<\/p>\n<p>\u201cLas interpelaciones perjudican notablemente el trabajo de las comisiones y al pleno de la Asamblea, la siguiente semana tenemos en cronograma interpelaciones para los d\u00edas lunes mi\u00e9rcoles y viernes, con esto se perjudica el buen desenvolvimiento de la ALP\u201d, sostuvo Bra\u00f1ez en conferencia de prensa.<\/p>\n<p>En criterio del legislador representante del departamento de Cochabamba, las atribuciones de fiscalizaci\u00f3n del Parlamento deben coordinarse mejor para evitar que estos actos interfieran con el normal funcionamiento de la ALP, tomando en cuenta que actualmente existen otros temas que requieren de un tratamiento urgente.<\/p>\n<p>\u201cLas interpelaciones que se est\u00e1n programando desde la presidencia de la ALP deber\u00edan pasar por un filtro (\u2026). Se tiene que entender que la interpelaci\u00f3n debe ser la \u00faltima instancia, no la primera para fiscalizar el trabajo de autoridades\u201d, explic\u00f3 el diputado.<\/p>\n<p>Asimismo, exhort\u00f3 a sus colegas a gestionar debidamente las peticiones de informe escrito u oral antes de proceder con la solicitud de una interpelaci\u00f3n ante el pleno del Parlamento, priorizando el an\u00e1lisis y debate legislativo en temas de mayor urgencia en la actual coyuntura.<\/p>\n<p>\u201cNo se puede pedir directamente una interpelaci\u00f3n. No tiene sentido que se perjudique el trabajo, sobre todo de las comisiones\u201d, a\u00f1adi\u00f3.<\/p>\n<p>Recientemente, la jefa de bancada por la alianza Libre en el Senado, Tomasa Yarhui, anuncio la solicitud de interpelaci\u00f3n a los ministros de Gobierno, Marco Antonio Oviedo, y de la Presidencia, Fernando Aramayo, por el caso Fernando Cerimedo.<\/p>\n<p>D\u00edas atr\u00e1s, la ALP ya hab\u00eda interpelado a los titulares de Obras P\u00fablicas, Hidrocarburos y Econom\u00eda.<\/p>\n","protected":false},"excerpt":{"rendered":"<p>Ante el constante anuncio de nuevas interpelaciones contra ministros de Estado en instancias del Parlamento, el diputado por Autonom\u00eda Para Bolivia (APB-S\u00famate), Diego Bra\u00f1ez, afirm\u00f3 que este tipo de actos de fiscalizaci\u00f3n perjudican el buen desenvolvimiento de la Asamblea Legislativa Plurinacional (ALP). \u201cLas interpelaciones perjudican notablemente el trabajo de las comisiones y al pleno de [&hellip;]<\/p>\n","protected":false},"author":1,"featured_media":426579,"comment_status":"closed","ping_status":"open","sticky":false,"template":"","format":"standard","meta":{"_acf_changed":false,"footnotes":""},"categories":[14],"tags":[],"class_list":["post-426578","post","type-post","status-publish","format-standard","has-post-thumbnail","category-politica"],"acf":{"antetitulo":"Asegura diputado Diego Bra\u00f1ez"},"yoast_head":"<!-- This site is optimized with the Yoast SEO plugin v28.3 - https:\/\/yoast.com\/product\/yoast-seo-wordpress\/ -->\n<title>Recurrentes interpelaciones perjudican trabajo en la ALP - El Diario - Bolivia<\/title>\n<meta name=\"robots\" content=\"index, follow, max-snippet:-1, max-image-preview:large, max-video-preview:-1\" \/>\n<link rel=\"canonical\" href=\"https:\/\/www.eldiario.net\/portal\/2026\/09\/01\/recurrentes-interpelaciones-perjudican-trabajo-en-la-alp-2\/\" \/>\n<meta property=\"og:locale\" content=\"es_ES\" \/>\n<meta property=\"og:type\" content=\"article\" \/>\n<meta property=\"og:title\" content=\"Recurrentes interpelaciones perjudican trabajo en la ALP - El Diario - Bolivia\" \/>\n<meta property=\"og:description\" content=\"Ante el constante anuncio de nuevas interpelaciones contra ministros de Estado en instancias del Parlamento, el diputado por Autonom\u00eda Para Bolivia (APB-S\u00famate), Diego Bra\u00f1ez, afirm\u00f3 que este tipo de actos de fiscalizaci\u00f3n perjudican el buen desenvolvimiento de la Asamblea Legislativa Plurinacional (ALP). \u201cLas interpelaciones perjudican notablemente el trabajo de las comisiones y al pleno de [&hellip;]\" \/>\n<meta property=\"og:url\" content=\"https:\/\/www.eldiario.net\/portal\/2026\/09\/01\/recurrentes-interpelaciones-perjudican-trabajo-en-la-alp-2\/\" \/>\n<meta property=\"og:site_name\" content=\"El Diario - Bolivia\" \/>\n<meta property=\"article:publisher\" content=\"https:\/\/www.facebook.com\/eldiario.bolivia\/\" \/>\n<meta property=\"article:published_time\" content=\"2026-09-01T10:18:00+00:00\" \/>\n<meta property=\"og:image\" content=\"https:\/\/www.eldiario.net\/portal\/wp-content\/uploads\/2026\/09\/PERJUDICAN-FOTO.webp\" \/>\n\t<meta property=\"og:image:width\" content=\"1280\" \/>\n\t<meta property=\"og:image:height\" content=\"853\" \/>\n\t<meta property=\"og:image:type\" content=\"image\/webp\" \/>\n<meta name=\"author\" content=\"Jeanette\" \/>\n<meta name=\"twitter:card\" content=\"summary_large_image\" \/>\n<meta name=\"twitter:creator\" content=\"@eldiario_net\" \/>\n<meta name=\"twitter:site\" content=\"@eldiario_net\" \/>\n<meta name=\"twitter:label1\" content=\"Escrito por\" \/>\n\t<meta name=\"twitter:data1\" content=\"Jeanette\" \/>\n\t<meta name=\"twitter:label2\" content=\"Tiempo de lectura\" \/>\n\t<meta name=\"twitter:data2\" content=\"2 minutos\" \/>\n<script type=\"application\/ld+json\" class=\"yoast-schema-graph\">{\"@context\":\"https:\\\/\\\/schema.org\",\"@graph\":[{\"@type\":\"Article\",\"@id\":\"https:\\\/\\\/www.eldiario.net\\\/portal\\\/2026\\\/09\\\/01\\\/recurrentes-interpelaciones-perjudican-trabajo-en-la-alp-2\\\/#article\",\"isPartOf\":{\"@id\":\"https:\\\/\\\/www.eldiario.net\\\/portal\\\/2026\\\/09\\\/01\\\/recurrentes-interpelaciones-perjudican-trabajo-en-la-alp-2\\\/\"},\"author\":{\"name\":\"Jeanette\",\"@id\":\"https:\\\/\\\/www.eldiario.net\\\/portal\\\/#\\\/schema\\\/person\\\/f46445640444750d7d753ccd04ae01b7\"},\"headline\":\"Recurrentes interpelaciones perjudican trabajo en la ALP\",\"datePublished\":\"2026-09-01T10:18:00+00:00\",\"mainEntityOfPage\":{\"@id\":\"https:\\\/\\\/www.eldiario.net\\\/portal\\\/2026\\\/09\\\/01\\\/recurrentes-interpelaciones-perjudican-trabajo-en-la-alp-2\\\/\"},\"wordCount\":320,\"publisher\":{\"@id\":\"https:\\\/\\\/www.eldiario.net\\\/portal\\\/#organization\"},\"image\":{\"@id\":\"https:\\\/\\\/www.eldiario.net\\\/portal\\\/2026\\\/09\\\/01\\\/recurrentes-interpelaciones-perjudican-trabajo-en-la-alp-2\\\/#primaryimage\"},\"thumbnailUrl\":\"https:\\\/\\\/www.eldiario.net\\\/portal\\\/wp-content\\\/uploads\\\/2026\\\/09\\\/PERJUDICAN-FOTO.webp\",\"articleSection\":[\"Pol\u00edtica\"],\"inLanguage\":\"es\"},{\"@type\":\"WebPage\",\"@id\":\"https:\\\/\\\/www.eldiario.net\\\/portal\\\/2026\\\/09\\\/01\\\/recurrentes-interpelaciones-perjudican-trabajo-en-la-alp-2\\\/\",\"url\":\"https:\\\/\\\/www.eldiario.net\\\/portal\\\/2026\\\/09\\\/01\\\/recurrentes-interpelaciones-perjudican-trabajo-en-la-alp-2\\\/\",\"name\":\"Recurrentes interpelaciones perjudican trabajo en la ALP - El Diario - Bolivia\",\"isPartOf\":{\"@id\":\"https:\\\/\\\/www.eldiario.net\\\/portal\\\/#website\"},\"primaryImageOfPage\":{\"@id\":\"https:\\\/\\\/www.eldiario.net\\\/portal\\\/2026\\\/09\\\/01\\\/recurrentes-interpelaciones-perjudican-trabajo-en-la-alp-2\\\/#primaryimage\"},\"image\":{\"@id\":\"https:\\\/\\\/www.eldiario.net\\\/portal\\\/2026\\\/09\\\/01\\\/recurrentes-interpelaciones-perjudican-trabajo-en-la-alp-2\\\/#primaryimage\"},\"thumbnailUrl\":\"https:\\\/\\\/www.eldiario.net\\\/portal\\\/wp-content\\\/uploads\\\/2026\\\/09\\\/PERJUDICAN-FOTO.webp\",\"datePublished\":\"2026-09-01T10:18:00+00:00\",\"breadcrumb\":{\"@id\":\"https:\\\/\\\/www.eldiario.net\\\/portal\\\/2026\\\/09\\\/01\\\/recurrentes-interpelaciones-perjudican-trabajo-en-la-alp-2\\\/#breadcrumb\"},\"inLanguage\":\"es\",\"potentialAction\":[{\"@type\":\"ReadAction\",\"target\":[\"https:\\\/\\\/www.eldiario.net\\\/portal\\\/2026\\\/09\\\/01\\\/recurrentes-interpelaciones-perjudican-trabajo-en-la-alp-2\\\/\"]}]},{\"@type\":\"ImageObject\",\"inLanguage\":\"es\",\"@id\":\"https:\\\/\\\/www.eldiario.net\\\/portal\\\/2026\\\/09\\\/01\\\/recurrentes-interpelaciones-perjudican-trabajo-en-la-alp-2\\\/#primaryimage\",\"url\":\"https:\\\/\\\/www.eldiario.net\\\/portal\\\/wp-content\\\/uploads\\\/2026\\\/09\\\/PERJUDICAN-FOTO.webp\",\"contentUrl\":\"https:\\\/\\\/www.eldiario.net\\\/portal\\\/wp-content\\\/uploads\\\/2026\\\/09\\\/PERJUDICAN-FOTO.webp\",\"width\":1280,\"height\":853,\"caption\":\"Diputado Diego Bra\u00f1ez (APB-S\u00famate) CREDITOS \\\/ RRSS\"},{\"@type\":\"BreadcrumbList\",\"@id\":\"https:\\\/\\\/www.eldiario.net\\\/portal\\\/2026\\\/09\\\/01\\\/recurrentes-interpelaciones-perjudican-trabajo-en-la-alp-2\\\/#breadcrumb\",\"itemListElement\":[{\"@type\":\"ListItem\",\"position\":1,\"name\":\"Portada\",\"item\":\"https:\\\/\\\/www.eldiario.net\\\/portal\\\/\"},{\"@type\":\"ListItem\",\"position\":2,\"name\":\"Recurrentes interpelaciones perjudican trabajo en la ALP\"}]},{\"@type\":\"WebSite\",\"@id\":\"https:\\\/\\\/www.eldiario.net\\\/portal\\\/#website\",\"url\":\"https:\\\/\\\/www.eldiario.net\\\/portal\\\/\",\"name\":\"El Diario - Decano de la prensa nacional\",\"description\":\"El Diario - Decano de la prensa nacional\",\"publisher\":{\"@id\":\"https:\\\/\\\/www.eldiario.net\\\/portal\\\/#organization\"},\"potentialAction\":[{\"@type\":\"SearchAction\",\"target\":{\"@type\":\"EntryPoint\",\"urlTemplate\":\"https:\\\/\\\/www.eldiario.net\\\/portal\\\/?s={search_term_string}\"},\"query-input\":{\"@type\":\"PropertyValueSpecification\",\"valueRequired\":true,\"valueName\":\"search_term_string\"}}],\"inLanguage\":\"es\"},{\"@type\":\"Organization\",\"@id\":\"https:\\\/\\\/www.eldiario.net\\\/portal\\\/#organization\",\"name\":\"El Diario - Decano de la prensa nacional\",\"url\":\"https:\\\/\\\/www.eldiario.net\\\/portal\\\/\",\"logo\":{\"@type\":\"ImageObject\",\"inLanguage\":\"es\",\"@id\":\"https:\\\/\\\/www.eldiario.net\\\/portal\\\/#\\\/schema\\\/logo\\\/image\\\/\",\"url\":\"https:\\\/\\\/www.eldiario.net\\\/portal\\\/wp-content\\\/uploads\\\/2023\\\/07\\\/logo_ED.jpg\",\"contentUrl\":\"https:\\\/\\\/www.eldiario.net\\\/portal\\\/wp-content\\\/uploads\\\/2023\\\/07\\\/logo_ED.jpg\",\"width\":272,\"height\":52,\"caption\":\"El Diario - Decano de la prensa nacional\"},\"image\":{\"@id\":\"https:\\\/\\\/www.eldiario.net\\\/portal\\\/#\\\/schema\\\/logo\\\/image\\\/\"},\"sameAs\":[\"https:\\\/\\\/www.facebook.com\\\/eldiario.bolivia\\\/\",\"https:\\\/\\\/x.com\\\/eldiario_net\"]},{\"@type\":\"Person\",\"@id\":\"https:\\\/\\\/www.eldiario.net\\\/portal\\\/#\\\/schema\\\/person\\\/f46445640444750d7d753ccd04ae01b7\",\"name\":\"Jeanette\",\"image\":{\"@type\":\"ImageObject\",\"inLanguage\":\"es\",\"@id\":\"https:\\\/\\\/secure.gravatar.com\\\/avatar\\\/3ea2118a5f7dad2b7138b1187a6b7ee55f160b9968b66013c3a3ef39dd7e5798?s=96&d=mm&r=g\",\"url\":\"https:\\\/\\\/secure.gravatar.com\\\/avatar\\\/3ea2118a5f7dad2b7138b1187a6b7ee55f160b9968b66013c3a3ef39dd7e5798?s=96&d=mm&r=g\",\"contentUrl\":\"https:\\\/\\\/secure.gravatar.com\\\/avatar\\\/3ea2118a5f7dad2b7138b1187a6b7ee55f160b9968b66013c3a3ef39dd7e5798?s=96&d=mm&r=g\",\"caption\":\"Jeanette\"},\"sameAs\":[\"https:\\\/\\\/www.eldiario.net\\\/portal\"],\"url\":\"https:\\\/\\\/www.eldiario.net\\\/portal\\\/author\\\/jeanette\\\/\"}]}<\/script>\n<!-- \/ Yoast SEO plugin. -->","yoast_head_json":{"title":"Recurrentes interpelaciones perjudican trabajo en la ALP - El Diario - Bolivia","robots":{"index":"index","follow":"follow","max-snippet":"max-snippet:-1","max-image-preview":"max-image-preview:large","max-video-preview":"max-video-preview:-1"},"canonical":"https:\/\/www.eldiario.net\/portal\/2026\/09\/01\/recurrentes-interpelaciones-perjudican-trabajo-en-la-alp-2\/","og_locale":"es_ES","og_type":"article","og_title":"Recurrentes interpelaciones perjudican trabajo en la ALP - El Diario - Bolivia","og_description":"Ante el constante anuncio de nuevas interpelaciones contra ministros de Estado en instancias del Parlamento, el diputado por Autonom\u00eda Para Bolivia (APB-S\u00famate), Diego Bra\u00f1ez, afirm\u00f3 que este tipo de actos de fiscalizaci\u00f3n perjudican el buen desenvolvimiento de la Asamblea Legislativa Plurinacional (ALP). \u201cLas interpelaciones perjudican notablemente el trabajo de las comisiones y al pleno de [&hellip;]","og_url":"https:\/\/www.eldiario.net\/portal\/2026\/09\/01\/recurrentes-interpelaciones-perjudican-trabajo-en-la-alp-2\/","og_site_name":"El Diario - Bolivia","article_publisher":"https:\/\/www.facebook.com\/eldiario.bolivia\/","article_published_time":"2026-09-01T10:18:00+00:00","og_image":[{"width":1280,"height":853,"url":"https:\/\/www.eldiario.net\/portal\/wp-content\/uploads\/2026\/09\/PERJUDICAN-FOTO.webp","type":"image\/webp"}],"author":"Jeanette","twitter_card":"summary_large_image","twitter_creator":"@eldiario_net","twitter_site":"@eldiario_net","twitter_misc":{"Escrito por":"Jeanette","Tiempo de lectura":"2 minutos"},"schema":{"@context":"https:\/\/schema.org","@graph":[{"@type":"Article","@id":"https:\/\/www.eldiario.net\/portal\/2026\/09\/01\/recurrentes-interpelaciones-perjudican-trabajo-en-la-alp-2\/#article","isPartOf":{"@id":"https:\/\/www.eldiario.net\/portal\/2026\/09\/01\/recurrentes-interpelaciones-perjudican-trabajo-en-la-alp-2\/"},"author":{"name":"Jeanette","@id":"https:\/\/www.eldiario.net\/portal\/#\/schema\/person\/f46445640444750d7d753ccd04ae01b7"},"headline":"Recurrentes interpelaciones perjudican trabajo en la ALP","datePublished":"2026-09-01T10:18:00+00:00","mainEntityOfPage":{"@id":"https:\/\/www.eldiario.net\/portal\/2026\/09\/01\/recurrentes-interpelaciones-perjudican-trabajo-en-la-alp-2\/"},"wordCount":320,"publisher":{"@id":"https:\/\/www.eldiario.net\/portal\/#organization"},"image":{"@id":"https:\/\/www.eldiario.net\/portal\/2026\/09\/01\/recurrentes-interpelaciones-perjudican-trabajo-en-la-alp-2\/#primaryimage"},"thumbnailUrl":"https:\/\/www.eldiario.net\/portal\/wp-content\/uploads\/2026\/09\/PERJUDICAN-FOTO.webp","articleSection":["Pol\u00edtica"],"inLanguage":"es"},{"@type":"WebPage","@id":"https:\/\/www.eldiario.net\/portal\/2026\/09\/01\/recurrentes-interpelaciones-perjudican-trabajo-en-la-alp-2\/","url":"https:\/\/www.eldiario.net\/portal\/2026\/09\/01\/recurrentes-interpelaciones-perjudican-trabajo-en-la-alp-2\/","name":"Recurrentes interpelaciones perjudican trabajo en la ALP - El Diario - Bolivia","isPartOf":{"@id":"https:\/\/www.eldiario.net\/portal\/#website"},"primaryImageOfPage":{"@id":"https:\/\/www.eldiario.net\/portal\/2026\/09\/01\/recurrentes-interpelaciones-perjudican-trabajo-en-la-alp-2\/#primaryimage"},"image":{"@id":"https:\/\/www.eldiario.net\/portal\/2026\/09\/01\/recurrentes-interpelaciones-perjudican-trabajo-en-la-alp-2\/#primaryimage"},"thumbnailUrl":"https:\/\/www.eldiario.net\/portal\/wp-content\/uploads\/2026\/09\/PERJUDICAN-FOTO.webp","datePublished":"2026-09-01T10:18:00+00:00","breadcrumb":{"@id":"https:\/\/www.eldiario.net\/portal\/2026\/09\/01\/recurrentes-interpelaciones-perjudican-trabajo-en-la-alp-2\/#breadcrumb"},"inLanguage":"es","potentialAction":[{"@type":"ReadAction","target":["https:\/\/www.eldiario.net\/portal\/2026\/09\/01\/recurrentes-interpelaciones-perjudican-trabajo-en-la-alp-2\/"]}]},{"@type":"ImageObject","inLanguage":"es","@id":"https:\/\/www.eldiario.net\/portal\/2026\/09\/01\/recurrentes-interpelaciones-perjudican-trabajo-en-la-alp-2\/#primaryimage","url":"https:\/\/www.eldiario.net\/portal\/wp-content\/uploads\/2026\/09\/PERJUDICAN-FOTO.webp","contentUrl":"https:\/\/www.eldiario.net\/portal\/wp-content\/uploads\/2026\/09\/PERJUDICAN-FOTO.webp","width":1280,"height":853,"caption":"Diputado Diego Bra\u00f1ez (APB-S\u00famate) CREDITOS \/ RRSS"},{"@type":"BreadcrumbList","@id":"https:\/\/www.eldiario.net\/portal\/2026\/09\/01\/recurrentes-interpelaciones-perjudican-trabajo-en-la-alp-2\/#breadcrumb","itemListElement":[{"@type":"ListItem","position":1,"name":"Portada","item":"https:\/\/www.eldiario.net\/portal\/"},{"@type":"ListItem","position":2,"name":"Recurrentes interpelaciones perjudican trabajo en la ALP"}]},{"@type":"WebSite","@id":"https:\/\/www.eldiario.net\/portal\/#website","url":"https:\/\/www.eldiario.net\/portal\/","name":"El Diario - Decano de la prensa nacional","description":"El Diario - Decano de la prensa nacional","publisher":{"@id":"https:\/\/www.eldiario.net\/portal\/#organization"},"potentialAction":[{"@type":"SearchAction","target":{"@type":"EntryPoint","urlTemplate":"https:\/\/www.eldiario.net\/portal\/?s={search_term_string}"},"query-input":{"@type":"PropertyValueSpecification","valueRequired":true,"valueName":"search_term_string"}}],"inLanguage":"es"},{"@type":"Organization","@id":"https:\/\/www.eldiario.net\/portal\/#organization","name":"El Diario - Decano de la prensa nacional","url":"https:\/\/www.eldiario.net\/portal\/","logo":{"@type":"ImageObject","inLanguage":"es","@id":"https:\/\/www.eldiario.net\/portal\/#\/schema\/logo\/image\/","url":"https:\/\/www.eldiario.net\/portal\/wp-content\/uploads\/2023\/07\/logo_ED.jpg","contentUrl":"https:\/\/www.eldiario.net\/portal\/wp-content\/uploads\/2023\/07\/logo_ED.jpg","width":272,"height":52,"caption":"El Diario - Decano de la prensa nacional"},"image":{"@id":"https:\/\/www.eldiario.net\/portal\/#\/schema\/logo\/image\/"},"sameAs":["https:\/\/www.facebook.com\/eldiario.bolivia\/","https:\/\/x.com\/eldiario_net"]},{"@type":"Person","@id":"https:\/\/www.eldiario.net\/portal\/#\/schema\/person\/f46445640444750d7d753ccd04ae01b7","name":"Jeanette","image":{"@type":"ImageObject","inLanguage":"es","@id":"https:\/\/secure.gravatar.com\/avatar\/3ea2118a5f7dad2b7138b1187a6b7ee55f160b9968b66013c3a3ef39dd7e5798?s=96&d=mm&r=g","url":"https:\/\/secure.gravatar.com\/avatar\/3ea2118a5f7dad2b7138b1187a6b7ee55f160b9968b66013c3a3ef39dd7e5798?s=96&d=mm&r=g","contentUrl":"https:\/\/secure.gravatar.com\/avatar\/3ea2118a5f7dad2b7138b1187a6b7ee55f160b9968b66013c3a3ef39dd7e5798?s=96&d=mm&r=g","caption":"Jeanette"},"sameAs":["https:\/\/www.eldiario.net\/portal"],"url":"https:\/\/www.eldiario.net\/portal\/author\/jeanette\/"}]}},"_links":{"self":[{"href":"https:\/\/www.eldiario.net\/portal\/wp-json\/wp\/v2\/posts\/426578","targetHints":{"allow":["GET"]}}],"collection":[{"href":"https:\/\/www.eldiario.net\/portal\/wp-json\/wp\/v2\/posts"}],"about":[{"href":"https:\/\/www.eldiario.net\/portal\/wp-json\/wp\/v2\/types\/post"}],"author":[{"embeddable":true,"href":"https:\/\/www.eldiario.net\/portal\/wp-json\/wp\/v2\/users\/1"}],"replies":[{"embeddable":true,"href":"https:\/\/www.eldiario.net\/portal\/wp-json\/wp\/v2\/comments?post=426578"}],"version-history":[{"count":1,"href":"https:\/\/www.eldiario.net\/portal\/wp-json\/wp\/v2\/posts\/426578\/revisions"}],"predecessor-version":[{"id":426580,"href":"https:\/\/www.eldiario.net\/portal\/wp-json\/wp\/v2\/posts\/426578\/revisions\/426580"}],"wp:featuredmedia":[{"embeddable":true,"href":"https:\/\/www.eldiario.net\/portal\/wp-json\/wp\/v2\/media\/426579"}],"wp:attachment":[{"href":"https:\/\/www.eldiario.net\/portal\/wp-json\/wp\/v2\/media?parent=426578"}],"wp:term":[{"taxonomy":"category","embeddable":true,"href":"https:\/\/www.eldiario.net\/portal\/wp-json\/wp\/v2\/categories?post=426578"},{"taxonomy":"post_tag","embeddable":true,"href":"https:\/\/www.eldiario.net\/portal\/wp-json\/wp\/v2\/tags?post=426578"}],"curies":[{"name":"wp","href":"https:\/\/api.w.org\/{rel}","templated":true}]}}