{"id":426575,"date":"2026-09-01T06:15:56","date_gmt":"2026-09-01T10:15:56","guid":{"rendered":"https:\/\/www.eldiario.net\/portal\/?p=426575"},"modified":"2026-09-01T06:16:09","modified_gmt":"2026-09-01T10:16:09","slug":"bloqueo-politico-pone-en-riesgo-us-700-millones","status":"publish","type":"post","link":"https:\/\/www.eldiario.net\/portal\/2026\/09\/01\/bloqueo-politico-pone-en-riesgo-us-700-millones\/","title":{"rendered":"Bloqueo pol\u00edtico pone en riesgo $us 700 millones"},"content":{"rendered":"<p>El presidente del Estado, Rodrigo Paz Pereira, dijo que intereses pol\u00edticos mantienen bloqueado un paquete de 700 millones de d\u00f3lares en la Asamblea Legislativa Plurinacional (ALP); seg\u00fan el mandatario, estos fondos, bajo disputa legal, est\u00e1n destinados a financiar bonos econ\u00f3micos y redes de protecci\u00f3n social para la ciudadan\u00eda.<\/p>\n<p>\u201cEn el Senado, para defensa, para protecci\u00f3n social, tenemos 500 millones de d\u00f3lares del Banco Interamericano de Desarrollo, listos para que los aprueben. Y en Diputados, esa platita no es para el Gobierno, esa platita es para las regiones, ah\u00ed hay cerca de 200 millones del Banco Mundial BM\u201d, manifest\u00f3 el jefe de Estado en la ciudad de Santa Cruz de la Sierra, durante la presentaci\u00f3n de proyectos para municipios de esta regi\u00f3n del pa\u00eds.<\/p>\n<p>De los 500 millones de d\u00f3lares provenientes del BID, un total de 485 millones se usar\u00e1n directamente para financiar la continuidad y el incremento de la Renta Dignidad. El remanente apoyar\u00e1 la creaci\u00f3n del nuevo Registro Social de Hogares y el Programa Extraordinario de Protecci\u00f3n y Equidad.<\/p>\n<p>Mientras tanto, los 200 millones de d\u00f3lares del BM est\u00e1n dirigidos a financiar el \u201cProyecto de Protecci\u00f3n Econ\u00f3mica y Transformaci\u00f3n Social en Bolivia\u201d. Su fin es amortiguar el impacto del alza de precios en los hogares vulnerables sin aportes jubilatorios y dar soporte a los pilares del programa de asistencia estatal.<\/p>\n<p>\u201cSolo aprobando esas dos normas ya tenemos 700 millones de d\u00f3lares para protecci\u00f3n social; enti\u00e9ndase bonos para la gente, enti\u00e9ndase proyectos, infraestructuras, una serie de soluciones que necesita cada regi\u00f3n\u201d, agreg\u00f3 Paz.<\/p>\n<p>Seg\u00fan el mandatario, es fundamental que las regiones establezcan alianzas para impulsar una votaci\u00f3n en la Asamblea Legislativa destinada al desarrollo institucional y al fortalecimiento de las capacidades de crecimiento locales.<\/p>\n<p>\u201cCada regi\u00f3n va a tener sus soluciones y cada regi\u00f3n va a recibir sus recursos, pero necesitamos en el Parlamento que la unidad de cada uno de ellos sea en funci\u00f3n de las necesidades del pueblo y dejando de lado la pol\u00edtica\u201d, expres\u00f3.<\/p>\n","protected":false},"excerpt":{"rendered":"<p>El presidente del Estado, Rodrigo Paz Pereira, dijo que intereses pol\u00edticos mantienen bloqueado un paquete de 700 millones de d\u00f3lares en la Asamblea Legislativa Plurinacional (ALP); seg\u00fan el mandatario, estos fondos, bajo disputa legal, est\u00e1n destinados a financiar bonos econ\u00f3micos y redes de protecci\u00f3n social para la ciudadan\u00eda. \u201cEn el Senado, para defensa, para protecci\u00f3n [&hellip;]<\/p>\n","protected":false},"author":1,"featured_media":426576,"comment_status":"closed","ping_status":"open","sticky":false,"template":"","format":"standard","meta":{"_acf_changed":false,"footnotes":""},"categories":[17],"tags":[],"class_list":["post-426575","post","type-post","status-publish","format-standard","has-post-thumbnail","category-principal"],"acf":{"antetitulo":"Presidente del Estado se\u00f1ala"},"yoast_head":"<!-- This site is optimized with the Yoast SEO plugin v28.3 - https:\/\/yoast.com\/product\/yoast-seo-wordpress\/ -->\n<title>Bloqueo pol\u00edtico pone en riesgo $us 700 millones - El Diario - Bolivia<\/title>\n<meta name=\"robots\" content=\"index, follow, max-snippet:-1, max-image-preview:large, max-video-preview:-1\" \/>\n<link rel=\"canonical\" href=\"https:\/\/www.eldiario.net\/portal\/2026\/09\/01\/bloqueo-politico-pone-en-riesgo-us-700-millones\/\" \/>\n<meta property=\"og:locale\" content=\"es_ES\" \/>\n<meta property=\"og:type\" content=\"article\" \/>\n<meta property=\"og:title\" content=\"Bloqueo pol\u00edtico pone en riesgo $us 700 millones - El Diario - Bolivia\" \/>\n<meta property=\"og:description\" content=\"El presidente del Estado, Rodrigo Paz Pereira, dijo que intereses pol\u00edticos mantienen bloqueado un paquete de 700 millones de d\u00f3lares en la Asamblea Legislativa Plurinacional (ALP); seg\u00fan el mandatario, estos fondos, bajo disputa legal, est\u00e1n destinados a financiar bonos econ\u00f3micos y redes de protecci\u00f3n social para la ciudadan\u00eda. \u201cEn el Senado, para defensa, para protecci\u00f3n [&hellip;]\" \/>\n<meta property=\"og:url\" content=\"https:\/\/www.eldiario.net\/portal\/2026\/09\/01\/bloqueo-politico-pone-en-riesgo-us-700-millones\/\" \/>\n<meta property=\"og:site_name\" content=\"El Diario - Bolivia\" \/>\n<meta property=\"article:publisher\" content=\"https:\/\/www.facebook.com\/eldiario.bolivia\/\" \/>\n<meta property=\"article:published_time\" content=\"2026-09-01T10:15:56+00:00\" \/>\n<meta property=\"article:modified_time\" content=\"2026-09-01T10:16:09+00:00\" \/>\n<meta property=\"og:image\" content=\"https:\/\/www.eldiario.net\/portal\/wp-content\/uploads\/2026\/09\/AFIRMA-FOTO.webp\" \/>\n\t<meta property=\"og:image:width\" content=\"1280\" \/>\n\t<meta property=\"og:image:height\" content=\"963\" \/>\n\t<meta property=\"og:image:type\" content=\"image\/webp\" \/>\n<meta name=\"author\" content=\"Jeanette\" \/>\n<meta name=\"twitter:card\" content=\"summary_large_image\" \/>\n<meta name=\"twitter:creator\" content=\"@eldiario_net\" \/>\n<meta name=\"twitter:site\" content=\"@eldiario_net\" \/>\n<meta name=\"twitter:label1\" content=\"Escrito por\" \/>\n\t<meta name=\"twitter:data1\" content=\"Jeanette\" \/>\n\t<meta name=\"twitter:label2\" content=\"Tiempo de lectura\" \/>\n\t<meta name=\"twitter:data2\" content=\"2 minutos\" \/>\n<script type=\"application\/ld+json\" class=\"yoast-schema-graph\">{\"@context\":\"https:\\\/\\\/schema.org\",\"@graph\":[{\"@type\":\"Article\",\"@id\":\"https:\\\/\\\/www.eldiario.net\\\/portal\\\/2026\\\/09\\\/01\\\/bloqueo-politico-pone-en-riesgo-us-700-millones\\\/#article\",\"isPartOf\":{\"@id\":\"https:\\\/\\\/www.eldiario.net\\\/portal\\\/2026\\\/09\\\/01\\\/bloqueo-politico-pone-en-riesgo-us-700-millones\\\/\"},\"author\":{\"name\":\"Jeanette\",\"@id\":\"https:\\\/\\\/www.eldiario.net\\\/portal\\\/#\\\/schema\\\/person\\\/f46445640444750d7d753ccd04ae01b7\"},\"headline\":\"Bloqueo pol\u00edtico pone en riesgo $us 700 millones\",\"datePublished\":\"2026-09-01T10:15:56+00:00\",\"dateModified\":\"2026-09-01T10:16:09+00:00\",\"mainEntityOfPage\":{\"@id\":\"https:\\\/\\\/www.eldiario.net\\\/portal\\\/2026\\\/09\\\/01\\\/bloqueo-politico-pone-en-riesgo-us-700-millones\\\/\"},\"wordCount\":360,\"publisher\":{\"@id\":\"https:\\\/\\\/www.eldiario.net\\\/portal\\\/#organization\"},\"image\":{\"@id\":\"https:\\\/\\\/www.eldiario.net\\\/portal\\\/2026\\\/09\\\/01\\\/bloqueo-politico-pone-en-riesgo-us-700-millones\\\/#primaryimage\"},\"thumbnailUrl\":\"https:\\\/\\\/www.eldiario.net\\\/portal\\\/wp-content\\\/uploads\\\/2026\\\/09\\\/AFIRMA-FOTO.webp\",\"articleSection\":[\"Principal\"],\"inLanguage\":\"es\"},{\"@type\":\"WebPage\",\"@id\":\"https:\\\/\\\/www.eldiario.net\\\/portal\\\/2026\\\/09\\\/01\\\/bloqueo-politico-pone-en-riesgo-us-700-millones\\\/\",\"url\":\"https:\\\/\\\/www.eldiario.net\\\/portal\\\/2026\\\/09\\\/01\\\/bloqueo-politico-pone-en-riesgo-us-700-millones\\\/\",\"name\":\"Bloqueo pol\u00edtico pone en riesgo $us 700 millones - El Diario - Bolivia\",\"isPartOf\":{\"@id\":\"https:\\\/\\\/www.eldiario.net\\\/portal\\\/#website\"},\"primaryImageOfPage\":{\"@id\":\"https:\\\/\\\/www.eldiario.net\\\/portal\\\/2026\\\/09\\\/01\\\/bloqueo-politico-pone-en-riesgo-us-700-millones\\\/#primaryimage\"},\"image\":{\"@id\":\"https:\\\/\\\/www.eldiario.net\\\/portal\\\/2026\\\/09\\\/01\\\/bloqueo-politico-pone-en-riesgo-us-700-millones\\\/#primaryimage\"},\"thumbnailUrl\":\"https:\\\/\\\/www.eldiario.net\\\/portal\\\/wp-content\\\/uploads\\\/2026\\\/09\\\/AFIRMA-FOTO.webp\",\"datePublished\":\"2026-09-01T10:15:56+00:00\",\"dateModified\":\"2026-09-01T10:16:09+00:00\",\"breadcrumb\":{\"@id\":\"https:\\\/\\\/www.eldiario.net\\\/portal\\\/2026\\\/09\\\/01\\\/bloqueo-politico-pone-en-riesgo-us-700-millones\\\/#breadcrumb\"},\"inLanguage\":\"es\",\"potentialAction\":[{\"@type\":\"ReadAction\",\"target\":[\"https:\\\/\\\/www.eldiario.net\\\/portal\\\/2026\\\/09\\\/01\\\/bloqueo-politico-pone-en-riesgo-us-700-millones\\\/\"]}]},{\"@type\":\"ImageObject\",\"inLanguage\":\"es\",\"@id\":\"https:\\\/\\\/www.eldiario.net\\\/portal\\\/2026\\\/09\\\/01\\\/bloqueo-politico-pone-en-riesgo-us-700-millones\\\/#primaryimage\",\"url\":\"https:\\\/\\\/www.eldiario.net\\\/portal\\\/wp-content\\\/uploads\\\/2026\\\/09\\\/AFIRMA-FOTO.webp\",\"contentUrl\":\"https:\\\/\\\/www.eldiario.net\\\/portal\\\/wp-content\\\/uploads\\\/2026\\\/09\\\/AFIRMA-FOTO.webp\",\"width\":1280,\"height\":963,\"caption\":\"El jefe de Estado, Rodrigo Paz Pereira (centro). Foto: Oficina del Presidente\"},{\"@type\":\"BreadcrumbList\",\"@id\":\"https:\\\/\\\/www.eldiario.net\\\/portal\\\/2026\\\/09\\\/01\\\/bloqueo-politico-pone-en-riesgo-us-700-millones\\\/#breadcrumb\",\"itemListElement\":[{\"@type\":\"ListItem\",\"position\":1,\"name\":\"Portada\",\"item\":\"https:\\\/\\\/www.eldiario.net\\\/portal\\\/\"},{\"@type\":\"ListItem\",\"position\":2,\"name\":\"Bloqueo pol\u00edtico pone en riesgo $us 700 millones\"}]},{\"@type\":\"WebSite\",\"@id\":\"https:\\\/\\\/www.eldiario.net\\\/portal\\\/#website\",\"url\":\"https:\\\/\\\/www.eldiario.net\\\/portal\\\/\",\"name\":\"El Diario - Decano de la prensa nacional\",\"description\":\"El Diario - Decano de la prensa nacional\",\"publisher\":{\"@id\":\"https:\\\/\\\/www.eldiario.net\\\/portal\\\/#organization\"},\"potentialAction\":[{\"@type\":\"SearchAction\",\"target\":{\"@type\":\"EntryPoint\",\"urlTemplate\":\"https:\\\/\\\/www.eldiario.net\\\/portal\\\/?s={search_term_string}\"},\"query-input\":{\"@type\":\"PropertyValueSpecification\",\"valueRequired\":true,\"valueName\":\"search_term_string\"}}],\"inLanguage\":\"es\"},{\"@type\":\"Organization\",\"@id\":\"https:\\\/\\\/www.eldiario.net\\\/portal\\\/#organization\",\"name\":\"El Diario - Decano de la prensa nacional\",\"url\":\"https:\\\/\\\/www.eldiario.net\\\/portal\\\/\",\"logo\":{\"@type\":\"ImageObject\",\"inLanguage\":\"es\",\"@id\":\"https:\\\/\\\/www.eldiario.net\\\/portal\\\/#\\\/schema\\\/logo\\\/image\\\/\",\"url\":\"https:\\\/\\\/www.eldiario.net\\\/portal\\\/wp-content\\\/uploads\\\/2023\\\/07\\\/logo_ED.jpg\",\"contentUrl\":\"https:\\\/\\\/www.eldiario.net\\\/portal\\\/wp-content\\\/uploads\\\/2023\\\/07\\\/logo_ED.jpg\",\"width\":272,\"height\":52,\"caption\":\"El Diario - Decano de la prensa nacional\"},\"image\":{\"@id\":\"https:\\\/\\\/www.eldiario.net\\\/portal\\\/#\\\/schema\\\/logo\\\/image\\\/\"},\"sameAs\":[\"https:\\\/\\\/www.facebook.com\\\/eldiario.bolivia\\\/\",\"https:\\\/\\\/x.com\\\/eldiario_net\"]},{\"@type\":\"Person\",\"@id\":\"https:\\\/\\\/www.eldiario.net\\\/portal\\\/#\\\/schema\\\/person\\\/f46445640444750d7d753ccd04ae01b7\",\"name\":\"Jeanette\",\"image\":{\"@type\":\"ImageObject\",\"inLanguage\":\"es\",\"@id\":\"https:\\\/\\\/secure.gravatar.com\\\/avatar\\\/3ea2118a5f7dad2b7138b1187a6b7ee55f160b9968b66013c3a3ef39dd7e5798?s=96&d=mm&r=g\",\"url\":\"https:\\\/\\\/secure.gravatar.com\\\/avatar\\\/3ea2118a5f7dad2b7138b1187a6b7ee55f160b9968b66013c3a3ef39dd7e5798?s=96&d=mm&r=g\",\"contentUrl\":\"https:\\\/\\\/secure.gravatar.com\\\/avatar\\\/3ea2118a5f7dad2b7138b1187a6b7ee55f160b9968b66013c3a3ef39dd7e5798?s=96&d=mm&r=g\",\"caption\":\"Jeanette\"},\"sameAs\":[\"https:\\\/\\\/www.eldiario.net\\\/portal\"],\"url\":\"https:\\\/\\\/www.eldiario.net\\\/portal\\\/author\\\/jeanette\\\/\"}]}<\/script>\n<!-- \/ Yoast SEO plugin. -->","yoast_head_json":{"title":"Bloqueo pol\u00edtico pone en riesgo $us 700 millones - El Diario - Bolivia","robots":{"index":"index","follow":"follow","max-snippet":"max-snippet:-1","max-image-preview":"max-image-preview:large","max-video-preview":"max-video-preview:-1"},"canonical":"https:\/\/www.eldiario.net\/portal\/2026\/09\/01\/bloqueo-politico-pone-en-riesgo-us-700-millones\/","og_locale":"es_ES","og_type":"article","og_title":"Bloqueo pol\u00edtico pone en riesgo $us 700 millones - El Diario - Bolivia","og_description":"El presidente del Estado, Rodrigo Paz Pereira, dijo que intereses pol\u00edticos mantienen bloqueado un paquete de 700 millones de d\u00f3lares en la Asamblea Legislativa Plurinacional (ALP); seg\u00fan el mandatario, estos fondos, bajo disputa legal, est\u00e1n destinados a financiar bonos econ\u00f3micos y redes de protecci\u00f3n social para la ciudadan\u00eda. \u201cEn el Senado, para defensa, para protecci\u00f3n [&hellip;]","og_url":"https:\/\/www.eldiario.net\/portal\/2026\/09\/01\/bloqueo-politico-pone-en-riesgo-us-700-millones\/","og_site_name":"El Diario - Bolivia","article_publisher":"https:\/\/www.facebook.com\/eldiario.bolivia\/","article_published_time":"2026-09-01T10:15:56+00:00","article_modified_time":"2026-09-01T10:16:09+00:00","og_image":[{"width":1280,"height":963,"url":"https:\/\/www.eldiario.net\/portal\/wp-content\/uploads\/2026\/09\/AFIRMA-FOTO.webp","type":"image\/webp"}],"author":"Jeanette","twitter_card":"summary_large_image","twitter_creator":"@eldiario_net","twitter_site":"@eldiario_net","twitter_misc":{"Escrito por":"Jeanette","Tiempo de lectura":"2 minutos"},"schema":{"@context":"https:\/\/schema.org","@graph":[{"@type":"Article","@id":"https:\/\/www.eldiario.net\/portal\/2026\/09\/01\/bloqueo-politico-pone-en-riesgo-us-700-millones\/#article","isPartOf":{"@id":"https:\/\/www.eldiario.net\/portal\/2026\/09\/01\/bloqueo-politico-pone-en-riesgo-us-700-millones\/"},"author":{"name":"Jeanette","@id":"https:\/\/www.eldiario.net\/portal\/#\/schema\/person\/f46445640444750d7d753ccd04ae01b7"},"headline":"Bloqueo pol\u00edtico pone en riesgo $us 700 millones","datePublished":"2026-09-01T10:15:56+00:00","dateModified":"2026-09-01T10:16:09+00:00","mainEntityOfPage":{"@id":"https:\/\/www.eldiario.net\/portal\/2026\/09\/01\/bloqueo-politico-pone-en-riesgo-us-700-millones\/"},"wordCount":360,"publisher":{"@id":"https:\/\/www.eldiario.net\/portal\/#organization"},"image":{"@id":"https:\/\/www.eldiario.net\/portal\/2026\/09\/01\/bloqueo-politico-pone-en-riesgo-us-700-millones\/#primaryimage"},"thumbnailUrl":"https:\/\/www.eldiario.net\/portal\/wp-content\/uploads\/2026\/09\/AFIRMA-FOTO.webp","articleSection":["Principal"],"inLanguage":"es"},{"@type":"WebPage","@id":"https:\/\/www.eldiario.net\/portal\/2026\/09\/01\/bloqueo-politico-pone-en-riesgo-us-700-millones\/","url":"https:\/\/www.eldiario.net\/portal\/2026\/09\/01\/bloqueo-politico-pone-en-riesgo-us-700-millones\/","name":"Bloqueo pol\u00edtico pone en riesgo $us 700 millones - El Diario - Bolivia","isPartOf":{"@id":"https:\/\/www.eldiario.net\/portal\/#website"},"primaryImageOfPage":{"@id":"https:\/\/www.eldiario.net\/portal\/2026\/09\/01\/bloqueo-politico-pone-en-riesgo-us-700-millones\/#primaryimage"},"image":{"@id":"https:\/\/www.eldiario.net\/portal\/2026\/09\/01\/bloqueo-politico-pone-en-riesgo-us-700-millones\/#primaryimage"},"thumbnailUrl":"https:\/\/www.eldiario.net\/portal\/wp-content\/uploads\/2026\/09\/AFIRMA-FOTO.webp","datePublished":"2026-09-01T10:15:56+00:00","dateModified":"2026-09-01T10:16:09+00:00","breadcrumb":{"@id":"https:\/\/www.eldiario.net\/portal\/2026\/09\/01\/bloqueo-politico-pone-en-riesgo-us-700-millones\/#breadcrumb"},"inLanguage":"es","potentialAction":[{"@type":"ReadAction","target":["https:\/\/www.eldiario.net\/portal\/2026\/09\/01\/bloqueo-politico-pone-en-riesgo-us-700-millones\/"]}]},{"@type":"ImageObject","inLanguage":"es","@id":"https:\/\/www.eldiario.net\/portal\/2026\/09\/01\/bloqueo-politico-pone-en-riesgo-us-700-millones\/#primaryimage","url":"https:\/\/www.eldiario.net\/portal\/wp-content\/uploads\/2026\/09\/AFIRMA-FOTO.webp","contentUrl":"https:\/\/www.eldiario.net\/portal\/wp-content\/uploads\/2026\/09\/AFIRMA-FOTO.webp","width":1280,"height":963,"caption":"El jefe de Estado, Rodrigo Paz Pereira (centro). Foto: Oficina del Presidente"},{"@type":"BreadcrumbList","@id":"https:\/\/www.eldiario.net\/portal\/2026\/09\/01\/bloqueo-politico-pone-en-riesgo-us-700-millones\/#breadcrumb","itemListElement":[{"@type":"ListItem","position":1,"name":"Portada","item":"https:\/\/www.eldiario.net\/portal\/"},{"@type":"ListItem","position":2,"name":"Bloqueo pol\u00edtico pone en riesgo $us 700 millones"}]},{"@type":"WebSite","@id":"https:\/\/www.eldiario.net\/portal\/#website","url":"https:\/\/www.eldiario.net\/portal\/","name":"El Diario - Decano de la prensa nacional","description":"El Diario - Decano de la prensa nacional","publisher":{"@id":"https:\/\/www.eldiario.net\/portal\/#organization"},"potentialAction":[{"@type":"SearchAction","target":{"@type":"EntryPoint","urlTemplate":"https:\/\/www.eldiario.net\/portal\/?s={search_term_string}"},"query-input":{"@type":"PropertyValueSpecification","valueRequired":true,"valueName":"search_term_string"}}],"inLanguage":"es"},{"@type":"Organization","@id":"https:\/\/www.eldiario.net\/portal\/#organization","name":"El Diario - Decano de la prensa nacional","url":"https:\/\/www.eldiario.net\/portal\/","logo":{"@type":"ImageObject","inLanguage":"es","@id":"https:\/\/www.eldiario.net\/portal\/#\/schema\/logo\/image\/","url":"https:\/\/www.eldiario.net\/portal\/wp-content\/uploads\/2023\/07\/logo_ED.jpg","contentUrl":"https:\/\/www.eldiario.net\/portal\/wp-content\/uploads\/2023\/07\/logo_ED.jpg","width":272,"height":52,"caption":"El Diario - Decano de la prensa nacional"},"image":{"@id":"https:\/\/www.eldiario.net\/portal\/#\/schema\/logo\/image\/"},"sameAs":["https:\/\/www.facebook.com\/eldiario.bolivia\/","https:\/\/x.com\/eldiario_net"]},{"@type":"Person","@id":"https:\/\/www.eldiario.net\/portal\/#\/schema\/person\/f46445640444750d7d753ccd04ae01b7","name":"Jeanette","image":{"@type":"ImageObject","inLanguage":"es","@id":"https:\/\/secure.gravatar.com\/avatar\/3ea2118a5f7dad2b7138b1187a6b7ee55f160b9968b66013c3a3ef39dd7e5798?s=96&d=mm&r=g","url":"https:\/\/secure.gravatar.com\/avatar\/3ea2118a5f7dad2b7138b1187a6b7ee55f160b9968b66013c3a3ef39dd7e5798?s=96&d=mm&r=g","contentUrl":"https:\/\/secure.gravatar.com\/avatar\/3ea2118a5f7dad2b7138b1187a6b7ee55f160b9968b66013c3a3ef39dd7e5798?s=96&d=mm&r=g","caption":"Jeanette"},"sameAs":["https:\/\/www.eldiario.net\/portal"],"url":"https:\/\/www.eldiario.net\/portal\/author\/jeanette\/"}]}},"_links":{"self":[{"href":"https:\/\/www.eldiario.net\/portal\/wp-json\/wp\/v2\/posts\/426575","targetHints":{"allow":["GET"]}}],"collection":[{"href":"https:\/\/www.eldiario.net\/portal\/wp-json\/wp\/v2\/posts"}],"about":[{"href":"https:\/\/www.eldiario.net\/portal\/wp-json\/wp\/v2\/types\/post"}],"author":[{"embeddable":true,"href":"https:\/\/www.eldiario.net\/portal\/wp-json\/wp\/v2\/users\/1"}],"replies":[{"embeddable":true,"href":"https:\/\/www.eldiario.net\/portal\/wp-json\/wp\/v2\/comments?post=426575"}],"version-history":[{"count":1,"href":"https:\/\/www.eldiario.net\/portal\/wp-json\/wp\/v2\/posts\/426575\/revisions"}],"predecessor-version":[{"id":426577,"href":"https:\/\/www.eldiario.net\/portal\/wp-json\/wp\/v2\/posts\/426575\/revisions\/426577"}],"wp:featuredmedia":[{"embeddable":true,"href":"https:\/\/www.eldiario.net\/portal\/wp-json\/wp\/v2\/media\/426576"}],"wp:attachment":[{"href":"https:\/\/www.eldiario.net\/portal\/wp-json\/wp\/v2\/media?parent=426575"}],"wp:term":[{"taxonomy":"category","embeddable":true,"href":"https:\/\/www.eldiario.net\/portal\/wp-json\/wp\/v2\/categories?post=426575"},{"taxonomy":"post_tag","embeddable":true,"href":"https:\/\/www.eldiario.net\/portal\/wp-json\/wp\/v2\/tags?post=426575"}],"curies":[{"name":"wp","href":"https:\/\/api.w.org\/{rel}","templated":true}]}}