{"id":426572,"date":"2026-09-01T06:15:03","date_gmt":"2026-09-01T10:15:03","guid":{"rendered":"https:\/\/www.eldiario.net\/portal\/?p=426572"},"modified":"2026-09-01T06:15:03","modified_gmt":"2026-09-01T10:15:03","slug":"adrian-javier-alvarez-es-el-nuevo-comandante-de-la-policia-boliviana","status":"publish","type":"post","link":"https:\/\/www.eldiario.net\/portal\/2026\/09\/01\/adrian-javier-alvarez-es-el-nuevo-comandante-de-la-policia-boliviana\/","title":{"rendered":"Adri\u00e1n Javier \u00c1lvarez es el nuevo comandante de la Polic\u00eda Boliviana"},"content":{"rendered":"<p>El coronel Adri\u00e1n Javier \u00c1lvarez Arismendi asumi\u00f3, de manera interina, la comandancia general de la Polic\u00eda Boliviana, luego de la renuncia del general Mirko Sokol, quien permaneci\u00f3 nueve meses al frente de la instituci\u00f3n. El cambio de mando fue oficializado durante un acto en el Palacio de Gobierno, encabezado por el presidente del Estado, Rodrigo Paz Pereira.<\/p>\n<p>Junto con \u00c1lvarez tambi\u00e9n fueron posesionados, con car\u00e1cter interino, los coroneles Roger Roca Saavedra como subcomandante general y jefe del Estado Mayor Policial, y Franz William Cabrera Quispe como inspector general de la Polic\u00eda.<\/p>\n<p>La nueva conducci\u00f3n recibe una instituci\u00f3n que, durante los \u00faltimos meses, estuvo involucrada en operativos contra el narcotr\u00e1fico, conflictos sociales y procesos de fortalecimiento interno, pero que tambi\u00e9n llega al cambio de mando en medio de una investigaci\u00f3n fiscal relacionada con el denominado caso Audios, en el que Sokol fue denunciado por el vicepresidente Edmand Lara.<\/p>\n<p>Durante su primer discurso como comandante, \u00c1lvarez plante\u00f3 que su gesti\u00f3n estar\u00e1 enfocada en una transformaci\u00f3n del modelo policial, con mayor \u00e9nfasis en la prevenci\u00f3n, los controles internos y el acercamiento con la poblaci\u00f3n. Tambi\u00e9n anunci\u00f3 acciones contra el crimen organizado, el narcotr\u00e1fico, la trata y tr\u00e1fico de personas y el lavado de activos.<\/p>\n<p>El nuevo jefe policial sostuvo que su designaci\u00f3n responde a criterios internos de la instituci\u00f3n y destac\u00f3 la importancia de la carrera policial.<\/p>\n<p>\u201cEsta designaci\u00f3n que se ha realizado el d\u00eda de hoy respeta la institucionalidad, la antig\u00fcedad y la meritocracia de la instituci\u00f3n policial\u201d, afirm\u00f3 \u00c1lvarez.<\/p>\n<p>El comandante tambi\u00e9n se\u00f1al\u00f3 que la Polic\u00eda debe avanzar hacia un modelo diferente al aplicado durante las \u00faltimas d\u00e9cadas y que la prevenci\u00f3n tendr\u00e1 un papel central en la nueva etapa. Asegur\u00f3 que buscar\u00e1 conocer tanto las necesidades de los polic\u00edas como las demandas de seguridad de la poblaci\u00f3n.<\/p>\n<p>\u00c1lvarez asumi\u00f3 el mando en un contexto en el que el Gobierno pretende reforzar las capacidades operativas de la instituci\u00f3n y ampliar su presencia en zonas donde considera que el Estado todav\u00eda no tiene una cobertura suficiente.<\/p>\n<p>Paz, durante el acto, pidi\u00f3 a la nueva conducci\u00f3n resultados concretos y advirti\u00f3 que el uniforme policial no puede ser utilizado para favorecer intereses particulares o proteger actividades delictivas.<\/p>\n<p>\u201cNo puede existir tolerancia con quienes utilizan el uniforme para obtener beneficios personales, proteger criminales o traicionar la confianza de la sociedad\u201d, afirm\u00f3 el mandatario.<\/p>\n<p>El Presidente tambi\u00e9n vincul\u00f3 la nueva etapa policial con una pol\u00edtica de fortalecimiento institucional que contempla mejoras en capacitaci\u00f3n, log\u00edstica y coordinaci\u00f3n con otros pa\u00edses. Seg\u00fan Paz, estos cambios deben acompa\u00f1ar las acciones contra el narcotr\u00e1fico, el crimen organizado, el contrabando y la corrupci\u00f3n.<\/p>\n<p>La instrucci\u00f3n presidencial incluye adem\u00e1s recuperar la presencia estatal en territorios donde, seg\u00fan su diagn\u00f3stico, la institucionalidad no tiene una cobertura plena. Paz sostuvo que la lucha contra las estructuras criminales debe estar acompa\u00f1ada por la actuaci\u00f3n de las instituciones encargadas de investigar y sancionar los delitos.<\/p>\n<p>Para \u00c1lvarez, uno de los principales retos ser\u00e1 precisamente modificar la forma en que la Polic\u00eda aborda la seguridad. El nuevo comandante se\u00f1al\u00f3 que durante tres d\u00e9cadas se trabaj\u00f3 bajo un modelo basado en la Polic\u00eda comunitaria y plante\u00f3 la necesidad de incorporar nuevas herramientas para intervenir en los conflictos y responder a las demandas de la sociedad.<\/p>\n<p>\u201cNo vamos a permitir que nuestro pa\u00eds sea utilizado por estas organizaciones\u201d, sostuvo \u00c1lvarez al referirse al crimen organizado, el narcotr\u00e1fico, la trata y tr\u00e1fico de personas y el lavado de activos.<\/p>\n<p>El jefe policial a\u00f1adi\u00f3 que su administraci\u00f3n buscar\u00e1 establecer mecanismos de control y procesos de formaci\u00f3n interna, con el objetivo de fortalecer la doctrina institucional y mejorar la relaci\u00f3n entre los efectivos y la ciudadan\u00eda.<\/p>\n<p>Paz, por su parte, dej\u00f3 establecido que el respaldo del Ejecutivo al nuevo mando estar\u00e1 acompa\u00f1ado por una exigencia de resultados. El mandatario se\u00f1al\u00f3 que la modernizaci\u00f3n de la Polic\u00eda iniciada durante la gesti\u00f3n de Sokol deber\u00e1 continuar y profundizarse, adem\u00e1s de incorporar cooperaci\u00f3n t\u00e9cnica y log\u00edstica internacional.<\/p>\n<p>NUEVOS COMANDANTES<\/p>\n<p>\u00c1lvarez llega a la comandancia despu\u00e9s de ocupar distintos cargos dentro de la estructura policial. Entre sus \u00faltimas funciones estuvo la direcci\u00f3n nacional de Tecnolog\u00edas y Telem\u00e1tica de la Polic\u00eda Boliviana.<\/p>\n<p>Tambi\u00e9n estuvo al frente de la Polic\u00eda en El Alto, donde tuvo bajo su responsabilidad operativos vinculados con seguridad ciudadana, resguardo fronterizo y actividades preventivas en ferias comunitarias. Permaneci\u00f3 en ese cargo hasta mediados de 2026.<\/p>\n<p>La nueva autoridad cuenta adem\u00e1s con formaci\u00f3n de Mag\u00edster y Diplomado en Altos Estudios Superiores y tiene la acreditaci\u00f3n del Comando y Alta Direcci\u00f3n de la Polic\u00eda Boliviana, requisito para integrar el Alto Mando.<\/p>\n<p>Roca, quien ahora ocupa la subcomandancia general y la jefatura del Estado Mayor Policial, lleg\u00f3 al nuevo cargo despu\u00e9s de desempe\u00f1arse como comandante departamental de la Polic\u00eda en Tarija. Ejerci\u00f3 esa funci\u00f3n hasta agosto de 2026.<\/p>\n<p>Cabrera, en tanto, asumi\u00f3 como inspector general. Antes de su designaci\u00f3n estuvo al frente de la Fuerza Especial de Lucha Contra el Narcotr\u00e1fico (Felcn) durante las gestiones 2025 y 2026.<\/p>\n<p>Los tres fueron posesionados de manera interina, por lo que el cambio no supone \u00fanicamente la sustituci\u00f3n de Sokol, sino la conformaci\u00f3n de una nueva estructura de conducci\u00f3n para la Polic\u00eda en una etapa que el Gobierno pretende orientar hacia la modernizaci\u00f3n y el fortalecimiento operativo.<\/p>\n<p>GESTION DE SOKOL<\/p>\n<p>Mirko Sokol asumi\u00f3 la comandancia general de la Polic\u00eda en noviembre de 2025, tras la salida del general Augusto Russo. Durante su gesti\u00f3n plante\u00f3 como prioridades el fortalecimiento institucional y la lucha contra la corrupci\u00f3n.<\/p>\n<p>Uno de los principales resultados de su administraci\u00f3n fue la captura del narcotraficante uruguayo Sebasti\u00e1n Marset, el 13 de marzo de 2026 en Santa Cruz, en un operativo considerado uno de los golpes m\u00e1s importantes contra el narcotr\u00e1fico durante su gesti\u00f3n.<\/p>\n<p>Su paso por el mando tambi\u00e9n estuvo marcado por los conflictos sociales de mayo y junio, cuando la Polic\u00eda enfrent\u00f3 m\u00e1s de 50 d\u00edas de bloqueos y despleg\u00f3 operativos para restablecer la transitabilidad en distintas carreteras del pa\u00eds.<\/p>\n<p>En sus \u00faltimos d\u00edas al frente de la instituci\u00f3n, Sokol qued\u00f3 involucrado en el denominado caso Audios, luego de una denuncia presentada por el vicepresidente Edmand Lara. La exautoridad deb\u00eda declarar ante la Fiscal\u00eda el 28 de agosto, pero solicit\u00f3 la reprogramaci\u00f3n de su comparecencia.<\/p>\n<p>La renuncia fue confirmada este lunes. El ministro de Gobierno, Marco Antonio Oviedo, sostuvo que Sokol consideraba cumplido su ciclo, mientras que su abogado, Abel Loma, atribuy\u00f3 su salida tambi\u00e9n a presuntos ataques y presiones derivados de las acciones que, seg\u00fan afirm\u00f3, emprendi\u00f3 contra la corrupci\u00f3n dentro de la Polic\u00eda.<\/p>\n","protected":false},"excerpt":{"rendered":"<p>El coronel Adri\u00e1n Javier \u00c1lvarez Arismendi asumi\u00f3, de manera interina, la comandancia general de la Polic\u00eda Boliviana, luego de la renuncia del general Mirko Sokol, quien permaneci\u00f3 nueve meses al frente de la instituci\u00f3n. El cambio de mando fue oficializado durante un acto en el Palacio de Gobierno, encabezado por el presidente del Estado, Rodrigo [&hellip;]<\/p>\n","protected":false},"author":1,"featured_media":426573,"comment_status":"closed","ping_status":"open","sticky":false,"template":"","format":"standard","meta":{"_acf_changed":false,"footnotes":""},"categories":[15],"tags":[],"class_list":["post-426572","post","type-post","status-publish","format-standard","has-post-thumbnail","category-portada"],"acf":{"antetitulo":""},"yoast_head":"<!-- This site is optimized with the Yoast SEO plugin v28.3 - https:\/\/yoast.com\/product\/yoast-seo-wordpress\/ -->\n<title>Adri\u00e1n Javier \u00c1lvarez es el nuevo comandante de la Polic\u00eda Boliviana - El Diario - Bolivia<\/title>\n<meta name=\"robots\" content=\"index, follow, max-snippet:-1, max-image-preview:large, max-video-preview:-1\" \/>\n<link rel=\"canonical\" href=\"https:\/\/www.eldiario.net\/portal\/2026\/09\/01\/adrian-javier-alvarez-es-el-nuevo-comandante-de-la-policia-boliviana\/\" \/>\n<meta property=\"og:locale\" content=\"es_ES\" \/>\n<meta property=\"og:type\" content=\"article\" \/>\n<meta property=\"og:title\" content=\"Adri\u00e1n Javier \u00c1lvarez es el nuevo comandante de la Polic\u00eda Boliviana - El Diario - Bolivia\" \/>\n<meta property=\"og:description\" content=\"El coronel Adri\u00e1n Javier \u00c1lvarez Arismendi asumi\u00f3, de manera interina, la comandancia general de la Polic\u00eda Boliviana, luego de la renuncia del general Mirko Sokol, quien permaneci\u00f3 nueve meses al frente de la instituci\u00f3n. El cambio de mando fue oficializado durante un acto en el Palacio de Gobierno, encabezado por el presidente del Estado, Rodrigo [&hellip;]\" \/>\n<meta property=\"og:url\" content=\"https:\/\/www.eldiario.net\/portal\/2026\/09\/01\/adrian-javier-alvarez-es-el-nuevo-comandante-de-la-policia-boliviana\/\" \/>\n<meta property=\"og:site_name\" content=\"El Diario - Bolivia\" \/>\n<meta property=\"article:publisher\" content=\"https:\/\/www.facebook.com\/eldiario.bolivia\/\" \/>\n<meta property=\"article:published_time\" content=\"2026-09-01T10:15:03+00:00\" \/>\n<meta property=\"og:image\" content=\"https:\/\/www.eldiario.net\/portal\/wp-content\/uploads\/2026\/09\/ASUME-FOTO.webp\" \/>\n\t<meta property=\"og:image:width\" content=\"1280\" \/>\n\t<meta property=\"og:image:height\" content=\"852\" \/>\n\t<meta property=\"og:image:type\" content=\"image\/webp\" \/>\n<meta name=\"author\" content=\"Jeanette\" \/>\n<meta name=\"twitter:card\" content=\"summary_large_image\" \/>\n<meta name=\"twitter:creator\" content=\"@eldiario_net\" \/>\n<meta name=\"twitter:site\" content=\"@eldiario_net\" \/>\n<meta name=\"twitter:label1\" content=\"Escrito por\" \/>\n\t<meta name=\"twitter:data1\" content=\"Jeanette\" \/>\n\t<meta name=\"twitter:label2\" content=\"Tiempo de lectura\" \/>\n\t<meta name=\"twitter:data2\" content=\"6 minutos\" \/>\n<script type=\"application\/ld+json\" class=\"yoast-schema-graph\">{\"@context\":\"https:\\\/\\\/schema.org\",\"@graph\":[{\"@type\":\"Article\",\"@id\":\"https:\\\/\\\/www.eldiario.net\\\/portal\\\/2026\\\/09\\\/01\\\/adrian-javier-alvarez-es-el-nuevo-comandante-de-la-policia-boliviana\\\/#article\",\"isPartOf\":{\"@id\":\"https:\\\/\\\/www.eldiario.net\\\/portal\\\/2026\\\/09\\\/01\\\/adrian-javier-alvarez-es-el-nuevo-comandante-de-la-policia-boliviana\\\/\"},\"author\":{\"name\":\"Jeanette\",\"@id\":\"https:\\\/\\\/www.eldiario.net\\\/portal\\\/#\\\/schema\\\/person\\\/f46445640444750d7d753ccd04ae01b7\"},\"headline\":\"Adri\u00e1n Javier \u00c1lvarez es el nuevo comandante de la Polic\u00eda Boliviana\",\"datePublished\":\"2026-09-01T10:15:03+00:00\",\"mainEntityOfPage\":{\"@id\":\"https:\\\/\\\/www.eldiario.net\\\/portal\\\/2026\\\/09\\\/01\\\/adrian-javier-alvarez-es-el-nuevo-comandante-de-la-policia-boliviana\\\/\"},\"wordCount\":1200,\"publisher\":{\"@id\":\"https:\\\/\\\/www.eldiario.net\\\/portal\\\/#organization\"},\"image\":{\"@id\":\"https:\\\/\\\/www.eldiario.net\\\/portal\\\/2026\\\/09\\\/01\\\/adrian-javier-alvarez-es-el-nuevo-comandante-de-la-policia-boliviana\\\/#primaryimage\"},\"thumbnailUrl\":\"https:\\\/\\\/www.eldiario.net\\\/portal\\\/wp-content\\\/uploads\\\/2026\\\/09\\\/ASUME-FOTO.webp\",\"articleSection\":[\"Portada\"],\"inLanguage\":\"es\"},{\"@type\":\"WebPage\",\"@id\":\"https:\\\/\\\/www.eldiario.net\\\/portal\\\/2026\\\/09\\\/01\\\/adrian-javier-alvarez-es-el-nuevo-comandante-de-la-policia-boliviana\\\/\",\"url\":\"https:\\\/\\\/www.eldiario.net\\\/portal\\\/2026\\\/09\\\/01\\\/adrian-javier-alvarez-es-el-nuevo-comandante-de-la-policia-boliviana\\\/\",\"name\":\"Adri\u00e1n Javier \u00c1lvarez es el nuevo comandante de la Polic\u00eda Boliviana - El Diario - Bolivia\",\"isPartOf\":{\"@id\":\"https:\\\/\\\/www.eldiario.net\\\/portal\\\/#website\"},\"primaryImageOfPage\":{\"@id\":\"https:\\\/\\\/www.eldiario.net\\\/portal\\\/2026\\\/09\\\/01\\\/adrian-javier-alvarez-es-el-nuevo-comandante-de-la-policia-boliviana\\\/#primaryimage\"},\"image\":{\"@id\":\"https:\\\/\\\/www.eldiario.net\\\/portal\\\/2026\\\/09\\\/01\\\/adrian-javier-alvarez-es-el-nuevo-comandante-de-la-policia-boliviana\\\/#primaryimage\"},\"thumbnailUrl\":\"https:\\\/\\\/www.eldiario.net\\\/portal\\\/wp-content\\\/uploads\\\/2026\\\/09\\\/ASUME-FOTO.webp\",\"datePublished\":\"2026-09-01T10:15:03+00:00\",\"breadcrumb\":{\"@id\":\"https:\\\/\\\/www.eldiario.net\\\/portal\\\/2026\\\/09\\\/01\\\/adrian-javier-alvarez-es-el-nuevo-comandante-de-la-policia-boliviana\\\/#breadcrumb\"},\"inLanguage\":\"es\",\"potentialAction\":[{\"@type\":\"ReadAction\",\"target\":[\"https:\\\/\\\/www.eldiario.net\\\/portal\\\/2026\\\/09\\\/01\\\/adrian-javier-alvarez-es-el-nuevo-comandante-de-la-policia-boliviana\\\/\"]}]},{\"@type\":\"ImageObject\",\"inLanguage\":\"es\",\"@id\":\"https:\\\/\\\/www.eldiario.net\\\/portal\\\/2026\\\/09\\\/01\\\/adrian-javier-alvarez-es-el-nuevo-comandante-de-la-policia-boliviana\\\/#primaryimage\",\"url\":\"https:\\\/\\\/www.eldiario.net\\\/portal\\\/wp-content\\\/uploads\\\/2026\\\/09\\\/ASUME-FOTO.webp\",\"contentUrl\":\"https:\\\/\\\/www.eldiario.net\\\/portal\\\/wp-content\\\/uploads\\\/2026\\\/09\\\/ASUME-FOTO.webp\",\"width\":1280,\"height\":852,\"caption\":\"El subcomandante Roger Roca (izq,), el comandante Adri\u00e1n Javier \u00c1lvarez (centro) y el inspector general Franz William Cabrera (der.). Foto: RRSS\"},{\"@type\":\"BreadcrumbList\",\"@id\":\"https:\\\/\\\/www.eldiario.net\\\/portal\\\/2026\\\/09\\\/01\\\/adrian-javier-alvarez-es-el-nuevo-comandante-de-la-policia-boliviana\\\/#breadcrumb\",\"itemListElement\":[{\"@type\":\"ListItem\",\"position\":1,\"name\":\"Portada\",\"item\":\"https:\\\/\\\/www.eldiario.net\\\/portal\\\/\"},{\"@type\":\"ListItem\",\"position\":2,\"name\":\"Adri\u00e1n Javier \u00c1lvarez es el nuevo comandante de la Polic\u00eda Boliviana\"}]},{\"@type\":\"WebSite\",\"@id\":\"https:\\\/\\\/www.eldiario.net\\\/portal\\\/#website\",\"url\":\"https:\\\/\\\/www.eldiario.net\\\/portal\\\/\",\"name\":\"El Diario - Decano de la prensa nacional\",\"description\":\"El Diario - Decano de la prensa nacional\",\"publisher\":{\"@id\":\"https:\\\/\\\/www.eldiario.net\\\/portal\\\/#organization\"},\"potentialAction\":[{\"@type\":\"SearchAction\",\"target\":{\"@type\":\"EntryPoint\",\"urlTemplate\":\"https:\\\/\\\/www.eldiario.net\\\/portal\\\/?s={search_term_string}\"},\"query-input\":{\"@type\":\"PropertyValueSpecification\",\"valueRequired\":true,\"valueName\":\"search_term_string\"}}],\"inLanguage\":\"es\"},{\"@type\":\"Organization\",\"@id\":\"https:\\\/\\\/www.eldiario.net\\\/portal\\\/#organization\",\"name\":\"El Diario - Decano de la prensa nacional\",\"url\":\"https:\\\/\\\/www.eldiario.net\\\/portal\\\/\",\"logo\":{\"@type\":\"ImageObject\",\"inLanguage\":\"es\",\"@id\":\"https:\\\/\\\/www.eldiario.net\\\/portal\\\/#\\\/schema\\\/logo\\\/image\\\/\",\"url\":\"https:\\\/\\\/www.eldiario.net\\\/portal\\\/wp-content\\\/uploads\\\/2023\\\/07\\\/logo_ED.jpg\",\"contentUrl\":\"https:\\\/\\\/www.eldiario.net\\\/portal\\\/wp-content\\\/uploads\\\/2023\\\/07\\\/logo_ED.jpg\",\"width\":272,\"height\":52,\"caption\":\"El Diario - Decano de la prensa nacional\"},\"image\":{\"@id\":\"https:\\\/\\\/www.eldiario.net\\\/portal\\\/#\\\/schema\\\/logo\\\/image\\\/\"},\"sameAs\":[\"https:\\\/\\\/www.facebook.com\\\/eldiario.bolivia\\\/\",\"https:\\\/\\\/x.com\\\/eldiario_net\"]},{\"@type\":\"Person\",\"@id\":\"https:\\\/\\\/www.eldiario.net\\\/portal\\\/#\\\/schema\\\/person\\\/f46445640444750d7d753ccd04ae01b7\",\"name\":\"Jeanette\",\"image\":{\"@type\":\"ImageObject\",\"inLanguage\":\"es\",\"@id\":\"https:\\\/\\\/secure.gravatar.com\\\/avatar\\\/3ea2118a5f7dad2b7138b1187a6b7ee55f160b9968b66013c3a3ef39dd7e5798?s=96&d=mm&r=g\",\"url\":\"https:\\\/\\\/secure.gravatar.com\\\/avatar\\\/3ea2118a5f7dad2b7138b1187a6b7ee55f160b9968b66013c3a3ef39dd7e5798?s=96&d=mm&r=g\",\"contentUrl\":\"https:\\\/\\\/secure.gravatar.com\\\/avatar\\\/3ea2118a5f7dad2b7138b1187a6b7ee55f160b9968b66013c3a3ef39dd7e5798?s=96&d=mm&r=g\",\"caption\":\"Jeanette\"},\"sameAs\":[\"https:\\\/\\\/www.eldiario.net\\\/portal\"],\"url\":\"https:\\\/\\\/www.eldiario.net\\\/portal\\\/author\\\/jeanette\\\/\"}]}<\/script>\n<!-- \/ Yoast SEO plugin. -->","yoast_head_json":{"title":"Adri\u00e1n Javier \u00c1lvarez es el nuevo comandante de la Polic\u00eda Boliviana - El Diario - Bolivia","robots":{"index":"index","follow":"follow","max-snippet":"max-snippet:-1","max-image-preview":"max-image-preview:large","max-video-preview":"max-video-preview:-1"},"canonical":"https:\/\/www.eldiario.net\/portal\/2026\/09\/01\/adrian-javier-alvarez-es-el-nuevo-comandante-de-la-policia-boliviana\/","og_locale":"es_ES","og_type":"article","og_title":"Adri\u00e1n Javier \u00c1lvarez es el nuevo comandante de la Polic\u00eda Boliviana - El Diario - Bolivia","og_description":"El coronel Adri\u00e1n Javier \u00c1lvarez Arismendi asumi\u00f3, de manera interina, la comandancia general de la Polic\u00eda Boliviana, luego de la renuncia del general Mirko Sokol, quien permaneci\u00f3 nueve meses al frente de la instituci\u00f3n. El cambio de mando fue oficializado durante un acto en el Palacio de Gobierno, encabezado por el presidente del Estado, Rodrigo [&hellip;]","og_url":"https:\/\/www.eldiario.net\/portal\/2026\/09\/01\/adrian-javier-alvarez-es-el-nuevo-comandante-de-la-policia-boliviana\/","og_site_name":"El Diario - Bolivia","article_publisher":"https:\/\/www.facebook.com\/eldiario.bolivia\/","article_published_time":"2026-09-01T10:15:03+00:00","og_image":[{"width":1280,"height":852,"url":"https:\/\/www.eldiario.net\/portal\/wp-content\/uploads\/2026\/09\/ASUME-FOTO.webp","type":"image\/webp"}],"author":"Jeanette","twitter_card":"summary_large_image","twitter_creator":"@eldiario_net","twitter_site":"@eldiario_net","twitter_misc":{"Escrito por":"Jeanette","Tiempo de lectura":"6 minutos"},"schema":{"@context":"https:\/\/schema.org","@graph":[{"@type":"Article","@id":"https:\/\/www.eldiario.net\/portal\/2026\/09\/01\/adrian-javier-alvarez-es-el-nuevo-comandante-de-la-policia-boliviana\/#article","isPartOf":{"@id":"https:\/\/www.eldiario.net\/portal\/2026\/09\/01\/adrian-javier-alvarez-es-el-nuevo-comandante-de-la-policia-boliviana\/"},"author":{"name":"Jeanette","@id":"https:\/\/www.eldiario.net\/portal\/#\/schema\/person\/f46445640444750d7d753ccd04ae01b7"},"headline":"Adri\u00e1n Javier \u00c1lvarez es el nuevo comandante de la Polic\u00eda Boliviana","datePublished":"2026-09-01T10:15:03+00:00","mainEntityOfPage":{"@id":"https:\/\/www.eldiario.net\/portal\/2026\/09\/01\/adrian-javier-alvarez-es-el-nuevo-comandante-de-la-policia-boliviana\/"},"wordCount":1200,"publisher":{"@id":"https:\/\/www.eldiario.net\/portal\/#organization"},"image":{"@id":"https:\/\/www.eldiario.net\/portal\/2026\/09\/01\/adrian-javier-alvarez-es-el-nuevo-comandante-de-la-policia-boliviana\/#primaryimage"},"thumbnailUrl":"https:\/\/www.eldiario.net\/portal\/wp-content\/uploads\/2026\/09\/ASUME-FOTO.webp","articleSection":["Portada"],"inLanguage":"es"},{"@type":"WebPage","@id":"https:\/\/www.eldiario.net\/portal\/2026\/09\/01\/adrian-javier-alvarez-es-el-nuevo-comandante-de-la-policia-boliviana\/","url":"https:\/\/www.eldiario.net\/portal\/2026\/09\/01\/adrian-javier-alvarez-es-el-nuevo-comandante-de-la-policia-boliviana\/","name":"Adri\u00e1n Javier \u00c1lvarez es el nuevo comandante de la Polic\u00eda Boliviana - El Diario - Bolivia","isPartOf":{"@id":"https:\/\/www.eldiario.net\/portal\/#website"},"primaryImageOfPage":{"@id":"https:\/\/www.eldiario.net\/portal\/2026\/09\/01\/adrian-javier-alvarez-es-el-nuevo-comandante-de-la-policia-boliviana\/#primaryimage"},"image":{"@id":"https:\/\/www.eldiario.net\/portal\/2026\/09\/01\/adrian-javier-alvarez-es-el-nuevo-comandante-de-la-policia-boliviana\/#primaryimage"},"thumbnailUrl":"https:\/\/www.eldiario.net\/portal\/wp-content\/uploads\/2026\/09\/ASUME-FOTO.webp","datePublished":"2026-09-01T10:15:03+00:00","breadcrumb":{"@id":"https:\/\/www.eldiario.net\/portal\/2026\/09\/01\/adrian-javier-alvarez-es-el-nuevo-comandante-de-la-policia-boliviana\/#breadcrumb"},"inLanguage":"es","potentialAction":[{"@type":"ReadAction","target":["https:\/\/www.eldiario.net\/portal\/2026\/09\/01\/adrian-javier-alvarez-es-el-nuevo-comandante-de-la-policia-boliviana\/"]}]},{"@type":"ImageObject","inLanguage":"es","@id":"https:\/\/www.eldiario.net\/portal\/2026\/09\/01\/adrian-javier-alvarez-es-el-nuevo-comandante-de-la-policia-boliviana\/#primaryimage","url":"https:\/\/www.eldiario.net\/portal\/wp-content\/uploads\/2026\/09\/ASUME-FOTO.webp","contentUrl":"https:\/\/www.eldiario.net\/portal\/wp-content\/uploads\/2026\/09\/ASUME-FOTO.webp","width":1280,"height":852,"caption":"El subcomandante Roger Roca (izq,), el comandante Adri\u00e1n Javier \u00c1lvarez (centro) y el inspector general Franz William Cabrera (der.). Foto: RRSS"},{"@type":"BreadcrumbList","@id":"https:\/\/www.eldiario.net\/portal\/2026\/09\/01\/adrian-javier-alvarez-es-el-nuevo-comandante-de-la-policia-boliviana\/#breadcrumb","itemListElement":[{"@type":"ListItem","position":1,"name":"Portada","item":"https:\/\/www.eldiario.net\/portal\/"},{"@type":"ListItem","position":2,"name":"Adri\u00e1n Javier \u00c1lvarez es el nuevo comandante de la Polic\u00eda Boliviana"}]},{"@type":"WebSite","@id":"https:\/\/www.eldiario.net\/portal\/#website","url":"https:\/\/www.eldiario.net\/portal\/","name":"El Diario - Decano de la prensa nacional","description":"El Diario - Decano de la prensa nacional","publisher":{"@id":"https:\/\/www.eldiario.net\/portal\/#organization"},"potentialAction":[{"@type":"SearchAction","target":{"@type":"EntryPoint","urlTemplate":"https:\/\/www.eldiario.net\/portal\/?s={search_term_string}"},"query-input":{"@type":"PropertyValueSpecification","valueRequired":true,"valueName":"search_term_string"}}],"inLanguage":"es"},{"@type":"Organization","@id":"https:\/\/www.eldiario.net\/portal\/#organization","name":"El Diario - Decano de la prensa nacional","url":"https:\/\/www.eldiario.net\/portal\/","logo":{"@type":"ImageObject","inLanguage":"es","@id":"https:\/\/www.eldiario.net\/portal\/#\/schema\/logo\/image\/","url":"https:\/\/www.eldiario.net\/portal\/wp-content\/uploads\/2023\/07\/logo_ED.jpg","contentUrl":"https:\/\/www.eldiario.net\/portal\/wp-content\/uploads\/2023\/07\/logo_ED.jpg","width":272,"height":52,"caption":"El Diario - Decano de la prensa nacional"},"image":{"@id":"https:\/\/www.eldiario.net\/portal\/#\/schema\/logo\/image\/"},"sameAs":["https:\/\/www.facebook.com\/eldiario.bolivia\/","https:\/\/x.com\/eldiario_net"]},{"@type":"Person","@id":"https:\/\/www.eldiario.net\/portal\/#\/schema\/person\/f46445640444750d7d753ccd04ae01b7","name":"Jeanette","image":{"@type":"ImageObject","inLanguage":"es","@id":"https:\/\/secure.gravatar.com\/avatar\/3ea2118a5f7dad2b7138b1187a6b7ee55f160b9968b66013c3a3ef39dd7e5798?s=96&d=mm&r=g","url":"https:\/\/secure.gravatar.com\/avatar\/3ea2118a5f7dad2b7138b1187a6b7ee55f160b9968b66013c3a3ef39dd7e5798?s=96&d=mm&r=g","contentUrl":"https:\/\/secure.gravatar.com\/avatar\/3ea2118a5f7dad2b7138b1187a6b7ee55f160b9968b66013c3a3ef39dd7e5798?s=96&d=mm&r=g","caption":"Jeanette"},"sameAs":["https:\/\/www.eldiario.net\/portal"],"url":"https:\/\/www.eldiario.net\/portal\/author\/jeanette\/"}]}},"_links":{"self":[{"href":"https:\/\/www.eldiario.net\/portal\/wp-json\/wp\/v2\/posts\/426572","targetHints":{"allow":["GET"]}}],"collection":[{"href":"https:\/\/www.eldiario.net\/portal\/wp-json\/wp\/v2\/posts"}],"about":[{"href":"https:\/\/www.eldiario.net\/portal\/wp-json\/wp\/v2\/types\/post"}],"author":[{"embeddable":true,"href":"https:\/\/www.eldiario.net\/portal\/wp-json\/wp\/v2\/users\/1"}],"replies":[{"embeddable":true,"href":"https:\/\/www.eldiario.net\/portal\/wp-json\/wp\/v2\/comments?post=426572"}],"version-history":[{"count":1,"href":"https:\/\/www.eldiario.net\/portal\/wp-json\/wp\/v2\/posts\/426572\/revisions"}],"predecessor-version":[{"id":426574,"href":"https:\/\/www.eldiario.net\/portal\/wp-json\/wp\/v2\/posts\/426572\/revisions\/426574"}],"wp:featuredmedia":[{"embeddable":true,"href":"https:\/\/www.eldiario.net\/portal\/wp-json\/wp\/v2\/media\/426573"}],"wp:attachment":[{"href":"https:\/\/www.eldiario.net\/portal\/wp-json\/wp\/v2\/media?parent=426572"}],"wp:term":[{"taxonomy":"category","embeddable":true,"href":"https:\/\/www.eldiario.net\/portal\/wp-json\/wp\/v2\/categories?post=426572"},{"taxonomy":"post_tag","embeddable":true,"href":"https:\/\/www.eldiario.net\/portal\/wp-json\/wp\/v2\/tags?post=426572"}],"curies":[{"name":"wp","href":"https:\/\/api.w.org\/{rel}","templated":true}]}}