{"id":426569,"date":"2026-09-01T06:14:24","date_gmt":"2026-09-01T10:14:24","guid":{"rendered":"https:\/\/www.eldiario.net\/portal\/?p=426569"},"modified":"2026-09-01T06:14:24","modified_gmt":"2026-09-01T10:14:24","slug":"gobierno-descarta-abrogacion-y-plantea-ajustar-la-norma","status":"publish","type":"post","link":"https:\/\/www.eldiario.net\/portal\/2026\/09\/01\/gobierno-descarta-abrogacion-y-plantea-ajustar-la-norma\/","title":{"rendered":"Gobierno descarta abrogaci\u00f3n  y plantea ajustar la norma"},"content":{"rendered":"<p>El Gobierno descart\u00f3 la abrogaci\u00f3n del Decreto Supremo 5676 y plante\u00f3 realizar ajustes a la norma para garantizar el abastecimiento de di\u00e9sel sin profundizar el impacto econ\u00f3mico que representa para el Estado la importaci\u00f3n del carburante.<\/p>\n<p>La posici\u00f3n fue expresada por el vocero de Gobierno, Jos\u00e9 Luis G\u00e1lvez, despu\u00e9s de una reuni\u00f3n entre autoridades del Ejecutivo, YPFB y representantes del Comit\u00e9 Pro Santa Cruz, en la que se evaluaron los compromisos asumidos frente a la crisis de abastecimiento.<\/p>\n<p>G\u00e1lvez explic\u00f3 que el encuentro permiti\u00f3 revisar los avances de la agenda acordada y analizar otras alternativas trabajadas durante el fin de semana con sectores productivos.<\/p>\n<p>\u201cHab\u00eda una agenda, nos hab\u00edamos puesto de acuerdo en trabajar y venimos a revisar el cumplimiento de esa agenda y otras cosas que se han venido trabajando durante el fin de semana con el sector productivo\u201d, se\u00f1al\u00f3.<\/p>\n<p>Sobre el pedido de abrogaci\u00f3n del Decreto 5676, cuestionado por establecer un precio diferenciado del di\u00e9sel para grandes consumidores, el vocero sostuvo que eliminar la disposici\u00f3n implicar\u00eda mantener un esquema en el que el Estado adquiere el combustible a un precio elevado en el exterior y lo comercializa internamente a un valor menor.<\/p>\n<p>\u201cLa realidad es que el di\u00e9sel cuesta inmensamente caro fuera de nuestras fronteras y quitar esa norma es decir que compramos caro para vender barato internamente, y eso nos trae inmensas dificultades\u201d, afirm\u00f3.<\/p>\n<p>En ese contexto, G\u00e1lvez indic\u00f3 que la prioridad del Ejecutivo es asegurar la disponibilidad de carburantes para evitar mayores efectos sobre la producci\u00f3n y otras actividades econ\u00f3micas.<\/p>\n<p>\u201cLa premisa fundamental es que haya combustible. Necesitamos energ\u00eda para poder seguir produciendo y esa es la prioridad n\u00famero uno\u201d, manifest\u00f3.<\/p>\n<p>El Gobierno, seg\u00fan el vocero, considera que la salida pasa por introducir modificaciones a la medida vigente antes que eliminarla por completo.<\/p>\n<p>\u201cLa medida m\u00e1s inteligente, m\u00e1s sabia no es simplemente quitar esta medida, sino mejorarla para que encontremos la soluci\u00f3n de pronto\u201d, sostuvo.<\/p>\n<p>Tras concluir el encuentro con las autoridades gubernamentales, la dirigencia del Comit\u00e9 Pro Santa Cruz inici\u00f3 una reuni\u00f3n reservada para analizar los resultados del di\u00e1logo y definir una posici\u00f3n sobre las propuestas planteadas por el Ejecutivo. (Santa Cruz, agencias)<\/p>\n","protected":false},"excerpt":{"rendered":"<p>El Gobierno descart\u00f3 la abrogaci\u00f3n del Decreto Supremo 5676 y plante\u00f3 realizar ajustes a la norma para garantizar el abastecimiento de di\u00e9sel sin profundizar el impacto econ\u00f3mico que representa para el Estado la importaci\u00f3n del carburante. La posici\u00f3n fue expresada por el vocero de Gobierno, Jos\u00e9 Luis G\u00e1lvez, despu\u00e9s de una reuni\u00f3n entre autoridades del [&hellip;]<\/p>\n","protected":false},"author":1,"featured_media":426570,"comment_status":"closed","ping_status":"open","sticky":false,"template":"","format":"standard","meta":{"_acf_changed":false,"footnotes":""},"categories":[15],"tags":[],"class_list":["post-426569","post","type-post","status-publish","format-standard","has-post-thumbnail","category-portada"],"acf":{"antetitulo":"Decreto 5676"},"yoast_head":"<!-- This site is optimized with the Yoast SEO plugin v28.3 - https:\/\/yoast.com\/product\/yoast-seo-wordpress\/ -->\n<title>Gobierno descarta abrogaci\u00f3n y plantea ajustar la norma - El Diario - Bolivia<\/title>\n<meta name=\"robots\" content=\"index, follow, max-snippet:-1, max-image-preview:large, max-video-preview:-1\" \/>\n<link rel=\"canonical\" href=\"https:\/\/www.eldiario.net\/portal\/2026\/09\/01\/gobierno-descarta-abrogacion-y-plantea-ajustar-la-norma\/\" \/>\n<meta property=\"og:locale\" content=\"es_ES\" \/>\n<meta property=\"og:type\" content=\"article\" \/>\n<meta property=\"og:title\" content=\"Gobierno descarta abrogaci\u00f3n y plantea ajustar la norma - El Diario - Bolivia\" \/>\n<meta property=\"og:description\" content=\"El Gobierno descart\u00f3 la abrogaci\u00f3n del Decreto Supremo 5676 y plante\u00f3 realizar ajustes a la norma para garantizar el abastecimiento de di\u00e9sel sin profundizar el impacto econ\u00f3mico que representa para el Estado la importaci\u00f3n del carburante. La posici\u00f3n fue expresada por el vocero de Gobierno, Jos\u00e9 Luis G\u00e1lvez, despu\u00e9s de una reuni\u00f3n entre autoridades del [&hellip;]\" \/>\n<meta property=\"og:url\" content=\"https:\/\/www.eldiario.net\/portal\/2026\/09\/01\/gobierno-descarta-abrogacion-y-plantea-ajustar-la-norma\/\" \/>\n<meta property=\"og:site_name\" content=\"El Diario - Bolivia\" \/>\n<meta property=\"article:publisher\" content=\"https:\/\/www.facebook.com\/eldiario.bolivia\/\" \/>\n<meta property=\"article:published_time\" content=\"2026-09-01T10:14:24+00:00\" \/>\n<meta property=\"og:image\" content=\"https:\/\/www.eldiario.net\/portal\/wp-content\/uploads\/2026\/09\/BOBIERNO-FOTO.webp\" \/>\n\t<meta property=\"og:image:width\" content=\"800\" \/>\n\t<meta property=\"og:image:height\" content=\"450\" \/>\n\t<meta property=\"og:image:type\" content=\"image\/webp\" \/>\n<meta name=\"author\" content=\"Jeanette\" \/>\n<meta name=\"twitter:card\" content=\"summary_large_image\" \/>\n<meta name=\"twitter:creator\" content=\"@eldiario_net\" \/>\n<meta name=\"twitter:site\" content=\"@eldiario_net\" \/>\n<meta name=\"twitter:label1\" content=\"Escrito por\" \/>\n\t<meta name=\"twitter:data1\" content=\"Jeanette\" \/>\n\t<meta name=\"twitter:label2\" content=\"Tiempo de lectura\" \/>\n\t<meta name=\"twitter:data2\" content=\"2 minutos\" \/>\n<script type=\"application\/ld+json\" class=\"yoast-schema-graph\">{\"@context\":\"https:\\\/\\\/schema.org\",\"@graph\":[{\"@type\":\"Article\",\"@id\":\"https:\\\/\\\/www.eldiario.net\\\/portal\\\/2026\\\/09\\\/01\\\/gobierno-descarta-abrogacion-y-plantea-ajustar-la-norma\\\/#article\",\"isPartOf\":{\"@id\":\"https:\\\/\\\/www.eldiario.net\\\/portal\\\/2026\\\/09\\\/01\\\/gobierno-descarta-abrogacion-y-plantea-ajustar-la-norma\\\/\"},\"author\":{\"name\":\"Jeanette\",\"@id\":\"https:\\\/\\\/www.eldiario.net\\\/portal\\\/#\\\/schema\\\/person\\\/f46445640444750d7d753ccd04ae01b7\"},\"headline\":\"Gobierno descarta abrogaci\u00f3n y plantea ajustar la norma\",\"datePublished\":\"2026-09-01T10:14:24+00:00\",\"mainEntityOfPage\":{\"@id\":\"https:\\\/\\\/www.eldiario.net\\\/portal\\\/2026\\\/09\\\/01\\\/gobierno-descarta-abrogacion-y-plantea-ajustar-la-norma\\\/\"},\"wordCount\":394,\"publisher\":{\"@id\":\"https:\\\/\\\/www.eldiario.net\\\/portal\\\/#organization\"},\"image\":{\"@id\":\"https:\\\/\\\/www.eldiario.net\\\/portal\\\/2026\\\/09\\\/01\\\/gobierno-descarta-abrogacion-y-plantea-ajustar-la-norma\\\/#primaryimage\"},\"thumbnailUrl\":\"https:\\\/\\\/www.eldiario.net\\\/portal\\\/wp-content\\\/uploads\\\/2026\\\/09\\\/BOBIERNO-FOTO.webp\",\"articleSection\":[\"Portada\"],\"inLanguage\":\"es\"},{\"@type\":\"WebPage\",\"@id\":\"https:\\\/\\\/www.eldiario.net\\\/portal\\\/2026\\\/09\\\/01\\\/gobierno-descarta-abrogacion-y-plantea-ajustar-la-norma\\\/\",\"url\":\"https:\\\/\\\/www.eldiario.net\\\/portal\\\/2026\\\/09\\\/01\\\/gobierno-descarta-abrogacion-y-plantea-ajustar-la-norma\\\/\",\"name\":\"Gobierno descarta abrogaci\u00f3n y plantea ajustar la norma - El Diario - Bolivia\",\"isPartOf\":{\"@id\":\"https:\\\/\\\/www.eldiario.net\\\/portal\\\/#website\"},\"primaryImageOfPage\":{\"@id\":\"https:\\\/\\\/www.eldiario.net\\\/portal\\\/2026\\\/09\\\/01\\\/gobierno-descarta-abrogacion-y-plantea-ajustar-la-norma\\\/#primaryimage\"},\"image\":{\"@id\":\"https:\\\/\\\/www.eldiario.net\\\/portal\\\/2026\\\/09\\\/01\\\/gobierno-descarta-abrogacion-y-plantea-ajustar-la-norma\\\/#primaryimage\"},\"thumbnailUrl\":\"https:\\\/\\\/www.eldiario.net\\\/portal\\\/wp-content\\\/uploads\\\/2026\\\/09\\\/BOBIERNO-FOTO.webp\",\"datePublished\":\"2026-09-01T10:14:24+00:00\",\"breadcrumb\":{\"@id\":\"https:\\\/\\\/www.eldiario.net\\\/portal\\\/2026\\\/09\\\/01\\\/gobierno-descarta-abrogacion-y-plantea-ajustar-la-norma\\\/#breadcrumb\"},\"inLanguage\":\"es\",\"potentialAction\":[{\"@type\":\"ReadAction\",\"target\":[\"https:\\\/\\\/www.eldiario.net\\\/portal\\\/2026\\\/09\\\/01\\\/gobierno-descarta-abrogacion-y-plantea-ajustar-la-norma\\\/\"]}]},{\"@type\":\"ImageObject\",\"inLanguage\":\"es\",\"@id\":\"https:\\\/\\\/www.eldiario.net\\\/portal\\\/2026\\\/09\\\/01\\\/gobierno-descarta-abrogacion-y-plantea-ajustar-la-norma\\\/#primaryimage\",\"url\":\"https:\\\/\\\/www.eldiario.net\\\/portal\\\/wp-content\\\/uploads\\\/2026\\\/09\\\/BOBIERNO-FOTO.webp\",\"contentUrl\":\"https:\\\/\\\/www.eldiario.net\\\/portal\\\/wp-content\\\/uploads\\\/2026\\\/09\\\/BOBIERNO-FOTO.webp\",\"width\":800,\"height\":450,\"caption\":\"El vocero presidencial, Jos\u00e9 Luis G\u00e1lvez. Foto: RRSS\"},{\"@type\":\"BreadcrumbList\",\"@id\":\"https:\\\/\\\/www.eldiario.net\\\/portal\\\/2026\\\/09\\\/01\\\/gobierno-descarta-abrogacion-y-plantea-ajustar-la-norma\\\/#breadcrumb\",\"itemListElement\":[{\"@type\":\"ListItem\",\"position\":1,\"name\":\"Portada\",\"item\":\"https:\\\/\\\/www.eldiario.net\\\/portal\\\/\"},{\"@type\":\"ListItem\",\"position\":2,\"name\":\"Gobierno descarta abrogaci\u00f3n y plantea ajustar la norma\"}]},{\"@type\":\"WebSite\",\"@id\":\"https:\\\/\\\/www.eldiario.net\\\/portal\\\/#website\",\"url\":\"https:\\\/\\\/www.eldiario.net\\\/portal\\\/\",\"name\":\"El Diario - Decano de la prensa nacional\",\"description\":\"El Diario - Decano de la prensa nacional\",\"publisher\":{\"@id\":\"https:\\\/\\\/www.eldiario.net\\\/portal\\\/#organization\"},\"potentialAction\":[{\"@type\":\"SearchAction\",\"target\":{\"@type\":\"EntryPoint\",\"urlTemplate\":\"https:\\\/\\\/www.eldiario.net\\\/portal\\\/?s={search_term_string}\"},\"query-input\":{\"@type\":\"PropertyValueSpecification\",\"valueRequired\":true,\"valueName\":\"search_term_string\"}}],\"inLanguage\":\"es\"},{\"@type\":\"Organization\",\"@id\":\"https:\\\/\\\/www.eldiario.net\\\/portal\\\/#organization\",\"name\":\"El Diario - Decano de la prensa nacional\",\"url\":\"https:\\\/\\\/www.eldiario.net\\\/portal\\\/\",\"logo\":{\"@type\":\"ImageObject\",\"inLanguage\":\"es\",\"@id\":\"https:\\\/\\\/www.eldiario.net\\\/portal\\\/#\\\/schema\\\/logo\\\/image\\\/\",\"url\":\"https:\\\/\\\/www.eldiario.net\\\/portal\\\/wp-content\\\/uploads\\\/2023\\\/07\\\/logo_ED.jpg\",\"contentUrl\":\"https:\\\/\\\/www.eldiario.net\\\/portal\\\/wp-content\\\/uploads\\\/2023\\\/07\\\/logo_ED.jpg\",\"width\":272,\"height\":52,\"caption\":\"El Diario - Decano de la prensa nacional\"},\"image\":{\"@id\":\"https:\\\/\\\/www.eldiario.net\\\/portal\\\/#\\\/schema\\\/logo\\\/image\\\/\"},\"sameAs\":[\"https:\\\/\\\/www.facebook.com\\\/eldiario.bolivia\\\/\",\"https:\\\/\\\/x.com\\\/eldiario_net\"]},{\"@type\":\"Person\",\"@id\":\"https:\\\/\\\/www.eldiario.net\\\/portal\\\/#\\\/schema\\\/person\\\/f46445640444750d7d753ccd04ae01b7\",\"name\":\"Jeanette\",\"image\":{\"@type\":\"ImageObject\",\"inLanguage\":\"es\",\"@id\":\"https:\\\/\\\/secure.gravatar.com\\\/avatar\\\/3ea2118a5f7dad2b7138b1187a6b7ee55f160b9968b66013c3a3ef39dd7e5798?s=96&d=mm&r=g\",\"url\":\"https:\\\/\\\/secure.gravatar.com\\\/avatar\\\/3ea2118a5f7dad2b7138b1187a6b7ee55f160b9968b66013c3a3ef39dd7e5798?s=96&d=mm&r=g\",\"contentUrl\":\"https:\\\/\\\/secure.gravatar.com\\\/avatar\\\/3ea2118a5f7dad2b7138b1187a6b7ee55f160b9968b66013c3a3ef39dd7e5798?s=96&d=mm&r=g\",\"caption\":\"Jeanette\"},\"sameAs\":[\"https:\\\/\\\/www.eldiario.net\\\/portal\"],\"url\":\"https:\\\/\\\/www.eldiario.net\\\/portal\\\/author\\\/jeanette\\\/\"}]}<\/script>\n<!-- \/ Yoast SEO plugin. -->","yoast_head_json":{"title":"Gobierno descarta abrogaci\u00f3n y plantea ajustar la norma - El Diario - Bolivia","robots":{"index":"index","follow":"follow","max-snippet":"max-snippet:-1","max-image-preview":"max-image-preview:large","max-video-preview":"max-video-preview:-1"},"canonical":"https:\/\/www.eldiario.net\/portal\/2026\/09\/01\/gobierno-descarta-abrogacion-y-plantea-ajustar-la-norma\/","og_locale":"es_ES","og_type":"article","og_title":"Gobierno descarta abrogaci\u00f3n y plantea ajustar la norma - El Diario - Bolivia","og_description":"El Gobierno descart\u00f3 la abrogaci\u00f3n del Decreto Supremo 5676 y plante\u00f3 realizar ajustes a la norma para garantizar el abastecimiento de di\u00e9sel sin profundizar el impacto econ\u00f3mico que representa para el Estado la importaci\u00f3n del carburante. La posici\u00f3n fue expresada por el vocero de Gobierno, Jos\u00e9 Luis G\u00e1lvez, despu\u00e9s de una reuni\u00f3n entre autoridades del [&hellip;]","og_url":"https:\/\/www.eldiario.net\/portal\/2026\/09\/01\/gobierno-descarta-abrogacion-y-plantea-ajustar-la-norma\/","og_site_name":"El Diario - Bolivia","article_publisher":"https:\/\/www.facebook.com\/eldiario.bolivia\/","article_published_time":"2026-09-01T10:14:24+00:00","og_image":[{"width":800,"height":450,"url":"https:\/\/www.eldiario.net\/portal\/wp-content\/uploads\/2026\/09\/BOBIERNO-FOTO.webp","type":"image\/webp"}],"author":"Jeanette","twitter_card":"summary_large_image","twitter_creator":"@eldiario_net","twitter_site":"@eldiario_net","twitter_misc":{"Escrito por":"Jeanette","Tiempo de lectura":"2 minutos"},"schema":{"@context":"https:\/\/schema.org","@graph":[{"@type":"Article","@id":"https:\/\/www.eldiario.net\/portal\/2026\/09\/01\/gobierno-descarta-abrogacion-y-plantea-ajustar-la-norma\/#article","isPartOf":{"@id":"https:\/\/www.eldiario.net\/portal\/2026\/09\/01\/gobierno-descarta-abrogacion-y-plantea-ajustar-la-norma\/"},"author":{"name":"Jeanette","@id":"https:\/\/www.eldiario.net\/portal\/#\/schema\/person\/f46445640444750d7d753ccd04ae01b7"},"headline":"Gobierno descarta abrogaci\u00f3n y plantea ajustar la norma","datePublished":"2026-09-01T10:14:24+00:00","mainEntityOfPage":{"@id":"https:\/\/www.eldiario.net\/portal\/2026\/09\/01\/gobierno-descarta-abrogacion-y-plantea-ajustar-la-norma\/"},"wordCount":394,"publisher":{"@id":"https:\/\/www.eldiario.net\/portal\/#organization"},"image":{"@id":"https:\/\/www.eldiario.net\/portal\/2026\/09\/01\/gobierno-descarta-abrogacion-y-plantea-ajustar-la-norma\/#primaryimage"},"thumbnailUrl":"https:\/\/www.eldiario.net\/portal\/wp-content\/uploads\/2026\/09\/BOBIERNO-FOTO.webp","articleSection":["Portada"],"inLanguage":"es"},{"@type":"WebPage","@id":"https:\/\/www.eldiario.net\/portal\/2026\/09\/01\/gobierno-descarta-abrogacion-y-plantea-ajustar-la-norma\/","url":"https:\/\/www.eldiario.net\/portal\/2026\/09\/01\/gobierno-descarta-abrogacion-y-plantea-ajustar-la-norma\/","name":"Gobierno descarta abrogaci\u00f3n y plantea ajustar la norma - El Diario - Bolivia","isPartOf":{"@id":"https:\/\/www.eldiario.net\/portal\/#website"},"primaryImageOfPage":{"@id":"https:\/\/www.eldiario.net\/portal\/2026\/09\/01\/gobierno-descarta-abrogacion-y-plantea-ajustar-la-norma\/#primaryimage"},"image":{"@id":"https:\/\/www.eldiario.net\/portal\/2026\/09\/01\/gobierno-descarta-abrogacion-y-plantea-ajustar-la-norma\/#primaryimage"},"thumbnailUrl":"https:\/\/www.eldiario.net\/portal\/wp-content\/uploads\/2026\/09\/BOBIERNO-FOTO.webp","datePublished":"2026-09-01T10:14:24+00:00","breadcrumb":{"@id":"https:\/\/www.eldiario.net\/portal\/2026\/09\/01\/gobierno-descarta-abrogacion-y-plantea-ajustar-la-norma\/#breadcrumb"},"inLanguage":"es","potentialAction":[{"@type":"ReadAction","target":["https:\/\/www.eldiario.net\/portal\/2026\/09\/01\/gobierno-descarta-abrogacion-y-plantea-ajustar-la-norma\/"]}]},{"@type":"ImageObject","inLanguage":"es","@id":"https:\/\/www.eldiario.net\/portal\/2026\/09\/01\/gobierno-descarta-abrogacion-y-plantea-ajustar-la-norma\/#primaryimage","url":"https:\/\/www.eldiario.net\/portal\/wp-content\/uploads\/2026\/09\/BOBIERNO-FOTO.webp","contentUrl":"https:\/\/www.eldiario.net\/portal\/wp-content\/uploads\/2026\/09\/BOBIERNO-FOTO.webp","width":800,"height":450,"caption":"El vocero presidencial, Jos\u00e9 Luis G\u00e1lvez. Foto: RRSS"},{"@type":"BreadcrumbList","@id":"https:\/\/www.eldiario.net\/portal\/2026\/09\/01\/gobierno-descarta-abrogacion-y-plantea-ajustar-la-norma\/#breadcrumb","itemListElement":[{"@type":"ListItem","position":1,"name":"Portada","item":"https:\/\/www.eldiario.net\/portal\/"},{"@type":"ListItem","position":2,"name":"Gobierno descarta abrogaci\u00f3n y plantea ajustar la norma"}]},{"@type":"WebSite","@id":"https:\/\/www.eldiario.net\/portal\/#website","url":"https:\/\/www.eldiario.net\/portal\/","name":"El Diario - Decano de la prensa nacional","description":"El Diario - Decano de la prensa nacional","publisher":{"@id":"https:\/\/www.eldiario.net\/portal\/#organization"},"potentialAction":[{"@type":"SearchAction","target":{"@type":"EntryPoint","urlTemplate":"https:\/\/www.eldiario.net\/portal\/?s={search_term_string}"},"query-input":{"@type":"PropertyValueSpecification","valueRequired":true,"valueName":"search_term_string"}}],"inLanguage":"es"},{"@type":"Organization","@id":"https:\/\/www.eldiario.net\/portal\/#organization","name":"El Diario - Decano de la prensa nacional","url":"https:\/\/www.eldiario.net\/portal\/","logo":{"@type":"ImageObject","inLanguage":"es","@id":"https:\/\/www.eldiario.net\/portal\/#\/schema\/logo\/image\/","url":"https:\/\/www.eldiario.net\/portal\/wp-content\/uploads\/2023\/07\/logo_ED.jpg","contentUrl":"https:\/\/www.eldiario.net\/portal\/wp-content\/uploads\/2023\/07\/logo_ED.jpg","width":272,"height":52,"caption":"El Diario - Decano de la prensa nacional"},"image":{"@id":"https:\/\/www.eldiario.net\/portal\/#\/schema\/logo\/image\/"},"sameAs":["https:\/\/www.facebook.com\/eldiario.bolivia\/","https:\/\/x.com\/eldiario_net"]},{"@type":"Person","@id":"https:\/\/www.eldiario.net\/portal\/#\/schema\/person\/f46445640444750d7d753ccd04ae01b7","name":"Jeanette","image":{"@type":"ImageObject","inLanguage":"es","@id":"https:\/\/secure.gravatar.com\/avatar\/3ea2118a5f7dad2b7138b1187a6b7ee55f160b9968b66013c3a3ef39dd7e5798?s=96&d=mm&r=g","url":"https:\/\/secure.gravatar.com\/avatar\/3ea2118a5f7dad2b7138b1187a6b7ee55f160b9968b66013c3a3ef39dd7e5798?s=96&d=mm&r=g","contentUrl":"https:\/\/secure.gravatar.com\/avatar\/3ea2118a5f7dad2b7138b1187a6b7ee55f160b9968b66013c3a3ef39dd7e5798?s=96&d=mm&r=g","caption":"Jeanette"},"sameAs":["https:\/\/www.eldiario.net\/portal"],"url":"https:\/\/www.eldiario.net\/portal\/author\/jeanette\/"}]}},"_links":{"self":[{"href":"https:\/\/www.eldiario.net\/portal\/wp-json\/wp\/v2\/posts\/426569","targetHints":{"allow":["GET"]}}],"collection":[{"href":"https:\/\/www.eldiario.net\/portal\/wp-json\/wp\/v2\/posts"}],"about":[{"href":"https:\/\/www.eldiario.net\/portal\/wp-json\/wp\/v2\/types\/post"}],"author":[{"embeddable":true,"href":"https:\/\/www.eldiario.net\/portal\/wp-json\/wp\/v2\/users\/1"}],"replies":[{"embeddable":true,"href":"https:\/\/www.eldiario.net\/portal\/wp-json\/wp\/v2\/comments?post=426569"}],"version-history":[{"count":1,"href":"https:\/\/www.eldiario.net\/portal\/wp-json\/wp\/v2\/posts\/426569\/revisions"}],"predecessor-version":[{"id":426571,"href":"https:\/\/www.eldiario.net\/portal\/wp-json\/wp\/v2\/posts\/426569\/revisions\/426571"}],"wp:featuredmedia":[{"embeddable":true,"href":"https:\/\/www.eldiario.net\/portal\/wp-json\/wp\/v2\/media\/426570"}],"wp:attachment":[{"href":"https:\/\/www.eldiario.net\/portal\/wp-json\/wp\/v2\/media?parent=426569"}],"wp:term":[{"taxonomy":"category","embeddable":true,"href":"https:\/\/www.eldiario.net\/portal\/wp-json\/wp\/v2\/categories?post=426569"},{"taxonomy":"post_tag","embeddable":true,"href":"https:\/\/www.eldiario.net\/portal\/wp-json\/wp\/v2\/tags?post=426569"}],"curies":[{"name":"wp","href":"https:\/\/api.w.org\/{rel}","templated":true}]}}