{"id":426566,"date":"2026-09-01T06:13:43","date_gmt":"2026-09-01T10:13:43","guid":{"rendered":"https:\/\/www.eldiario.net\/portal\/?p=426566"},"modified":"2026-09-01T06:13:43","modified_gmt":"2026-09-01T10:13:43","slug":"confirman-asamblea-de-la-crucenidad-por-crisis-del-diesel","status":"publish","type":"post","link":"https:\/\/www.eldiario.net\/portal\/2026\/09\/01\/confirman-asamblea-de-la-crucenidad-por-crisis-del-diesel\/","title":{"rendered":"Confirman Asamblea de la  Cruce\u00f1idad por crisis del di\u00e9sel"},"content":{"rendered":"<p>Ante la persistente escasez de di\u00e9sel y el rechazo al Decreto Supremo 5676, el Comit\u00e9 pro Santa Cruz determin\u00f3 encaminar la convocatoria a una Asamblea de la Cruce\u00f1idad, cuya fecha ser\u00e1 definida este martes 1 de septiembre en una reuni\u00f3n de Directorio ampliado.<\/p>\n<p>La decisi\u00f3n fue anunciada por el presidente de la instituci\u00f3n c\u00edvica, Stello Cochamanidis, luego de un encuentro con dirigentes de la C\u00e1mara Agropecuaria del Oriente (CAO), sector que advirti\u00f3 sobre las consecuencias del desabastecimiento en la actividad productiva.<\/p>\n<p>\u201cConvocamos al Directorio ampliado para el d\u00eda de ma\u00f1ana, martes 1 de septiembre, con el \u00fanico fin de determinar la fecha para una Asamblea de la Cruce\u00f1idad\u201d, sostuvo Cochamanidis en conferencia de prensa.<\/p>\n<p>La dirigencia c\u00edvica tambi\u00e9n ratific\u00f3 las resoluciones asumidas por el congreso agropecuario realizado la semana pasada, en el que se expres\u00f3 rechazo al Decreto Supremo 5676, que elimina la subvenci\u00f3n del di\u00e9sel para los grandes consumidores.<\/p>\n<p>Cochamanidis se\u00f1al\u00f3 que la falta de combustible contin\u00faa afectando a las provincias y al sector productivo, con posibles repercusiones sobre la campa\u00f1a agr\u00edcola y el abastecimiento de alimentos.<\/p>\n<p>Entre las propuestas impulsadas por los sectores movilizados figura la liberaci\u00f3n irrestricta de la importaci\u00f3n y comercializaci\u00f3n de combustibles por parte de privados, como una alternativa para ampliar la oferta y reducir los problemas de suministro.<\/p>\n<p>El Comit\u00e9 pro Santa Cruz tambi\u00e9n prev\u00e9 ampliar la coordinaci\u00f3n con otras regiones. Para este mi\u00e9rcoles est\u00e1 programada una reuni\u00f3n del Movimiento C\u00edvico Nacional, en la que se analizar\u00e1n acciones conjuntas frente a la crisis energ\u00e9tica.<\/p>\n<p>Con este escenario, la reuni\u00f3n de Directorio ampliado de este martes definir\u00e1 cu\u00e1ndo ser\u00e1 convocado el principal encuentro c\u00edvico regional para asumir una posici\u00f3n frente al desabastecimiento de di\u00e9sel y las medidas gubernamentales aplicadas al carburante. (Santa Cruz, agencias)<\/p>\n","protected":false},"excerpt":{"rendered":"<p>Ante la persistente escasez de di\u00e9sel y el rechazo al Decreto Supremo 5676, el Comit\u00e9 pro Santa Cruz determin\u00f3 encaminar la convocatoria a una Asamblea de la Cruce\u00f1idad, cuya fecha ser\u00e1 definida este martes 1 de septiembre en una reuni\u00f3n de Directorio ampliado. La decisi\u00f3n fue anunciada por el presidente de la instituci\u00f3n c\u00edvica, Stello [&hellip;]<\/p>\n","protected":false},"author":1,"featured_media":426567,"comment_status":"closed","ping_status":"open","sticky":false,"template":"","format":"standard","meta":{"_acf_changed":false,"footnotes":""},"categories":[15],"tags":[],"class_list":["post-426566","post","type-post","status-publish","format-standard","has-post-thumbnail","category-portada"],"acf":{"antetitulo":""},"yoast_head":"<!-- This site is optimized with the Yoast SEO plugin v28.3 - https:\/\/yoast.com\/product\/yoast-seo-wordpress\/ -->\n<title>Confirman Asamblea de la Cruce\u00f1idad por crisis del di\u00e9sel - El Diario - Bolivia<\/title>\n<meta name=\"robots\" content=\"index, follow, max-snippet:-1, max-image-preview:large, max-video-preview:-1\" \/>\n<link rel=\"canonical\" href=\"https:\/\/www.eldiario.net\/portal\/2026\/09\/01\/confirman-asamblea-de-la-crucenidad-por-crisis-del-diesel\/\" \/>\n<meta property=\"og:locale\" content=\"es_ES\" \/>\n<meta property=\"og:type\" content=\"article\" \/>\n<meta property=\"og:title\" content=\"Confirman Asamblea de la Cruce\u00f1idad por crisis del di\u00e9sel - El Diario - Bolivia\" \/>\n<meta property=\"og:description\" content=\"Ante la persistente escasez de di\u00e9sel y el rechazo al Decreto Supremo 5676, el Comit\u00e9 pro Santa Cruz determin\u00f3 encaminar la convocatoria a una Asamblea de la Cruce\u00f1idad, cuya fecha ser\u00e1 definida este martes 1 de septiembre en una reuni\u00f3n de Directorio ampliado. La decisi\u00f3n fue anunciada por el presidente de la instituci\u00f3n c\u00edvica, Stello [&hellip;]\" \/>\n<meta property=\"og:url\" content=\"https:\/\/www.eldiario.net\/portal\/2026\/09\/01\/confirman-asamblea-de-la-crucenidad-por-crisis-del-diesel\/\" \/>\n<meta property=\"og:site_name\" content=\"El Diario - Bolivia\" \/>\n<meta property=\"article:publisher\" content=\"https:\/\/www.facebook.com\/eldiario.bolivia\/\" \/>\n<meta property=\"article:published_time\" content=\"2026-09-01T10:13:43+00:00\" \/>\n<meta property=\"og:image\" content=\"https:\/\/www.eldiario.net\/portal\/wp-content\/uploads\/2026\/09\/DIESEL-FOTO.webp\" \/>\n\t<meta property=\"og:image:width\" content=\"800\" \/>\n\t<meta property=\"og:image:height\" content=\"450\" \/>\n\t<meta property=\"og:image:type\" content=\"image\/webp\" \/>\n<meta name=\"author\" content=\"Jeanette\" \/>\n<meta name=\"twitter:card\" content=\"summary_large_image\" \/>\n<meta name=\"twitter:creator\" content=\"@eldiario_net\" \/>\n<meta name=\"twitter:site\" content=\"@eldiario_net\" \/>\n<meta name=\"twitter:label1\" content=\"Escrito por\" \/>\n\t<meta name=\"twitter:data1\" content=\"Jeanette\" \/>\n\t<meta name=\"twitter:label2\" content=\"Tiempo de lectura\" \/>\n\t<meta name=\"twitter:data2\" content=\"2 minutos\" \/>\n<script type=\"application\/ld+json\" class=\"yoast-schema-graph\">{\"@context\":\"https:\\\/\\\/schema.org\",\"@graph\":[{\"@type\":\"Article\",\"@id\":\"https:\\\/\\\/www.eldiario.net\\\/portal\\\/2026\\\/09\\\/01\\\/confirman-asamblea-de-la-crucenidad-por-crisis-del-diesel\\\/#article\",\"isPartOf\":{\"@id\":\"https:\\\/\\\/www.eldiario.net\\\/portal\\\/2026\\\/09\\\/01\\\/confirman-asamblea-de-la-crucenidad-por-crisis-del-diesel\\\/\"},\"author\":{\"name\":\"Jeanette\",\"@id\":\"https:\\\/\\\/www.eldiario.net\\\/portal\\\/#\\\/schema\\\/person\\\/f46445640444750d7d753ccd04ae01b7\"},\"headline\":\"Confirman Asamblea de la Cruce\u00f1idad por crisis del di\u00e9sel\",\"datePublished\":\"2026-09-01T10:13:43+00:00\",\"mainEntityOfPage\":{\"@id\":\"https:\\\/\\\/www.eldiario.net\\\/portal\\\/2026\\\/09\\\/01\\\/confirman-asamblea-de-la-crucenidad-por-crisis-del-diesel\\\/\"},\"wordCount\":329,\"publisher\":{\"@id\":\"https:\\\/\\\/www.eldiario.net\\\/portal\\\/#organization\"},\"image\":{\"@id\":\"https:\\\/\\\/www.eldiario.net\\\/portal\\\/2026\\\/09\\\/01\\\/confirman-asamblea-de-la-crucenidad-por-crisis-del-diesel\\\/#primaryimage\"},\"thumbnailUrl\":\"https:\\\/\\\/www.eldiario.net\\\/portal\\\/wp-content\\\/uploads\\\/2026\\\/09\\\/DIESEL-FOTO.webp\",\"articleSection\":[\"Portada\"],\"inLanguage\":\"es\"},{\"@type\":\"WebPage\",\"@id\":\"https:\\\/\\\/www.eldiario.net\\\/portal\\\/2026\\\/09\\\/01\\\/confirman-asamblea-de-la-crucenidad-por-crisis-del-diesel\\\/\",\"url\":\"https:\\\/\\\/www.eldiario.net\\\/portal\\\/2026\\\/09\\\/01\\\/confirman-asamblea-de-la-crucenidad-por-crisis-del-diesel\\\/\",\"name\":\"Confirman Asamblea de la Cruce\u00f1idad por crisis del di\u00e9sel - El Diario - Bolivia\",\"isPartOf\":{\"@id\":\"https:\\\/\\\/www.eldiario.net\\\/portal\\\/#website\"},\"primaryImageOfPage\":{\"@id\":\"https:\\\/\\\/www.eldiario.net\\\/portal\\\/2026\\\/09\\\/01\\\/confirman-asamblea-de-la-crucenidad-por-crisis-del-diesel\\\/#primaryimage\"},\"image\":{\"@id\":\"https:\\\/\\\/www.eldiario.net\\\/portal\\\/2026\\\/09\\\/01\\\/confirman-asamblea-de-la-crucenidad-por-crisis-del-diesel\\\/#primaryimage\"},\"thumbnailUrl\":\"https:\\\/\\\/www.eldiario.net\\\/portal\\\/wp-content\\\/uploads\\\/2026\\\/09\\\/DIESEL-FOTO.webp\",\"datePublished\":\"2026-09-01T10:13:43+00:00\",\"breadcrumb\":{\"@id\":\"https:\\\/\\\/www.eldiario.net\\\/portal\\\/2026\\\/09\\\/01\\\/confirman-asamblea-de-la-crucenidad-por-crisis-del-diesel\\\/#breadcrumb\"},\"inLanguage\":\"es\",\"potentialAction\":[{\"@type\":\"ReadAction\",\"target\":[\"https:\\\/\\\/www.eldiario.net\\\/portal\\\/2026\\\/09\\\/01\\\/confirman-asamblea-de-la-crucenidad-por-crisis-del-diesel\\\/\"]}]},{\"@type\":\"ImageObject\",\"inLanguage\":\"es\",\"@id\":\"https:\\\/\\\/www.eldiario.net\\\/portal\\\/2026\\\/09\\\/01\\\/confirman-asamblea-de-la-crucenidad-por-crisis-del-diesel\\\/#primaryimage\",\"url\":\"https:\\\/\\\/www.eldiario.net\\\/portal\\\/wp-content\\\/uploads\\\/2026\\\/09\\\/DIESEL-FOTO.webp\",\"contentUrl\":\"https:\\\/\\\/www.eldiario.net\\\/portal\\\/wp-content\\\/uploads\\\/2026\\\/09\\\/DIESEL-FOTO.webp\",\"width\":800,\"height\":450,\"caption\":\"Reuni\u00f3n del Comit\u00e9 pro Santa Cruz. Foto: RRSS\"},{\"@type\":\"BreadcrumbList\",\"@id\":\"https:\\\/\\\/www.eldiario.net\\\/portal\\\/2026\\\/09\\\/01\\\/confirman-asamblea-de-la-crucenidad-por-crisis-del-diesel\\\/#breadcrumb\",\"itemListElement\":[{\"@type\":\"ListItem\",\"position\":1,\"name\":\"Portada\",\"item\":\"https:\\\/\\\/www.eldiario.net\\\/portal\\\/\"},{\"@type\":\"ListItem\",\"position\":2,\"name\":\"Confirman Asamblea de la Cruce\u00f1idad por crisis del di\u00e9sel\"}]},{\"@type\":\"WebSite\",\"@id\":\"https:\\\/\\\/www.eldiario.net\\\/portal\\\/#website\",\"url\":\"https:\\\/\\\/www.eldiario.net\\\/portal\\\/\",\"name\":\"El Diario - Decano de la prensa nacional\",\"description\":\"El Diario - Decano de la prensa nacional\",\"publisher\":{\"@id\":\"https:\\\/\\\/www.eldiario.net\\\/portal\\\/#organization\"},\"potentialAction\":[{\"@type\":\"SearchAction\",\"target\":{\"@type\":\"EntryPoint\",\"urlTemplate\":\"https:\\\/\\\/www.eldiario.net\\\/portal\\\/?s={search_term_string}\"},\"query-input\":{\"@type\":\"PropertyValueSpecification\",\"valueRequired\":true,\"valueName\":\"search_term_string\"}}],\"inLanguage\":\"es\"},{\"@type\":\"Organization\",\"@id\":\"https:\\\/\\\/www.eldiario.net\\\/portal\\\/#organization\",\"name\":\"El Diario - Decano de la prensa nacional\",\"url\":\"https:\\\/\\\/www.eldiario.net\\\/portal\\\/\",\"logo\":{\"@type\":\"ImageObject\",\"inLanguage\":\"es\",\"@id\":\"https:\\\/\\\/www.eldiario.net\\\/portal\\\/#\\\/schema\\\/logo\\\/image\\\/\",\"url\":\"https:\\\/\\\/www.eldiario.net\\\/portal\\\/wp-content\\\/uploads\\\/2023\\\/07\\\/logo_ED.jpg\",\"contentUrl\":\"https:\\\/\\\/www.eldiario.net\\\/portal\\\/wp-content\\\/uploads\\\/2023\\\/07\\\/logo_ED.jpg\",\"width\":272,\"height\":52,\"caption\":\"El Diario - Decano de la prensa nacional\"},\"image\":{\"@id\":\"https:\\\/\\\/www.eldiario.net\\\/portal\\\/#\\\/schema\\\/logo\\\/image\\\/\"},\"sameAs\":[\"https:\\\/\\\/www.facebook.com\\\/eldiario.bolivia\\\/\",\"https:\\\/\\\/x.com\\\/eldiario_net\"]},{\"@type\":\"Person\",\"@id\":\"https:\\\/\\\/www.eldiario.net\\\/portal\\\/#\\\/schema\\\/person\\\/f46445640444750d7d753ccd04ae01b7\",\"name\":\"Jeanette\",\"image\":{\"@type\":\"ImageObject\",\"inLanguage\":\"es\",\"@id\":\"https:\\\/\\\/secure.gravatar.com\\\/avatar\\\/3ea2118a5f7dad2b7138b1187a6b7ee55f160b9968b66013c3a3ef39dd7e5798?s=96&d=mm&r=g\",\"url\":\"https:\\\/\\\/secure.gravatar.com\\\/avatar\\\/3ea2118a5f7dad2b7138b1187a6b7ee55f160b9968b66013c3a3ef39dd7e5798?s=96&d=mm&r=g\",\"contentUrl\":\"https:\\\/\\\/secure.gravatar.com\\\/avatar\\\/3ea2118a5f7dad2b7138b1187a6b7ee55f160b9968b66013c3a3ef39dd7e5798?s=96&d=mm&r=g\",\"caption\":\"Jeanette\"},\"sameAs\":[\"https:\\\/\\\/www.eldiario.net\\\/portal\"],\"url\":\"https:\\\/\\\/www.eldiario.net\\\/portal\\\/author\\\/jeanette\\\/\"}]}<\/script>\n<!-- \/ Yoast SEO plugin. -->","yoast_head_json":{"title":"Confirman Asamblea de la Cruce\u00f1idad por crisis del di\u00e9sel - El Diario - Bolivia","robots":{"index":"index","follow":"follow","max-snippet":"max-snippet:-1","max-image-preview":"max-image-preview:large","max-video-preview":"max-video-preview:-1"},"canonical":"https:\/\/www.eldiario.net\/portal\/2026\/09\/01\/confirman-asamblea-de-la-crucenidad-por-crisis-del-diesel\/","og_locale":"es_ES","og_type":"article","og_title":"Confirman Asamblea de la Cruce\u00f1idad por crisis del di\u00e9sel - El Diario - Bolivia","og_description":"Ante la persistente escasez de di\u00e9sel y el rechazo al Decreto Supremo 5676, el Comit\u00e9 pro Santa Cruz determin\u00f3 encaminar la convocatoria a una Asamblea de la Cruce\u00f1idad, cuya fecha ser\u00e1 definida este martes 1 de septiembre en una reuni\u00f3n de Directorio ampliado. La decisi\u00f3n fue anunciada por el presidente de la instituci\u00f3n c\u00edvica, Stello [&hellip;]","og_url":"https:\/\/www.eldiario.net\/portal\/2026\/09\/01\/confirman-asamblea-de-la-crucenidad-por-crisis-del-diesel\/","og_site_name":"El Diario - Bolivia","article_publisher":"https:\/\/www.facebook.com\/eldiario.bolivia\/","article_published_time":"2026-09-01T10:13:43+00:00","og_image":[{"width":800,"height":450,"url":"https:\/\/www.eldiario.net\/portal\/wp-content\/uploads\/2026\/09\/DIESEL-FOTO.webp","type":"image\/webp"}],"author":"Jeanette","twitter_card":"summary_large_image","twitter_creator":"@eldiario_net","twitter_site":"@eldiario_net","twitter_misc":{"Escrito por":"Jeanette","Tiempo de lectura":"2 minutos"},"schema":{"@context":"https:\/\/schema.org","@graph":[{"@type":"Article","@id":"https:\/\/www.eldiario.net\/portal\/2026\/09\/01\/confirman-asamblea-de-la-crucenidad-por-crisis-del-diesel\/#article","isPartOf":{"@id":"https:\/\/www.eldiario.net\/portal\/2026\/09\/01\/confirman-asamblea-de-la-crucenidad-por-crisis-del-diesel\/"},"author":{"name":"Jeanette","@id":"https:\/\/www.eldiario.net\/portal\/#\/schema\/person\/f46445640444750d7d753ccd04ae01b7"},"headline":"Confirman Asamblea de la Cruce\u00f1idad por crisis del di\u00e9sel","datePublished":"2026-09-01T10:13:43+00:00","mainEntityOfPage":{"@id":"https:\/\/www.eldiario.net\/portal\/2026\/09\/01\/confirman-asamblea-de-la-crucenidad-por-crisis-del-diesel\/"},"wordCount":329,"publisher":{"@id":"https:\/\/www.eldiario.net\/portal\/#organization"},"image":{"@id":"https:\/\/www.eldiario.net\/portal\/2026\/09\/01\/confirman-asamblea-de-la-crucenidad-por-crisis-del-diesel\/#primaryimage"},"thumbnailUrl":"https:\/\/www.eldiario.net\/portal\/wp-content\/uploads\/2026\/09\/DIESEL-FOTO.webp","articleSection":["Portada"],"inLanguage":"es"},{"@type":"WebPage","@id":"https:\/\/www.eldiario.net\/portal\/2026\/09\/01\/confirman-asamblea-de-la-crucenidad-por-crisis-del-diesel\/","url":"https:\/\/www.eldiario.net\/portal\/2026\/09\/01\/confirman-asamblea-de-la-crucenidad-por-crisis-del-diesel\/","name":"Confirman Asamblea de la Cruce\u00f1idad por crisis del di\u00e9sel - El Diario - Bolivia","isPartOf":{"@id":"https:\/\/www.eldiario.net\/portal\/#website"},"primaryImageOfPage":{"@id":"https:\/\/www.eldiario.net\/portal\/2026\/09\/01\/confirman-asamblea-de-la-crucenidad-por-crisis-del-diesel\/#primaryimage"},"image":{"@id":"https:\/\/www.eldiario.net\/portal\/2026\/09\/01\/confirman-asamblea-de-la-crucenidad-por-crisis-del-diesel\/#primaryimage"},"thumbnailUrl":"https:\/\/www.eldiario.net\/portal\/wp-content\/uploads\/2026\/09\/DIESEL-FOTO.webp","datePublished":"2026-09-01T10:13:43+00:00","breadcrumb":{"@id":"https:\/\/www.eldiario.net\/portal\/2026\/09\/01\/confirman-asamblea-de-la-crucenidad-por-crisis-del-diesel\/#breadcrumb"},"inLanguage":"es","potentialAction":[{"@type":"ReadAction","target":["https:\/\/www.eldiario.net\/portal\/2026\/09\/01\/confirman-asamblea-de-la-crucenidad-por-crisis-del-diesel\/"]}]},{"@type":"ImageObject","inLanguage":"es","@id":"https:\/\/www.eldiario.net\/portal\/2026\/09\/01\/confirman-asamblea-de-la-crucenidad-por-crisis-del-diesel\/#primaryimage","url":"https:\/\/www.eldiario.net\/portal\/wp-content\/uploads\/2026\/09\/DIESEL-FOTO.webp","contentUrl":"https:\/\/www.eldiario.net\/portal\/wp-content\/uploads\/2026\/09\/DIESEL-FOTO.webp","width":800,"height":450,"caption":"Reuni\u00f3n del Comit\u00e9 pro Santa Cruz. Foto: RRSS"},{"@type":"BreadcrumbList","@id":"https:\/\/www.eldiario.net\/portal\/2026\/09\/01\/confirman-asamblea-de-la-crucenidad-por-crisis-del-diesel\/#breadcrumb","itemListElement":[{"@type":"ListItem","position":1,"name":"Portada","item":"https:\/\/www.eldiario.net\/portal\/"},{"@type":"ListItem","position":2,"name":"Confirman Asamblea de la Cruce\u00f1idad por crisis del di\u00e9sel"}]},{"@type":"WebSite","@id":"https:\/\/www.eldiario.net\/portal\/#website","url":"https:\/\/www.eldiario.net\/portal\/","name":"El Diario - Decano de la prensa nacional","description":"El Diario - Decano de la prensa nacional","publisher":{"@id":"https:\/\/www.eldiario.net\/portal\/#organization"},"potentialAction":[{"@type":"SearchAction","target":{"@type":"EntryPoint","urlTemplate":"https:\/\/www.eldiario.net\/portal\/?s={search_term_string}"},"query-input":{"@type":"PropertyValueSpecification","valueRequired":true,"valueName":"search_term_string"}}],"inLanguage":"es"},{"@type":"Organization","@id":"https:\/\/www.eldiario.net\/portal\/#organization","name":"El Diario - Decano de la prensa nacional","url":"https:\/\/www.eldiario.net\/portal\/","logo":{"@type":"ImageObject","inLanguage":"es","@id":"https:\/\/www.eldiario.net\/portal\/#\/schema\/logo\/image\/","url":"https:\/\/www.eldiario.net\/portal\/wp-content\/uploads\/2023\/07\/logo_ED.jpg","contentUrl":"https:\/\/www.eldiario.net\/portal\/wp-content\/uploads\/2023\/07\/logo_ED.jpg","width":272,"height":52,"caption":"El Diario - Decano de la prensa nacional"},"image":{"@id":"https:\/\/www.eldiario.net\/portal\/#\/schema\/logo\/image\/"},"sameAs":["https:\/\/www.facebook.com\/eldiario.bolivia\/","https:\/\/x.com\/eldiario_net"]},{"@type":"Person","@id":"https:\/\/www.eldiario.net\/portal\/#\/schema\/person\/f46445640444750d7d753ccd04ae01b7","name":"Jeanette","image":{"@type":"ImageObject","inLanguage":"es","@id":"https:\/\/secure.gravatar.com\/avatar\/3ea2118a5f7dad2b7138b1187a6b7ee55f160b9968b66013c3a3ef39dd7e5798?s=96&d=mm&r=g","url":"https:\/\/secure.gravatar.com\/avatar\/3ea2118a5f7dad2b7138b1187a6b7ee55f160b9968b66013c3a3ef39dd7e5798?s=96&d=mm&r=g","contentUrl":"https:\/\/secure.gravatar.com\/avatar\/3ea2118a5f7dad2b7138b1187a6b7ee55f160b9968b66013c3a3ef39dd7e5798?s=96&d=mm&r=g","caption":"Jeanette"},"sameAs":["https:\/\/www.eldiario.net\/portal"],"url":"https:\/\/www.eldiario.net\/portal\/author\/jeanette\/"}]}},"_links":{"self":[{"href":"https:\/\/www.eldiario.net\/portal\/wp-json\/wp\/v2\/posts\/426566","targetHints":{"allow":["GET"]}}],"collection":[{"href":"https:\/\/www.eldiario.net\/portal\/wp-json\/wp\/v2\/posts"}],"about":[{"href":"https:\/\/www.eldiario.net\/portal\/wp-json\/wp\/v2\/types\/post"}],"author":[{"embeddable":true,"href":"https:\/\/www.eldiario.net\/portal\/wp-json\/wp\/v2\/users\/1"}],"replies":[{"embeddable":true,"href":"https:\/\/www.eldiario.net\/portal\/wp-json\/wp\/v2\/comments?post=426566"}],"version-history":[{"count":1,"href":"https:\/\/www.eldiario.net\/portal\/wp-json\/wp\/v2\/posts\/426566\/revisions"}],"predecessor-version":[{"id":426568,"href":"https:\/\/www.eldiario.net\/portal\/wp-json\/wp\/v2\/posts\/426566\/revisions\/426568"}],"wp:featuredmedia":[{"embeddable":true,"href":"https:\/\/www.eldiario.net\/portal\/wp-json\/wp\/v2\/media\/426567"}],"wp:attachment":[{"href":"https:\/\/www.eldiario.net\/portal\/wp-json\/wp\/v2\/media?parent=426566"}],"wp:term":[{"taxonomy":"category","embeddable":true,"href":"https:\/\/www.eldiario.net\/portal\/wp-json\/wp\/v2\/categories?post=426566"},{"taxonomy":"post_tag","embeddable":true,"href":"https:\/\/www.eldiario.net\/portal\/wp-json\/wp\/v2\/tags?post=426566"}],"curies":[{"name":"wp","href":"https:\/\/api.w.org\/{rel}","templated":true}]}}