{"id":426560,"date":"2026-09-01T06:12:37","date_gmt":"2026-09-01T10:12:37","guid":{"rendered":"https:\/\/www.eldiario.net\/portal\/?p=426560"},"modified":"2026-09-01T06:12:37","modified_gmt":"2026-09-01T10:12:37","slug":"alcaldia-y-empresas-de-aseo-firman-contrato-modificatorio-de-ajuste-de-precios","status":"publish","type":"post","link":"https:\/\/www.eldiario.net\/portal\/2026\/09\/01\/alcaldia-y-empresas-de-aseo-firman-contrato-modificatorio-de-ajuste-de-precios\/","title":{"rendered":"Alcald\u00eda y empresas de aseo firman  contrato modificatorio de ajuste de precios"},"content":{"rendered":"<p>Luego de varios d\u00edas de perjuicio y una suspensi\u00f3n, autoridades de la Alcald\u00eda de La Paz y representantes de las empresas La Paz Limpia (LPL) y Trebol, firmaron el contrato Modificatorio de Ajuste de Precios para el recojo de basura de la urbe pace\u00f1a. Desde el municipio se inform\u00f3 que, como compensaci\u00f3n, las empresas concesionarias optimizar\u00e1n sus equipos.<\/p>\n<p>\u201cHa sido quiz\u00e1s una de las negociaciones m\u00e1s largas y complicadas que he tenido en mi vida (\u2026) lo \u00fanico que queremos es que esto nunca m\u00e1s vuelva a suceder, nunca m\u00e1s nuestra ciudad vuelva a quedarse sin este servicio\u201d, sostuvo el alcalde de La Paz, C\u00e9sar Dockweiler.<\/p>\n<p>La autoridad, recalc\u00f3 que no habr\u00e1 ning\u00fan incremento a la Tasa de Aseo Urbano que pagan los vecinos a trav\u00e9s de la factura de energ\u00eda el\u00e9ctrica. Adem\u00e1s, el acuerdo representa un importante resultado para la econom\u00eda de la ciudad, ya que permiti\u00f3 reducir de manera sustancial el monto inicialmente planteado para cubrir el ajuste de precios asociado al incremento del costo del di\u00e9sel.<\/p>\n<p>\u201cHoy estimamos que lo que se le va a pagar por el ajuste de precios por el tema del di\u00e9sel es de aproximadamente 2,8 millones de bolivianos hasta fin de a\u00f1o. Es decir, de 139 a 2,8, es una gran, pero gran diferencia\u201d, se\u00f1al\u00f3.<\/p>\n<p>Dockweiler explic\u00f3 que adem\u00e1s del reajuste, el acuerdo permitir\u00e1 aplicar un plan de optimizaci\u00f3n para mejorar la eficiencia del sistema de aseo urbano. \u201cTodos tendr\u00edamos que pensar en optimizar los servicios. \u00bfQu\u00e9 significa optimizar? M\u00e1s eficiencia sin reducir la calidad del servicio\u201d, indic\u00f3.<\/p>\n<p>En tanto, la representante de LPL, Rosmeri Gardeazabal, inform\u00f3 que ya no existe basura acumulada en la urbe y que ahora el trabajo consiste en recuperar la limpieza habitual de las calles. \u201cEl servicio ya se control\u00f3. Ya el viernes en la noche, s\u00e1bado en la madrugada, se hab\u00eda recolectado toda la basura que estaba acumulada\u201d, asegur\u00f3.<\/p>\n<p>Por su lado, el representante de Trebol, Marcelo C\u00e1rdenas, indic\u00f3 que, tras semanas complejas, las partes interesadas lograron un entendimiento. \u201cHan sido unas semanas un poco complicadas para todos, pero por suerte hemos llegado a un acuerdo\u201d, sostuvo a tiempo de acotar que la formalizaci\u00f3n definitiva est\u00e1 prevista para diciembre.<\/p>\n<p>DATOS<\/p>\n<p>El contrato actual con LPL tiene vigencia hasta 2030, mientras que el con Trebol es hasta 2038. Se aclar\u00f3 que la firma del documento no implica un cambio de empresas ni responde a otras interpretaciones, sino que da continuidad a los contratos vigentes, siempre que las empresas cumplan con las obligaciones establecidas.<\/p>\n","protected":false},"excerpt":{"rendered":"<p>Luego de varios d\u00edas de perjuicio y una suspensi\u00f3n, autoridades de la Alcald\u00eda de La Paz y representantes de las empresas La Paz Limpia (LPL) y Trebol, firmaron el contrato Modificatorio de Ajuste de Precios para el recojo de basura de la urbe pace\u00f1a. Desde el municipio se inform\u00f3 que, como compensaci\u00f3n, las empresas concesionarias [&hellip;]<\/p>\n","protected":false},"author":1,"featured_media":426561,"comment_status":"closed","ping_status":"open","sticky":false,"template":"","format":"standard","meta":{"_acf_changed":false,"footnotes":""},"categories":[15],"tags":[],"class_list":["post-426560","post","type-post","status-publish","format-standard","has-post-thumbnail","category-portada"],"acf":{"antetitulo":"Recojo de basura"},"yoast_head":"<!-- This site is optimized with the Yoast SEO plugin v28.3 - https:\/\/yoast.com\/product\/yoast-seo-wordpress\/ -->\n<title>Alcald\u00eda y empresas de aseo firman contrato modificatorio de ajuste de precios - El Diario - Bolivia<\/title>\n<meta name=\"robots\" content=\"index, follow, max-snippet:-1, max-image-preview:large, max-video-preview:-1\" \/>\n<link rel=\"canonical\" href=\"https:\/\/www.eldiario.net\/portal\/2026\/09\/01\/alcaldia-y-empresas-de-aseo-firman-contrato-modificatorio-de-ajuste-de-precios\/\" \/>\n<meta property=\"og:locale\" content=\"es_ES\" \/>\n<meta property=\"og:type\" content=\"article\" \/>\n<meta property=\"og:title\" content=\"Alcald\u00eda y empresas de aseo firman contrato modificatorio de ajuste de precios - El Diario - Bolivia\" \/>\n<meta property=\"og:description\" content=\"Luego de varios d\u00edas de perjuicio y una suspensi\u00f3n, autoridades de la Alcald\u00eda de La Paz y representantes de las empresas La Paz Limpia (LPL) y Trebol, firmaron el contrato Modificatorio de Ajuste de Precios para el recojo de basura de la urbe pace\u00f1a. Desde el municipio se inform\u00f3 que, como compensaci\u00f3n, las empresas concesionarias [&hellip;]\" \/>\n<meta property=\"og:url\" content=\"https:\/\/www.eldiario.net\/portal\/2026\/09\/01\/alcaldia-y-empresas-de-aseo-firman-contrato-modificatorio-de-ajuste-de-precios\/\" \/>\n<meta property=\"og:site_name\" content=\"El Diario - Bolivia\" \/>\n<meta property=\"article:publisher\" content=\"https:\/\/www.facebook.com\/eldiario.bolivia\/\" \/>\n<meta property=\"article:published_time\" content=\"2026-09-01T10:12:37+00:00\" \/>\n<meta property=\"og:image\" content=\"https:\/\/www.eldiario.net\/portal\/wp-content\/uploads\/2026\/09\/MODI-FOTO.webp\" \/>\n\t<meta property=\"og:image:width\" content=\"1280\" \/>\n\t<meta property=\"og:image:height\" content=\"853\" \/>\n\t<meta property=\"og:image:type\" content=\"image\/webp\" \/>\n<meta name=\"author\" content=\"Jeanette\" \/>\n<meta name=\"twitter:card\" content=\"summary_large_image\" \/>\n<meta name=\"twitter:creator\" content=\"@eldiario_net\" \/>\n<meta name=\"twitter:site\" content=\"@eldiario_net\" \/>\n<meta name=\"twitter:label1\" content=\"Escrito por\" \/>\n\t<meta name=\"twitter:data1\" content=\"Jeanette\" \/>\n\t<meta name=\"twitter:label2\" content=\"Tiempo de lectura\" \/>\n\t<meta name=\"twitter:data2\" content=\"3 minutos\" \/>\n<script type=\"application\/ld+json\" class=\"yoast-schema-graph\">{\"@context\":\"https:\\\/\\\/schema.org\",\"@graph\":[{\"@type\":\"Article\",\"@id\":\"https:\\\/\\\/www.eldiario.net\\\/portal\\\/2026\\\/09\\\/01\\\/alcaldia-y-empresas-de-aseo-firman-contrato-modificatorio-de-ajuste-de-precios\\\/#article\",\"isPartOf\":{\"@id\":\"https:\\\/\\\/www.eldiario.net\\\/portal\\\/2026\\\/09\\\/01\\\/alcaldia-y-empresas-de-aseo-firman-contrato-modificatorio-de-ajuste-de-precios\\\/\"},\"author\":{\"name\":\"Jeanette\",\"@id\":\"https:\\\/\\\/www.eldiario.net\\\/portal\\\/#\\\/schema\\\/person\\\/f46445640444750d7d753ccd04ae01b7\"},\"headline\":\"Alcald\u00eda y empresas de aseo firman contrato modificatorio de ajuste de precios\",\"datePublished\":\"2026-09-01T10:12:37+00:00\",\"mainEntityOfPage\":{\"@id\":\"https:\\\/\\\/www.eldiario.net\\\/portal\\\/2026\\\/09\\\/01\\\/alcaldia-y-empresas-de-aseo-firman-contrato-modificatorio-de-ajuste-de-precios\\\/\"},\"wordCount\":452,\"publisher\":{\"@id\":\"https:\\\/\\\/www.eldiario.net\\\/portal\\\/#organization\"},\"image\":{\"@id\":\"https:\\\/\\\/www.eldiario.net\\\/portal\\\/2026\\\/09\\\/01\\\/alcaldia-y-empresas-de-aseo-firman-contrato-modificatorio-de-ajuste-de-precios\\\/#primaryimage\"},\"thumbnailUrl\":\"https:\\\/\\\/www.eldiario.net\\\/portal\\\/wp-content\\\/uploads\\\/2026\\\/09\\\/MODI-FOTO.webp\",\"articleSection\":[\"Portada\"],\"inLanguage\":\"es\"},{\"@type\":\"WebPage\",\"@id\":\"https:\\\/\\\/www.eldiario.net\\\/portal\\\/2026\\\/09\\\/01\\\/alcaldia-y-empresas-de-aseo-firman-contrato-modificatorio-de-ajuste-de-precios\\\/\",\"url\":\"https:\\\/\\\/www.eldiario.net\\\/portal\\\/2026\\\/09\\\/01\\\/alcaldia-y-empresas-de-aseo-firman-contrato-modificatorio-de-ajuste-de-precios\\\/\",\"name\":\"Alcald\u00eda y empresas de aseo firman contrato modificatorio de ajuste de precios - El Diario - Bolivia\",\"isPartOf\":{\"@id\":\"https:\\\/\\\/www.eldiario.net\\\/portal\\\/#website\"},\"primaryImageOfPage\":{\"@id\":\"https:\\\/\\\/www.eldiario.net\\\/portal\\\/2026\\\/09\\\/01\\\/alcaldia-y-empresas-de-aseo-firman-contrato-modificatorio-de-ajuste-de-precios\\\/#primaryimage\"},\"image\":{\"@id\":\"https:\\\/\\\/www.eldiario.net\\\/portal\\\/2026\\\/09\\\/01\\\/alcaldia-y-empresas-de-aseo-firman-contrato-modificatorio-de-ajuste-de-precios\\\/#primaryimage\"},\"thumbnailUrl\":\"https:\\\/\\\/www.eldiario.net\\\/portal\\\/wp-content\\\/uploads\\\/2026\\\/09\\\/MODI-FOTO.webp\",\"datePublished\":\"2026-09-01T10:12:37+00:00\",\"breadcrumb\":{\"@id\":\"https:\\\/\\\/www.eldiario.net\\\/portal\\\/2026\\\/09\\\/01\\\/alcaldia-y-empresas-de-aseo-firman-contrato-modificatorio-de-ajuste-de-precios\\\/#breadcrumb\"},\"inLanguage\":\"es\",\"potentialAction\":[{\"@type\":\"ReadAction\",\"target\":[\"https:\\\/\\\/www.eldiario.net\\\/portal\\\/2026\\\/09\\\/01\\\/alcaldia-y-empresas-de-aseo-firman-contrato-modificatorio-de-ajuste-de-precios\\\/\"]}]},{\"@type\":\"ImageObject\",\"inLanguage\":\"es\",\"@id\":\"https:\\\/\\\/www.eldiario.net\\\/portal\\\/2026\\\/09\\\/01\\\/alcaldia-y-empresas-de-aseo-firman-contrato-modificatorio-de-ajuste-de-precios\\\/#primaryimage\",\"url\":\"https:\\\/\\\/www.eldiario.net\\\/portal\\\/wp-content\\\/uploads\\\/2026\\\/09\\\/MODI-FOTO.webp\",\"contentUrl\":\"https:\\\/\\\/www.eldiario.net\\\/portal\\\/wp-content\\\/uploads\\\/2026\\\/09\\\/MODI-FOTO.webp\",\"width\":1280,\"height\":853,\"caption\":\"Representante de LPL firma acuerdo con alcalde de La Paz. Foto: APG\"},{\"@type\":\"BreadcrumbList\",\"@id\":\"https:\\\/\\\/www.eldiario.net\\\/portal\\\/2026\\\/09\\\/01\\\/alcaldia-y-empresas-de-aseo-firman-contrato-modificatorio-de-ajuste-de-precios\\\/#breadcrumb\",\"itemListElement\":[{\"@type\":\"ListItem\",\"position\":1,\"name\":\"Portada\",\"item\":\"https:\\\/\\\/www.eldiario.net\\\/portal\\\/\"},{\"@type\":\"ListItem\",\"position\":2,\"name\":\"Alcald\u00eda y empresas de aseo firman contrato modificatorio de ajuste de precios\"}]},{\"@type\":\"WebSite\",\"@id\":\"https:\\\/\\\/www.eldiario.net\\\/portal\\\/#website\",\"url\":\"https:\\\/\\\/www.eldiario.net\\\/portal\\\/\",\"name\":\"El Diario - Decano de la prensa nacional\",\"description\":\"El Diario - Decano de la prensa nacional\",\"publisher\":{\"@id\":\"https:\\\/\\\/www.eldiario.net\\\/portal\\\/#organization\"},\"potentialAction\":[{\"@type\":\"SearchAction\",\"target\":{\"@type\":\"EntryPoint\",\"urlTemplate\":\"https:\\\/\\\/www.eldiario.net\\\/portal\\\/?s={search_term_string}\"},\"query-input\":{\"@type\":\"PropertyValueSpecification\",\"valueRequired\":true,\"valueName\":\"search_term_string\"}}],\"inLanguage\":\"es\"},{\"@type\":\"Organization\",\"@id\":\"https:\\\/\\\/www.eldiario.net\\\/portal\\\/#organization\",\"name\":\"El Diario - Decano de la prensa nacional\",\"url\":\"https:\\\/\\\/www.eldiario.net\\\/portal\\\/\",\"logo\":{\"@type\":\"ImageObject\",\"inLanguage\":\"es\",\"@id\":\"https:\\\/\\\/www.eldiario.net\\\/portal\\\/#\\\/schema\\\/logo\\\/image\\\/\",\"url\":\"https:\\\/\\\/www.eldiario.net\\\/portal\\\/wp-content\\\/uploads\\\/2023\\\/07\\\/logo_ED.jpg\",\"contentUrl\":\"https:\\\/\\\/www.eldiario.net\\\/portal\\\/wp-content\\\/uploads\\\/2023\\\/07\\\/logo_ED.jpg\",\"width\":272,\"height\":52,\"caption\":\"El Diario - Decano de la prensa nacional\"},\"image\":{\"@id\":\"https:\\\/\\\/www.eldiario.net\\\/portal\\\/#\\\/schema\\\/logo\\\/image\\\/\"},\"sameAs\":[\"https:\\\/\\\/www.facebook.com\\\/eldiario.bolivia\\\/\",\"https:\\\/\\\/x.com\\\/eldiario_net\"]},{\"@type\":\"Person\",\"@id\":\"https:\\\/\\\/www.eldiario.net\\\/portal\\\/#\\\/schema\\\/person\\\/f46445640444750d7d753ccd04ae01b7\",\"name\":\"Jeanette\",\"image\":{\"@type\":\"ImageObject\",\"inLanguage\":\"es\",\"@id\":\"https:\\\/\\\/secure.gravatar.com\\\/avatar\\\/3ea2118a5f7dad2b7138b1187a6b7ee55f160b9968b66013c3a3ef39dd7e5798?s=96&d=mm&r=g\",\"url\":\"https:\\\/\\\/secure.gravatar.com\\\/avatar\\\/3ea2118a5f7dad2b7138b1187a6b7ee55f160b9968b66013c3a3ef39dd7e5798?s=96&d=mm&r=g\",\"contentUrl\":\"https:\\\/\\\/secure.gravatar.com\\\/avatar\\\/3ea2118a5f7dad2b7138b1187a6b7ee55f160b9968b66013c3a3ef39dd7e5798?s=96&d=mm&r=g\",\"caption\":\"Jeanette\"},\"sameAs\":[\"https:\\\/\\\/www.eldiario.net\\\/portal\"],\"url\":\"https:\\\/\\\/www.eldiario.net\\\/portal\\\/author\\\/jeanette\\\/\"}]}<\/script>\n<!-- \/ Yoast SEO plugin. -->","yoast_head_json":{"title":"Alcald\u00eda y empresas de aseo firman contrato modificatorio de ajuste de precios - El Diario - Bolivia","robots":{"index":"index","follow":"follow","max-snippet":"max-snippet:-1","max-image-preview":"max-image-preview:large","max-video-preview":"max-video-preview:-1"},"canonical":"https:\/\/www.eldiario.net\/portal\/2026\/09\/01\/alcaldia-y-empresas-de-aseo-firman-contrato-modificatorio-de-ajuste-de-precios\/","og_locale":"es_ES","og_type":"article","og_title":"Alcald\u00eda y empresas de aseo firman contrato modificatorio de ajuste de precios - El Diario - Bolivia","og_description":"Luego de varios d\u00edas de perjuicio y una suspensi\u00f3n, autoridades de la Alcald\u00eda de La Paz y representantes de las empresas La Paz Limpia (LPL) y Trebol, firmaron el contrato Modificatorio de Ajuste de Precios para el recojo de basura de la urbe pace\u00f1a. Desde el municipio se inform\u00f3 que, como compensaci\u00f3n, las empresas concesionarias [&hellip;]","og_url":"https:\/\/www.eldiario.net\/portal\/2026\/09\/01\/alcaldia-y-empresas-de-aseo-firman-contrato-modificatorio-de-ajuste-de-precios\/","og_site_name":"El Diario - Bolivia","article_publisher":"https:\/\/www.facebook.com\/eldiario.bolivia\/","article_published_time":"2026-09-01T10:12:37+00:00","og_image":[{"width":1280,"height":853,"url":"https:\/\/www.eldiario.net\/portal\/wp-content\/uploads\/2026\/09\/MODI-FOTO.webp","type":"image\/webp"}],"author":"Jeanette","twitter_card":"summary_large_image","twitter_creator":"@eldiario_net","twitter_site":"@eldiario_net","twitter_misc":{"Escrito por":"Jeanette","Tiempo de lectura":"3 minutos"},"schema":{"@context":"https:\/\/schema.org","@graph":[{"@type":"Article","@id":"https:\/\/www.eldiario.net\/portal\/2026\/09\/01\/alcaldia-y-empresas-de-aseo-firman-contrato-modificatorio-de-ajuste-de-precios\/#article","isPartOf":{"@id":"https:\/\/www.eldiario.net\/portal\/2026\/09\/01\/alcaldia-y-empresas-de-aseo-firman-contrato-modificatorio-de-ajuste-de-precios\/"},"author":{"name":"Jeanette","@id":"https:\/\/www.eldiario.net\/portal\/#\/schema\/person\/f46445640444750d7d753ccd04ae01b7"},"headline":"Alcald\u00eda y empresas de aseo firman contrato modificatorio de ajuste de precios","datePublished":"2026-09-01T10:12:37+00:00","mainEntityOfPage":{"@id":"https:\/\/www.eldiario.net\/portal\/2026\/09\/01\/alcaldia-y-empresas-de-aseo-firman-contrato-modificatorio-de-ajuste-de-precios\/"},"wordCount":452,"publisher":{"@id":"https:\/\/www.eldiario.net\/portal\/#organization"},"image":{"@id":"https:\/\/www.eldiario.net\/portal\/2026\/09\/01\/alcaldia-y-empresas-de-aseo-firman-contrato-modificatorio-de-ajuste-de-precios\/#primaryimage"},"thumbnailUrl":"https:\/\/www.eldiario.net\/portal\/wp-content\/uploads\/2026\/09\/MODI-FOTO.webp","articleSection":["Portada"],"inLanguage":"es"},{"@type":"WebPage","@id":"https:\/\/www.eldiario.net\/portal\/2026\/09\/01\/alcaldia-y-empresas-de-aseo-firman-contrato-modificatorio-de-ajuste-de-precios\/","url":"https:\/\/www.eldiario.net\/portal\/2026\/09\/01\/alcaldia-y-empresas-de-aseo-firman-contrato-modificatorio-de-ajuste-de-precios\/","name":"Alcald\u00eda y empresas de aseo firman contrato modificatorio de ajuste de precios - El Diario - Bolivia","isPartOf":{"@id":"https:\/\/www.eldiario.net\/portal\/#website"},"primaryImageOfPage":{"@id":"https:\/\/www.eldiario.net\/portal\/2026\/09\/01\/alcaldia-y-empresas-de-aseo-firman-contrato-modificatorio-de-ajuste-de-precios\/#primaryimage"},"image":{"@id":"https:\/\/www.eldiario.net\/portal\/2026\/09\/01\/alcaldia-y-empresas-de-aseo-firman-contrato-modificatorio-de-ajuste-de-precios\/#primaryimage"},"thumbnailUrl":"https:\/\/www.eldiario.net\/portal\/wp-content\/uploads\/2026\/09\/MODI-FOTO.webp","datePublished":"2026-09-01T10:12:37+00:00","breadcrumb":{"@id":"https:\/\/www.eldiario.net\/portal\/2026\/09\/01\/alcaldia-y-empresas-de-aseo-firman-contrato-modificatorio-de-ajuste-de-precios\/#breadcrumb"},"inLanguage":"es","potentialAction":[{"@type":"ReadAction","target":["https:\/\/www.eldiario.net\/portal\/2026\/09\/01\/alcaldia-y-empresas-de-aseo-firman-contrato-modificatorio-de-ajuste-de-precios\/"]}]},{"@type":"ImageObject","inLanguage":"es","@id":"https:\/\/www.eldiario.net\/portal\/2026\/09\/01\/alcaldia-y-empresas-de-aseo-firman-contrato-modificatorio-de-ajuste-de-precios\/#primaryimage","url":"https:\/\/www.eldiario.net\/portal\/wp-content\/uploads\/2026\/09\/MODI-FOTO.webp","contentUrl":"https:\/\/www.eldiario.net\/portal\/wp-content\/uploads\/2026\/09\/MODI-FOTO.webp","width":1280,"height":853,"caption":"Representante de LPL firma acuerdo con alcalde de La Paz. Foto: APG"},{"@type":"BreadcrumbList","@id":"https:\/\/www.eldiario.net\/portal\/2026\/09\/01\/alcaldia-y-empresas-de-aseo-firman-contrato-modificatorio-de-ajuste-de-precios\/#breadcrumb","itemListElement":[{"@type":"ListItem","position":1,"name":"Portada","item":"https:\/\/www.eldiario.net\/portal\/"},{"@type":"ListItem","position":2,"name":"Alcald\u00eda y empresas de aseo firman contrato modificatorio de ajuste de precios"}]},{"@type":"WebSite","@id":"https:\/\/www.eldiario.net\/portal\/#website","url":"https:\/\/www.eldiario.net\/portal\/","name":"El Diario - Decano de la prensa nacional","description":"El Diario - Decano de la prensa nacional","publisher":{"@id":"https:\/\/www.eldiario.net\/portal\/#organization"},"potentialAction":[{"@type":"SearchAction","target":{"@type":"EntryPoint","urlTemplate":"https:\/\/www.eldiario.net\/portal\/?s={search_term_string}"},"query-input":{"@type":"PropertyValueSpecification","valueRequired":true,"valueName":"search_term_string"}}],"inLanguage":"es"},{"@type":"Organization","@id":"https:\/\/www.eldiario.net\/portal\/#organization","name":"El Diario - Decano de la prensa nacional","url":"https:\/\/www.eldiario.net\/portal\/","logo":{"@type":"ImageObject","inLanguage":"es","@id":"https:\/\/www.eldiario.net\/portal\/#\/schema\/logo\/image\/","url":"https:\/\/www.eldiario.net\/portal\/wp-content\/uploads\/2023\/07\/logo_ED.jpg","contentUrl":"https:\/\/www.eldiario.net\/portal\/wp-content\/uploads\/2023\/07\/logo_ED.jpg","width":272,"height":52,"caption":"El Diario - Decano de la prensa nacional"},"image":{"@id":"https:\/\/www.eldiario.net\/portal\/#\/schema\/logo\/image\/"},"sameAs":["https:\/\/www.facebook.com\/eldiario.bolivia\/","https:\/\/x.com\/eldiario_net"]},{"@type":"Person","@id":"https:\/\/www.eldiario.net\/portal\/#\/schema\/person\/f46445640444750d7d753ccd04ae01b7","name":"Jeanette","image":{"@type":"ImageObject","inLanguage":"es","@id":"https:\/\/secure.gravatar.com\/avatar\/3ea2118a5f7dad2b7138b1187a6b7ee55f160b9968b66013c3a3ef39dd7e5798?s=96&d=mm&r=g","url":"https:\/\/secure.gravatar.com\/avatar\/3ea2118a5f7dad2b7138b1187a6b7ee55f160b9968b66013c3a3ef39dd7e5798?s=96&d=mm&r=g","contentUrl":"https:\/\/secure.gravatar.com\/avatar\/3ea2118a5f7dad2b7138b1187a6b7ee55f160b9968b66013c3a3ef39dd7e5798?s=96&d=mm&r=g","caption":"Jeanette"},"sameAs":["https:\/\/www.eldiario.net\/portal"],"url":"https:\/\/www.eldiario.net\/portal\/author\/jeanette\/"}]}},"_links":{"self":[{"href":"https:\/\/www.eldiario.net\/portal\/wp-json\/wp\/v2\/posts\/426560","targetHints":{"allow":["GET"]}}],"collection":[{"href":"https:\/\/www.eldiario.net\/portal\/wp-json\/wp\/v2\/posts"}],"about":[{"href":"https:\/\/www.eldiario.net\/portal\/wp-json\/wp\/v2\/types\/post"}],"author":[{"embeddable":true,"href":"https:\/\/www.eldiario.net\/portal\/wp-json\/wp\/v2\/users\/1"}],"replies":[{"embeddable":true,"href":"https:\/\/www.eldiario.net\/portal\/wp-json\/wp\/v2\/comments?post=426560"}],"version-history":[{"count":1,"href":"https:\/\/www.eldiario.net\/portal\/wp-json\/wp\/v2\/posts\/426560\/revisions"}],"predecessor-version":[{"id":426562,"href":"https:\/\/www.eldiario.net\/portal\/wp-json\/wp\/v2\/posts\/426560\/revisions\/426562"}],"wp:featuredmedia":[{"embeddable":true,"href":"https:\/\/www.eldiario.net\/portal\/wp-json\/wp\/v2\/media\/426561"}],"wp:attachment":[{"href":"https:\/\/www.eldiario.net\/portal\/wp-json\/wp\/v2\/media?parent=426560"}],"wp:term":[{"taxonomy":"category","embeddable":true,"href":"https:\/\/www.eldiario.net\/portal\/wp-json\/wp\/v2\/categories?post=426560"},{"taxonomy":"post_tag","embeddable":true,"href":"https:\/\/www.eldiario.net\/portal\/wp-json\/wp\/v2\/tags?post=426560"}],"curies":[{"name":"wp","href":"https:\/\/api.w.org\/{rel}","templated":true}]}}