{"id":426546,"date":"2026-09-01T06:06:41","date_gmt":"2026-09-01T10:06:41","guid":{"rendered":"https:\/\/www.eldiario.net\/portal\/?p=426546"},"modified":"2026-09-01T06:06:41","modified_gmt":"2026-09-01T10:06:41","slug":"las-batallas-olvidadas","status":"publish","type":"post","link":"https:\/\/www.eldiario.net\/portal\/2026\/09\/01\/las-batallas-olvidadas\/","title":{"rendered":"Las batallas olvidadas"},"content":{"rendered":"<p>\u00bfEst\u00e1n los bolivianos condenados, como S\u00edsifo, a subir piedras para que, al llegar a la cima, vuelvan a rodar? Quiz\u00e1 ese destino perverso los persigue.<\/p>\n<p>Lucharon por el respeto al resultado del referendo 2016 y contra el fraude del 2019, pero el movimiento Dem\u00f3cratas &#8211;con s\u00f3lo el 4% de la votaci\u00f3n&#8211; se apoder\u00f3 de la victoria. La inicial valent\u00eda de Jeaninne A\u00f1ez fue opacada por un esquema de corrupci\u00f3n a\u00fan m\u00e1s voraz del demostrado por el Movimiento al Socialismo (MAS).<\/p>\n<p>La memoria colectiva deber\u00eda recordar que a pesar de ese fracaso hubo sectores sociales que combatieron la violencia f\u00edsica y simb\u00f3lica de Evo Morales, de \u00c1lvaro y Ra\u00fal Garc\u00eda Linera, de Juan Ram\u00f3n Quintana y de sus m\u00faltiples operadores y guerreros.<\/p>\n<p>Desde los Yungas pace\u00f1os, ADEPCOCA enfrent\u00f3 en sucesivas oleadas la represi\u00f3n a sus socios, el apresamiento de sus dirigentes, la tortura de sus l\u00edderes m\u00e1s notables. Episodios agravados en el gobierno de Luis Arce\/ Eduardo del Castillo.<\/p>\n<p>Los pobladores de tierras bajas soportaron la presi\u00f3n de los productores del circuito coca\/coca\u00edna durante d\u00e9cadas, con una l\u00ednea roja en permanente tensi\u00f3n. Escenas de terror contra habitantes de parques nacionales y de territorios ind\u00edgenas. El escenario m\u00e1s dram\u00e1tico fue cuando Sacha Llorenti orden\u00f3 la masacre en 2011, evitada por la solidaridad de la poblaci\u00f3n beniana.<\/p>\n<p>Son muchos los grupos que no aceptaron la intimidaci\u00f3n y salvaron al pa\u00eds del partido \u00fanico, convirti\u00e9ndolo en el patio trasero de Cuba o de Venezuela. Evo no consigui\u00f3 seguir el camino somocista de Ortega\/Murillo en Nicaragua y de dictadores africanos.<\/p>\n<p>En las capas medias la entereza tuvo dos rostros permanentes: el de los m\u00e9dicos y trabajadores de la salud y el de los trabajadores de la prensa y periodistas en sus tres estamentos: propietarios, acad\u00e9micos y redactores\/locutores\/camar\u00f3grafos.<\/p>\n<p>El Colegio M\u00e9dico se opuso a sucesivas medidas que intent\u00f3 imponer el masismo. La lucha m\u00e1s \u00e9pica dur\u00f3 47 d\u00edas, desde fines de 2017 hasta la victoria del 9 de enero de 2018. Los m\u00e9dicos, apoyados por estudiantes de medicina, enfermeras, personal de hospitales, no negociaron el Art.205 del proyectado C\u00f3digo Penal que pretend\u00eda castigar con seis a\u00f1os de c\u00e1rcel los (supuestos) casos de negligencia m\u00e9dica.<\/p>\n<p>En apariencia se quer\u00eda proteger al enfermo maltratado, en el fondo era otra medida contra los galenos bolivianos. Al mismo tiempo el gobierno pretend\u00eda legalizar el aborto, extremo rechazado por amplios sectores.<\/p>\n<p>La huelga m\u00e9dica fue robustecida por los pacientes en una movilizaci\u00f3n pac\u00edfica, casi un ensayo general del 2019 por su creatividad. Ramos de flores, villancicos, letreros luminosos, rezos y misas, consignas sencillas expresaban la protesta. La poblaci\u00f3n afirmaba: \u00abYo apoyo a mi m\u00e9dico\u00bb, incluso en los d\u00edas navide\u00f1os. El triunfo de los mandiles blancos fue una muestra de la firmeza de la sociedad civil boliviana, acusada en ese momento de \u00abseguir estrategias de la derecha y de Estados Unidos\u00bb.<\/p>\n<p>La otra gran rama de resistencia al autoritarismo fue la de los periodistas, desde las tareas cotidianas de informar hasta el enfrentamiento directo. Uno de los acuerdos m\u00e1s contundentes fue la oposici\u00f3n al intento de acallar medios a trav\u00e9s de la normativa contra el racismo. Las portadas en blanco, las marchas, programas radiales unieron a la prensa y a sus organizaciones gremiales y profesionales.<\/p>\n<p>Durante 18 a\u00f1os los medios de comunicaci\u00f3n padecieron la hostilidad financiera, los controles desde los ministerios, las presiones contra los reporteros. Al finalizar el gobierno del MAS, pocos impresos sobreviven en Bolivia, otros agonizan.<\/p>\n<p>Los periodistas padecieron en sus filas quintacolumnistas que montaron campa\u00f1as contra sus propios colegas, a trav\u00e9s de voceros paraestatales encabezados por La Raz\u00f3n, ATB, radios del Chapare, Telesur y un entramado inmenso, descrito en sendos libros por Ra\u00fal Pe\u00f1aranda y Rafael Archondo. Esos son los medios que recibieron millones en publicidad. En noviembre de 2019 eran el eco de la narrativa masista del \u00abgolpe\u00bb para deformar la movilizaci\u00f3n ciudadana que sac\u00f3 a Evo.<\/p>\n<p>Los ataques abarcaron a la Iglesia Cat\u00f3lica como el caso de ERBOL y de la Agencia de Noticias Fides. Tambi\u00e9n contra la propia Conferencia Episcopal, sobre todo durante los intentos de pacificar el pa\u00eds. Esa prensa servil denigr\u00f3 a la instituci\u00f3n religiosa, a sus obispos de forma personal y a la Universidad Cat\u00f3lica San Pablo por albergar las comisiones de di\u00e1logo.<\/p>\n<p>La resistencia derrot\u00f3 al masismo en las urnas. Sin embargo, la sombra de S\u00edsifo asoma en el horizonte. Otra vez el anhelo de libertad y progreso est\u00e1 en peligro.<\/p>\n<p>Fernando Cerimedo no lleg\u00f3 como voluntario. Es una rata, pero una rata del proyecto de la ultraderecha transcontinental. Esa ideolog\u00eda consigui\u00f3 reabrir diferencias regionales y \u00e9tnicas en Bolivia, intent\u00f3 provocar una guerra civil en Brasil, busca desestabilizar gobiernos constitucionales en M\u00e9xico y en Espa\u00f1a, tergiversar elecciones.<\/p>\n<p>A los cerimedos no les interesa el bienestar de los pueblos. Su meta es la captura del Estado, ejercer poder y acumular platita, mucha platita. Bolivia no los necesita.<\/p>\n","protected":false},"excerpt":{"rendered":"<p>\u00bfEst\u00e1n los bolivianos condenados, como S\u00edsifo, a subir piedras para que, al llegar a la cima, vuelvan a rodar? Quiz\u00e1 ese destino perverso los persigue. Lucharon por el respeto al resultado del referendo 2016 y contra el fraude del 2019, pero el movimiento Dem\u00f3cratas &#8211;con s\u00f3lo el 4% de la votaci\u00f3n&#8211; se apoder\u00f3 de la [&hellip;]<\/p>\n","protected":false},"author":1,"featured_media":157862,"comment_status":"closed","ping_status":"open","sticky":false,"template":"","format":"standard","meta":{"_acf_changed":false,"footnotes":""},"categories":[9],"tags":[],"class_list":["post-426546","post","type-post","status-publish","format-standard","has-post-thumbnail","category-opinion"],"acf":{"antetitulo":"Desde la tierra"},"yoast_head":"<!-- This site is optimized with the Yoast SEO plugin v28.3 - https:\/\/yoast.com\/product\/yoast-seo-wordpress\/ -->\n<title>Las batallas olvidadas - El Diario - Bolivia<\/title>\n<meta name=\"robots\" content=\"index, follow, max-snippet:-1, max-image-preview:large, max-video-preview:-1\" \/>\n<link rel=\"canonical\" href=\"https:\/\/www.eldiario.net\/portal\/2026\/09\/01\/las-batallas-olvidadas\/\" \/>\n<meta property=\"og:locale\" content=\"es_ES\" \/>\n<meta property=\"og:type\" content=\"article\" \/>\n<meta property=\"og:title\" content=\"Las batallas olvidadas - El Diario - Bolivia\" \/>\n<meta property=\"og:description\" content=\"\u00bfEst\u00e1n los bolivianos condenados, como S\u00edsifo, a subir piedras para que, al llegar a la cima, vuelvan a rodar? Quiz\u00e1 ese destino perverso los persigue. Lucharon por el respeto al resultado del referendo 2016 y contra el fraude del 2019, pero el movimiento Dem\u00f3cratas &#8211;con s\u00f3lo el 4% de la votaci\u00f3n&#8211; se apoder\u00f3 de la [&hellip;]\" \/>\n<meta property=\"og:url\" content=\"https:\/\/www.eldiario.net\/portal\/2026\/09\/01\/las-batallas-olvidadas\/\" \/>\n<meta property=\"og:site_name\" content=\"El Diario - Bolivia\" \/>\n<meta property=\"article:publisher\" content=\"https:\/\/www.facebook.com\/eldiario.bolivia\/\" \/>\n<meta property=\"article:published_time\" content=\"2026-09-01T10:06:41+00:00\" \/>\n<meta property=\"og:image\" content=\"https:\/\/www.eldiario.net\/portal\/wp-content\/uploads\/2023\/06\/Lupe-Cajias.jpg\" \/>\n\t<meta property=\"og:image:width\" content=\"1200\" \/>\n\t<meta property=\"og:image:height\" content=\"628\" \/>\n\t<meta property=\"og:image:type\" content=\"image\/jpeg\" \/>\n<meta name=\"author\" content=\"Jeanette\" \/>\n<meta name=\"twitter:card\" content=\"summary_large_image\" \/>\n<meta name=\"twitter:creator\" content=\"@eldiario_net\" \/>\n<meta name=\"twitter:site\" content=\"@eldiario_net\" \/>\n<meta name=\"twitter:label1\" content=\"Escrito por\" \/>\n\t<meta name=\"twitter:data1\" content=\"Jeanette\" \/>\n\t<meta name=\"twitter:label2\" content=\"Tiempo de lectura\" \/>\n\t<meta name=\"twitter:data2\" content=\"4 minutos\" \/>\n<script type=\"application\/ld+json\" class=\"yoast-schema-graph\">{\"@context\":\"https:\\\/\\\/schema.org\",\"@graph\":[{\"@type\":\"Article\",\"@id\":\"https:\\\/\\\/www.eldiario.net\\\/portal\\\/2026\\\/09\\\/01\\\/las-batallas-olvidadas\\\/#article\",\"isPartOf\":{\"@id\":\"https:\\\/\\\/www.eldiario.net\\\/portal\\\/2026\\\/09\\\/01\\\/las-batallas-olvidadas\\\/\"},\"author\":{\"name\":\"Jeanette\",\"@id\":\"https:\\\/\\\/www.eldiario.net\\\/portal\\\/#\\\/schema\\\/person\\\/f46445640444750d7d753ccd04ae01b7\"},\"headline\":\"Las batallas olvidadas\",\"datePublished\":\"2026-09-01T10:06:41+00:00\",\"mainEntityOfPage\":{\"@id\":\"https:\\\/\\\/www.eldiario.net\\\/portal\\\/2026\\\/09\\\/01\\\/las-batallas-olvidadas\\\/\"},\"wordCount\":876,\"publisher\":{\"@id\":\"https:\\\/\\\/www.eldiario.net\\\/portal\\\/#organization\"},\"image\":{\"@id\":\"https:\\\/\\\/www.eldiario.net\\\/portal\\\/2026\\\/09\\\/01\\\/las-batallas-olvidadas\\\/#primaryimage\"},\"thumbnailUrl\":\"https:\\\/\\\/www.eldiario.net\\\/portal\\\/wp-content\\\/uploads\\\/2023\\\/06\\\/Lupe-Cajias.jpg\",\"articleSection\":[\"Opini\u00f3n\"],\"inLanguage\":\"es\"},{\"@type\":\"WebPage\",\"@id\":\"https:\\\/\\\/www.eldiario.net\\\/portal\\\/2026\\\/09\\\/01\\\/las-batallas-olvidadas\\\/\",\"url\":\"https:\\\/\\\/www.eldiario.net\\\/portal\\\/2026\\\/09\\\/01\\\/las-batallas-olvidadas\\\/\",\"name\":\"Las batallas olvidadas - El Diario - Bolivia\",\"isPartOf\":{\"@id\":\"https:\\\/\\\/www.eldiario.net\\\/portal\\\/#website\"},\"primaryImageOfPage\":{\"@id\":\"https:\\\/\\\/www.eldiario.net\\\/portal\\\/2026\\\/09\\\/01\\\/las-batallas-olvidadas\\\/#primaryimage\"},\"image\":{\"@id\":\"https:\\\/\\\/www.eldiario.net\\\/portal\\\/2026\\\/09\\\/01\\\/las-batallas-olvidadas\\\/#primaryimage\"},\"thumbnailUrl\":\"https:\\\/\\\/www.eldiario.net\\\/portal\\\/wp-content\\\/uploads\\\/2023\\\/06\\\/Lupe-Cajias.jpg\",\"datePublished\":\"2026-09-01T10:06:41+00:00\",\"breadcrumb\":{\"@id\":\"https:\\\/\\\/www.eldiario.net\\\/portal\\\/2026\\\/09\\\/01\\\/las-batallas-olvidadas\\\/#breadcrumb\"},\"inLanguage\":\"es\",\"potentialAction\":[{\"@type\":\"ReadAction\",\"target\":[\"https:\\\/\\\/www.eldiario.net\\\/portal\\\/2026\\\/09\\\/01\\\/las-batallas-olvidadas\\\/\"]}]},{\"@type\":\"ImageObject\",\"inLanguage\":\"es\",\"@id\":\"https:\\\/\\\/www.eldiario.net\\\/portal\\\/2026\\\/09\\\/01\\\/las-batallas-olvidadas\\\/#primaryimage\",\"url\":\"https:\\\/\\\/www.eldiario.net\\\/portal\\\/wp-content\\\/uploads\\\/2023\\\/06\\\/Lupe-Cajias.jpg\",\"contentUrl\":\"https:\\\/\\\/www.eldiario.net\\\/portal\\\/wp-content\\\/uploads\\\/2023\\\/06\\\/Lupe-Cajias.jpg\",\"width\":1200,\"height\":628,\"caption\":\"Lupe Caj\u00edas\"},{\"@type\":\"BreadcrumbList\",\"@id\":\"https:\\\/\\\/www.eldiario.net\\\/portal\\\/2026\\\/09\\\/01\\\/las-batallas-olvidadas\\\/#breadcrumb\",\"itemListElement\":[{\"@type\":\"ListItem\",\"position\":1,\"name\":\"Portada\",\"item\":\"https:\\\/\\\/www.eldiario.net\\\/portal\\\/\"},{\"@type\":\"ListItem\",\"position\":2,\"name\":\"Las batallas olvidadas\"}]},{\"@type\":\"WebSite\",\"@id\":\"https:\\\/\\\/www.eldiario.net\\\/portal\\\/#website\",\"url\":\"https:\\\/\\\/www.eldiario.net\\\/portal\\\/\",\"name\":\"El Diario - Decano de la prensa nacional\",\"description\":\"El Diario - Decano de la prensa nacional\",\"publisher\":{\"@id\":\"https:\\\/\\\/www.eldiario.net\\\/portal\\\/#organization\"},\"potentialAction\":[{\"@type\":\"SearchAction\",\"target\":{\"@type\":\"EntryPoint\",\"urlTemplate\":\"https:\\\/\\\/www.eldiario.net\\\/portal\\\/?s={search_term_string}\"},\"query-input\":{\"@type\":\"PropertyValueSpecification\",\"valueRequired\":true,\"valueName\":\"search_term_string\"}}],\"inLanguage\":\"es\"},{\"@type\":\"Organization\",\"@id\":\"https:\\\/\\\/www.eldiario.net\\\/portal\\\/#organization\",\"name\":\"El Diario - Decano de la prensa nacional\",\"url\":\"https:\\\/\\\/www.eldiario.net\\\/portal\\\/\",\"logo\":{\"@type\":\"ImageObject\",\"inLanguage\":\"es\",\"@id\":\"https:\\\/\\\/www.eldiario.net\\\/portal\\\/#\\\/schema\\\/logo\\\/image\\\/\",\"url\":\"https:\\\/\\\/www.eldiario.net\\\/portal\\\/wp-content\\\/uploads\\\/2023\\\/07\\\/logo_ED.jpg\",\"contentUrl\":\"https:\\\/\\\/www.eldiario.net\\\/portal\\\/wp-content\\\/uploads\\\/2023\\\/07\\\/logo_ED.jpg\",\"width\":272,\"height\":52,\"caption\":\"El Diario - Decano de la prensa nacional\"},\"image\":{\"@id\":\"https:\\\/\\\/www.eldiario.net\\\/portal\\\/#\\\/schema\\\/logo\\\/image\\\/\"},\"sameAs\":[\"https:\\\/\\\/www.facebook.com\\\/eldiario.bolivia\\\/\",\"https:\\\/\\\/x.com\\\/eldiario_net\"]},{\"@type\":\"Person\",\"@id\":\"https:\\\/\\\/www.eldiario.net\\\/portal\\\/#\\\/schema\\\/person\\\/f46445640444750d7d753ccd04ae01b7\",\"name\":\"Jeanette\",\"image\":{\"@type\":\"ImageObject\",\"inLanguage\":\"es\",\"@id\":\"https:\\\/\\\/secure.gravatar.com\\\/avatar\\\/3ea2118a5f7dad2b7138b1187a6b7ee55f160b9968b66013c3a3ef39dd7e5798?s=96&d=mm&r=g\",\"url\":\"https:\\\/\\\/secure.gravatar.com\\\/avatar\\\/3ea2118a5f7dad2b7138b1187a6b7ee55f160b9968b66013c3a3ef39dd7e5798?s=96&d=mm&r=g\",\"contentUrl\":\"https:\\\/\\\/secure.gravatar.com\\\/avatar\\\/3ea2118a5f7dad2b7138b1187a6b7ee55f160b9968b66013c3a3ef39dd7e5798?s=96&d=mm&r=g\",\"caption\":\"Jeanette\"},\"sameAs\":[\"https:\\\/\\\/www.eldiario.net\\\/portal\"],\"url\":\"https:\\\/\\\/www.eldiario.net\\\/portal\\\/author\\\/jeanette\\\/\"}]}<\/script>\n<!-- \/ Yoast SEO plugin. -->","yoast_head_json":{"title":"Las batallas olvidadas - El Diario - Bolivia","robots":{"index":"index","follow":"follow","max-snippet":"max-snippet:-1","max-image-preview":"max-image-preview:large","max-video-preview":"max-video-preview:-1"},"canonical":"https:\/\/www.eldiario.net\/portal\/2026\/09\/01\/las-batallas-olvidadas\/","og_locale":"es_ES","og_type":"article","og_title":"Las batallas olvidadas - El Diario - Bolivia","og_description":"\u00bfEst\u00e1n los bolivianos condenados, como S\u00edsifo, a subir piedras para que, al llegar a la cima, vuelvan a rodar? Quiz\u00e1 ese destino perverso los persigue. Lucharon por el respeto al resultado del referendo 2016 y contra el fraude del 2019, pero el movimiento Dem\u00f3cratas &#8211;con s\u00f3lo el 4% de la votaci\u00f3n&#8211; se apoder\u00f3 de la [&hellip;]","og_url":"https:\/\/www.eldiario.net\/portal\/2026\/09\/01\/las-batallas-olvidadas\/","og_site_name":"El Diario - Bolivia","article_publisher":"https:\/\/www.facebook.com\/eldiario.bolivia\/","article_published_time":"2026-09-01T10:06:41+00:00","og_image":[{"width":1200,"height":628,"url":"https:\/\/www.eldiario.net\/portal\/wp-content\/uploads\/2023\/06\/Lupe-Cajias.jpg","type":"image\/jpeg"}],"author":"Jeanette","twitter_card":"summary_large_image","twitter_creator":"@eldiario_net","twitter_site":"@eldiario_net","twitter_misc":{"Escrito por":"Jeanette","Tiempo de lectura":"4 minutos"},"schema":{"@context":"https:\/\/schema.org","@graph":[{"@type":"Article","@id":"https:\/\/www.eldiario.net\/portal\/2026\/09\/01\/las-batallas-olvidadas\/#article","isPartOf":{"@id":"https:\/\/www.eldiario.net\/portal\/2026\/09\/01\/las-batallas-olvidadas\/"},"author":{"name":"Jeanette","@id":"https:\/\/www.eldiario.net\/portal\/#\/schema\/person\/f46445640444750d7d753ccd04ae01b7"},"headline":"Las batallas olvidadas","datePublished":"2026-09-01T10:06:41+00:00","mainEntityOfPage":{"@id":"https:\/\/www.eldiario.net\/portal\/2026\/09\/01\/las-batallas-olvidadas\/"},"wordCount":876,"publisher":{"@id":"https:\/\/www.eldiario.net\/portal\/#organization"},"image":{"@id":"https:\/\/www.eldiario.net\/portal\/2026\/09\/01\/las-batallas-olvidadas\/#primaryimage"},"thumbnailUrl":"https:\/\/www.eldiario.net\/portal\/wp-content\/uploads\/2023\/06\/Lupe-Cajias.jpg","articleSection":["Opini\u00f3n"],"inLanguage":"es"},{"@type":"WebPage","@id":"https:\/\/www.eldiario.net\/portal\/2026\/09\/01\/las-batallas-olvidadas\/","url":"https:\/\/www.eldiario.net\/portal\/2026\/09\/01\/las-batallas-olvidadas\/","name":"Las batallas olvidadas - El Diario - Bolivia","isPartOf":{"@id":"https:\/\/www.eldiario.net\/portal\/#website"},"primaryImageOfPage":{"@id":"https:\/\/www.eldiario.net\/portal\/2026\/09\/01\/las-batallas-olvidadas\/#primaryimage"},"image":{"@id":"https:\/\/www.eldiario.net\/portal\/2026\/09\/01\/las-batallas-olvidadas\/#primaryimage"},"thumbnailUrl":"https:\/\/www.eldiario.net\/portal\/wp-content\/uploads\/2023\/06\/Lupe-Cajias.jpg","datePublished":"2026-09-01T10:06:41+00:00","breadcrumb":{"@id":"https:\/\/www.eldiario.net\/portal\/2026\/09\/01\/las-batallas-olvidadas\/#breadcrumb"},"inLanguage":"es","potentialAction":[{"@type":"ReadAction","target":["https:\/\/www.eldiario.net\/portal\/2026\/09\/01\/las-batallas-olvidadas\/"]}]},{"@type":"ImageObject","inLanguage":"es","@id":"https:\/\/www.eldiario.net\/portal\/2026\/09\/01\/las-batallas-olvidadas\/#primaryimage","url":"https:\/\/www.eldiario.net\/portal\/wp-content\/uploads\/2023\/06\/Lupe-Cajias.jpg","contentUrl":"https:\/\/www.eldiario.net\/portal\/wp-content\/uploads\/2023\/06\/Lupe-Cajias.jpg","width":1200,"height":628,"caption":"Lupe Caj\u00edas"},{"@type":"BreadcrumbList","@id":"https:\/\/www.eldiario.net\/portal\/2026\/09\/01\/las-batallas-olvidadas\/#breadcrumb","itemListElement":[{"@type":"ListItem","position":1,"name":"Portada","item":"https:\/\/www.eldiario.net\/portal\/"},{"@type":"ListItem","position":2,"name":"Las batallas olvidadas"}]},{"@type":"WebSite","@id":"https:\/\/www.eldiario.net\/portal\/#website","url":"https:\/\/www.eldiario.net\/portal\/","name":"El Diario - Decano de la prensa nacional","description":"El Diario - Decano de la prensa nacional","publisher":{"@id":"https:\/\/www.eldiario.net\/portal\/#organization"},"potentialAction":[{"@type":"SearchAction","target":{"@type":"EntryPoint","urlTemplate":"https:\/\/www.eldiario.net\/portal\/?s={search_term_string}"},"query-input":{"@type":"PropertyValueSpecification","valueRequired":true,"valueName":"search_term_string"}}],"inLanguage":"es"},{"@type":"Organization","@id":"https:\/\/www.eldiario.net\/portal\/#organization","name":"El Diario - Decano de la prensa nacional","url":"https:\/\/www.eldiario.net\/portal\/","logo":{"@type":"ImageObject","inLanguage":"es","@id":"https:\/\/www.eldiario.net\/portal\/#\/schema\/logo\/image\/","url":"https:\/\/www.eldiario.net\/portal\/wp-content\/uploads\/2023\/07\/logo_ED.jpg","contentUrl":"https:\/\/www.eldiario.net\/portal\/wp-content\/uploads\/2023\/07\/logo_ED.jpg","width":272,"height":52,"caption":"El Diario - Decano de la prensa nacional"},"image":{"@id":"https:\/\/www.eldiario.net\/portal\/#\/schema\/logo\/image\/"},"sameAs":["https:\/\/www.facebook.com\/eldiario.bolivia\/","https:\/\/x.com\/eldiario_net"]},{"@type":"Person","@id":"https:\/\/www.eldiario.net\/portal\/#\/schema\/person\/f46445640444750d7d753ccd04ae01b7","name":"Jeanette","image":{"@type":"ImageObject","inLanguage":"es","@id":"https:\/\/secure.gravatar.com\/avatar\/3ea2118a5f7dad2b7138b1187a6b7ee55f160b9968b66013c3a3ef39dd7e5798?s=96&d=mm&r=g","url":"https:\/\/secure.gravatar.com\/avatar\/3ea2118a5f7dad2b7138b1187a6b7ee55f160b9968b66013c3a3ef39dd7e5798?s=96&d=mm&r=g","contentUrl":"https:\/\/secure.gravatar.com\/avatar\/3ea2118a5f7dad2b7138b1187a6b7ee55f160b9968b66013c3a3ef39dd7e5798?s=96&d=mm&r=g","caption":"Jeanette"},"sameAs":["https:\/\/www.eldiario.net\/portal"],"url":"https:\/\/www.eldiario.net\/portal\/author\/jeanette\/"}]}},"_links":{"self":[{"href":"https:\/\/www.eldiario.net\/portal\/wp-json\/wp\/v2\/posts\/426546","targetHints":{"allow":["GET"]}}],"collection":[{"href":"https:\/\/www.eldiario.net\/portal\/wp-json\/wp\/v2\/posts"}],"about":[{"href":"https:\/\/www.eldiario.net\/portal\/wp-json\/wp\/v2\/types\/post"}],"author":[{"embeddable":true,"href":"https:\/\/www.eldiario.net\/portal\/wp-json\/wp\/v2\/users\/1"}],"replies":[{"embeddable":true,"href":"https:\/\/www.eldiario.net\/portal\/wp-json\/wp\/v2\/comments?post=426546"}],"version-history":[{"count":1,"href":"https:\/\/www.eldiario.net\/portal\/wp-json\/wp\/v2\/posts\/426546\/revisions"}],"predecessor-version":[{"id":426547,"href":"https:\/\/www.eldiario.net\/portal\/wp-json\/wp\/v2\/posts\/426546\/revisions\/426547"}],"wp:featuredmedia":[{"embeddable":true,"href":"https:\/\/www.eldiario.net\/portal\/wp-json\/wp\/v2\/media\/157862"}],"wp:attachment":[{"href":"https:\/\/www.eldiario.net\/portal\/wp-json\/wp\/v2\/media?parent=426546"}],"wp:term":[{"taxonomy":"category","embeddable":true,"href":"https:\/\/www.eldiario.net\/portal\/wp-json\/wp\/v2\/categories?post=426546"},{"taxonomy":"post_tag","embeddable":true,"href":"https:\/\/www.eldiario.net\/portal\/wp-json\/wp\/v2\/tags?post=426546"}],"curies":[{"name":"wp","href":"https:\/\/api.w.org\/{rel}","templated":true}]}}