{"id":426537,"date":"2026-09-01T06:03:36","date_gmt":"2026-09-01T10:03:36","guid":{"rendered":"https:\/\/www.eldiario.net\/portal\/?p=426537"},"modified":"2026-09-01T06:03:36","modified_gmt":"2026-09-01T10:03:36","slug":"la-gran-constitucion","status":"publish","type":"post","link":"https:\/\/www.eldiario.net\/portal\/2026\/09\/01\/la-gran-constitucion\/","title":{"rendered":"La gran constituci\u00f3n"},"content":{"rendered":"<p><strong>I<\/strong><\/p>\n<p>&nbsp;<\/p>\n<p>Han pasado 250 a\u00f1os desde que las colonias que ten\u00eda Gran Breta\u00f1a en la costa este de Norte Am\u00e9rica, se declararan como un estado independiente, firmando sus representantes el 4 de julio de 1776, la constituci\u00f3n que sentar\u00eda las bases de la democracia moderna. El proceso comenz\u00f3 el a\u00f1o 1763, cuando termin\u00f3 en Am\u00e9rica la guerra (que comenz\u00f3 en 1754) de Gran Breta\u00f1a contra Francia y sus aliados indios, con la victoria de los brit\u00e1nicos. En Europa, Gran Breta\u00f1a estaba tambi\u00e9n desde hace siete a\u00f1os en guerra, de la cual el conflicto en Am\u00e9rica era una parte. Ambas guerras significaron para el Gobierno Brit\u00e1nico el agotamiento de sus recursos y la adquisici\u00f3n de una enorme deuda. El Parlamento trat\u00f3 de conseguir recursos aumentando los impuestos a los ciudadanos brit\u00e1nicos, pero \u00e9stos se resistieron realizando fuertes protestas y logrando que el Gobierno retire los incrementos a sus impuestos. Todav\u00eda urgentemente necesitado de recursos, el Gobierno puso su mirada en las colonias que pose\u00eda en Am\u00e9rica.<\/p>\n<p>El Parlamento Brit\u00e1nico puso fuertes cargas impositivas a varias mercanc\u00edas que se necesitaban en las colonias, como az\u00facar y molasas. Emiti\u00f3 la ley monetaria mediante la cual las colonias no pod\u00edan emitir su propia moneda, todas las transacciones deb\u00edan realizarse con oro, lo que hac\u00eda a las colonias financieramente dependientes de la corona. Adicionalmente reactiv\u00f3 la Ley de Navegaci\u00f3n de 1651, que estipulaba que los bienes que se importaban o exportaban por las colonias brit\u00e1nicas (incluyendo las de Asia y \u00c1frica) ten\u00edan que ser transportadas por barcos construidos por brit\u00e1nicos. Los bienes de las colonias deb\u00edan ser llevados a la metr\u00f3poli por barcos brit\u00e1nicos.<\/p>\n<p>Otra ley de navegaci\u00f3n de 1660 establec\u00eda que los colonos pod\u00edan comerciar mercanc\u00edas como tabaco, arroz o \u00edndigo solamente con otras colonias brit\u00e1nicas o con Gran Breta\u00f1a. Otras leyes prohib\u00edan la manufactura de productos como sombreros o hierro en las colonias.<\/p>\n<p>El Parlamento impuso tarifas a importaciones de las colonias como cristales, plomo, pinturas y t\u00e9. Los colonos protestaron y el Parlamento levant\u00f3 las tarifas a las importaciones, excepto la tarifa al t\u00e9. El encarecimiento del costo del t\u00e9 produjo un profundo resentimiento en las colonias. Cuando un cargamento de medio mill\u00f3n de libras de t\u00e9 lleg\u00f3 a los puertos de Philadelphia, New York y Boston, en los dos primeros los colonos no dejaron que atraquen los barcos y en Boston mientras los barcos estaban atracados en el puerto, Samuel Adams, Paul Revere y m\u00e1s de 100 patriotas (algunos vestidos como nativos americanos) abordaron los barcos y echaron al agua 340 fardos de t\u00e9.<\/p>\n<p>La rebeli\u00f3n comenz\u00f3 en Massachusetts, en septiembre de 1774 el Gral. Thomas Gage mand\u00f3 tropas para rescatar ca\u00f1ones y p\u00f3lvora almacenados en Cambridge y Charleston. La Asamblea de Massachusetts decidi\u00f3 desafiar las \u00f3rdenes de Gage, reconstituy\u00e9ndose como Congreso Provincial. Comenz\u00f3 a reunir equipo militar en Concord y en toda la colonia los hombres comenzaron a realizar entrenamientos militares. El Gral. Thomas Gage recibi\u00f3 \u00f3rdenes de tomar acciones para restaurar la autoridad real en Massachusetts. Gage decidi\u00f3 tomar el dep\u00f3sito de armas de Concord y capturar a los l\u00edderes patriotas Samuel Adams y John Hancock, que estaban en Lexington cerca de Concord. Gage quiso tomar por sorpresa a los patriotas, pero \u00e9stos ya ten\u00edan pleno conocimiento de su campa\u00f1a y la iban observando en su avance.<\/p>\n<p>La columna brit\u00e1nica estaba compuesta por 700 hombres, al mando del coronel Francis Smith. Lleg\u00f3 a Concord, encontrando que Adams y Hancock se hab\u00edan retirado y que la mayor parte del armamento y municiones hab\u00eda sido retirada y ocultada. Mientras tanto una gran cantidad de milicianos se reuni\u00f3 en torno a Concord. En North Bridge, una brigada dispar\u00f3 contra los brit\u00e1nicos matando o hiriendo a 18. El coronel Smith orden\u00f3 la retirada, la que fue atacada ferozmente por los milicianos. Solamente la llegada a tiempo de una brigada de mil hombres al mando del Gral. Earl Percy, salv\u00f3 a la columna de Smith de su aniquilamiento.<\/p>\n<p>El sentimiento por la independencia creci\u00f3 gradualmente. Pese a que en el Parlamento Brit\u00e1nico hubo miembros que apoyaban la causa americana y peticiones de asociaciones de mercaderes que se pacifiquen las colonias, el rey Jorge III, el Parlamento y el Gobierno declararon que en Am\u00e9rica se hab\u00eda manifestado un movimiento abierto de rebeli\u00f3n. Para presionar a las colonias, el Gobierno Brit\u00e1nico cort\u00f3 el comercio con ellas, con el fin de arruinar sus econom\u00edas. Comenz\u00f3 a formar un ej\u00e9rcito para que vaya a combatir la rebeli\u00f3n, incluso reclutando mercenarios alemanes. Con estas medidas, los americanos claramente ve\u00edan que sus derechos y libertades ya no estaban garantizados dentro del Imperio Brit\u00e1nico.<\/p>\n<p>El sentimiento por la independencia se asent\u00f3 en las colonias americanas, especialmente en aquellas que estaban ya en la lucha contra el dominio colonial. Las colonias comenzaron a llamarse estados. Un congreso fue llamado para discutir la independencia, a llevarse a cabo en Philadelphia. Las colonias de Massachusetts, Carolina del Norte y del Sur, Georgia y Virginia propusieron directamente la separaci\u00f3n de Gran Breta\u00f1a. En junio de 1776, el Congreso debati\u00f3 la independencia por varios d\u00edas. El primero de julio se realiz\u00f3 la primera votaci\u00f3n. Nueve colonias apoyaron la independencia, South Carolina, Delaware, Pennsylvania y New York retuvieron sus votos. El 2 de julio, Caesar Rodney lleg\u00f3 y con su voto puso a Delaware en la columna del s\u00ed. La abstenci\u00f3n de Robert Morris y otro colega cambi\u00f3 el balance de la delegaci\u00f3n de Pennsylvania en favor de la independencia. Cuando se recontaron los votos, doce colonias hab\u00edan votado por la independencia. Solo faltaba el voto de New York, que se hab\u00eda abstenido esperando instrucciones de la colonia, hasta que lleg\u00f3 la decisi\u00f3n de apoyar la independencia. Con ello la votaci\u00f3n a favor de la independencia fue un\u00e1nime.<\/p>\n","protected":false},"excerpt":{"rendered":"<p>I &nbsp; Han pasado 250 a\u00f1os desde que las colonias que ten\u00eda Gran Breta\u00f1a en la costa este de Norte Am\u00e9rica, se declararan como un estado independiente, firmando sus representantes el 4 de julio de 1776, la constituci\u00f3n que sentar\u00eda las bases de la democracia moderna. El proceso comenz\u00f3 el a\u00f1o 1763, cuando termin\u00f3 en [&hellip;]<\/p>\n","protected":false},"author":1,"featured_media":194790,"comment_status":"closed","ping_status":"open","sticky":false,"template":"","format":"standard","meta":{"_acf_changed":false,"footnotes":""},"categories":[9],"tags":[],"class_list":["post-426537","post","type-post","status-publish","format-standard","has-post-thumbnail","category-opinion"],"acf":{"antetitulo":""},"yoast_head":"<!-- This site is optimized with the Yoast SEO plugin v28.3 - https:\/\/yoast.com\/product\/yoast-seo-wordpress\/ -->\n<title>La gran constituci\u00f3n - El Diario - Bolivia<\/title>\n<meta name=\"robots\" content=\"index, follow, max-snippet:-1, max-image-preview:large, max-video-preview:-1\" \/>\n<link rel=\"canonical\" href=\"https:\/\/www.eldiario.net\/portal\/2026\/09\/01\/la-gran-constitucion\/\" \/>\n<meta property=\"og:locale\" content=\"es_ES\" \/>\n<meta property=\"og:type\" content=\"article\" \/>\n<meta property=\"og:title\" content=\"La gran constituci\u00f3n - El Diario - Bolivia\" \/>\n<meta property=\"og:description\" content=\"I &nbsp; Han pasado 250 a\u00f1os desde que las colonias que ten\u00eda Gran Breta\u00f1a en la costa este de Norte Am\u00e9rica, se declararan como un estado independiente, firmando sus representantes el 4 de julio de 1776, la constituci\u00f3n que sentar\u00eda las bases de la democracia moderna. El proceso comenz\u00f3 el a\u00f1o 1763, cuando termin\u00f3 en [&hellip;]\" \/>\n<meta property=\"og:url\" content=\"https:\/\/www.eldiario.net\/portal\/2026\/09\/01\/la-gran-constitucion\/\" \/>\n<meta property=\"og:site_name\" content=\"El Diario - Bolivia\" \/>\n<meta property=\"article:publisher\" content=\"https:\/\/www.facebook.com\/eldiario.bolivia\/\" \/>\n<meta property=\"article:published_time\" content=\"2026-09-01T10:03:36+00:00\" \/>\n<meta property=\"og:image\" content=\"https:\/\/www.eldiario.net\/portal\/wp-content\/uploads\/2023\/12\/Opinion.jpg\" \/>\n\t<meta property=\"og:image:width\" content=\"800\" \/>\n\t<meta property=\"og:image:height\" content=\"500\" \/>\n\t<meta property=\"og:image:type\" content=\"image\/jpeg\" \/>\n<meta name=\"author\" content=\"Jeanette\" \/>\n<meta name=\"twitter:card\" content=\"summary_large_image\" \/>\n<meta name=\"twitter:creator\" content=\"@eldiario_net\" \/>\n<meta name=\"twitter:site\" content=\"@eldiario_net\" \/>\n<meta name=\"twitter:label1\" content=\"Escrito por\" \/>\n\t<meta name=\"twitter:data1\" content=\"Jeanette\" \/>\n\t<meta name=\"twitter:label2\" content=\"Tiempo de lectura\" \/>\n\t<meta name=\"twitter:data2\" content=\"5 minutos\" \/>\n<script type=\"application\/ld+json\" class=\"yoast-schema-graph\">{\"@context\":\"https:\\\/\\\/schema.org\",\"@graph\":[{\"@type\":\"Article\",\"@id\":\"https:\\\/\\\/www.eldiario.net\\\/portal\\\/2026\\\/09\\\/01\\\/la-gran-constitucion\\\/#article\",\"isPartOf\":{\"@id\":\"https:\\\/\\\/www.eldiario.net\\\/portal\\\/2026\\\/09\\\/01\\\/la-gran-constitucion\\\/\"},\"author\":{\"name\":\"Jeanette\",\"@id\":\"https:\\\/\\\/www.eldiario.net\\\/portal\\\/#\\\/schema\\\/person\\\/f46445640444750d7d753ccd04ae01b7\"},\"headline\":\"La gran constituci\u00f3n\",\"datePublished\":\"2026-09-01T10:03:36+00:00\",\"mainEntityOfPage\":{\"@id\":\"https:\\\/\\\/www.eldiario.net\\\/portal\\\/2026\\\/09\\\/01\\\/la-gran-constitucion\\\/\"},\"wordCount\":1017,\"publisher\":{\"@id\":\"https:\\\/\\\/www.eldiario.net\\\/portal\\\/#organization\"},\"image\":{\"@id\":\"https:\\\/\\\/www.eldiario.net\\\/portal\\\/2026\\\/09\\\/01\\\/la-gran-constitucion\\\/#primaryimage\"},\"thumbnailUrl\":\"https:\\\/\\\/www.eldiario.net\\\/portal\\\/wp-content\\\/uploads\\\/2023\\\/12\\\/Opinion.jpg\",\"articleSection\":[\"Opini\u00f3n\"],\"inLanguage\":\"es\"},{\"@type\":\"WebPage\",\"@id\":\"https:\\\/\\\/www.eldiario.net\\\/portal\\\/2026\\\/09\\\/01\\\/la-gran-constitucion\\\/\",\"url\":\"https:\\\/\\\/www.eldiario.net\\\/portal\\\/2026\\\/09\\\/01\\\/la-gran-constitucion\\\/\",\"name\":\"La gran constituci\u00f3n - El Diario - Bolivia\",\"isPartOf\":{\"@id\":\"https:\\\/\\\/www.eldiario.net\\\/portal\\\/#website\"},\"primaryImageOfPage\":{\"@id\":\"https:\\\/\\\/www.eldiario.net\\\/portal\\\/2026\\\/09\\\/01\\\/la-gran-constitucion\\\/#primaryimage\"},\"image\":{\"@id\":\"https:\\\/\\\/www.eldiario.net\\\/portal\\\/2026\\\/09\\\/01\\\/la-gran-constitucion\\\/#primaryimage\"},\"thumbnailUrl\":\"https:\\\/\\\/www.eldiario.net\\\/portal\\\/wp-content\\\/uploads\\\/2023\\\/12\\\/Opinion.jpg\",\"datePublished\":\"2026-09-01T10:03:36+00:00\",\"breadcrumb\":{\"@id\":\"https:\\\/\\\/www.eldiario.net\\\/portal\\\/2026\\\/09\\\/01\\\/la-gran-constitucion\\\/#breadcrumb\"},\"inLanguage\":\"es\",\"potentialAction\":[{\"@type\":\"ReadAction\",\"target\":[\"https:\\\/\\\/www.eldiario.net\\\/portal\\\/2026\\\/09\\\/01\\\/la-gran-constitucion\\\/\"]}]},{\"@type\":\"ImageObject\",\"inLanguage\":\"es\",\"@id\":\"https:\\\/\\\/www.eldiario.net\\\/portal\\\/2026\\\/09\\\/01\\\/la-gran-constitucion\\\/#primaryimage\",\"url\":\"https:\\\/\\\/www.eldiario.net\\\/portal\\\/wp-content\\\/uploads\\\/2023\\\/12\\\/Opinion.jpg\",\"contentUrl\":\"https:\\\/\\\/www.eldiario.net\\\/portal\\\/wp-content\\\/uploads\\\/2023\\\/12\\\/Opinion.jpg\",\"width\":800,\"height\":500},{\"@type\":\"BreadcrumbList\",\"@id\":\"https:\\\/\\\/www.eldiario.net\\\/portal\\\/2026\\\/09\\\/01\\\/la-gran-constitucion\\\/#breadcrumb\",\"itemListElement\":[{\"@type\":\"ListItem\",\"position\":1,\"name\":\"Portada\",\"item\":\"https:\\\/\\\/www.eldiario.net\\\/portal\\\/\"},{\"@type\":\"ListItem\",\"position\":2,\"name\":\"La gran constituci\u00f3n\"}]},{\"@type\":\"WebSite\",\"@id\":\"https:\\\/\\\/www.eldiario.net\\\/portal\\\/#website\",\"url\":\"https:\\\/\\\/www.eldiario.net\\\/portal\\\/\",\"name\":\"El Diario - Decano de la prensa nacional\",\"description\":\"El Diario - Decano de la prensa nacional\",\"publisher\":{\"@id\":\"https:\\\/\\\/www.eldiario.net\\\/portal\\\/#organization\"},\"potentialAction\":[{\"@type\":\"SearchAction\",\"target\":{\"@type\":\"EntryPoint\",\"urlTemplate\":\"https:\\\/\\\/www.eldiario.net\\\/portal\\\/?s={search_term_string}\"},\"query-input\":{\"@type\":\"PropertyValueSpecification\",\"valueRequired\":true,\"valueName\":\"search_term_string\"}}],\"inLanguage\":\"es\"},{\"@type\":\"Organization\",\"@id\":\"https:\\\/\\\/www.eldiario.net\\\/portal\\\/#organization\",\"name\":\"El Diario - Decano de la prensa nacional\",\"url\":\"https:\\\/\\\/www.eldiario.net\\\/portal\\\/\",\"logo\":{\"@type\":\"ImageObject\",\"inLanguage\":\"es\",\"@id\":\"https:\\\/\\\/www.eldiario.net\\\/portal\\\/#\\\/schema\\\/logo\\\/image\\\/\",\"url\":\"https:\\\/\\\/www.eldiario.net\\\/portal\\\/wp-content\\\/uploads\\\/2023\\\/07\\\/logo_ED.jpg\",\"contentUrl\":\"https:\\\/\\\/www.eldiario.net\\\/portal\\\/wp-content\\\/uploads\\\/2023\\\/07\\\/logo_ED.jpg\",\"width\":272,\"height\":52,\"caption\":\"El Diario - Decano de la prensa nacional\"},\"image\":{\"@id\":\"https:\\\/\\\/www.eldiario.net\\\/portal\\\/#\\\/schema\\\/logo\\\/image\\\/\"},\"sameAs\":[\"https:\\\/\\\/www.facebook.com\\\/eldiario.bolivia\\\/\",\"https:\\\/\\\/x.com\\\/eldiario_net\"]},{\"@type\":\"Person\",\"@id\":\"https:\\\/\\\/www.eldiario.net\\\/portal\\\/#\\\/schema\\\/person\\\/f46445640444750d7d753ccd04ae01b7\",\"name\":\"Jeanette\",\"image\":{\"@type\":\"ImageObject\",\"inLanguage\":\"es\",\"@id\":\"https:\\\/\\\/secure.gravatar.com\\\/avatar\\\/3ea2118a5f7dad2b7138b1187a6b7ee55f160b9968b66013c3a3ef39dd7e5798?s=96&d=mm&r=g\",\"url\":\"https:\\\/\\\/secure.gravatar.com\\\/avatar\\\/3ea2118a5f7dad2b7138b1187a6b7ee55f160b9968b66013c3a3ef39dd7e5798?s=96&d=mm&r=g\",\"contentUrl\":\"https:\\\/\\\/secure.gravatar.com\\\/avatar\\\/3ea2118a5f7dad2b7138b1187a6b7ee55f160b9968b66013c3a3ef39dd7e5798?s=96&d=mm&r=g\",\"caption\":\"Jeanette\"},\"sameAs\":[\"https:\\\/\\\/www.eldiario.net\\\/portal\"],\"url\":\"https:\\\/\\\/www.eldiario.net\\\/portal\\\/author\\\/jeanette\\\/\"}]}<\/script>\n<!-- \/ Yoast SEO plugin. -->","yoast_head_json":{"title":"La gran constituci\u00f3n - El Diario - Bolivia","robots":{"index":"index","follow":"follow","max-snippet":"max-snippet:-1","max-image-preview":"max-image-preview:large","max-video-preview":"max-video-preview:-1"},"canonical":"https:\/\/www.eldiario.net\/portal\/2026\/09\/01\/la-gran-constitucion\/","og_locale":"es_ES","og_type":"article","og_title":"La gran constituci\u00f3n - El Diario - Bolivia","og_description":"I &nbsp; Han pasado 250 a\u00f1os desde que las colonias que ten\u00eda Gran Breta\u00f1a en la costa este de Norte Am\u00e9rica, se declararan como un estado independiente, firmando sus representantes el 4 de julio de 1776, la constituci\u00f3n que sentar\u00eda las bases de la democracia moderna. El proceso comenz\u00f3 el a\u00f1o 1763, cuando termin\u00f3 en [&hellip;]","og_url":"https:\/\/www.eldiario.net\/portal\/2026\/09\/01\/la-gran-constitucion\/","og_site_name":"El Diario - Bolivia","article_publisher":"https:\/\/www.facebook.com\/eldiario.bolivia\/","article_published_time":"2026-09-01T10:03:36+00:00","og_image":[{"width":800,"height":500,"url":"https:\/\/www.eldiario.net\/portal\/wp-content\/uploads\/2023\/12\/Opinion.jpg","type":"image\/jpeg"}],"author":"Jeanette","twitter_card":"summary_large_image","twitter_creator":"@eldiario_net","twitter_site":"@eldiario_net","twitter_misc":{"Escrito por":"Jeanette","Tiempo de lectura":"5 minutos"},"schema":{"@context":"https:\/\/schema.org","@graph":[{"@type":"Article","@id":"https:\/\/www.eldiario.net\/portal\/2026\/09\/01\/la-gran-constitucion\/#article","isPartOf":{"@id":"https:\/\/www.eldiario.net\/portal\/2026\/09\/01\/la-gran-constitucion\/"},"author":{"name":"Jeanette","@id":"https:\/\/www.eldiario.net\/portal\/#\/schema\/person\/f46445640444750d7d753ccd04ae01b7"},"headline":"La gran constituci\u00f3n","datePublished":"2026-09-01T10:03:36+00:00","mainEntityOfPage":{"@id":"https:\/\/www.eldiario.net\/portal\/2026\/09\/01\/la-gran-constitucion\/"},"wordCount":1017,"publisher":{"@id":"https:\/\/www.eldiario.net\/portal\/#organization"},"image":{"@id":"https:\/\/www.eldiario.net\/portal\/2026\/09\/01\/la-gran-constitucion\/#primaryimage"},"thumbnailUrl":"https:\/\/www.eldiario.net\/portal\/wp-content\/uploads\/2023\/12\/Opinion.jpg","articleSection":["Opini\u00f3n"],"inLanguage":"es"},{"@type":"WebPage","@id":"https:\/\/www.eldiario.net\/portal\/2026\/09\/01\/la-gran-constitucion\/","url":"https:\/\/www.eldiario.net\/portal\/2026\/09\/01\/la-gran-constitucion\/","name":"La gran constituci\u00f3n - El Diario - Bolivia","isPartOf":{"@id":"https:\/\/www.eldiario.net\/portal\/#website"},"primaryImageOfPage":{"@id":"https:\/\/www.eldiario.net\/portal\/2026\/09\/01\/la-gran-constitucion\/#primaryimage"},"image":{"@id":"https:\/\/www.eldiario.net\/portal\/2026\/09\/01\/la-gran-constitucion\/#primaryimage"},"thumbnailUrl":"https:\/\/www.eldiario.net\/portal\/wp-content\/uploads\/2023\/12\/Opinion.jpg","datePublished":"2026-09-01T10:03:36+00:00","breadcrumb":{"@id":"https:\/\/www.eldiario.net\/portal\/2026\/09\/01\/la-gran-constitucion\/#breadcrumb"},"inLanguage":"es","potentialAction":[{"@type":"ReadAction","target":["https:\/\/www.eldiario.net\/portal\/2026\/09\/01\/la-gran-constitucion\/"]}]},{"@type":"ImageObject","inLanguage":"es","@id":"https:\/\/www.eldiario.net\/portal\/2026\/09\/01\/la-gran-constitucion\/#primaryimage","url":"https:\/\/www.eldiario.net\/portal\/wp-content\/uploads\/2023\/12\/Opinion.jpg","contentUrl":"https:\/\/www.eldiario.net\/portal\/wp-content\/uploads\/2023\/12\/Opinion.jpg","width":800,"height":500},{"@type":"BreadcrumbList","@id":"https:\/\/www.eldiario.net\/portal\/2026\/09\/01\/la-gran-constitucion\/#breadcrumb","itemListElement":[{"@type":"ListItem","position":1,"name":"Portada","item":"https:\/\/www.eldiario.net\/portal\/"},{"@type":"ListItem","position":2,"name":"La gran constituci\u00f3n"}]},{"@type":"WebSite","@id":"https:\/\/www.eldiario.net\/portal\/#website","url":"https:\/\/www.eldiario.net\/portal\/","name":"El Diario - Decano de la prensa nacional","description":"El Diario - Decano de la prensa nacional","publisher":{"@id":"https:\/\/www.eldiario.net\/portal\/#organization"},"potentialAction":[{"@type":"SearchAction","target":{"@type":"EntryPoint","urlTemplate":"https:\/\/www.eldiario.net\/portal\/?s={search_term_string}"},"query-input":{"@type":"PropertyValueSpecification","valueRequired":true,"valueName":"search_term_string"}}],"inLanguage":"es"},{"@type":"Organization","@id":"https:\/\/www.eldiario.net\/portal\/#organization","name":"El Diario - Decano de la prensa nacional","url":"https:\/\/www.eldiario.net\/portal\/","logo":{"@type":"ImageObject","inLanguage":"es","@id":"https:\/\/www.eldiario.net\/portal\/#\/schema\/logo\/image\/","url":"https:\/\/www.eldiario.net\/portal\/wp-content\/uploads\/2023\/07\/logo_ED.jpg","contentUrl":"https:\/\/www.eldiario.net\/portal\/wp-content\/uploads\/2023\/07\/logo_ED.jpg","width":272,"height":52,"caption":"El Diario - Decano de la prensa nacional"},"image":{"@id":"https:\/\/www.eldiario.net\/portal\/#\/schema\/logo\/image\/"},"sameAs":["https:\/\/www.facebook.com\/eldiario.bolivia\/","https:\/\/x.com\/eldiario_net"]},{"@type":"Person","@id":"https:\/\/www.eldiario.net\/portal\/#\/schema\/person\/f46445640444750d7d753ccd04ae01b7","name":"Jeanette","image":{"@type":"ImageObject","inLanguage":"es","@id":"https:\/\/secure.gravatar.com\/avatar\/3ea2118a5f7dad2b7138b1187a6b7ee55f160b9968b66013c3a3ef39dd7e5798?s=96&d=mm&r=g","url":"https:\/\/secure.gravatar.com\/avatar\/3ea2118a5f7dad2b7138b1187a6b7ee55f160b9968b66013c3a3ef39dd7e5798?s=96&d=mm&r=g","contentUrl":"https:\/\/secure.gravatar.com\/avatar\/3ea2118a5f7dad2b7138b1187a6b7ee55f160b9968b66013c3a3ef39dd7e5798?s=96&d=mm&r=g","caption":"Jeanette"},"sameAs":["https:\/\/www.eldiario.net\/portal"],"url":"https:\/\/www.eldiario.net\/portal\/author\/jeanette\/"}]}},"_links":{"self":[{"href":"https:\/\/www.eldiario.net\/portal\/wp-json\/wp\/v2\/posts\/426537","targetHints":{"allow":["GET"]}}],"collection":[{"href":"https:\/\/www.eldiario.net\/portal\/wp-json\/wp\/v2\/posts"}],"about":[{"href":"https:\/\/www.eldiario.net\/portal\/wp-json\/wp\/v2\/types\/post"}],"author":[{"embeddable":true,"href":"https:\/\/www.eldiario.net\/portal\/wp-json\/wp\/v2\/users\/1"}],"replies":[{"embeddable":true,"href":"https:\/\/www.eldiario.net\/portal\/wp-json\/wp\/v2\/comments?post=426537"}],"version-history":[{"count":1,"href":"https:\/\/www.eldiario.net\/portal\/wp-json\/wp\/v2\/posts\/426537\/revisions"}],"predecessor-version":[{"id":426538,"href":"https:\/\/www.eldiario.net\/portal\/wp-json\/wp\/v2\/posts\/426537\/revisions\/426538"}],"wp:featuredmedia":[{"embeddable":true,"href":"https:\/\/www.eldiario.net\/portal\/wp-json\/wp\/v2\/media\/194790"}],"wp:attachment":[{"href":"https:\/\/www.eldiario.net\/portal\/wp-json\/wp\/v2\/media?parent=426537"}],"wp:term":[{"taxonomy":"category","embeddable":true,"href":"https:\/\/www.eldiario.net\/portal\/wp-json\/wp\/v2\/categories?post=426537"},{"taxonomy":"post_tag","embeddable":true,"href":"https:\/\/www.eldiario.net\/portal\/wp-json\/wp\/v2\/tags?post=426537"}],"curies":[{"name":"wp","href":"https:\/\/api.w.org\/{rel}","templated":true}]}}