{"id":426535,"date":"2026-09-01T06:02:16","date_gmt":"2026-09-01T10:02:16","guid":{"rendered":"https:\/\/www.eldiario.net\/portal\/?p=426535"},"modified":"2026-09-01T06:02:16","modified_gmt":"2026-09-01T10:02:16","slug":"consecuencias-de-una-educacion-deficiente","status":"publish","type":"post","link":"https:\/\/www.eldiario.net\/portal\/2026\/09\/01\/consecuencias-de-una-educacion-deficiente\/","title":{"rendered":"Consecuencias de una educaci\u00f3n deficiente"},"content":{"rendered":"<p>Terminemos nuestro intento de analizar el tema de la Educaci\u00f3n, detallando a continuaci\u00f3n las consecuencias sociales de una mala educaci\u00f3n en las sociedades.<\/p>\n<ul>\n<li>Mayor desigualdad social, debido a la dificultad para acceder a empleos de calidad y mejores oportunidades de desarrollo.<\/li>\n<li>Incremento de la pobreza, al limitarse las posibilidades de formaci\u00f3n profesional y movilidad social.<\/li>\n<li>Debilitamiento de los valores c\u00edvicos y \u00e9ticos en todos los niveles sociales, afectando el respeto, la solidaridad y la convivencia.<\/li>\n<li>Mayor vulnerabilidad ante la desinformaci\u00f3n, la manipulaci\u00f3n y las noticias falsas por falta de pensamiento cr\u00edtico.<\/li>\n<li>Aumento de la exclusi\u00f3n social, especialmente entre j\u00f3venes con acceso limitado a una educaci\u00f3n de calidad.<\/li>\n<li>Menor capacidad para adaptarse a los cambios tecnol\u00f3gicos y laborales, lo que dificulta la inserci\u00f3n en una econom\u00eda cada vez m\u00e1s basada en el conocimiento.<\/li>\n<li>Mayor riesgo de violencia, delincuencia o conductas de riesgo, cuando se combinan la falta de oportunidades educativas con otros factores sociales y econ\u00f3micos.<\/li>\n<\/ul>\n<p>Y tambi\u00e9n se debe tomar en cuenta las consecuencias pol\u00edticas de una mala educaci\u00f3n, como ser:<\/p>\n<ul>\n<li>Baja participaci\u00f3n ciudadana, reflejada en un menor inter\u00e9s por los asuntos p\u00fablicos y los procesos democr\u00e1ticos.<\/li>\n<li>Dificultad para evaluar propuestas y pol\u00edticas p\u00fablicas, lo que puede favorecer decisiones poco informadas en el momento de participar en la vida c\u00edvica.<\/li>\n<li>Mayor susceptibilidad ante la manipulaci\u00f3n pol\u00edtica, especialmente cuando existen campa\u00f1as de desinformaci\u00f3n o discursos simplificados.<\/li>\n<li>Debilitamiento de la cultura democr\u00e1tica, al reducirse el conocimiento sobre derechos, deberes e instituciones.<\/li>\n<li>Menor capacidad para exigir transparencia y rendici\u00f3n de cuentas a las autoridades.<\/li>\n<li>Escasez de futuros l\u00edderes preparados, con impacto en la calidad de la gesti\u00f3n p\u00fablica y privada.<\/li>\n<li>Carencia de nuevos l\u00edderes con formaci\u00f3n de valores y razonamiento propio en funci\u00f3n de la sociedad y no solo de un apetito personal de crecimiento econ\u00f3mico.<\/li>\n<\/ul>\n<p>Finalmente definamos la importancia de una educaci\u00f3n integral, en una sociedad como la nuestra, porque una educaci\u00f3n integral fortalece el desarrollo de personas capaces de:<\/p>\n<ul>\n<li>Pensar de manera cr\u00edtica y resolver problemas.<\/li>\n<li>Actuar con \u00e9tica y responsabilidad.<\/li>\n<li>Respetar la diversidad y los derechos humanos.<\/li>\n<li>Participar activamente en la vida democr\u00e1tica.<\/li>\n<li>Adaptarse a los avances cient\u00edficos y tecnol\u00f3gicos.<\/li>\n<li>Contribuir al desarrollo econ\u00f3mico, social y cultural de su comunidad y su pa\u00eds.<\/li>\n<\/ul>\n<p>La falta de una educaci\u00f3n integral puede limitar las oportunidades individuales y afectar el desarrollo de la sociedad en su conjunto. Sin embargo, sus efectos no dependen \u00fanicamente de la educaci\u00f3n, sino tambi\u00e9n de factores como las condiciones econ\u00f3micas, el entorno familiar, la calidad de las instituciones y las pol\u00edticas p\u00fablicas. Por ello, promover una educaci\u00f3n inclusiva, de calidad y orientada al desarrollo de conocimientos, valores y competencias constituye una inversi\u00f3n fundamental para formar ciudadanos preparados para enfrentar los desaf\u00edos del Siglo XXI en adelante y fortalecer sociedades m\u00e1s justas, participativas y sostenibles.<\/p>\n<p>En resumen, educar no es simplemente desarrollar una estructura curricular, crear contenidos y tratar de implementarlos en mentes nuevas, sino, por el contrario, se debe contar con pol\u00edticas de conocimiento humano, psicol\u00f3gico y social a nivel de pa\u00eds, comparado con el avance de la ciencia y el conocimiento global existente. El mundo de la tecnolog\u00eda actual nos hace part\u00edcipes a casi todos los seres humanos, por medio de los modernos medios de comunicaci\u00f3n, a que no existan ya barreras del conocimiento universal y lo que antes estaba limitado a unos pocos es ahora de dominio universal. No se trata, pues, de retroceder en el tiempo y tratar de imponer ritos o costumbres de otras \u00e9pocas en busca de un falso nacionalismo, sino de impedir que leyes nacionales como la denominada Avelino Si\u00f1ani, impuesta con mucho trasfondo pol\u00edtico, pero nada efectivo para la ni\u00f1ez y juventud del siglo actual, contin\u00faen creando vac\u00edos intelectuales que nos apartan de las sociedades actuales y nos encierran en el mundo de la ignorancia y la debilidad intelectual.<\/p>\n<p>Es necesario puntualizar que la educaci\u00f3n no concluye en las aulas escolares o universitarias, sino que es una constante que debe ser construida por los hogares, medios de comunicaci\u00f3n, instituciones de formaci\u00f3n especializada (fuerzas armadas, polic\u00eda, culturales, deportivas, c\u00edvicas, religiosas, filos\u00f3ficas, sociales) y, sobre todo, por aquellos que aspiran a ser l\u00edderes comunales, departamentales y nacionales, los que basados en el respeto a las pol\u00edticas de estado, demuestren en sus hechos y discursos que son capaces, pero adem\u00e1s educados.<\/p>\n<p>Si esto lo complementamos con el adecuado y \u00e9tico uso de la Inteligencia Artificial, que ser\u00e1 objeto de otro an\u00e1lisis, debemos concluir que educar es una misi\u00f3n que requiere mucho profesionalismo, conocimiento, investigaci\u00f3n y, sobre todo, vocaci\u00f3n de servicio para dar a las nuevas generaciones la oportunidad de no solamente conocer, sino adecuar el avance conceptual y de contenidos acordes al nivel pedag\u00f3gico, cultural, social y hasta pol\u00edtico del lugar donde se vaya a impartir.<\/p>\n<p>Recordemos al escritor y fil\u00f3sofo Goethe que dec\u00eda: <em>\u201cNada es peor que un maestro que no sabe m\u00e1s de lo que debieran saber sus alumnos\u201d.<\/em><\/p>\n","protected":false},"excerpt":{"rendered":"<p>Terminemos nuestro intento de analizar el tema de la Educaci\u00f3n, detallando a continuaci\u00f3n las consecuencias sociales de una mala educaci\u00f3n en las sociedades. Mayor desigualdad social, debido a la dificultad para acceder a empleos de calidad y mejores oportunidades de desarrollo. Incremento de la pobreza, al limitarse las posibilidades de formaci\u00f3n profesional y movilidad social. [&hellip;]<\/p>\n","protected":false},"author":1,"featured_media":367614,"comment_status":"closed","ping_status":"open","sticky":false,"template":"","format":"standard","meta":{"_acf_changed":false,"footnotes":""},"categories":[9],"tags":[],"class_list":["post-426535","post","type-post","status-publish","format-standard","has-post-thumbnail","category-opinion"],"acf":{"antetitulo":"Pienso, luego existo"},"yoast_head":"<!-- This site is optimized with the Yoast SEO plugin v28.3 - https:\/\/yoast.com\/product\/yoast-seo-wordpress\/ -->\n<title>Consecuencias de una educaci\u00f3n deficiente - El Diario - Bolivia<\/title>\n<meta name=\"robots\" content=\"index, follow, max-snippet:-1, max-image-preview:large, max-video-preview:-1\" \/>\n<link rel=\"canonical\" href=\"https:\/\/www.eldiario.net\/portal\/2026\/09\/01\/consecuencias-de-una-educacion-deficiente\/\" \/>\n<meta property=\"og:locale\" content=\"es_ES\" \/>\n<meta property=\"og:type\" content=\"article\" \/>\n<meta property=\"og:title\" content=\"Consecuencias de una educaci\u00f3n deficiente - El Diario - Bolivia\" \/>\n<meta property=\"og:description\" content=\"Terminemos nuestro intento de analizar el tema de la Educaci\u00f3n, detallando a continuaci\u00f3n las consecuencias sociales de una mala educaci\u00f3n en las sociedades. Mayor desigualdad social, debido a la dificultad para acceder a empleos de calidad y mejores oportunidades de desarrollo. Incremento de la pobreza, al limitarse las posibilidades de formaci\u00f3n profesional y movilidad social. [&hellip;]\" \/>\n<meta property=\"og:url\" content=\"https:\/\/www.eldiario.net\/portal\/2026\/09\/01\/consecuencias-de-una-educacion-deficiente\/\" \/>\n<meta property=\"og:site_name\" content=\"El Diario - Bolivia\" \/>\n<meta property=\"article:publisher\" content=\"https:\/\/www.facebook.com\/eldiario.bolivia\/\" \/>\n<meta property=\"article:published_time\" content=\"2026-09-01T10:02:16+00:00\" \/>\n<meta property=\"og:image\" content=\"https:\/\/www.eldiario.net\/portal\/wp-content\/uploads\/2026\/02\/Eddy-Terceros-Monasterio.webp\" \/>\n\t<meta property=\"og:image:width\" content=\"1200\" \/>\n\t<meta property=\"og:image:height\" content=\"628\" \/>\n\t<meta property=\"og:image:type\" content=\"image\/webp\" \/>\n<meta name=\"author\" content=\"Jeanette\" \/>\n<meta name=\"twitter:card\" content=\"summary_large_image\" \/>\n<meta name=\"twitter:creator\" content=\"@eldiario_net\" \/>\n<meta name=\"twitter:site\" content=\"@eldiario_net\" \/>\n<meta name=\"twitter:label1\" content=\"Escrito por\" \/>\n\t<meta name=\"twitter:data1\" content=\"Jeanette\" \/>\n\t<meta name=\"twitter:label2\" content=\"Tiempo de lectura\" \/>\n\t<meta name=\"twitter:data2\" content=\"4 minutos\" \/>\n<script type=\"application\/ld+json\" class=\"yoast-schema-graph\">{\"@context\":\"https:\\\/\\\/schema.org\",\"@graph\":[{\"@type\":\"Article\",\"@id\":\"https:\\\/\\\/www.eldiario.net\\\/portal\\\/2026\\\/09\\\/01\\\/consecuencias-de-una-educacion-deficiente\\\/#article\",\"isPartOf\":{\"@id\":\"https:\\\/\\\/www.eldiario.net\\\/portal\\\/2026\\\/09\\\/01\\\/consecuencias-de-una-educacion-deficiente\\\/\"},\"author\":{\"name\":\"Jeanette\",\"@id\":\"https:\\\/\\\/www.eldiario.net\\\/portal\\\/#\\\/schema\\\/person\\\/f46445640444750d7d753ccd04ae01b7\"},\"headline\":\"Consecuencias de una educaci\u00f3n deficiente\",\"datePublished\":\"2026-09-01T10:02:16+00:00\",\"mainEntityOfPage\":{\"@id\":\"https:\\\/\\\/www.eldiario.net\\\/portal\\\/2026\\\/09\\\/01\\\/consecuencias-de-una-educacion-deficiente\\\/\"},\"wordCount\":899,\"publisher\":{\"@id\":\"https:\\\/\\\/www.eldiario.net\\\/portal\\\/#organization\"},\"image\":{\"@id\":\"https:\\\/\\\/www.eldiario.net\\\/portal\\\/2026\\\/09\\\/01\\\/consecuencias-de-una-educacion-deficiente\\\/#primaryimage\"},\"thumbnailUrl\":\"https:\\\/\\\/www.eldiario.net\\\/portal\\\/wp-content\\\/uploads\\\/2026\\\/02\\\/Eddy-Terceros-Monasterio.webp\",\"articleSection\":[\"Opini\u00f3n\"],\"inLanguage\":\"es\"},{\"@type\":\"WebPage\",\"@id\":\"https:\\\/\\\/www.eldiario.net\\\/portal\\\/2026\\\/09\\\/01\\\/consecuencias-de-una-educacion-deficiente\\\/\",\"url\":\"https:\\\/\\\/www.eldiario.net\\\/portal\\\/2026\\\/09\\\/01\\\/consecuencias-de-una-educacion-deficiente\\\/\",\"name\":\"Consecuencias de una educaci\u00f3n deficiente - El Diario - Bolivia\",\"isPartOf\":{\"@id\":\"https:\\\/\\\/www.eldiario.net\\\/portal\\\/#website\"},\"primaryImageOfPage\":{\"@id\":\"https:\\\/\\\/www.eldiario.net\\\/portal\\\/2026\\\/09\\\/01\\\/consecuencias-de-una-educacion-deficiente\\\/#primaryimage\"},\"image\":{\"@id\":\"https:\\\/\\\/www.eldiario.net\\\/portal\\\/2026\\\/09\\\/01\\\/consecuencias-de-una-educacion-deficiente\\\/#primaryimage\"},\"thumbnailUrl\":\"https:\\\/\\\/www.eldiario.net\\\/portal\\\/wp-content\\\/uploads\\\/2026\\\/02\\\/Eddy-Terceros-Monasterio.webp\",\"datePublished\":\"2026-09-01T10:02:16+00:00\",\"breadcrumb\":{\"@id\":\"https:\\\/\\\/www.eldiario.net\\\/portal\\\/2026\\\/09\\\/01\\\/consecuencias-de-una-educacion-deficiente\\\/#breadcrumb\"},\"inLanguage\":\"es\",\"potentialAction\":[{\"@type\":\"ReadAction\",\"target\":[\"https:\\\/\\\/www.eldiario.net\\\/portal\\\/2026\\\/09\\\/01\\\/consecuencias-de-una-educacion-deficiente\\\/\"]}]},{\"@type\":\"ImageObject\",\"inLanguage\":\"es\",\"@id\":\"https:\\\/\\\/www.eldiario.net\\\/portal\\\/2026\\\/09\\\/01\\\/consecuencias-de-una-educacion-deficiente\\\/#primaryimage\",\"url\":\"https:\\\/\\\/www.eldiario.net\\\/portal\\\/wp-content\\\/uploads\\\/2026\\\/02\\\/Eddy-Terceros-Monasterio.webp\",\"contentUrl\":\"https:\\\/\\\/www.eldiario.net\\\/portal\\\/wp-content\\\/uploads\\\/2026\\\/02\\\/Eddy-Terceros-Monasterio.webp\",\"width\":1200,\"height\":628,\"caption\":\"Eddy Terceros Monasterios\"},{\"@type\":\"BreadcrumbList\",\"@id\":\"https:\\\/\\\/www.eldiario.net\\\/portal\\\/2026\\\/09\\\/01\\\/consecuencias-de-una-educacion-deficiente\\\/#breadcrumb\",\"itemListElement\":[{\"@type\":\"ListItem\",\"position\":1,\"name\":\"Portada\",\"item\":\"https:\\\/\\\/www.eldiario.net\\\/portal\\\/\"},{\"@type\":\"ListItem\",\"position\":2,\"name\":\"Consecuencias de una educaci\u00f3n deficiente\"}]},{\"@type\":\"WebSite\",\"@id\":\"https:\\\/\\\/www.eldiario.net\\\/portal\\\/#website\",\"url\":\"https:\\\/\\\/www.eldiario.net\\\/portal\\\/\",\"name\":\"El Diario - Decano de la prensa nacional\",\"description\":\"El Diario - Decano de la prensa nacional\",\"publisher\":{\"@id\":\"https:\\\/\\\/www.eldiario.net\\\/portal\\\/#organization\"},\"potentialAction\":[{\"@type\":\"SearchAction\",\"target\":{\"@type\":\"EntryPoint\",\"urlTemplate\":\"https:\\\/\\\/www.eldiario.net\\\/portal\\\/?s={search_term_string}\"},\"query-input\":{\"@type\":\"PropertyValueSpecification\",\"valueRequired\":true,\"valueName\":\"search_term_string\"}}],\"inLanguage\":\"es\"},{\"@type\":\"Organization\",\"@id\":\"https:\\\/\\\/www.eldiario.net\\\/portal\\\/#organization\",\"name\":\"El Diario - Decano de la prensa nacional\",\"url\":\"https:\\\/\\\/www.eldiario.net\\\/portal\\\/\",\"logo\":{\"@type\":\"ImageObject\",\"inLanguage\":\"es\",\"@id\":\"https:\\\/\\\/www.eldiario.net\\\/portal\\\/#\\\/schema\\\/logo\\\/image\\\/\",\"url\":\"https:\\\/\\\/www.eldiario.net\\\/portal\\\/wp-content\\\/uploads\\\/2023\\\/07\\\/logo_ED.jpg\",\"contentUrl\":\"https:\\\/\\\/www.eldiario.net\\\/portal\\\/wp-content\\\/uploads\\\/2023\\\/07\\\/logo_ED.jpg\",\"width\":272,\"height\":52,\"caption\":\"El Diario - Decano de la prensa nacional\"},\"image\":{\"@id\":\"https:\\\/\\\/www.eldiario.net\\\/portal\\\/#\\\/schema\\\/logo\\\/image\\\/\"},\"sameAs\":[\"https:\\\/\\\/www.facebook.com\\\/eldiario.bolivia\\\/\",\"https:\\\/\\\/x.com\\\/eldiario_net\"]},{\"@type\":\"Person\",\"@id\":\"https:\\\/\\\/www.eldiario.net\\\/portal\\\/#\\\/schema\\\/person\\\/f46445640444750d7d753ccd04ae01b7\",\"name\":\"Jeanette\",\"image\":{\"@type\":\"ImageObject\",\"inLanguage\":\"es\",\"@id\":\"https:\\\/\\\/secure.gravatar.com\\\/avatar\\\/3ea2118a5f7dad2b7138b1187a6b7ee55f160b9968b66013c3a3ef39dd7e5798?s=96&d=mm&r=g\",\"url\":\"https:\\\/\\\/secure.gravatar.com\\\/avatar\\\/3ea2118a5f7dad2b7138b1187a6b7ee55f160b9968b66013c3a3ef39dd7e5798?s=96&d=mm&r=g\",\"contentUrl\":\"https:\\\/\\\/secure.gravatar.com\\\/avatar\\\/3ea2118a5f7dad2b7138b1187a6b7ee55f160b9968b66013c3a3ef39dd7e5798?s=96&d=mm&r=g\",\"caption\":\"Jeanette\"},\"sameAs\":[\"https:\\\/\\\/www.eldiario.net\\\/portal\"],\"url\":\"https:\\\/\\\/www.eldiario.net\\\/portal\\\/author\\\/jeanette\\\/\"}]}<\/script>\n<!-- \/ Yoast SEO plugin. -->","yoast_head_json":{"title":"Consecuencias de una educaci\u00f3n deficiente - El Diario - Bolivia","robots":{"index":"index","follow":"follow","max-snippet":"max-snippet:-1","max-image-preview":"max-image-preview:large","max-video-preview":"max-video-preview:-1"},"canonical":"https:\/\/www.eldiario.net\/portal\/2026\/09\/01\/consecuencias-de-una-educacion-deficiente\/","og_locale":"es_ES","og_type":"article","og_title":"Consecuencias de una educaci\u00f3n deficiente - El Diario - Bolivia","og_description":"Terminemos nuestro intento de analizar el tema de la Educaci\u00f3n, detallando a continuaci\u00f3n las consecuencias sociales de una mala educaci\u00f3n en las sociedades. Mayor desigualdad social, debido a la dificultad para acceder a empleos de calidad y mejores oportunidades de desarrollo. Incremento de la pobreza, al limitarse las posibilidades de formaci\u00f3n profesional y movilidad social. [&hellip;]","og_url":"https:\/\/www.eldiario.net\/portal\/2026\/09\/01\/consecuencias-de-una-educacion-deficiente\/","og_site_name":"El Diario - Bolivia","article_publisher":"https:\/\/www.facebook.com\/eldiario.bolivia\/","article_published_time":"2026-09-01T10:02:16+00:00","og_image":[{"width":1200,"height":628,"url":"https:\/\/www.eldiario.net\/portal\/wp-content\/uploads\/2026\/02\/Eddy-Terceros-Monasterio.webp","type":"image\/webp"}],"author":"Jeanette","twitter_card":"summary_large_image","twitter_creator":"@eldiario_net","twitter_site":"@eldiario_net","twitter_misc":{"Escrito por":"Jeanette","Tiempo de lectura":"4 minutos"},"schema":{"@context":"https:\/\/schema.org","@graph":[{"@type":"Article","@id":"https:\/\/www.eldiario.net\/portal\/2026\/09\/01\/consecuencias-de-una-educacion-deficiente\/#article","isPartOf":{"@id":"https:\/\/www.eldiario.net\/portal\/2026\/09\/01\/consecuencias-de-una-educacion-deficiente\/"},"author":{"name":"Jeanette","@id":"https:\/\/www.eldiario.net\/portal\/#\/schema\/person\/f46445640444750d7d753ccd04ae01b7"},"headline":"Consecuencias de una educaci\u00f3n deficiente","datePublished":"2026-09-01T10:02:16+00:00","mainEntityOfPage":{"@id":"https:\/\/www.eldiario.net\/portal\/2026\/09\/01\/consecuencias-de-una-educacion-deficiente\/"},"wordCount":899,"publisher":{"@id":"https:\/\/www.eldiario.net\/portal\/#organization"},"image":{"@id":"https:\/\/www.eldiario.net\/portal\/2026\/09\/01\/consecuencias-de-una-educacion-deficiente\/#primaryimage"},"thumbnailUrl":"https:\/\/www.eldiario.net\/portal\/wp-content\/uploads\/2026\/02\/Eddy-Terceros-Monasterio.webp","articleSection":["Opini\u00f3n"],"inLanguage":"es"},{"@type":"WebPage","@id":"https:\/\/www.eldiario.net\/portal\/2026\/09\/01\/consecuencias-de-una-educacion-deficiente\/","url":"https:\/\/www.eldiario.net\/portal\/2026\/09\/01\/consecuencias-de-una-educacion-deficiente\/","name":"Consecuencias de una educaci\u00f3n deficiente - El Diario - Bolivia","isPartOf":{"@id":"https:\/\/www.eldiario.net\/portal\/#website"},"primaryImageOfPage":{"@id":"https:\/\/www.eldiario.net\/portal\/2026\/09\/01\/consecuencias-de-una-educacion-deficiente\/#primaryimage"},"image":{"@id":"https:\/\/www.eldiario.net\/portal\/2026\/09\/01\/consecuencias-de-una-educacion-deficiente\/#primaryimage"},"thumbnailUrl":"https:\/\/www.eldiario.net\/portal\/wp-content\/uploads\/2026\/02\/Eddy-Terceros-Monasterio.webp","datePublished":"2026-09-01T10:02:16+00:00","breadcrumb":{"@id":"https:\/\/www.eldiario.net\/portal\/2026\/09\/01\/consecuencias-de-una-educacion-deficiente\/#breadcrumb"},"inLanguage":"es","potentialAction":[{"@type":"ReadAction","target":["https:\/\/www.eldiario.net\/portal\/2026\/09\/01\/consecuencias-de-una-educacion-deficiente\/"]}]},{"@type":"ImageObject","inLanguage":"es","@id":"https:\/\/www.eldiario.net\/portal\/2026\/09\/01\/consecuencias-de-una-educacion-deficiente\/#primaryimage","url":"https:\/\/www.eldiario.net\/portal\/wp-content\/uploads\/2026\/02\/Eddy-Terceros-Monasterio.webp","contentUrl":"https:\/\/www.eldiario.net\/portal\/wp-content\/uploads\/2026\/02\/Eddy-Terceros-Monasterio.webp","width":1200,"height":628,"caption":"Eddy Terceros Monasterios"},{"@type":"BreadcrumbList","@id":"https:\/\/www.eldiario.net\/portal\/2026\/09\/01\/consecuencias-de-una-educacion-deficiente\/#breadcrumb","itemListElement":[{"@type":"ListItem","position":1,"name":"Portada","item":"https:\/\/www.eldiario.net\/portal\/"},{"@type":"ListItem","position":2,"name":"Consecuencias de una educaci\u00f3n deficiente"}]},{"@type":"WebSite","@id":"https:\/\/www.eldiario.net\/portal\/#website","url":"https:\/\/www.eldiario.net\/portal\/","name":"El Diario - Decano de la prensa nacional","description":"El Diario - Decano de la prensa nacional","publisher":{"@id":"https:\/\/www.eldiario.net\/portal\/#organization"},"potentialAction":[{"@type":"SearchAction","target":{"@type":"EntryPoint","urlTemplate":"https:\/\/www.eldiario.net\/portal\/?s={search_term_string}"},"query-input":{"@type":"PropertyValueSpecification","valueRequired":true,"valueName":"search_term_string"}}],"inLanguage":"es"},{"@type":"Organization","@id":"https:\/\/www.eldiario.net\/portal\/#organization","name":"El Diario - Decano de la prensa nacional","url":"https:\/\/www.eldiario.net\/portal\/","logo":{"@type":"ImageObject","inLanguage":"es","@id":"https:\/\/www.eldiario.net\/portal\/#\/schema\/logo\/image\/","url":"https:\/\/www.eldiario.net\/portal\/wp-content\/uploads\/2023\/07\/logo_ED.jpg","contentUrl":"https:\/\/www.eldiario.net\/portal\/wp-content\/uploads\/2023\/07\/logo_ED.jpg","width":272,"height":52,"caption":"El Diario - Decano de la prensa nacional"},"image":{"@id":"https:\/\/www.eldiario.net\/portal\/#\/schema\/logo\/image\/"},"sameAs":["https:\/\/www.facebook.com\/eldiario.bolivia\/","https:\/\/x.com\/eldiario_net"]},{"@type":"Person","@id":"https:\/\/www.eldiario.net\/portal\/#\/schema\/person\/f46445640444750d7d753ccd04ae01b7","name":"Jeanette","image":{"@type":"ImageObject","inLanguage":"es","@id":"https:\/\/secure.gravatar.com\/avatar\/3ea2118a5f7dad2b7138b1187a6b7ee55f160b9968b66013c3a3ef39dd7e5798?s=96&d=mm&r=g","url":"https:\/\/secure.gravatar.com\/avatar\/3ea2118a5f7dad2b7138b1187a6b7ee55f160b9968b66013c3a3ef39dd7e5798?s=96&d=mm&r=g","contentUrl":"https:\/\/secure.gravatar.com\/avatar\/3ea2118a5f7dad2b7138b1187a6b7ee55f160b9968b66013c3a3ef39dd7e5798?s=96&d=mm&r=g","caption":"Jeanette"},"sameAs":["https:\/\/www.eldiario.net\/portal"],"url":"https:\/\/www.eldiario.net\/portal\/author\/jeanette\/"}]}},"_links":{"self":[{"href":"https:\/\/www.eldiario.net\/portal\/wp-json\/wp\/v2\/posts\/426535","targetHints":{"allow":["GET"]}}],"collection":[{"href":"https:\/\/www.eldiario.net\/portal\/wp-json\/wp\/v2\/posts"}],"about":[{"href":"https:\/\/www.eldiario.net\/portal\/wp-json\/wp\/v2\/types\/post"}],"author":[{"embeddable":true,"href":"https:\/\/www.eldiario.net\/portal\/wp-json\/wp\/v2\/users\/1"}],"replies":[{"embeddable":true,"href":"https:\/\/www.eldiario.net\/portal\/wp-json\/wp\/v2\/comments?post=426535"}],"version-history":[{"count":1,"href":"https:\/\/www.eldiario.net\/portal\/wp-json\/wp\/v2\/posts\/426535\/revisions"}],"predecessor-version":[{"id":426536,"href":"https:\/\/www.eldiario.net\/portal\/wp-json\/wp\/v2\/posts\/426535\/revisions\/426536"}],"wp:featuredmedia":[{"embeddable":true,"href":"https:\/\/www.eldiario.net\/portal\/wp-json\/wp\/v2\/media\/367614"}],"wp:attachment":[{"href":"https:\/\/www.eldiario.net\/portal\/wp-json\/wp\/v2\/media?parent=426535"}],"wp:term":[{"taxonomy":"category","embeddable":true,"href":"https:\/\/www.eldiario.net\/portal\/wp-json\/wp\/v2\/categories?post=426535"},{"taxonomy":"post_tag","embeddable":true,"href":"https:\/\/www.eldiario.net\/portal\/wp-json\/wp\/v2\/tags?post=426535"}],"curies":[{"name":"wp","href":"https:\/\/api.w.org\/{rel}","templated":true}]}}