{"id":426513,"date":"2026-08-31T18:37:38","date_gmt":"2026-08-31T22:37:38","guid":{"rendered":"https:\/\/www.eldiario.net\/portal\/?p=426513"},"modified":"2026-08-31T18:37:38","modified_gmt":"2026-08-31T22:37:38","slug":"bloqueo-politico-legislativo-pone-en-riesgo-credito-millonario","status":"publish","type":"post","link":"https:\/\/www.eldiario.net\/portal\/2026\/08\/31\/bloqueo-politico-legislativo-pone-en-riesgo-credito-millonario\/","title":{"rendered":"Bloqueo \u201cpol\u00edtico legislativo\u201d pone en riesgo cr\u00e9dito millonario"},"content":{"rendered":"<p>El presidente Rodrigo Paz Pereira denunci\u00f3 que intereses pol\u00edticos mantienen bloqueado un paquete de 700 millones de d\u00f3lares en la Asamblea Legislativa Plurinacional (ALP). Seg\u00fan el mandatario, estos fondos, bajo disputa legal, est\u00e1n destinados a financiar bonos econ\u00f3micos y redes de protecci\u00f3n social para la ciudadan\u00eda.<\/p>\n","protected":false},"excerpt":{"rendered":"<p>El presidente Rodrigo Paz Pereira denunci\u00f3 que intereses pol\u00edticos mantienen bloqueado un paquete de 700 millones de d\u00f3lares en la Asamblea Legislativa Plurinacional (ALP). Seg\u00fan el mandatario, estos fondos, bajo disputa legal, est\u00e1n destinados a financiar bonos econ\u00f3micos y redes de protecci\u00f3n social para la ciudadan\u00eda.<\/p>\n","protected":false},"author":7,"featured_media":426514,"comment_status":"closed","ping_status":"open","sticky":false,"template":"","format":"standard","meta":{"_acf_changed":false,"footnotes":""},"categories":[51],"tags":[],"class_list":["post-426513","post","type-post","status-publish","format-standard","has-post-thumbnail","category-ultima-hora"],"acf":{"antetitulo":""},"yoast_head":"<!-- This site is optimized with the Yoast SEO plugin v28.3 - https:\/\/yoast.com\/product\/yoast-seo-wordpress\/ -->\n<title>Bloqueo \u201cpol\u00edtico legislativo\u201d pone en riesgo cr\u00e9dito millonario - El Diario - Bolivia<\/title>\n<meta name=\"robots\" content=\"index, follow, max-snippet:-1, max-image-preview:large, max-video-preview:-1\" \/>\n<link rel=\"canonical\" href=\"https:\/\/www.eldiario.net\/portal\/2026\/08\/31\/bloqueo-politico-legislativo-pone-en-riesgo-credito-millonario\/\" \/>\n<meta property=\"og:locale\" content=\"es_ES\" \/>\n<meta property=\"og:type\" content=\"article\" \/>\n<meta property=\"og:title\" content=\"Bloqueo \u201cpol\u00edtico legislativo\u201d pone en riesgo cr\u00e9dito millonario - El Diario - Bolivia\" \/>\n<meta property=\"og:description\" content=\"El presidente Rodrigo Paz Pereira denunci\u00f3 que intereses pol\u00edticos mantienen bloqueado un paquete de 700 millones de d\u00f3lares en la Asamblea Legislativa Plurinacional (ALP). Seg\u00fan el mandatario, estos fondos, bajo disputa legal, est\u00e1n destinados a financiar bonos econ\u00f3micos y redes de protecci\u00f3n social para la ciudadan\u00eda.\" \/>\n<meta property=\"og:url\" content=\"https:\/\/www.eldiario.net\/portal\/2026\/08\/31\/bloqueo-politico-legislativo-pone-en-riesgo-credito-millonario\/\" \/>\n<meta property=\"og:site_name\" content=\"El Diario - Bolivia\" \/>\n<meta property=\"article:publisher\" content=\"https:\/\/www.facebook.com\/eldiario.bolivia\/\" \/>\n<meta property=\"article:published_time\" content=\"2026-08-31T22:37:38+00:00\" \/>\n<meta property=\"og:image\" content=\"https:\/\/www.eldiario.net\/portal\/wp-content\/uploads\/2026\/08\/adelantos-20-copia-14.webp\" \/>\n\t<meta property=\"og:image:width\" content=\"506\" \/>\n\t<meta property=\"og:image:height\" content=\"508\" \/>\n\t<meta property=\"og:image:type\" content=\"image\/webp\" \/>\n<meta name=\"author\" content=\"Viviana Monrroy\" \/>\n<meta name=\"twitter:card\" content=\"summary_large_image\" \/>\n<meta name=\"twitter:creator\" content=\"@eldiario_net\" \/>\n<meta name=\"twitter:site\" content=\"@eldiario_net\" \/>\n<meta name=\"twitter:label1\" content=\"Escrito por\" \/>\n\t<meta name=\"twitter:data1\" content=\"Viviana Monrroy\" \/>\n\t<meta name=\"twitter:label2\" content=\"Tiempo de lectura\" \/>\n\t<meta name=\"twitter:data2\" content=\"1 minuto\" \/>\n<script type=\"application\/ld+json\" class=\"yoast-schema-graph\">{\"@context\":\"https:\\\/\\\/schema.org\",\"@graph\":[{\"@type\":\"Article\",\"@id\":\"https:\\\/\\\/www.eldiario.net\\\/portal\\\/2026\\\/08\\\/31\\\/bloqueo-politico-legislativo-pone-en-riesgo-credito-millonario\\\/#article\",\"isPartOf\":{\"@id\":\"https:\\\/\\\/www.eldiario.net\\\/portal\\\/2026\\\/08\\\/31\\\/bloqueo-politico-legislativo-pone-en-riesgo-credito-millonario\\\/\"},\"author\":{\"name\":\"Viviana Monrroy\",\"@id\":\"https:\\\/\\\/www.eldiario.net\\\/portal\\\/#\\\/schema\\\/person\\\/ba370d92d160f4d3574381f6d9b78fab\"},\"headline\":\"Bloqueo \u201cpol\u00edtico legislativo\u201d pone en riesgo cr\u00e9dito millonario\",\"datePublished\":\"2026-08-31T22:37:38+00:00\",\"mainEntityOfPage\":{\"@id\":\"https:\\\/\\\/www.eldiario.net\\\/portal\\\/2026\\\/08\\\/31\\\/bloqueo-politico-legislativo-pone-en-riesgo-credito-millonario\\\/\"},\"wordCount\":62,\"publisher\":{\"@id\":\"https:\\\/\\\/www.eldiario.net\\\/portal\\\/#organization\"},\"image\":{\"@id\":\"https:\\\/\\\/www.eldiario.net\\\/portal\\\/2026\\\/08\\\/31\\\/bloqueo-politico-legislativo-pone-en-riesgo-credito-millonario\\\/#primaryimage\"},\"thumbnailUrl\":\"https:\\\/\\\/www.eldiario.net\\\/portal\\\/wp-content\\\/uploads\\\/2026\\\/08\\\/adelantos-20-copia-14.webp\",\"articleSection\":[\"\u00daltima Hora\"],\"inLanguage\":\"es\"},{\"@type\":\"WebPage\",\"@id\":\"https:\\\/\\\/www.eldiario.net\\\/portal\\\/2026\\\/08\\\/31\\\/bloqueo-politico-legislativo-pone-en-riesgo-credito-millonario\\\/\",\"url\":\"https:\\\/\\\/www.eldiario.net\\\/portal\\\/2026\\\/08\\\/31\\\/bloqueo-politico-legislativo-pone-en-riesgo-credito-millonario\\\/\",\"name\":\"Bloqueo \u201cpol\u00edtico legislativo\u201d pone en riesgo cr\u00e9dito millonario - El Diario - Bolivia\",\"isPartOf\":{\"@id\":\"https:\\\/\\\/www.eldiario.net\\\/portal\\\/#website\"},\"primaryImageOfPage\":{\"@id\":\"https:\\\/\\\/www.eldiario.net\\\/portal\\\/2026\\\/08\\\/31\\\/bloqueo-politico-legislativo-pone-en-riesgo-credito-millonario\\\/#primaryimage\"},\"image\":{\"@id\":\"https:\\\/\\\/www.eldiario.net\\\/portal\\\/2026\\\/08\\\/31\\\/bloqueo-politico-legislativo-pone-en-riesgo-credito-millonario\\\/#primaryimage\"},\"thumbnailUrl\":\"https:\\\/\\\/www.eldiario.net\\\/portal\\\/wp-content\\\/uploads\\\/2026\\\/08\\\/adelantos-20-copia-14.webp\",\"datePublished\":\"2026-08-31T22:37:38+00:00\",\"breadcrumb\":{\"@id\":\"https:\\\/\\\/www.eldiario.net\\\/portal\\\/2026\\\/08\\\/31\\\/bloqueo-politico-legislativo-pone-en-riesgo-credito-millonario\\\/#breadcrumb\"},\"inLanguage\":\"es\",\"potentialAction\":[{\"@type\":\"ReadAction\",\"target\":[\"https:\\\/\\\/www.eldiario.net\\\/portal\\\/2026\\\/08\\\/31\\\/bloqueo-politico-legislativo-pone-en-riesgo-credito-millonario\\\/\"]}]},{\"@type\":\"ImageObject\",\"inLanguage\":\"es\",\"@id\":\"https:\\\/\\\/www.eldiario.net\\\/portal\\\/2026\\\/08\\\/31\\\/bloqueo-politico-legislativo-pone-en-riesgo-credito-millonario\\\/#primaryimage\",\"url\":\"https:\\\/\\\/www.eldiario.net\\\/portal\\\/wp-content\\\/uploads\\\/2026\\\/08\\\/adelantos-20-copia-14.webp\",\"contentUrl\":\"https:\\\/\\\/www.eldiario.net\\\/portal\\\/wp-content\\\/uploads\\\/2026\\\/08\\\/adelantos-20-copia-14.webp\",\"width\":506,\"height\":508},{\"@type\":\"BreadcrumbList\",\"@id\":\"https:\\\/\\\/www.eldiario.net\\\/portal\\\/2026\\\/08\\\/31\\\/bloqueo-politico-legislativo-pone-en-riesgo-credito-millonario\\\/#breadcrumb\",\"itemListElement\":[{\"@type\":\"ListItem\",\"position\":1,\"name\":\"Portada\",\"item\":\"https:\\\/\\\/www.eldiario.net\\\/portal\\\/\"},{\"@type\":\"ListItem\",\"position\":2,\"name\":\"Bloqueo \u201cpol\u00edtico legislativo\u201d pone en riesgo cr\u00e9dito millonario\"}]},{\"@type\":\"WebSite\",\"@id\":\"https:\\\/\\\/www.eldiario.net\\\/portal\\\/#website\",\"url\":\"https:\\\/\\\/www.eldiario.net\\\/portal\\\/\",\"name\":\"El Diario - Decano de la prensa nacional\",\"description\":\"El Diario - Decano de la prensa nacional\",\"publisher\":{\"@id\":\"https:\\\/\\\/www.eldiario.net\\\/portal\\\/#organization\"},\"potentialAction\":[{\"@type\":\"SearchAction\",\"target\":{\"@type\":\"EntryPoint\",\"urlTemplate\":\"https:\\\/\\\/www.eldiario.net\\\/portal\\\/?s={search_term_string}\"},\"query-input\":{\"@type\":\"PropertyValueSpecification\",\"valueRequired\":true,\"valueName\":\"search_term_string\"}}],\"inLanguage\":\"es\"},{\"@type\":\"Organization\",\"@id\":\"https:\\\/\\\/www.eldiario.net\\\/portal\\\/#organization\",\"name\":\"El Diario - Decano de la prensa nacional\",\"url\":\"https:\\\/\\\/www.eldiario.net\\\/portal\\\/\",\"logo\":{\"@type\":\"ImageObject\",\"inLanguage\":\"es\",\"@id\":\"https:\\\/\\\/www.eldiario.net\\\/portal\\\/#\\\/schema\\\/logo\\\/image\\\/\",\"url\":\"https:\\\/\\\/www.eldiario.net\\\/portal\\\/wp-content\\\/uploads\\\/2023\\\/07\\\/logo_ED.jpg\",\"contentUrl\":\"https:\\\/\\\/www.eldiario.net\\\/portal\\\/wp-content\\\/uploads\\\/2023\\\/07\\\/logo_ED.jpg\",\"width\":272,\"height\":52,\"caption\":\"El Diario - Decano de la prensa nacional\"},\"image\":{\"@id\":\"https:\\\/\\\/www.eldiario.net\\\/portal\\\/#\\\/schema\\\/logo\\\/image\\\/\"},\"sameAs\":[\"https:\\\/\\\/www.facebook.com\\\/eldiario.bolivia\\\/\",\"https:\\\/\\\/x.com\\\/eldiario_net\"]},{\"@type\":\"Person\",\"@id\":\"https:\\\/\\\/www.eldiario.net\\\/portal\\\/#\\\/schema\\\/person\\\/ba370d92d160f4d3574381f6d9b78fab\",\"name\":\"Viviana Monrroy\",\"image\":{\"@type\":\"ImageObject\",\"inLanguage\":\"es\",\"@id\":\"https:\\\/\\\/secure.gravatar.com\\\/avatar\\\/dfd1611ed5600959a0e5a9754503b6c05d1dcf190010998e0363aee2ad98afca?s=96&d=mm&r=g\",\"url\":\"https:\\\/\\\/secure.gravatar.com\\\/avatar\\\/dfd1611ed5600959a0e5a9754503b6c05d1dcf190010998e0363aee2ad98afca?s=96&d=mm&r=g\",\"contentUrl\":\"https:\\\/\\\/secure.gravatar.com\\\/avatar\\\/dfd1611ed5600959a0e5a9754503b6c05d1dcf190010998e0363aee2ad98afca?s=96&d=mm&r=g\",\"caption\":\"Viviana Monrroy\"},\"sameAs\":[\"http:\\\/\\\/www.eldiario.net\"],\"url\":\"https:\\\/\\\/www.eldiario.net\\\/portal\\\/author\\\/vivianamonrroy\\\/\"}]}<\/script>\n<!-- \/ Yoast SEO plugin. -->","yoast_head_json":{"title":"Bloqueo \u201cpol\u00edtico legislativo\u201d pone en riesgo cr\u00e9dito millonario - El Diario - Bolivia","robots":{"index":"index","follow":"follow","max-snippet":"max-snippet:-1","max-image-preview":"max-image-preview:large","max-video-preview":"max-video-preview:-1"},"canonical":"https:\/\/www.eldiario.net\/portal\/2026\/08\/31\/bloqueo-politico-legislativo-pone-en-riesgo-credito-millonario\/","og_locale":"es_ES","og_type":"article","og_title":"Bloqueo \u201cpol\u00edtico legislativo\u201d pone en riesgo cr\u00e9dito millonario - El Diario - Bolivia","og_description":"El presidente Rodrigo Paz Pereira denunci\u00f3 que intereses pol\u00edticos mantienen bloqueado un paquete de 700 millones de d\u00f3lares en la Asamblea Legislativa Plurinacional (ALP). Seg\u00fan el mandatario, estos fondos, bajo disputa legal, est\u00e1n destinados a financiar bonos econ\u00f3micos y redes de protecci\u00f3n social para la ciudadan\u00eda.","og_url":"https:\/\/www.eldiario.net\/portal\/2026\/08\/31\/bloqueo-politico-legislativo-pone-en-riesgo-credito-millonario\/","og_site_name":"El Diario - Bolivia","article_publisher":"https:\/\/www.facebook.com\/eldiario.bolivia\/","article_published_time":"2026-08-31T22:37:38+00:00","og_image":[{"width":506,"height":508,"url":"https:\/\/www.eldiario.net\/portal\/wp-content\/uploads\/2026\/08\/adelantos-20-copia-14.webp","type":"image\/webp"}],"author":"Viviana Monrroy","twitter_card":"summary_large_image","twitter_creator":"@eldiario_net","twitter_site":"@eldiario_net","twitter_misc":{"Escrito por":"Viviana Monrroy","Tiempo de lectura":"1 minuto"},"schema":{"@context":"https:\/\/schema.org","@graph":[{"@type":"Article","@id":"https:\/\/www.eldiario.net\/portal\/2026\/08\/31\/bloqueo-politico-legislativo-pone-en-riesgo-credito-millonario\/#article","isPartOf":{"@id":"https:\/\/www.eldiario.net\/portal\/2026\/08\/31\/bloqueo-politico-legislativo-pone-en-riesgo-credito-millonario\/"},"author":{"name":"Viviana Monrroy","@id":"https:\/\/www.eldiario.net\/portal\/#\/schema\/person\/ba370d92d160f4d3574381f6d9b78fab"},"headline":"Bloqueo \u201cpol\u00edtico legislativo\u201d pone en riesgo cr\u00e9dito millonario","datePublished":"2026-08-31T22:37:38+00:00","mainEntityOfPage":{"@id":"https:\/\/www.eldiario.net\/portal\/2026\/08\/31\/bloqueo-politico-legislativo-pone-en-riesgo-credito-millonario\/"},"wordCount":62,"publisher":{"@id":"https:\/\/www.eldiario.net\/portal\/#organization"},"image":{"@id":"https:\/\/www.eldiario.net\/portal\/2026\/08\/31\/bloqueo-politico-legislativo-pone-en-riesgo-credito-millonario\/#primaryimage"},"thumbnailUrl":"https:\/\/www.eldiario.net\/portal\/wp-content\/uploads\/2026\/08\/adelantos-20-copia-14.webp","articleSection":["\u00daltima Hora"],"inLanguage":"es"},{"@type":"WebPage","@id":"https:\/\/www.eldiario.net\/portal\/2026\/08\/31\/bloqueo-politico-legislativo-pone-en-riesgo-credito-millonario\/","url":"https:\/\/www.eldiario.net\/portal\/2026\/08\/31\/bloqueo-politico-legislativo-pone-en-riesgo-credito-millonario\/","name":"Bloqueo \u201cpol\u00edtico legislativo\u201d pone en riesgo cr\u00e9dito millonario - El Diario - Bolivia","isPartOf":{"@id":"https:\/\/www.eldiario.net\/portal\/#website"},"primaryImageOfPage":{"@id":"https:\/\/www.eldiario.net\/portal\/2026\/08\/31\/bloqueo-politico-legislativo-pone-en-riesgo-credito-millonario\/#primaryimage"},"image":{"@id":"https:\/\/www.eldiario.net\/portal\/2026\/08\/31\/bloqueo-politico-legislativo-pone-en-riesgo-credito-millonario\/#primaryimage"},"thumbnailUrl":"https:\/\/www.eldiario.net\/portal\/wp-content\/uploads\/2026\/08\/adelantos-20-copia-14.webp","datePublished":"2026-08-31T22:37:38+00:00","breadcrumb":{"@id":"https:\/\/www.eldiario.net\/portal\/2026\/08\/31\/bloqueo-politico-legislativo-pone-en-riesgo-credito-millonario\/#breadcrumb"},"inLanguage":"es","potentialAction":[{"@type":"ReadAction","target":["https:\/\/www.eldiario.net\/portal\/2026\/08\/31\/bloqueo-politico-legislativo-pone-en-riesgo-credito-millonario\/"]}]},{"@type":"ImageObject","inLanguage":"es","@id":"https:\/\/www.eldiario.net\/portal\/2026\/08\/31\/bloqueo-politico-legislativo-pone-en-riesgo-credito-millonario\/#primaryimage","url":"https:\/\/www.eldiario.net\/portal\/wp-content\/uploads\/2026\/08\/adelantos-20-copia-14.webp","contentUrl":"https:\/\/www.eldiario.net\/portal\/wp-content\/uploads\/2026\/08\/adelantos-20-copia-14.webp","width":506,"height":508},{"@type":"BreadcrumbList","@id":"https:\/\/www.eldiario.net\/portal\/2026\/08\/31\/bloqueo-politico-legislativo-pone-en-riesgo-credito-millonario\/#breadcrumb","itemListElement":[{"@type":"ListItem","position":1,"name":"Portada","item":"https:\/\/www.eldiario.net\/portal\/"},{"@type":"ListItem","position":2,"name":"Bloqueo \u201cpol\u00edtico legislativo\u201d pone en riesgo cr\u00e9dito millonario"}]},{"@type":"WebSite","@id":"https:\/\/www.eldiario.net\/portal\/#website","url":"https:\/\/www.eldiario.net\/portal\/","name":"El Diario - Decano de la prensa nacional","description":"El Diario - Decano de la prensa nacional","publisher":{"@id":"https:\/\/www.eldiario.net\/portal\/#organization"},"potentialAction":[{"@type":"SearchAction","target":{"@type":"EntryPoint","urlTemplate":"https:\/\/www.eldiario.net\/portal\/?s={search_term_string}"},"query-input":{"@type":"PropertyValueSpecification","valueRequired":true,"valueName":"search_term_string"}}],"inLanguage":"es"},{"@type":"Organization","@id":"https:\/\/www.eldiario.net\/portal\/#organization","name":"El Diario - Decano de la prensa nacional","url":"https:\/\/www.eldiario.net\/portal\/","logo":{"@type":"ImageObject","inLanguage":"es","@id":"https:\/\/www.eldiario.net\/portal\/#\/schema\/logo\/image\/","url":"https:\/\/www.eldiario.net\/portal\/wp-content\/uploads\/2023\/07\/logo_ED.jpg","contentUrl":"https:\/\/www.eldiario.net\/portal\/wp-content\/uploads\/2023\/07\/logo_ED.jpg","width":272,"height":52,"caption":"El Diario - Decano de la prensa nacional"},"image":{"@id":"https:\/\/www.eldiario.net\/portal\/#\/schema\/logo\/image\/"},"sameAs":["https:\/\/www.facebook.com\/eldiario.bolivia\/","https:\/\/x.com\/eldiario_net"]},{"@type":"Person","@id":"https:\/\/www.eldiario.net\/portal\/#\/schema\/person\/ba370d92d160f4d3574381f6d9b78fab","name":"Viviana Monrroy","image":{"@type":"ImageObject","inLanguage":"es","@id":"https:\/\/secure.gravatar.com\/avatar\/dfd1611ed5600959a0e5a9754503b6c05d1dcf190010998e0363aee2ad98afca?s=96&d=mm&r=g","url":"https:\/\/secure.gravatar.com\/avatar\/dfd1611ed5600959a0e5a9754503b6c05d1dcf190010998e0363aee2ad98afca?s=96&d=mm&r=g","contentUrl":"https:\/\/secure.gravatar.com\/avatar\/dfd1611ed5600959a0e5a9754503b6c05d1dcf190010998e0363aee2ad98afca?s=96&d=mm&r=g","caption":"Viviana Monrroy"},"sameAs":["http:\/\/www.eldiario.net"],"url":"https:\/\/www.eldiario.net\/portal\/author\/vivianamonrroy\/"}]}},"_links":{"self":[{"href":"https:\/\/www.eldiario.net\/portal\/wp-json\/wp\/v2\/posts\/426513","targetHints":{"allow":["GET"]}}],"collection":[{"href":"https:\/\/www.eldiario.net\/portal\/wp-json\/wp\/v2\/posts"}],"about":[{"href":"https:\/\/www.eldiario.net\/portal\/wp-json\/wp\/v2\/types\/post"}],"author":[{"embeddable":true,"href":"https:\/\/www.eldiario.net\/portal\/wp-json\/wp\/v2\/users\/7"}],"replies":[{"embeddable":true,"href":"https:\/\/www.eldiario.net\/portal\/wp-json\/wp\/v2\/comments?post=426513"}],"version-history":[{"count":1,"href":"https:\/\/www.eldiario.net\/portal\/wp-json\/wp\/v2\/posts\/426513\/revisions"}],"predecessor-version":[{"id":426515,"href":"https:\/\/www.eldiario.net\/portal\/wp-json\/wp\/v2\/posts\/426513\/revisions\/426515"}],"wp:featuredmedia":[{"embeddable":true,"href":"https:\/\/www.eldiario.net\/portal\/wp-json\/wp\/v2\/media\/426514"}],"wp:attachment":[{"href":"https:\/\/www.eldiario.net\/portal\/wp-json\/wp\/v2\/media?parent=426513"}],"wp:term":[{"taxonomy":"category","embeddable":true,"href":"https:\/\/www.eldiario.net\/portal\/wp-json\/wp\/v2\/categories?post=426513"},{"taxonomy":"post_tag","embeddable":true,"href":"https:\/\/www.eldiario.net\/portal\/wp-json\/wp\/v2\/tags?post=426513"}],"curies":[{"name":"wp","href":"https:\/\/api.w.org\/{rel}","templated":true}]}}