{"id":426424,"date":"2026-08-31T14:31:24","date_gmt":"2026-08-31T18:31:24","guid":{"rendered":"https:\/\/www.eldiario.net\/portal\/?p=426424"},"modified":"2026-08-31T14:31:24","modified_gmt":"2026-08-31T18:31:24","slug":"evacuan-a-estudiantes-y-suspenden-clases-por-fuga-de-gas-en-el-centro-de-santa-cruz-1430","status":"publish","type":"post","link":"https:\/\/www.eldiario.net\/portal\/2026\/08\/31\/evacuan-a-estudiantes-y-suspenden-clases-por-fuga-de-gas-en-el-centro-de-santa-cruz-1430\/","title":{"rendered":"Evac\u00faan a estudiantes y suspenden clases por fuga de gas en el centro de Santa Cruz (14:30)"},"content":{"rendered":"<p>Estudiantes de una unidad educativa del centro de Santa Cruz fueron evacuados este lunes debido a una fuga de \u00f3xido de etileno en una cl\u00ednica privada ubicada en la calle Nicanor Salvatierra. El gas es t\u00f3xico y altamente inflamable.<\/p>\n<p data-start=\"643\" data-end=\"891\">Como medida preventiva, se suspendieron las clases del turno de la ma\u00f1ana y tambi\u00e9n las actividades de la tarde. El alcalde Manuel Saavedra inform\u00f3 que algunas personas dentro de la cl\u00ednica perdieron el conocimiento y que la mayor\u00eda ya se recuper\u00f3.<\/p>\n<p data-start=\"893\" data-end=\"1180\">El reporte preliminar se\u00f1ala que 13 personas fueron afectadas por la inhalaci\u00f3n del gas y tres fueron trasladadas a otro centro m\u00e9dico para recibir atenci\u00f3n. Bomberos y otros equipos de emergencia trabajan en el lugar y mantienen acordonada la zona.<\/p>\n<p data-start=\"1182\" data-end=\"1462\">La Alcald\u00eda anunci\u00f3 adem\u00e1s que podr\u00eda cerrar temporalmente un tramo de la calle Melchor Pinto, hasta que los bomberos determinen que existen condiciones seguras para reanudar la circulaci\u00f3n. La Polic\u00eda investiga las circunstancias de la fuga.<\/p>\n","protected":false},"excerpt":{"rendered":"<p>Estudiantes de una unidad educativa del centro de Santa Cruz fueron evacuados este lunes debido a una fuga de \u00f3xido de etileno en una cl\u00ednica privada ubicada en la calle Nicanor Salvatierra. El gas es t\u00f3xico y altamente inflamable. Como medida preventiva, se suspendieron las clases del turno de la ma\u00f1ana y tambi\u00e9n las actividades [&hellip;]<\/p>\n","protected":false},"author":7,"featured_media":426425,"comment_status":"closed","ping_status":"open","sticky":false,"template":"","format":"standard","meta":{"_acf_changed":false,"footnotes":""},"categories":[51],"tags":[],"class_list":["post-426424","post","type-post","status-publish","format-standard","has-post-thumbnail","category-ultima-hora"],"acf":{"antetitulo":""},"yoast_head":"<!-- This site is optimized with the Yoast SEO plugin v28.3 - https:\/\/yoast.com\/product\/yoast-seo-wordpress\/ -->\n<title>Evac\u00faan a estudiantes y suspenden clases por fuga de gas en el centro de Santa Cruz (14:30) - El Diario - Bolivia<\/title>\n<meta name=\"robots\" content=\"index, follow, max-snippet:-1, max-image-preview:large, max-video-preview:-1\" \/>\n<link rel=\"canonical\" href=\"https:\/\/www.eldiario.net\/portal\/2026\/08\/31\/evacuan-a-estudiantes-y-suspenden-clases-por-fuga-de-gas-en-el-centro-de-santa-cruz-1430\/\" \/>\n<meta property=\"og:locale\" content=\"es_ES\" \/>\n<meta property=\"og:type\" content=\"article\" \/>\n<meta property=\"og:title\" content=\"Evac\u00faan a estudiantes y suspenden clases por fuga de gas en el centro de Santa Cruz (14:30) - El Diario - Bolivia\" \/>\n<meta property=\"og:description\" content=\"Estudiantes de una unidad educativa del centro de Santa Cruz fueron evacuados este lunes debido a una fuga de \u00f3xido de etileno en una cl\u00ednica privada ubicada en la calle Nicanor Salvatierra. El gas es t\u00f3xico y altamente inflamable. Como medida preventiva, se suspendieron las clases del turno de la ma\u00f1ana y tambi\u00e9n las actividades [&hellip;]\" \/>\n<meta property=\"og:url\" content=\"https:\/\/www.eldiario.net\/portal\/2026\/08\/31\/evacuan-a-estudiantes-y-suspenden-clases-por-fuga-de-gas-en-el-centro-de-santa-cruz-1430\/\" \/>\n<meta property=\"og:site_name\" content=\"El Diario - Bolivia\" \/>\n<meta property=\"article:publisher\" content=\"https:\/\/www.facebook.com\/eldiario.bolivia\/\" \/>\n<meta property=\"article:published_time\" content=\"2026-08-31T18:31:24+00:00\" \/>\n<meta property=\"og:image\" content=\"https:\/\/www.eldiario.net\/portal\/wp-content\/uploads\/2026\/08\/clinica-31.08.26-copia.webp\" \/>\n\t<meta property=\"og:image:width\" content=\"500\" \/>\n\t<meta property=\"og:image:height\" content=\"440\" \/>\n\t<meta property=\"og:image:type\" content=\"image\/webp\" \/>\n<meta name=\"author\" content=\"Viviana Monrroy\" \/>\n<meta name=\"twitter:card\" content=\"summary_large_image\" \/>\n<meta name=\"twitter:creator\" content=\"@eldiario_net\" \/>\n<meta name=\"twitter:site\" content=\"@eldiario_net\" \/>\n<meta name=\"twitter:label1\" content=\"Escrito por\" \/>\n\t<meta name=\"twitter:data1\" content=\"Viviana Monrroy\" \/>\n\t<meta name=\"twitter:label2\" content=\"Tiempo de lectura\" \/>\n\t<meta name=\"twitter:data2\" content=\"1 minuto\" \/>\n<script type=\"application\/ld+json\" class=\"yoast-schema-graph\">{\"@context\":\"https:\\\/\\\/schema.org\",\"@graph\":[{\"@type\":\"Article\",\"@id\":\"https:\\\/\\\/www.eldiario.net\\\/portal\\\/2026\\\/08\\\/31\\\/evacuan-a-estudiantes-y-suspenden-clases-por-fuga-de-gas-en-el-centro-de-santa-cruz-1430\\\/#article\",\"isPartOf\":{\"@id\":\"https:\\\/\\\/www.eldiario.net\\\/portal\\\/2026\\\/08\\\/31\\\/evacuan-a-estudiantes-y-suspenden-clases-por-fuga-de-gas-en-el-centro-de-santa-cruz-1430\\\/\"},\"author\":{\"name\":\"Viviana Monrroy\",\"@id\":\"https:\\\/\\\/www.eldiario.net\\\/portal\\\/#\\\/schema\\\/person\\\/ba370d92d160f4d3574381f6d9b78fab\"},\"headline\":\"Evac\u00faan a estudiantes y suspenden clases por fuga de gas en el centro de Santa Cruz (14:30)\",\"datePublished\":\"2026-08-31T18:31:24+00:00\",\"mainEntityOfPage\":{\"@id\":\"https:\\\/\\\/www.eldiario.net\\\/portal\\\/2026\\\/08\\\/31\\\/evacuan-a-estudiantes-y-suspenden-clases-por-fuga-de-gas-en-el-centro-de-santa-cruz-1430\\\/\"},\"wordCount\":187,\"publisher\":{\"@id\":\"https:\\\/\\\/www.eldiario.net\\\/portal\\\/#organization\"},\"image\":{\"@id\":\"https:\\\/\\\/www.eldiario.net\\\/portal\\\/2026\\\/08\\\/31\\\/evacuan-a-estudiantes-y-suspenden-clases-por-fuga-de-gas-en-el-centro-de-santa-cruz-1430\\\/#primaryimage\"},\"thumbnailUrl\":\"https:\\\/\\\/www.eldiario.net\\\/portal\\\/wp-content\\\/uploads\\\/2026\\\/08\\\/clinica-31.08.26-copia.webp\",\"articleSection\":[\"\u00daltima Hora\"],\"inLanguage\":\"es\"},{\"@type\":\"WebPage\",\"@id\":\"https:\\\/\\\/www.eldiario.net\\\/portal\\\/2026\\\/08\\\/31\\\/evacuan-a-estudiantes-y-suspenden-clases-por-fuga-de-gas-en-el-centro-de-santa-cruz-1430\\\/\",\"url\":\"https:\\\/\\\/www.eldiario.net\\\/portal\\\/2026\\\/08\\\/31\\\/evacuan-a-estudiantes-y-suspenden-clases-por-fuga-de-gas-en-el-centro-de-santa-cruz-1430\\\/\",\"name\":\"Evac\u00faan a estudiantes y suspenden clases por fuga de gas en el centro de Santa Cruz (14:30) - El Diario - Bolivia\",\"isPartOf\":{\"@id\":\"https:\\\/\\\/www.eldiario.net\\\/portal\\\/#website\"},\"primaryImageOfPage\":{\"@id\":\"https:\\\/\\\/www.eldiario.net\\\/portal\\\/2026\\\/08\\\/31\\\/evacuan-a-estudiantes-y-suspenden-clases-por-fuga-de-gas-en-el-centro-de-santa-cruz-1430\\\/#primaryimage\"},\"image\":{\"@id\":\"https:\\\/\\\/www.eldiario.net\\\/portal\\\/2026\\\/08\\\/31\\\/evacuan-a-estudiantes-y-suspenden-clases-por-fuga-de-gas-en-el-centro-de-santa-cruz-1430\\\/#primaryimage\"},\"thumbnailUrl\":\"https:\\\/\\\/www.eldiario.net\\\/portal\\\/wp-content\\\/uploads\\\/2026\\\/08\\\/clinica-31.08.26-copia.webp\",\"datePublished\":\"2026-08-31T18:31:24+00:00\",\"breadcrumb\":{\"@id\":\"https:\\\/\\\/www.eldiario.net\\\/portal\\\/2026\\\/08\\\/31\\\/evacuan-a-estudiantes-y-suspenden-clases-por-fuga-de-gas-en-el-centro-de-santa-cruz-1430\\\/#breadcrumb\"},\"inLanguage\":\"es\",\"potentialAction\":[{\"@type\":\"ReadAction\",\"target\":[\"https:\\\/\\\/www.eldiario.net\\\/portal\\\/2026\\\/08\\\/31\\\/evacuan-a-estudiantes-y-suspenden-clases-por-fuga-de-gas-en-el-centro-de-santa-cruz-1430\\\/\"]}]},{\"@type\":\"ImageObject\",\"inLanguage\":\"es\",\"@id\":\"https:\\\/\\\/www.eldiario.net\\\/portal\\\/2026\\\/08\\\/31\\\/evacuan-a-estudiantes-y-suspenden-clases-por-fuga-de-gas-en-el-centro-de-santa-cruz-1430\\\/#primaryimage\",\"url\":\"https:\\\/\\\/www.eldiario.net\\\/portal\\\/wp-content\\\/uploads\\\/2026\\\/08\\\/clinica-31.08.26-copia.webp\",\"contentUrl\":\"https:\\\/\\\/www.eldiario.net\\\/portal\\\/wp-content\\\/uploads\\\/2026\\\/08\\\/clinica-31.08.26-copia.webp\",\"width\":500,\"height\":440,\"caption\":\"Foto: RR.SS.\"},{\"@type\":\"BreadcrumbList\",\"@id\":\"https:\\\/\\\/www.eldiario.net\\\/portal\\\/2026\\\/08\\\/31\\\/evacuan-a-estudiantes-y-suspenden-clases-por-fuga-de-gas-en-el-centro-de-santa-cruz-1430\\\/#breadcrumb\",\"itemListElement\":[{\"@type\":\"ListItem\",\"position\":1,\"name\":\"Portada\",\"item\":\"https:\\\/\\\/www.eldiario.net\\\/portal\\\/\"},{\"@type\":\"ListItem\",\"position\":2,\"name\":\"Evac\u00faan a estudiantes y suspenden clases por fuga de gas en el centro de Santa Cruz (14:30)\"}]},{\"@type\":\"WebSite\",\"@id\":\"https:\\\/\\\/www.eldiario.net\\\/portal\\\/#website\",\"url\":\"https:\\\/\\\/www.eldiario.net\\\/portal\\\/\",\"name\":\"El Diario - Decano de la prensa nacional\",\"description\":\"El Diario - Decano de la prensa nacional\",\"publisher\":{\"@id\":\"https:\\\/\\\/www.eldiario.net\\\/portal\\\/#organization\"},\"potentialAction\":[{\"@type\":\"SearchAction\",\"target\":{\"@type\":\"EntryPoint\",\"urlTemplate\":\"https:\\\/\\\/www.eldiario.net\\\/portal\\\/?s={search_term_string}\"},\"query-input\":{\"@type\":\"PropertyValueSpecification\",\"valueRequired\":true,\"valueName\":\"search_term_string\"}}],\"inLanguage\":\"es\"},{\"@type\":\"Organization\",\"@id\":\"https:\\\/\\\/www.eldiario.net\\\/portal\\\/#organization\",\"name\":\"El Diario - Decano de la prensa nacional\",\"url\":\"https:\\\/\\\/www.eldiario.net\\\/portal\\\/\",\"logo\":{\"@type\":\"ImageObject\",\"inLanguage\":\"es\",\"@id\":\"https:\\\/\\\/www.eldiario.net\\\/portal\\\/#\\\/schema\\\/logo\\\/image\\\/\",\"url\":\"https:\\\/\\\/www.eldiario.net\\\/portal\\\/wp-content\\\/uploads\\\/2023\\\/07\\\/logo_ED.jpg\",\"contentUrl\":\"https:\\\/\\\/www.eldiario.net\\\/portal\\\/wp-content\\\/uploads\\\/2023\\\/07\\\/logo_ED.jpg\",\"width\":272,\"height\":52,\"caption\":\"El Diario - Decano de la prensa nacional\"},\"image\":{\"@id\":\"https:\\\/\\\/www.eldiario.net\\\/portal\\\/#\\\/schema\\\/logo\\\/image\\\/\"},\"sameAs\":[\"https:\\\/\\\/www.facebook.com\\\/eldiario.bolivia\\\/\",\"https:\\\/\\\/x.com\\\/eldiario_net\"]},{\"@type\":\"Person\",\"@id\":\"https:\\\/\\\/www.eldiario.net\\\/portal\\\/#\\\/schema\\\/person\\\/ba370d92d160f4d3574381f6d9b78fab\",\"name\":\"Viviana Monrroy\",\"image\":{\"@type\":\"ImageObject\",\"inLanguage\":\"es\",\"@id\":\"https:\\\/\\\/secure.gravatar.com\\\/avatar\\\/dfd1611ed5600959a0e5a9754503b6c05d1dcf190010998e0363aee2ad98afca?s=96&d=mm&r=g\",\"url\":\"https:\\\/\\\/secure.gravatar.com\\\/avatar\\\/dfd1611ed5600959a0e5a9754503b6c05d1dcf190010998e0363aee2ad98afca?s=96&d=mm&r=g\",\"contentUrl\":\"https:\\\/\\\/secure.gravatar.com\\\/avatar\\\/dfd1611ed5600959a0e5a9754503b6c05d1dcf190010998e0363aee2ad98afca?s=96&d=mm&r=g\",\"caption\":\"Viviana Monrroy\"},\"sameAs\":[\"http:\\\/\\\/www.eldiario.net\"],\"url\":\"https:\\\/\\\/www.eldiario.net\\\/portal\\\/author\\\/vivianamonrroy\\\/\"}]}<\/script>\n<!-- \/ Yoast SEO plugin. -->","yoast_head_json":{"title":"Evac\u00faan a estudiantes y suspenden clases por fuga de gas en el centro de Santa Cruz (14:30) - El Diario - Bolivia","robots":{"index":"index","follow":"follow","max-snippet":"max-snippet:-1","max-image-preview":"max-image-preview:large","max-video-preview":"max-video-preview:-1"},"canonical":"https:\/\/www.eldiario.net\/portal\/2026\/08\/31\/evacuan-a-estudiantes-y-suspenden-clases-por-fuga-de-gas-en-el-centro-de-santa-cruz-1430\/","og_locale":"es_ES","og_type":"article","og_title":"Evac\u00faan a estudiantes y suspenden clases por fuga de gas en el centro de Santa Cruz (14:30) - El Diario - Bolivia","og_description":"Estudiantes de una unidad educativa del centro de Santa Cruz fueron evacuados este lunes debido a una fuga de \u00f3xido de etileno en una cl\u00ednica privada ubicada en la calle Nicanor Salvatierra. El gas es t\u00f3xico y altamente inflamable. Como medida preventiva, se suspendieron las clases del turno de la ma\u00f1ana y tambi\u00e9n las actividades [&hellip;]","og_url":"https:\/\/www.eldiario.net\/portal\/2026\/08\/31\/evacuan-a-estudiantes-y-suspenden-clases-por-fuga-de-gas-en-el-centro-de-santa-cruz-1430\/","og_site_name":"El Diario - Bolivia","article_publisher":"https:\/\/www.facebook.com\/eldiario.bolivia\/","article_published_time":"2026-08-31T18:31:24+00:00","og_image":[{"width":500,"height":440,"url":"https:\/\/www.eldiario.net\/portal\/wp-content\/uploads\/2026\/08\/clinica-31.08.26-copia.webp","type":"image\/webp"}],"author":"Viviana Monrroy","twitter_card":"summary_large_image","twitter_creator":"@eldiario_net","twitter_site":"@eldiario_net","twitter_misc":{"Escrito por":"Viviana Monrroy","Tiempo de lectura":"1 minuto"},"schema":{"@context":"https:\/\/schema.org","@graph":[{"@type":"Article","@id":"https:\/\/www.eldiario.net\/portal\/2026\/08\/31\/evacuan-a-estudiantes-y-suspenden-clases-por-fuga-de-gas-en-el-centro-de-santa-cruz-1430\/#article","isPartOf":{"@id":"https:\/\/www.eldiario.net\/portal\/2026\/08\/31\/evacuan-a-estudiantes-y-suspenden-clases-por-fuga-de-gas-en-el-centro-de-santa-cruz-1430\/"},"author":{"name":"Viviana Monrroy","@id":"https:\/\/www.eldiario.net\/portal\/#\/schema\/person\/ba370d92d160f4d3574381f6d9b78fab"},"headline":"Evac\u00faan a estudiantes y suspenden clases por fuga de gas en el centro de Santa Cruz (14:30)","datePublished":"2026-08-31T18:31:24+00:00","mainEntityOfPage":{"@id":"https:\/\/www.eldiario.net\/portal\/2026\/08\/31\/evacuan-a-estudiantes-y-suspenden-clases-por-fuga-de-gas-en-el-centro-de-santa-cruz-1430\/"},"wordCount":187,"publisher":{"@id":"https:\/\/www.eldiario.net\/portal\/#organization"},"image":{"@id":"https:\/\/www.eldiario.net\/portal\/2026\/08\/31\/evacuan-a-estudiantes-y-suspenden-clases-por-fuga-de-gas-en-el-centro-de-santa-cruz-1430\/#primaryimage"},"thumbnailUrl":"https:\/\/www.eldiario.net\/portal\/wp-content\/uploads\/2026\/08\/clinica-31.08.26-copia.webp","articleSection":["\u00daltima Hora"],"inLanguage":"es"},{"@type":"WebPage","@id":"https:\/\/www.eldiario.net\/portal\/2026\/08\/31\/evacuan-a-estudiantes-y-suspenden-clases-por-fuga-de-gas-en-el-centro-de-santa-cruz-1430\/","url":"https:\/\/www.eldiario.net\/portal\/2026\/08\/31\/evacuan-a-estudiantes-y-suspenden-clases-por-fuga-de-gas-en-el-centro-de-santa-cruz-1430\/","name":"Evac\u00faan a estudiantes y suspenden clases por fuga de gas en el centro de Santa Cruz (14:30) - El Diario - Bolivia","isPartOf":{"@id":"https:\/\/www.eldiario.net\/portal\/#website"},"primaryImageOfPage":{"@id":"https:\/\/www.eldiario.net\/portal\/2026\/08\/31\/evacuan-a-estudiantes-y-suspenden-clases-por-fuga-de-gas-en-el-centro-de-santa-cruz-1430\/#primaryimage"},"image":{"@id":"https:\/\/www.eldiario.net\/portal\/2026\/08\/31\/evacuan-a-estudiantes-y-suspenden-clases-por-fuga-de-gas-en-el-centro-de-santa-cruz-1430\/#primaryimage"},"thumbnailUrl":"https:\/\/www.eldiario.net\/portal\/wp-content\/uploads\/2026\/08\/clinica-31.08.26-copia.webp","datePublished":"2026-08-31T18:31:24+00:00","breadcrumb":{"@id":"https:\/\/www.eldiario.net\/portal\/2026\/08\/31\/evacuan-a-estudiantes-y-suspenden-clases-por-fuga-de-gas-en-el-centro-de-santa-cruz-1430\/#breadcrumb"},"inLanguage":"es","potentialAction":[{"@type":"ReadAction","target":["https:\/\/www.eldiario.net\/portal\/2026\/08\/31\/evacuan-a-estudiantes-y-suspenden-clases-por-fuga-de-gas-en-el-centro-de-santa-cruz-1430\/"]}]},{"@type":"ImageObject","inLanguage":"es","@id":"https:\/\/www.eldiario.net\/portal\/2026\/08\/31\/evacuan-a-estudiantes-y-suspenden-clases-por-fuga-de-gas-en-el-centro-de-santa-cruz-1430\/#primaryimage","url":"https:\/\/www.eldiario.net\/portal\/wp-content\/uploads\/2026\/08\/clinica-31.08.26-copia.webp","contentUrl":"https:\/\/www.eldiario.net\/portal\/wp-content\/uploads\/2026\/08\/clinica-31.08.26-copia.webp","width":500,"height":440,"caption":"Foto: RR.SS."},{"@type":"BreadcrumbList","@id":"https:\/\/www.eldiario.net\/portal\/2026\/08\/31\/evacuan-a-estudiantes-y-suspenden-clases-por-fuga-de-gas-en-el-centro-de-santa-cruz-1430\/#breadcrumb","itemListElement":[{"@type":"ListItem","position":1,"name":"Portada","item":"https:\/\/www.eldiario.net\/portal\/"},{"@type":"ListItem","position":2,"name":"Evac\u00faan a estudiantes y suspenden clases por fuga de gas en el centro de Santa Cruz (14:30)"}]},{"@type":"WebSite","@id":"https:\/\/www.eldiario.net\/portal\/#website","url":"https:\/\/www.eldiario.net\/portal\/","name":"El Diario - Decano de la prensa nacional","description":"El Diario - Decano de la prensa nacional","publisher":{"@id":"https:\/\/www.eldiario.net\/portal\/#organization"},"potentialAction":[{"@type":"SearchAction","target":{"@type":"EntryPoint","urlTemplate":"https:\/\/www.eldiario.net\/portal\/?s={search_term_string}"},"query-input":{"@type":"PropertyValueSpecification","valueRequired":true,"valueName":"search_term_string"}}],"inLanguage":"es"},{"@type":"Organization","@id":"https:\/\/www.eldiario.net\/portal\/#organization","name":"El Diario - Decano de la prensa nacional","url":"https:\/\/www.eldiario.net\/portal\/","logo":{"@type":"ImageObject","inLanguage":"es","@id":"https:\/\/www.eldiario.net\/portal\/#\/schema\/logo\/image\/","url":"https:\/\/www.eldiario.net\/portal\/wp-content\/uploads\/2023\/07\/logo_ED.jpg","contentUrl":"https:\/\/www.eldiario.net\/portal\/wp-content\/uploads\/2023\/07\/logo_ED.jpg","width":272,"height":52,"caption":"El Diario - Decano de la prensa nacional"},"image":{"@id":"https:\/\/www.eldiario.net\/portal\/#\/schema\/logo\/image\/"},"sameAs":["https:\/\/www.facebook.com\/eldiario.bolivia\/","https:\/\/x.com\/eldiario_net"]},{"@type":"Person","@id":"https:\/\/www.eldiario.net\/portal\/#\/schema\/person\/ba370d92d160f4d3574381f6d9b78fab","name":"Viviana Monrroy","image":{"@type":"ImageObject","inLanguage":"es","@id":"https:\/\/secure.gravatar.com\/avatar\/dfd1611ed5600959a0e5a9754503b6c05d1dcf190010998e0363aee2ad98afca?s=96&d=mm&r=g","url":"https:\/\/secure.gravatar.com\/avatar\/dfd1611ed5600959a0e5a9754503b6c05d1dcf190010998e0363aee2ad98afca?s=96&d=mm&r=g","contentUrl":"https:\/\/secure.gravatar.com\/avatar\/dfd1611ed5600959a0e5a9754503b6c05d1dcf190010998e0363aee2ad98afca?s=96&d=mm&r=g","caption":"Viviana Monrroy"},"sameAs":["http:\/\/www.eldiario.net"],"url":"https:\/\/www.eldiario.net\/portal\/author\/vivianamonrroy\/"}]}},"_links":{"self":[{"href":"https:\/\/www.eldiario.net\/portal\/wp-json\/wp\/v2\/posts\/426424","targetHints":{"allow":["GET"]}}],"collection":[{"href":"https:\/\/www.eldiario.net\/portal\/wp-json\/wp\/v2\/posts"}],"about":[{"href":"https:\/\/www.eldiario.net\/portal\/wp-json\/wp\/v2\/types\/post"}],"author":[{"embeddable":true,"href":"https:\/\/www.eldiario.net\/portal\/wp-json\/wp\/v2\/users\/7"}],"replies":[{"embeddable":true,"href":"https:\/\/www.eldiario.net\/portal\/wp-json\/wp\/v2\/comments?post=426424"}],"version-history":[{"count":1,"href":"https:\/\/www.eldiario.net\/portal\/wp-json\/wp\/v2\/posts\/426424\/revisions"}],"predecessor-version":[{"id":426426,"href":"https:\/\/www.eldiario.net\/portal\/wp-json\/wp\/v2\/posts\/426424\/revisions\/426426"}],"wp:featuredmedia":[{"embeddable":true,"href":"https:\/\/www.eldiario.net\/portal\/wp-json\/wp\/v2\/media\/426425"}],"wp:attachment":[{"href":"https:\/\/www.eldiario.net\/portal\/wp-json\/wp\/v2\/media?parent=426424"}],"wp:term":[{"taxonomy":"category","embeddable":true,"href":"https:\/\/www.eldiario.net\/portal\/wp-json\/wp\/v2\/categories?post=426424"},{"taxonomy":"post_tag","embeddable":true,"href":"https:\/\/www.eldiario.net\/portal\/wp-json\/wp\/v2\/tags?post=426424"}],"curies":[{"name":"wp","href":"https:\/\/api.w.org\/{rel}","templated":true}]}}