{"id":426420,"date":"2026-08-31T14:16:03","date_gmt":"2026-08-31T18:16:03","guid":{"rendered":"https:\/\/www.eldiario.net\/portal\/?p=426420"},"modified":"2026-08-31T14:16:03","modified_gmt":"2026-08-31T18:16:03","slug":"la-paz-no-subiran-la-tasa-de-aseo-y-la-alcaldia-asumira-el-ajuste-por-diesel-1415","status":"publish","type":"post","link":"https:\/\/www.eldiario.net\/portal\/2026\/08\/31\/la-paz-no-subiran-la-tasa-de-aseo-y-la-alcaldia-asumira-el-ajuste-por-diesel-1415\/","title":{"rendered":"La Paz: no subir\u00e1n la tasa de aseo y la Alcald\u00eda asumir\u00e1 el ajuste por di\u00e9sel (14:15)"},"content":{"rendered":"<p>Los pace\u00f1os no pagar\u00e1n m\u00e1s por la Tasa de Aseo Urbano. La Alcald\u00eda de La Paz acord\u00f3 con las empresas La Paz Limpia y Tr\u00e9bol un ajuste de Bs 2,8 millones hasta fin de a\u00f1o por el incremento del costo del di\u00e9sel, monto que ser\u00e1 cubierto por el municipio.<\/p>\n<p>La firma del contrato modificatorio permite mantener vigentes los servicios de ambas empresas y garantiza que el costo del ajuste no ser\u00e1 trasladado a los vecinos mediante la factura de electricidad.<\/p>\n<p data-start=\"838\" data-end=\"1070\">La Alcald\u00eda tambi\u00e9n pidi\u00f3 a las empresas cumplir los acuerdos sobre la optimizaci\u00f3n del servicio de aseo. Los cambios en rutas y frecuencias deber\u00e1n comenzar con un plan piloto y ser evaluados antes de aplicarse de forma permanente.<\/p>\n<p data-start=\"1072\" data-end=\"1229\" data-is-last-node=\"\" data-is-only-node=\"\">El alcalde C\u00e9sar Dockweiler remarc\u00f3 que el objetivo es evitar una nueva acumulaci\u00f3n de basura en las calles y garantizar la continuidad del servicio de limpieza en la ciudad.<\/p>\n","protected":false},"excerpt":{"rendered":"<p>Los pace\u00f1os no pagar\u00e1n m\u00e1s por la Tasa de Aseo Urbano. La Alcald\u00eda de La Paz acord\u00f3 con las empresas La Paz Limpia y Tr\u00e9bol un ajuste de Bs 2,8 millones hasta fin de a\u00f1o por el incremento del costo del di\u00e9sel, monto que ser\u00e1 cubierto por el municipio. La firma del contrato modificatorio permite [&hellip;]<\/p>\n","protected":false},"author":7,"featured_media":426421,"comment_status":"closed","ping_status":"open","sticky":false,"template":"","format":"standard","meta":{"_acf_changed":false,"footnotes":""},"categories":[51],"tags":[],"class_list":["post-426420","post","type-post","status-publish","format-standard","has-post-thumbnail","category-ultima-hora"],"acf":{"antetitulo":""},"yoast_head":"<!-- This site is optimized with the Yoast SEO plugin v28.3 - https:\/\/yoast.com\/product\/yoast-seo-wordpress\/ -->\n<title>La Paz: no subir\u00e1n la tasa de aseo y la Alcald\u00eda asumir\u00e1 el ajuste por di\u00e9sel (14:15) - El Diario - Bolivia<\/title>\n<meta name=\"robots\" content=\"index, follow, max-snippet:-1, max-image-preview:large, max-video-preview:-1\" \/>\n<link rel=\"canonical\" href=\"https:\/\/www.eldiario.net\/portal\/2026\/08\/31\/la-paz-no-subiran-la-tasa-de-aseo-y-la-alcaldia-asumira-el-ajuste-por-diesel-1415\/\" \/>\n<meta property=\"og:locale\" content=\"es_ES\" \/>\n<meta property=\"og:type\" content=\"article\" \/>\n<meta property=\"og:title\" content=\"La Paz: no subir\u00e1n la tasa de aseo y la Alcald\u00eda asumir\u00e1 el ajuste por di\u00e9sel (14:15) - El Diario - Bolivia\" \/>\n<meta property=\"og:description\" content=\"Los pace\u00f1os no pagar\u00e1n m\u00e1s por la Tasa de Aseo Urbano. La Alcald\u00eda de La Paz acord\u00f3 con las empresas La Paz Limpia y Tr\u00e9bol un ajuste de Bs 2,8 millones hasta fin de a\u00f1o por el incremento del costo del di\u00e9sel, monto que ser\u00e1 cubierto por el municipio. La firma del contrato modificatorio permite [&hellip;]\" \/>\n<meta property=\"og:url\" content=\"https:\/\/www.eldiario.net\/portal\/2026\/08\/31\/la-paz-no-subiran-la-tasa-de-aseo-y-la-alcaldia-asumira-el-ajuste-por-diesel-1415\/\" \/>\n<meta property=\"og:site_name\" content=\"El Diario - Bolivia\" \/>\n<meta property=\"article:publisher\" content=\"https:\/\/www.facebook.com\/eldiario.bolivia\/\" \/>\n<meta property=\"article:published_time\" content=\"2026-08-31T18:16:03+00:00\" \/>\n<meta property=\"og:image\" content=\"https:\/\/www.eldiario.net\/portal\/wp-content\/uploads\/2026\/08\/firma-acuerdo-31.08.26-copia.webp\" \/>\n\t<meta property=\"og:image:width\" content=\"600\" \/>\n\t<meta property=\"og:image:height\" content=\"453\" \/>\n\t<meta property=\"og:image:type\" content=\"image\/webp\" \/>\n<meta name=\"author\" content=\"Viviana Monrroy\" \/>\n<meta name=\"twitter:card\" content=\"summary_large_image\" \/>\n<meta name=\"twitter:creator\" content=\"@eldiario_net\" \/>\n<meta name=\"twitter:site\" content=\"@eldiario_net\" \/>\n<meta name=\"twitter:label1\" content=\"Escrito por\" \/>\n\t<meta name=\"twitter:data1\" content=\"Viviana Monrroy\" \/>\n\t<meta name=\"twitter:label2\" content=\"Tiempo de lectura\" \/>\n\t<meta name=\"twitter:data2\" content=\"1 minuto\" \/>\n<script type=\"application\/ld+json\" class=\"yoast-schema-graph\">{\"@context\":\"https:\\\/\\\/schema.org\",\"@graph\":[{\"@type\":\"Article\",\"@id\":\"https:\\\/\\\/www.eldiario.net\\\/portal\\\/2026\\\/08\\\/31\\\/la-paz-no-subiran-la-tasa-de-aseo-y-la-alcaldia-asumira-el-ajuste-por-diesel-1415\\\/#article\",\"isPartOf\":{\"@id\":\"https:\\\/\\\/www.eldiario.net\\\/portal\\\/2026\\\/08\\\/31\\\/la-paz-no-subiran-la-tasa-de-aseo-y-la-alcaldia-asumira-el-ajuste-por-diesel-1415\\\/\"},\"author\":{\"name\":\"Viviana Monrroy\",\"@id\":\"https:\\\/\\\/www.eldiario.net\\\/portal\\\/#\\\/schema\\\/person\\\/ba370d92d160f4d3574381f6d9b78fab\"},\"headline\":\"La Paz: no subir\u00e1n la tasa de aseo y la Alcald\u00eda asumir\u00e1 el ajuste por di\u00e9sel (14:15)\",\"datePublished\":\"2026-08-31T18:16:03+00:00\",\"mainEntityOfPage\":{\"@id\":\"https:\\\/\\\/www.eldiario.net\\\/portal\\\/2026\\\/08\\\/31\\\/la-paz-no-subiran-la-tasa-de-aseo-y-la-alcaldia-asumira-el-ajuste-por-diesel-1415\\\/\"},\"wordCount\":178,\"publisher\":{\"@id\":\"https:\\\/\\\/www.eldiario.net\\\/portal\\\/#organization\"},\"image\":{\"@id\":\"https:\\\/\\\/www.eldiario.net\\\/portal\\\/2026\\\/08\\\/31\\\/la-paz-no-subiran-la-tasa-de-aseo-y-la-alcaldia-asumira-el-ajuste-por-diesel-1415\\\/#primaryimage\"},\"thumbnailUrl\":\"https:\\\/\\\/www.eldiario.net\\\/portal\\\/wp-content\\\/uploads\\\/2026\\\/08\\\/firma-acuerdo-31.08.26-copia.webp\",\"articleSection\":[\"\u00daltima Hora\"],\"inLanguage\":\"es\"},{\"@type\":\"WebPage\",\"@id\":\"https:\\\/\\\/www.eldiario.net\\\/portal\\\/2026\\\/08\\\/31\\\/la-paz-no-subiran-la-tasa-de-aseo-y-la-alcaldia-asumira-el-ajuste-por-diesel-1415\\\/\",\"url\":\"https:\\\/\\\/www.eldiario.net\\\/portal\\\/2026\\\/08\\\/31\\\/la-paz-no-subiran-la-tasa-de-aseo-y-la-alcaldia-asumira-el-ajuste-por-diesel-1415\\\/\",\"name\":\"La Paz: no subir\u00e1n la tasa de aseo y la Alcald\u00eda asumir\u00e1 el ajuste por di\u00e9sel (14:15) - El Diario - Bolivia\",\"isPartOf\":{\"@id\":\"https:\\\/\\\/www.eldiario.net\\\/portal\\\/#website\"},\"primaryImageOfPage\":{\"@id\":\"https:\\\/\\\/www.eldiario.net\\\/portal\\\/2026\\\/08\\\/31\\\/la-paz-no-subiran-la-tasa-de-aseo-y-la-alcaldia-asumira-el-ajuste-por-diesel-1415\\\/#primaryimage\"},\"image\":{\"@id\":\"https:\\\/\\\/www.eldiario.net\\\/portal\\\/2026\\\/08\\\/31\\\/la-paz-no-subiran-la-tasa-de-aseo-y-la-alcaldia-asumira-el-ajuste-por-diesel-1415\\\/#primaryimage\"},\"thumbnailUrl\":\"https:\\\/\\\/www.eldiario.net\\\/portal\\\/wp-content\\\/uploads\\\/2026\\\/08\\\/firma-acuerdo-31.08.26-copia.webp\",\"datePublished\":\"2026-08-31T18:16:03+00:00\",\"breadcrumb\":{\"@id\":\"https:\\\/\\\/www.eldiario.net\\\/portal\\\/2026\\\/08\\\/31\\\/la-paz-no-subiran-la-tasa-de-aseo-y-la-alcaldia-asumira-el-ajuste-por-diesel-1415\\\/#breadcrumb\"},\"inLanguage\":\"es\",\"potentialAction\":[{\"@type\":\"ReadAction\",\"target\":[\"https:\\\/\\\/www.eldiario.net\\\/portal\\\/2026\\\/08\\\/31\\\/la-paz-no-subiran-la-tasa-de-aseo-y-la-alcaldia-asumira-el-ajuste-por-diesel-1415\\\/\"]}]},{\"@type\":\"ImageObject\",\"inLanguage\":\"es\",\"@id\":\"https:\\\/\\\/www.eldiario.net\\\/portal\\\/2026\\\/08\\\/31\\\/la-paz-no-subiran-la-tasa-de-aseo-y-la-alcaldia-asumira-el-ajuste-por-diesel-1415\\\/#primaryimage\",\"url\":\"https:\\\/\\\/www.eldiario.net\\\/portal\\\/wp-content\\\/uploads\\\/2026\\\/08\\\/firma-acuerdo-31.08.26-copia.webp\",\"contentUrl\":\"https:\\\/\\\/www.eldiario.net\\\/portal\\\/wp-content\\\/uploads\\\/2026\\\/08\\\/firma-acuerdo-31.08.26-copia.webp\",\"width\":600,\"height\":453,\"caption\":\"Foto: GAMLP\"},{\"@type\":\"BreadcrumbList\",\"@id\":\"https:\\\/\\\/www.eldiario.net\\\/portal\\\/2026\\\/08\\\/31\\\/la-paz-no-subiran-la-tasa-de-aseo-y-la-alcaldia-asumira-el-ajuste-por-diesel-1415\\\/#breadcrumb\",\"itemListElement\":[{\"@type\":\"ListItem\",\"position\":1,\"name\":\"Portada\",\"item\":\"https:\\\/\\\/www.eldiario.net\\\/portal\\\/\"},{\"@type\":\"ListItem\",\"position\":2,\"name\":\"La Paz: no subir\u00e1n la tasa de aseo y la Alcald\u00eda asumir\u00e1 el ajuste por di\u00e9sel (14:15)\"}]},{\"@type\":\"WebSite\",\"@id\":\"https:\\\/\\\/www.eldiario.net\\\/portal\\\/#website\",\"url\":\"https:\\\/\\\/www.eldiario.net\\\/portal\\\/\",\"name\":\"El Diario - Decano de la prensa nacional\",\"description\":\"El Diario - Decano de la prensa nacional\",\"publisher\":{\"@id\":\"https:\\\/\\\/www.eldiario.net\\\/portal\\\/#organization\"},\"potentialAction\":[{\"@type\":\"SearchAction\",\"target\":{\"@type\":\"EntryPoint\",\"urlTemplate\":\"https:\\\/\\\/www.eldiario.net\\\/portal\\\/?s={search_term_string}\"},\"query-input\":{\"@type\":\"PropertyValueSpecification\",\"valueRequired\":true,\"valueName\":\"search_term_string\"}}],\"inLanguage\":\"es\"},{\"@type\":\"Organization\",\"@id\":\"https:\\\/\\\/www.eldiario.net\\\/portal\\\/#organization\",\"name\":\"El Diario - Decano de la prensa nacional\",\"url\":\"https:\\\/\\\/www.eldiario.net\\\/portal\\\/\",\"logo\":{\"@type\":\"ImageObject\",\"inLanguage\":\"es\",\"@id\":\"https:\\\/\\\/www.eldiario.net\\\/portal\\\/#\\\/schema\\\/logo\\\/image\\\/\",\"url\":\"https:\\\/\\\/www.eldiario.net\\\/portal\\\/wp-content\\\/uploads\\\/2023\\\/07\\\/logo_ED.jpg\",\"contentUrl\":\"https:\\\/\\\/www.eldiario.net\\\/portal\\\/wp-content\\\/uploads\\\/2023\\\/07\\\/logo_ED.jpg\",\"width\":272,\"height\":52,\"caption\":\"El Diario - Decano de la prensa nacional\"},\"image\":{\"@id\":\"https:\\\/\\\/www.eldiario.net\\\/portal\\\/#\\\/schema\\\/logo\\\/image\\\/\"},\"sameAs\":[\"https:\\\/\\\/www.facebook.com\\\/eldiario.bolivia\\\/\",\"https:\\\/\\\/x.com\\\/eldiario_net\"]},{\"@type\":\"Person\",\"@id\":\"https:\\\/\\\/www.eldiario.net\\\/portal\\\/#\\\/schema\\\/person\\\/ba370d92d160f4d3574381f6d9b78fab\",\"name\":\"Viviana Monrroy\",\"image\":{\"@type\":\"ImageObject\",\"inLanguage\":\"es\",\"@id\":\"https:\\\/\\\/secure.gravatar.com\\\/avatar\\\/dfd1611ed5600959a0e5a9754503b6c05d1dcf190010998e0363aee2ad98afca?s=96&d=mm&r=g\",\"url\":\"https:\\\/\\\/secure.gravatar.com\\\/avatar\\\/dfd1611ed5600959a0e5a9754503b6c05d1dcf190010998e0363aee2ad98afca?s=96&d=mm&r=g\",\"contentUrl\":\"https:\\\/\\\/secure.gravatar.com\\\/avatar\\\/dfd1611ed5600959a0e5a9754503b6c05d1dcf190010998e0363aee2ad98afca?s=96&d=mm&r=g\",\"caption\":\"Viviana Monrroy\"},\"sameAs\":[\"http:\\\/\\\/www.eldiario.net\"],\"url\":\"https:\\\/\\\/www.eldiario.net\\\/portal\\\/author\\\/vivianamonrroy\\\/\"}]}<\/script>\n<!-- \/ Yoast SEO plugin. -->","yoast_head_json":{"title":"La Paz: no subir\u00e1n la tasa de aseo y la Alcald\u00eda asumir\u00e1 el ajuste por di\u00e9sel (14:15) - El Diario - Bolivia","robots":{"index":"index","follow":"follow","max-snippet":"max-snippet:-1","max-image-preview":"max-image-preview:large","max-video-preview":"max-video-preview:-1"},"canonical":"https:\/\/www.eldiario.net\/portal\/2026\/08\/31\/la-paz-no-subiran-la-tasa-de-aseo-y-la-alcaldia-asumira-el-ajuste-por-diesel-1415\/","og_locale":"es_ES","og_type":"article","og_title":"La Paz: no subir\u00e1n la tasa de aseo y la Alcald\u00eda asumir\u00e1 el ajuste por di\u00e9sel (14:15) - El Diario - Bolivia","og_description":"Los pace\u00f1os no pagar\u00e1n m\u00e1s por la Tasa de Aseo Urbano. La Alcald\u00eda de La Paz acord\u00f3 con las empresas La Paz Limpia y Tr\u00e9bol un ajuste de Bs 2,8 millones hasta fin de a\u00f1o por el incremento del costo del di\u00e9sel, monto que ser\u00e1 cubierto por el municipio. La firma del contrato modificatorio permite [&hellip;]","og_url":"https:\/\/www.eldiario.net\/portal\/2026\/08\/31\/la-paz-no-subiran-la-tasa-de-aseo-y-la-alcaldia-asumira-el-ajuste-por-diesel-1415\/","og_site_name":"El Diario - Bolivia","article_publisher":"https:\/\/www.facebook.com\/eldiario.bolivia\/","article_published_time":"2026-08-31T18:16:03+00:00","og_image":[{"width":600,"height":453,"url":"https:\/\/www.eldiario.net\/portal\/wp-content\/uploads\/2026\/08\/firma-acuerdo-31.08.26-copia.webp","type":"image\/webp"}],"author":"Viviana Monrroy","twitter_card":"summary_large_image","twitter_creator":"@eldiario_net","twitter_site":"@eldiario_net","twitter_misc":{"Escrito por":"Viviana Monrroy","Tiempo de lectura":"1 minuto"},"schema":{"@context":"https:\/\/schema.org","@graph":[{"@type":"Article","@id":"https:\/\/www.eldiario.net\/portal\/2026\/08\/31\/la-paz-no-subiran-la-tasa-de-aseo-y-la-alcaldia-asumira-el-ajuste-por-diesel-1415\/#article","isPartOf":{"@id":"https:\/\/www.eldiario.net\/portal\/2026\/08\/31\/la-paz-no-subiran-la-tasa-de-aseo-y-la-alcaldia-asumira-el-ajuste-por-diesel-1415\/"},"author":{"name":"Viviana Monrroy","@id":"https:\/\/www.eldiario.net\/portal\/#\/schema\/person\/ba370d92d160f4d3574381f6d9b78fab"},"headline":"La Paz: no subir\u00e1n la tasa de aseo y la Alcald\u00eda asumir\u00e1 el ajuste por di\u00e9sel (14:15)","datePublished":"2026-08-31T18:16:03+00:00","mainEntityOfPage":{"@id":"https:\/\/www.eldiario.net\/portal\/2026\/08\/31\/la-paz-no-subiran-la-tasa-de-aseo-y-la-alcaldia-asumira-el-ajuste-por-diesel-1415\/"},"wordCount":178,"publisher":{"@id":"https:\/\/www.eldiario.net\/portal\/#organization"},"image":{"@id":"https:\/\/www.eldiario.net\/portal\/2026\/08\/31\/la-paz-no-subiran-la-tasa-de-aseo-y-la-alcaldia-asumira-el-ajuste-por-diesel-1415\/#primaryimage"},"thumbnailUrl":"https:\/\/www.eldiario.net\/portal\/wp-content\/uploads\/2026\/08\/firma-acuerdo-31.08.26-copia.webp","articleSection":["\u00daltima Hora"],"inLanguage":"es"},{"@type":"WebPage","@id":"https:\/\/www.eldiario.net\/portal\/2026\/08\/31\/la-paz-no-subiran-la-tasa-de-aseo-y-la-alcaldia-asumira-el-ajuste-por-diesel-1415\/","url":"https:\/\/www.eldiario.net\/portal\/2026\/08\/31\/la-paz-no-subiran-la-tasa-de-aseo-y-la-alcaldia-asumira-el-ajuste-por-diesel-1415\/","name":"La Paz: no subir\u00e1n la tasa de aseo y la Alcald\u00eda asumir\u00e1 el ajuste por di\u00e9sel (14:15) - El Diario - Bolivia","isPartOf":{"@id":"https:\/\/www.eldiario.net\/portal\/#website"},"primaryImageOfPage":{"@id":"https:\/\/www.eldiario.net\/portal\/2026\/08\/31\/la-paz-no-subiran-la-tasa-de-aseo-y-la-alcaldia-asumira-el-ajuste-por-diesel-1415\/#primaryimage"},"image":{"@id":"https:\/\/www.eldiario.net\/portal\/2026\/08\/31\/la-paz-no-subiran-la-tasa-de-aseo-y-la-alcaldia-asumira-el-ajuste-por-diesel-1415\/#primaryimage"},"thumbnailUrl":"https:\/\/www.eldiario.net\/portal\/wp-content\/uploads\/2026\/08\/firma-acuerdo-31.08.26-copia.webp","datePublished":"2026-08-31T18:16:03+00:00","breadcrumb":{"@id":"https:\/\/www.eldiario.net\/portal\/2026\/08\/31\/la-paz-no-subiran-la-tasa-de-aseo-y-la-alcaldia-asumira-el-ajuste-por-diesel-1415\/#breadcrumb"},"inLanguage":"es","potentialAction":[{"@type":"ReadAction","target":["https:\/\/www.eldiario.net\/portal\/2026\/08\/31\/la-paz-no-subiran-la-tasa-de-aseo-y-la-alcaldia-asumira-el-ajuste-por-diesel-1415\/"]}]},{"@type":"ImageObject","inLanguage":"es","@id":"https:\/\/www.eldiario.net\/portal\/2026\/08\/31\/la-paz-no-subiran-la-tasa-de-aseo-y-la-alcaldia-asumira-el-ajuste-por-diesel-1415\/#primaryimage","url":"https:\/\/www.eldiario.net\/portal\/wp-content\/uploads\/2026\/08\/firma-acuerdo-31.08.26-copia.webp","contentUrl":"https:\/\/www.eldiario.net\/portal\/wp-content\/uploads\/2026\/08\/firma-acuerdo-31.08.26-copia.webp","width":600,"height":453,"caption":"Foto: GAMLP"},{"@type":"BreadcrumbList","@id":"https:\/\/www.eldiario.net\/portal\/2026\/08\/31\/la-paz-no-subiran-la-tasa-de-aseo-y-la-alcaldia-asumira-el-ajuste-por-diesel-1415\/#breadcrumb","itemListElement":[{"@type":"ListItem","position":1,"name":"Portada","item":"https:\/\/www.eldiario.net\/portal\/"},{"@type":"ListItem","position":2,"name":"La Paz: no subir\u00e1n la tasa de aseo y la Alcald\u00eda asumir\u00e1 el ajuste por di\u00e9sel (14:15)"}]},{"@type":"WebSite","@id":"https:\/\/www.eldiario.net\/portal\/#website","url":"https:\/\/www.eldiario.net\/portal\/","name":"El Diario - Decano de la prensa nacional","description":"El Diario - Decano de la prensa nacional","publisher":{"@id":"https:\/\/www.eldiario.net\/portal\/#organization"},"potentialAction":[{"@type":"SearchAction","target":{"@type":"EntryPoint","urlTemplate":"https:\/\/www.eldiario.net\/portal\/?s={search_term_string}"},"query-input":{"@type":"PropertyValueSpecification","valueRequired":true,"valueName":"search_term_string"}}],"inLanguage":"es"},{"@type":"Organization","@id":"https:\/\/www.eldiario.net\/portal\/#organization","name":"El Diario - Decano de la prensa nacional","url":"https:\/\/www.eldiario.net\/portal\/","logo":{"@type":"ImageObject","inLanguage":"es","@id":"https:\/\/www.eldiario.net\/portal\/#\/schema\/logo\/image\/","url":"https:\/\/www.eldiario.net\/portal\/wp-content\/uploads\/2023\/07\/logo_ED.jpg","contentUrl":"https:\/\/www.eldiario.net\/portal\/wp-content\/uploads\/2023\/07\/logo_ED.jpg","width":272,"height":52,"caption":"El Diario - Decano de la prensa nacional"},"image":{"@id":"https:\/\/www.eldiario.net\/portal\/#\/schema\/logo\/image\/"},"sameAs":["https:\/\/www.facebook.com\/eldiario.bolivia\/","https:\/\/x.com\/eldiario_net"]},{"@type":"Person","@id":"https:\/\/www.eldiario.net\/portal\/#\/schema\/person\/ba370d92d160f4d3574381f6d9b78fab","name":"Viviana Monrroy","image":{"@type":"ImageObject","inLanguage":"es","@id":"https:\/\/secure.gravatar.com\/avatar\/dfd1611ed5600959a0e5a9754503b6c05d1dcf190010998e0363aee2ad98afca?s=96&d=mm&r=g","url":"https:\/\/secure.gravatar.com\/avatar\/dfd1611ed5600959a0e5a9754503b6c05d1dcf190010998e0363aee2ad98afca?s=96&d=mm&r=g","contentUrl":"https:\/\/secure.gravatar.com\/avatar\/dfd1611ed5600959a0e5a9754503b6c05d1dcf190010998e0363aee2ad98afca?s=96&d=mm&r=g","caption":"Viviana Monrroy"},"sameAs":["http:\/\/www.eldiario.net"],"url":"https:\/\/www.eldiario.net\/portal\/author\/vivianamonrroy\/"}]}},"_links":{"self":[{"href":"https:\/\/www.eldiario.net\/portal\/wp-json\/wp\/v2\/posts\/426420","targetHints":{"allow":["GET"]}}],"collection":[{"href":"https:\/\/www.eldiario.net\/portal\/wp-json\/wp\/v2\/posts"}],"about":[{"href":"https:\/\/www.eldiario.net\/portal\/wp-json\/wp\/v2\/types\/post"}],"author":[{"embeddable":true,"href":"https:\/\/www.eldiario.net\/portal\/wp-json\/wp\/v2\/users\/7"}],"replies":[{"embeddable":true,"href":"https:\/\/www.eldiario.net\/portal\/wp-json\/wp\/v2\/comments?post=426420"}],"version-history":[{"count":1,"href":"https:\/\/www.eldiario.net\/portal\/wp-json\/wp\/v2\/posts\/426420\/revisions"}],"predecessor-version":[{"id":426422,"href":"https:\/\/www.eldiario.net\/portal\/wp-json\/wp\/v2\/posts\/426420\/revisions\/426422"}],"wp:featuredmedia":[{"embeddable":true,"href":"https:\/\/www.eldiario.net\/portal\/wp-json\/wp\/v2\/media\/426421"}],"wp:attachment":[{"href":"https:\/\/www.eldiario.net\/portal\/wp-json\/wp\/v2\/media?parent=426420"}],"wp:term":[{"taxonomy":"category","embeddable":true,"href":"https:\/\/www.eldiario.net\/portal\/wp-json\/wp\/v2\/categories?post=426420"},{"taxonomy":"post_tag","embeddable":true,"href":"https:\/\/www.eldiario.net\/portal\/wp-json\/wp\/v2\/tags?post=426420"}],"curies":[{"name":"wp","href":"https:\/\/api.w.org\/{rel}","templated":true}]}}