{"id":426379,"date":"2026-08-31T06:28:49","date_gmt":"2026-08-31T10:28:49","guid":{"rendered":"https:\/\/www.eldiario.net\/portal\/?p=426379"},"modified":"2026-08-31T06:28:49","modified_gmt":"2026-08-31T10:28:49","slug":"iran-condiciona-a-estados-unidos-reapertura-del-estrecho-de-ormuz","status":"publish","type":"post","link":"https:\/\/www.eldiario.net\/portal\/2026\/08\/31\/iran-condiciona-a-estados-unidos-reapertura-del-estrecho-de-ormuz\/","title":{"rendered":"Ir\u00e1n condiciona a Estados Unidos  reapertura del estrecho de Ormuz"},"content":{"rendered":"<p class=\"v1MsoNormal\">Ir\u00e1n afirm\u00f3 que el acuerdo alcanzado con Om\u00e1n para la reapertura conjunta del estrecho de Ormuz no se producir\u00e1 hasta que Estados Unidos cumpla con los compromisos adquiridos en el memorando de entendimiento firmado entre ambos pa\u00edses.<\/p>\n<p class=\"v1MsoNormal\">\u00abLa Rep\u00fablica Isl\u00e1mica ha llegado a un acuerdo con Om\u00e1n sobre las condiciones para el tr\u00e1nsito por el estrecho de Ormuz\u00bb, dijo el viceministro de Exteriores iran\u00ed, Kazem Gharibabadi, en declaraciones recogidas este domingo por la agencia IRNA.<\/p>\n<p class=\"v1MsoNormal\">\u00abSin embargo, este acuerdo no entrar\u00e1 autom\u00e1ticamente en la fase de aplicaci\u00f3n, ya que la misma est\u00e1 condicionada al cumplimiento de los compromisos por la otra parte, concretamente Estados Unidos\u00bb, a\u00f1adi\u00f3 el funcionario. Gharibabadi asegur\u00f3 que, si Washington no cumple con las condiciones de Teher\u00e1n, \u00abIr\u00e1n no tiene prisa por abrir el estrecho y mantendr\u00e1 sus medidas defensivas\u00bb.<\/p>\n<p class=\"v1MsoNormal\">\n<p class=\"v1MsoNormal\">ACUERDO CONDICIONADO<\/p>\n<p class=\"v1MsoNormal\">Ir\u00e1n y Om\u00e1n hab\u00edan alcanzado un entendimiento para establecer un corredor de tr\u00e1nsito de buques por el estrecho, gestionado conjuntamente por ambos pa\u00edses, aunque hasta ahora no se hab\u00eda informado que su implementaci\u00f3n dependiera de que Estados Unidos aceptara las condiciones iran\u00edes. Esas condiciones son las mismas que se acordaron en el memorando de entendimiento firmado por Teher\u00e1n y Washington en junio, y que incluyen el fin de la guerra en todos los frentes \u2014incluido el liban\u00e9s\u2014, el levantamiento del cerco estadounidense sobre los puertos y buques iran\u00edes, y el fin de las sanciones contra la Rep\u00fablica Isl\u00e1mica.<\/p>\n<p class=\"v1MsoNormal\">Ir\u00e1n cerr\u00f3 el paso por Ormuz a mediados de julio, tras nuevos bombardeos estadounidenses contra el sur de su territorio, a los que Estados Unidos respondi\u00f3 reimponiendo un cerco sobre buques y puertos iran\u00edes que contin\u00faa da\u00f1ando la econom\u00eda del pa\u00eds persa.<\/p>\n<p class=\"v1MsoNormal\">Teher\u00e1n insiste, adem\u00e1s, en cobrar tasas por servicios de navegaci\u00f3n, seguridad y medio ambiente a los buques que transiten el estrecho \u2014por el que circulaba el 20% del crudo mundial antes de la guerra\u2014, algo a lo que Estados Unidos se opone. El estrecho de Ormuz, entre Ir\u00e1n y Om\u00e1n, es una de las principales rutas mundiales para el transporte de petr\u00f3leo y gas, y se convirti\u00f3 en uno de los principales puntos de tensi\u00f3n del conflicto entre ambos pa\u00edses.<\/p>\n<p class=\"v1MsoNormal\">\n<p class=\"v1MsoNormal\">UN MENSAJE DE UNIDAD<\/p>\n<p class=\"v1MsoNormal\">La postura de Gharibabadi se conoci\u00f3 el mismo d\u00eda en que el l\u00edder supremo de Ir\u00e1n, Mojtaba Khamenei, llam\u00f3 a los pa\u00edses musulmanes de la regi\u00f3n a unirse frente a Estados Unidos e Israel, en un mensaje escrito difundido a seis meses del inicio de la guerra. Jamenei, en el poder desde poco despu\u00e9s de que su padre, Al\u00ed Khamenei, muriera en un ataque al comienzo del conflicto, el 28 de febrero, todav\u00eda no fue visto en p\u00fablico desde su designaci\u00f3n, y las autoridades tampoco difundieron ning\u00fan video o audio suyo.<\/p>\n<p class=\"v1MsoNormal\">\u00abMi recomendaci\u00f3n reiterada y enf\u00e1tica a los gobernantes de los pa\u00edses isl\u00e1micos, en particular a los de la regi\u00f3n de Asia Occidental y a lo largo del golfo P\u00e9rsico, es que deben saber qui\u00e9n es su verdadero enemigo, comprender sus complots y hacerles frente\u00bb, dijo Jamenei en un comunicado difundido con motivo del aniversario del nacimiento de Mahoma. El l\u00edder religioso calific\u00f3 a \u00ablos gobernantes criminales de Estados Unidos y el falso r\u00e9gimen sionista [Israel]\u00bb como \u00abenemigos ac\u00e9rrimos\u00bb de la unidad musulmana, y llam\u00f3 tambi\u00e9n a los propios iran\u00edes a dejar de lado sus diferencias internas: \u00abDeclaro con firmeza que est\u00e1 prohibido hacer cualquier cosa que perjudique la cohesi\u00f3n social\u00bb, hab\u00eda afirmado en un mensaje previo, el viernes, en el que tambi\u00e9n pidi\u00f3 avanzar hacia una desdolarizaci\u00f3n gradual de la econom\u00eda iran\u00ed.<\/p>\n<p class=\"v1MsoNormal\">Durante la guerra, Ir\u00e1n atac\u00f3 bases militares estadounidenses en distintos puntos de Oriente Medio, entre ellas en Arabia Saudita, Emiratos \u00c1rabes Unidos, Jordania, Kuwait, Catar y Bar\u00e9in, lo que deterior\u00f3 las relaciones de Teher\u00e1n con esos pa\u00edses, varios de los cuales bordean el propio estrecho de Ormuz cuya reapertura hoy depende del pulso diplom\u00e1tico entre Teher\u00e1n y Washington. (Infobae)<\/p>\n","protected":false},"excerpt":{"rendered":"<p>Ir\u00e1n afirm\u00f3 que el acuerdo alcanzado con Om\u00e1n para la reapertura conjunta del estrecho de Ormuz no se producir\u00e1 hasta que Estados Unidos cumpla con los compromisos adquiridos en el memorando de entendimiento firmado entre ambos pa\u00edses. \u00abLa Rep\u00fablica Isl\u00e1mica ha llegado a un acuerdo con Om\u00e1n sobre las condiciones para el tr\u00e1nsito por el [&hellip;]<\/p>\n","protected":false},"author":1,"featured_media":426380,"comment_status":"closed","ping_status":"open","sticky":false,"template":"","format":"standard","meta":{"_acf_changed":false,"footnotes":""},"categories":[3],"tags":[],"class_list":["post-426379","post","type-post","status-publish","format-standard","has-post-thumbnail","category-internacional"],"acf":{"antetitulo":"A pesar del acuerdo alcanzado con Om\u00e1n"},"yoast_head":"<!-- This site is optimized with the Yoast SEO plugin v28.3 - https:\/\/yoast.com\/product\/yoast-seo-wordpress\/ -->\n<title>Ir\u00e1n condiciona a Estados Unidos reapertura del estrecho de Ormuz - El Diario - Bolivia<\/title>\n<meta name=\"robots\" content=\"index, follow, max-snippet:-1, max-image-preview:large, max-video-preview:-1\" \/>\n<link rel=\"canonical\" href=\"https:\/\/www.eldiario.net\/portal\/2026\/08\/31\/iran-condiciona-a-estados-unidos-reapertura-del-estrecho-de-ormuz\/\" \/>\n<meta property=\"og:locale\" content=\"es_ES\" \/>\n<meta property=\"og:type\" content=\"article\" \/>\n<meta property=\"og:title\" content=\"Ir\u00e1n condiciona a Estados Unidos reapertura del estrecho de Ormuz - El Diario - Bolivia\" \/>\n<meta property=\"og:description\" content=\"Ir\u00e1n afirm\u00f3 que el acuerdo alcanzado con Om\u00e1n para la reapertura conjunta del estrecho de Ormuz no se producir\u00e1 hasta que Estados Unidos cumpla con los compromisos adquiridos en el memorando de entendimiento firmado entre ambos pa\u00edses. \u00abLa Rep\u00fablica Isl\u00e1mica ha llegado a un acuerdo con Om\u00e1n sobre las condiciones para el tr\u00e1nsito por el [&hellip;]\" \/>\n<meta property=\"og:url\" content=\"https:\/\/www.eldiario.net\/portal\/2026\/08\/31\/iran-condiciona-a-estados-unidos-reapertura-del-estrecho-de-ormuz\/\" \/>\n<meta property=\"og:site_name\" content=\"El Diario - Bolivia\" \/>\n<meta property=\"article:publisher\" content=\"https:\/\/www.facebook.com\/eldiario.bolivia\/\" \/>\n<meta property=\"article:published_time\" content=\"2026-08-31T10:28:49+00:00\" \/>\n<meta property=\"og:image\" content=\"https:\/\/www.eldiario.net\/portal\/wp-content\/uploads\/2026\/08\/Buques-Reuters.webp\" \/>\n\t<meta property=\"og:image:width\" content=\"992\" \/>\n\t<meta property=\"og:image:height\" content=\"661\" \/>\n\t<meta property=\"og:image:type\" content=\"image\/webp\" \/>\n<meta name=\"author\" content=\"Jeanette\" \/>\n<meta name=\"twitter:card\" content=\"summary_large_image\" \/>\n<meta name=\"twitter:creator\" content=\"@eldiario_net\" \/>\n<meta name=\"twitter:site\" content=\"@eldiario_net\" \/>\n<meta name=\"twitter:label1\" content=\"Escrito por\" \/>\n\t<meta name=\"twitter:data1\" content=\"Jeanette\" \/>\n\t<meta name=\"twitter:label2\" content=\"Tiempo de lectura\" \/>\n\t<meta name=\"twitter:data2\" content=\"4 minutos\" \/>\n<script type=\"application\/ld+json\" class=\"yoast-schema-graph\">{\"@context\":\"https:\\\/\\\/schema.org\",\"@graph\":[{\"@type\":\"Article\",\"@id\":\"https:\\\/\\\/www.eldiario.net\\\/portal\\\/2026\\\/08\\\/31\\\/iran-condiciona-a-estados-unidos-reapertura-del-estrecho-de-ormuz\\\/#article\",\"isPartOf\":{\"@id\":\"https:\\\/\\\/www.eldiario.net\\\/portal\\\/2026\\\/08\\\/31\\\/iran-condiciona-a-estados-unidos-reapertura-del-estrecho-de-ormuz\\\/\"},\"author\":{\"name\":\"Jeanette\",\"@id\":\"https:\\\/\\\/www.eldiario.net\\\/portal\\\/#\\\/schema\\\/person\\\/f46445640444750d7d753ccd04ae01b7\"},\"headline\":\"Ir\u00e1n condiciona a Estados Unidos reapertura del estrecho de Ormuz\",\"datePublished\":\"2026-08-31T10:28:49+00:00\",\"mainEntityOfPage\":{\"@id\":\"https:\\\/\\\/www.eldiario.net\\\/portal\\\/2026\\\/08\\\/31\\\/iran-condiciona-a-estados-unidos-reapertura-del-estrecho-de-ormuz\\\/\"},\"wordCount\":722,\"publisher\":{\"@id\":\"https:\\\/\\\/www.eldiario.net\\\/portal\\\/#organization\"},\"image\":{\"@id\":\"https:\\\/\\\/www.eldiario.net\\\/portal\\\/2026\\\/08\\\/31\\\/iran-condiciona-a-estados-unidos-reapertura-del-estrecho-de-ormuz\\\/#primaryimage\"},\"thumbnailUrl\":\"https:\\\/\\\/www.eldiario.net\\\/portal\\\/wp-content\\\/uploads\\\/2026\\\/08\\\/Buques-Reuters.webp\",\"articleSection\":[\"Internacional\"],\"inLanguage\":\"es\"},{\"@type\":\"WebPage\",\"@id\":\"https:\\\/\\\/www.eldiario.net\\\/portal\\\/2026\\\/08\\\/31\\\/iran-condiciona-a-estados-unidos-reapertura-del-estrecho-de-ormuz\\\/\",\"url\":\"https:\\\/\\\/www.eldiario.net\\\/portal\\\/2026\\\/08\\\/31\\\/iran-condiciona-a-estados-unidos-reapertura-del-estrecho-de-ormuz\\\/\",\"name\":\"Ir\u00e1n condiciona a Estados Unidos reapertura del estrecho de Ormuz - El Diario - Bolivia\",\"isPartOf\":{\"@id\":\"https:\\\/\\\/www.eldiario.net\\\/portal\\\/#website\"},\"primaryImageOfPage\":{\"@id\":\"https:\\\/\\\/www.eldiario.net\\\/portal\\\/2026\\\/08\\\/31\\\/iran-condiciona-a-estados-unidos-reapertura-del-estrecho-de-ormuz\\\/#primaryimage\"},\"image\":{\"@id\":\"https:\\\/\\\/www.eldiario.net\\\/portal\\\/2026\\\/08\\\/31\\\/iran-condiciona-a-estados-unidos-reapertura-del-estrecho-de-ormuz\\\/#primaryimage\"},\"thumbnailUrl\":\"https:\\\/\\\/www.eldiario.net\\\/portal\\\/wp-content\\\/uploads\\\/2026\\\/08\\\/Buques-Reuters.webp\",\"datePublished\":\"2026-08-31T10:28:49+00:00\",\"breadcrumb\":{\"@id\":\"https:\\\/\\\/www.eldiario.net\\\/portal\\\/2026\\\/08\\\/31\\\/iran-condiciona-a-estados-unidos-reapertura-del-estrecho-de-ormuz\\\/#breadcrumb\"},\"inLanguage\":\"es\",\"potentialAction\":[{\"@type\":\"ReadAction\",\"target\":[\"https:\\\/\\\/www.eldiario.net\\\/portal\\\/2026\\\/08\\\/31\\\/iran-condiciona-a-estados-unidos-reapertura-del-estrecho-de-ormuz\\\/\"]}]},{\"@type\":\"ImageObject\",\"inLanguage\":\"es\",\"@id\":\"https:\\\/\\\/www.eldiario.net\\\/portal\\\/2026\\\/08\\\/31\\\/iran-condiciona-a-estados-unidos-reapertura-del-estrecho-de-ormuz\\\/#primaryimage\",\"url\":\"https:\\\/\\\/www.eldiario.net\\\/portal\\\/wp-content\\\/uploads\\\/2026\\\/08\\\/Buques-Reuters.webp\",\"contentUrl\":\"https:\\\/\\\/www.eldiario.net\\\/portal\\\/wp-content\\\/uploads\\\/2026\\\/08\\\/Buques-Reuters.webp\",\"width\":992,\"height\":661,\"caption\":\"Varios buques navegan por el estrecho de Ormuz, cerca de Bandar Abbas, Ir\u00e1n. El r\u00e9gimen persa dijo que la reapertura depende ahora del cumplimiento de Estados Unidos. CR\u00c9DITO: Reuters\"},{\"@type\":\"BreadcrumbList\",\"@id\":\"https:\\\/\\\/www.eldiario.net\\\/portal\\\/2026\\\/08\\\/31\\\/iran-condiciona-a-estados-unidos-reapertura-del-estrecho-de-ormuz\\\/#breadcrumb\",\"itemListElement\":[{\"@type\":\"ListItem\",\"position\":1,\"name\":\"Portada\",\"item\":\"https:\\\/\\\/www.eldiario.net\\\/portal\\\/\"},{\"@type\":\"ListItem\",\"position\":2,\"name\":\"Ir\u00e1n condiciona a Estados Unidos reapertura del estrecho de Ormuz\"}]},{\"@type\":\"WebSite\",\"@id\":\"https:\\\/\\\/www.eldiario.net\\\/portal\\\/#website\",\"url\":\"https:\\\/\\\/www.eldiario.net\\\/portal\\\/\",\"name\":\"El Diario - Decano de la prensa nacional\",\"description\":\"El Diario - Decano de la prensa nacional\",\"publisher\":{\"@id\":\"https:\\\/\\\/www.eldiario.net\\\/portal\\\/#organization\"},\"potentialAction\":[{\"@type\":\"SearchAction\",\"target\":{\"@type\":\"EntryPoint\",\"urlTemplate\":\"https:\\\/\\\/www.eldiario.net\\\/portal\\\/?s={search_term_string}\"},\"query-input\":{\"@type\":\"PropertyValueSpecification\",\"valueRequired\":true,\"valueName\":\"search_term_string\"}}],\"inLanguage\":\"es\"},{\"@type\":\"Organization\",\"@id\":\"https:\\\/\\\/www.eldiario.net\\\/portal\\\/#organization\",\"name\":\"El Diario - Decano de la prensa nacional\",\"url\":\"https:\\\/\\\/www.eldiario.net\\\/portal\\\/\",\"logo\":{\"@type\":\"ImageObject\",\"inLanguage\":\"es\",\"@id\":\"https:\\\/\\\/www.eldiario.net\\\/portal\\\/#\\\/schema\\\/logo\\\/image\\\/\",\"url\":\"https:\\\/\\\/www.eldiario.net\\\/portal\\\/wp-content\\\/uploads\\\/2023\\\/07\\\/logo_ED.jpg\",\"contentUrl\":\"https:\\\/\\\/www.eldiario.net\\\/portal\\\/wp-content\\\/uploads\\\/2023\\\/07\\\/logo_ED.jpg\",\"width\":272,\"height\":52,\"caption\":\"El Diario - Decano de la prensa nacional\"},\"image\":{\"@id\":\"https:\\\/\\\/www.eldiario.net\\\/portal\\\/#\\\/schema\\\/logo\\\/image\\\/\"},\"sameAs\":[\"https:\\\/\\\/www.facebook.com\\\/eldiario.bolivia\\\/\",\"https:\\\/\\\/x.com\\\/eldiario_net\"]},{\"@type\":\"Person\",\"@id\":\"https:\\\/\\\/www.eldiario.net\\\/portal\\\/#\\\/schema\\\/person\\\/f46445640444750d7d753ccd04ae01b7\",\"name\":\"Jeanette\",\"image\":{\"@type\":\"ImageObject\",\"inLanguage\":\"es\",\"@id\":\"https:\\\/\\\/secure.gravatar.com\\\/avatar\\\/3ea2118a5f7dad2b7138b1187a6b7ee55f160b9968b66013c3a3ef39dd7e5798?s=96&d=mm&r=g\",\"url\":\"https:\\\/\\\/secure.gravatar.com\\\/avatar\\\/3ea2118a5f7dad2b7138b1187a6b7ee55f160b9968b66013c3a3ef39dd7e5798?s=96&d=mm&r=g\",\"contentUrl\":\"https:\\\/\\\/secure.gravatar.com\\\/avatar\\\/3ea2118a5f7dad2b7138b1187a6b7ee55f160b9968b66013c3a3ef39dd7e5798?s=96&d=mm&r=g\",\"caption\":\"Jeanette\"},\"sameAs\":[\"https:\\\/\\\/www.eldiario.net\\\/portal\"],\"url\":\"https:\\\/\\\/www.eldiario.net\\\/portal\\\/author\\\/jeanette\\\/\"}]}<\/script>\n<!-- \/ Yoast SEO plugin. -->","yoast_head_json":{"title":"Ir\u00e1n condiciona a Estados Unidos reapertura del estrecho de Ormuz - El Diario - Bolivia","robots":{"index":"index","follow":"follow","max-snippet":"max-snippet:-1","max-image-preview":"max-image-preview:large","max-video-preview":"max-video-preview:-1"},"canonical":"https:\/\/www.eldiario.net\/portal\/2026\/08\/31\/iran-condiciona-a-estados-unidos-reapertura-del-estrecho-de-ormuz\/","og_locale":"es_ES","og_type":"article","og_title":"Ir\u00e1n condiciona a Estados Unidos reapertura del estrecho de Ormuz - El Diario - Bolivia","og_description":"Ir\u00e1n afirm\u00f3 que el acuerdo alcanzado con Om\u00e1n para la reapertura conjunta del estrecho de Ormuz no se producir\u00e1 hasta que Estados Unidos cumpla con los compromisos adquiridos en el memorando de entendimiento firmado entre ambos pa\u00edses. \u00abLa Rep\u00fablica Isl\u00e1mica ha llegado a un acuerdo con Om\u00e1n sobre las condiciones para el tr\u00e1nsito por el [&hellip;]","og_url":"https:\/\/www.eldiario.net\/portal\/2026\/08\/31\/iran-condiciona-a-estados-unidos-reapertura-del-estrecho-de-ormuz\/","og_site_name":"El Diario - Bolivia","article_publisher":"https:\/\/www.facebook.com\/eldiario.bolivia\/","article_published_time":"2026-08-31T10:28:49+00:00","og_image":[{"width":992,"height":661,"url":"https:\/\/www.eldiario.net\/portal\/wp-content\/uploads\/2026\/08\/Buques-Reuters.webp","type":"image\/webp"}],"author":"Jeanette","twitter_card":"summary_large_image","twitter_creator":"@eldiario_net","twitter_site":"@eldiario_net","twitter_misc":{"Escrito por":"Jeanette","Tiempo de lectura":"4 minutos"},"schema":{"@context":"https:\/\/schema.org","@graph":[{"@type":"Article","@id":"https:\/\/www.eldiario.net\/portal\/2026\/08\/31\/iran-condiciona-a-estados-unidos-reapertura-del-estrecho-de-ormuz\/#article","isPartOf":{"@id":"https:\/\/www.eldiario.net\/portal\/2026\/08\/31\/iran-condiciona-a-estados-unidos-reapertura-del-estrecho-de-ormuz\/"},"author":{"name":"Jeanette","@id":"https:\/\/www.eldiario.net\/portal\/#\/schema\/person\/f46445640444750d7d753ccd04ae01b7"},"headline":"Ir\u00e1n condiciona a Estados Unidos reapertura del estrecho de Ormuz","datePublished":"2026-08-31T10:28:49+00:00","mainEntityOfPage":{"@id":"https:\/\/www.eldiario.net\/portal\/2026\/08\/31\/iran-condiciona-a-estados-unidos-reapertura-del-estrecho-de-ormuz\/"},"wordCount":722,"publisher":{"@id":"https:\/\/www.eldiario.net\/portal\/#organization"},"image":{"@id":"https:\/\/www.eldiario.net\/portal\/2026\/08\/31\/iran-condiciona-a-estados-unidos-reapertura-del-estrecho-de-ormuz\/#primaryimage"},"thumbnailUrl":"https:\/\/www.eldiario.net\/portal\/wp-content\/uploads\/2026\/08\/Buques-Reuters.webp","articleSection":["Internacional"],"inLanguage":"es"},{"@type":"WebPage","@id":"https:\/\/www.eldiario.net\/portal\/2026\/08\/31\/iran-condiciona-a-estados-unidos-reapertura-del-estrecho-de-ormuz\/","url":"https:\/\/www.eldiario.net\/portal\/2026\/08\/31\/iran-condiciona-a-estados-unidos-reapertura-del-estrecho-de-ormuz\/","name":"Ir\u00e1n condiciona a Estados Unidos reapertura del estrecho de Ormuz - El Diario - Bolivia","isPartOf":{"@id":"https:\/\/www.eldiario.net\/portal\/#website"},"primaryImageOfPage":{"@id":"https:\/\/www.eldiario.net\/portal\/2026\/08\/31\/iran-condiciona-a-estados-unidos-reapertura-del-estrecho-de-ormuz\/#primaryimage"},"image":{"@id":"https:\/\/www.eldiario.net\/portal\/2026\/08\/31\/iran-condiciona-a-estados-unidos-reapertura-del-estrecho-de-ormuz\/#primaryimage"},"thumbnailUrl":"https:\/\/www.eldiario.net\/portal\/wp-content\/uploads\/2026\/08\/Buques-Reuters.webp","datePublished":"2026-08-31T10:28:49+00:00","breadcrumb":{"@id":"https:\/\/www.eldiario.net\/portal\/2026\/08\/31\/iran-condiciona-a-estados-unidos-reapertura-del-estrecho-de-ormuz\/#breadcrumb"},"inLanguage":"es","potentialAction":[{"@type":"ReadAction","target":["https:\/\/www.eldiario.net\/portal\/2026\/08\/31\/iran-condiciona-a-estados-unidos-reapertura-del-estrecho-de-ormuz\/"]}]},{"@type":"ImageObject","inLanguage":"es","@id":"https:\/\/www.eldiario.net\/portal\/2026\/08\/31\/iran-condiciona-a-estados-unidos-reapertura-del-estrecho-de-ormuz\/#primaryimage","url":"https:\/\/www.eldiario.net\/portal\/wp-content\/uploads\/2026\/08\/Buques-Reuters.webp","contentUrl":"https:\/\/www.eldiario.net\/portal\/wp-content\/uploads\/2026\/08\/Buques-Reuters.webp","width":992,"height":661,"caption":"Varios buques navegan por el estrecho de Ormuz, cerca de Bandar Abbas, Ir\u00e1n. El r\u00e9gimen persa dijo que la reapertura depende ahora del cumplimiento de Estados Unidos. CR\u00c9DITO: Reuters"},{"@type":"BreadcrumbList","@id":"https:\/\/www.eldiario.net\/portal\/2026\/08\/31\/iran-condiciona-a-estados-unidos-reapertura-del-estrecho-de-ormuz\/#breadcrumb","itemListElement":[{"@type":"ListItem","position":1,"name":"Portada","item":"https:\/\/www.eldiario.net\/portal\/"},{"@type":"ListItem","position":2,"name":"Ir\u00e1n condiciona a Estados Unidos reapertura del estrecho de Ormuz"}]},{"@type":"WebSite","@id":"https:\/\/www.eldiario.net\/portal\/#website","url":"https:\/\/www.eldiario.net\/portal\/","name":"El Diario - Decano de la prensa nacional","description":"El Diario - Decano de la prensa nacional","publisher":{"@id":"https:\/\/www.eldiario.net\/portal\/#organization"},"potentialAction":[{"@type":"SearchAction","target":{"@type":"EntryPoint","urlTemplate":"https:\/\/www.eldiario.net\/portal\/?s={search_term_string}"},"query-input":{"@type":"PropertyValueSpecification","valueRequired":true,"valueName":"search_term_string"}}],"inLanguage":"es"},{"@type":"Organization","@id":"https:\/\/www.eldiario.net\/portal\/#organization","name":"El Diario - Decano de la prensa nacional","url":"https:\/\/www.eldiario.net\/portal\/","logo":{"@type":"ImageObject","inLanguage":"es","@id":"https:\/\/www.eldiario.net\/portal\/#\/schema\/logo\/image\/","url":"https:\/\/www.eldiario.net\/portal\/wp-content\/uploads\/2023\/07\/logo_ED.jpg","contentUrl":"https:\/\/www.eldiario.net\/portal\/wp-content\/uploads\/2023\/07\/logo_ED.jpg","width":272,"height":52,"caption":"El Diario - Decano de la prensa nacional"},"image":{"@id":"https:\/\/www.eldiario.net\/portal\/#\/schema\/logo\/image\/"},"sameAs":["https:\/\/www.facebook.com\/eldiario.bolivia\/","https:\/\/x.com\/eldiario_net"]},{"@type":"Person","@id":"https:\/\/www.eldiario.net\/portal\/#\/schema\/person\/f46445640444750d7d753ccd04ae01b7","name":"Jeanette","image":{"@type":"ImageObject","inLanguage":"es","@id":"https:\/\/secure.gravatar.com\/avatar\/3ea2118a5f7dad2b7138b1187a6b7ee55f160b9968b66013c3a3ef39dd7e5798?s=96&d=mm&r=g","url":"https:\/\/secure.gravatar.com\/avatar\/3ea2118a5f7dad2b7138b1187a6b7ee55f160b9968b66013c3a3ef39dd7e5798?s=96&d=mm&r=g","contentUrl":"https:\/\/secure.gravatar.com\/avatar\/3ea2118a5f7dad2b7138b1187a6b7ee55f160b9968b66013c3a3ef39dd7e5798?s=96&d=mm&r=g","caption":"Jeanette"},"sameAs":["https:\/\/www.eldiario.net\/portal"],"url":"https:\/\/www.eldiario.net\/portal\/author\/jeanette\/"}]}},"_links":{"self":[{"href":"https:\/\/www.eldiario.net\/portal\/wp-json\/wp\/v2\/posts\/426379","targetHints":{"allow":["GET"]}}],"collection":[{"href":"https:\/\/www.eldiario.net\/portal\/wp-json\/wp\/v2\/posts"}],"about":[{"href":"https:\/\/www.eldiario.net\/portal\/wp-json\/wp\/v2\/types\/post"}],"author":[{"embeddable":true,"href":"https:\/\/www.eldiario.net\/portal\/wp-json\/wp\/v2\/users\/1"}],"replies":[{"embeddable":true,"href":"https:\/\/www.eldiario.net\/portal\/wp-json\/wp\/v2\/comments?post=426379"}],"version-history":[{"count":1,"href":"https:\/\/www.eldiario.net\/portal\/wp-json\/wp\/v2\/posts\/426379\/revisions"}],"predecessor-version":[{"id":426381,"href":"https:\/\/www.eldiario.net\/portal\/wp-json\/wp\/v2\/posts\/426379\/revisions\/426381"}],"wp:featuredmedia":[{"embeddable":true,"href":"https:\/\/www.eldiario.net\/portal\/wp-json\/wp\/v2\/media\/426380"}],"wp:attachment":[{"href":"https:\/\/www.eldiario.net\/portal\/wp-json\/wp\/v2\/media?parent=426379"}],"wp:term":[{"taxonomy":"category","embeddable":true,"href":"https:\/\/www.eldiario.net\/portal\/wp-json\/wp\/v2\/categories?post=426379"},{"taxonomy":"post_tag","embeddable":true,"href":"https:\/\/www.eldiario.net\/portal\/wp-json\/wp\/v2\/tags?post=426379"}],"curies":[{"name":"wp","href":"https:\/\/api.w.org\/{rel}","templated":true}]}}