{"id":426376,"date":"2026-08-31T06:26:51","date_gmt":"2026-08-31T10:26:51","guid":{"rendered":"https:\/\/www.eldiario.net\/portal\/?p=426376"},"modified":"2026-08-31T06:26:51","modified_gmt":"2026-08-31T10:26:51","slug":"petroleo-venezolano-rellenara-la-reserva-estrategica-de-eeuu","status":"publish","type":"post","link":"https:\/\/www.eldiario.net\/portal\/2026\/08\/31\/petroleo-venezolano-rellenara-la-reserva-estrategica-de-eeuu\/","title":{"rendered":"Petr\u00f3leo venezolano rellenar\u00e1  la reserva estrat\u00e9gica de EEUU"},"content":{"rendered":"<p class=\"v1MsoNormal\">El presidente estadounidense, Donald Trump, afirm\u00f3 ayer que dedicar\u00e1 parte del petr\u00f3leo que se extraer\u00e1 en Venezuela en virtud del reciente acuerdo alcanzado con el Gobierno venezolano por una quinta parte de las reservas petroleras del pa\u00eds caribe\u00f1o.<\/p>\n<p class=\"v1MsoNormal\">\u00abUna de las cosas que voy a hacer con el petr\u00f3leo venezolano es rellenar la Reserva Estrat\u00e9gica Nacional que por culpa del &#8216;Dormil\u00f3n&#8217; Joe Biden est\u00e1 virtualmente vac\u00eda\u00bb, ha explicado Trump en redes sociales.<\/p>\n<p class=\"v1MsoNormal\">\u00abEl proceso para llenarla comenzar\u00e1 muy pronto y es un regalo de Venezuela al pueblo de Estados Unidos. \u00a1Gracias!\u00bb, a\u00f1adi\u00f3 el mandatario.<\/p>\n<p class=\"v1MsoNormal\">Estados Unidos tendr\u00e1 el control mayoritario de m\u00e1s de 65.000 millones de barriles de las reservas probadas de petr\u00f3leo en Venezuela, una quinta parte del total, anunci\u00f3 Trump.<\/p>\n<p class=\"v1MsoNormal\">Este acuerdo, adem\u00e1s, no tendr\u00e1 coste para el contribuyente estadounidense, ya que Estados Unidos aportar\u00eda solo la inversi\u00f3n necesaria para poner en pie la infraestructura de extracci\u00f3n a costa de las petroleras norteamericanas.<\/p>\n<p class=\"v1MsoNormal\">El anuncio de Trump tiene lugar en plena guerra de Ir\u00e1n, un conflicto que ha drenado la Reserva Estrat\u00e9gica de Petr\u00f3leo de Estados Unidos, que se encuentra en aproximadamente el 41% de su capacidad, su nivel m\u00e1s bajo en m\u00e1s de cuatro d\u00e9cadas. El precio promedio de la gasolina regular se situ\u00f3 en 4,09 d\u00f3lares por gal\u00f3n el jueves, un aumento de m\u00e1s de un tercio desde el inicio del conflicto.<\/p>\n<p class=\"v1MsoNormal\">Venezuela posee las mayores reservas probadas de petr\u00f3leo del mundo, estimadas en m\u00e1s de 300.000 millones de barriles, superando as\u00ed a su principal competidor, Arabia Saud\u00ed. Estados Unidos tiene en su caso unas reservas certificadas de unos 38.000 millones de barriles.<\/p>\n<p class=\"v1MsoNormal\">A diferencia de otras partes del mundo, donde los ge\u00f3logos deben buscar petr\u00f3leo sin explotar, las reservas bajo el suelo venezolano est\u00e1n en gran parte cartografiadas y conocidas, seg\u00fan los expertos. Sin embargo, debido al enorme deterioro de la infraestructura, el pa\u00eds solo produce alrededor del 1% del petr\u00f3leo mundial, un problema que puede pasar factura a Washington a largo plazo. (Europa Press)<\/p>\n","protected":false},"excerpt":{"rendered":"<p>El presidente estadounidense, Donald Trump, afirm\u00f3 ayer que dedicar\u00e1 parte del petr\u00f3leo que se extraer\u00e1 en Venezuela en virtud del reciente acuerdo alcanzado con el Gobierno venezolano por una quinta parte de las reservas petroleras del pa\u00eds caribe\u00f1o. \u00abUna de las cosas que voy a hacer con el petr\u00f3leo venezolano es rellenar la Reserva Estrat\u00e9gica [&hellip;]<\/p>\n","protected":false},"author":1,"featured_media":426377,"comment_status":"closed","ping_status":"open","sticky":false,"template":"","format":"standard","meta":{"_acf_changed":false,"footnotes":""},"categories":[3],"tags":[],"class_list":["post-426376","post","type-post","status-publish","format-standard","has-post-thumbnail","category-internacional"],"acf":{"antetitulo":"Afirma presidente Donald Trump"},"yoast_head":"<!-- This site is optimized with the Yoast SEO plugin v28.3 - https:\/\/yoast.com\/product\/yoast-seo-wordpress\/ -->\n<title>Petr\u00f3leo venezolano rellenar\u00e1 la reserva estrat\u00e9gica de EEUU - El Diario - Bolivia<\/title>\n<meta name=\"robots\" content=\"index, follow, max-snippet:-1, max-image-preview:large, max-video-preview:-1\" \/>\n<link rel=\"canonical\" href=\"https:\/\/www.eldiario.net\/portal\/2026\/08\/31\/petroleo-venezolano-rellenara-la-reserva-estrategica-de-eeuu\/\" \/>\n<meta property=\"og:locale\" content=\"es_ES\" \/>\n<meta property=\"og:type\" content=\"article\" \/>\n<meta property=\"og:title\" content=\"Petr\u00f3leo venezolano rellenar\u00e1 la reserva estrat\u00e9gica de EEUU - El Diario - Bolivia\" \/>\n<meta property=\"og:description\" content=\"El presidente estadounidense, Donald Trump, afirm\u00f3 ayer que dedicar\u00e1 parte del petr\u00f3leo que se extraer\u00e1 en Venezuela en virtud del reciente acuerdo alcanzado con el Gobierno venezolano por una quinta parte de las reservas petroleras del pa\u00eds caribe\u00f1o. \u00abUna de las cosas que voy a hacer con el petr\u00f3leo venezolano es rellenar la Reserva Estrat\u00e9gica [&hellip;]\" \/>\n<meta property=\"og:url\" content=\"https:\/\/www.eldiario.net\/portal\/2026\/08\/31\/petroleo-venezolano-rellenara-la-reserva-estrategica-de-eeuu\/\" \/>\n<meta property=\"og:site_name\" content=\"El Diario - Bolivia\" \/>\n<meta property=\"article:publisher\" content=\"https:\/\/www.facebook.com\/eldiario.bolivia\/\" \/>\n<meta property=\"article:published_time\" content=\"2026-08-31T10:26:51+00:00\" \/>\n<meta property=\"og:image\" content=\"https:\/\/www.eldiario.net\/portal\/wp-content\/uploads\/2026\/08\/petroleo-univista-tv-2.webp\" \/>\n\t<meta property=\"og:image:width\" content=\"389\" \/>\n\t<meta property=\"og:image:height\" content=\"322\" \/>\n\t<meta property=\"og:image:type\" content=\"image\/webp\" \/>\n<meta name=\"author\" content=\"Jeanette\" \/>\n<meta name=\"twitter:card\" content=\"summary_large_image\" \/>\n<meta name=\"twitter:creator\" content=\"@eldiario_net\" \/>\n<meta name=\"twitter:site\" content=\"@eldiario_net\" \/>\n<meta name=\"twitter:label1\" content=\"Escrito por\" \/>\n\t<meta name=\"twitter:data1\" content=\"Jeanette\" \/>\n\t<meta name=\"twitter:label2\" content=\"Tiempo de lectura\" \/>\n\t<meta name=\"twitter:data2\" content=\"2 minutos\" \/>\n<script type=\"application\/ld+json\" class=\"yoast-schema-graph\">{\"@context\":\"https:\\\/\\\/schema.org\",\"@graph\":[{\"@type\":\"Article\",\"@id\":\"https:\\\/\\\/www.eldiario.net\\\/portal\\\/2026\\\/08\\\/31\\\/petroleo-venezolano-rellenara-la-reserva-estrategica-de-eeuu\\\/#article\",\"isPartOf\":{\"@id\":\"https:\\\/\\\/www.eldiario.net\\\/portal\\\/2026\\\/08\\\/31\\\/petroleo-venezolano-rellenara-la-reserva-estrategica-de-eeuu\\\/\"},\"author\":{\"name\":\"Jeanette\",\"@id\":\"https:\\\/\\\/www.eldiario.net\\\/portal\\\/#\\\/schema\\\/person\\\/f46445640444750d7d753ccd04ae01b7\"},\"headline\":\"Petr\u00f3leo venezolano rellenar\u00e1 la reserva estrat\u00e9gica de EEUU\",\"datePublished\":\"2026-08-31T10:26:51+00:00\",\"mainEntityOfPage\":{\"@id\":\"https:\\\/\\\/www.eldiario.net\\\/portal\\\/2026\\\/08\\\/31\\\/petroleo-venezolano-rellenara-la-reserva-estrategica-de-eeuu\\\/\"},\"wordCount\":365,\"publisher\":{\"@id\":\"https:\\\/\\\/www.eldiario.net\\\/portal\\\/#organization\"},\"image\":{\"@id\":\"https:\\\/\\\/www.eldiario.net\\\/portal\\\/2026\\\/08\\\/31\\\/petroleo-venezolano-rellenara-la-reserva-estrategica-de-eeuu\\\/#primaryimage\"},\"thumbnailUrl\":\"https:\\\/\\\/www.eldiario.net\\\/portal\\\/wp-content\\\/uploads\\\/2026\\\/08\\\/petroleo-univista-tv-2.webp\",\"articleSection\":[\"Internacional\"],\"inLanguage\":\"es\"},{\"@type\":\"WebPage\",\"@id\":\"https:\\\/\\\/www.eldiario.net\\\/portal\\\/2026\\\/08\\\/31\\\/petroleo-venezolano-rellenara-la-reserva-estrategica-de-eeuu\\\/\",\"url\":\"https:\\\/\\\/www.eldiario.net\\\/portal\\\/2026\\\/08\\\/31\\\/petroleo-venezolano-rellenara-la-reserva-estrategica-de-eeuu\\\/\",\"name\":\"Petr\u00f3leo venezolano rellenar\u00e1 la reserva estrat\u00e9gica de EEUU - El Diario - Bolivia\",\"isPartOf\":{\"@id\":\"https:\\\/\\\/www.eldiario.net\\\/portal\\\/#website\"},\"primaryImageOfPage\":{\"@id\":\"https:\\\/\\\/www.eldiario.net\\\/portal\\\/2026\\\/08\\\/31\\\/petroleo-venezolano-rellenara-la-reserva-estrategica-de-eeuu\\\/#primaryimage\"},\"image\":{\"@id\":\"https:\\\/\\\/www.eldiario.net\\\/portal\\\/2026\\\/08\\\/31\\\/petroleo-venezolano-rellenara-la-reserva-estrategica-de-eeuu\\\/#primaryimage\"},\"thumbnailUrl\":\"https:\\\/\\\/www.eldiario.net\\\/portal\\\/wp-content\\\/uploads\\\/2026\\\/08\\\/petroleo-univista-tv-2.webp\",\"datePublished\":\"2026-08-31T10:26:51+00:00\",\"breadcrumb\":{\"@id\":\"https:\\\/\\\/www.eldiario.net\\\/portal\\\/2026\\\/08\\\/31\\\/petroleo-venezolano-rellenara-la-reserva-estrategica-de-eeuu\\\/#breadcrumb\"},\"inLanguage\":\"es\",\"potentialAction\":[{\"@type\":\"ReadAction\",\"target\":[\"https:\\\/\\\/www.eldiario.net\\\/portal\\\/2026\\\/08\\\/31\\\/petroleo-venezolano-rellenara-la-reserva-estrategica-de-eeuu\\\/\"]}]},{\"@type\":\"ImageObject\",\"inLanguage\":\"es\",\"@id\":\"https:\\\/\\\/www.eldiario.net\\\/portal\\\/2026\\\/08\\\/31\\\/petroleo-venezolano-rellenara-la-reserva-estrategica-de-eeuu\\\/#primaryimage\",\"url\":\"https:\\\/\\\/www.eldiario.net\\\/portal\\\/wp-content\\\/uploads\\\/2026\\\/08\\\/petroleo-univista-tv-2.webp\",\"contentUrl\":\"https:\\\/\\\/www.eldiario.net\\\/portal\\\/wp-content\\\/uploads\\\/2026\\\/08\\\/petroleo-univista-tv-2.webp\",\"width\":389,\"height\":322,\"caption\":\"Estados Unidos reforzar\u00e1 reservas con petr\u00f3leo de Venezuela. CR\u00c9DITO: Univista tv\"},{\"@type\":\"BreadcrumbList\",\"@id\":\"https:\\\/\\\/www.eldiario.net\\\/portal\\\/2026\\\/08\\\/31\\\/petroleo-venezolano-rellenara-la-reserva-estrategica-de-eeuu\\\/#breadcrumb\",\"itemListElement\":[{\"@type\":\"ListItem\",\"position\":1,\"name\":\"Portada\",\"item\":\"https:\\\/\\\/www.eldiario.net\\\/portal\\\/\"},{\"@type\":\"ListItem\",\"position\":2,\"name\":\"Petr\u00f3leo venezolano rellenar\u00e1 la reserva estrat\u00e9gica de EEUU\"}]},{\"@type\":\"WebSite\",\"@id\":\"https:\\\/\\\/www.eldiario.net\\\/portal\\\/#website\",\"url\":\"https:\\\/\\\/www.eldiario.net\\\/portal\\\/\",\"name\":\"El Diario - Decano de la prensa nacional\",\"description\":\"El Diario - Decano de la prensa nacional\",\"publisher\":{\"@id\":\"https:\\\/\\\/www.eldiario.net\\\/portal\\\/#organization\"},\"potentialAction\":[{\"@type\":\"SearchAction\",\"target\":{\"@type\":\"EntryPoint\",\"urlTemplate\":\"https:\\\/\\\/www.eldiario.net\\\/portal\\\/?s={search_term_string}\"},\"query-input\":{\"@type\":\"PropertyValueSpecification\",\"valueRequired\":true,\"valueName\":\"search_term_string\"}}],\"inLanguage\":\"es\"},{\"@type\":\"Organization\",\"@id\":\"https:\\\/\\\/www.eldiario.net\\\/portal\\\/#organization\",\"name\":\"El Diario - Decano de la prensa nacional\",\"url\":\"https:\\\/\\\/www.eldiario.net\\\/portal\\\/\",\"logo\":{\"@type\":\"ImageObject\",\"inLanguage\":\"es\",\"@id\":\"https:\\\/\\\/www.eldiario.net\\\/portal\\\/#\\\/schema\\\/logo\\\/image\\\/\",\"url\":\"https:\\\/\\\/www.eldiario.net\\\/portal\\\/wp-content\\\/uploads\\\/2023\\\/07\\\/logo_ED.jpg\",\"contentUrl\":\"https:\\\/\\\/www.eldiario.net\\\/portal\\\/wp-content\\\/uploads\\\/2023\\\/07\\\/logo_ED.jpg\",\"width\":272,\"height\":52,\"caption\":\"El Diario - Decano de la prensa nacional\"},\"image\":{\"@id\":\"https:\\\/\\\/www.eldiario.net\\\/portal\\\/#\\\/schema\\\/logo\\\/image\\\/\"},\"sameAs\":[\"https:\\\/\\\/www.facebook.com\\\/eldiario.bolivia\\\/\",\"https:\\\/\\\/x.com\\\/eldiario_net\"]},{\"@type\":\"Person\",\"@id\":\"https:\\\/\\\/www.eldiario.net\\\/portal\\\/#\\\/schema\\\/person\\\/f46445640444750d7d753ccd04ae01b7\",\"name\":\"Jeanette\",\"image\":{\"@type\":\"ImageObject\",\"inLanguage\":\"es\",\"@id\":\"https:\\\/\\\/secure.gravatar.com\\\/avatar\\\/3ea2118a5f7dad2b7138b1187a6b7ee55f160b9968b66013c3a3ef39dd7e5798?s=96&d=mm&r=g\",\"url\":\"https:\\\/\\\/secure.gravatar.com\\\/avatar\\\/3ea2118a5f7dad2b7138b1187a6b7ee55f160b9968b66013c3a3ef39dd7e5798?s=96&d=mm&r=g\",\"contentUrl\":\"https:\\\/\\\/secure.gravatar.com\\\/avatar\\\/3ea2118a5f7dad2b7138b1187a6b7ee55f160b9968b66013c3a3ef39dd7e5798?s=96&d=mm&r=g\",\"caption\":\"Jeanette\"},\"sameAs\":[\"https:\\\/\\\/www.eldiario.net\\\/portal\"],\"url\":\"https:\\\/\\\/www.eldiario.net\\\/portal\\\/author\\\/jeanette\\\/\"}]}<\/script>\n<!-- \/ Yoast SEO plugin. -->","yoast_head_json":{"title":"Petr\u00f3leo venezolano rellenar\u00e1 la reserva estrat\u00e9gica de EEUU - El Diario - Bolivia","robots":{"index":"index","follow":"follow","max-snippet":"max-snippet:-1","max-image-preview":"max-image-preview:large","max-video-preview":"max-video-preview:-1"},"canonical":"https:\/\/www.eldiario.net\/portal\/2026\/08\/31\/petroleo-venezolano-rellenara-la-reserva-estrategica-de-eeuu\/","og_locale":"es_ES","og_type":"article","og_title":"Petr\u00f3leo venezolano rellenar\u00e1 la reserva estrat\u00e9gica de EEUU - El Diario - Bolivia","og_description":"El presidente estadounidense, Donald Trump, afirm\u00f3 ayer que dedicar\u00e1 parte del petr\u00f3leo que se extraer\u00e1 en Venezuela en virtud del reciente acuerdo alcanzado con el Gobierno venezolano por una quinta parte de las reservas petroleras del pa\u00eds caribe\u00f1o. \u00abUna de las cosas que voy a hacer con el petr\u00f3leo venezolano es rellenar la Reserva Estrat\u00e9gica [&hellip;]","og_url":"https:\/\/www.eldiario.net\/portal\/2026\/08\/31\/petroleo-venezolano-rellenara-la-reserva-estrategica-de-eeuu\/","og_site_name":"El Diario - Bolivia","article_publisher":"https:\/\/www.facebook.com\/eldiario.bolivia\/","article_published_time":"2026-08-31T10:26:51+00:00","og_image":[{"width":389,"height":322,"url":"https:\/\/www.eldiario.net\/portal\/wp-content\/uploads\/2026\/08\/petroleo-univista-tv-2.webp","type":"image\/webp"}],"author":"Jeanette","twitter_card":"summary_large_image","twitter_creator":"@eldiario_net","twitter_site":"@eldiario_net","twitter_misc":{"Escrito por":"Jeanette","Tiempo de lectura":"2 minutos"},"schema":{"@context":"https:\/\/schema.org","@graph":[{"@type":"Article","@id":"https:\/\/www.eldiario.net\/portal\/2026\/08\/31\/petroleo-venezolano-rellenara-la-reserva-estrategica-de-eeuu\/#article","isPartOf":{"@id":"https:\/\/www.eldiario.net\/portal\/2026\/08\/31\/petroleo-venezolano-rellenara-la-reserva-estrategica-de-eeuu\/"},"author":{"name":"Jeanette","@id":"https:\/\/www.eldiario.net\/portal\/#\/schema\/person\/f46445640444750d7d753ccd04ae01b7"},"headline":"Petr\u00f3leo venezolano rellenar\u00e1 la reserva estrat\u00e9gica de EEUU","datePublished":"2026-08-31T10:26:51+00:00","mainEntityOfPage":{"@id":"https:\/\/www.eldiario.net\/portal\/2026\/08\/31\/petroleo-venezolano-rellenara-la-reserva-estrategica-de-eeuu\/"},"wordCount":365,"publisher":{"@id":"https:\/\/www.eldiario.net\/portal\/#organization"},"image":{"@id":"https:\/\/www.eldiario.net\/portal\/2026\/08\/31\/petroleo-venezolano-rellenara-la-reserva-estrategica-de-eeuu\/#primaryimage"},"thumbnailUrl":"https:\/\/www.eldiario.net\/portal\/wp-content\/uploads\/2026\/08\/petroleo-univista-tv-2.webp","articleSection":["Internacional"],"inLanguage":"es"},{"@type":"WebPage","@id":"https:\/\/www.eldiario.net\/portal\/2026\/08\/31\/petroleo-venezolano-rellenara-la-reserva-estrategica-de-eeuu\/","url":"https:\/\/www.eldiario.net\/portal\/2026\/08\/31\/petroleo-venezolano-rellenara-la-reserva-estrategica-de-eeuu\/","name":"Petr\u00f3leo venezolano rellenar\u00e1 la reserva estrat\u00e9gica de EEUU - El Diario - Bolivia","isPartOf":{"@id":"https:\/\/www.eldiario.net\/portal\/#website"},"primaryImageOfPage":{"@id":"https:\/\/www.eldiario.net\/portal\/2026\/08\/31\/petroleo-venezolano-rellenara-la-reserva-estrategica-de-eeuu\/#primaryimage"},"image":{"@id":"https:\/\/www.eldiario.net\/portal\/2026\/08\/31\/petroleo-venezolano-rellenara-la-reserva-estrategica-de-eeuu\/#primaryimage"},"thumbnailUrl":"https:\/\/www.eldiario.net\/portal\/wp-content\/uploads\/2026\/08\/petroleo-univista-tv-2.webp","datePublished":"2026-08-31T10:26:51+00:00","breadcrumb":{"@id":"https:\/\/www.eldiario.net\/portal\/2026\/08\/31\/petroleo-venezolano-rellenara-la-reserva-estrategica-de-eeuu\/#breadcrumb"},"inLanguage":"es","potentialAction":[{"@type":"ReadAction","target":["https:\/\/www.eldiario.net\/portal\/2026\/08\/31\/petroleo-venezolano-rellenara-la-reserva-estrategica-de-eeuu\/"]}]},{"@type":"ImageObject","inLanguage":"es","@id":"https:\/\/www.eldiario.net\/portal\/2026\/08\/31\/petroleo-venezolano-rellenara-la-reserva-estrategica-de-eeuu\/#primaryimage","url":"https:\/\/www.eldiario.net\/portal\/wp-content\/uploads\/2026\/08\/petroleo-univista-tv-2.webp","contentUrl":"https:\/\/www.eldiario.net\/portal\/wp-content\/uploads\/2026\/08\/petroleo-univista-tv-2.webp","width":389,"height":322,"caption":"Estados Unidos reforzar\u00e1 reservas con petr\u00f3leo de Venezuela. CR\u00c9DITO: Univista tv"},{"@type":"BreadcrumbList","@id":"https:\/\/www.eldiario.net\/portal\/2026\/08\/31\/petroleo-venezolano-rellenara-la-reserva-estrategica-de-eeuu\/#breadcrumb","itemListElement":[{"@type":"ListItem","position":1,"name":"Portada","item":"https:\/\/www.eldiario.net\/portal\/"},{"@type":"ListItem","position":2,"name":"Petr\u00f3leo venezolano rellenar\u00e1 la reserva estrat\u00e9gica de EEUU"}]},{"@type":"WebSite","@id":"https:\/\/www.eldiario.net\/portal\/#website","url":"https:\/\/www.eldiario.net\/portal\/","name":"El Diario - Decano de la prensa nacional","description":"El Diario - Decano de la prensa nacional","publisher":{"@id":"https:\/\/www.eldiario.net\/portal\/#organization"},"potentialAction":[{"@type":"SearchAction","target":{"@type":"EntryPoint","urlTemplate":"https:\/\/www.eldiario.net\/portal\/?s={search_term_string}"},"query-input":{"@type":"PropertyValueSpecification","valueRequired":true,"valueName":"search_term_string"}}],"inLanguage":"es"},{"@type":"Organization","@id":"https:\/\/www.eldiario.net\/portal\/#organization","name":"El Diario - Decano de la prensa nacional","url":"https:\/\/www.eldiario.net\/portal\/","logo":{"@type":"ImageObject","inLanguage":"es","@id":"https:\/\/www.eldiario.net\/portal\/#\/schema\/logo\/image\/","url":"https:\/\/www.eldiario.net\/portal\/wp-content\/uploads\/2023\/07\/logo_ED.jpg","contentUrl":"https:\/\/www.eldiario.net\/portal\/wp-content\/uploads\/2023\/07\/logo_ED.jpg","width":272,"height":52,"caption":"El Diario - Decano de la prensa nacional"},"image":{"@id":"https:\/\/www.eldiario.net\/portal\/#\/schema\/logo\/image\/"},"sameAs":["https:\/\/www.facebook.com\/eldiario.bolivia\/","https:\/\/x.com\/eldiario_net"]},{"@type":"Person","@id":"https:\/\/www.eldiario.net\/portal\/#\/schema\/person\/f46445640444750d7d753ccd04ae01b7","name":"Jeanette","image":{"@type":"ImageObject","inLanguage":"es","@id":"https:\/\/secure.gravatar.com\/avatar\/3ea2118a5f7dad2b7138b1187a6b7ee55f160b9968b66013c3a3ef39dd7e5798?s=96&d=mm&r=g","url":"https:\/\/secure.gravatar.com\/avatar\/3ea2118a5f7dad2b7138b1187a6b7ee55f160b9968b66013c3a3ef39dd7e5798?s=96&d=mm&r=g","contentUrl":"https:\/\/secure.gravatar.com\/avatar\/3ea2118a5f7dad2b7138b1187a6b7ee55f160b9968b66013c3a3ef39dd7e5798?s=96&d=mm&r=g","caption":"Jeanette"},"sameAs":["https:\/\/www.eldiario.net\/portal"],"url":"https:\/\/www.eldiario.net\/portal\/author\/jeanette\/"}]}},"_links":{"self":[{"href":"https:\/\/www.eldiario.net\/portal\/wp-json\/wp\/v2\/posts\/426376","targetHints":{"allow":["GET"]}}],"collection":[{"href":"https:\/\/www.eldiario.net\/portal\/wp-json\/wp\/v2\/posts"}],"about":[{"href":"https:\/\/www.eldiario.net\/portal\/wp-json\/wp\/v2\/types\/post"}],"author":[{"embeddable":true,"href":"https:\/\/www.eldiario.net\/portal\/wp-json\/wp\/v2\/users\/1"}],"replies":[{"embeddable":true,"href":"https:\/\/www.eldiario.net\/portal\/wp-json\/wp\/v2\/comments?post=426376"}],"version-history":[{"count":1,"href":"https:\/\/www.eldiario.net\/portal\/wp-json\/wp\/v2\/posts\/426376\/revisions"}],"predecessor-version":[{"id":426378,"href":"https:\/\/www.eldiario.net\/portal\/wp-json\/wp\/v2\/posts\/426376\/revisions\/426378"}],"wp:featuredmedia":[{"embeddable":true,"href":"https:\/\/www.eldiario.net\/portal\/wp-json\/wp\/v2\/media\/426377"}],"wp:attachment":[{"href":"https:\/\/www.eldiario.net\/portal\/wp-json\/wp\/v2\/media?parent=426376"}],"wp:term":[{"taxonomy":"category","embeddable":true,"href":"https:\/\/www.eldiario.net\/portal\/wp-json\/wp\/v2\/categories?post=426376"},{"taxonomy":"post_tag","embeddable":true,"href":"https:\/\/www.eldiario.net\/portal\/wp-json\/wp\/v2\/tags?post=426376"}],"curies":[{"name":"wp","href":"https:\/\/api.w.org\/{rel}","templated":true}]}}