{"id":426373,"date":"2026-08-31T06:24:50","date_gmt":"2026-08-31T10:24:50","guid":{"rendered":"https:\/\/www.eldiario.net\/portal\/?p=426373"},"modified":"2026-08-31T06:24:50","modified_gmt":"2026-08-31T10:24:50","slug":"la-gran-riada-deja-mas-de-800-fallecidos-y-3-044-desaparecidos","status":"publish","type":"post","link":"https:\/\/www.eldiario.net\/portal\/2026\/08\/31\/la-gran-riada-deja-mas-de-800-fallecidos-y-3-044-desaparecidos\/","title":{"rendered":"La gran riada deja m\u00e1s de 800  fallecidos y 3.044 desaparecidos"},"content":{"rendered":"<p class=\"v1MsoNormal\">El \u00faltimo balance de la devastadora riada del mi\u00e9rcoles originada en el municipio nepal\u00ed de Rasuwa arroja ya un total de 804 muertos (788 en Nepal, 16 en T\u00edbet) y m\u00e1s de 3.000 desaparecidos mientras contin\u00faan las labores de b\u00fasqueda y decenas de trabajadores contin\u00faan atrapados en los t\u00faneles de las presas.<\/p>\n<p class=\"v1MsoNormal\">Los equipos de rescate est\u00e1n concentrando sus esfuerzos en los municipios de Rasuwa, Timure, Trishuli y Dhunche, han destacado las autoridades nepal\u00edes, que aseguran que han rescatado a 8.730 personas. El contingente total desplegado en Nepal suma ya 19.895 personas, seg\u00fan destacan medios nepal\u00edes.<\/p>\n<p class=\"v1MsoNormal\">\u00abEl Gobierno de Nepal es el guardi\u00e1n de todos y cada uno de los ciudadanos afectados por la crisis provocada por la inundaci\u00f3n en el r\u00edo Bhoekoshi, en Rasuwa\u00bb, ha destacado el primer ministro nepal\u00ed, Balendra Shah, en un mensaje publicado en redes sociales. Ayudar\u00e1n \u00aba cada persona afectada\u00bb y pondr\u00e1n en marcha el trabajo para una reconstrucci\u00f3n que no parar\u00e1 \u00abhasta que se consiga completamente\u00bb.<\/p>\n<p class=\"v1MsoNormal\">Decenas de trabajadores contin\u00faan atrapados en los t\u00faneles de las presas y centrales hidroel\u00e9ctricas ubacadas en el cauce del r\u00edo Bhotekoshi. Hay equipos especializados taladrando ya la roca para intentar llegar a los trabajadores atrapados en Rasuwa y Nuwakot, aunque por el momento no han logrado acceder a estos t\u00faneles.<\/p>\n<p class=\"v1MsoNormal\">Mientras, la ayuda que reclamaba el Gobierno nepal\u00ed a los pa\u00edses extranjeros ha comenzado a llegar en forma de diez aviones que han aterrizado en el Aeropuerto Internacional de Tribhuvan, en Katmand\u00fa. Se trata de vuelos procedentes de India, Estados Unidos, m\u00e1n, China y Corea del Sur.<\/p>\n<p class=\"v1MsoNormal\">China tambi\u00e9n est\u00e1 muy implicada en la respuesta a la cat\u00e1strofe y ha enviado dos aviones de transporte Y-20 de la Fuerza A\u00e9rea, con 13.200 piezas de suministros de ayuda de emergencia a bordo han llegado a Nepal en las \u00faltimas horas, junto con cuatro expertos chinos en rescate de t\u00faneles. Otros cinco expertos chinos en rescate de t\u00faneles llegaron a Nepal ayer para ayudar en las operaciones de b\u00fasqueda<\/p>\n<p class=\"v1MsoNormal\">A los 2.498 desaparecidos en Nepal se suman otros 546 en la frontera tibetana &#8211;261 de ellos extranjeros&#8211;, de acuerdo con los respectivos balances de las autoridades locales en medio del peligro de desbordamiento por los restos del tremendo alud de hielo, agua, roca y escombros por el caudal del r\u00edo Bhotekoshi, que este domingo ha vuelto a desbordarse.<\/p>\n<p class=\"v1MsoNormal\">Drones de vigilancia desplegados en la zona detectaron, en este sentido, un deslizamiento de tierra en la ladera de una monta\u00f1a, a 2,8 kil\u00f3metros r\u00edo abajo del embalse de Purepuqiang Tsangpo; producto de la erosi\u00f3n dejada por la corriente inicial y las enormes bolsas de agua acumuladas por la riada.<\/p>\n<p class=\"v1MsoNormal\">La cadena estatal china, CCTV, ha confirmado que \u00abel deslizamiento de tierra ha creado una nueva represa y se est\u00e1 formando un nuevo lago artificial\u00bb que podr\u00eda reventar las contenciones en cualquier momento, as\u00ed que el personal de rescate pr\u00f3ximo al ahora completamente sepultado puesto fronterizo de Gyirong ha sido trasladado a zonas m\u00e1s seguras. (Europa Press)<\/p>\n<p class=\"v1MsoNormal\">\n","protected":false},"excerpt":{"rendered":"<p>El \u00faltimo balance de la devastadora riada del mi\u00e9rcoles originada en el municipio nepal\u00ed de Rasuwa arroja ya un total de 804 muertos (788 en Nepal, 16 en T\u00edbet) y m\u00e1s de 3.000 desaparecidos mientras contin\u00faan las labores de b\u00fasqueda y decenas de trabajadores contin\u00faan atrapados en los t\u00faneles de las presas. Los equipos de [&hellip;]<\/p>\n","protected":false},"author":1,"featured_media":426374,"comment_status":"closed","ping_status":"open","sticky":false,"template":"","format":"standard","meta":{"_acf_changed":false,"footnotes":""},"categories":[3],"tags":[],"class_list":["post-426373","post","type-post","status-publish","format-standard","has-post-thumbnail","category-internacional"],"acf":{"antetitulo":"En Nepal y T\u00edbet"},"yoast_head":"<!-- This site is optimized with the Yoast SEO plugin v28.3 - https:\/\/yoast.com\/product\/yoast-seo-wordpress\/ -->\n<title>La gran riada deja m\u00e1s de 800 fallecidos y 3.044 desaparecidos - El Diario - Bolivia<\/title>\n<meta name=\"robots\" content=\"index, follow, max-snippet:-1, max-image-preview:large, max-video-preview:-1\" \/>\n<link rel=\"canonical\" href=\"https:\/\/www.eldiario.net\/portal\/2026\/08\/31\/la-gran-riada-deja-mas-de-800-fallecidos-y-3-044-desaparecidos\/\" \/>\n<meta property=\"og:locale\" content=\"es_ES\" \/>\n<meta property=\"og:type\" content=\"article\" \/>\n<meta property=\"og:title\" content=\"La gran riada deja m\u00e1s de 800 fallecidos y 3.044 desaparecidos - El Diario - Bolivia\" \/>\n<meta property=\"og:description\" content=\"El \u00faltimo balance de la devastadora riada del mi\u00e9rcoles originada en el municipio nepal\u00ed de Rasuwa arroja ya un total de 804 muertos (788 en Nepal, 16 en T\u00edbet) y m\u00e1s de 3.000 desaparecidos mientras contin\u00faan las labores de b\u00fasqueda y decenas de trabajadores contin\u00faan atrapados en los t\u00faneles de las presas. Los equipos de [&hellip;]\" \/>\n<meta property=\"og:url\" content=\"https:\/\/www.eldiario.net\/portal\/2026\/08\/31\/la-gran-riada-deja-mas-de-800-fallecidos-y-3-044-desaparecidos\/\" \/>\n<meta property=\"og:site_name\" content=\"El Diario - Bolivia\" \/>\n<meta property=\"article:publisher\" content=\"https:\/\/www.facebook.com\/eldiario.bolivia\/\" \/>\n<meta property=\"article:published_time\" content=\"2026-08-31T10:24:50+00:00\" \/>\n<meta property=\"og:image\" content=\"https:\/\/www.eldiario.net\/portal\/wp-content\/uploads\/2026\/08\/Riada-Getty-Images.webp\" \/>\n\t<meta property=\"og:image:width\" content=\"800\" \/>\n\t<meta property=\"og:image:height\" content=\"450\" \/>\n\t<meta property=\"og:image:type\" content=\"image\/webp\" \/>\n<meta name=\"author\" content=\"Jeanette\" \/>\n<meta name=\"twitter:card\" content=\"summary_large_image\" \/>\n<meta name=\"twitter:creator\" content=\"@eldiario_net\" \/>\n<meta name=\"twitter:site\" content=\"@eldiario_net\" \/>\n<meta name=\"twitter:label1\" content=\"Escrito por\" \/>\n\t<meta name=\"twitter:data1\" content=\"Jeanette\" \/>\n\t<meta name=\"twitter:label2\" content=\"Tiempo de lectura\" \/>\n\t<meta name=\"twitter:data2\" content=\"3 minutos\" \/>\n<script type=\"application\/ld+json\" class=\"yoast-schema-graph\">{\"@context\":\"https:\\\/\\\/schema.org\",\"@graph\":[{\"@type\":\"Article\",\"@id\":\"https:\\\/\\\/www.eldiario.net\\\/portal\\\/2026\\\/08\\\/31\\\/la-gran-riada-deja-mas-de-800-fallecidos-y-3-044-desaparecidos\\\/#article\",\"isPartOf\":{\"@id\":\"https:\\\/\\\/www.eldiario.net\\\/portal\\\/2026\\\/08\\\/31\\\/la-gran-riada-deja-mas-de-800-fallecidos-y-3-044-desaparecidos\\\/\"},\"author\":{\"name\":\"Jeanette\",\"@id\":\"https:\\\/\\\/www.eldiario.net\\\/portal\\\/#\\\/schema\\\/person\\\/f46445640444750d7d753ccd04ae01b7\"},\"headline\":\"La gran riada deja m\u00e1s de 800 fallecidos y 3.044 desaparecidos\",\"datePublished\":\"2026-08-31T10:24:50+00:00\",\"mainEntityOfPage\":{\"@id\":\"https:\\\/\\\/www.eldiario.net\\\/portal\\\/2026\\\/08\\\/31\\\/la-gran-riada-deja-mas-de-800-fallecidos-y-3-044-desaparecidos\\\/\"},\"wordCount\":533,\"publisher\":{\"@id\":\"https:\\\/\\\/www.eldiario.net\\\/portal\\\/#organization\"},\"image\":{\"@id\":\"https:\\\/\\\/www.eldiario.net\\\/portal\\\/2026\\\/08\\\/31\\\/la-gran-riada-deja-mas-de-800-fallecidos-y-3-044-desaparecidos\\\/#primaryimage\"},\"thumbnailUrl\":\"https:\\\/\\\/www.eldiario.net\\\/portal\\\/wp-content\\\/uploads\\\/2026\\\/08\\\/Riada-Getty-Images.webp\",\"articleSection\":[\"Internacional\"],\"inLanguage\":\"es\"},{\"@type\":\"WebPage\",\"@id\":\"https:\\\/\\\/www.eldiario.net\\\/portal\\\/2026\\\/08\\\/31\\\/la-gran-riada-deja-mas-de-800-fallecidos-y-3-044-desaparecidos\\\/\",\"url\":\"https:\\\/\\\/www.eldiario.net\\\/portal\\\/2026\\\/08\\\/31\\\/la-gran-riada-deja-mas-de-800-fallecidos-y-3-044-desaparecidos\\\/\",\"name\":\"La gran riada deja m\u00e1s de 800 fallecidos y 3.044 desaparecidos - El Diario - Bolivia\",\"isPartOf\":{\"@id\":\"https:\\\/\\\/www.eldiario.net\\\/portal\\\/#website\"},\"primaryImageOfPage\":{\"@id\":\"https:\\\/\\\/www.eldiario.net\\\/portal\\\/2026\\\/08\\\/31\\\/la-gran-riada-deja-mas-de-800-fallecidos-y-3-044-desaparecidos\\\/#primaryimage\"},\"image\":{\"@id\":\"https:\\\/\\\/www.eldiario.net\\\/portal\\\/2026\\\/08\\\/31\\\/la-gran-riada-deja-mas-de-800-fallecidos-y-3-044-desaparecidos\\\/#primaryimage\"},\"thumbnailUrl\":\"https:\\\/\\\/www.eldiario.net\\\/portal\\\/wp-content\\\/uploads\\\/2026\\\/08\\\/Riada-Getty-Images.webp\",\"datePublished\":\"2026-08-31T10:24:50+00:00\",\"breadcrumb\":{\"@id\":\"https:\\\/\\\/www.eldiario.net\\\/portal\\\/2026\\\/08\\\/31\\\/la-gran-riada-deja-mas-de-800-fallecidos-y-3-044-desaparecidos\\\/#breadcrumb\"},\"inLanguage\":\"es\",\"potentialAction\":[{\"@type\":\"ReadAction\",\"target\":[\"https:\\\/\\\/www.eldiario.net\\\/portal\\\/2026\\\/08\\\/31\\\/la-gran-riada-deja-mas-de-800-fallecidos-y-3-044-desaparecidos\\\/\"]}]},{\"@type\":\"ImageObject\",\"inLanguage\":\"es\",\"@id\":\"https:\\\/\\\/www.eldiario.net\\\/portal\\\/2026\\\/08\\\/31\\\/la-gran-riada-deja-mas-de-800-fallecidos-y-3-044-desaparecidos\\\/#primaryimage\",\"url\":\"https:\\\/\\\/www.eldiario.net\\\/portal\\\/wp-content\\\/uploads\\\/2026\\\/08\\\/Riada-Getty-Images.webp\",\"contentUrl\":\"https:\\\/\\\/www.eldiario.net\\\/portal\\\/wp-content\\\/uploads\\\/2026\\\/08\\\/Riada-Getty-Images.webp\",\"width\":800,\"height\":450,\"caption\":\"\u00c1reas afectadas por las inundaciones repentinas registradas entre Nepal y el T\u00edbet. CR\u00c9DITO: Getty Images\"},{\"@type\":\"BreadcrumbList\",\"@id\":\"https:\\\/\\\/www.eldiario.net\\\/portal\\\/2026\\\/08\\\/31\\\/la-gran-riada-deja-mas-de-800-fallecidos-y-3-044-desaparecidos\\\/#breadcrumb\",\"itemListElement\":[{\"@type\":\"ListItem\",\"position\":1,\"name\":\"Portada\",\"item\":\"https:\\\/\\\/www.eldiario.net\\\/portal\\\/\"},{\"@type\":\"ListItem\",\"position\":2,\"name\":\"La gran riada deja m\u00e1s de 800 fallecidos y 3.044 desaparecidos\"}]},{\"@type\":\"WebSite\",\"@id\":\"https:\\\/\\\/www.eldiario.net\\\/portal\\\/#website\",\"url\":\"https:\\\/\\\/www.eldiario.net\\\/portal\\\/\",\"name\":\"El Diario - Decano de la prensa nacional\",\"description\":\"El Diario - Decano de la prensa nacional\",\"publisher\":{\"@id\":\"https:\\\/\\\/www.eldiario.net\\\/portal\\\/#organization\"},\"potentialAction\":[{\"@type\":\"SearchAction\",\"target\":{\"@type\":\"EntryPoint\",\"urlTemplate\":\"https:\\\/\\\/www.eldiario.net\\\/portal\\\/?s={search_term_string}\"},\"query-input\":{\"@type\":\"PropertyValueSpecification\",\"valueRequired\":true,\"valueName\":\"search_term_string\"}}],\"inLanguage\":\"es\"},{\"@type\":\"Organization\",\"@id\":\"https:\\\/\\\/www.eldiario.net\\\/portal\\\/#organization\",\"name\":\"El Diario - Decano de la prensa nacional\",\"url\":\"https:\\\/\\\/www.eldiario.net\\\/portal\\\/\",\"logo\":{\"@type\":\"ImageObject\",\"inLanguage\":\"es\",\"@id\":\"https:\\\/\\\/www.eldiario.net\\\/portal\\\/#\\\/schema\\\/logo\\\/image\\\/\",\"url\":\"https:\\\/\\\/www.eldiario.net\\\/portal\\\/wp-content\\\/uploads\\\/2023\\\/07\\\/logo_ED.jpg\",\"contentUrl\":\"https:\\\/\\\/www.eldiario.net\\\/portal\\\/wp-content\\\/uploads\\\/2023\\\/07\\\/logo_ED.jpg\",\"width\":272,\"height\":52,\"caption\":\"El Diario - Decano de la prensa nacional\"},\"image\":{\"@id\":\"https:\\\/\\\/www.eldiario.net\\\/portal\\\/#\\\/schema\\\/logo\\\/image\\\/\"},\"sameAs\":[\"https:\\\/\\\/www.facebook.com\\\/eldiario.bolivia\\\/\",\"https:\\\/\\\/x.com\\\/eldiario_net\"]},{\"@type\":\"Person\",\"@id\":\"https:\\\/\\\/www.eldiario.net\\\/portal\\\/#\\\/schema\\\/person\\\/f46445640444750d7d753ccd04ae01b7\",\"name\":\"Jeanette\",\"image\":{\"@type\":\"ImageObject\",\"inLanguage\":\"es\",\"@id\":\"https:\\\/\\\/secure.gravatar.com\\\/avatar\\\/3ea2118a5f7dad2b7138b1187a6b7ee55f160b9968b66013c3a3ef39dd7e5798?s=96&d=mm&r=g\",\"url\":\"https:\\\/\\\/secure.gravatar.com\\\/avatar\\\/3ea2118a5f7dad2b7138b1187a6b7ee55f160b9968b66013c3a3ef39dd7e5798?s=96&d=mm&r=g\",\"contentUrl\":\"https:\\\/\\\/secure.gravatar.com\\\/avatar\\\/3ea2118a5f7dad2b7138b1187a6b7ee55f160b9968b66013c3a3ef39dd7e5798?s=96&d=mm&r=g\",\"caption\":\"Jeanette\"},\"sameAs\":[\"https:\\\/\\\/www.eldiario.net\\\/portal\"],\"url\":\"https:\\\/\\\/www.eldiario.net\\\/portal\\\/author\\\/jeanette\\\/\"}]}<\/script>\n<!-- \/ Yoast SEO plugin. -->","yoast_head_json":{"title":"La gran riada deja m\u00e1s de 800 fallecidos y 3.044 desaparecidos - El Diario - Bolivia","robots":{"index":"index","follow":"follow","max-snippet":"max-snippet:-1","max-image-preview":"max-image-preview:large","max-video-preview":"max-video-preview:-1"},"canonical":"https:\/\/www.eldiario.net\/portal\/2026\/08\/31\/la-gran-riada-deja-mas-de-800-fallecidos-y-3-044-desaparecidos\/","og_locale":"es_ES","og_type":"article","og_title":"La gran riada deja m\u00e1s de 800 fallecidos y 3.044 desaparecidos - El Diario - Bolivia","og_description":"El \u00faltimo balance de la devastadora riada del mi\u00e9rcoles originada en el municipio nepal\u00ed de Rasuwa arroja ya un total de 804 muertos (788 en Nepal, 16 en T\u00edbet) y m\u00e1s de 3.000 desaparecidos mientras contin\u00faan las labores de b\u00fasqueda y decenas de trabajadores contin\u00faan atrapados en los t\u00faneles de las presas. Los equipos de [&hellip;]","og_url":"https:\/\/www.eldiario.net\/portal\/2026\/08\/31\/la-gran-riada-deja-mas-de-800-fallecidos-y-3-044-desaparecidos\/","og_site_name":"El Diario - Bolivia","article_publisher":"https:\/\/www.facebook.com\/eldiario.bolivia\/","article_published_time":"2026-08-31T10:24:50+00:00","og_image":[{"width":800,"height":450,"url":"https:\/\/www.eldiario.net\/portal\/wp-content\/uploads\/2026\/08\/Riada-Getty-Images.webp","type":"image\/webp"}],"author":"Jeanette","twitter_card":"summary_large_image","twitter_creator":"@eldiario_net","twitter_site":"@eldiario_net","twitter_misc":{"Escrito por":"Jeanette","Tiempo de lectura":"3 minutos"},"schema":{"@context":"https:\/\/schema.org","@graph":[{"@type":"Article","@id":"https:\/\/www.eldiario.net\/portal\/2026\/08\/31\/la-gran-riada-deja-mas-de-800-fallecidos-y-3-044-desaparecidos\/#article","isPartOf":{"@id":"https:\/\/www.eldiario.net\/portal\/2026\/08\/31\/la-gran-riada-deja-mas-de-800-fallecidos-y-3-044-desaparecidos\/"},"author":{"name":"Jeanette","@id":"https:\/\/www.eldiario.net\/portal\/#\/schema\/person\/f46445640444750d7d753ccd04ae01b7"},"headline":"La gran riada deja m\u00e1s de 800 fallecidos y 3.044 desaparecidos","datePublished":"2026-08-31T10:24:50+00:00","mainEntityOfPage":{"@id":"https:\/\/www.eldiario.net\/portal\/2026\/08\/31\/la-gran-riada-deja-mas-de-800-fallecidos-y-3-044-desaparecidos\/"},"wordCount":533,"publisher":{"@id":"https:\/\/www.eldiario.net\/portal\/#organization"},"image":{"@id":"https:\/\/www.eldiario.net\/portal\/2026\/08\/31\/la-gran-riada-deja-mas-de-800-fallecidos-y-3-044-desaparecidos\/#primaryimage"},"thumbnailUrl":"https:\/\/www.eldiario.net\/portal\/wp-content\/uploads\/2026\/08\/Riada-Getty-Images.webp","articleSection":["Internacional"],"inLanguage":"es"},{"@type":"WebPage","@id":"https:\/\/www.eldiario.net\/portal\/2026\/08\/31\/la-gran-riada-deja-mas-de-800-fallecidos-y-3-044-desaparecidos\/","url":"https:\/\/www.eldiario.net\/portal\/2026\/08\/31\/la-gran-riada-deja-mas-de-800-fallecidos-y-3-044-desaparecidos\/","name":"La gran riada deja m\u00e1s de 800 fallecidos y 3.044 desaparecidos - El Diario - Bolivia","isPartOf":{"@id":"https:\/\/www.eldiario.net\/portal\/#website"},"primaryImageOfPage":{"@id":"https:\/\/www.eldiario.net\/portal\/2026\/08\/31\/la-gran-riada-deja-mas-de-800-fallecidos-y-3-044-desaparecidos\/#primaryimage"},"image":{"@id":"https:\/\/www.eldiario.net\/portal\/2026\/08\/31\/la-gran-riada-deja-mas-de-800-fallecidos-y-3-044-desaparecidos\/#primaryimage"},"thumbnailUrl":"https:\/\/www.eldiario.net\/portal\/wp-content\/uploads\/2026\/08\/Riada-Getty-Images.webp","datePublished":"2026-08-31T10:24:50+00:00","breadcrumb":{"@id":"https:\/\/www.eldiario.net\/portal\/2026\/08\/31\/la-gran-riada-deja-mas-de-800-fallecidos-y-3-044-desaparecidos\/#breadcrumb"},"inLanguage":"es","potentialAction":[{"@type":"ReadAction","target":["https:\/\/www.eldiario.net\/portal\/2026\/08\/31\/la-gran-riada-deja-mas-de-800-fallecidos-y-3-044-desaparecidos\/"]}]},{"@type":"ImageObject","inLanguage":"es","@id":"https:\/\/www.eldiario.net\/portal\/2026\/08\/31\/la-gran-riada-deja-mas-de-800-fallecidos-y-3-044-desaparecidos\/#primaryimage","url":"https:\/\/www.eldiario.net\/portal\/wp-content\/uploads\/2026\/08\/Riada-Getty-Images.webp","contentUrl":"https:\/\/www.eldiario.net\/portal\/wp-content\/uploads\/2026\/08\/Riada-Getty-Images.webp","width":800,"height":450,"caption":"\u00c1reas afectadas por las inundaciones repentinas registradas entre Nepal y el T\u00edbet. CR\u00c9DITO: Getty Images"},{"@type":"BreadcrumbList","@id":"https:\/\/www.eldiario.net\/portal\/2026\/08\/31\/la-gran-riada-deja-mas-de-800-fallecidos-y-3-044-desaparecidos\/#breadcrumb","itemListElement":[{"@type":"ListItem","position":1,"name":"Portada","item":"https:\/\/www.eldiario.net\/portal\/"},{"@type":"ListItem","position":2,"name":"La gran riada deja m\u00e1s de 800 fallecidos y 3.044 desaparecidos"}]},{"@type":"WebSite","@id":"https:\/\/www.eldiario.net\/portal\/#website","url":"https:\/\/www.eldiario.net\/portal\/","name":"El Diario - Decano de la prensa nacional","description":"El Diario - Decano de la prensa nacional","publisher":{"@id":"https:\/\/www.eldiario.net\/portal\/#organization"},"potentialAction":[{"@type":"SearchAction","target":{"@type":"EntryPoint","urlTemplate":"https:\/\/www.eldiario.net\/portal\/?s={search_term_string}"},"query-input":{"@type":"PropertyValueSpecification","valueRequired":true,"valueName":"search_term_string"}}],"inLanguage":"es"},{"@type":"Organization","@id":"https:\/\/www.eldiario.net\/portal\/#organization","name":"El Diario - Decano de la prensa nacional","url":"https:\/\/www.eldiario.net\/portal\/","logo":{"@type":"ImageObject","inLanguage":"es","@id":"https:\/\/www.eldiario.net\/portal\/#\/schema\/logo\/image\/","url":"https:\/\/www.eldiario.net\/portal\/wp-content\/uploads\/2023\/07\/logo_ED.jpg","contentUrl":"https:\/\/www.eldiario.net\/portal\/wp-content\/uploads\/2023\/07\/logo_ED.jpg","width":272,"height":52,"caption":"El Diario - Decano de la prensa nacional"},"image":{"@id":"https:\/\/www.eldiario.net\/portal\/#\/schema\/logo\/image\/"},"sameAs":["https:\/\/www.facebook.com\/eldiario.bolivia\/","https:\/\/x.com\/eldiario_net"]},{"@type":"Person","@id":"https:\/\/www.eldiario.net\/portal\/#\/schema\/person\/f46445640444750d7d753ccd04ae01b7","name":"Jeanette","image":{"@type":"ImageObject","inLanguage":"es","@id":"https:\/\/secure.gravatar.com\/avatar\/3ea2118a5f7dad2b7138b1187a6b7ee55f160b9968b66013c3a3ef39dd7e5798?s=96&d=mm&r=g","url":"https:\/\/secure.gravatar.com\/avatar\/3ea2118a5f7dad2b7138b1187a6b7ee55f160b9968b66013c3a3ef39dd7e5798?s=96&d=mm&r=g","contentUrl":"https:\/\/secure.gravatar.com\/avatar\/3ea2118a5f7dad2b7138b1187a6b7ee55f160b9968b66013c3a3ef39dd7e5798?s=96&d=mm&r=g","caption":"Jeanette"},"sameAs":["https:\/\/www.eldiario.net\/portal"],"url":"https:\/\/www.eldiario.net\/portal\/author\/jeanette\/"}]}},"_links":{"self":[{"href":"https:\/\/www.eldiario.net\/portal\/wp-json\/wp\/v2\/posts\/426373","targetHints":{"allow":["GET"]}}],"collection":[{"href":"https:\/\/www.eldiario.net\/portal\/wp-json\/wp\/v2\/posts"}],"about":[{"href":"https:\/\/www.eldiario.net\/portal\/wp-json\/wp\/v2\/types\/post"}],"author":[{"embeddable":true,"href":"https:\/\/www.eldiario.net\/portal\/wp-json\/wp\/v2\/users\/1"}],"replies":[{"embeddable":true,"href":"https:\/\/www.eldiario.net\/portal\/wp-json\/wp\/v2\/comments?post=426373"}],"version-history":[{"count":1,"href":"https:\/\/www.eldiario.net\/portal\/wp-json\/wp\/v2\/posts\/426373\/revisions"}],"predecessor-version":[{"id":426375,"href":"https:\/\/www.eldiario.net\/portal\/wp-json\/wp\/v2\/posts\/426373\/revisions\/426375"}],"wp:featuredmedia":[{"embeddable":true,"href":"https:\/\/www.eldiario.net\/portal\/wp-json\/wp\/v2\/media\/426374"}],"wp:attachment":[{"href":"https:\/\/www.eldiario.net\/portal\/wp-json\/wp\/v2\/media?parent=426373"}],"wp:term":[{"taxonomy":"category","embeddable":true,"href":"https:\/\/www.eldiario.net\/portal\/wp-json\/wp\/v2\/categories?post=426373"},{"taxonomy":"post_tag","embeddable":true,"href":"https:\/\/www.eldiario.net\/portal\/wp-json\/wp\/v2\/tags?post=426373"}],"curies":[{"name":"wp","href":"https:\/\/api.w.org\/{rel}","templated":true}]}}