{"id":426369,"date":"2026-08-31T06:23:32","date_gmt":"2026-08-31T10:23:32","guid":{"rendered":"https:\/\/www.eldiario.net\/portal\/?p=426369"},"modified":"2026-08-31T06:23:32","modified_gmt":"2026-08-31T10:23:32","slug":"upea-avanza-para-concretar-su-centro-de-mejoramiento-genetico","status":"publish","type":"post","link":"https:\/\/www.eldiario.net\/portal\/2026\/08\/31\/upea-avanza-para-concretar-su-centro-de-mejoramiento-genetico\/","title":{"rendered":"UPEA avanza para concretar su Centro de Mejoramiento Gen\u00e9tico"},"content":{"rendered":"<p>La Universidad P\u00fablica de El Alto (UPEA) avanza en la implementaci\u00f3n de su Centro de Mejoramiento Gen\u00e9tico ubicado en la sede desconcentrada de Kallutaca. En el lugar, los estudiantes realizar\u00e1n pr\u00e1cticas y desarrollar\u00e1n proyectos relacionados con la producci\u00f3n y comercializaci\u00f3n de alimentos org\u00e1nicos, entre otros beneficios.<br \/>\nLa nueva obra se divide en dos partes: laboratorios y corrales. Ser\u00e1n laboratorios de alta tecnolog\u00eda para pruebas de mejoramiento gen\u00e9tico de diferentes tipos de ganado como el ovino y bovino, una sala de veterinaria para la atenci\u00f3n de vacas, siete corrales para ganado, amplio espacio de descarga de reses, tanque cisterna y elevado (almacenamiento de agua) y c\u00e1mara s\u00e9ptica, entre otros.<br \/>\n\u201cEstoy seguro que este laboratorio gen\u00e9tico va a generar recursos econ\u00f3micos y de a poco la empresa alimentaria se est\u00e1 convirtiendo en realidad\u201d, se\u00f1al\u00f3 el rector de la casa de la UPEA, Carlos Condori, durante el acto de inauguraci\u00f3n de la infraestructura.<br \/>\nLa nueva obra servir\u00e1 tambi\u00e9n para el fortalecimiento de la seguridad alimentaria, proyecto ejecutado en 180 d\u00edas calendario.<br \/>\nUBICACI\u00d3N<br \/>\nEl Centro de Mejoramiento Gen\u00e9tico est\u00e1 en la subsede Kallutaca, ubicada en el municipio de Laja, provincia Los Andes, del departamento de La Paz. Distante a unos 40 minutos, en veh\u00edculo, desde la ciudad de El Alto.<br \/>\nKallutaca est\u00e1 sobre 100 hect\u00e1reas de extensi\u00f3n, ideal para el \u00e1rea de ciencias agr\u00edcolas. Cuenta con un edificio de 10 pisos para las clases, adem\u00e1s de espacios adecuados para cultivos, cr\u00eda de ganados y otros.<br \/>\nLABORATORIO<br \/>\nEste centro tiene como principal inversi\u00f3n e innovaci\u00f3n, al Laboratorio de Mejoramiento Gen\u00e9tico de Plantas y Animales, asegur\u00f3 el decano del \u00c1rea de Ciencias Agr\u00edcolas y Recursos Naturales de la UPEA, Windson July Mart\u00ednez, en entrevista con EL DIARIO.<br \/>\n\u201cEste laboratorio, de mejora gen\u00e9tica, va a permitir realizar estudios a nivel de genoma tanto de plantas como de animales. Hablamos de mejora gen\u00e9tica, porque podemos trabajar con acervos gen\u00e9ticos ya identificados o tambi\u00e9n identificar la gen\u00e9tica, ya sea de plantas o de animales, a este piso ecol\u00f3gico que es de 4.000 metros sobre el nivel del mar\u201d, explic\u00f3 el decano.<br \/>\nAdem\u00e1s, gracias al equipamiento que tiene, se podr\u00e1n realizar algunos estudios que la poblaci\u00f3n necesita, tales como Prueba Elisa e identificaci\u00f3n de ADN, entre otros.<br \/>\n\u201cCon el equipo que tendremos podremos realizar pruebas de ADN, pruebas de parentesco a la sociedad civil, hasta ayudar en aspectos de criminolog\u00eda para identificar muestras de identificaci\u00f3n de sangre, por ejemplo\u201d, acot\u00f3 July.<br \/>\nEl moderno equipamiento que tendr\u00e1 el lugar, permitir\u00e1 realizar estudios especializados, adem\u00e1s que el estudiante practique con clase de gen\u00e9tica, mejoramiento de plantas, fitopatolog\u00eda y otros temas. \u201cLo segundo, es que podemos prestar servicio a la sociedad\u201d.<br \/>\nLo que se pretende es que, por ejemplo, al haber en el altiplano variedades de plantaciones o cultivos nativos y razas adaptadas a condiciones del clima que hay en esta regi\u00f3n, se puede trabajar en la mejora gen\u00e9tica de estas y poder hibridar, adem\u00e1s de generar embriones y razas que puedan ser adaptadas a estas condiciones.<br \/>\n\u201cEs como el beb\u00e9 probeta donde uno puede elegir los rasgos que se buscan para \u00e9l, lo mismo nosotros vamos a hacer ac\u00e1, con un componente animal, donde trabajaremos un banco de espermas para hibridar o cruzar y generar un embri\u00f3n que despu\u00e9s lo inseminaremos en la hembra para lograr razas tolerantes a alguna situaci\u00f3n que tengamos en el altiplano\u201d, explic\u00f3 July.<br \/>\nEn t\u00e9rminos generales, si bien el fin de esta implementaci\u00f3n de la UPEA es la mejora gen\u00e9tica en plantas y animales, tambi\u00e9n va a permitir dar un espacio de servicio a la sociedad.<br \/>\nEl decano asegur\u00f3 que, en Bolivia, no existe este tipo de institutos o centros de investigaci\u00f3n y \u201cestamos comenzando con este laboratorio, porque eso es lo que est\u00e1 en boga, al ser modernos y con alta tecnolog\u00eda\u201d.<br \/>\n\u201cVamos a ser \u00fanicos, porque a nivel universidades no se tienen laboratorios completos. S\u00ed hay en los institutos nacionales como el Iniaf, aunque nadie sabe c\u00f3mo manejar los equipos debido a los constantes cambios de personal (\u2026) tambi\u00e9n est\u00e1 el IDIF, que trabaja con la Polic\u00eda para pruebas de paternidad, ah\u00ed tambi\u00e9n cuentan con este tipo de equipamiento, pero (su trabajo) solamente son espec\u00edficos\u201d, apunt\u00f3 la autoridad universitaria.<br \/>\nSin embargo, de acuerdo con el decano, actualmente en Kallutaca ya se realizan algunos an\u00e1lisis menores. \u201cYa los estamos haciendo en el Hospital de la Cl\u00ednica Veterinaria; en los laboratorios de fitopatolog\u00eda de suelos, pero ya a nivel de mejora gen\u00e9tica se va a lanzar bajo las normas de bienes y servicios, con la publicaci\u00f3n en el Sicoes para la adjudicaci\u00f3n de la empresa que importe los equipos\u201d, dijo.<br \/>\nBENEFICIOS<br \/>\nAdem\u00e1s de los beneficios ya descritos, el Centro de Mejoramiento Gen\u00e9tico contar\u00e1 con personal capacitado para el uso de los equipos de alta tecnolog\u00eda y estos profesionales tendr\u00e1n estabilidad, lo que les permitir\u00e1 permanecer en estos laboratorios, pese a cambios de autoridades.<br \/>\n\u201cLa UPEA contar\u00e1 con docentes titulares que estar\u00e1n a tiempo completo, que administren estos laboratorios y evitar, de esa manera, los cambios. Porque hay personal que conoce, se capacita y despu\u00e9s de alg\u00fan cambio de autoridades se van y el que viene debe empezar de nuevo\u201d, advirti\u00f3 July.<br \/>\nEl trabajo que se realizar\u00e1 en el lugar tambi\u00e9n podr\u00e1 ayudar a posesionar a Bolivia, \u201cporque tenemos muchos cultivos, especies vegetales y razas animales que est\u00e1n adaptadas a condiciones extremas. Somos centro de origen de algunos productos como el cacao y el man\u00ed, pero nadie lo ha reconocido que es de Bolivia. Entonces, como tenemos parientes silvestres nosotros al hacer esto desde diversidad gen\u00e9tica con ADN, extracci\u00f3n de ADN y comparar con ADN de otros cultivos de otros pa\u00edses podemos sacar denominaciones de origen y con denominaciones de origen podemos introducir nuestro producto a mercados europeos que te piden denominaci\u00f3n de origen, y esto se prueba con estudios de laboratorio, art\u00edculos cient\u00edficos, publicaciones; no es nomas decir somos centro de origen\u201d, manifest\u00f3 el entrevistado.<br \/>\nRecalc\u00f3 que de esa manera se puede posesionar productos nativos bolivianos a nivel mundial.<br \/>\nSe permitir\u00e1 almacenar semen de animales con caracter\u00edsticas convenientes y as\u00ed poder hacer pruebas de cruzamiento, trabajar en embriones para inseminar a los \u00fateros de las hembras y generar nuevas razas.<br \/>\nSe podr\u00e1 mejorar la identificaci\u00f3n en la parte vegetal, as\u00ed como conservar muestras de razas de animales nativos \u201ccon buenos par\u00e1metros en carne, volumen y otros\u201d.<br \/>\nPor otro lado, de acuerdo con un estudio realizado por el \u00e1rea de Agr\u00edcolas, \u201ceste centro, por lo menos, nos va a generar unos 20 a\u00f1os de autosostenibilidad, s\u00ed prestamos servicio\u201d y se realizan convenios con otras instituciones.<br \/>\nOtro beneficio consiste en que los costos que tengan por los servicios que se realicen, al ser una instituci\u00f3n p\u00fablica y sin fines de lucro, ser\u00e1 asequibles para la poblaci\u00f3n.<br \/>\nCOSTOS Y TIEMPOS<br \/>\nLa inversi\u00f3n en la infraestructura fue de Bs 2.5 millones; adem\u00e1s ya se tienen asegurados Bs 5 millones para el equipamiento, dado que los equipos m\u00e1s especializados como el secuenciador, termociclador y PCR, entre otros, son de alto costo.<br \/>\nEl presupuesto para este proyecto fue aprobado en 2024, el 2025 se concluy\u00f3 la construcci\u00f3n de la mayor parte de la infraestructura, el resto se hizo hasta principios de esta gesti\u00f3n, pero debido a los problemas sociales que se registraron en el pa\u00eds, se retras\u00f3 su inauguraci\u00f3n, por lo que se decidi\u00f3 que, en m\u00e9rito al aniversario de \u00e1rea de Agr\u00edcolas, la inauguraci\u00f3n sea en agosto.<br \/>\nAhora resta la adquisici\u00f3n e implementaci\u00f3n del equipamiento valuado en Bs 5 millones, importe que ya se tiene aprobado, \u201cest\u00e1 garantizado, por nuestra universidad (\u2026) gracias a que la UPEA cuenta con presupuesto, con super\u00e1vit\u201d.<br \/>\nSin embargo, entre el proceso para la licitaci\u00f3n de la empresa encargada de adquirir los equipos y otros pormenores que se deben cumplir, se prev\u00e9 que el laboratorio en gen\u00e9tica est\u00e9 listo para la siguiente gesti\u00f3n. \u201cEstimo que, entre octubre, noviembre, hasta fin de a\u00f1o, vamos a lograr adjudicar a la empresa; y hasta que el equipamiento llegue y se acomode para el funcionamiento, el laboratorio ya funcionando estar\u00e1 entre marzo y abril del pr\u00f3ximo a\u00f1o\u201d, adelant\u00f3 la autoridad universitaria.<br \/>\nALCANCE<br \/>\nEL \u00e1rea de ciencias agr\u00edcolas maneja tres carreras: Medicina Veterinaria, Zootecnia e Industria Pecuaria, e Ingenier\u00eda Agron\u00f3mica. Por lo que los directos beneficiarios al uso, para pr\u00e1cticas de laboratorio, ser\u00e1n los estudiantes de esas carreras que son un promedio de 700.<br \/>\nNo obstante, al buscar tambi\u00e9n brindar un servicio a la sociedad, los beneficiarios indirectos ser\u00e1n much\u00edsimos m\u00e1s.<\/p>\n<figure id=\"attachment_426371\" aria-describedby=\"caption-attachment-426371\" style=\"width: 804px\" class=\"wp-caption aligncenter\"><img loading=\"lazy\" decoding=\"async\" class=\" wp-image-426371\" src=\"https:\/\/www.eldiario.net\/portal\/wp-content\/uploads\/2026\/08\/F-2-kallutaca.webp\" alt=\"\" width=\"804\" height=\"523\" srcset=\"https:\/\/www.eldiario.net\/portal\/wp-content\/uploads\/2026\/08\/F-2-kallutaca.webp 1478w, https:\/\/www.eldiario.net\/portal\/wp-content\/uploads\/2026\/08\/F-2-kallutaca-300x195.webp 300w, https:\/\/www.eldiario.net\/portal\/wp-content\/uploads\/2026\/08\/F-2-kallutaca-1024x667.webp 1024w, https:\/\/www.eldiario.net\/portal\/wp-content\/uploads\/2026\/08\/F-2-kallutaca-768x500.webp 768w, https:\/\/www.eldiario.net\/portal\/wp-content\/uploads\/2026\/08\/F-2-kallutaca-645x420.webp 645w, https:\/\/www.eldiario.net\/portal\/wp-content\/uploads\/2026\/08\/F-2-kallutaca-150x98.webp 150w, https:\/\/www.eldiario.net\/portal\/wp-content\/uploads\/2026\/08\/F-2-kallutaca-696x453.webp 696w, https:\/\/www.eldiario.net\/portal\/wp-content\/uploads\/2026\/08\/F-2-kallutaca-1068x695.webp 1068w\" sizes=\"auto, (max-width: 804px) 100vw, 804px\" \/><figcaption id=\"caption-attachment-426371\" class=\"wp-caption-text\">Podr\u00e1n realizar mejoramiento de razas y conservaci\u00f3n de semen.<\/figcaption><\/figure>\n","protected":false},"excerpt":{"rendered":"<p>La Universidad P\u00fablica de El Alto (UPEA) avanza en la implementaci\u00f3n de su Centro de Mejoramiento Gen\u00e9tico ubicado en la sede desconcentrada de Kallutaca. En el lugar, los estudiantes realizar\u00e1n pr\u00e1cticas y desarrollar\u00e1n proyectos relacionados con la producci\u00f3n y comercializaci\u00f3n de alimentos org\u00e1nicos, entre otros beneficios. La nueva obra se divide en dos partes: laboratorios [&hellip;]<\/p>\n","protected":false},"author":1,"featured_media":426370,"comment_status":"closed","ping_status":"open","sticky":false,"template":"","format":"standard","meta":{"_acf_changed":false,"footnotes":""},"categories":[12],"tags":[],"class_list":["post-426369","post","type-post","status-publish","format-standard","has-post-thumbnail","category-nacional"],"acf":{"antetitulo":"Se encuentra en Kallutaca y es \u00fanico a nivel universidades"},"yoast_head":"<!-- This site is optimized with the Yoast SEO plugin v28.3 - https:\/\/yoast.com\/product\/yoast-seo-wordpress\/ -->\n<title>UPEA avanza para concretar su Centro de Mejoramiento Gen\u00e9tico - El Diario - Bolivia<\/title>\n<meta name=\"robots\" content=\"index, follow, max-snippet:-1, max-image-preview:large, max-video-preview:-1\" \/>\n<link rel=\"canonical\" href=\"https:\/\/www.eldiario.net\/portal\/2026\/08\/31\/upea-avanza-para-concretar-su-centro-de-mejoramiento-genetico\/\" \/>\n<meta property=\"og:locale\" content=\"es_ES\" \/>\n<meta property=\"og:type\" content=\"article\" \/>\n<meta property=\"og:title\" content=\"UPEA avanza para concretar su Centro de Mejoramiento Gen\u00e9tico - El Diario - Bolivia\" \/>\n<meta property=\"og:description\" content=\"La Universidad P\u00fablica de El Alto (UPEA) avanza en la implementaci\u00f3n de su Centro de Mejoramiento Gen\u00e9tico ubicado en la sede desconcentrada de Kallutaca. En el lugar, los estudiantes realizar\u00e1n pr\u00e1cticas y desarrollar\u00e1n proyectos relacionados con la producci\u00f3n y comercializaci\u00f3n de alimentos org\u00e1nicos, entre otros beneficios. La nueva obra se divide en dos partes: laboratorios [&hellip;]\" \/>\n<meta property=\"og:url\" content=\"https:\/\/www.eldiario.net\/portal\/2026\/08\/31\/upea-avanza-para-concretar-su-centro-de-mejoramiento-genetico\/\" \/>\n<meta property=\"og:site_name\" content=\"El Diario - Bolivia\" \/>\n<meta property=\"article:publisher\" content=\"https:\/\/www.facebook.com\/eldiario.bolivia\/\" \/>\n<meta property=\"article:published_time\" content=\"2026-08-31T10:23:32+00:00\" \/>\n<meta property=\"og:image\" content=\"https:\/\/www.eldiario.net\/portal\/wp-content\/uploads\/2026\/08\/F-1-kallutaca.webp\" \/>\n\t<meta property=\"og:image:width\" content=\"1615\" \/>\n\t<meta property=\"og:image:height\" content=\"797\" \/>\n\t<meta property=\"og:image:type\" content=\"image\/webp\" \/>\n<meta name=\"author\" content=\"Jeanette\" \/>\n<meta name=\"twitter:card\" content=\"summary_large_image\" \/>\n<meta name=\"twitter:creator\" content=\"@eldiario_net\" \/>\n<meta name=\"twitter:site\" content=\"@eldiario_net\" \/>\n<meta name=\"twitter:label1\" content=\"Escrito por\" \/>\n\t<meta name=\"twitter:data1\" content=\"Jeanette\" \/>\n\t<meta name=\"twitter:label2\" content=\"Tiempo de lectura\" \/>\n\t<meta name=\"twitter:data2\" content=\"7 minutos\" \/>\n<script type=\"application\/ld+json\" class=\"yoast-schema-graph\">{\"@context\":\"https:\\\/\\\/schema.org\",\"@graph\":[{\"@type\":\"Article\",\"@id\":\"https:\\\/\\\/www.eldiario.net\\\/portal\\\/2026\\\/08\\\/31\\\/upea-avanza-para-concretar-su-centro-de-mejoramiento-genetico\\\/#article\",\"isPartOf\":{\"@id\":\"https:\\\/\\\/www.eldiario.net\\\/portal\\\/2026\\\/08\\\/31\\\/upea-avanza-para-concretar-su-centro-de-mejoramiento-genetico\\\/\"},\"author\":{\"name\":\"Jeanette\",\"@id\":\"https:\\\/\\\/www.eldiario.net\\\/portal\\\/#\\\/schema\\\/person\\\/f46445640444750d7d753ccd04ae01b7\"},\"headline\":\"UPEA avanza para concretar su Centro de Mejoramiento Gen\u00e9tico\",\"datePublished\":\"2026-08-31T10:23:32+00:00\",\"mainEntityOfPage\":{\"@id\":\"https:\\\/\\\/www.eldiario.net\\\/portal\\\/2026\\\/08\\\/31\\\/upea-avanza-para-concretar-su-centro-de-mejoramiento-genetico\\\/\"},\"wordCount\":1536,\"publisher\":{\"@id\":\"https:\\\/\\\/www.eldiario.net\\\/portal\\\/#organization\"},\"image\":{\"@id\":\"https:\\\/\\\/www.eldiario.net\\\/portal\\\/2026\\\/08\\\/31\\\/upea-avanza-para-concretar-su-centro-de-mejoramiento-genetico\\\/#primaryimage\"},\"thumbnailUrl\":\"https:\\\/\\\/www.eldiario.net\\\/portal\\\/wp-content\\\/uploads\\\/2026\\\/08\\\/F-1-kallutaca.webp\",\"articleSection\":[\"Nacional\"],\"inLanguage\":\"es\"},{\"@type\":\"WebPage\",\"@id\":\"https:\\\/\\\/www.eldiario.net\\\/portal\\\/2026\\\/08\\\/31\\\/upea-avanza-para-concretar-su-centro-de-mejoramiento-genetico\\\/\",\"url\":\"https:\\\/\\\/www.eldiario.net\\\/portal\\\/2026\\\/08\\\/31\\\/upea-avanza-para-concretar-su-centro-de-mejoramiento-genetico\\\/\",\"name\":\"UPEA avanza para concretar su Centro de Mejoramiento Gen\u00e9tico - El Diario - Bolivia\",\"isPartOf\":{\"@id\":\"https:\\\/\\\/www.eldiario.net\\\/portal\\\/#website\"},\"primaryImageOfPage\":{\"@id\":\"https:\\\/\\\/www.eldiario.net\\\/portal\\\/2026\\\/08\\\/31\\\/upea-avanza-para-concretar-su-centro-de-mejoramiento-genetico\\\/#primaryimage\"},\"image\":{\"@id\":\"https:\\\/\\\/www.eldiario.net\\\/portal\\\/2026\\\/08\\\/31\\\/upea-avanza-para-concretar-su-centro-de-mejoramiento-genetico\\\/#primaryimage\"},\"thumbnailUrl\":\"https:\\\/\\\/www.eldiario.net\\\/portal\\\/wp-content\\\/uploads\\\/2026\\\/08\\\/F-1-kallutaca.webp\",\"datePublished\":\"2026-08-31T10:23:32+00:00\",\"breadcrumb\":{\"@id\":\"https:\\\/\\\/www.eldiario.net\\\/portal\\\/2026\\\/08\\\/31\\\/upea-avanza-para-concretar-su-centro-de-mejoramiento-genetico\\\/#breadcrumb\"},\"inLanguage\":\"es\",\"potentialAction\":[{\"@type\":\"ReadAction\",\"target\":[\"https:\\\/\\\/www.eldiario.net\\\/portal\\\/2026\\\/08\\\/31\\\/upea-avanza-para-concretar-su-centro-de-mejoramiento-genetico\\\/\"]}]},{\"@type\":\"ImageObject\",\"inLanguage\":\"es\",\"@id\":\"https:\\\/\\\/www.eldiario.net\\\/portal\\\/2026\\\/08\\\/31\\\/upea-avanza-para-concretar-su-centro-de-mejoramiento-genetico\\\/#primaryimage\",\"url\":\"https:\\\/\\\/www.eldiario.net\\\/portal\\\/wp-content\\\/uploads\\\/2026\\\/08\\\/F-1-kallutaca.webp\",\"contentUrl\":\"https:\\\/\\\/www.eldiario.net\\\/portal\\\/wp-content\\\/uploads\\\/2026\\\/08\\\/F-1-kallutaca.webp\",\"width\":1615,\"height\":797,\"caption\":\"El laboratorio de Mejoramiento Gen\u00e9tico est\u00e1 en la subsede Kallutaca de la UPEA, en Laja.\"},{\"@type\":\"BreadcrumbList\",\"@id\":\"https:\\\/\\\/www.eldiario.net\\\/portal\\\/2026\\\/08\\\/31\\\/upea-avanza-para-concretar-su-centro-de-mejoramiento-genetico\\\/#breadcrumb\",\"itemListElement\":[{\"@type\":\"ListItem\",\"position\":1,\"name\":\"Portada\",\"item\":\"https:\\\/\\\/www.eldiario.net\\\/portal\\\/\"},{\"@type\":\"ListItem\",\"position\":2,\"name\":\"UPEA avanza para concretar su Centro de Mejoramiento Gen\u00e9tico\"}]},{\"@type\":\"WebSite\",\"@id\":\"https:\\\/\\\/www.eldiario.net\\\/portal\\\/#website\",\"url\":\"https:\\\/\\\/www.eldiario.net\\\/portal\\\/\",\"name\":\"El Diario - Decano de la prensa nacional\",\"description\":\"El Diario - Decano de la prensa nacional\",\"publisher\":{\"@id\":\"https:\\\/\\\/www.eldiario.net\\\/portal\\\/#organization\"},\"potentialAction\":[{\"@type\":\"SearchAction\",\"target\":{\"@type\":\"EntryPoint\",\"urlTemplate\":\"https:\\\/\\\/www.eldiario.net\\\/portal\\\/?s={search_term_string}\"},\"query-input\":{\"@type\":\"PropertyValueSpecification\",\"valueRequired\":true,\"valueName\":\"search_term_string\"}}],\"inLanguage\":\"es\"},{\"@type\":\"Organization\",\"@id\":\"https:\\\/\\\/www.eldiario.net\\\/portal\\\/#organization\",\"name\":\"El Diario - Decano de la prensa nacional\",\"url\":\"https:\\\/\\\/www.eldiario.net\\\/portal\\\/\",\"logo\":{\"@type\":\"ImageObject\",\"inLanguage\":\"es\",\"@id\":\"https:\\\/\\\/www.eldiario.net\\\/portal\\\/#\\\/schema\\\/logo\\\/image\\\/\",\"url\":\"https:\\\/\\\/www.eldiario.net\\\/portal\\\/wp-content\\\/uploads\\\/2023\\\/07\\\/logo_ED.jpg\",\"contentUrl\":\"https:\\\/\\\/www.eldiario.net\\\/portal\\\/wp-content\\\/uploads\\\/2023\\\/07\\\/logo_ED.jpg\",\"width\":272,\"height\":52,\"caption\":\"El Diario - Decano de la prensa nacional\"},\"image\":{\"@id\":\"https:\\\/\\\/www.eldiario.net\\\/portal\\\/#\\\/schema\\\/logo\\\/image\\\/\"},\"sameAs\":[\"https:\\\/\\\/www.facebook.com\\\/eldiario.bolivia\\\/\",\"https:\\\/\\\/x.com\\\/eldiario_net\"]},{\"@type\":\"Person\",\"@id\":\"https:\\\/\\\/www.eldiario.net\\\/portal\\\/#\\\/schema\\\/person\\\/f46445640444750d7d753ccd04ae01b7\",\"name\":\"Jeanette\",\"image\":{\"@type\":\"ImageObject\",\"inLanguage\":\"es\",\"@id\":\"https:\\\/\\\/secure.gravatar.com\\\/avatar\\\/3ea2118a5f7dad2b7138b1187a6b7ee55f160b9968b66013c3a3ef39dd7e5798?s=96&d=mm&r=g\",\"url\":\"https:\\\/\\\/secure.gravatar.com\\\/avatar\\\/3ea2118a5f7dad2b7138b1187a6b7ee55f160b9968b66013c3a3ef39dd7e5798?s=96&d=mm&r=g\",\"contentUrl\":\"https:\\\/\\\/secure.gravatar.com\\\/avatar\\\/3ea2118a5f7dad2b7138b1187a6b7ee55f160b9968b66013c3a3ef39dd7e5798?s=96&d=mm&r=g\",\"caption\":\"Jeanette\"},\"sameAs\":[\"https:\\\/\\\/www.eldiario.net\\\/portal\"],\"url\":\"https:\\\/\\\/www.eldiario.net\\\/portal\\\/author\\\/jeanette\\\/\"}]}<\/script>\n<!-- \/ Yoast SEO plugin. -->","yoast_head_json":{"title":"UPEA avanza para concretar su Centro de Mejoramiento Gen\u00e9tico - El Diario - Bolivia","robots":{"index":"index","follow":"follow","max-snippet":"max-snippet:-1","max-image-preview":"max-image-preview:large","max-video-preview":"max-video-preview:-1"},"canonical":"https:\/\/www.eldiario.net\/portal\/2026\/08\/31\/upea-avanza-para-concretar-su-centro-de-mejoramiento-genetico\/","og_locale":"es_ES","og_type":"article","og_title":"UPEA avanza para concretar su Centro de Mejoramiento Gen\u00e9tico - El Diario - Bolivia","og_description":"La Universidad P\u00fablica de El Alto (UPEA) avanza en la implementaci\u00f3n de su Centro de Mejoramiento Gen\u00e9tico ubicado en la sede desconcentrada de Kallutaca. En el lugar, los estudiantes realizar\u00e1n pr\u00e1cticas y desarrollar\u00e1n proyectos relacionados con la producci\u00f3n y comercializaci\u00f3n de alimentos org\u00e1nicos, entre otros beneficios. La nueva obra se divide en dos partes: laboratorios [&hellip;]","og_url":"https:\/\/www.eldiario.net\/portal\/2026\/08\/31\/upea-avanza-para-concretar-su-centro-de-mejoramiento-genetico\/","og_site_name":"El Diario - Bolivia","article_publisher":"https:\/\/www.facebook.com\/eldiario.bolivia\/","article_published_time":"2026-08-31T10:23:32+00:00","og_image":[{"width":1615,"height":797,"url":"https:\/\/www.eldiario.net\/portal\/wp-content\/uploads\/2026\/08\/F-1-kallutaca.webp","type":"image\/webp"}],"author":"Jeanette","twitter_card":"summary_large_image","twitter_creator":"@eldiario_net","twitter_site":"@eldiario_net","twitter_misc":{"Escrito por":"Jeanette","Tiempo de lectura":"7 minutos"},"schema":{"@context":"https:\/\/schema.org","@graph":[{"@type":"Article","@id":"https:\/\/www.eldiario.net\/portal\/2026\/08\/31\/upea-avanza-para-concretar-su-centro-de-mejoramiento-genetico\/#article","isPartOf":{"@id":"https:\/\/www.eldiario.net\/portal\/2026\/08\/31\/upea-avanza-para-concretar-su-centro-de-mejoramiento-genetico\/"},"author":{"name":"Jeanette","@id":"https:\/\/www.eldiario.net\/portal\/#\/schema\/person\/f46445640444750d7d753ccd04ae01b7"},"headline":"UPEA avanza para concretar su Centro de Mejoramiento Gen\u00e9tico","datePublished":"2026-08-31T10:23:32+00:00","mainEntityOfPage":{"@id":"https:\/\/www.eldiario.net\/portal\/2026\/08\/31\/upea-avanza-para-concretar-su-centro-de-mejoramiento-genetico\/"},"wordCount":1536,"publisher":{"@id":"https:\/\/www.eldiario.net\/portal\/#organization"},"image":{"@id":"https:\/\/www.eldiario.net\/portal\/2026\/08\/31\/upea-avanza-para-concretar-su-centro-de-mejoramiento-genetico\/#primaryimage"},"thumbnailUrl":"https:\/\/www.eldiario.net\/portal\/wp-content\/uploads\/2026\/08\/F-1-kallutaca.webp","articleSection":["Nacional"],"inLanguage":"es"},{"@type":"WebPage","@id":"https:\/\/www.eldiario.net\/portal\/2026\/08\/31\/upea-avanza-para-concretar-su-centro-de-mejoramiento-genetico\/","url":"https:\/\/www.eldiario.net\/portal\/2026\/08\/31\/upea-avanza-para-concretar-su-centro-de-mejoramiento-genetico\/","name":"UPEA avanza para concretar su Centro de Mejoramiento Gen\u00e9tico - El Diario - Bolivia","isPartOf":{"@id":"https:\/\/www.eldiario.net\/portal\/#website"},"primaryImageOfPage":{"@id":"https:\/\/www.eldiario.net\/portal\/2026\/08\/31\/upea-avanza-para-concretar-su-centro-de-mejoramiento-genetico\/#primaryimage"},"image":{"@id":"https:\/\/www.eldiario.net\/portal\/2026\/08\/31\/upea-avanza-para-concretar-su-centro-de-mejoramiento-genetico\/#primaryimage"},"thumbnailUrl":"https:\/\/www.eldiario.net\/portal\/wp-content\/uploads\/2026\/08\/F-1-kallutaca.webp","datePublished":"2026-08-31T10:23:32+00:00","breadcrumb":{"@id":"https:\/\/www.eldiario.net\/portal\/2026\/08\/31\/upea-avanza-para-concretar-su-centro-de-mejoramiento-genetico\/#breadcrumb"},"inLanguage":"es","potentialAction":[{"@type":"ReadAction","target":["https:\/\/www.eldiario.net\/portal\/2026\/08\/31\/upea-avanza-para-concretar-su-centro-de-mejoramiento-genetico\/"]}]},{"@type":"ImageObject","inLanguage":"es","@id":"https:\/\/www.eldiario.net\/portal\/2026\/08\/31\/upea-avanza-para-concretar-su-centro-de-mejoramiento-genetico\/#primaryimage","url":"https:\/\/www.eldiario.net\/portal\/wp-content\/uploads\/2026\/08\/F-1-kallutaca.webp","contentUrl":"https:\/\/www.eldiario.net\/portal\/wp-content\/uploads\/2026\/08\/F-1-kallutaca.webp","width":1615,"height":797,"caption":"El laboratorio de Mejoramiento Gen\u00e9tico est\u00e1 en la subsede Kallutaca de la UPEA, en Laja."},{"@type":"BreadcrumbList","@id":"https:\/\/www.eldiario.net\/portal\/2026\/08\/31\/upea-avanza-para-concretar-su-centro-de-mejoramiento-genetico\/#breadcrumb","itemListElement":[{"@type":"ListItem","position":1,"name":"Portada","item":"https:\/\/www.eldiario.net\/portal\/"},{"@type":"ListItem","position":2,"name":"UPEA avanza para concretar su Centro de Mejoramiento Gen\u00e9tico"}]},{"@type":"WebSite","@id":"https:\/\/www.eldiario.net\/portal\/#website","url":"https:\/\/www.eldiario.net\/portal\/","name":"El Diario - Decano de la prensa nacional","description":"El Diario - Decano de la prensa nacional","publisher":{"@id":"https:\/\/www.eldiario.net\/portal\/#organization"},"potentialAction":[{"@type":"SearchAction","target":{"@type":"EntryPoint","urlTemplate":"https:\/\/www.eldiario.net\/portal\/?s={search_term_string}"},"query-input":{"@type":"PropertyValueSpecification","valueRequired":true,"valueName":"search_term_string"}}],"inLanguage":"es"},{"@type":"Organization","@id":"https:\/\/www.eldiario.net\/portal\/#organization","name":"El Diario - Decano de la prensa nacional","url":"https:\/\/www.eldiario.net\/portal\/","logo":{"@type":"ImageObject","inLanguage":"es","@id":"https:\/\/www.eldiario.net\/portal\/#\/schema\/logo\/image\/","url":"https:\/\/www.eldiario.net\/portal\/wp-content\/uploads\/2023\/07\/logo_ED.jpg","contentUrl":"https:\/\/www.eldiario.net\/portal\/wp-content\/uploads\/2023\/07\/logo_ED.jpg","width":272,"height":52,"caption":"El Diario - Decano de la prensa nacional"},"image":{"@id":"https:\/\/www.eldiario.net\/portal\/#\/schema\/logo\/image\/"},"sameAs":["https:\/\/www.facebook.com\/eldiario.bolivia\/","https:\/\/x.com\/eldiario_net"]},{"@type":"Person","@id":"https:\/\/www.eldiario.net\/portal\/#\/schema\/person\/f46445640444750d7d753ccd04ae01b7","name":"Jeanette","image":{"@type":"ImageObject","inLanguage":"es","@id":"https:\/\/secure.gravatar.com\/avatar\/3ea2118a5f7dad2b7138b1187a6b7ee55f160b9968b66013c3a3ef39dd7e5798?s=96&d=mm&r=g","url":"https:\/\/secure.gravatar.com\/avatar\/3ea2118a5f7dad2b7138b1187a6b7ee55f160b9968b66013c3a3ef39dd7e5798?s=96&d=mm&r=g","contentUrl":"https:\/\/secure.gravatar.com\/avatar\/3ea2118a5f7dad2b7138b1187a6b7ee55f160b9968b66013c3a3ef39dd7e5798?s=96&d=mm&r=g","caption":"Jeanette"},"sameAs":["https:\/\/www.eldiario.net\/portal"],"url":"https:\/\/www.eldiario.net\/portal\/author\/jeanette\/"}]}},"_links":{"self":[{"href":"https:\/\/www.eldiario.net\/portal\/wp-json\/wp\/v2\/posts\/426369","targetHints":{"allow":["GET"]}}],"collection":[{"href":"https:\/\/www.eldiario.net\/portal\/wp-json\/wp\/v2\/posts"}],"about":[{"href":"https:\/\/www.eldiario.net\/portal\/wp-json\/wp\/v2\/types\/post"}],"author":[{"embeddable":true,"href":"https:\/\/www.eldiario.net\/portal\/wp-json\/wp\/v2\/users\/1"}],"replies":[{"embeddable":true,"href":"https:\/\/www.eldiario.net\/portal\/wp-json\/wp\/v2\/comments?post=426369"}],"version-history":[{"count":1,"href":"https:\/\/www.eldiario.net\/portal\/wp-json\/wp\/v2\/posts\/426369\/revisions"}],"predecessor-version":[{"id":426372,"href":"https:\/\/www.eldiario.net\/portal\/wp-json\/wp\/v2\/posts\/426369\/revisions\/426372"}],"wp:featuredmedia":[{"embeddable":true,"href":"https:\/\/www.eldiario.net\/portal\/wp-json\/wp\/v2\/media\/426370"}],"wp:attachment":[{"href":"https:\/\/www.eldiario.net\/portal\/wp-json\/wp\/v2\/media?parent=426369"}],"wp:term":[{"taxonomy":"category","embeddable":true,"href":"https:\/\/www.eldiario.net\/portal\/wp-json\/wp\/v2\/categories?post=426369"},{"taxonomy":"post_tag","embeddable":true,"href":"https:\/\/www.eldiario.net\/portal\/wp-json\/wp\/v2\/tags?post=426369"}],"curies":[{"name":"wp","href":"https:\/\/api.w.org\/{rel}","templated":true}]}}