{"id":426366,"date":"2026-08-31T06:21:58","date_gmt":"2026-08-31T10:21:58","guid":{"rendered":"https:\/\/www.eldiario.net\/portal\/?p=426366"},"modified":"2026-08-31T06:21:58","modified_gmt":"2026-08-31T10:21:58","slug":"alertan-riesgo-de-avasallamiento-y-loteamiento-del-area-de-equipamiento","status":"publish","type":"post","link":"https:\/\/www.eldiario.net\/portal\/2026\/08\/31\/alertan-riesgo-de-avasallamiento-y-loteamiento-del-area-de-equipamiento\/","title":{"rendered":"Alertan riesgo de avasallamiento y loteamiento del \u00e1rea de equipamiento"},"content":{"rendered":"<p>Tras una inspecci\u00f3n realizada para verificar la situaci\u00f3n y defender la consolidaci\u00f3n de un \u00e1rea de equipamiento destinada a futuros proyectos para la Urbanizaci\u00f3n Virgen de la Merced del macrodistrito Sur, el concejal de La Paz, Fabi\u00e1n Yaksic, alert\u00f3 sobre el riesgo de avasallamiento y loteamiento del predio, adem\u00e1s de la preocupaci\u00f3n de los vecinos por el movimiento de tierras y los problemas de estabilizaci\u00f3n que afectan a viviendas de la zona.<br \/>\n\u201cTenemos que encarar, recuperar plenamente y consolidar esta \u00e1rea de equipamiento. Es enorme y aqu\u00ed se pueden hacer proyectos importantes. Estamos para cooperar con los vecinos de Virgen de la Merced\u201d, afirm\u00f3 la autoridad.<br \/>\nEn tanto, la dirigencia vecinal se\u00f1al\u00f3 que el \u00e1rea cuenta con planimetr\u00eda aprobada, registro catastral y documentaci\u00f3n municipal que acreditar\u00eda su pertenencia al municipio de La Paz. Asimismo, expresaron su preocupaci\u00f3n por el movimiento de tierras y el presunto loteamiento que se estar\u00eda produciendo en el sector.<br \/>\nLa vecina y exdirigenta de esta urbanizaci\u00f3n, Olga Sempertegui de Buitrago, dijo que la defensa del \u00e1rea de equipamiento se suma a una demanda hist\u00f3rica por la estabilizaci\u00f3n de la zona, gesti\u00f3n que \u2014afirm\u00f3\u2014 se viene realizando desde hace cerca de 20 a\u00f1os.<br \/>\n\u201cTenemos planimetr\u00eda aprobada, tenemos catastro con la Alcald\u00eda y esto pertenece a La Paz. Palca nada tiene que ver en este lugar\u201d, manifest\u00f3, al se\u00f1alar que los vecinos cuentan con documentaci\u00f3n para respaldar su posici\u00f3n.<br \/>\nTambi\u00e9n explic\u00f3 que el movimiento y la remoci\u00f3n de tierras en el sector estar\u00edan agravando los problemas de estabilidad y provocando rajaduras en algunas viviendas.<br \/>\n\u201cHay muchas casas que est\u00e1n rajadas. Han removido la tierra y todo eso est\u00e1 haciendo que las casas est\u00e9n rajando. Necesitamos urgentemente la estabilizaci\u00f3n de esta zona\u201d, se\u00f1al\u00f3.<br \/>\nLa dirigente pidi\u00f3 al alcalde de La Paz, C\u00e9sar Dockweiler, dar curso al proyecto de estabilizaci\u00f3n que, seg\u00fan dijo, se encuentra concluido, y atender de manera prioritaria la situaci\u00f3n del \u00e1rea de equipamiento para evitar su p\u00e9rdida o apropiaci\u00f3n irregular.<br \/>\nYaksic remarc\u00f3 que la protecci\u00f3n de las \u00e1reas destinadas a equipamiento debe ser una prioridad municipal y anunci\u00f3 su disposici\u00f3n a acompa\u00f1ar a los vecinos en las gestiones necesarias para su recuperaci\u00f3n y consolidaci\u00f3n.<br \/>\nOTRO<br \/>\nPor otro lado, ante la proximidad de la \u00e9poca de lluvias, el concejal Yaksic exigi\u00f3 activar medidas de prevenci\u00f3n en la urbanizaci\u00f3n Virgen de la Merced, Distrito 19 del Macrodistrito Sur, donde persisten problemas de estabilizaci\u00f3n, drenaje y deterioro vial que ponen en riesgo a las viviendas.<br \/>\nPor eso, plante\u00f3 coordinar con la Alcald\u00eda y la Empresa P\u00fablica Social de Agua y Saneamiento (Epsas) acciones para mejorar el alcantarillado y drenaje, ejecutar obras de estabilizaci\u00f3n y embovedado, y realizar el mantenimiento preventivo de la cuenca del r\u00edo Huay\u00f1ajahuira.<\/p>\n","protected":false},"excerpt":{"rendered":"<p>Tras una inspecci\u00f3n realizada para verificar la situaci\u00f3n y defender la consolidaci\u00f3n de un \u00e1rea de equipamiento destinada a futuros proyectos para la Urbanizaci\u00f3n Virgen de la Merced del macrodistrito Sur, el concejal de La Paz, Fabi\u00e1n Yaksic, alert\u00f3 sobre el riesgo de avasallamiento y loteamiento del predio, adem\u00e1s de la preocupaci\u00f3n de los vecinos [&hellip;]<\/p>\n","protected":false},"author":1,"featured_media":426367,"comment_status":"closed","ping_status":"open","sticky":false,"template":"","format":"standard","meta":{"_acf_changed":false,"footnotes":""},"categories":[12],"tags":[],"class_list":["post-426366","post","type-post","status-publish","format-standard","has-post-thumbnail","category-nacional"],"acf":{"antetitulo":"Macrodistrito Sur"},"yoast_head":"<!-- This site is optimized with the Yoast SEO plugin v28.3 - https:\/\/yoast.com\/product\/yoast-seo-wordpress\/ -->\n<title>Alertan riesgo de avasallamiento y loteamiento del \u00e1rea de equipamiento - El Diario - Bolivia<\/title>\n<meta name=\"robots\" content=\"index, follow, max-snippet:-1, max-image-preview:large, max-video-preview:-1\" \/>\n<link rel=\"canonical\" href=\"https:\/\/www.eldiario.net\/portal\/2026\/08\/31\/alertan-riesgo-de-avasallamiento-y-loteamiento-del-area-de-equipamiento\/\" \/>\n<meta property=\"og:locale\" content=\"es_ES\" \/>\n<meta property=\"og:type\" content=\"article\" \/>\n<meta property=\"og:title\" content=\"Alertan riesgo de avasallamiento y loteamiento del \u00e1rea de equipamiento - El Diario - Bolivia\" \/>\n<meta property=\"og:description\" content=\"Tras una inspecci\u00f3n realizada para verificar la situaci\u00f3n y defender la consolidaci\u00f3n de un \u00e1rea de equipamiento destinada a futuros proyectos para la Urbanizaci\u00f3n Virgen de la Merced del macrodistrito Sur, el concejal de La Paz, Fabi\u00e1n Yaksic, alert\u00f3 sobre el riesgo de avasallamiento y loteamiento del predio, adem\u00e1s de la preocupaci\u00f3n de los vecinos [&hellip;]\" \/>\n<meta property=\"og:url\" content=\"https:\/\/www.eldiario.net\/portal\/2026\/08\/31\/alertan-riesgo-de-avasallamiento-y-loteamiento-del-area-de-equipamiento\/\" \/>\n<meta property=\"og:site_name\" content=\"El Diario - Bolivia\" \/>\n<meta property=\"article:publisher\" content=\"https:\/\/www.facebook.com\/eldiario.bolivia\/\" \/>\n<meta property=\"article:published_time\" content=\"2026-08-31T10:21:58+00:00\" \/>\n<meta property=\"og:image\" content=\"https:\/\/www.eldiario.net\/portal\/wp-content\/uploads\/2026\/08\/F-3-alertan.webp\" \/>\n\t<meta property=\"og:image:width\" content=\"1280\" \/>\n\t<meta property=\"og:image:height\" content=\"719\" \/>\n\t<meta property=\"og:image:type\" content=\"image\/webp\" \/>\n<meta name=\"author\" content=\"Jeanette\" \/>\n<meta name=\"twitter:card\" content=\"summary_large_image\" \/>\n<meta name=\"twitter:creator\" content=\"@eldiario_net\" \/>\n<meta name=\"twitter:site\" content=\"@eldiario_net\" \/>\n<meta name=\"twitter:label1\" content=\"Escrito por\" \/>\n\t<meta name=\"twitter:data1\" content=\"Jeanette\" \/>\n\t<meta name=\"twitter:label2\" content=\"Tiempo de lectura\" \/>\n\t<meta name=\"twitter:data2\" content=\"3 minutos\" \/>\n<script type=\"application\/ld+json\" class=\"yoast-schema-graph\">{\"@context\":\"https:\\\/\\\/schema.org\",\"@graph\":[{\"@type\":\"Article\",\"@id\":\"https:\\\/\\\/www.eldiario.net\\\/portal\\\/2026\\\/08\\\/31\\\/alertan-riesgo-de-avasallamiento-y-loteamiento-del-area-de-equipamiento\\\/#article\",\"isPartOf\":{\"@id\":\"https:\\\/\\\/www.eldiario.net\\\/portal\\\/2026\\\/08\\\/31\\\/alertan-riesgo-de-avasallamiento-y-loteamiento-del-area-de-equipamiento\\\/\"},\"author\":{\"name\":\"Jeanette\",\"@id\":\"https:\\\/\\\/www.eldiario.net\\\/portal\\\/#\\\/schema\\\/person\\\/f46445640444750d7d753ccd04ae01b7\"},\"headline\":\"Alertan riesgo de avasallamiento y loteamiento del \u00e1rea de equipamiento\",\"datePublished\":\"2026-08-31T10:21:58+00:00\",\"mainEntityOfPage\":{\"@id\":\"https:\\\/\\\/www.eldiario.net\\\/portal\\\/2026\\\/08\\\/31\\\/alertan-riesgo-de-avasallamiento-y-loteamiento-del-area-de-equipamiento\\\/\"},\"wordCount\":505,\"publisher\":{\"@id\":\"https:\\\/\\\/www.eldiario.net\\\/portal\\\/#organization\"},\"image\":{\"@id\":\"https:\\\/\\\/www.eldiario.net\\\/portal\\\/2026\\\/08\\\/31\\\/alertan-riesgo-de-avasallamiento-y-loteamiento-del-area-de-equipamiento\\\/#primaryimage\"},\"thumbnailUrl\":\"https:\\\/\\\/www.eldiario.net\\\/portal\\\/wp-content\\\/uploads\\\/2026\\\/08\\\/F-3-alertan.webp\",\"articleSection\":[\"Nacional\"],\"inLanguage\":\"es\"},{\"@type\":\"WebPage\",\"@id\":\"https:\\\/\\\/www.eldiario.net\\\/portal\\\/2026\\\/08\\\/31\\\/alertan-riesgo-de-avasallamiento-y-loteamiento-del-area-de-equipamiento\\\/\",\"url\":\"https:\\\/\\\/www.eldiario.net\\\/portal\\\/2026\\\/08\\\/31\\\/alertan-riesgo-de-avasallamiento-y-loteamiento-del-area-de-equipamiento\\\/\",\"name\":\"Alertan riesgo de avasallamiento y loteamiento del \u00e1rea de equipamiento - El Diario - Bolivia\",\"isPartOf\":{\"@id\":\"https:\\\/\\\/www.eldiario.net\\\/portal\\\/#website\"},\"primaryImageOfPage\":{\"@id\":\"https:\\\/\\\/www.eldiario.net\\\/portal\\\/2026\\\/08\\\/31\\\/alertan-riesgo-de-avasallamiento-y-loteamiento-del-area-de-equipamiento\\\/#primaryimage\"},\"image\":{\"@id\":\"https:\\\/\\\/www.eldiario.net\\\/portal\\\/2026\\\/08\\\/31\\\/alertan-riesgo-de-avasallamiento-y-loteamiento-del-area-de-equipamiento\\\/#primaryimage\"},\"thumbnailUrl\":\"https:\\\/\\\/www.eldiario.net\\\/portal\\\/wp-content\\\/uploads\\\/2026\\\/08\\\/F-3-alertan.webp\",\"datePublished\":\"2026-08-31T10:21:58+00:00\",\"breadcrumb\":{\"@id\":\"https:\\\/\\\/www.eldiario.net\\\/portal\\\/2026\\\/08\\\/31\\\/alertan-riesgo-de-avasallamiento-y-loteamiento-del-area-de-equipamiento\\\/#breadcrumb\"},\"inLanguage\":\"es\",\"potentialAction\":[{\"@type\":\"ReadAction\",\"target\":[\"https:\\\/\\\/www.eldiario.net\\\/portal\\\/2026\\\/08\\\/31\\\/alertan-riesgo-de-avasallamiento-y-loteamiento-del-area-de-equipamiento\\\/\"]}]},{\"@type\":\"ImageObject\",\"inLanguage\":\"es\",\"@id\":\"https:\\\/\\\/www.eldiario.net\\\/portal\\\/2026\\\/08\\\/31\\\/alertan-riesgo-de-avasallamiento-y-loteamiento-del-area-de-equipamiento\\\/#primaryimage\",\"url\":\"https:\\\/\\\/www.eldiario.net\\\/portal\\\/wp-content\\\/uploads\\\/2026\\\/08\\\/F-3-alertan.webp\",\"contentUrl\":\"https:\\\/\\\/www.eldiario.net\\\/portal\\\/wp-content\\\/uploads\\\/2026\\\/08\\\/F-3-alertan.webp\",\"width\":1280,\"height\":719},{\"@type\":\"BreadcrumbList\",\"@id\":\"https:\\\/\\\/www.eldiario.net\\\/portal\\\/2026\\\/08\\\/31\\\/alertan-riesgo-de-avasallamiento-y-loteamiento-del-area-de-equipamiento\\\/#breadcrumb\",\"itemListElement\":[{\"@type\":\"ListItem\",\"position\":1,\"name\":\"Portada\",\"item\":\"https:\\\/\\\/www.eldiario.net\\\/portal\\\/\"},{\"@type\":\"ListItem\",\"position\":2,\"name\":\"Alertan riesgo de avasallamiento y loteamiento del \u00e1rea de equipamiento\"}]},{\"@type\":\"WebSite\",\"@id\":\"https:\\\/\\\/www.eldiario.net\\\/portal\\\/#website\",\"url\":\"https:\\\/\\\/www.eldiario.net\\\/portal\\\/\",\"name\":\"El Diario - Decano de la prensa nacional\",\"description\":\"El Diario - Decano de la prensa nacional\",\"publisher\":{\"@id\":\"https:\\\/\\\/www.eldiario.net\\\/portal\\\/#organization\"},\"potentialAction\":[{\"@type\":\"SearchAction\",\"target\":{\"@type\":\"EntryPoint\",\"urlTemplate\":\"https:\\\/\\\/www.eldiario.net\\\/portal\\\/?s={search_term_string}\"},\"query-input\":{\"@type\":\"PropertyValueSpecification\",\"valueRequired\":true,\"valueName\":\"search_term_string\"}}],\"inLanguage\":\"es\"},{\"@type\":\"Organization\",\"@id\":\"https:\\\/\\\/www.eldiario.net\\\/portal\\\/#organization\",\"name\":\"El Diario - Decano de la prensa nacional\",\"url\":\"https:\\\/\\\/www.eldiario.net\\\/portal\\\/\",\"logo\":{\"@type\":\"ImageObject\",\"inLanguage\":\"es\",\"@id\":\"https:\\\/\\\/www.eldiario.net\\\/portal\\\/#\\\/schema\\\/logo\\\/image\\\/\",\"url\":\"https:\\\/\\\/www.eldiario.net\\\/portal\\\/wp-content\\\/uploads\\\/2023\\\/07\\\/logo_ED.jpg\",\"contentUrl\":\"https:\\\/\\\/www.eldiario.net\\\/portal\\\/wp-content\\\/uploads\\\/2023\\\/07\\\/logo_ED.jpg\",\"width\":272,\"height\":52,\"caption\":\"El Diario - Decano de la prensa nacional\"},\"image\":{\"@id\":\"https:\\\/\\\/www.eldiario.net\\\/portal\\\/#\\\/schema\\\/logo\\\/image\\\/\"},\"sameAs\":[\"https:\\\/\\\/www.facebook.com\\\/eldiario.bolivia\\\/\",\"https:\\\/\\\/x.com\\\/eldiario_net\"]},{\"@type\":\"Person\",\"@id\":\"https:\\\/\\\/www.eldiario.net\\\/portal\\\/#\\\/schema\\\/person\\\/f46445640444750d7d753ccd04ae01b7\",\"name\":\"Jeanette\",\"image\":{\"@type\":\"ImageObject\",\"inLanguage\":\"es\",\"@id\":\"https:\\\/\\\/secure.gravatar.com\\\/avatar\\\/3ea2118a5f7dad2b7138b1187a6b7ee55f160b9968b66013c3a3ef39dd7e5798?s=96&d=mm&r=g\",\"url\":\"https:\\\/\\\/secure.gravatar.com\\\/avatar\\\/3ea2118a5f7dad2b7138b1187a6b7ee55f160b9968b66013c3a3ef39dd7e5798?s=96&d=mm&r=g\",\"contentUrl\":\"https:\\\/\\\/secure.gravatar.com\\\/avatar\\\/3ea2118a5f7dad2b7138b1187a6b7ee55f160b9968b66013c3a3ef39dd7e5798?s=96&d=mm&r=g\",\"caption\":\"Jeanette\"},\"sameAs\":[\"https:\\\/\\\/www.eldiario.net\\\/portal\"],\"url\":\"https:\\\/\\\/www.eldiario.net\\\/portal\\\/author\\\/jeanette\\\/\"}]}<\/script>\n<!-- \/ Yoast SEO plugin. -->","yoast_head_json":{"title":"Alertan riesgo de avasallamiento y loteamiento del \u00e1rea de equipamiento - El Diario - Bolivia","robots":{"index":"index","follow":"follow","max-snippet":"max-snippet:-1","max-image-preview":"max-image-preview:large","max-video-preview":"max-video-preview:-1"},"canonical":"https:\/\/www.eldiario.net\/portal\/2026\/08\/31\/alertan-riesgo-de-avasallamiento-y-loteamiento-del-area-de-equipamiento\/","og_locale":"es_ES","og_type":"article","og_title":"Alertan riesgo de avasallamiento y loteamiento del \u00e1rea de equipamiento - El Diario - Bolivia","og_description":"Tras una inspecci\u00f3n realizada para verificar la situaci\u00f3n y defender la consolidaci\u00f3n de un \u00e1rea de equipamiento destinada a futuros proyectos para la Urbanizaci\u00f3n Virgen de la Merced del macrodistrito Sur, el concejal de La Paz, Fabi\u00e1n Yaksic, alert\u00f3 sobre el riesgo de avasallamiento y loteamiento del predio, adem\u00e1s de la preocupaci\u00f3n de los vecinos [&hellip;]","og_url":"https:\/\/www.eldiario.net\/portal\/2026\/08\/31\/alertan-riesgo-de-avasallamiento-y-loteamiento-del-area-de-equipamiento\/","og_site_name":"El Diario - Bolivia","article_publisher":"https:\/\/www.facebook.com\/eldiario.bolivia\/","article_published_time":"2026-08-31T10:21:58+00:00","og_image":[{"width":1280,"height":719,"url":"https:\/\/www.eldiario.net\/portal\/wp-content\/uploads\/2026\/08\/F-3-alertan.webp","type":"image\/webp"}],"author":"Jeanette","twitter_card":"summary_large_image","twitter_creator":"@eldiario_net","twitter_site":"@eldiario_net","twitter_misc":{"Escrito por":"Jeanette","Tiempo de lectura":"3 minutos"},"schema":{"@context":"https:\/\/schema.org","@graph":[{"@type":"Article","@id":"https:\/\/www.eldiario.net\/portal\/2026\/08\/31\/alertan-riesgo-de-avasallamiento-y-loteamiento-del-area-de-equipamiento\/#article","isPartOf":{"@id":"https:\/\/www.eldiario.net\/portal\/2026\/08\/31\/alertan-riesgo-de-avasallamiento-y-loteamiento-del-area-de-equipamiento\/"},"author":{"name":"Jeanette","@id":"https:\/\/www.eldiario.net\/portal\/#\/schema\/person\/f46445640444750d7d753ccd04ae01b7"},"headline":"Alertan riesgo de avasallamiento y loteamiento del \u00e1rea de equipamiento","datePublished":"2026-08-31T10:21:58+00:00","mainEntityOfPage":{"@id":"https:\/\/www.eldiario.net\/portal\/2026\/08\/31\/alertan-riesgo-de-avasallamiento-y-loteamiento-del-area-de-equipamiento\/"},"wordCount":505,"publisher":{"@id":"https:\/\/www.eldiario.net\/portal\/#organization"},"image":{"@id":"https:\/\/www.eldiario.net\/portal\/2026\/08\/31\/alertan-riesgo-de-avasallamiento-y-loteamiento-del-area-de-equipamiento\/#primaryimage"},"thumbnailUrl":"https:\/\/www.eldiario.net\/portal\/wp-content\/uploads\/2026\/08\/F-3-alertan.webp","articleSection":["Nacional"],"inLanguage":"es"},{"@type":"WebPage","@id":"https:\/\/www.eldiario.net\/portal\/2026\/08\/31\/alertan-riesgo-de-avasallamiento-y-loteamiento-del-area-de-equipamiento\/","url":"https:\/\/www.eldiario.net\/portal\/2026\/08\/31\/alertan-riesgo-de-avasallamiento-y-loteamiento-del-area-de-equipamiento\/","name":"Alertan riesgo de avasallamiento y loteamiento del \u00e1rea de equipamiento - El Diario - Bolivia","isPartOf":{"@id":"https:\/\/www.eldiario.net\/portal\/#website"},"primaryImageOfPage":{"@id":"https:\/\/www.eldiario.net\/portal\/2026\/08\/31\/alertan-riesgo-de-avasallamiento-y-loteamiento-del-area-de-equipamiento\/#primaryimage"},"image":{"@id":"https:\/\/www.eldiario.net\/portal\/2026\/08\/31\/alertan-riesgo-de-avasallamiento-y-loteamiento-del-area-de-equipamiento\/#primaryimage"},"thumbnailUrl":"https:\/\/www.eldiario.net\/portal\/wp-content\/uploads\/2026\/08\/F-3-alertan.webp","datePublished":"2026-08-31T10:21:58+00:00","breadcrumb":{"@id":"https:\/\/www.eldiario.net\/portal\/2026\/08\/31\/alertan-riesgo-de-avasallamiento-y-loteamiento-del-area-de-equipamiento\/#breadcrumb"},"inLanguage":"es","potentialAction":[{"@type":"ReadAction","target":["https:\/\/www.eldiario.net\/portal\/2026\/08\/31\/alertan-riesgo-de-avasallamiento-y-loteamiento-del-area-de-equipamiento\/"]}]},{"@type":"ImageObject","inLanguage":"es","@id":"https:\/\/www.eldiario.net\/portal\/2026\/08\/31\/alertan-riesgo-de-avasallamiento-y-loteamiento-del-area-de-equipamiento\/#primaryimage","url":"https:\/\/www.eldiario.net\/portal\/wp-content\/uploads\/2026\/08\/F-3-alertan.webp","contentUrl":"https:\/\/www.eldiario.net\/portal\/wp-content\/uploads\/2026\/08\/F-3-alertan.webp","width":1280,"height":719},{"@type":"BreadcrumbList","@id":"https:\/\/www.eldiario.net\/portal\/2026\/08\/31\/alertan-riesgo-de-avasallamiento-y-loteamiento-del-area-de-equipamiento\/#breadcrumb","itemListElement":[{"@type":"ListItem","position":1,"name":"Portada","item":"https:\/\/www.eldiario.net\/portal\/"},{"@type":"ListItem","position":2,"name":"Alertan riesgo de avasallamiento y loteamiento del \u00e1rea de equipamiento"}]},{"@type":"WebSite","@id":"https:\/\/www.eldiario.net\/portal\/#website","url":"https:\/\/www.eldiario.net\/portal\/","name":"El Diario - Decano de la prensa nacional","description":"El Diario - Decano de la prensa nacional","publisher":{"@id":"https:\/\/www.eldiario.net\/portal\/#organization"},"potentialAction":[{"@type":"SearchAction","target":{"@type":"EntryPoint","urlTemplate":"https:\/\/www.eldiario.net\/portal\/?s={search_term_string}"},"query-input":{"@type":"PropertyValueSpecification","valueRequired":true,"valueName":"search_term_string"}}],"inLanguage":"es"},{"@type":"Organization","@id":"https:\/\/www.eldiario.net\/portal\/#organization","name":"El Diario - Decano de la prensa nacional","url":"https:\/\/www.eldiario.net\/portal\/","logo":{"@type":"ImageObject","inLanguage":"es","@id":"https:\/\/www.eldiario.net\/portal\/#\/schema\/logo\/image\/","url":"https:\/\/www.eldiario.net\/portal\/wp-content\/uploads\/2023\/07\/logo_ED.jpg","contentUrl":"https:\/\/www.eldiario.net\/portal\/wp-content\/uploads\/2023\/07\/logo_ED.jpg","width":272,"height":52,"caption":"El Diario - Decano de la prensa nacional"},"image":{"@id":"https:\/\/www.eldiario.net\/portal\/#\/schema\/logo\/image\/"},"sameAs":["https:\/\/www.facebook.com\/eldiario.bolivia\/","https:\/\/x.com\/eldiario_net"]},{"@type":"Person","@id":"https:\/\/www.eldiario.net\/portal\/#\/schema\/person\/f46445640444750d7d753ccd04ae01b7","name":"Jeanette","image":{"@type":"ImageObject","inLanguage":"es","@id":"https:\/\/secure.gravatar.com\/avatar\/3ea2118a5f7dad2b7138b1187a6b7ee55f160b9968b66013c3a3ef39dd7e5798?s=96&d=mm&r=g","url":"https:\/\/secure.gravatar.com\/avatar\/3ea2118a5f7dad2b7138b1187a6b7ee55f160b9968b66013c3a3ef39dd7e5798?s=96&d=mm&r=g","contentUrl":"https:\/\/secure.gravatar.com\/avatar\/3ea2118a5f7dad2b7138b1187a6b7ee55f160b9968b66013c3a3ef39dd7e5798?s=96&d=mm&r=g","caption":"Jeanette"},"sameAs":["https:\/\/www.eldiario.net\/portal"],"url":"https:\/\/www.eldiario.net\/portal\/author\/jeanette\/"}]}},"_links":{"self":[{"href":"https:\/\/www.eldiario.net\/portal\/wp-json\/wp\/v2\/posts\/426366","targetHints":{"allow":["GET"]}}],"collection":[{"href":"https:\/\/www.eldiario.net\/portal\/wp-json\/wp\/v2\/posts"}],"about":[{"href":"https:\/\/www.eldiario.net\/portal\/wp-json\/wp\/v2\/types\/post"}],"author":[{"embeddable":true,"href":"https:\/\/www.eldiario.net\/portal\/wp-json\/wp\/v2\/users\/1"}],"replies":[{"embeddable":true,"href":"https:\/\/www.eldiario.net\/portal\/wp-json\/wp\/v2\/comments?post=426366"}],"version-history":[{"count":1,"href":"https:\/\/www.eldiario.net\/portal\/wp-json\/wp\/v2\/posts\/426366\/revisions"}],"predecessor-version":[{"id":426368,"href":"https:\/\/www.eldiario.net\/portal\/wp-json\/wp\/v2\/posts\/426366\/revisions\/426368"}],"wp:featuredmedia":[{"embeddable":true,"href":"https:\/\/www.eldiario.net\/portal\/wp-json\/wp\/v2\/media\/426367"}],"wp:attachment":[{"href":"https:\/\/www.eldiario.net\/portal\/wp-json\/wp\/v2\/media?parent=426366"}],"wp:term":[{"taxonomy":"category","embeddable":true,"href":"https:\/\/www.eldiario.net\/portal\/wp-json\/wp\/v2\/categories?post=426366"},{"taxonomy":"post_tag","embeddable":true,"href":"https:\/\/www.eldiario.net\/portal\/wp-json\/wp\/v2\/tags?post=426366"}],"curies":[{"name":"wp","href":"https:\/\/api.w.org\/{rel}","templated":true}]}}