{"id":426360,"date":"2026-08-31T06:19:37","date_gmt":"2026-08-31T10:19:37","guid":{"rendered":"https:\/\/www.eldiario.net\/portal\/?p=426360"},"modified":"2026-08-31T06:19:37","modified_gmt":"2026-08-31T10:19:37","slug":"incendios-recurrentes-dejan-huella-creciente-en-bolivia","status":"publish","type":"post","link":"https:\/\/www.eldiario.net\/portal\/2026\/08\/31\/incendios-recurrentes-dejan-huella-creciente-en-bolivia\/","title":{"rendered":"Incendios recurrentes dejan  huella creciente en Bolivia"},"content":{"rendered":"<p>La recurrencia de incendios ya afecta a 25,76 millones de hect\u00e1reas en Bolivia, revelando que el fuego no solo se extiende, sino que vuelve una y otra vez sobre determinados territorios. As\u00ed lo establece el reporte \u201cRecurrencia de incendios en Bolivia 2010\u20132025\u201d, elaborado por Fundaci\u00f3n Tierra, que analiza 16 a\u00f1os de registros para identificar las zonas donde los incendios se han convertido en un fen\u00f3meno persistente y los espacios, incluidas \u00e1reas protegidas, territorios ind\u00edgenas y ecosistemas estrat\u00e9gicos, que enfrentan los niveles m\u00e1s cr\u00edticos de recurrencia.<br \/>\nSeg\u00fan el estudio, entre 2010 y 2025; 25,76 millones de hect\u00e1reas registraron recurrencia de incendios, una superficie equivalente al 23,75% del territorio nacional. La mayor parte se concentra en Santa Cruz, Beni, el norte de La Paz, Cochabamba y Pando, particularmente en zonas de expansi\u00f3n de la frontera agropecuaria y en ecosistemas como la Amazon\u00eda, la Chiquitania y las llanuras y sabanas del oriente.<br \/>\nEl investigador de la Fundaci\u00f3n Tierra, Efra\u00edn Tinta, destac\u00f3 que el dato m\u00e1s relevante no est\u00e1 solamente en la extensi\u00f3n afectada, sino en la frecuencia con la que el fuego regresa al mismo territorio. Explic\u00f3 que el reporte clasifica la recurrencia en cuatro niveles: moderado, medio, alto y extremo. Los niveles alto y extremo, entre siete y 16 a\u00f1os con presencia de fuego, son considerados cr\u00edticos porque indican que los ecosistemas pueden haber superado su capacidad de regeneraci\u00f3n.<br \/>\n\u201cPara este an\u00e1lisis hemos diferenciado primero los resultados a nivel departamental y municipal, y posteriormente hemos incorporado otras categor\u00edas de an\u00e1lisis, como los territorios ind\u00edgenas, las \u00e1reas protegidas y los sitios Ramsar. Lo que encontramos es que los ecosistemas sufren perturbaciones cada vez m\u00e1s fuertes en funci\u00f3n de la cantidad y recurrencia de los incendios, por lo que hemos establecido una clasificaci\u00f3n seg\u00fan los niveles de afectaci\u00f3n\u201d, precis\u00f3.<br \/>\nDe los 25,76 millones de hect\u00e1reas con recurrencia de incendios, 2,03 millones presentan niveles alto y extremo, equivalentes al 7,9% de la superficie afectada. Son territorios sometidos a fuego cr\u00f3nico, donde la p\u00e9rdida de biodiversidad, la degradaci\u00f3n del suelo y la disminuci\u00f3n de la cobertura vegetal pueden convertirse en procesos acumulativos.<br \/>\n\u201cConsideramos que, a partir de siete a\u00f1os de recurrencia, un ecosistema ya est\u00e1 afectado de manera cr\u00edtica, porque el da\u00f1o acumulado puede ser irreversible en el suelo, en la materia org\u00e1nica y en la biodiversidad. Esta degradaci\u00f3n no implica solamente una p\u00e9rdida de biodiversidad; tambi\u00e9n genera efectos secundarios asociados al cambio de uso de la tierra y, con el tiempo, puede traducirse en una afectaci\u00f3n ambiental grave\u201d, sostuvo.<br \/>\nLa recurrencia tambi\u00e9n muestra que el fuego est\u00e1 afectando espacios fundamentales para la conservaci\u00f3n y la vida de las poblaciones. 174 \u00c1reas Protegidas registraron quemas durante el per\u00edodo analizado y 55 presentan recurrencia cr\u00edtica, con 611.060 hect\u00e1reas sometidas a fuego persistente. En los Sitios Ramsar, cuatro de los 11 sitios del pa\u00eds presentan recurrencia cr\u00edtica, mientras que 36 territorios ind\u00edgenas registraron incendios durante m\u00e1s de siete a\u00f1os.<br \/>\nLa dimensi\u00f3n territorial del problema es especialmente evidente en Santa Cruz y Beni, que concentran 89,7% de la superficie con recurrencia de quemas. San Ignacio de Velasco encabeza la afectaci\u00f3n municipal, con aproximadamente 2,4 millones de hect\u00e1reas alcanzadas por incendios recurrentes. En cuanto a la recurrencia cr\u00edtica, destacan municipios como Exaltaci\u00f3n y San Ram\u00f3n, en Beni; San Ignacio, en Santa Cruz; e Ixiamas, en La Paz.<br \/>\nEl estudio identifica 2024 como el a\u00f1o de mayor superficie quemada registrada en Bolivia, con 12,66 millones de hect\u00e1reas, pero advierte que el comportamiento de los \u00faltimos a\u00f1os plantea una preocupaci\u00f3n mayor: entre 2019 y 2024 se acumularon varios a\u00f1os de alta afectaci\u00f3n sin los per\u00edodos de recuperaci\u00f3n observados en ciclos anteriores.<br \/>\nLas condiciones clim\u00e1ticas contribuyeron a agravar la situaci\u00f3n. En 2024, la Chiquitania-Pantanal experiment\u00f3 un periodo prolongado de d\u00e9ficit h\u00eddrico y temperaturas superiores a 32\u00b0C, mientras que la disponibilidad de material vegetal seco favoreci\u00f3 la propagaci\u00f3n del fuego. En 2025, una mayor humedad y recuperaci\u00f3n de las precipitaciones estuvieron asociadas a una temporada de quemas menos severa.<br \/>\nLa evidencia reunida por la investigaci\u00f3n sugiere, por tanto, que la discusi\u00f3n sobre incendios debe pasar de la emergencia anual a la gesti\u00f3n de territorios que est\u00e1n siendo sometidos repetidamente al fuego. Esto implica priorizar las zonas de recurrencia cr\u00edtica, restaurar ecosistemas degradados, fortalecer la participaci\u00f3n de las comunidades y mejorar el monitoreo para orientar pol\u00edticas de prevenci\u00f3n y adaptaci\u00f3n al cambio clim\u00e1tico.<br \/>\n\u201cEsta informaci\u00f3n es muy \u00fatil para el Estado, principalmente para quienes toman decisiones en los territorios. Los gobiernos municipales pueden identificar cu\u00e1les son las zonas m\u00e1s afectadas y comenzar a desarrollar tareas preventivas, en coordinaci\u00f3n con los poseedores de esas tierras, sean territorios ind\u00edgenas, comunidades campesinas o predios medianos y empresariales. En el caso de los territorios ind\u00edgenas y las comunidades campesinas, permite saber d\u00f3nde est\u00e1n siendo mayormente afectados por los incendios y utilizar esta informaci\u00f3n para su planificaci\u00f3n territorial\u201d, finaliz\u00f3 Tinta. (Fundaci\u00f3n Tierra)<\/p>\n","protected":false},"excerpt":{"rendered":"<p>La recurrencia de incendios ya afecta a 25,76 millones de hect\u00e1reas en Bolivia, revelando que el fuego no solo se extiende, sino que vuelve una y otra vez sobre determinados territorios. As\u00ed lo establece el reporte \u201cRecurrencia de incendios en Bolivia 2010\u20132025\u201d, elaborado por Fundaci\u00f3n Tierra, que analiza 16 a\u00f1os de registros para identificar las [&hellip;]<\/p>\n","protected":false},"author":1,"featured_media":426361,"comment_status":"closed","ping_status":"open","sticky":false,"template":"","format":"standard","meta":{"_acf_changed":false,"footnotes":""},"categories":[12],"tags":[],"class_list":["post-426360","post","type-post","status-publish","format-standard","has-post-thumbnail","category-nacional"],"acf":{"antetitulo":""},"yoast_head":"<!-- This site is optimized with the Yoast SEO plugin v28.3 - https:\/\/yoast.com\/product\/yoast-seo-wordpress\/ -->\n<title>Incendios recurrentes dejan huella creciente en Bolivia - El Diario - Bolivia<\/title>\n<meta name=\"robots\" content=\"index, follow, max-snippet:-1, max-image-preview:large, max-video-preview:-1\" \/>\n<link rel=\"canonical\" href=\"https:\/\/www.eldiario.net\/portal\/2026\/08\/31\/incendios-recurrentes-dejan-huella-creciente-en-bolivia\/\" \/>\n<meta property=\"og:locale\" content=\"es_ES\" \/>\n<meta property=\"og:type\" content=\"article\" \/>\n<meta property=\"og:title\" content=\"Incendios recurrentes dejan huella creciente en Bolivia - El Diario - Bolivia\" \/>\n<meta property=\"og:description\" content=\"La recurrencia de incendios ya afecta a 25,76 millones de hect\u00e1reas en Bolivia, revelando que el fuego no solo se extiende, sino que vuelve una y otra vez sobre determinados territorios. As\u00ed lo establece el reporte \u201cRecurrencia de incendios en Bolivia 2010\u20132025\u201d, elaborado por Fundaci\u00f3n Tierra, que analiza 16 a\u00f1os de registros para identificar las [&hellip;]\" \/>\n<meta property=\"og:url\" content=\"https:\/\/www.eldiario.net\/portal\/2026\/08\/31\/incendios-recurrentes-dejan-huella-creciente-en-bolivia\/\" \/>\n<meta property=\"og:site_name\" content=\"El Diario - Bolivia\" \/>\n<meta property=\"article:publisher\" content=\"https:\/\/www.facebook.com\/eldiario.bolivia\/\" \/>\n<meta property=\"article:published_time\" content=\"2026-08-31T10:19:37+00:00\" \/>\n<meta property=\"og:image\" content=\"https:\/\/www.eldiario.net\/portal\/wp-content\/uploads\/2026\/08\/70-NAL-8.webp\" \/>\n\t<meta property=\"og:image:width\" content=\"830\" \/>\n\t<meta property=\"og:image:height\" content=\"552\" \/>\n\t<meta property=\"og:image:type\" content=\"image\/webp\" \/>\n<meta name=\"author\" content=\"Jeanette\" \/>\n<meta name=\"twitter:card\" content=\"summary_large_image\" \/>\n<meta name=\"twitter:creator\" content=\"@eldiario_net\" \/>\n<meta name=\"twitter:site\" content=\"@eldiario_net\" \/>\n<meta name=\"twitter:label1\" content=\"Escrito por\" \/>\n\t<meta name=\"twitter:data1\" content=\"Jeanette\" \/>\n\t<meta name=\"twitter:label2\" content=\"Tiempo de lectura\" \/>\n\t<meta name=\"twitter:data2\" content=\"4 minutos\" \/>\n<script type=\"application\/ld+json\" class=\"yoast-schema-graph\">{\"@context\":\"https:\\\/\\\/schema.org\",\"@graph\":[{\"@type\":\"Article\",\"@id\":\"https:\\\/\\\/www.eldiario.net\\\/portal\\\/2026\\\/08\\\/31\\\/incendios-recurrentes-dejan-huella-creciente-en-bolivia\\\/#article\",\"isPartOf\":{\"@id\":\"https:\\\/\\\/www.eldiario.net\\\/portal\\\/2026\\\/08\\\/31\\\/incendios-recurrentes-dejan-huella-creciente-en-bolivia\\\/\"},\"author\":{\"name\":\"Jeanette\",\"@id\":\"https:\\\/\\\/www.eldiario.net\\\/portal\\\/#\\\/schema\\\/person\\\/f46445640444750d7d753ccd04ae01b7\"},\"headline\":\"Incendios recurrentes dejan huella creciente en Bolivia\",\"datePublished\":\"2026-08-31T10:19:37+00:00\",\"mainEntityOfPage\":{\"@id\":\"https:\\\/\\\/www.eldiario.net\\\/portal\\\/2026\\\/08\\\/31\\\/incendios-recurrentes-dejan-huella-creciente-en-bolivia\\\/\"},\"wordCount\":877,\"publisher\":{\"@id\":\"https:\\\/\\\/www.eldiario.net\\\/portal\\\/#organization\"},\"image\":{\"@id\":\"https:\\\/\\\/www.eldiario.net\\\/portal\\\/2026\\\/08\\\/31\\\/incendios-recurrentes-dejan-huella-creciente-en-bolivia\\\/#primaryimage\"},\"thumbnailUrl\":\"https:\\\/\\\/www.eldiario.net\\\/portal\\\/wp-content\\\/uploads\\\/2026\\\/08\\\/70-NAL-8.webp\",\"articleSection\":[\"Nacional\"],\"inLanguage\":\"es\"},{\"@type\":\"WebPage\",\"@id\":\"https:\\\/\\\/www.eldiario.net\\\/portal\\\/2026\\\/08\\\/31\\\/incendios-recurrentes-dejan-huella-creciente-en-bolivia\\\/\",\"url\":\"https:\\\/\\\/www.eldiario.net\\\/portal\\\/2026\\\/08\\\/31\\\/incendios-recurrentes-dejan-huella-creciente-en-bolivia\\\/\",\"name\":\"Incendios recurrentes dejan huella creciente en Bolivia - El Diario - Bolivia\",\"isPartOf\":{\"@id\":\"https:\\\/\\\/www.eldiario.net\\\/portal\\\/#website\"},\"primaryImageOfPage\":{\"@id\":\"https:\\\/\\\/www.eldiario.net\\\/portal\\\/2026\\\/08\\\/31\\\/incendios-recurrentes-dejan-huella-creciente-en-bolivia\\\/#primaryimage\"},\"image\":{\"@id\":\"https:\\\/\\\/www.eldiario.net\\\/portal\\\/2026\\\/08\\\/31\\\/incendios-recurrentes-dejan-huella-creciente-en-bolivia\\\/#primaryimage\"},\"thumbnailUrl\":\"https:\\\/\\\/www.eldiario.net\\\/portal\\\/wp-content\\\/uploads\\\/2026\\\/08\\\/70-NAL-8.webp\",\"datePublished\":\"2026-08-31T10:19:37+00:00\",\"breadcrumb\":{\"@id\":\"https:\\\/\\\/www.eldiario.net\\\/portal\\\/2026\\\/08\\\/31\\\/incendios-recurrentes-dejan-huella-creciente-en-bolivia\\\/#breadcrumb\"},\"inLanguage\":\"es\",\"potentialAction\":[{\"@type\":\"ReadAction\",\"target\":[\"https:\\\/\\\/www.eldiario.net\\\/portal\\\/2026\\\/08\\\/31\\\/incendios-recurrentes-dejan-huella-creciente-en-bolivia\\\/\"]}]},{\"@type\":\"ImageObject\",\"inLanguage\":\"es\",\"@id\":\"https:\\\/\\\/www.eldiario.net\\\/portal\\\/2026\\\/08\\\/31\\\/incendios-recurrentes-dejan-huella-creciente-en-bolivia\\\/#primaryimage\",\"url\":\"https:\\\/\\\/www.eldiario.net\\\/portal\\\/wp-content\\\/uploads\\\/2026\\\/08\\\/70-NAL-8.webp\",\"contentUrl\":\"https:\\\/\\\/www.eldiario.net\\\/portal\\\/wp-content\\\/uploads\\\/2026\\\/08\\\/70-NAL-8.webp\",\"width\":830,\"height\":552,\"caption\":\"Los municipios tienen la obligaci\u00f3n de identificar cu\u00e1les son los lugares con mayor presencia anual de incendios.\"},{\"@type\":\"BreadcrumbList\",\"@id\":\"https:\\\/\\\/www.eldiario.net\\\/portal\\\/2026\\\/08\\\/31\\\/incendios-recurrentes-dejan-huella-creciente-en-bolivia\\\/#breadcrumb\",\"itemListElement\":[{\"@type\":\"ListItem\",\"position\":1,\"name\":\"Portada\",\"item\":\"https:\\\/\\\/www.eldiario.net\\\/portal\\\/\"},{\"@type\":\"ListItem\",\"position\":2,\"name\":\"Incendios recurrentes dejan huella creciente en Bolivia\"}]},{\"@type\":\"WebSite\",\"@id\":\"https:\\\/\\\/www.eldiario.net\\\/portal\\\/#website\",\"url\":\"https:\\\/\\\/www.eldiario.net\\\/portal\\\/\",\"name\":\"El Diario - Decano de la prensa nacional\",\"description\":\"El Diario - Decano de la prensa nacional\",\"publisher\":{\"@id\":\"https:\\\/\\\/www.eldiario.net\\\/portal\\\/#organization\"},\"potentialAction\":[{\"@type\":\"SearchAction\",\"target\":{\"@type\":\"EntryPoint\",\"urlTemplate\":\"https:\\\/\\\/www.eldiario.net\\\/portal\\\/?s={search_term_string}\"},\"query-input\":{\"@type\":\"PropertyValueSpecification\",\"valueRequired\":true,\"valueName\":\"search_term_string\"}}],\"inLanguage\":\"es\"},{\"@type\":\"Organization\",\"@id\":\"https:\\\/\\\/www.eldiario.net\\\/portal\\\/#organization\",\"name\":\"El Diario - Decano de la prensa nacional\",\"url\":\"https:\\\/\\\/www.eldiario.net\\\/portal\\\/\",\"logo\":{\"@type\":\"ImageObject\",\"inLanguage\":\"es\",\"@id\":\"https:\\\/\\\/www.eldiario.net\\\/portal\\\/#\\\/schema\\\/logo\\\/image\\\/\",\"url\":\"https:\\\/\\\/www.eldiario.net\\\/portal\\\/wp-content\\\/uploads\\\/2023\\\/07\\\/logo_ED.jpg\",\"contentUrl\":\"https:\\\/\\\/www.eldiario.net\\\/portal\\\/wp-content\\\/uploads\\\/2023\\\/07\\\/logo_ED.jpg\",\"width\":272,\"height\":52,\"caption\":\"El Diario - Decano de la prensa nacional\"},\"image\":{\"@id\":\"https:\\\/\\\/www.eldiario.net\\\/portal\\\/#\\\/schema\\\/logo\\\/image\\\/\"},\"sameAs\":[\"https:\\\/\\\/www.facebook.com\\\/eldiario.bolivia\\\/\",\"https:\\\/\\\/x.com\\\/eldiario_net\"]},{\"@type\":\"Person\",\"@id\":\"https:\\\/\\\/www.eldiario.net\\\/portal\\\/#\\\/schema\\\/person\\\/f46445640444750d7d753ccd04ae01b7\",\"name\":\"Jeanette\",\"image\":{\"@type\":\"ImageObject\",\"inLanguage\":\"es\",\"@id\":\"https:\\\/\\\/secure.gravatar.com\\\/avatar\\\/3ea2118a5f7dad2b7138b1187a6b7ee55f160b9968b66013c3a3ef39dd7e5798?s=96&d=mm&r=g\",\"url\":\"https:\\\/\\\/secure.gravatar.com\\\/avatar\\\/3ea2118a5f7dad2b7138b1187a6b7ee55f160b9968b66013c3a3ef39dd7e5798?s=96&d=mm&r=g\",\"contentUrl\":\"https:\\\/\\\/secure.gravatar.com\\\/avatar\\\/3ea2118a5f7dad2b7138b1187a6b7ee55f160b9968b66013c3a3ef39dd7e5798?s=96&d=mm&r=g\",\"caption\":\"Jeanette\"},\"sameAs\":[\"https:\\\/\\\/www.eldiario.net\\\/portal\"],\"url\":\"https:\\\/\\\/www.eldiario.net\\\/portal\\\/author\\\/jeanette\\\/\"}]}<\/script>\n<!-- \/ Yoast SEO plugin. -->","yoast_head_json":{"title":"Incendios recurrentes dejan huella creciente en Bolivia - El Diario - Bolivia","robots":{"index":"index","follow":"follow","max-snippet":"max-snippet:-1","max-image-preview":"max-image-preview:large","max-video-preview":"max-video-preview:-1"},"canonical":"https:\/\/www.eldiario.net\/portal\/2026\/08\/31\/incendios-recurrentes-dejan-huella-creciente-en-bolivia\/","og_locale":"es_ES","og_type":"article","og_title":"Incendios recurrentes dejan huella creciente en Bolivia - El Diario - Bolivia","og_description":"La recurrencia de incendios ya afecta a 25,76 millones de hect\u00e1reas en Bolivia, revelando que el fuego no solo se extiende, sino que vuelve una y otra vez sobre determinados territorios. As\u00ed lo establece el reporte \u201cRecurrencia de incendios en Bolivia 2010\u20132025\u201d, elaborado por Fundaci\u00f3n Tierra, que analiza 16 a\u00f1os de registros para identificar las [&hellip;]","og_url":"https:\/\/www.eldiario.net\/portal\/2026\/08\/31\/incendios-recurrentes-dejan-huella-creciente-en-bolivia\/","og_site_name":"El Diario - Bolivia","article_publisher":"https:\/\/www.facebook.com\/eldiario.bolivia\/","article_published_time":"2026-08-31T10:19:37+00:00","og_image":[{"width":830,"height":552,"url":"https:\/\/www.eldiario.net\/portal\/wp-content\/uploads\/2026\/08\/70-NAL-8.webp","type":"image\/webp"}],"author":"Jeanette","twitter_card":"summary_large_image","twitter_creator":"@eldiario_net","twitter_site":"@eldiario_net","twitter_misc":{"Escrito por":"Jeanette","Tiempo de lectura":"4 minutos"},"schema":{"@context":"https:\/\/schema.org","@graph":[{"@type":"Article","@id":"https:\/\/www.eldiario.net\/portal\/2026\/08\/31\/incendios-recurrentes-dejan-huella-creciente-en-bolivia\/#article","isPartOf":{"@id":"https:\/\/www.eldiario.net\/portal\/2026\/08\/31\/incendios-recurrentes-dejan-huella-creciente-en-bolivia\/"},"author":{"name":"Jeanette","@id":"https:\/\/www.eldiario.net\/portal\/#\/schema\/person\/f46445640444750d7d753ccd04ae01b7"},"headline":"Incendios recurrentes dejan huella creciente en Bolivia","datePublished":"2026-08-31T10:19:37+00:00","mainEntityOfPage":{"@id":"https:\/\/www.eldiario.net\/portal\/2026\/08\/31\/incendios-recurrentes-dejan-huella-creciente-en-bolivia\/"},"wordCount":877,"publisher":{"@id":"https:\/\/www.eldiario.net\/portal\/#organization"},"image":{"@id":"https:\/\/www.eldiario.net\/portal\/2026\/08\/31\/incendios-recurrentes-dejan-huella-creciente-en-bolivia\/#primaryimage"},"thumbnailUrl":"https:\/\/www.eldiario.net\/portal\/wp-content\/uploads\/2026\/08\/70-NAL-8.webp","articleSection":["Nacional"],"inLanguage":"es"},{"@type":"WebPage","@id":"https:\/\/www.eldiario.net\/portal\/2026\/08\/31\/incendios-recurrentes-dejan-huella-creciente-en-bolivia\/","url":"https:\/\/www.eldiario.net\/portal\/2026\/08\/31\/incendios-recurrentes-dejan-huella-creciente-en-bolivia\/","name":"Incendios recurrentes dejan huella creciente en Bolivia - El Diario - Bolivia","isPartOf":{"@id":"https:\/\/www.eldiario.net\/portal\/#website"},"primaryImageOfPage":{"@id":"https:\/\/www.eldiario.net\/portal\/2026\/08\/31\/incendios-recurrentes-dejan-huella-creciente-en-bolivia\/#primaryimage"},"image":{"@id":"https:\/\/www.eldiario.net\/portal\/2026\/08\/31\/incendios-recurrentes-dejan-huella-creciente-en-bolivia\/#primaryimage"},"thumbnailUrl":"https:\/\/www.eldiario.net\/portal\/wp-content\/uploads\/2026\/08\/70-NAL-8.webp","datePublished":"2026-08-31T10:19:37+00:00","breadcrumb":{"@id":"https:\/\/www.eldiario.net\/portal\/2026\/08\/31\/incendios-recurrentes-dejan-huella-creciente-en-bolivia\/#breadcrumb"},"inLanguage":"es","potentialAction":[{"@type":"ReadAction","target":["https:\/\/www.eldiario.net\/portal\/2026\/08\/31\/incendios-recurrentes-dejan-huella-creciente-en-bolivia\/"]}]},{"@type":"ImageObject","inLanguage":"es","@id":"https:\/\/www.eldiario.net\/portal\/2026\/08\/31\/incendios-recurrentes-dejan-huella-creciente-en-bolivia\/#primaryimage","url":"https:\/\/www.eldiario.net\/portal\/wp-content\/uploads\/2026\/08\/70-NAL-8.webp","contentUrl":"https:\/\/www.eldiario.net\/portal\/wp-content\/uploads\/2026\/08\/70-NAL-8.webp","width":830,"height":552,"caption":"Los municipios tienen la obligaci\u00f3n de identificar cu\u00e1les son los lugares con mayor presencia anual de incendios."},{"@type":"BreadcrumbList","@id":"https:\/\/www.eldiario.net\/portal\/2026\/08\/31\/incendios-recurrentes-dejan-huella-creciente-en-bolivia\/#breadcrumb","itemListElement":[{"@type":"ListItem","position":1,"name":"Portada","item":"https:\/\/www.eldiario.net\/portal\/"},{"@type":"ListItem","position":2,"name":"Incendios recurrentes dejan huella creciente en Bolivia"}]},{"@type":"WebSite","@id":"https:\/\/www.eldiario.net\/portal\/#website","url":"https:\/\/www.eldiario.net\/portal\/","name":"El Diario - Decano de la prensa nacional","description":"El Diario - Decano de la prensa nacional","publisher":{"@id":"https:\/\/www.eldiario.net\/portal\/#organization"},"potentialAction":[{"@type":"SearchAction","target":{"@type":"EntryPoint","urlTemplate":"https:\/\/www.eldiario.net\/portal\/?s={search_term_string}"},"query-input":{"@type":"PropertyValueSpecification","valueRequired":true,"valueName":"search_term_string"}}],"inLanguage":"es"},{"@type":"Organization","@id":"https:\/\/www.eldiario.net\/portal\/#organization","name":"El Diario - Decano de la prensa nacional","url":"https:\/\/www.eldiario.net\/portal\/","logo":{"@type":"ImageObject","inLanguage":"es","@id":"https:\/\/www.eldiario.net\/portal\/#\/schema\/logo\/image\/","url":"https:\/\/www.eldiario.net\/portal\/wp-content\/uploads\/2023\/07\/logo_ED.jpg","contentUrl":"https:\/\/www.eldiario.net\/portal\/wp-content\/uploads\/2023\/07\/logo_ED.jpg","width":272,"height":52,"caption":"El Diario - Decano de la prensa nacional"},"image":{"@id":"https:\/\/www.eldiario.net\/portal\/#\/schema\/logo\/image\/"},"sameAs":["https:\/\/www.facebook.com\/eldiario.bolivia\/","https:\/\/x.com\/eldiario_net"]},{"@type":"Person","@id":"https:\/\/www.eldiario.net\/portal\/#\/schema\/person\/f46445640444750d7d753ccd04ae01b7","name":"Jeanette","image":{"@type":"ImageObject","inLanguage":"es","@id":"https:\/\/secure.gravatar.com\/avatar\/3ea2118a5f7dad2b7138b1187a6b7ee55f160b9968b66013c3a3ef39dd7e5798?s=96&d=mm&r=g","url":"https:\/\/secure.gravatar.com\/avatar\/3ea2118a5f7dad2b7138b1187a6b7ee55f160b9968b66013c3a3ef39dd7e5798?s=96&d=mm&r=g","contentUrl":"https:\/\/secure.gravatar.com\/avatar\/3ea2118a5f7dad2b7138b1187a6b7ee55f160b9968b66013c3a3ef39dd7e5798?s=96&d=mm&r=g","caption":"Jeanette"},"sameAs":["https:\/\/www.eldiario.net\/portal"],"url":"https:\/\/www.eldiario.net\/portal\/author\/jeanette\/"}]}},"_links":{"self":[{"href":"https:\/\/www.eldiario.net\/portal\/wp-json\/wp\/v2\/posts\/426360","targetHints":{"allow":["GET"]}}],"collection":[{"href":"https:\/\/www.eldiario.net\/portal\/wp-json\/wp\/v2\/posts"}],"about":[{"href":"https:\/\/www.eldiario.net\/portal\/wp-json\/wp\/v2\/types\/post"}],"author":[{"embeddable":true,"href":"https:\/\/www.eldiario.net\/portal\/wp-json\/wp\/v2\/users\/1"}],"replies":[{"embeddable":true,"href":"https:\/\/www.eldiario.net\/portal\/wp-json\/wp\/v2\/comments?post=426360"}],"version-history":[{"count":1,"href":"https:\/\/www.eldiario.net\/portal\/wp-json\/wp\/v2\/posts\/426360\/revisions"}],"predecessor-version":[{"id":426362,"href":"https:\/\/www.eldiario.net\/portal\/wp-json\/wp\/v2\/posts\/426360\/revisions\/426362"}],"wp:featuredmedia":[{"embeddable":true,"href":"https:\/\/www.eldiario.net\/portal\/wp-json\/wp\/v2\/media\/426361"}],"wp:attachment":[{"href":"https:\/\/www.eldiario.net\/portal\/wp-json\/wp\/v2\/media?parent=426360"}],"wp:term":[{"taxonomy":"category","embeddable":true,"href":"https:\/\/www.eldiario.net\/portal\/wp-json\/wp\/v2\/categories?post=426360"},{"taxonomy":"post_tag","embeddable":true,"href":"https:\/\/www.eldiario.net\/portal\/wp-json\/wp\/v2\/tags?post=426360"}],"curies":[{"name":"wp","href":"https:\/\/api.w.org\/{rel}","templated":true}]}}