{"id":426352,"date":"2026-08-31T06:17:43","date_gmt":"2026-08-31T10:17:43","guid":{"rendered":"https:\/\/www.eldiario.net\/portal\/?p=426352"},"modified":"2026-08-31T06:17:43","modified_gmt":"2026-08-31T10:17:43","slug":"firman-convenio-que-incentiva-a-la-investigacion-y-pasantias","status":"publish","type":"post","link":"https:\/\/www.eldiario.net\/portal\/2026\/08\/31\/firman-convenio-que-incentiva-a-la-investigacion-y-pasantias\/","title":{"rendered":"Firman convenio que incentiva  a la investigaci\u00f3n y pasant\u00edas"},"content":{"rendered":"<p>El Instituto del Seguro Agrario (INSA) y la Facultad de Ciencias Agr\u00edcolas y Pecuarias de la Universidad Mayor de San Sim\u00f3n (UMSS) de Cochabamba firmaron un convenio interinstitucional para impulsar la investigaci\u00f3n y la realizaci\u00f3n de pasant\u00edas.<br \/>\nEl documento fue suscrito \u201ccon el prop\u00f3sito de articular acciones de formaci\u00f3n acad\u00e9mica, investigaci\u00f3n, innovaci\u00f3n tecnol\u00f3gica, asistencia t\u00e9cnica y transferencia de conocimientos orientadas al desarrollo agrario y al bienestar rural del pa\u00eds\u201d, inform\u00f3 el INSA en sus redes sociales.<br \/>\nIndic\u00f3 que el acuerdo contempla la incorporaci\u00f3n de estudiantes de pregrado y posgrado mediante pasant\u00edas, trabajos dirigidos y procesos de titulaci\u00f3n, adem\u00e1s del desarrollo conjunto de proyectos de investigaci\u00f3n e innovaci\u00f3n tecnol\u00f3gica, capacitaci\u00f3n de profesionales y apoyo a iniciativas vinculadas a la gesti\u00f3n del riesgo agrario y la adaptaci\u00f3n al cambio clim\u00e1tico.<br \/>\nEl convenio tendr\u00e1 una vigencia de cinco a\u00f1os, per\u00edodo en el que ambas instituciones podr\u00e1n desarrollar acciones y proyectos conjuntos en beneficio del sector agropecuario nacional.<br \/>\nINSA tambi\u00e9n socializ\u00f3 el Seguro Agrario Minka para la Campa\u00f1a Agr\u00edcola 2026-2027 con representantes de municipios del departamento de cochabambino, con el prop\u00f3sito de fortalecer la protecci\u00f3n de los productores ante posibles p\u00e9rdidas ocasionadas por eventos clim\u00e1ticos.<br \/>\nLa actividad fue encabezada por el director general ejecutivo del INSA, Juan Pablo Coimbra, quien brind\u00f3 informaci\u00f3n sobre los beneficios y alcances del seguro para proteger la producci\u00f3n agr\u00edcola y contribuir a la seguridad alimentaria del pa\u00eds. (ABI)<\/p>\n","protected":false},"excerpt":{"rendered":"<p>El Instituto del Seguro Agrario (INSA) y la Facultad de Ciencias Agr\u00edcolas y Pecuarias de la Universidad Mayor de San Sim\u00f3n (UMSS) de Cochabamba firmaron un convenio interinstitucional para impulsar la investigaci\u00f3n y la realizaci\u00f3n de pasant\u00edas. El documento fue suscrito \u201ccon el prop\u00f3sito de articular acciones de formaci\u00f3n acad\u00e9mica, investigaci\u00f3n, innovaci\u00f3n tecnol\u00f3gica, asistencia t\u00e9cnica [&hellip;]<\/p>\n","protected":false},"author":1,"featured_media":194726,"comment_status":"closed","ping_status":"open","sticky":false,"template":"","format":"standard","meta":{"_acf_changed":false,"footnotes":""},"categories":[12],"tags":[],"class_list":["post-426352","post","type-post","status-publish","format-standard","has-post-thumbnail","category-nacional"],"acf":{"antetitulo":"Cochabamba"},"yoast_head":"<!-- This site is optimized with the Yoast SEO plugin v28.3 - https:\/\/yoast.com\/product\/yoast-seo-wordpress\/ -->\n<title>Firman convenio que incentiva a la investigaci\u00f3n y pasant\u00edas - El Diario - Bolivia<\/title>\n<meta name=\"robots\" content=\"index, follow, max-snippet:-1, max-image-preview:large, max-video-preview:-1\" \/>\n<link rel=\"canonical\" href=\"https:\/\/www.eldiario.net\/portal\/2026\/08\/31\/firman-convenio-que-incentiva-a-la-investigacion-y-pasantias\/\" \/>\n<meta property=\"og:locale\" content=\"es_ES\" \/>\n<meta property=\"og:type\" content=\"article\" \/>\n<meta property=\"og:title\" content=\"Firman convenio que incentiva a la investigaci\u00f3n y pasant\u00edas - El Diario - Bolivia\" \/>\n<meta property=\"og:description\" content=\"El Instituto del Seguro Agrario (INSA) y la Facultad de Ciencias Agr\u00edcolas y Pecuarias de la Universidad Mayor de San Sim\u00f3n (UMSS) de Cochabamba firmaron un convenio interinstitucional para impulsar la investigaci\u00f3n y la realizaci\u00f3n de pasant\u00edas. El documento fue suscrito \u201ccon el prop\u00f3sito de articular acciones de formaci\u00f3n acad\u00e9mica, investigaci\u00f3n, innovaci\u00f3n tecnol\u00f3gica, asistencia t\u00e9cnica [&hellip;]\" \/>\n<meta property=\"og:url\" content=\"https:\/\/www.eldiario.net\/portal\/2026\/08\/31\/firman-convenio-que-incentiva-a-la-investigacion-y-pasantias\/\" \/>\n<meta property=\"og:site_name\" content=\"El Diario - Bolivia\" \/>\n<meta property=\"article:publisher\" content=\"https:\/\/www.facebook.com\/eldiario.bolivia\/\" \/>\n<meta property=\"article:published_time\" content=\"2026-08-31T10:17:43+00:00\" \/>\n<meta property=\"og:image\" content=\"https:\/\/www.eldiario.net\/portal\/wp-content\/uploads\/2023\/12\/Nacional.jpg\" \/>\n\t<meta property=\"og:image:width\" content=\"800\" \/>\n\t<meta property=\"og:image:height\" content=\"500\" \/>\n\t<meta property=\"og:image:type\" content=\"image\/jpeg\" \/>\n<meta name=\"author\" content=\"Jeanette\" \/>\n<meta name=\"twitter:card\" content=\"summary_large_image\" \/>\n<meta name=\"twitter:creator\" content=\"@eldiario_net\" \/>\n<meta name=\"twitter:site\" content=\"@eldiario_net\" \/>\n<meta name=\"twitter:label1\" content=\"Escrito por\" \/>\n\t<meta name=\"twitter:data1\" content=\"Jeanette\" \/>\n\t<meta name=\"twitter:label2\" content=\"Tiempo de lectura\" \/>\n\t<meta name=\"twitter:data2\" content=\"2 minutos\" \/>\n<script type=\"application\/ld+json\" class=\"yoast-schema-graph\">{\"@context\":\"https:\\\/\\\/schema.org\",\"@graph\":[{\"@type\":\"Article\",\"@id\":\"https:\\\/\\\/www.eldiario.net\\\/portal\\\/2026\\\/08\\\/31\\\/firman-convenio-que-incentiva-a-la-investigacion-y-pasantias\\\/#article\",\"isPartOf\":{\"@id\":\"https:\\\/\\\/www.eldiario.net\\\/portal\\\/2026\\\/08\\\/31\\\/firman-convenio-que-incentiva-a-la-investigacion-y-pasantias\\\/\"},\"author\":{\"name\":\"Jeanette\",\"@id\":\"https:\\\/\\\/www.eldiario.net\\\/portal\\\/#\\\/schema\\\/person\\\/f46445640444750d7d753ccd04ae01b7\"},\"headline\":\"Firman convenio que incentiva a la investigaci\u00f3n y pasant\u00edas\",\"datePublished\":\"2026-08-31T10:17:43+00:00\",\"mainEntityOfPage\":{\"@id\":\"https:\\\/\\\/www.eldiario.net\\\/portal\\\/2026\\\/08\\\/31\\\/firman-convenio-que-incentiva-a-la-investigacion-y-pasantias\\\/\"},\"wordCount\":278,\"publisher\":{\"@id\":\"https:\\\/\\\/www.eldiario.net\\\/portal\\\/#organization\"},\"image\":{\"@id\":\"https:\\\/\\\/www.eldiario.net\\\/portal\\\/2026\\\/08\\\/31\\\/firman-convenio-que-incentiva-a-la-investigacion-y-pasantias\\\/#primaryimage\"},\"thumbnailUrl\":\"https:\\\/\\\/www.eldiario.net\\\/portal\\\/wp-content\\\/uploads\\\/2023\\\/12\\\/Nacional.jpg\",\"articleSection\":[\"Nacional\"],\"inLanguage\":\"es\"},{\"@type\":\"WebPage\",\"@id\":\"https:\\\/\\\/www.eldiario.net\\\/portal\\\/2026\\\/08\\\/31\\\/firman-convenio-que-incentiva-a-la-investigacion-y-pasantias\\\/\",\"url\":\"https:\\\/\\\/www.eldiario.net\\\/portal\\\/2026\\\/08\\\/31\\\/firman-convenio-que-incentiva-a-la-investigacion-y-pasantias\\\/\",\"name\":\"Firman convenio que incentiva a la investigaci\u00f3n y pasant\u00edas - El Diario - Bolivia\",\"isPartOf\":{\"@id\":\"https:\\\/\\\/www.eldiario.net\\\/portal\\\/#website\"},\"primaryImageOfPage\":{\"@id\":\"https:\\\/\\\/www.eldiario.net\\\/portal\\\/2026\\\/08\\\/31\\\/firman-convenio-que-incentiva-a-la-investigacion-y-pasantias\\\/#primaryimage\"},\"image\":{\"@id\":\"https:\\\/\\\/www.eldiario.net\\\/portal\\\/2026\\\/08\\\/31\\\/firman-convenio-que-incentiva-a-la-investigacion-y-pasantias\\\/#primaryimage\"},\"thumbnailUrl\":\"https:\\\/\\\/www.eldiario.net\\\/portal\\\/wp-content\\\/uploads\\\/2023\\\/12\\\/Nacional.jpg\",\"datePublished\":\"2026-08-31T10:17:43+00:00\",\"breadcrumb\":{\"@id\":\"https:\\\/\\\/www.eldiario.net\\\/portal\\\/2026\\\/08\\\/31\\\/firman-convenio-que-incentiva-a-la-investigacion-y-pasantias\\\/#breadcrumb\"},\"inLanguage\":\"es\",\"potentialAction\":[{\"@type\":\"ReadAction\",\"target\":[\"https:\\\/\\\/www.eldiario.net\\\/portal\\\/2026\\\/08\\\/31\\\/firman-convenio-que-incentiva-a-la-investigacion-y-pasantias\\\/\"]}]},{\"@type\":\"ImageObject\",\"inLanguage\":\"es\",\"@id\":\"https:\\\/\\\/www.eldiario.net\\\/portal\\\/2026\\\/08\\\/31\\\/firman-convenio-que-incentiva-a-la-investigacion-y-pasantias\\\/#primaryimage\",\"url\":\"https:\\\/\\\/www.eldiario.net\\\/portal\\\/wp-content\\\/uploads\\\/2023\\\/12\\\/Nacional.jpg\",\"contentUrl\":\"https:\\\/\\\/www.eldiario.net\\\/portal\\\/wp-content\\\/uploads\\\/2023\\\/12\\\/Nacional.jpg\",\"width\":800,\"height\":500},{\"@type\":\"BreadcrumbList\",\"@id\":\"https:\\\/\\\/www.eldiario.net\\\/portal\\\/2026\\\/08\\\/31\\\/firman-convenio-que-incentiva-a-la-investigacion-y-pasantias\\\/#breadcrumb\",\"itemListElement\":[{\"@type\":\"ListItem\",\"position\":1,\"name\":\"Portada\",\"item\":\"https:\\\/\\\/www.eldiario.net\\\/portal\\\/\"},{\"@type\":\"ListItem\",\"position\":2,\"name\":\"Firman convenio que incentiva a la investigaci\u00f3n y pasant\u00edas\"}]},{\"@type\":\"WebSite\",\"@id\":\"https:\\\/\\\/www.eldiario.net\\\/portal\\\/#website\",\"url\":\"https:\\\/\\\/www.eldiario.net\\\/portal\\\/\",\"name\":\"El Diario - Decano de la prensa nacional\",\"description\":\"El Diario - Decano de la prensa nacional\",\"publisher\":{\"@id\":\"https:\\\/\\\/www.eldiario.net\\\/portal\\\/#organization\"},\"potentialAction\":[{\"@type\":\"SearchAction\",\"target\":{\"@type\":\"EntryPoint\",\"urlTemplate\":\"https:\\\/\\\/www.eldiario.net\\\/portal\\\/?s={search_term_string}\"},\"query-input\":{\"@type\":\"PropertyValueSpecification\",\"valueRequired\":true,\"valueName\":\"search_term_string\"}}],\"inLanguage\":\"es\"},{\"@type\":\"Organization\",\"@id\":\"https:\\\/\\\/www.eldiario.net\\\/portal\\\/#organization\",\"name\":\"El Diario - Decano de la prensa nacional\",\"url\":\"https:\\\/\\\/www.eldiario.net\\\/portal\\\/\",\"logo\":{\"@type\":\"ImageObject\",\"inLanguage\":\"es\",\"@id\":\"https:\\\/\\\/www.eldiario.net\\\/portal\\\/#\\\/schema\\\/logo\\\/image\\\/\",\"url\":\"https:\\\/\\\/www.eldiario.net\\\/portal\\\/wp-content\\\/uploads\\\/2023\\\/07\\\/logo_ED.jpg\",\"contentUrl\":\"https:\\\/\\\/www.eldiario.net\\\/portal\\\/wp-content\\\/uploads\\\/2023\\\/07\\\/logo_ED.jpg\",\"width\":272,\"height\":52,\"caption\":\"El Diario - Decano de la prensa nacional\"},\"image\":{\"@id\":\"https:\\\/\\\/www.eldiario.net\\\/portal\\\/#\\\/schema\\\/logo\\\/image\\\/\"},\"sameAs\":[\"https:\\\/\\\/www.facebook.com\\\/eldiario.bolivia\\\/\",\"https:\\\/\\\/x.com\\\/eldiario_net\"]},{\"@type\":\"Person\",\"@id\":\"https:\\\/\\\/www.eldiario.net\\\/portal\\\/#\\\/schema\\\/person\\\/f46445640444750d7d753ccd04ae01b7\",\"name\":\"Jeanette\",\"image\":{\"@type\":\"ImageObject\",\"inLanguage\":\"es\",\"@id\":\"https:\\\/\\\/secure.gravatar.com\\\/avatar\\\/3ea2118a5f7dad2b7138b1187a6b7ee55f160b9968b66013c3a3ef39dd7e5798?s=96&d=mm&r=g\",\"url\":\"https:\\\/\\\/secure.gravatar.com\\\/avatar\\\/3ea2118a5f7dad2b7138b1187a6b7ee55f160b9968b66013c3a3ef39dd7e5798?s=96&d=mm&r=g\",\"contentUrl\":\"https:\\\/\\\/secure.gravatar.com\\\/avatar\\\/3ea2118a5f7dad2b7138b1187a6b7ee55f160b9968b66013c3a3ef39dd7e5798?s=96&d=mm&r=g\",\"caption\":\"Jeanette\"},\"sameAs\":[\"https:\\\/\\\/www.eldiario.net\\\/portal\"],\"url\":\"https:\\\/\\\/www.eldiario.net\\\/portal\\\/author\\\/jeanette\\\/\"}]}<\/script>\n<!-- \/ Yoast SEO plugin. -->","yoast_head_json":{"title":"Firman convenio que incentiva a la investigaci\u00f3n y pasant\u00edas - El Diario - Bolivia","robots":{"index":"index","follow":"follow","max-snippet":"max-snippet:-1","max-image-preview":"max-image-preview:large","max-video-preview":"max-video-preview:-1"},"canonical":"https:\/\/www.eldiario.net\/portal\/2026\/08\/31\/firman-convenio-que-incentiva-a-la-investigacion-y-pasantias\/","og_locale":"es_ES","og_type":"article","og_title":"Firman convenio que incentiva a la investigaci\u00f3n y pasant\u00edas - El Diario - Bolivia","og_description":"El Instituto del Seguro Agrario (INSA) y la Facultad de Ciencias Agr\u00edcolas y Pecuarias de la Universidad Mayor de San Sim\u00f3n (UMSS) de Cochabamba firmaron un convenio interinstitucional para impulsar la investigaci\u00f3n y la realizaci\u00f3n de pasant\u00edas. El documento fue suscrito \u201ccon el prop\u00f3sito de articular acciones de formaci\u00f3n acad\u00e9mica, investigaci\u00f3n, innovaci\u00f3n tecnol\u00f3gica, asistencia t\u00e9cnica [&hellip;]","og_url":"https:\/\/www.eldiario.net\/portal\/2026\/08\/31\/firman-convenio-que-incentiva-a-la-investigacion-y-pasantias\/","og_site_name":"El Diario - Bolivia","article_publisher":"https:\/\/www.facebook.com\/eldiario.bolivia\/","article_published_time":"2026-08-31T10:17:43+00:00","og_image":[{"width":800,"height":500,"url":"https:\/\/www.eldiario.net\/portal\/wp-content\/uploads\/2023\/12\/Nacional.jpg","type":"image\/jpeg"}],"author":"Jeanette","twitter_card":"summary_large_image","twitter_creator":"@eldiario_net","twitter_site":"@eldiario_net","twitter_misc":{"Escrito por":"Jeanette","Tiempo de lectura":"2 minutos"},"schema":{"@context":"https:\/\/schema.org","@graph":[{"@type":"Article","@id":"https:\/\/www.eldiario.net\/portal\/2026\/08\/31\/firman-convenio-que-incentiva-a-la-investigacion-y-pasantias\/#article","isPartOf":{"@id":"https:\/\/www.eldiario.net\/portal\/2026\/08\/31\/firman-convenio-que-incentiva-a-la-investigacion-y-pasantias\/"},"author":{"name":"Jeanette","@id":"https:\/\/www.eldiario.net\/portal\/#\/schema\/person\/f46445640444750d7d753ccd04ae01b7"},"headline":"Firman convenio que incentiva a la investigaci\u00f3n y pasant\u00edas","datePublished":"2026-08-31T10:17:43+00:00","mainEntityOfPage":{"@id":"https:\/\/www.eldiario.net\/portal\/2026\/08\/31\/firman-convenio-que-incentiva-a-la-investigacion-y-pasantias\/"},"wordCount":278,"publisher":{"@id":"https:\/\/www.eldiario.net\/portal\/#organization"},"image":{"@id":"https:\/\/www.eldiario.net\/portal\/2026\/08\/31\/firman-convenio-que-incentiva-a-la-investigacion-y-pasantias\/#primaryimage"},"thumbnailUrl":"https:\/\/www.eldiario.net\/portal\/wp-content\/uploads\/2023\/12\/Nacional.jpg","articleSection":["Nacional"],"inLanguage":"es"},{"@type":"WebPage","@id":"https:\/\/www.eldiario.net\/portal\/2026\/08\/31\/firman-convenio-que-incentiva-a-la-investigacion-y-pasantias\/","url":"https:\/\/www.eldiario.net\/portal\/2026\/08\/31\/firman-convenio-que-incentiva-a-la-investigacion-y-pasantias\/","name":"Firman convenio que incentiva a la investigaci\u00f3n y pasant\u00edas - El Diario - Bolivia","isPartOf":{"@id":"https:\/\/www.eldiario.net\/portal\/#website"},"primaryImageOfPage":{"@id":"https:\/\/www.eldiario.net\/portal\/2026\/08\/31\/firman-convenio-que-incentiva-a-la-investigacion-y-pasantias\/#primaryimage"},"image":{"@id":"https:\/\/www.eldiario.net\/portal\/2026\/08\/31\/firman-convenio-que-incentiva-a-la-investigacion-y-pasantias\/#primaryimage"},"thumbnailUrl":"https:\/\/www.eldiario.net\/portal\/wp-content\/uploads\/2023\/12\/Nacional.jpg","datePublished":"2026-08-31T10:17:43+00:00","breadcrumb":{"@id":"https:\/\/www.eldiario.net\/portal\/2026\/08\/31\/firman-convenio-que-incentiva-a-la-investigacion-y-pasantias\/#breadcrumb"},"inLanguage":"es","potentialAction":[{"@type":"ReadAction","target":["https:\/\/www.eldiario.net\/portal\/2026\/08\/31\/firman-convenio-que-incentiva-a-la-investigacion-y-pasantias\/"]}]},{"@type":"ImageObject","inLanguage":"es","@id":"https:\/\/www.eldiario.net\/portal\/2026\/08\/31\/firman-convenio-que-incentiva-a-la-investigacion-y-pasantias\/#primaryimage","url":"https:\/\/www.eldiario.net\/portal\/wp-content\/uploads\/2023\/12\/Nacional.jpg","contentUrl":"https:\/\/www.eldiario.net\/portal\/wp-content\/uploads\/2023\/12\/Nacional.jpg","width":800,"height":500},{"@type":"BreadcrumbList","@id":"https:\/\/www.eldiario.net\/portal\/2026\/08\/31\/firman-convenio-que-incentiva-a-la-investigacion-y-pasantias\/#breadcrumb","itemListElement":[{"@type":"ListItem","position":1,"name":"Portada","item":"https:\/\/www.eldiario.net\/portal\/"},{"@type":"ListItem","position":2,"name":"Firman convenio que incentiva a la investigaci\u00f3n y pasant\u00edas"}]},{"@type":"WebSite","@id":"https:\/\/www.eldiario.net\/portal\/#website","url":"https:\/\/www.eldiario.net\/portal\/","name":"El Diario - Decano de la prensa nacional","description":"El Diario - Decano de la prensa nacional","publisher":{"@id":"https:\/\/www.eldiario.net\/portal\/#organization"},"potentialAction":[{"@type":"SearchAction","target":{"@type":"EntryPoint","urlTemplate":"https:\/\/www.eldiario.net\/portal\/?s={search_term_string}"},"query-input":{"@type":"PropertyValueSpecification","valueRequired":true,"valueName":"search_term_string"}}],"inLanguage":"es"},{"@type":"Organization","@id":"https:\/\/www.eldiario.net\/portal\/#organization","name":"El Diario - Decano de la prensa nacional","url":"https:\/\/www.eldiario.net\/portal\/","logo":{"@type":"ImageObject","inLanguage":"es","@id":"https:\/\/www.eldiario.net\/portal\/#\/schema\/logo\/image\/","url":"https:\/\/www.eldiario.net\/portal\/wp-content\/uploads\/2023\/07\/logo_ED.jpg","contentUrl":"https:\/\/www.eldiario.net\/portal\/wp-content\/uploads\/2023\/07\/logo_ED.jpg","width":272,"height":52,"caption":"El Diario - Decano de la prensa nacional"},"image":{"@id":"https:\/\/www.eldiario.net\/portal\/#\/schema\/logo\/image\/"},"sameAs":["https:\/\/www.facebook.com\/eldiario.bolivia\/","https:\/\/x.com\/eldiario_net"]},{"@type":"Person","@id":"https:\/\/www.eldiario.net\/portal\/#\/schema\/person\/f46445640444750d7d753ccd04ae01b7","name":"Jeanette","image":{"@type":"ImageObject","inLanguage":"es","@id":"https:\/\/secure.gravatar.com\/avatar\/3ea2118a5f7dad2b7138b1187a6b7ee55f160b9968b66013c3a3ef39dd7e5798?s=96&d=mm&r=g","url":"https:\/\/secure.gravatar.com\/avatar\/3ea2118a5f7dad2b7138b1187a6b7ee55f160b9968b66013c3a3ef39dd7e5798?s=96&d=mm&r=g","contentUrl":"https:\/\/secure.gravatar.com\/avatar\/3ea2118a5f7dad2b7138b1187a6b7ee55f160b9968b66013c3a3ef39dd7e5798?s=96&d=mm&r=g","caption":"Jeanette"},"sameAs":["https:\/\/www.eldiario.net\/portal"],"url":"https:\/\/www.eldiario.net\/portal\/author\/jeanette\/"}]}},"_links":{"self":[{"href":"https:\/\/www.eldiario.net\/portal\/wp-json\/wp\/v2\/posts\/426352","targetHints":{"allow":["GET"]}}],"collection":[{"href":"https:\/\/www.eldiario.net\/portal\/wp-json\/wp\/v2\/posts"}],"about":[{"href":"https:\/\/www.eldiario.net\/portal\/wp-json\/wp\/v2\/types\/post"}],"author":[{"embeddable":true,"href":"https:\/\/www.eldiario.net\/portal\/wp-json\/wp\/v2\/users\/1"}],"replies":[{"embeddable":true,"href":"https:\/\/www.eldiario.net\/portal\/wp-json\/wp\/v2\/comments?post=426352"}],"version-history":[{"count":1,"href":"https:\/\/www.eldiario.net\/portal\/wp-json\/wp\/v2\/posts\/426352\/revisions"}],"predecessor-version":[{"id":426353,"href":"https:\/\/www.eldiario.net\/portal\/wp-json\/wp\/v2\/posts\/426352\/revisions\/426353"}],"wp:featuredmedia":[{"embeddable":true,"href":"https:\/\/www.eldiario.net\/portal\/wp-json\/wp\/v2\/media\/194726"}],"wp:attachment":[{"href":"https:\/\/www.eldiario.net\/portal\/wp-json\/wp\/v2\/media?parent=426352"}],"wp:term":[{"taxonomy":"category","embeddable":true,"href":"https:\/\/www.eldiario.net\/portal\/wp-json\/wp\/v2\/categories?post=426352"},{"taxonomy":"post_tag","embeddable":true,"href":"https:\/\/www.eldiario.net\/portal\/wp-json\/wp\/v2\/tags?post=426352"}],"curies":[{"name":"wp","href":"https:\/\/api.w.org\/{rel}","templated":true}]}}