{"id":426349,"date":"2026-08-31T06:17:03","date_gmt":"2026-08-31T10:17:03","guid":{"rendered":"https:\/\/www.eldiario.net\/portal\/?p=426349"},"modified":"2026-08-31T06:17:03","modified_gmt":"2026-08-31T10:17:03","slug":"gestionan-incorporacion-de-cuatro-tramos-a-la-red-vial","status":"publish","type":"post","link":"https:\/\/www.eldiario.net\/portal\/2026\/08\/31\/gestionan-incorporacion-de-cuatro-tramos-a-la-red-vial\/","title":{"rendered":"Gestionan incorporaci\u00f3n de  cuatro tramos a la Red Vial"},"content":{"rendered":"<p>La Administradora Boliviana de Carreteras (ABC) sostuvo una reuni\u00f3n de coordinaci\u00f3n t\u00e9cnica y legal con el Servicio Departamental de Caminos (Sedcam), la Gobernaci\u00f3n de Pando y un parlamentario, con el objetivo de agilizar la incorporaci\u00f3n de cuatro tramos departamentales a la Red Vial Fundamental (RVF), en el marco de las pol\u00edticas de integraci\u00f3n territorial y fortalecimiento de la infraestructura amaz\u00f3nica.<br \/>\nLas rutas comprendidas en este proceso de transferencia son: Esp\u00edritu \u2013 Soberan\u00eda, Santa Rosa \u2013 Puerto Montevideo, Guayaramer\u00edn \u2013 Cachuela Esperanza \u2013 Puerto Consuelo II \u2013 Nueva Esperanza \u2013 Fortaleza y Mukden \u2013 San Pedro de Bolpebra, corredores estrat\u00e9gicos para el transporte productivo, la integraci\u00f3n fronteriza y el desarrollo social del departamento.<br \/>\nDurante el encuentro, el gerente regional de la ABC Pando, Vladimir Rodr\u00edguez, destac\u00f3 que se definieron hojas de ruta para la entrega de la documentaci\u00f3n t\u00e9cnica restante y la proyecci\u00f3n de presupuesto en el Plan Operativo Anual (POA) 2026\u20132027 para garantizar el mantenimiento preventivo de las v\u00edas una vez consolidado el traspaso.<br \/>\nEl senador Julio Roma\u00f1a y el director del Sedcam, Jaime Negrete, expresaron su apoyo a la predisposici\u00f3n de trabajar de manera conjunta para dotar de mayor transitabilidad a las comunidades beneficiadas.<br \/>\n\u201cSon cuatro tramos que van a fortalecer la infraestructura caminera en el departamento de Pando. Esto permitir\u00e1 una mayor transitabilidad y un beneficio directo para nuestra poblaci\u00f3n\u201d, destac\u00f3 el parlamentario. (ABI)<br \/>\nPie de foto: Foto:<\/p>\n","protected":false},"excerpt":{"rendered":"<p>La Administradora Boliviana de Carreteras (ABC) sostuvo una reuni\u00f3n de coordinaci\u00f3n t\u00e9cnica y legal con el Servicio Departamental de Caminos (Sedcam), la Gobernaci\u00f3n de Pando y un parlamentario, con el objetivo de agilizar la incorporaci\u00f3n de cuatro tramos departamentales a la Red Vial Fundamental (RVF), en el marco de las pol\u00edticas de integraci\u00f3n territorial y [&hellip;]<\/p>\n","protected":false},"author":1,"featured_media":426350,"comment_status":"closed","ping_status":"open","sticky":false,"template":"","format":"standard","meta":{"_acf_changed":false,"footnotes":""},"categories":[12],"tags":[],"class_list":["post-426349","post","type-post","status-publish","format-standard","has-post-thumbnail","category-nacional"],"acf":{"antetitulo":"Pando"},"yoast_head":"<!-- This site is optimized with the Yoast SEO plugin v28.3 - https:\/\/yoast.com\/product\/yoast-seo-wordpress\/ -->\n<title>Gestionan incorporaci\u00f3n de cuatro tramos a la Red Vial - El Diario - Bolivia<\/title>\n<meta name=\"robots\" content=\"index, follow, max-snippet:-1, max-image-preview:large, max-video-preview:-1\" \/>\n<link rel=\"canonical\" href=\"https:\/\/www.eldiario.net\/portal\/2026\/08\/31\/gestionan-incorporacion-de-cuatro-tramos-a-la-red-vial\/\" \/>\n<meta property=\"og:locale\" content=\"es_ES\" \/>\n<meta property=\"og:type\" content=\"article\" \/>\n<meta property=\"og:title\" content=\"Gestionan incorporaci\u00f3n de cuatro tramos a la Red Vial - El Diario - Bolivia\" \/>\n<meta property=\"og:description\" content=\"La Administradora Boliviana de Carreteras (ABC) sostuvo una reuni\u00f3n de coordinaci\u00f3n t\u00e9cnica y legal con el Servicio Departamental de Caminos (Sedcam), la Gobernaci\u00f3n de Pando y un parlamentario, con el objetivo de agilizar la incorporaci\u00f3n de cuatro tramos departamentales a la Red Vial Fundamental (RVF), en el marco de las pol\u00edticas de integraci\u00f3n territorial y [&hellip;]\" \/>\n<meta property=\"og:url\" content=\"https:\/\/www.eldiario.net\/portal\/2026\/08\/31\/gestionan-incorporacion-de-cuatro-tramos-a-la-red-vial\/\" \/>\n<meta property=\"og:site_name\" content=\"El Diario - Bolivia\" \/>\n<meta property=\"article:publisher\" content=\"https:\/\/www.facebook.com\/eldiario.bolivia\/\" \/>\n<meta property=\"article:published_time\" content=\"2026-08-31T10:17:03+00:00\" \/>\n<meta property=\"og:image\" content=\"https:\/\/www.eldiario.net\/portal\/wp-content\/uploads\/2026\/08\/73-NAL-6.webp\" \/>\n\t<meta property=\"og:image:width\" content=\"1280\" \/>\n\t<meta property=\"og:image:height\" content=\"960\" \/>\n\t<meta property=\"og:image:type\" content=\"image\/webp\" \/>\n<meta name=\"author\" content=\"Jeanette\" \/>\n<meta name=\"twitter:card\" content=\"summary_large_image\" \/>\n<meta name=\"twitter:creator\" content=\"@eldiario_net\" \/>\n<meta name=\"twitter:site\" content=\"@eldiario_net\" \/>\n<meta name=\"twitter:label1\" content=\"Escrito por\" \/>\n\t<meta name=\"twitter:data1\" content=\"Jeanette\" \/>\n\t<meta name=\"twitter:label2\" content=\"Tiempo de lectura\" \/>\n\t<meta name=\"twitter:data2\" content=\"2 minutos\" \/>\n<script type=\"application\/ld+json\" class=\"yoast-schema-graph\">{\"@context\":\"https:\\\/\\\/schema.org\",\"@graph\":[{\"@type\":\"Article\",\"@id\":\"https:\\\/\\\/www.eldiario.net\\\/portal\\\/2026\\\/08\\\/31\\\/gestionan-incorporacion-de-cuatro-tramos-a-la-red-vial\\\/#article\",\"isPartOf\":{\"@id\":\"https:\\\/\\\/www.eldiario.net\\\/portal\\\/2026\\\/08\\\/31\\\/gestionan-incorporacion-de-cuatro-tramos-a-la-red-vial\\\/\"},\"author\":{\"name\":\"Jeanette\",\"@id\":\"https:\\\/\\\/www.eldiario.net\\\/portal\\\/#\\\/schema\\\/person\\\/f46445640444750d7d753ccd04ae01b7\"},\"headline\":\"Gestionan incorporaci\u00f3n de cuatro tramos a la Red Vial\",\"datePublished\":\"2026-08-31T10:17:03+00:00\",\"mainEntityOfPage\":{\"@id\":\"https:\\\/\\\/www.eldiario.net\\\/portal\\\/2026\\\/08\\\/31\\\/gestionan-incorporacion-de-cuatro-tramos-a-la-red-vial\\\/\"},\"wordCount\":253,\"publisher\":{\"@id\":\"https:\\\/\\\/www.eldiario.net\\\/portal\\\/#organization\"},\"image\":{\"@id\":\"https:\\\/\\\/www.eldiario.net\\\/portal\\\/2026\\\/08\\\/31\\\/gestionan-incorporacion-de-cuatro-tramos-a-la-red-vial\\\/#primaryimage\"},\"thumbnailUrl\":\"https:\\\/\\\/www.eldiario.net\\\/portal\\\/wp-content\\\/uploads\\\/2026\\\/08\\\/73-NAL-6.webp\",\"articleSection\":[\"Nacional\"],\"inLanguage\":\"es\"},{\"@type\":\"WebPage\",\"@id\":\"https:\\\/\\\/www.eldiario.net\\\/portal\\\/2026\\\/08\\\/31\\\/gestionan-incorporacion-de-cuatro-tramos-a-la-red-vial\\\/\",\"url\":\"https:\\\/\\\/www.eldiario.net\\\/portal\\\/2026\\\/08\\\/31\\\/gestionan-incorporacion-de-cuatro-tramos-a-la-red-vial\\\/\",\"name\":\"Gestionan incorporaci\u00f3n de cuatro tramos a la Red Vial - El Diario - Bolivia\",\"isPartOf\":{\"@id\":\"https:\\\/\\\/www.eldiario.net\\\/portal\\\/#website\"},\"primaryImageOfPage\":{\"@id\":\"https:\\\/\\\/www.eldiario.net\\\/portal\\\/2026\\\/08\\\/31\\\/gestionan-incorporacion-de-cuatro-tramos-a-la-red-vial\\\/#primaryimage\"},\"image\":{\"@id\":\"https:\\\/\\\/www.eldiario.net\\\/portal\\\/2026\\\/08\\\/31\\\/gestionan-incorporacion-de-cuatro-tramos-a-la-red-vial\\\/#primaryimage\"},\"thumbnailUrl\":\"https:\\\/\\\/www.eldiario.net\\\/portal\\\/wp-content\\\/uploads\\\/2026\\\/08\\\/73-NAL-6.webp\",\"datePublished\":\"2026-08-31T10:17:03+00:00\",\"breadcrumb\":{\"@id\":\"https:\\\/\\\/www.eldiario.net\\\/portal\\\/2026\\\/08\\\/31\\\/gestionan-incorporacion-de-cuatro-tramos-a-la-red-vial\\\/#breadcrumb\"},\"inLanguage\":\"es\",\"potentialAction\":[{\"@type\":\"ReadAction\",\"target\":[\"https:\\\/\\\/www.eldiario.net\\\/portal\\\/2026\\\/08\\\/31\\\/gestionan-incorporacion-de-cuatro-tramos-a-la-red-vial\\\/\"]}]},{\"@type\":\"ImageObject\",\"inLanguage\":\"es\",\"@id\":\"https:\\\/\\\/www.eldiario.net\\\/portal\\\/2026\\\/08\\\/31\\\/gestionan-incorporacion-de-cuatro-tramos-a-la-red-vial\\\/#primaryimage\",\"url\":\"https:\\\/\\\/www.eldiario.net\\\/portal\\\/wp-content\\\/uploads\\\/2026\\\/08\\\/73-NAL-6.webp\",\"contentUrl\":\"https:\\\/\\\/www.eldiario.net\\\/portal\\\/wp-content\\\/uploads\\\/2026\\\/08\\\/73-NAL-6.webp\",\"width\":1280,\"height\":960,\"caption\":\"Ejecutivos de la ABC y autoridades de Pando se reunieron para gestionar cuatro tramos.\"},{\"@type\":\"BreadcrumbList\",\"@id\":\"https:\\\/\\\/www.eldiario.net\\\/portal\\\/2026\\\/08\\\/31\\\/gestionan-incorporacion-de-cuatro-tramos-a-la-red-vial\\\/#breadcrumb\",\"itemListElement\":[{\"@type\":\"ListItem\",\"position\":1,\"name\":\"Portada\",\"item\":\"https:\\\/\\\/www.eldiario.net\\\/portal\\\/\"},{\"@type\":\"ListItem\",\"position\":2,\"name\":\"Gestionan incorporaci\u00f3n de cuatro tramos a la Red Vial\"}]},{\"@type\":\"WebSite\",\"@id\":\"https:\\\/\\\/www.eldiario.net\\\/portal\\\/#website\",\"url\":\"https:\\\/\\\/www.eldiario.net\\\/portal\\\/\",\"name\":\"El Diario - Decano de la prensa nacional\",\"description\":\"El Diario - Decano de la prensa nacional\",\"publisher\":{\"@id\":\"https:\\\/\\\/www.eldiario.net\\\/portal\\\/#organization\"},\"potentialAction\":[{\"@type\":\"SearchAction\",\"target\":{\"@type\":\"EntryPoint\",\"urlTemplate\":\"https:\\\/\\\/www.eldiario.net\\\/portal\\\/?s={search_term_string}\"},\"query-input\":{\"@type\":\"PropertyValueSpecification\",\"valueRequired\":true,\"valueName\":\"search_term_string\"}}],\"inLanguage\":\"es\"},{\"@type\":\"Organization\",\"@id\":\"https:\\\/\\\/www.eldiario.net\\\/portal\\\/#organization\",\"name\":\"El Diario - Decano de la prensa nacional\",\"url\":\"https:\\\/\\\/www.eldiario.net\\\/portal\\\/\",\"logo\":{\"@type\":\"ImageObject\",\"inLanguage\":\"es\",\"@id\":\"https:\\\/\\\/www.eldiario.net\\\/portal\\\/#\\\/schema\\\/logo\\\/image\\\/\",\"url\":\"https:\\\/\\\/www.eldiario.net\\\/portal\\\/wp-content\\\/uploads\\\/2023\\\/07\\\/logo_ED.jpg\",\"contentUrl\":\"https:\\\/\\\/www.eldiario.net\\\/portal\\\/wp-content\\\/uploads\\\/2023\\\/07\\\/logo_ED.jpg\",\"width\":272,\"height\":52,\"caption\":\"El Diario - Decano de la prensa nacional\"},\"image\":{\"@id\":\"https:\\\/\\\/www.eldiario.net\\\/portal\\\/#\\\/schema\\\/logo\\\/image\\\/\"},\"sameAs\":[\"https:\\\/\\\/www.facebook.com\\\/eldiario.bolivia\\\/\",\"https:\\\/\\\/x.com\\\/eldiario_net\"]},{\"@type\":\"Person\",\"@id\":\"https:\\\/\\\/www.eldiario.net\\\/portal\\\/#\\\/schema\\\/person\\\/f46445640444750d7d753ccd04ae01b7\",\"name\":\"Jeanette\",\"image\":{\"@type\":\"ImageObject\",\"inLanguage\":\"es\",\"@id\":\"https:\\\/\\\/secure.gravatar.com\\\/avatar\\\/3ea2118a5f7dad2b7138b1187a6b7ee55f160b9968b66013c3a3ef39dd7e5798?s=96&d=mm&r=g\",\"url\":\"https:\\\/\\\/secure.gravatar.com\\\/avatar\\\/3ea2118a5f7dad2b7138b1187a6b7ee55f160b9968b66013c3a3ef39dd7e5798?s=96&d=mm&r=g\",\"contentUrl\":\"https:\\\/\\\/secure.gravatar.com\\\/avatar\\\/3ea2118a5f7dad2b7138b1187a6b7ee55f160b9968b66013c3a3ef39dd7e5798?s=96&d=mm&r=g\",\"caption\":\"Jeanette\"},\"sameAs\":[\"https:\\\/\\\/www.eldiario.net\\\/portal\"],\"url\":\"https:\\\/\\\/www.eldiario.net\\\/portal\\\/author\\\/jeanette\\\/\"}]}<\/script>\n<!-- \/ Yoast SEO plugin. -->","yoast_head_json":{"title":"Gestionan incorporaci\u00f3n de cuatro tramos a la Red Vial - El Diario - Bolivia","robots":{"index":"index","follow":"follow","max-snippet":"max-snippet:-1","max-image-preview":"max-image-preview:large","max-video-preview":"max-video-preview:-1"},"canonical":"https:\/\/www.eldiario.net\/portal\/2026\/08\/31\/gestionan-incorporacion-de-cuatro-tramos-a-la-red-vial\/","og_locale":"es_ES","og_type":"article","og_title":"Gestionan incorporaci\u00f3n de cuatro tramos a la Red Vial - El Diario - Bolivia","og_description":"La Administradora Boliviana de Carreteras (ABC) sostuvo una reuni\u00f3n de coordinaci\u00f3n t\u00e9cnica y legal con el Servicio Departamental de Caminos (Sedcam), la Gobernaci\u00f3n de Pando y un parlamentario, con el objetivo de agilizar la incorporaci\u00f3n de cuatro tramos departamentales a la Red Vial Fundamental (RVF), en el marco de las pol\u00edticas de integraci\u00f3n territorial y [&hellip;]","og_url":"https:\/\/www.eldiario.net\/portal\/2026\/08\/31\/gestionan-incorporacion-de-cuatro-tramos-a-la-red-vial\/","og_site_name":"El Diario - Bolivia","article_publisher":"https:\/\/www.facebook.com\/eldiario.bolivia\/","article_published_time":"2026-08-31T10:17:03+00:00","og_image":[{"width":1280,"height":960,"url":"https:\/\/www.eldiario.net\/portal\/wp-content\/uploads\/2026\/08\/73-NAL-6.webp","type":"image\/webp"}],"author":"Jeanette","twitter_card":"summary_large_image","twitter_creator":"@eldiario_net","twitter_site":"@eldiario_net","twitter_misc":{"Escrito por":"Jeanette","Tiempo de lectura":"2 minutos"},"schema":{"@context":"https:\/\/schema.org","@graph":[{"@type":"Article","@id":"https:\/\/www.eldiario.net\/portal\/2026\/08\/31\/gestionan-incorporacion-de-cuatro-tramos-a-la-red-vial\/#article","isPartOf":{"@id":"https:\/\/www.eldiario.net\/portal\/2026\/08\/31\/gestionan-incorporacion-de-cuatro-tramos-a-la-red-vial\/"},"author":{"name":"Jeanette","@id":"https:\/\/www.eldiario.net\/portal\/#\/schema\/person\/f46445640444750d7d753ccd04ae01b7"},"headline":"Gestionan incorporaci\u00f3n de cuatro tramos a la Red Vial","datePublished":"2026-08-31T10:17:03+00:00","mainEntityOfPage":{"@id":"https:\/\/www.eldiario.net\/portal\/2026\/08\/31\/gestionan-incorporacion-de-cuatro-tramos-a-la-red-vial\/"},"wordCount":253,"publisher":{"@id":"https:\/\/www.eldiario.net\/portal\/#organization"},"image":{"@id":"https:\/\/www.eldiario.net\/portal\/2026\/08\/31\/gestionan-incorporacion-de-cuatro-tramos-a-la-red-vial\/#primaryimage"},"thumbnailUrl":"https:\/\/www.eldiario.net\/portal\/wp-content\/uploads\/2026\/08\/73-NAL-6.webp","articleSection":["Nacional"],"inLanguage":"es"},{"@type":"WebPage","@id":"https:\/\/www.eldiario.net\/portal\/2026\/08\/31\/gestionan-incorporacion-de-cuatro-tramos-a-la-red-vial\/","url":"https:\/\/www.eldiario.net\/portal\/2026\/08\/31\/gestionan-incorporacion-de-cuatro-tramos-a-la-red-vial\/","name":"Gestionan incorporaci\u00f3n de cuatro tramos a la Red Vial - El Diario - Bolivia","isPartOf":{"@id":"https:\/\/www.eldiario.net\/portal\/#website"},"primaryImageOfPage":{"@id":"https:\/\/www.eldiario.net\/portal\/2026\/08\/31\/gestionan-incorporacion-de-cuatro-tramos-a-la-red-vial\/#primaryimage"},"image":{"@id":"https:\/\/www.eldiario.net\/portal\/2026\/08\/31\/gestionan-incorporacion-de-cuatro-tramos-a-la-red-vial\/#primaryimage"},"thumbnailUrl":"https:\/\/www.eldiario.net\/portal\/wp-content\/uploads\/2026\/08\/73-NAL-6.webp","datePublished":"2026-08-31T10:17:03+00:00","breadcrumb":{"@id":"https:\/\/www.eldiario.net\/portal\/2026\/08\/31\/gestionan-incorporacion-de-cuatro-tramos-a-la-red-vial\/#breadcrumb"},"inLanguage":"es","potentialAction":[{"@type":"ReadAction","target":["https:\/\/www.eldiario.net\/portal\/2026\/08\/31\/gestionan-incorporacion-de-cuatro-tramos-a-la-red-vial\/"]}]},{"@type":"ImageObject","inLanguage":"es","@id":"https:\/\/www.eldiario.net\/portal\/2026\/08\/31\/gestionan-incorporacion-de-cuatro-tramos-a-la-red-vial\/#primaryimage","url":"https:\/\/www.eldiario.net\/portal\/wp-content\/uploads\/2026\/08\/73-NAL-6.webp","contentUrl":"https:\/\/www.eldiario.net\/portal\/wp-content\/uploads\/2026\/08\/73-NAL-6.webp","width":1280,"height":960,"caption":"Ejecutivos de la ABC y autoridades de Pando se reunieron para gestionar cuatro tramos."},{"@type":"BreadcrumbList","@id":"https:\/\/www.eldiario.net\/portal\/2026\/08\/31\/gestionan-incorporacion-de-cuatro-tramos-a-la-red-vial\/#breadcrumb","itemListElement":[{"@type":"ListItem","position":1,"name":"Portada","item":"https:\/\/www.eldiario.net\/portal\/"},{"@type":"ListItem","position":2,"name":"Gestionan incorporaci\u00f3n de cuatro tramos a la Red Vial"}]},{"@type":"WebSite","@id":"https:\/\/www.eldiario.net\/portal\/#website","url":"https:\/\/www.eldiario.net\/portal\/","name":"El Diario - Decano de la prensa nacional","description":"El Diario - Decano de la prensa nacional","publisher":{"@id":"https:\/\/www.eldiario.net\/portal\/#organization"},"potentialAction":[{"@type":"SearchAction","target":{"@type":"EntryPoint","urlTemplate":"https:\/\/www.eldiario.net\/portal\/?s={search_term_string}"},"query-input":{"@type":"PropertyValueSpecification","valueRequired":true,"valueName":"search_term_string"}}],"inLanguage":"es"},{"@type":"Organization","@id":"https:\/\/www.eldiario.net\/portal\/#organization","name":"El Diario - Decano de la prensa nacional","url":"https:\/\/www.eldiario.net\/portal\/","logo":{"@type":"ImageObject","inLanguage":"es","@id":"https:\/\/www.eldiario.net\/portal\/#\/schema\/logo\/image\/","url":"https:\/\/www.eldiario.net\/portal\/wp-content\/uploads\/2023\/07\/logo_ED.jpg","contentUrl":"https:\/\/www.eldiario.net\/portal\/wp-content\/uploads\/2023\/07\/logo_ED.jpg","width":272,"height":52,"caption":"El Diario - Decano de la prensa nacional"},"image":{"@id":"https:\/\/www.eldiario.net\/portal\/#\/schema\/logo\/image\/"},"sameAs":["https:\/\/www.facebook.com\/eldiario.bolivia\/","https:\/\/x.com\/eldiario_net"]},{"@type":"Person","@id":"https:\/\/www.eldiario.net\/portal\/#\/schema\/person\/f46445640444750d7d753ccd04ae01b7","name":"Jeanette","image":{"@type":"ImageObject","inLanguage":"es","@id":"https:\/\/secure.gravatar.com\/avatar\/3ea2118a5f7dad2b7138b1187a6b7ee55f160b9968b66013c3a3ef39dd7e5798?s=96&d=mm&r=g","url":"https:\/\/secure.gravatar.com\/avatar\/3ea2118a5f7dad2b7138b1187a6b7ee55f160b9968b66013c3a3ef39dd7e5798?s=96&d=mm&r=g","contentUrl":"https:\/\/secure.gravatar.com\/avatar\/3ea2118a5f7dad2b7138b1187a6b7ee55f160b9968b66013c3a3ef39dd7e5798?s=96&d=mm&r=g","caption":"Jeanette"},"sameAs":["https:\/\/www.eldiario.net\/portal"],"url":"https:\/\/www.eldiario.net\/portal\/author\/jeanette\/"}]}},"_links":{"self":[{"href":"https:\/\/www.eldiario.net\/portal\/wp-json\/wp\/v2\/posts\/426349","targetHints":{"allow":["GET"]}}],"collection":[{"href":"https:\/\/www.eldiario.net\/portal\/wp-json\/wp\/v2\/posts"}],"about":[{"href":"https:\/\/www.eldiario.net\/portal\/wp-json\/wp\/v2\/types\/post"}],"author":[{"embeddable":true,"href":"https:\/\/www.eldiario.net\/portal\/wp-json\/wp\/v2\/users\/1"}],"replies":[{"embeddable":true,"href":"https:\/\/www.eldiario.net\/portal\/wp-json\/wp\/v2\/comments?post=426349"}],"version-history":[{"count":1,"href":"https:\/\/www.eldiario.net\/portal\/wp-json\/wp\/v2\/posts\/426349\/revisions"}],"predecessor-version":[{"id":426351,"href":"https:\/\/www.eldiario.net\/portal\/wp-json\/wp\/v2\/posts\/426349\/revisions\/426351"}],"wp:featuredmedia":[{"embeddable":true,"href":"https:\/\/www.eldiario.net\/portal\/wp-json\/wp\/v2\/media\/426350"}],"wp:attachment":[{"href":"https:\/\/www.eldiario.net\/portal\/wp-json\/wp\/v2\/media?parent=426349"}],"wp:term":[{"taxonomy":"category","embeddable":true,"href":"https:\/\/www.eldiario.net\/portal\/wp-json\/wp\/v2\/categories?post=426349"},{"taxonomy":"post_tag","embeddable":true,"href":"https:\/\/www.eldiario.net\/portal\/wp-json\/wp\/v2\/tags?post=426349"}],"curies":[{"name":"wp","href":"https:\/\/api.w.org\/{rel}","templated":true}]}}