{"id":426337,"date":"2026-08-31T01:10:02","date_gmt":"2026-08-31T05:10:02","guid":{"rendered":"https:\/\/www.eldiario.net\/portal\/?p=426337"},"modified":"2026-08-30T23:10:49","modified_gmt":"2026-08-31T03:10:49","slug":"credito-del-fmi-enfrenta-reparos-en-el-legislativo","status":"publish","type":"post","link":"https:\/\/www.eldiario.net\/portal\/2026\/08\/31\/credito-del-fmi-enfrenta-reparos-en-el-legislativo\/","title":{"rendered":"Cr\u00e9dito del FMI enfrenta  reparos en el Legislativo"},"content":{"rendered":"<p>La forma en que el Gobierno explica el destino del cr\u00e9dito de $us 1.900 millones del Fondo Monetario Internacional (FMI) est\u00e1 complicando su aprobaci\u00f3n en la Asamblea Legislativa, debido a que se vinculan esos recursos con obras de infraestructura que no corresponden al objetivo del financiamiento, afirm\u00f3 el analista Oswaldo Irusta D\u00edaz.<br \/>\n\u201cEl cr\u00e9dito del FMI por USD 1.900 millones no es un fondo para carreteras ni hospitales. Es un instrumento de estabilizaci\u00f3n macroecon\u00f3mica destinado a fortalecer las reservas internacionales, reducir el riesgo pa\u00eds y recuperar liquidez en d\u00f3lares dentro del sistema financiero\u201d, explic\u00f3.<br \/>\nIrusta se\u00f1al\u00f3 que un cr\u00e9dito del FMI tiene como finalidad reforzar la posici\u00f3n externa del pa\u00eds y que los recursos deben dirigirse a las reservas del Banco Central de Bolivia (BCB).<br \/>\n\u201cUn cr\u00e9dito del FMI solo puede usarse para reforzar la posici\u00f3n externa del pa\u00eds, por eso va directamente a las reservas del BCB\u201d, sostuvo.<br \/>\nAdem\u00e1s, indic\u00f3 que el fortalecimiento de las reservas permitir\u00eda disminuir la percepci\u00f3n de insolvencia y facilitar el acceso del pa\u00eds a nuevos recursos provenientes de organismos internacionales o inversionistas privados.<br \/>\nIrusta diferenci\u00f3 estos recursos de los cr\u00e9ditos destinados a infraestructura y se\u00f1al\u00f3 que las inversiones en carreteras, log\u00edstica e integraci\u00f3n fronteriza depender\u00e1n de financiamientos del Banco Interamericano de Desarrollo (BID) y de la CAF, que todav\u00eda no fueron aprobados.<br \/>\nAdvirti\u00f3 que mezclar ambos tipos de financiamiento genera expectativas que no corresponden al destino de los recursos provenientes del FMI.<br \/>\n\u201cConfundir ambos montos genera expectativas irreales y alimenta la falsa idea de que el FMI financia obras p\u00fablicas\u201d, asever\u00f3.<br \/>\nA criterio del analista, una presentaci\u00f3n centrada en el objetivo macroecon\u00f3mico del cr\u00e9dito facilitar\u00eda su tratamiento en la Asamblea Legislativa Plurinacional (ALP).<br \/>\n\u201cSi el Gobierno presentara el cr\u00e9dito del FMI solo con su objeto real: fortalecer reservas y estabilizar la balanza de pagos\u201d, la aprobaci\u00f3n legislativa ser\u00eda, seg\u00fan Irusta, m\u00e1s r\u00e1pida y menos conflictiva.<br \/>\n\u201cEsta narrativa equivocada puede terminar entorpeciendo la aprobaci\u00f3n de un pr\u00e9stamo que exige precisi\u00f3n macroecon\u00f3mica, no expectativas de inversi\u00f3n p\u00fablica\u201d, concluy\u00f3.<\/p>\n","protected":false},"excerpt":{"rendered":"<p>La forma en que el Gobierno explica el destino del cr\u00e9dito de $us 1.900 millones del Fondo Monetario Internacional (FMI) est\u00e1 complicando su aprobaci\u00f3n en la Asamblea Legislativa, debido a que se vinculan esos recursos con obras de infraestructura que no corresponden al objetivo del financiamiento, afirm\u00f3 el analista Oswaldo Irusta D\u00edaz. \u201cEl cr\u00e9dito del [&hellip;]<\/p>\n","protected":false},"author":1,"featured_media":426338,"comment_status":"closed","ping_status":"open","sticky":false,"template":"","format":"standard","meta":{"_acf_changed":false,"footnotes":""},"categories":[17],"tags":[],"class_list":["post-426337","post","type-post","status-publish","format-standard","has-post-thumbnail","category-principal"],"acf":{"antetitulo":"Por la explicaci\u00f3n que dio el Ejecutivo"},"yoast_head":"<!-- This site is optimized with the Yoast SEO plugin v28.3 - https:\/\/yoast.com\/product\/yoast-seo-wordpress\/ -->\n<title>Cr\u00e9dito del FMI enfrenta reparos en el Legislativo - El Diario - Bolivia<\/title>\n<meta name=\"robots\" content=\"index, follow, max-snippet:-1, max-image-preview:large, max-video-preview:-1\" \/>\n<link rel=\"canonical\" href=\"https:\/\/www.eldiario.net\/portal\/2026\/08\/31\/credito-del-fmi-enfrenta-reparos-en-el-legislativo\/\" \/>\n<meta property=\"og:locale\" content=\"es_ES\" \/>\n<meta property=\"og:type\" content=\"article\" \/>\n<meta property=\"og:title\" content=\"Cr\u00e9dito del FMI enfrenta reparos en el Legislativo - El Diario - Bolivia\" \/>\n<meta property=\"og:description\" content=\"La forma en que el Gobierno explica el destino del cr\u00e9dito de $us 1.900 millones del Fondo Monetario Internacional (FMI) est\u00e1 complicando su aprobaci\u00f3n en la Asamblea Legislativa, debido a que se vinculan esos recursos con obras de infraestructura que no corresponden al objetivo del financiamiento, afirm\u00f3 el analista Oswaldo Irusta D\u00edaz. \u201cEl cr\u00e9dito del [&hellip;]\" \/>\n<meta property=\"og:url\" content=\"https:\/\/www.eldiario.net\/portal\/2026\/08\/31\/credito-del-fmi-enfrenta-reparos-en-el-legislativo\/\" \/>\n<meta property=\"og:site_name\" content=\"El Diario - Bolivia\" \/>\n<meta property=\"article:publisher\" content=\"https:\/\/www.facebook.com\/eldiario.bolivia\/\" \/>\n<meta property=\"article:published_time\" content=\"2026-08-31T05:10:02+00:00\" \/>\n<meta property=\"og:image\" content=\"https:\/\/www.eldiario.net\/portal\/wp-content\/uploads\/2026\/08\/P-1-5.webp\" \/>\n\t<meta property=\"og:image:width\" content=\"696\" \/>\n\t<meta property=\"og:image:height\" content=\"464\" \/>\n\t<meta property=\"og:image:type\" content=\"image\/webp\" \/>\n<meta name=\"author\" content=\"Jeanette\" \/>\n<meta name=\"twitter:card\" content=\"summary_large_image\" \/>\n<meta name=\"twitter:creator\" content=\"@eldiario_net\" \/>\n<meta name=\"twitter:site\" content=\"@eldiario_net\" \/>\n<meta name=\"twitter:label1\" content=\"Escrito por\" \/>\n\t<meta name=\"twitter:data1\" content=\"Jeanette\" \/>\n\t<meta name=\"twitter:label2\" content=\"Tiempo de lectura\" \/>\n\t<meta name=\"twitter:data2\" content=\"2 minutos\" \/>\n<script type=\"application\/ld+json\" class=\"yoast-schema-graph\">{\"@context\":\"https:\\\/\\\/schema.org\",\"@graph\":[{\"@type\":\"Article\",\"@id\":\"https:\\\/\\\/www.eldiario.net\\\/portal\\\/2026\\\/08\\\/31\\\/credito-del-fmi-enfrenta-reparos-en-el-legislativo\\\/#article\",\"isPartOf\":{\"@id\":\"https:\\\/\\\/www.eldiario.net\\\/portal\\\/2026\\\/08\\\/31\\\/credito-del-fmi-enfrenta-reparos-en-el-legislativo\\\/\"},\"author\":{\"name\":\"Jeanette\",\"@id\":\"https:\\\/\\\/www.eldiario.net\\\/portal\\\/#\\\/schema\\\/person\\\/f46445640444750d7d753ccd04ae01b7\"},\"headline\":\"Cr\u00e9dito del FMI enfrenta reparos en el Legislativo\",\"datePublished\":\"2026-08-31T05:10:02+00:00\",\"mainEntityOfPage\":{\"@id\":\"https:\\\/\\\/www.eldiario.net\\\/portal\\\/2026\\\/08\\\/31\\\/credito-del-fmi-enfrenta-reparos-en-el-legislativo\\\/\"},\"wordCount\":381,\"publisher\":{\"@id\":\"https:\\\/\\\/www.eldiario.net\\\/portal\\\/#organization\"},\"image\":{\"@id\":\"https:\\\/\\\/www.eldiario.net\\\/portal\\\/2026\\\/08\\\/31\\\/credito-del-fmi-enfrenta-reparos-en-el-legislativo\\\/#primaryimage\"},\"thumbnailUrl\":\"https:\\\/\\\/www.eldiario.net\\\/portal\\\/wp-content\\\/uploads\\\/2026\\\/08\\\/P-1-5.webp\",\"articleSection\":[\"Principal\"],\"inLanguage\":\"es\"},{\"@type\":\"WebPage\",\"@id\":\"https:\\\/\\\/www.eldiario.net\\\/portal\\\/2026\\\/08\\\/31\\\/credito-del-fmi-enfrenta-reparos-en-el-legislativo\\\/\",\"url\":\"https:\\\/\\\/www.eldiario.net\\\/portal\\\/2026\\\/08\\\/31\\\/credito-del-fmi-enfrenta-reparos-en-el-legislativo\\\/\",\"name\":\"Cr\u00e9dito del FMI enfrenta reparos en el Legislativo - El Diario - Bolivia\",\"isPartOf\":{\"@id\":\"https:\\\/\\\/www.eldiario.net\\\/portal\\\/#website\"},\"primaryImageOfPage\":{\"@id\":\"https:\\\/\\\/www.eldiario.net\\\/portal\\\/2026\\\/08\\\/31\\\/credito-del-fmi-enfrenta-reparos-en-el-legislativo\\\/#primaryimage\"},\"image\":{\"@id\":\"https:\\\/\\\/www.eldiario.net\\\/portal\\\/2026\\\/08\\\/31\\\/credito-del-fmi-enfrenta-reparos-en-el-legislativo\\\/#primaryimage\"},\"thumbnailUrl\":\"https:\\\/\\\/www.eldiario.net\\\/portal\\\/wp-content\\\/uploads\\\/2026\\\/08\\\/P-1-5.webp\",\"datePublished\":\"2026-08-31T05:10:02+00:00\",\"breadcrumb\":{\"@id\":\"https:\\\/\\\/www.eldiario.net\\\/portal\\\/2026\\\/08\\\/31\\\/credito-del-fmi-enfrenta-reparos-en-el-legislativo\\\/#breadcrumb\"},\"inLanguage\":\"es\",\"potentialAction\":[{\"@type\":\"ReadAction\",\"target\":[\"https:\\\/\\\/www.eldiario.net\\\/portal\\\/2026\\\/08\\\/31\\\/credito-del-fmi-enfrenta-reparos-en-el-legislativo\\\/\"]}]},{\"@type\":\"ImageObject\",\"inLanguage\":\"es\",\"@id\":\"https:\\\/\\\/www.eldiario.net\\\/portal\\\/2026\\\/08\\\/31\\\/credito-del-fmi-enfrenta-reparos-en-el-legislativo\\\/#primaryimage\",\"url\":\"https:\\\/\\\/www.eldiario.net\\\/portal\\\/wp-content\\\/uploads\\\/2026\\\/08\\\/P-1-5.webp\",\"contentUrl\":\"https:\\\/\\\/www.eldiario.net\\\/portal\\\/wp-content\\\/uploads\\\/2026\\\/08\\\/P-1-5.webp\",\"width\":696,\"height\":464,\"caption\":\"LA ASAMBLEA LEGISLATIVA PLURINACIONAL TIENE LA PALABRA PARA LA APROBACI\u00d3N DEL CR\u00c9DITO DEL FONDO MONETARIO INTERNACIONAL.\"},{\"@type\":\"BreadcrumbList\",\"@id\":\"https:\\\/\\\/www.eldiario.net\\\/portal\\\/2026\\\/08\\\/31\\\/credito-del-fmi-enfrenta-reparos-en-el-legislativo\\\/#breadcrumb\",\"itemListElement\":[{\"@type\":\"ListItem\",\"position\":1,\"name\":\"Portada\",\"item\":\"https:\\\/\\\/www.eldiario.net\\\/portal\\\/\"},{\"@type\":\"ListItem\",\"position\":2,\"name\":\"Cr\u00e9dito del FMI enfrenta reparos en el Legislativo\"}]},{\"@type\":\"WebSite\",\"@id\":\"https:\\\/\\\/www.eldiario.net\\\/portal\\\/#website\",\"url\":\"https:\\\/\\\/www.eldiario.net\\\/portal\\\/\",\"name\":\"El Diario - Decano de la prensa nacional\",\"description\":\"El Diario - Decano de la prensa nacional\",\"publisher\":{\"@id\":\"https:\\\/\\\/www.eldiario.net\\\/portal\\\/#organization\"},\"potentialAction\":[{\"@type\":\"SearchAction\",\"target\":{\"@type\":\"EntryPoint\",\"urlTemplate\":\"https:\\\/\\\/www.eldiario.net\\\/portal\\\/?s={search_term_string}\"},\"query-input\":{\"@type\":\"PropertyValueSpecification\",\"valueRequired\":true,\"valueName\":\"search_term_string\"}}],\"inLanguage\":\"es\"},{\"@type\":\"Organization\",\"@id\":\"https:\\\/\\\/www.eldiario.net\\\/portal\\\/#organization\",\"name\":\"El Diario - Decano de la prensa nacional\",\"url\":\"https:\\\/\\\/www.eldiario.net\\\/portal\\\/\",\"logo\":{\"@type\":\"ImageObject\",\"inLanguage\":\"es\",\"@id\":\"https:\\\/\\\/www.eldiario.net\\\/portal\\\/#\\\/schema\\\/logo\\\/image\\\/\",\"url\":\"https:\\\/\\\/www.eldiario.net\\\/portal\\\/wp-content\\\/uploads\\\/2023\\\/07\\\/logo_ED.jpg\",\"contentUrl\":\"https:\\\/\\\/www.eldiario.net\\\/portal\\\/wp-content\\\/uploads\\\/2023\\\/07\\\/logo_ED.jpg\",\"width\":272,\"height\":52,\"caption\":\"El Diario - Decano de la prensa nacional\"},\"image\":{\"@id\":\"https:\\\/\\\/www.eldiario.net\\\/portal\\\/#\\\/schema\\\/logo\\\/image\\\/\"},\"sameAs\":[\"https:\\\/\\\/www.facebook.com\\\/eldiario.bolivia\\\/\",\"https:\\\/\\\/x.com\\\/eldiario_net\"]},{\"@type\":\"Person\",\"@id\":\"https:\\\/\\\/www.eldiario.net\\\/portal\\\/#\\\/schema\\\/person\\\/f46445640444750d7d753ccd04ae01b7\",\"name\":\"Jeanette\",\"image\":{\"@type\":\"ImageObject\",\"inLanguage\":\"es\",\"@id\":\"https:\\\/\\\/secure.gravatar.com\\\/avatar\\\/3ea2118a5f7dad2b7138b1187a6b7ee55f160b9968b66013c3a3ef39dd7e5798?s=96&d=mm&r=g\",\"url\":\"https:\\\/\\\/secure.gravatar.com\\\/avatar\\\/3ea2118a5f7dad2b7138b1187a6b7ee55f160b9968b66013c3a3ef39dd7e5798?s=96&d=mm&r=g\",\"contentUrl\":\"https:\\\/\\\/secure.gravatar.com\\\/avatar\\\/3ea2118a5f7dad2b7138b1187a6b7ee55f160b9968b66013c3a3ef39dd7e5798?s=96&d=mm&r=g\",\"caption\":\"Jeanette\"},\"sameAs\":[\"https:\\\/\\\/www.eldiario.net\\\/portal\"],\"url\":\"https:\\\/\\\/www.eldiario.net\\\/portal\\\/author\\\/jeanette\\\/\"}]}<\/script>\n<!-- \/ Yoast SEO plugin. -->","yoast_head_json":{"title":"Cr\u00e9dito del FMI enfrenta reparos en el Legislativo - El Diario - Bolivia","robots":{"index":"index","follow":"follow","max-snippet":"max-snippet:-1","max-image-preview":"max-image-preview:large","max-video-preview":"max-video-preview:-1"},"canonical":"https:\/\/www.eldiario.net\/portal\/2026\/08\/31\/credito-del-fmi-enfrenta-reparos-en-el-legislativo\/","og_locale":"es_ES","og_type":"article","og_title":"Cr\u00e9dito del FMI enfrenta reparos en el Legislativo - El Diario - Bolivia","og_description":"La forma en que el Gobierno explica el destino del cr\u00e9dito de $us 1.900 millones del Fondo Monetario Internacional (FMI) est\u00e1 complicando su aprobaci\u00f3n en la Asamblea Legislativa, debido a que se vinculan esos recursos con obras de infraestructura que no corresponden al objetivo del financiamiento, afirm\u00f3 el analista Oswaldo Irusta D\u00edaz. \u201cEl cr\u00e9dito del [&hellip;]","og_url":"https:\/\/www.eldiario.net\/portal\/2026\/08\/31\/credito-del-fmi-enfrenta-reparos-en-el-legislativo\/","og_site_name":"El Diario - Bolivia","article_publisher":"https:\/\/www.facebook.com\/eldiario.bolivia\/","article_published_time":"2026-08-31T05:10:02+00:00","og_image":[{"width":696,"height":464,"url":"https:\/\/www.eldiario.net\/portal\/wp-content\/uploads\/2026\/08\/P-1-5.webp","type":"image\/webp"}],"author":"Jeanette","twitter_card":"summary_large_image","twitter_creator":"@eldiario_net","twitter_site":"@eldiario_net","twitter_misc":{"Escrito por":"Jeanette","Tiempo de lectura":"2 minutos"},"schema":{"@context":"https:\/\/schema.org","@graph":[{"@type":"Article","@id":"https:\/\/www.eldiario.net\/portal\/2026\/08\/31\/credito-del-fmi-enfrenta-reparos-en-el-legislativo\/#article","isPartOf":{"@id":"https:\/\/www.eldiario.net\/portal\/2026\/08\/31\/credito-del-fmi-enfrenta-reparos-en-el-legislativo\/"},"author":{"name":"Jeanette","@id":"https:\/\/www.eldiario.net\/portal\/#\/schema\/person\/f46445640444750d7d753ccd04ae01b7"},"headline":"Cr\u00e9dito del FMI enfrenta reparos en el Legislativo","datePublished":"2026-08-31T05:10:02+00:00","mainEntityOfPage":{"@id":"https:\/\/www.eldiario.net\/portal\/2026\/08\/31\/credito-del-fmi-enfrenta-reparos-en-el-legislativo\/"},"wordCount":381,"publisher":{"@id":"https:\/\/www.eldiario.net\/portal\/#organization"},"image":{"@id":"https:\/\/www.eldiario.net\/portal\/2026\/08\/31\/credito-del-fmi-enfrenta-reparos-en-el-legislativo\/#primaryimage"},"thumbnailUrl":"https:\/\/www.eldiario.net\/portal\/wp-content\/uploads\/2026\/08\/P-1-5.webp","articleSection":["Principal"],"inLanguage":"es"},{"@type":"WebPage","@id":"https:\/\/www.eldiario.net\/portal\/2026\/08\/31\/credito-del-fmi-enfrenta-reparos-en-el-legislativo\/","url":"https:\/\/www.eldiario.net\/portal\/2026\/08\/31\/credito-del-fmi-enfrenta-reparos-en-el-legislativo\/","name":"Cr\u00e9dito del FMI enfrenta reparos en el Legislativo - El Diario - Bolivia","isPartOf":{"@id":"https:\/\/www.eldiario.net\/portal\/#website"},"primaryImageOfPage":{"@id":"https:\/\/www.eldiario.net\/portal\/2026\/08\/31\/credito-del-fmi-enfrenta-reparos-en-el-legislativo\/#primaryimage"},"image":{"@id":"https:\/\/www.eldiario.net\/portal\/2026\/08\/31\/credito-del-fmi-enfrenta-reparos-en-el-legislativo\/#primaryimage"},"thumbnailUrl":"https:\/\/www.eldiario.net\/portal\/wp-content\/uploads\/2026\/08\/P-1-5.webp","datePublished":"2026-08-31T05:10:02+00:00","breadcrumb":{"@id":"https:\/\/www.eldiario.net\/portal\/2026\/08\/31\/credito-del-fmi-enfrenta-reparos-en-el-legislativo\/#breadcrumb"},"inLanguage":"es","potentialAction":[{"@type":"ReadAction","target":["https:\/\/www.eldiario.net\/portal\/2026\/08\/31\/credito-del-fmi-enfrenta-reparos-en-el-legislativo\/"]}]},{"@type":"ImageObject","inLanguage":"es","@id":"https:\/\/www.eldiario.net\/portal\/2026\/08\/31\/credito-del-fmi-enfrenta-reparos-en-el-legislativo\/#primaryimage","url":"https:\/\/www.eldiario.net\/portal\/wp-content\/uploads\/2026\/08\/P-1-5.webp","contentUrl":"https:\/\/www.eldiario.net\/portal\/wp-content\/uploads\/2026\/08\/P-1-5.webp","width":696,"height":464,"caption":"LA ASAMBLEA LEGISLATIVA PLURINACIONAL TIENE LA PALABRA PARA LA APROBACI\u00d3N DEL CR\u00c9DITO DEL FONDO MONETARIO INTERNACIONAL."},{"@type":"BreadcrumbList","@id":"https:\/\/www.eldiario.net\/portal\/2026\/08\/31\/credito-del-fmi-enfrenta-reparos-en-el-legislativo\/#breadcrumb","itemListElement":[{"@type":"ListItem","position":1,"name":"Portada","item":"https:\/\/www.eldiario.net\/portal\/"},{"@type":"ListItem","position":2,"name":"Cr\u00e9dito del FMI enfrenta reparos en el Legislativo"}]},{"@type":"WebSite","@id":"https:\/\/www.eldiario.net\/portal\/#website","url":"https:\/\/www.eldiario.net\/portal\/","name":"El Diario - Decano de la prensa nacional","description":"El Diario - Decano de la prensa nacional","publisher":{"@id":"https:\/\/www.eldiario.net\/portal\/#organization"},"potentialAction":[{"@type":"SearchAction","target":{"@type":"EntryPoint","urlTemplate":"https:\/\/www.eldiario.net\/portal\/?s={search_term_string}"},"query-input":{"@type":"PropertyValueSpecification","valueRequired":true,"valueName":"search_term_string"}}],"inLanguage":"es"},{"@type":"Organization","@id":"https:\/\/www.eldiario.net\/portal\/#organization","name":"El Diario - Decano de la prensa nacional","url":"https:\/\/www.eldiario.net\/portal\/","logo":{"@type":"ImageObject","inLanguage":"es","@id":"https:\/\/www.eldiario.net\/portal\/#\/schema\/logo\/image\/","url":"https:\/\/www.eldiario.net\/portal\/wp-content\/uploads\/2023\/07\/logo_ED.jpg","contentUrl":"https:\/\/www.eldiario.net\/portal\/wp-content\/uploads\/2023\/07\/logo_ED.jpg","width":272,"height":52,"caption":"El Diario - Decano de la prensa nacional"},"image":{"@id":"https:\/\/www.eldiario.net\/portal\/#\/schema\/logo\/image\/"},"sameAs":["https:\/\/www.facebook.com\/eldiario.bolivia\/","https:\/\/x.com\/eldiario_net"]},{"@type":"Person","@id":"https:\/\/www.eldiario.net\/portal\/#\/schema\/person\/f46445640444750d7d753ccd04ae01b7","name":"Jeanette","image":{"@type":"ImageObject","inLanguage":"es","@id":"https:\/\/secure.gravatar.com\/avatar\/3ea2118a5f7dad2b7138b1187a6b7ee55f160b9968b66013c3a3ef39dd7e5798?s=96&d=mm&r=g","url":"https:\/\/secure.gravatar.com\/avatar\/3ea2118a5f7dad2b7138b1187a6b7ee55f160b9968b66013c3a3ef39dd7e5798?s=96&d=mm&r=g","contentUrl":"https:\/\/secure.gravatar.com\/avatar\/3ea2118a5f7dad2b7138b1187a6b7ee55f160b9968b66013c3a3ef39dd7e5798?s=96&d=mm&r=g","caption":"Jeanette"},"sameAs":["https:\/\/www.eldiario.net\/portal"],"url":"https:\/\/www.eldiario.net\/portal\/author\/jeanette\/"}]}},"_links":{"self":[{"href":"https:\/\/www.eldiario.net\/portal\/wp-json\/wp\/v2\/posts\/426337","targetHints":{"allow":["GET"]}}],"collection":[{"href":"https:\/\/www.eldiario.net\/portal\/wp-json\/wp\/v2\/posts"}],"about":[{"href":"https:\/\/www.eldiario.net\/portal\/wp-json\/wp\/v2\/types\/post"}],"author":[{"embeddable":true,"href":"https:\/\/www.eldiario.net\/portal\/wp-json\/wp\/v2\/users\/1"}],"replies":[{"embeddable":true,"href":"https:\/\/www.eldiario.net\/portal\/wp-json\/wp\/v2\/comments?post=426337"}],"version-history":[{"count":1,"href":"https:\/\/www.eldiario.net\/portal\/wp-json\/wp\/v2\/posts\/426337\/revisions"}],"predecessor-version":[{"id":426339,"href":"https:\/\/www.eldiario.net\/portal\/wp-json\/wp\/v2\/posts\/426337\/revisions\/426339"}],"wp:featuredmedia":[{"embeddable":true,"href":"https:\/\/www.eldiario.net\/portal\/wp-json\/wp\/v2\/media\/426338"}],"wp:attachment":[{"href":"https:\/\/www.eldiario.net\/portal\/wp-json\/wp\/v2\/media?parent=426337"}],"wp:term":[{"taxonomy":"category","embeddable":true,"href":"https:\/\/www.eldiario.net\/portal\/wp-json\/wp\/v2\/categories?post=426337"},{"taxonomy":"post_tag","embeddable":true,"href":"https:\/\/www.eldiario.net\/portal\/wp-json\/wp\/v2\/tags?post=426337"}],"curies":[{"name":"wp","href":"https:\/\/api.w.org\/{rel}","templated":true}]}}