{"id":426315,"date":"2026-08-31T01:03:26","date_gmt":"2026-08-31T05:03:26","guid":{"rendered":"https:\/\/www.eldiario.net\/portal\/?p=426315"},"modified":"2026-08-30T23:03:07","modified_gmt":"2026-08-31T03:03:07","slug":"el-nino-golpeara-con-fuerza-y-bolivia-debe-prepararse","status":"publish","type":"post","link":"https:\/\/www.eldiario.net\/portal\/2026\/08\/31\/el-nino-golpeara-con-fuerza-y-bolivia-debe-prepararse\/","title":{"rendered":"El Ni\u00f1o golpear\u00e1 con fuerza y Bolivia debe prepararse"},"content":{"rendered":"<p>Las contundentes declaraciones de Antonio Guterres, Secretario General de la ONU, han encendido todas las alarmas al advertir que el fen\u00f3meno clim\u00e1tico El Ni\u00f1o ya no es una amenaza lejana, sino un visitante destructor que ha ingresado a nuestro hogar para avivar un planeta que ya se encontraba literalmente en llamas. Sus palabras, cargadas de crudeza y veracidad cient\u00edfica, se\u00f1alan que estamos pisando un territorio absolutamente desconocido para la humanidad, donde las temperaturas del Pac\u00edfico ecuatorial han alcanzado niveles r\u00e9cord de hasta tres grados cent\u00edgrados por encima de lo normal. Es un dato escalofriante que, combinado con el calentamiento global provocado por la actividad humana, desatar\u00e1 una cascada de eventos clim\u00e1ticos extremos en todos los rincones del mundo y en todos los continentes sin excepci\u00f3n.<br \/>\nLa Organizaci\u00f3n Meteorol\u00f3gica Mundial ya ha pronosticado que para los pr\u00f3ximos meses pr\u00e1cticamente, todas las zonas terrestres del planeta experimentar\u00e1n condiciones muchos m\u00e1s c\u00e1lidas de los que nuestros ecosistemas y nuestras sociedades est\u00e1n acostumbradas a soportar, por lo que este episodio de El Ni\u00f1o se perfila como el m\u00e1s intenso jam\u00e1s registrado en la historia.<br \/>\nSi bien las advertencias globales son alarmantes, la realidad geogr\u00e1fica y clim\u00e1tica obliga a poner el foco en un punto neur\u00e1lgico que no puede permanecer ajeno a esta crisis, y es que la Amazon\u00eda y la regi\u00f3n Andina boliviana, se convierten en un epicentro de m\u00e1xima vulnerabilidad frente a la embestida de este fen\u00f3meno natural magnificado por el cambio clim\u00e1tico. La Amazon\u00eda, considerada el pulm\u00f3n del planeta, ya ha sufrido en a\u00f1os recientes devastadoras sequ\u00edas e incendios forestales que han arrasado millones de hect\u00e1reas de bosque. Y la llegada de un El Ni\u00f1o de tal magnitud agravar\u00e1 dram\u00e1ticamente el d\u00e9ficit h\u00eddrico, convirtiendo la exuberante selva en una gigantesca yesca lista para arder ante la m\u00e1s m\u00ednima chispa, lo que no solo pone en riesgo la biodiversidad m\u00e1s rica del mundo, sino que amenaza directamente a las comunidades nativas que han habitado esas tierras ancestrales durante siglos.<br \/>\nPara Bolivia, este escenario representa un desaf\u00edo tit\u00e1nico que exige pasar de la simple observaci\u00f3n a la acci\u00f3n concreta y urgente, pues nuestro territorio, con su marcada diversidad ecol\u00f3gica que abarca desde las cumbres altipl\u00e1nicas hasta las llanuras amaz\u00f3nicas y chaque\u00f1as, enfrenta un doble impacto, ya que mientras nuestra Amazon\u00eda se prepara para una temporada de incendios sin precedentes, el altiplano y los valles sufrir\u00e1n los embates de una sequ\u00eda prolongada que comprometer\u00e1 los cultivos, la seguridad alimentaria y el abastecimiento de agua potable en las ciudades y comunidades del \u00e1rea rural.<br \/>\nNo se puede esperar a que las llamas aparezcan en el horizonte para reaccionar, porque para entonces el da\u00f1o ser\u00e1 irreversible y la capacidad de control ser\u00e1 insuficiente, por lo que las autoridades nacionales, departamentales y municipales, en coordinaci\u00f3n con los organismos especializados, los municipios y las comunidades en cada rinc\u00f3n del pa\u00eds, deben implementar con urgencia planes de contingencia robustos, movilizar brigadas forestales perfectamente equipadas, desplegar sistemas de monitoreo satelital en tiempo real y establecer puntos de abastecimiento de agua que permitan una respuesta r\u00e1pida y efectiva ante cualquier eventualidad.<br \/>\nNuestra Amazon\u00eda no puede ser dejada a su suerte, ya que su supervivencia es sin\u00f3nimo de supervivencia para el clima mundial y para el medio ambiente boliviano, y frente a un planeta que, seg\u00fan las alarmantes proyecciones de la ONU, avanza a toda m\u00e1quina hacia una crisis clim\u00e1tica sin marcha atr\u00e1s, la preparaci\u00f3n meticulosa y anticipada es la \u00fanica herramienta que tenemos para mitigar los estragos de este golpe clim\u00e1tico que ser\u00e1 devastador.<br \/>\nNo es momento de discursos vac\u00edos ni de promesas pol\u00edticas, sino de una movilizaci\u00f3n estatal y social sin precedentes que incluya campa\u00f1as de concientizaci\u00f3n ciudadana, la creaci\u00f3n de cortafuegos estrat\u00e9gicos y la asignaci\u00f3n de un presupuesto de emergencia que garantice los recursos humanos y materiales necesarios para defender los bosques y la vida de los bolivianos que habitan en las zonas que se vean afectadas. Porque ante la declaraci\u00f3n del Secretario General de la ONU sobre este \u201cTerreno desconocido\u201d, la \u00fanica certeza que nos queda es que la inacci\u00f3n nos puede costar muy caro y que el tiempo de preparaci\u00f3n se agota minuto a minuto, mientras el planeta contin\u00faa ardiendo sin piedad.<\/p>\n<p>El autor es Abogado e Investigador.<\/p>\n","protected":false},"excerpt":{"rendered":"<p>Las contundentes declaraciones de Antonio Guterres, Secretario General de la ONU, han encendido todas las alarmas al advertir que el fen\u00f3meno clim\u00e1tico El Ni\u00f1o ya no es una amenaza lejana, sino un visitante destructor que ha ingresado a nuestro hogar para avivar un planeta que ya se encontraba literalmente en llamas. Sus palabras, cargadas de [&hellip;]<\/p>\n","protected":false},"author":1,"featured_media":169888,"comment_status":"closed","ping_status":"open","sticky":false,"template":"","format":"standard","meta":{"_acf_changed":false,"footnotes":""},"categories":[9],"tags":[],"class_list":["post-426315","post","type-post","status-publish","format-standard","has-post-thumbnail","category-opinion"],"acf":{"antetitulo":""},"yoast_head":"<!-- This site is optimized with the Yoast SEO plugin v28.3 - https:\/\/yoast.com\/product\/yoast-seo-wordpress\/ -->\n<title>El Ni\u00f1o golpear\u00e1 con fuerza y Bolivia debe prepararse - El Diario - Bolivia<\/title>\n<meta name=\"robots\" content=\"index, follow, max-snippet:-1, max-image-preview:large, max-video-preview:-1\" \/>\n<link rel=\"canonical\" href=\"https:\/\/www.eldiario.net\/portal\/2026\/08\/31\/el-nino-golpeara-con-fuerza-y-bolivia-debe-prepararse\/\" \/>\n<meta property=\"og:locale\" content=\"es_ES\" \/>\n<meta property=\"og:type\" content=\"article\" \/>\n<meta property=\"og:title\" content=\"El Ni\u00f1o golpear\u00e1 con fuerza y Bolivia debe prepararse - El Diario - Bolivia\" \/>\n<meta property=\"og:description\" content=\"Las contundentes declaraciones de Antonio Guterres, Secretario General de la ONU, han encendido todas las alarmas al advertir que el fen\u00f3meno clim\u00e1tico El Ni\u00f1o ya no es una amenaza lejana, sino un visitante destructor que ha ingresado a nuestro hogar para avivar un planeta que ya se encontraba literalmente en llamas. Sus palabras, cargadas de [&hellip;]\" \/>\n<meta property=\"og:url\" content=\"https:\/\/www.eldiario.net\/portal\/2026\/08\/31\/el-nino-golpeara-con-fuerza-y-bolivia-debe-prepararse\/\" \/>\n<meta property=\"og:site_name\" content=\"El Diario - Bolivia\" \/>\n<meta property=\"article:publisher\" content=\"https:\/\/www.facebook.com\/eldiario.bolivia\/\" \/>\n<meta property=\"article:published_time\" content=\"2026-08-31T05:03:26+00:00\" \/>\n<meta property=\"og:image\" content=\"https:\/\/www.eldiario.net\/portal\/wp-content\/uploads\/2023\/08\/Raul-Ruiz-Roca.jpg\" \/>\n\t<meta property=\"og:image:width\" content=\"1200\" \/>\n\t<meta property=\"og:image:height\" content=\"628\" \/>\n\t<meta property=\"og:image:type\" content=\"image\/jpeg\" \/>\n<meta name=\"author\" content=\"Jeanette\" \/>\n<meta name=\"twitter:card\" content=\"summary_large_image\" \/>\n<meta name=\"twitter:creator\" content=\"@eldiario_net\" \/>\n<meta name=\"twitter:site\" content=\"@eldiario_net\" \/>\n<meta name=\"twitter:label1\" content=\"Escrito por\" \/>\n\t<meta name=\"twitter:data1\" content=\"Jeanette\" \/>\n\t<meta name=\"twitter:label2\" content=\"Tiempo de lectura\" \/>\n\t<meta name=\"twitter:data2\" content=\"4 minutos\" \/>\n<script type=\"application\/ld+json\" class=\"yoast-schema-graph\">{\"@context\":\"https:\\\/\\\/schema.org\",\"@graph\":[{\"@type\":\"Article\",\"@id\":\"https:\\\/\\\/www.eldiario.net\\\/portal\\\/2026\\\/08\\\/31\\\/el-nino-golpeara-con-fuerza-y-bolivia-debe-prepararse\\\/#article\",\"isPartOf\":{\"@id\":\"https:\\\/\\\/www.eldiario.net\\\/portal\\\/2026\\\/08\\\/31\\\/el-nino-golpeara-con-fuerza-y-bolivia-debe-prepararse\\\/\"},\"author\":{\"name\":\"Jeanette\",\"@id\":\"https:\\\/\\\/www.eldiario.net\\\/portal\\\/#\\\/schema\\\/person\\\/f46445640444750d7d753ccd04ae01b7\"},\"headline\":\"El Ni\u00f1o golpear\u00e1 con fuerza y Bolivia debe prepararse\",\"datePublished\":\"2026-08-31T05:03:26+00:00\",\"mainEntityOfPage\":{\"@id\":\"https:\\\/\\\/www.eldiario.net\\\/portal\\\/2026\\\/08\\\/31\\\/el-nino-golpeara-con-fuerza-y-bolivia-debe-prepararse\\\/\"},\"wordCount\":787,\"publisher\":{\"@id\":\"https:\\\/\\\/www.eldiario.net\\\/portal\\\/#organization\"},\"image\":{\"@id\":\"https:\\\/\\\/www.eldiario.net\\\/portal\\\/2026\\\/08\\\/31\\\/el-nino-golpeara-con-fuerza-y-bolivia-debe-prepararse\\\/#primaryimage\"},\"thumbnailUrl\":\"https:\\\/\\\/www.eldiario.net\\\/portal\\\/wp-content\\\/uploads\\\/2023\\\/08\\\/Raul-Ruiz-Roca.jpg\",\"articleSection\":[\"Opini\u00f3n\"],\"inLanguage\":\"es\"},{\"@type\":\"WebPage\",\"@id\":\"https:\\\/\\\/www.eldiario.net\\\/portal\\\/2026\\\/08\\\/31\\\/el-nino-golpeara-con-fuerza-y-bolivia-debe-prepararse\\\/\",\"url\":\"https:\\\/\\\/www.eldiario.net\\\/portal\\\/2026\\\/08\\\/31\\\/el-nino-golpeara-con-fuerza-y-bolivia-debe-prepararse\\\/\",\"name\":\"El Ni\u00f1o golpear\u00e1 con fuerza y Bolivia debe prepararse - El Diario - Bolivia\",\"isPartOf\":{\"@id\":\"https:\\\/\\\/www.eldiario.net\\\/portal\\\/#website\"},\"primaryImageOfPage\":{\"@id\":\"https:\\\/\\\/www.eldiario.net\\\/portal\\\/2026\\\/08\\\/31\\\/el-nino-golpeara-con-fuerza-y-bolivia-debe-prepararse\\\/#primaryimage\"},\"image\":{\"@id\":\"https:\\\/\\\/www.eldiario.net\\\/portal\\\/2026\\\/08\\\/31\\\/el-nino-golpeara-con-fuerza-y-bolivia-debe-prepararse\\\/#primaryimage\"},\"thumbnailUrl\":\"https:\\\/\\\/www.eldiario.net\\\/portal\\\/wp-content\\\/uploads\\\/2023\\\/08\\\/Raul-Ruiz-Roca.jpg\",\"datePublished\":\"2026-08-31T05:03:26+00:00\",\"breadcrumb\":{\"@id\":\"https:\\\/\\\/www.eldiario.net\\\/portal\\\/2026\\\/08\\\/31\\\/el-nino-golpeara-con-fuerza-y-bolivia-debe-prepararse\\\/#breadcrumb\"},\"inLanguage\":\"es\",\"potentialAction\":[{\"@type\":\"ReadAction\",\"target\":[\"https:\\\/\\\/www.eldiario.net\\\/portal\\\/2026\\\/08\\\/31\\\/el-nino-golpeara-con-fuerza-y-bolivia-debe-prepararse\\\/\"]}]},{\"@type\":\"ImageObject\",\"inLanguage\":\"es\",\"@id\":\"https:\\\/\\\/www.eldiario.net\\\/portal\\\/2026\\\/08\\\/31\\\/el-nino-golpeara-con-fuerza-y-bolivia-debe-prepararse\\\/#primaryimage\",\"url\":\"https:\\\/\\\/www.eldiario.net\\\/portal\\\/wp-content\\\/uploads\\\/2023\\\/08\\\/Raul-Ruiz-Roca.jpg\",\"contentUrl\":\"https:\\\/\\\/www.eldiario.net\\\/portal\\\/wp-content\\\/uploads\\\/2023\\\/08\\\/Raul-Ruiz-Roca.jpg\",\"width\":1200,\"height\":628},{\"@type\":\"BreadcrumbList\",\"@id\":\"https:\\\/\\\/www.eldiario.net\\\/portal\\\/2026\\\/08\\\/31\\\/el-nino-golpeara-con-fuerza-y-bolivia-debe-prepararse\\\/#breadcrumb\",\"itemListElement\":[{\"@type\":\"ListItem\",\"position\":1,\"name\":\"Portada\",\"item\":\"https:\\\/\\\/www.eldiario.net\\\/portal\\\/\"},{\"@type\":\"ListItem\",\"position\":2,\"name\":\"El Ni\u00f1o golpear\u00e1 con fuerza y Bolivia debe prepararse\"}]},{\"@type\":\"WebSite\",\"@id\":\"https:\\\/\\\/www.eldiario.net\\\/portal\\\/#website\",\"url\":\"https:\\\/\\\/www.eldiario.net\\\/portal\\\/\",\"name\":\"El Diario - Decano de la prensa nacional\",\"description\":\"El Diario - Decano de la prensa nacional\",\"publisher\":{\"@id\":\"https:\\\/\\\/www.eldiario.net\\\/portal\\\/#organization\"},\"potentialAction\":[{\"@type\":\"SearchAction\",\"target\":{\"@type\":\"EntryPoint\",\"urlTemplate\":\"https:\\\/\\\/www.eldiario.net\\\/portal\\\/?s={search_term_string}\"},\"query-input\":{\"@type\":\"PropertyValueSpecification\",\"valueRequired\":true,\"valueName\":\"search_term_string\"}}],\"inLanguage\":\"es\"},{\"@type\":\"Organization\",\"@id\":\"https:\\\/\\\/www.eldiario.net\\\/portal\\\/#organization\",\"name\":\"El Diario - Decano de la prensa nacional\",\"url\":\"https:\\\/\\\/www.eldiario.net\\\/portal\\\/\",\"logo\":{\"@type\":\"ImageObject\",\"inLanguage\":\"es\",\"@id\":\"https:\\\/\\\/www.eldiario.net\\\/portal\\\/#\\\/schema\\\/logo\\\/image\\\/\",\"url\":\"https:\\\/\\\/www.eldiario.net\\\/portal\\\/wp-content\\\/uploads\\\/2023\\\/07\\\/logo_ED.jpg\",\"contentUrl\":\"https:\\\/\\\/www.eldiario.net\\\/portal\\\/wp-content\\\/uploads\\\/2023\\\/07\\\/logo_ED.jpg\",\"width\":272,\"height\":52,\"caption\":\"El Diario - Decano de la prensa nacional\"},\"image\":{\"@id\":\"https:\\\/\\\/www.eldiario.net\\\/portal\\\/#\\\/schema\\\/logo\\\/image\\\/\"},\"sameAs\":[\"https:\\\/\\\/www.facebook.com\\\/eldiario.bolivia\\\/\",\"https:\\\/\\\/x.com\\\/eldiario_net\"]},{\"@type\":\"Person\",\"@id\":\"https:\\\/\\\/www.eldiario.net\\\/portal\\\/#\\\/schema\\\/person\\\/f46445640444750d7d753ccd04ae01b7\",\"name\":\"Jeanette\",\"image\":{\"@type\":\"ImageObject\",\"inLanguage\":\"es\",\"@id\":\"https:\\\/\\\/secure.gravatar.com\\\/avatar\\\/3ea2118a5f7dad2b7138b1187a6b7ee55f160b9968b66013c3a3ef39dd7e5798?s=96&d=mm&r=g\",\"url\":\"https:\\\/\\\/secure.gravatar.com\\\/avatar\\\/3ea2118a5f7dad2b7138b1187a6b7ee55f160b9968b66013c3a3ef39dd7e5798?s=96&d=mm&r=g\",\"contentUrl\":\"https:\\\/\\\/secure.gravatar.com\\\/avatar\\\/3ea2118a5f7dad2b7138b1187a6b7ee55f160b9968b66013c3a3ef39dd7e5798?s=96&d=mm&r=g\",\"caption\":\"Jeanette\"},\"sameAs\":[\"https:\\\/\\\/www.eldiario.net\\\/portal\"],\"url\":\"https:\\\/\\\/www.eldiario.net\\\/portal\\\/author\\\/jeanette\\\/\"}]}<\/script>\n<!-- \/ Yoast SEO plugin. -->","yoast_head_json":{"title":"El Ni\u00f1o golpear\u00e1 con fuerza y Bolivia debe prepararse - El Diario - Bolivia","robots":{"index":"index","follow":"follow","max-snippet":"max-snippet:-1","max-image-preview":"max-image-preview:large","max-video-preview":"max-video-preview:-1"},"canonical":"https:\/\/www.eldiario.net\/portal\/2026\/08\/31\/el-nino-golpeara-con-fuerza-y-bolivia-debe-prepararse\/","og_locale":"es_ES","og_type":"article","og_title":"El Ni\u00f1o golpear\u00e1 con fuerza y Bolivia debe prepararse - El Diario - Bolivia","og_description":"Las contundentes declaraciones de Antonio Guterres, Secretario General de la ONU, han encendido todas las alarmas al advertir que el fen\u00f3meno clim\u00e1tico El Ni\u00f1o ya no es una amenaza lejana, sino un visitante destructor que ha ingresado a nuestro hogar para avivar un planeta que ya se encontraba literalmente en llamas. Sus palabras, cargadas de [&hellip;]","og_url":"https:\/\/www.eldiario.net\/portal\/2026\/08\/31\/el-nino-golpeara-con-fuerza-y-bolivia-debe-prepararse\/","og_site_name":"El Diario - Bolivia","article_publisher":"https:\/\/www.facebook.com\/eldiario.bolivia\/","article_published_time":"2026-08-31T05:03:26+00:00","og_image":[{"width":1200,"height":628,"url":"https:\/\/www.eldiario.net\/portal\/wp-content\/uploads\/2023\/08\/Raul-Ruiz-Roca.jpg","type":"image\/jpeg"}],"author":"Jeanette","twitter_card":"summary_large_image","twitter_creator":"@eldiario_net","twitter_site":"@eldiario_net","twitter_misc":{"Escrito por":"Jeanette","Tiempo de lectura":"4 minutos"},"schema":{"@context":"https:\/\/schema.org","@graph":[{"@type":"Article","@id":"https:\/\/www.eldiario.net\/portal\/2026\/08\/31\/el-nino-golpeara-con-fuerza-y-bolivia-debe-prepararse\/#article","isPartOf":{"@id":"https:\/\/www.eldiario.net\/portal\/2026\/08\/31\/el-nino-golpeara-con-fuerza-y-bolivia-debe-prepararse\/"},"author":{"name":"Jeanette","@id":"https:\/\/www.eldiario.net\/portal\/#\/schema\/person\/f46445640444750d7d753ccd04ae01b7"},"headline":"El Ni\u00f1o golpear\u00e1 con fuerza y Bolivia debe prepararse","datePublished":"2026-08-31T05:03:26+00:00","mainEntityOfPage":{"@id":"https:\/\/www.eldiario.net\/portal\/2026\/08\/31\/el-nino-golpeara-con-fuerza-y-bolivia-debe-prepararse\/"},"wordCount":787,"publisher":{"@id":"https:\/\/www.eldiario.net\/portal\/#organization"},"image":{"@id":"https:\/\/www.eldiario.net\/portal\/2026\/08\/31\/el-nino-golpeara-con-fuerza-y-bolivia-debe-prepararse\/#primaryimage"},"thumbnailUrl":"https:\/\/www.eldiario.net\/portal\/wp-content\/uploads\/2023\/08\/Raul-Ruiz-Roca.jpg","articleSection":["Opini\u00f3n"],"inLanguage":"es"},{"@type":"WebPage","@id":"https:\/\/www.eldiario.net\/portal\/2026\/08\/31\/el-nino-golpeara-con-fuerza-y-bolivia-debe-prepararse\/","url":"https:\/\/www.eldiario.net\/portal\/2026\/08\/31\/el-nino-golpeara-con-fuerza-y-bolivia-debe-prepararse\/","name":"El Ni\u00f1o golpear\u00e1 con fuerza y Bolivia debe prepararse - El Diario - Bolivia","isPartOf":{"@id":"https:\/\/www.eldiario.net\/portal\/#website"},"primaryImageOfPage":{"@id":"https:\/\/www.eldiario.net\/portal\/2026\/08\/31\/el-nino-golpeara-con-fuerza-y-bolivia-debe-prepararse\/#primaryimage"},"image":{"@id":"https:\/\/www.eldiario.net\/portal\/2026\/08\/31\/el-nino-golpeara-con-fuerza-y-bolivia-debe-prepararse\/#primaryimage"},"thumbnailUrl":"https:\/\/www.eldiario.net\/portal\/wp-content\/uploads\/2023\/08\/Raul-Ruiz-Roca.jpg","datePublished":"2026-08-31T05:03:26+00:00","breadcrumb":{"@id":"https:\/\/www.eldiario.net\/portal\/2026\/08\/31\/el-nino-golpeara-con-fuerza-y-bolivia-debe-prepararse\/#breadcrumb"},"inLanguage":"es","potentialAction":[{"@type":"ReadAction","target":["https:\/\/www.eldiario.net\/portal\/2026\/08\/31\/el-nino-golpeara-con-fuerza-y-bolivia-debe-prepararse\/"]}]},{"@type":"ImageObject","inLanguage":"es","@id":"https:\/\/www.eldiario.net\/portal\/2026\/08\/31\/el-nino-golpeara-con-fuerza-y-bolivia-debe-prepararse\/#primaryimage","url":"https:\/\/www.eldiario.net\/portal\/wp-content\/uploads\/2023\/08\/Raul-Ruiz-Roca.jpg","contentUrl":"https:\/\/www.eldiario.net\/portal\/wp-content\/uploads\/2023\/08\/Raul-Ruiz-Roca.jpg","width":1200,"height":628},{"@type":"BreadcrumbList","@id":"https:\/\/www.eldiario.net\/portal\/2026\/08\/31\/el-nino-golpeara-con-fuerza-y-bolivia-debe-prepararse\/#breadcrumb","itemListElement":[{"@type":"ListItem","position":1,"name":"Portada","item":"https:\/\/www.eldiario.net\/portal\/"},{"@type":"ListItem","position":2,"name":"El Ni\u00f1o golpear\u00e1 con fuerza y Bolivia debe prepararse"}]},{"@type":"WebSite","@id":"https:\/\/www.eldiario.net\/portal\/#website","url":"https:\/\/www.eldiario.net\/portal\/","name":"El Diario - Decano de la prensa nacional","description":"El Diario - Decano de la prensa nacional","publisher":{"@id":"https:\/\/www.eldiario.net\/portal\/#organization"},"potentialAction":[{"@type":"SearchAction","target":{"@type":"EntryPoint","urlTemplate":"https:\/\/www.eldiario.net\/portal\/?s={search_term_string}"},"query-input":{"@type":"PropertyValueSpecification","valueRequired":true,"valueName":"search_term_string"}}],"inLanguage":"es"},{"@type":"Organization","@id":"https:\/\/www.eldiario.net\/portal\/#organization","name":"El Diario - Decano de la prensa nacional","url":"https:\/\/www.eldiario.net\/portal\/","logo":{"@type":"ImageObject","inLanguage":"es","@id":"https:\/\/www.eldiario.net\/portal\/#\/schema\/logo\/image\/","url":"https:\/\/www.eldiario.net\/portal\/wp-content\/uploads\/2023\/07\/logo_ED.jpg","contentUrl":"https:\/\/www.eldiario.net\/portal\/wp-content\/uploads\/2023\/07\/logo_ED.jpg","width":272,"height":52,"caption":"El Diario - Decano de la prensa nacional"},"image":{"@id":"https:\/\/www.eldiario.net\/portal\/#\/schema\/logo\/image\/"},"sameAs":["https:\/\/www.facebook.com\/eldiario.bolivia\/","https:\/\/x.com\/eldiario_net"]},{"@type":"Person","@id":"https:\/\/www.eldiario.net\/portal\/#\/schema\/person\/f46445640444750d7d753ccd04ae01b7","name":"Jeanette","image":{"@type":"ImageObject","inLanguage":"es","@id":"https:\/\/secure.gravatar.com\/avatar\/3ea2118a5f7dad2b7138b1187a6b7ee55f160b9968b66013c3a3ef39dd7e5798?s=96&d=mm&r=g","url":"https:\/\/secure.gravatar.com\/avatar\/3ea2118a5f7dad2b7138b1187a6b7ee55f160b9968b66013c3a3ef39dd7e5798?s=96&d=mm&r=g","contentUrl":"https:\/\/secure.gravatar.com\/avatar\/3ea2118a5f7dad2b7138b1187a6b7ee55f160b9968b66013c3a3ef39dd7e5798?s=96&d=mm&r=g","caption":"Jeanette"},"sameAs":["https:\/\/www.eldiario.net\/portal"],"url":"https:\/\/www.eldiario.net\/portal\/author\/jeanette\/"}]}},"_links":{"self":[{"href":"https:\/\/www.eldiario.net\/portal\/wp-json\/wp\/v2\/posts\/426315","targetHints":{"allow":["GET"]}}],"collection":[{"href":"https:\/\/www.eldiario.net\/portal\/wp-json\/wp\/v2\/posts"}],"about":[{"href":"https:\/\/www.eldiario.net\/portal\/wp-json\/wp\/v2\/types\/post"}],"author":[{"embeddable":true,"href":"https:\/\/www.eldiario.net\/portal\/wp-json\/wp\/v2\/users\/1"}],"replies":[{"embeddable":true,"href":"https:\/\/www.eldiario.net\/portal\/wp-json\/wp\/v2\/comments?post=426315"}],"version-history":[{"count":1,"href":"https:\/\/www.eldiario.net\/portal\/wp-json\/wp\/v2\/posts\/426315\/revisions"}],"predecessor-version":[{"id":426316,"href":"https:\/\/www.eldiario.net\/portal\/wp-json\/wp\/v2\/posts\/426315\/revisions\/426316"}],"wp:featuredmedia":[{"embeddable":true,"href":"https:\/\/www.eldiario.net\/portal\/wp-json\/wp\/v2\/media\/169888"}],"wp:attachment":[{"href":"https:\/\/www.eldiario.net\/portal\/wp-json\/wp\/v2\/media?parent=426315"}],"wp:term":[{"taxonomy":"category","embeddable":true,"href":"https:\/\/www.eldiario.net\/portal\/wp-json\/wp\/v2\/categories?post=426315"},{"taxonomy":"post_tag","embeddable":true,"href":"https:\/\/www.eldiario.net\/portal\/wp-json\/wp\/v2\/tags?post=426315"}],"curies":[{"name":"wp","href":"https:\/\/api.w.org\/{rel}","templated":true}]}}