{"id":426313,"date":"2026-08-31T01:02:43","date_gmt":"2026-08-31T05:02:43","guid":{"rendered":"https:\/\/www.eldiario.net\/portal\/?p=426313"},"modified":"2026-08-30T23:02:17","modified_gmt":"2026-08-31T03:02:17","slug":"la-ia-perjudica","status":"publish","type":"post","link":"https:\/\/www.eldiario.net\/portal\/2026\/08\/31\/la-ia-perjudica\/","title":{"rendered":"\u00bfLa IA perjudica?"},"content":{"rendered":"<p>\u201cTe lo ruego: nunca escribas con IA, no la uses para trabajos escolares, informes laborales, cartas a tus suegros, discursos en las reuniones de tu empresa, ni correos electr\u00f3nicos a colegas o amigos. Esta columna no es tanto un argumento como una s\u00faplica: no la utilices para ayudarte a escribir. Nunca dejes que escriba por ti, no dejes que organice tus notas. No permitas que sugiera una frase inicial, un enlace o un p\u00e1rrafo de cierre. No le pidas que escriba un primer borrador y pretendas que editar ese borrador lo convierte de alg\u00fan modo en propio, no es as\u00ed, no hagas nada de esto, no porque sea poco \u00e9tico\u201d, recomienda Bret Stephens, en The New York Times.<br \/>\n\u201cEscribir con IA es un enga\u00f1o: cuando presentas palabras, ideas e informaci\u00f3n como propias cuando no lo son. Un reconocimiento puede solucionar en gran medida el problema, pero tampoco lo hagas porque puedas llegar a escribir mejor que una IA. Muy pronto, si es que no ha sucedido ya, no ser\u00e1 as\u00ed, de la misma manera que no puedes correr m\u00e1s r\u00e1pido que un autom\u00f3vil ni jugar mejor que una aplicaci\u00f3n de ajedrez\u201d, a\u00f1ade.<br \/>\nEl problema de escribir con IA es que debilita mentalmente, es una escalera mec\u00e1nica hacia un resultado, cuando realmente necesitas hacer del esfuerzo diario de subir las escaleras un h\u00e1bito. a medida que se vuelve ubicua, no solo socava nuestra capacidad individual para escribir, sino tambi\u00e9n la capacidad colectiva de una sociedad para razonar, la capacidad interna de una cultura para crear y el motivo de cada uno para interesarse. Ya estamos lidiando con la bien documentada disminuci\u00f3n de la lectura; est\u00e1 acelerando la decadencia de la escritura, llev\u00e1ndonos a\u00fan m\u00e1s lejos en lo que Rose Horowitch, llama \u201cera post-alfabetizada\u201d.<br \/>\n\u00bfQu\u00e9 es lo que hace de manera \u00fanica la escritura?, obliga a pensar de formas que la contemplaci\u00f3n silenciosa o el lenguaje hablado rara vez pueden lograr. Nos obliga a someter nuestro pensamiento al esfuerzo de la articulaci\u00f3n, al rigor de la gram\u00e1tica, a las pruebas de inteligibilidad y coherencia, a la inspecci\u00f3n de los dem\u00e1s al hacerlo y nos impone ser claros, l\u00f3gicos, precisos y responsables. Puede que la gente perdone f\u00e1cilmente una palabra dicha con ira, pero no tan f\u00e1cilmente una escrita con ira, precisamente porque el hecho de haberla escrito indica que fue reflexionada. La palabra meditada importa, tiene permanencia y peso moral; usamos la expresi\u00f3n \u201cquiero eso por escrito\u201d no solo para que no haya duda sobre las palabras exactas acordadas, sino como prueba de que las palabras tienen significado en primer lugar, puntualiza.<br \/>\n\u00bfPero qu\u00e9 sucede cuando las palabras no son meditadas porque las escribi\u00f3 (o ayud\u00f3 a escribir) una m\u00e1quina? Las palabras se vuelven vac\u00edas. El m\u00fasculo intelectual que se ejercita en la redacci\u00f3n cotidiana es el mismo que se usa para la escritura que realmente importa. Nos convertimos en mejores escritores mediante el esfuerzo constante que exige la escritura mundana, nos convertimos en mejores pensadores al invertir en esa escritura un nivel de atenci\u00f3n que nunca le prestar\u00edamos si deleg\u00e1ramos la tarea a la IA, nos volvemos m\u00e1s creativos cuando aprendemos a dejar una huella personal incluso en lo rutinario haci\u00e9ndolo inconfundiblemente nuestro.<br \/>\nEstas habilidades est\u00e1n desapareciendo. La relaci\u00f3n entre la alfabetizaci\u00f3n generalizada y el surgimiento de la democracia es bien conocida: las personas que pueden leer y escribir por s\u00ed mismas, hist\u00f3ricamente, tambi\u00e9n han sido buenas eligiendo y abogando por s\u00ed mismas. \u00bfQu\u00e9 pasa cuando el proceso se invierte? \u00bfCu\u00e1ndo la gente no tiene paciencia para absorber argumentos de m\u00e1s de unas cuantas p\u00e1ginas o frases? \u00bfCu\u00e1ndo carecen de la capacidad de contradecir esos argumentos porque nunca han perfeccionado, mediante la pr\u00e1ctica diaria, la habilidad m\u00e1s esencial para pensar con claridad?<br \/>\nLa pr\u00f3xima vez que sientas la tentaci\u00f3n de elegir una respuesta automatizada para un mensaje de texto o un correo electr\u00f3nico, no lo hagas. Escribe una respuesta propia. Piensa en ello como un acto de libre albedr\u00edo. O lo que te lleve unos segundos m\u00e1s ser\u00e1 un acto de resistencia contra un mundo cada vez m\u00e1s tonto. Yo concluyo preguntando \u00bfla IA perjudica? Usted opine.<\/p>\n<p>www.facebook.com\/dafoheradio<\/p>\n","protected":false},"excerpt":{"rendered":"<p>\u201cTe lo ruego: nunca escribas con IA, no la uses para trabajos escolares, informes laborales, cartas a tus suegros, discursos en las reuniones de tu empresa, ni correos electr\u00f3nicos a colegas o amigos. Esta columna no es tanto un argumento como una s\u00faplica: no la utilices para ayudarte a escribir. Nunca dejes que escriba por [&hellip;]<\/p>\n","protected":false},"author":1,"featured_media":158961,"comment_status":"closed","ping_status":"open","sticky":false,"template":"","format":"standard","meta":{"_acf_changed":false,"footnotes":""},"categories":[9],"tags":[],"class_list":["post-426313","post","type-post","status-publish","format-standard","has-post-thumbnail","category-opinion"],"acf":{"antetitulo":""},"yoast_head":"<!-- This site is optimized with the Yoast SEO plugin v28.3 - https:\/\/yoast.com\/product\/yoast-seo-wordpress\/ -->\n<title>\u00bfLa IA perjudica? - El Diario - Bolivia<\/title>\n<meta name=\"robots\" content=\"index, follow, max-snippet:-1, max-image-preview:large, max-video-preview:-1\" \/>\n<link rel=\"canonical\" href=\"https:\/\/www.eldiario.net\/portal\/2026\/08\/31\/la-ia-perjudica\/\" \/>\n<meta property=\"og:locale\" content=\"es_ES\" \/>\n<meta property=\"og:type\" content=\"article\" \/>\n<meta property=\"og:title\" content=\"\u00bfLa IA perjudica? - El Diario - Bolivia\" \/>\n<meta property=\"og:description\" content=\"\u201cTe lo ruego: nunca escribas con IA, no la uses para trabajos escolares, informes laborales, cartas a tus suegros, discursos en las reuniones de tu empresa, ni correos electr\u00f3nicos a colegas o amigos. Esta columna no es tanto un argumento como una s\u00faplica: no la utilices para ayudarte a escribir. Nunca dejes que escriba por [&hellip;]\" \/>\n<meta property=\"og:url\" content=\"https:\/\/www.eldiario.net\/portal\/2026\/08\/31\/la-ia-perjudica\/\" \/>\n<meta property=\"og:site_name\" content=\"El Diario - Bolivia\" \/>\n<meta property=\"article:publisher\" content=\"https:\/\/www.facebook.com\/eldiario.bolivia\/\" \/>\n<meta property=\"article:published_time\" content=\"2026-08-31T05:02:43+00:00\" \/>\n<meta property=\"og:image\" content=\"https:\/\/www.eldiario.net\/portal\/wp-content\/uploads\/2023\/06\/David-Foronda-H.jpg\" \/>\n\t<meta property=\"og:image:width\" content=\"1200\" \/>\n\t<meta property=\"og:image:height\" content=\"628\" \/>\n\t<meta property=\"og:image:type\" content=\"image\/jpeg\" \/>\n<meta name=\"author\" content=\"Jeanette\" \/>\n<meta name=\"twitter:card\" content=\"summary_large_image\" \/>\n<meta name=\"twitter:creator\" content=\"@eldiario_net\" \/>\n<meta name=\"twitter:site\" content=\"@eldiario_net\" \/>\n<meta name=\"twitter:label1\" content=\"Escrito por\" \/>\n\t<meta name=\"twitter:data1\" content=\"Jeanette\" \/>\n\t<meta name=\"twitter:label2\" content=\"Tiempo de lectura\" \/>\n\t<meta name=\"twitter:data2\" content=\"4 minutos\" \/>\n<script type=\"application\/ld+json\" class=\"yoast-schema-graph\">{\"@context\":\"https:\\\/\\\/schema.org\",\"@graph\":[{\"@type\":\"Article\",\"@id\":\"https:\\\/\\\/www.eldiario.net\\\/portal\\\/2026\\\/08\\\/31\\\/la-ia-perjudica\\\/#article\",\"isPartOf\":{\"@id\":\"https:\\\/\\\/www.eldiario.net\\\/portal\\\/2026\\\/08\\\/31\\\/la-ia-perjudica\\\/\"},\"author\":{\"name\":\"Jeanette\",\"@id\":\"https:\\\/\\\/www.eldiario.net\\\/portal\\\/#\\\/schema\\\/person\\\/f46445640444750d7d753ccd04ae01b7\"},\"headline\":\"\u00bfLa IA perjudica?\",\"datePublished\":\"2026-08-31T05:02:43+00:00\",\"mainEntityOfPage\":{\"@id\":\"https:\\\/\\\/www.eldiario.net\\\/portal\\\/2026\\\/08\\\/31\\\/la-ia-perjudica\\\/\"},\"wordCount\":746,\"publisher\":{\"@id\":\"https:\\\/\\\/www.eldiario.net\\\/portal\\\/#organization\"},\"image\":{\"@id\":\"https:\\\/\\\/www.eldiario.net\\\/portal\\\/2026\\\/08\\\/31\\\/la-ia-perjudica\\\/#primaryimage\"},\"thumbnailUrl\":\"https:\\\/\\\/www.eldiario.net\\\/portal\\\/wp-content\\\/uploads\\\/2023\\\/06\\\/David-Foronda-H.jpg\",\"articleSection\":[\"Opini\u00f3n\"],\"inLanguage\":\"es\"},{\"@type\":\"WebPage\",\"@id\":\"https:\\\/\\\/www.eldiario.net\\\/portal\\\/2026\\\/08\\\/31\\\/la-ia-perjudica\\\/\",\"url\":\"https:\\\/\\\/www.eldiario.net\\\/portal\\\/2026\\\/08\\\/31\\\/la-ia-perjudica\\\/\",\"name\":\"\u00bfLa IA perjudica? - El Diario - Bolivia\",\"isPartOf\":{\"@id\":\"https:\\\/\\\/www.eldiario.net\\\/portal\\\/#website\"},\"primaryImageOfPage\":{\"@id\":\"https:\\\/\\\/www.eldiario.net\\\/portal\\\/2026\\\/08\\\/31\\\/la-ia-perjudica\\\/#primaryimage\"},\"image\":{\"@id\":\"https:\\\/\\\/www.eldiario.net\\\/portal\\\/2026\\\/08\\\/31\\\/la-ia-perjudica\\\/#primaryimage\"},\"thumbnailUrl\":\"https:\\\/\\\/www.eldiario.net\\\/portal\\\/wp-content\\\/uploads\\\/2023\\\/06\\\/David-Foronda-H.jpg\",\"datePublished\":\"2026-08-31T05:02:43+00:00\",\"breadcrumb\":{\"@id\":\"https:\\\/\\\/www.eldiario.net\\\/portal\\\/2026\\\/08\\\/31\\\/la-ia-perjudica\\\/#breadcrumb\"},\"inLanguage\":\"es\",\"potentialAction\":[{\"@type\":\"ReadAction\",\"target\":[\"https:\\\/\\\/www.eldiario.net\\\/portal\\\/2026\\\/08\\\/31\\\/la-ia-perjudica\\\/\"]}]},{\"@type\":\"ImageObject\",\"inLanguage\":\"es\",\"@id\":\"https:\\\/\\\/www.eldiario.net\\\/portal\\\/2026\\\/08\\\/31\\\/la-ia-perjudica\\\/#primaryimage\",\"url\":\"https:\\\/\\\/www.eldiario.net\\\/portal\\\/wp-content\\\/uploads\\\/2023\\\/06\\\/David-Foronda-H.jpg\",\"contentUrl\":\"https:\\\/\\\/www.eldiario.net\\\/portal\\\/wp-content\\\/uploads\\\/2023\\\/06\\\/David-Foronda-H.jpg\",\"width\":1200,\"height\":628,\"caption\":\"David Foronda H.\"},{\"@type\":\"BreadcrumbList\",\"@id\":\"https:\\\/\\\/www.eldiario.net\\\/portal\\\/2026\\\/08\\\/31\\\/la-ia-perjudica\\\/#breadcrumb\",\"itemListElement\":[{\"@type\":\"ListItem\",\"position\":1,\"name\":\"Portada\",\"item\":\"https:\\\/\\\/www.eldiario.net\\\/portal\\\/\"},{\"@type\":\"ListItem\",\"position\":2,\"name\":\"\u00bfLa IA perjudica?\"}]},{\"@type\":\"WebSite\",\"@id\":\"https:\\\/\\\/www.eldiario.net\\\/portal\\\/#website\",\"url\":\"https:\\\/\\\/www.eldiario.net\\\/portal\\\/\",\"name\":\"El Diario - Decano de la prensa nacional\",\"description\":\"El Diario - Decano de la prensa nacional\",\"publisher\":{\"@id\":\"https:\\\/\\\/www.eldiario.net\\\/portal\\\/#organization\"},\"potentialAction\":[{\"@type\":\"SearchAction\",\"target\":{\"@type\":\"EntryPoint\",\"urlTemplate\":\"https:\\\/\\\/www.eldiario.net\\\/portal\\\/?s={search_term_string}\"},\"query-input\":{\"@type\":\"PropertyValueSpecification\",\"valueRequired\":true,\"valueName\":\"search_term_string\"}}],\"inLanguage\":\"es\"},{\"@type\":\"Organization\",\"@id\":\"https:\\\/\\\/www.eldiario.net\\\/portal\\\/#organization\",\"name\":\"El Diario - Decano de la prensa nacional\",\"url\":\"https:\\\/\\\/www.eldiario.net\\\/portal\\\/\",\"logo\":{\"@type\":\"ImageObject\",\"inLanguage\":\"es\",\"@id\":\"https:\\\/\\\/www.eldiario.net\\\/portal\\\/#\\\/schema\\\/logo\\\/image\\\/\",\"url\":\"https:\\\/\\\/www.eldiario.net\\\/portal\\\/wp-content\\\/uploads\\\/2023\\\/07\\\/logo_ED.jpg\",\"contentUrl\":\"https:\\\/\\\/www.eldiario.net\\\/portal\\\/wp-content\\\/uploads\\\/2023\\\/07\\\/logo_ED.jpg\",\"width\":272,\"height\":52,\"caption\":\"El Diario - Decano de la prensa nacional\"},\"image\":{\"@id\":\"https:\\\/\\\/www.eldiario.net\\\/portal\\\/#\\\/schema\\\/logo\\\/image\\\/\"},\"sameAs\":[\"https:\\\/\\\/www.facebook.com\\\/eldiario.bolivia\\\/\",\"https:\\\/\\\/x.com\\\/eldiario_net\"]},{\"@type\":\"Person\",\"@id\":\"https:\\\/\\\/www.eldiario.net\\\/portal\\\/#\\\/schema\\\/person\\\/f46445640444750d7d753ccd04ae01b7\",\"name\":\"Jeanette\",\"image\":{\"@type\":\"ImageObject\",\"inLanguage\":\"es\",\"@id\":\"https:\\\/\\\/secure.gravatar.com\\\/avatar\\\/3ea2118a5f7dad2b7138b1187a6b7ee55f160b9968b66013c3a3ef39dd7e5798?s=96&d=mm&r=g\",\"url\":\"https:\\\/\\\/secure.gravatar.com\\\/avatar\\\/3ea2118a5f7dad2b7138b1187a6b7ee55f160b9968b66013c3a3ef39dd7e5798?s=96&d=mm&r=g\",\"contentUrl\":\"https:\\\/\\\/secure.gravatar.com\\\/avatar\\\/3ea2118a5f7dad2b7138b1187a6b7ee55f160b9968b66013c3a3ef39dd7e5798?s=96&d=mm&r=g\",\"caption\":\"Jeanette\"},\"sameAs\":[\"https:\\\/\\\/www.eldiario.net\\\/portal\"],\"url\":\"https:\\\/\\\/www.eldiario.net\\\/portal\\\/author\\\/jeanette\\\/\"}]}<\/script>\n<!-- \/ Yoast SEO plugin. -->","yoast_head_json":{"title":"\u00bfLa IA perjudica? - El Diario - Bolivia","robots":{"index":"index","follow":"follow","max-snippet":"max-snippet:-1","max-image-preview":"max-image-preview:large","max-video-preview":"max-video-preview:-1"},"canonical":"https:\/\/www.eldiario.net\/portal\/2026\/08\/31\/la-ia-perjudica\/","og_locale":"es_ES","og_type":"article","og_title":"\u00bfLa IA perjudica? - El Diario - Bolivia","og_description":"\u201cTe lo ruego: nunca escribas con IA, no la uses para trabajos escolares, informes laborales, cartas a tus suegros, discursos en las reuniones de tu empresa, ni correos electr\u00f3nicos a colegas o amigos. Esta columna no es tanto un argumento como una s\u00faplica: no la utilices para ayudarte a escribir. Nunca dejes que escriba por [&hellip;]","og_url":"https:\/\/www.eldiario.net\/portal\/2026\/08\/31\/la-ia-perjudica\/","og_site_name":"El Diario - Bolivia","article_publisher":"https:\/\/www.facebook.com\/eldiario.bolivia\/","article_published_time":"2026-08-31T05:02:43+00:00","og_image":[{"width":1200,"height":628,"url":"https:\/\/www.eldiario.net\/portal\/wp-content\/uploads\/2023\/06\/David-Foronda-H.jpg","type":"image\/jpeg"}],"author":"Jeanette","twitter_card":"summary_large_image","twitter_creator":"@eldiario_net","twitter_site":"@eldiario_net","twitter_misc":{"Escrito por":"Jeanette","Tiempo de lectura":"4 minutos"},"schema":{"@context":"https:\/\/schema.org","@graph":[{"@type":"Article","@id":"https:\/\/www.eldiario.net\/portal\/2026\/08\/31\/la-ia-perjudica\/#article","isPartOf":{"@id":"https:\/\/www.eldiario.net\/portal\/2026\/08\/31\/la-ia-perjudica\/"},"author":{"name":"Jeanette","@id":"https:\/\/www.eldiario.net\/portal\/#\/schema\/person\/f46445640444750d7d753ccd04ae01b7"},"headline":"\u00bfLa IA perjudica?","datePublished":"2026-08-31T05:02:43+00:00","mainEntityOfPage":{"@id":"https:\/\/www.eldiario.net\/portal\/2026\/08\/31\/la-ia-perjudica\/"},"wordCount":746,"publisher":{"@id":"https:\/\/www.eldiario.net\/portal\/#organization"},"image":{"@id":"https:\/\/www.eldiario.net\/portal\/2026\/08\/31\/la-ia-perjudica\/#primaryimage"},"thumbnailUrl":"https:\/\/www.eldiario.net\/portal\/wp-content\/uploads\/2023\/06\/David-Foronda-H.jpg","articleSection":["Opini\u00f3n"],"inLanguage":"es"},{"@type":"WebPage","@id":"https:\/\/www.eldiario.net\/portal\/2026\/08\/31\/la-ia-perjudica\/","url":"https:\/\/www.eldiario.net\/portal\/2026\/08\/31\/la-ia-perjudica\/","name":"\u00bfLa IA perjudica? - El Diario - Bolivia","isPartOf":{"@id":"https:\/\/www.eldiario.net\/portal\/#website"},"primaryImageOfPage":{"@id":"https:\/\/www.eldiario.net\/portal\/2026\/08\/31\/la-ia-perjudica\/#primaryimage"},"image":{"@id":"https:\/\/www.eldiario.net\/portal\/2026\/08\/31\/la-ia-perjudica\/#primaryimage"},"thumbnailUrl":"https:\/\/www.eldiario.net\/portal\/wp-content\/uploads\/2023\/06\/David-Foronda-H.jpg","datePublished":"2026-08-31T05:02:43+00:00","breadcrumb":{"@id":"https:\/\/www.eldiario.net\/portal\/2026\/08\/31\/la-ia-perjudica\/#breadcrumb"},"inLanguage":"es","potentialAction":[{"@type":"ReadAction","target":["https:\/\/www.eldiario.net\/portal\/2026\/08\/31\/la-ia-perjudica\/"]}]},{"@type":"ImageObject","inLanguage":"es","@id":"https:\/\/www.eldiario.net\/portal\/2026\/08\/31\/la-ia-perjudica\/#primaryimage","url":"https:\/\/www.eldiario.net\/portal\/wp-content\/uploads\/2023\/06\/David-Foronda-H.jpg","contentUrl":"https:\/\/www.eldiario.net\/portal\/wp-content\/uploads\/2023\/06\/David-Foronda-H.jpg","width":1200,"height":628,"caption":"David Foronda H."},{"@type":"BreadcrumbList","@id":"https:\/\/www.eldiario.net\/portal\/2026\/08\/31\/la-ia-perjudica\/#breadcrumb","itemListElement":[{"@type":"ListItem","position":1,"name":"Portada","item":"https:\/\/www.eldiario.net\/portal\/"},{"@type":"ListItem","position":2,"name":"\u00bfLa IA perjudica?"}]},{"@type":"WebSite","@id":"https:\/\/www.eldiario.net\/portal\/#website","url":"https:\/\/www.eldiario.net\/portal\/","name":"El Diario - Decano de la prensa nacional","description":"El Diario - Decano de la prensa nacional","publisher":{"@id":"https:\/\/www.eldiario.net\/portal\/#organization"},"potentialAction":[{"@type":"SearchAction","target":{"@type":"EntryPoint","urlTemplate":"https:\/\/www.eldiario.net\/portal\/?s={search_term_string}"},"query-input":{"@type":"PropertyValueSpecification","valueRequired":true,"valueName":"search_term_string"}}],"inLanguage":"es"},{"@type":"Organization","@id":"https:\/\/www.eldiario.net\/portal\/#organization","name":"El Diario - Decano de la prensa nacional","url":"https:\/\/www.eldiario.net\/portal\/","logo":{"@type":"ImageObject","inLanguage":"es","@id":"https:\/\/www.eldiario.net\/portal\/#\/schema\/logo\/image\/","url":"https:\/\/www.eldiario.net\/portal\/wp-content\/uploads\/2023\/07\/logo_ED.jpg","contentUrl":"https:\/\/www.eldiario.net\/portal\/wp-content\/uploads\/2023\/07\/logo_ED.jpg","width":272,"height":52,"caption":"El Diario - Decano de la prensa nacional"},"image":{"@id":"https:\/\/www.eldiario.net\/portal\/#\/schema\/logo\/image\/"},"sameAs":["https:\/\/www.facebook.com\/eldiario.bolivia\/","https:\/\/x.com\/eldiario_net"]},{"@type":"Person","@id":"https:\/\/www.eldiario.net\/portal\/#\/schema\/person\/f46445640444750d7d753ccd04ae01b7","name":"Jeanette","image":{"@type":"ImageObject","inLanguage":"es","@id":"https:\/\/secure.gravatar.com\/avatar\/3ea2118a5f7dad2b7138b1187a6b7ee55f160b9968b66013c3a3ef39dd7e5798?s=96&d=mm&r=g","url":"https:\/\/secure.gravatar.com\/avatar\/3ea2118a5f7dad2b7138b1187a6b7ee55f160b9968b66013c3a3ef39dd7e5798?s=96&d=mm&r=g","contentUrl":"https:\/\/secure.gravatar.com\/avatar\/3ea2118a5f7dad2b7138b1187a6b7ee55f160b9968b66013c3a3ef39dd7e5798?s=96&d=mm&r=g","caption":"Jeanette"},"sameAs":["https:\/\/www.eldiario.net\/portal"],"url":"https:\/\/www.eldiario.net\/portal\/author\/jeanette\/"}]}},"_links":{"self":[{"href":"https:\/\/www.eldiario.net\/portal\/wp-json\/wp\/v2\/posts\/426313","targetHints":{"allow":["GET"]}}],"collection":[{"href":"https:\/\/www.eldiario.net\/portal\/wp-json\/wp\/v2\/posts"}],"about":[{"href":"https:\/\/www.eldiario.net\/portal\/wp-json\/wp\/v2\/types\/post"}],"author":[{"embeddable":true,"href":"https:\/\/www.eldiario.net\/portal\/wp-json\/wp\/v2\/users\/1"}],"replies":[{"embeddable":true,"href":"https:\/\/www.eldiario.net\/portal\/wp-json\/wp\/v2\/comments?post=426313"}],"version-history":[{"count":1,"href":"https:\/\/www.eldiario.net\/portal\/wp-json\/wp\/v2\/posts\/426313\/revisions"}],"predecessor-version":[{"id":426314,"href":"https:\/\/www.eldiario.net\/portal\/wp-json\/wp\/v2\/posts\/426313\/revisions\/426314"}],"wp:featuredmedia":[{"embeddable":true,"href":"https:\/\/www.eldiario.net\/portal\/wp-json\/wp\/v2\/media\/158961"}],"wp:attachment":[{"href":"https:\/\/www.eldiario.net\/portal\/wp-json\/wp\/v2\/media?parent=426313"}],"wp:term":[{"taxonomy":"category","embeddable":true,"href":"https:\/\/www.eldiario.net\/portal\/wp-json\/wp\/v2\/categories?post=426313"},{"taxonomy":"post_tag","embeddable":true,"href":"https:\/\/www.eldiario.net\/portal\/wp-json\/wp\/v2\/tags?post=426313"}],"curies":[{"name":"wp","href":"https:\/\/api.w.org\/{rel}","templated":true}]}}