{"id":426307,"date":"2026-08-31T00:58:11","date_gmt":"2026-08-31T04:58:11","guid":{"rendered":"https:\/\/www.eldiario.net\/portal\/?p=426307"},"modified":"2026-08-30T22:58:44","modified_gmt":"2026-08-31T02:58:44","slug":"el-beni-no-puede-seguir-mirando-desde-la-orilla","status":"publish","type":"post","link":"https:\/\/www.eldiario.net\/portal\/2026\/08\/31\/el-beni-no-puede-seguir-mirando-desde-la-orilla\/","title":{"rendered":"El Beni no puede seguir mirando desde la orilla"},"content":{"rendered":"<p>Hay momentos en que una sociedad debe dejar de observar y comenzar a preguntar. Cuando est\u00e1n en juego el territorio, los recursos y el futuro, preguntar, informarse y participar tambi\u00e9n es ejercer ciudadan\u00eda.<br \/>\nEl 13 de agosto, el Presidente de Bolivia habl\u00f3 del \u201cEstado tranca\u201d, una realidad que se manifiesta en los distintos niveles de gobierno y que termina frenando las respuestas que necesita la gente. En ese contexto, mientras el pa\u00eds reclama menos burocracia y mayor eficiencia, en el Beni aparece una propuesta que merece la atenci\u00f3n ciudadana: cambiar la denominaci\u00f3n del Gobierno Aut\u00f3nomo Departamental por Gobierno de la Entidad Territorial Aut\u00f3noma Amaz\u00f3nica del Departamento del Beni, mientras se anuncia adem\u00e1s una futura Ley de Servicios Ambientales vinculada a los bonos de carbono.<br \/>\nEsta \u00faltima todav\u00eda no es ley. Precisamente por eso, este es el momento de conocerla, discutirla y preguntar qu\u00e9 pretende hacer y hasta d\u00f3nde puede llegar.<br \/>\nPorque una cosa es reconocer nuestra condici\u00f3n amaz\u00f3nica y otra muy distinta es utilizar una denominaci\u00f3n institucional para asumir facultades que la Constituci\u00f3n no otorga.<br \/>\nLa CPE ya habl\u00f3. El art\u00edculo 390 reconoce a la cuenca amaz\u00f3nica boliviana como un espacio estrat\u00e9gico de especial protecci\u00f3n para el desarrollo integral del pa\u00eds e incluye a Pando, la provincia Iturralde de La Paz y las provincias Vaca D\u00edez y Ballivi\u00e1n del Beni. El art\u00edculo 391 establece que su desarrollo debe sustentarse en una administraci\u00f3n integral, participativa, compartida y equitativa.<br \/>\nEl art\u00edculo 410 establece la supremac\u00eda de la Constituci\u00f3n. Una ley departamental no puede estar por encima de ella ni crear competencias que contradigan su mandato.<br \/>\nEntonces, la discusi\u00f3n no deber\u00eda quedarse en un nuevo nombre. La ciudadan\u00eda tiene derecho a preguntarse qu\u00e9 cambiar\u00e1 realmente para nuestros municipios amaz\u00f3nicos. \u00bfM\u00e1s inversi\u00f3n? \u00bfM\u00e1s participaci\u00f3n? \u00bfM\u00e1s infraestructura? \u00bfM\u00e1s producci\u00f3n? \u00bfM\u00e1s oportunidades?<br \/>\nPorque la Amazon\u00eda no se fortalece cambiando membretes. Se fortalece cuando su gente participa, produce y se beneficia de las oportunidades que genera su territorio.<br \/>\nY aqu\u00ed aparece una oportunidad que el Beni no puede desperdiciar. La apertura legal de la frontera agr\u00edcola permite pensar nuestros municipios como territorios productivos. Tenemos que producir, transformar, agregar valor, generar empleo, atraer capital y construir mercados, sin enfrentar producci\u00f3n con conservaci\u00f3n.<br \/>\nTambi\u00e9n est\u00e1n los bonos de carbono y la nueva econom\u00eda vinculada a nuestros bosques y servicios ambientales. No podemos llegar tarde. Pero tampoco podemos permitir que una nueva fuente de riqueza termine reproduciendo la vieja historia: otros valorizan nuestros recursos, negocian con ellos y nosotros quedamos mirando desde la orilla.<br \/>\nLa pregunta, entonces, no es solamente cu\u00e1nto pueden valer nuestros bosques.<\/p>\n<p>La autora es Comunicadora Social.<\/p>\n","protected":false},"excerpt":{"rendered":"<p>Hay momentos en que una sociedad debe dejar de observar y comenzar a preguntar. Cuando est\u00e1n en juego el territorio, los recursos y el futuro, preguntar, informarse y participar tambi\u00e9n es ejercer ciudadan\u00eda. El 13 de agosto, el Presidente de Bolivia habl\u00f3 del \u201cEstado tranca\u201d, una realidad que se manifiesta en los distintos niveles de [&hellip;]<\/p>\n","protected":false},"author":1,"featured_media":420792,"comment_status":"closed","ping_status":"open","sticky":false,"template":"","format":"standard","meta":{"_acf_changed":false,"footnotes":""},"categories":[9],"tags":[],"class_list":["post-426307","post","type-post","status-publish","format-standard","has-post-thumbnail","category-opinion"],"acf":{"antetitulo":"Desde la conciencia ciudadana"},"yoast_head":"<!-- This site is optimized with the Yoast SEO plugin v28.3 - https:\/\/yoast.com\/product\/yoast-seo-wordpress\/ -->\n<title>El Beni no puede seguir mirando desde la orilla - El Diario - Bolivia<\/title>\n<meta name=\"robots\" content=\"index, follow, max-snippet:-1, max-image-preview:large, max-video-preview:-1\" \/>\n<link rel=\"canonical\" href=\"https:\/\/www.eldiario.net\/portal\/2026\/08\/31\/el-beni-no-puede-seguir-mirando-desde-la-orilla\/\" \/>\n<meta property=\"og:locale\" content=\"es_ES\" \/>\n<meta property=\"og:type\" content=\"article\" \/>\n<meta property=\"og:title\" content=\"El Beni no puede seguir mirando desde la orilla - El Diario - Bolivia\" \/>\n<meta property=\"og:description\" content=\"Hay momentos en que una sociedad debe dejar de observar y comenzar a preguntar. Cuando est\u00e1n en juego el territorio, los recursos y el futuro, preguntar, informarse y participar tambi\u00e9n es ejercer ciudadan\u00eda. El 13 de agosto, el Presidente de Bolivia habl\u00f3 del \u201cEstado tranca\u201d, una realidad que se manifiesta en los distintos niveles de [&hellip;]\" \/>\n<meta property=\"og:url\" content=\"https:\/\/www.eldiario.net\/portal\/2026\/08\/31\/el-beni-no-puede-seguir-mirando-desde-la-orilla\/\" \/>\n<meta property=\"og:site_name\" content=\"El Diario - Bolivia\" \/>\n<meta property=\"article:publisher\" content=\"https:\/\/www.facebook.com\/eldiario.bolivia\/\" \/>\n<meta property=\"article:published_time\" content=\"2026-08-31T04:58:11+00:00\" \/>\n<meta property=\"og:image\" content=\"https:\/\/www.eldiario.net\/portal\/wp-content\/uploads\/2026\/08\/Lavive-Yanez-Simon.webp\" \/>\n\t<meta property=\"og:image:width\" content=\"1200\" \/>\n\t<meta property=\"og:image:height\" content=\"628\" \/>\n\t<meta property=\"og:image:type\" content=\"image\/webp\" \/>\n<meta name=\"author\" content=\"Jeanette\" \/>\n<meta name=\"twitter:card\" content=\"summary_large_image\" \/>\n<meta name=\"twitter:creator\" content=\"@eldiario_net\" \/>\n<meta name=\"twitter:site\" content=\"@eldiario_net\" \/>\n<meta name=\"twitter:label1\" content=\"Escrito por\" \/>\n\t<meta name=\"twitter:data1\" content=\"Jeanette\" \/>\n\t<meta name=\"twitter:label2\" content=\"Tiempo de lectura\" \/>\n\t<meta name=\"twitter:data2\" content=\"3 minutos\" \/>\n<script type=\"application\/ld+json\" class=\"yoast-schema-graph\">{\"@context\":\"https:\\\/\\\/schema.org\",\"@graph\":[{\"@type\":\"Article\",\"@id\":\"https:\\\/\\\/www.eldiario.net\\\/portal\\\/2026\\\/08\\\/31\\\/el-beni-no-puede-seguir-mirando-desde-la-orilla\\\/#article\",\"isPartOf\":{\"@id\":\"https:\\\/\\\/www.eldiario.net\\\/portal\\\/2026\\\/08\\\/31\\\/el-beni-no-puede-seguir-mirando-desde-la-orilla\\\/\"},\"author\":{\"name\":\"Jeanette\",\"@id\":\"https:\\\/\\\/www.eldiario.net\\\/portal\\\/#\\\/schema\\\/person\\\/f46445640444750d7d753ccd04ae01b7\"},\"headline\":\"El Beni no puede seguir mirando desde la orilla\",\"datePublished\":\"2026-08-31T04:58:11+00:00\",\"mainEntityOfPage\":{\"@id\":\"https:\\\/\\\/www.eldiario.net\\\/portal\\\/2026\\\/08\\\/31\\\/el-beni-no-puede-seguir-mirando-desde-la-orilla\\\/\"},\"wordCount\":483,\"publisher\":{\"@id\":\"https:\\\/\\\/www.eldiario.net\\\/portal\\\/#organization\"},\"image\":{\"@id\":\"https:\\\/\\\/www.eldiario.net\\\/portal\\\/2026\\\/08\\\/31\\\/el-beni-no-puede-seguir-mirando-desde-la-orilla\\\/#primaryimage\"},\"thumbnailUrl\":\"https:\\\/\\\/www.eldiario.net\\\/portal\\\/wp-content\\\/uploads\\\/2026\\\/08\\\/Lavive-Yanez-Simon.webp\",\"articleSection\":[\"Opini\u00f3n\"],\"inLanguage\":\"es\"},{\"@type\":\"WebPage\",\"@id\":\"https:\\\/\\\/www.eldiario.net\\\/portal\\\/2026\\\/08\\\/31\\\/el-beni-no-puede-seguir-mirando-desde-la-orilla\\\/\",\"url\":\"https:\\\/\\\/www.eldiario.net\\\/portal\\\/2026\\\/08\\\/31\\\/el-beni-no-puede-seguir-mirando-desde-la-orilla\\\/\",\"name\":\"El Beni no puede seguir mirando desde la orilla - El Diario - Bolivia\",\"isPartOf\":{\"@id\":\"https:\\\/\\\/www.eldiario.net\\\/portal\\\/#website\"},\"primaryImageOfPage\":{\"@id\":\"https:\\\/\\\/www.eldiario.net\\\/portal\\\/2026\\\/08\\\/31\\\/el-beni-no-puede-seguir-mirando-desde-la-orilla\\\/#primaryimage\"},\"image\":{\"@id\":\"https:\\\/\\\/www.eldiario.net\\\/portal\\\/2026\\\/08\\\/31\\\/el-beni-no-puede-seguir-mirando-desde-la-orilla\\\/#primaryimage\"},\"thumbnailUrl\":\"https:\\\/\\\/www.eldiario.net\\\/portal\\\/wp-content\\\/uploads\\\/2026\\\/08\\\/Lavive-Yanez-Simon.webp\",\"datePublished\":\"2026-08-31T04:58:11+00:00\",\"breadcrumb\":{\"@id\":\"https:\\\/\\\/www.eldiario.net\\\/portal\\\/2026\\\/08\\\/31\\\/el-beni-no-puede-seguir-mirando-desde-la-orilla\\\/#breadcrumb\"},\"inLanguage\":\"es\",\"potentialAction\":[{\"@type\":\"ReadAction\",\"target\":[\"https:\\\/\\\/www.eldiario.net\\\/portal\\\/2026\\\/08\\\/31\\\/el-beni-no-puede-seguir-mirando-desde-la-orilla\\\/\"]}]},{\"@type\":\"ImageObject\",\"inLanguage\":\"es\",\"@id\":\"https:\\\/\\\/www.eldiario.net\\\/portal\\\/2026\\\/08\\\/31\\\/el-beni-no-puede-seguir-mirando-desde-la-orilla\\\/#primaryimage\",\"url\":\"https:\\\/\\\/www.eldiario.net\\\/portal\\\/wp-content\\\/uploads\\\/2026\\\/08\\\/Lavive-Yanez-Simon.webp\",\"contentUrl\":\"https:\\\/\\\/www.eldiario.net\\\/portal\\\/wp-content\\\/uploads\\\/2026\\\/08\\\/Lavive-Yanez-Simon.webp\",\"width\":1200,\"height\":628},{\"@type\":\"BreadcrumbList\",\"@id\":\"https:\\\/\\\/www.eldiario.net\\\/portal\\\/2026\\\/08\\\/31\\\/el-beni-no-puede-seguir-mirando-desde-la-orilla\\\/#breadcrumb\",\"itemListElement\":[{\"@type\":\"ListItem\",\"position\":1,\"name\":\"Portada\",\"item\":\"https:\\\/\\\/www.eldiario.net\\\/portal\\\/\"},{\"@type\":\"ListItem\",\"position\":2,\"name\":\"El Beni no puede seguir mirando desde la orilla\"}]},{\"@type\":\"WebSite\",\"@id\":\"https:\\\/\\\/www.eldiario.net\\\/portal\\\/#website\",\"url\":\"https:\\\/\\\/www.eldiario.net\\\/portal\\\/\",\"name\":\"El Diario - Decano de la prensa nacional\",\"description\":\"El Diario - Decano de la prensa nacional\",\"publisher\":{\"@id\":\"https:\\\/\\\/www.eldiario.net\\\/portal\\\/#organization\"},\"potentialAction\":[{\"@type\":\"SearchAction\",\"target\":{\"@type\":\"EntryPoint\",\"urlTemplate\":\"https:\\\/\\\/www.eldiario.net\\\/portal\\\/?s={search_term_string}\"},\"query-input\":{\"@type\":\"PropertyValueSpecification\",\"valueRequired\":true,\"valueName\":\"search_term_string\"}}],\"inLanguage\":\"es\"},{\"@type\":\"Organization\",\"@id\":\"https:\\\/\\\/www.eldiario.net\\\/portal\\\/#organization\",\"name\":\"El Diario - Decano de la prensa nacional\",\"url\":\"https:\\\/\\\/www.eldiario.net\\\/portal\\\/\",\"logo\":{\"@type\":\"ImageObject\",\"inLanguage\":\"es\",\"@id\":\"https:\\\/\\\/www.eldiario.net\\\/portal\\\/#\\\/schema\\\/logo\\\/image\\\/\",\"url\":\"https:\\\/\\\/www.eldiario.net\\\/portal\\\/wp-content\\\/uploads\\\/2023\\\/07\\\/logo_ED.jpg\",\"contentUrl\":\"https:\\\/\\\/www.eldiario.net\\\/portal\\\/wp-content\\\/uploads\\\/2023\\\/07\\\/logo_ED.jpg\",\"width\":272,\"height\":52,\"caption\":\"El Diario - Decano de la prensa nacional\"},\"image\":{\"@id\":\"https:\\\/\\\/www.eldiario.net\\\/portal\\\/#\\\/schema\\\/logo\\\/image\\\/\"},\"sameAs\":[\"https:\\\/\\\/www.facebook.com\\\/eldiario.bolivia\\\/\",\"https:\\\/\\\/x.com\\\/eldiario_net\"]},{\"@type\":\"Person\",\"@id\":\"https:\\\/\\\/www.eldiario.net\\\/portal\\\/#\\\/schema\\\/person\\\/f46445640444750d7d753ccd04ae01b7\",\"name\":\"Jeanette\",\"image\":{\"@type\":\"ImageObject\",\"inLanguage\":\"es\",\"@id\":\"https:\\\/\\\/secure.gravatar.com\\\/avatar\\\/3ea2118a5f7dad2b7138b1187a6b7ee55f160b9968b66013c3a3ef39dd7e5798?s=96&d=mm&r=g\",\"url\":\"https:\\\/\\\/secure.gravatar.com\\\/avatar\\\/3ea2118a5f7dad2b7138b1187a6b7ee55f160b9968b66013c3a3ef39dd7e5798?s=96&d=mm&r=g\",\"contentUrl\":\"https:\\\/\\\/secure.gravatar.com\\\/avatar\\\/3ea2118a5f7dad2b7138b1187a6b7ee55f160b9968b66013c3a3ef39dd7e5798?s=96&d=mm&r=g\",\"caption\":\"Jeanette\"},\"sameAs\":[\"https:\\\/\\\/www.eldiario.net\\\/portal\"],\"url\":\"https:\\\/\\\/www.eldiario.net\\\/portal\\\/author\\\/jeanette\\\/\"}]}<\/script>\n<!-- \/ Yoast SEO plugin. -->","yoast_head_json":{"title":"El Beni no puede seguir mirando desde la orilla - El Diario - Bolivia","robots":{"index":"index","follow":"follow","max-snippet":"max-snippet:-1","max-image-preview":"max-image-preview:large","max-video-preview":"max-video-preview:-1"},"canonical":"https:\/\/www.eldiario.net\/portal\/2026\/08\/31\/el-beni-no-puede-seguir-mirando-desde-la-orilla\/","og_locale":"es_ES","og_type":"article","og_title":"El Beni no puede seguir mirando desde la orilla - El Diario - Bolivia","og_description":"Hay momentos en que una sociedad debe dejar de observar y comenzar a preguntar. Cuando est\u00e1n en juego el territorio, los recursos y el futuro, preguntar, informarse y participar tambi\u00e9n es ejercer ciudadan\u00eda. El 13 de agosto, el Presidente de Bolivia habl\u00f3 del \u201cEstado tranca\u201d, una realidad que se manifiesta en los distintos niveles de [&hellip;]","og_url":"https:\/\/www.eldiario.net\/portal\/2026\/08\/31\/el-beni-no-puede-seguir-mirando-desde-la-orilla\/","og_site_name":"El Diario - Bolivia","article_publisher":"https:\/\/www.facebook.com\/eldiario.bolivia\/","article_published_time":"2026-08-31T04:58:11+00:00","og_image":[{"width":1200,"height":628,"url":"https:\/\/www.eldiario.net\/portal\/wp-content\/uploads\/2026\/08\/Lavive-Yanez-Simon.webp","type":"image\/webp"}],"author":"Jeanette","twitter_card":"summary_large_image","twitter_creator":"@eldiario_net","twitter_site":"@eldiario_net","twitter_misc":{"Escrito por":"Jeanette","Tiempo de lectura":"3 minutos"},"schema":{"@context":"https:\/\/schema.org","@graph":[{"@type":"Article","@id":"https:\/\/www.eldiario.net\/portal\/2026\/08\/31\/el-beni-no-puede-seguir-mirando-desde-la-orilla\/#article","isPartOf":{"@id":"https:\/\/www.eldiario.net\/portal\/2026\/08\/31\/el-beni-no-puede-seguir-mirando-desde-la-orilla\/"},"author":{"name":"Jeanette","@id":"https:\/\/www.eldiario.net\/portal\/#\/schema\/person\/f46445640444750d7d753ccd04ae01b7"},"headline":"El Beni no puede seguir mirando desde la orilla","datePublished":"2026-08-31T04:58:11+00:00","mainEntityOfPage":{"@id":"https:\/\/www.eldiario.net\/portal\/2026\/08\/31\/el-beni-no-puede-seguir-mirando-desde-la-orilla\/"},"wordCount":483,"publisher":{"@id":"https:\/\/www.eldiario.net\/portal\/#organization"},"image":{"@id":"https:\/\/www.eldiario.net\/portal\/2026\/08\/31\/el-beni-no-puede-seguir-mirando-desde-la-orilla\/#primaryimage"},"thumbnailUrl":"https:\/\/www.eldiario.net\/portal\/wp-content\/uploads\/2026\/08\/Lavive-Yanez-Simon.webp","articleSection":["Opini\u00f3n"],"inLanguage":"es"},{"@type":"WebPage","@id":"https:\/\/www.eldiario.net\/portal\/2026\/08\/31\/el-beni-no-puede-seguir-mirando-desde-la-orilla\/","url":"https:\/\/www.eldiario.net\/portal\/2026\/08\/31\/el-beni-no-puede-seguir-mirando-desde-la-orilla\/","name":"El Beni no puede seguir mirando desde la orilla - El Diario - Bolivia","isPartOf":{"@id":"https:\/\/www.eldiario.net\/portal\/#website"},"primaryImageOfPage":{"@id":"https:\/\/www.eldiario.net\/portal\/2026\/08\/31\/el-beni-no-puede-seguir-mirando-desde-la-orilla\/#primaryimage"},"image":{"@id":"https:\/\/www.eldiario.net\/portal\/2026\/08\/31\/el-beni-no-puede-seguir-mirando-desde-la-orilla\/#primaryimage"},"thumbnailUrl":"https:\/\/www.eldiario.net\/portal\/wp-content\/uploads\/2026\/08\/Lavive-Yanez-Simon.webp","datePublished":"2026-08-31T04:58:11+00:00","breadcrumb":{"@id":"https:\/\/www.eldiario.net\/portal\/2026\/08\/31\/el-beni-no-puede-seguir-mirando-desde-la-orilla\/#breadcrumb"},"inLanguage":"es","potentialAction":[{"@type":"ReadAction","target":["https:\/\/www.eldiario.net\/portal\/2026\/08\/31\/el-beni-no-puede-seguir-mirando-desde-la-orilla\/"]}]},{"@type":"ImageObject","inLanguage":"es","@id":"https:\/\/www.eldiario.net\/portal\/2026\/08\/31\/el-beni-no-puede-seguir-mirando-desde-la-orilla\/#primaryimage","url":"https:\/\/www.eldiario.net\/portal\/wp-content\/uploads\/2026\/08\/Lavive-Yanez-Simon.webp","contentUrl":"https:\/\/www.eldiario.net\/portal\/wp-content\/uploads\/2026\/08\/Lavive-Yanez-Simon.webp","width":1200,"height":628},{"@type":"BreadcrumbList","@id":"https:\/\/www.eldiario.net\/portal\/2026\/08\/31\/el-beni-no-puede-seguir-mirando-desde-la-orilla\/#breadcrumb","itemListElement":[{"@type":"ListItem","position":1,"name":"Portada","item":"https:\/\/www.eldiario.net\/portal\/"},{"@type":"ListItem","position":2,"name":"El Beni no puede seguir mirando desde la orilla"}]},{"@type":"WebSite","@id":"https:\/\/www.eldiario.net\/portal\/#website","url":"https:\/\/www.eldiario.net\/portal\/","name":"El Diario - Decano de la prensa nacional","description":"El Diario - Decano de la prensa nacional","publisher":{"@id":"https:\/\/www.eldiario.net\/portal\/#organization"},"potentialAction":[{"@type":"SearchAction","target":{"@type":"EntryPoint","urlTemplate":"https:\/\/www.eldiario.net\/portal\/?s={search_term_string}"},"query-input":{"@type":"PropertyValueSpecification","valueRequired":true,"valueName":"search_term_string"}}],"inLanguage":"es"},{"@type":"Organization","@id":"https:\/\/www.eldiario.net\/portal\/#organization","name":"El Diario - Decano de la prensa nacional","url":"https:\/\/www.eldiario.net\/portal\/","logo":{"@type":"ImageObject","inLanguage":"es","@id":"https:\/\/www.eldiario.net\/portal\/#\/schema\/logo\/image\/","url":"https:\/\/www.eldiario.net\/portal\/wp-content\/uploads\/2023\/07\/logo_ED.jpg","contentUrl":"https:\/\/www.eldiario.net\/portal\/wp-content\/uploads\/2023\/07\/logo_ED.jpg","width":272,"height":52,"caption":"El Diario - Decano de la prensa nacional"},"image":{"@id":"https:\/\/www.eldiario.net\/portal\/#\/schema\/logo\/image\/"},"sameAs":["https:\/\/www.facebook.com\/eldiario.bolivia\/","https:\/\/x.com\/eldiario_net"]},{"@type":"Person","@id":"https:\/\/www.eldiario.net\/portal\/#\/schema\/person\/f46445640444750d7d753ccd04ae01b7","name":"Jeanette","image":{"@type":"ImageObject","inLanguage":"es","@id":"https:\/\/secure.gravatar.com\/avatar\/3ea2118a5f7dad2b7138b1187a6b7ee55f160b9968b66013c3a3ef39dd7e5798?s=96&d=mm&r=g","url":"https:\/\/secure.gravatar.com\/avatar\/3ea2118a5f7dad2b7138b1187a6b7ee55f160b9968b66013c3a3ef39dd7e5798?s=96&d=mm&r=g","contentUrl":"https:\/\/secure.gravatar.com\/avatar\/3ea2118a5f7dad2b7138b1187a6b7ee55f160b9968b66013c3a3ef39dd7e5798?s=96&d=mm&r=g","caption":"Jeanette"},"sameAs":["https:\/\/www.eldiario.net\/portal"],"url":"https:\/\/www.eldiario.net\/portal\/author\/jeanette\/"}]}},"_links":{"self":[{"href":"https:\/\/www.eldiario.net\/portal\/wp-json\/wp\/v2\/posts\/426307","targetHints":{"allow":["GET"]}}],"collection":[{"href":"https:\/\/www.eldiario.net\/portal\/wp-json\/wp\/v2\/posts"}],"about":[{"href":"https:\/\/www.eldiario.net\/portal\/wp-json\/wp\/v2\/types\/post"}],"author":[{"embeddable":true,"href":"https:\/\/www.eldiario.net\/portal\/wp-json\/wp\/v2\/users\/1"}],"replies":[{"embeddable":true,"href":"https:\/\/www.eldiario.net\/portal\/wp-json\/wp\/v2\/comments?post=426307"}],"version-history":[{"count":1,"href":"https:\/\/www.eldiario.net\/portal\/wp-json\/wp\/v2\/posts\/426307\/revisions"}],"predecessor-version":[{"id":426308,"href":"https:\/\/www.eldiario.net\/portal\/wp-json\/wp\/v2\/posts\/426307\/revisions\/426308"}],"wp:featuredmedia":[{"embeddable":true,"href":"https:\/\/www.eldiario.net\/portal\/wp-json\/wp\/v2\/media\/420792"}],"wp:attachment":[{"href":"https:\/\/www.eldiario.net\/portal\/wp-json\/wp\/v2\/media?parent=426307"}],"wp:term":[{"taxonomy":"category","embeddable":true,"href":"https:\/\/www.eldiario.net\/portal\/wp-json\/wp\/v2\/categories?post=426307"},{"taxonomy":"post_tag","embeddable":true,"href":"https:\/\/www.eldiario.net\/portal\/wp-json\/wp\/v2\/tags?post=426307"}],"curies":[{"name":"wp","href":"https:\/\/api.w.org\/{rel}","templated":true}]}}