{"id":426305,"date":"2026-08-31T00:57:27","date_gmt":"2026-08-31T04:57:27","guid":{"rendered":"https:\/\/www.eldiario.net\/portal\/?p=426305"},"modified":"2026-08-30T22:57:58","modified_gmt":"2026-08-31T02:57:58","slug":"castellanizacion-de-ninos-y-ninas-aymaras","status":"publish","type":"post","link":"https:\/\/www.eldiario.net\/portal\/2026\/08\/31\/castellanizacion-de-ninos-y-ninas-aymaras\/","title":{"rendered":"Castellanizaci\u00f3n de ni\u00f1os y ni\u00f1as aymaras"},"content":{"rendered":"<p>La educaci\u00f3n en Bolivia, a partir de la Constituci\u00f3n Pol\u00edtica del Estado y la Ley 070 \u201cAvelino Si\u00f1ani &#8211; Elizardo P\u00e9rez\u201d, reconoce al pa\u00eds como plurinacional, pluricultural y pluriling\u00fce. No obstante, en la pr\u00e1ctica pedag\u00f3gica con ni\u00f1os y ni\u00f1as aymaras persiste a\u00fan un fen\u00f3meno hist\u00f3rico: la castellanizaci\u00f3n.<br \/>\nEste proceso consiste en la imposici\u00f3n del castellano como \u00fanica lengua de ense\u00f1anza en contextos cuya lengua materna es el aymara. Dicha pr\u00e1ctica genera una tensi\u00f3n entre el derecho de los estudiantes a aprender en su lengua materna y la necesidad social de acceder al castellano como lengua de interrelaci\u00f3n nacional.<br \/>\nEn las comunidades aymaras, muchos ni\u00f1os y ni\u00f1as ingresan a la escuela con el aymara como primera lengua y con escaso o nulo dominio del castellano. Ante esta realidad, algunos maestros y maestras optan por castellanizar de manera inmediata con el objetivo de avanzar en el cumplimiento de los contenidos curriculares.<br \/>\nEsta situaci\u00f3n tiene ra\u00edces hist\u00f3ricas. La discriminaci\u00f3n de la que ha sido objeto el aymara ha provocado que algunos estudiantes sientan verg\u00fcenza de usar su lengua en el aula. De igual manera, varias familias han dejado de transmitirla en el hogar. Por ello, muchos padres y madres solicitan expresamente que la ense\u00f1anza se realice en castellano, al considerarlo clave para el acceso al trabajo, a la educaci\u00f3n superior y a la migraci\u00f3n a los centros urbanos.<br \/>\nEn el \u00e1mbito pedag\u00f3gico, recibir clases en una lengua que no se domina tiene consecuencias directas. Los estudiantes de los niveles Inicial y Primario decodifican palabras sin comprender su significado, lo que se traduce en un bajo rendimiento en las \u00e1reas de Lectura, Escritura y Razonamiento L\u00f3gico-Matem\u00e1tico.<br \/>\nFrente a ello, la Ley 070 plantea una Educaci\u00f3n Intercultural Biling\u00fce &#8211; EIB de car\u00e1cter intracultural, intercultural y pluriling\u00fce. Esto implica que el proceso pedag\u00f3gico debe iniciarse en la lengua materna: el aymara, para posteriormente desarrollar el castellano como segunda lengua de forma gradual, aditiva y no sustitutiva.<br \/>\nEn conclusi\u00f3n, la castellanizaci\u00f3n ya no se la puede considerar como la \u00fanica v\u00eda para aprender. Si bien el dominio del castellano es fundamental para la interrelaci\u00f3n, su imposici\u00f3n vulnera el derecho ling\u00fc\u00edstico y cultural de los estudiantes.<br \/>\nEl desaf\u00edo para maestras y maestros en contexto aymara es transitar de la castellanizaci\u00f3n al biling\u00fcismo. Esto supone planificar desde el aymara, revalorizar los saberes comunitarios, producir materiales en ambas lenguas y sensibilizar a las familias sobre la importancia de mantener la lengua materna.<br \/>\nSolo de esta manera se podr\u00e1 avanzar hacia una educaci\u00f3n descolonizadora, productiva y comunitaria, en la que el ni\u00f1o y la ni\u00f1a aymara no deban negar su origen para poder aprender.<\/p>\n","protected":false},"excerpt":{"rendered":"<p>La educaci\u00f3n en Bolivia, a partir de la Constituci\u00f3n Pol\u00edtica del Estado y la Ley 070 \u201cAvelino Si\u00f1ani &#8211; Elizardo P\u00e9rez\u201d, reconoce al pa\u00eds como plurinacional, pluricultural y pluriling\u00fce. No obstante, en la pr\u00e1ctica pedag\u00f3gica con ni\u00f1os y ni\u00f1as aymaras persiste a\u00fan un fen\u00f3meno hist\u00f3rico: la castellanizaci\u00f3n. Este proceso consiste en la imposici\u00f3n del castellano [&hellip;]<\/p>\n","protected":false},"author":1,"featured_media":194790,"comment_status":"closed","ping_status":"open","sticky":false,"template":"","format":"standard","meta":{"_acf_changed":false,"footnotes":""},"categories":[9],"tags":[],"class_list":["post-426305","post","type-post","status-publish","format-standard","has-post-thumbnail","category-opinion"],"acf":{"antetitulo":""},"yoast_head":"<!-- This site is optimized with the Yoast SEO plugin v28.3 - https:\/\/yoast.com\/product\/yoast-seo-wordpress\/ -->\n<title>Castellanizaci\u00f3n de ni\u00f1os y ni\u00f1as aymaras - El Diario - Bolivia<\/title>\n<meta name=\"robots\" content=\"index, follow, max-snippet:-1, max-image-preview:large, max-video-preview:-1\" \/>\n<link rel=\"canonical\" href=\"https:\/\/www.eldiario.net\/portal\/2026\/08\/31\/castellanizacion-de-ninos-y-ninas-aymaras\/\" \/>\n<meta property=\"og:locale\" content=\"es_ES\" \/>\n<meta property=\"og:type\" content=\"article\" \/>\n<meta property=\"og:title\" content=\"Castellanizaci\u00f3n de ni\u00f1os y ni\u00f1as aymaras - El Diario - Bolivia\" \/>\n<meta property=\"og:description\" content=\"La educaci\u00f3n en Bolivia, a partir de la Constituci\u00f3n Pol\u00edtica del Estado y la Ley 070 \u201cAvelino Si\u00f1ani &#8211; Elizardo P\u00e9rez\u201d, reconoce al pa\u00eds como plurinacional, pluricultural y pluriling\u00fce. No obstante, en la pr\u00e1ctica pedag\u00f3gica con ni\u00f1os y ni\u00f1as aymaras persiste a\u00fan un fen\u00f3meno hist\u00f3rico: la castellanizaci\u00f3n. Este proceso consiste en la imposici\u00f3n del castellano [&hellip;]\" \/>\n<meta property=\"og:url\" content=\"https:\/\/www.eldiario.net\/portal\/2026\/08\/31\/castellanizacion-de-ninos-y-ninas-aymaras\/\" \/>\n<meta property=\"og:site_name\" content=\"El Diario - Bolivia\" \/>\n<meta property=\"article:publisher\" content=\"https:\/\/www.facebook.com\/eldiario.bolivia\/\" \/>\n<meta property=\"article:published_time\" content=\"2026-08-31T04:57:27+00:00\" \/>\n<meta property=\"og:image\" content=\"https:\/\/www.eldiario.net\/portal\/wp-content\/uploads\/2023\/12\/Opinion.jpg\" \/>\n\t<meta property=\"og:image:width\" content=\"800\" \/>\n\t<meta property=\"og:image:height\" content=\"500\" \/>\n\t<meta property=\"og:image:type\" content=\"image\/jpeg\" \/>\n<meta name=\"author\" content=\"Jeanette\" \/>\n<meta name=\"twitter:card\" content=\"summary_large_image\" \/>\n<meta name=\"twitter:creator\" content=\"@eldiario_net\" \/>\n<meta name=\"twitter:site\" content=\"@eldiario_net\" \/>\n<meta name=\"twitter:label1\" content=\"Escrito por\" \/>\n\t<meta name=\"twitter:data1\" content=\"Jeanette\" \/>\n\t<meta name=\"twitter:label2\" content=\"Tiempo de lectura\" \/>\n\t<meta name=\"twitter:data2\" content=\"3 minutos\" \/>\n<script type=\"application\/ld+json\" class=\"yoast-schema-graph\">{\"@context\":\"https:\\\/\\\/schema.org\",\"@graph\":[{\"@type\":\"Article\",\"@id\":\"https:\\\/\\\/www.eldiario.net\\\/portal\\\/2026\\\/08\\\/31\\\/castellanizacion-de-ninos-y-ninas-aymaras\\\/#article\",\"isPartOf\":{\"@id\":\"https:\\\/\\\/www.eldiario.net\\\/portal\\\/2026\\\/08\\\/31\\\/castellanizacion-de-ninos-y-ninas-aymaras\\\/\"},\"author\":{\"name\":\"Jeanette\",\"@id\":\"https:\\\/\\\/www.eldiario.net\\\/portal\\\/#\\\/schema\\\/person\\\/f46445640444750d7d753ccd04ae01b7\"},\"headline\":\"Castellanizaci\u00f3n de ni\u00f1os y ni\u00f1as aymaras\",\"datePublished\":\"2026-08-31T04:57:27+00:00\",\"mainEntityOfPage\":{\"@id\":\"https:\\\/\\\/www.eldiario.net\\\/portal\\\/2026\\\/08\\\/31\\\/castellanizacion-de-ninos-y-ninas-aymaras\\\/\"},\"wordCount\":490,\"publisher\":{\"@id\":\"https:\\\/\\\/www.eldiario.net\\\/portal\\\/#organization\"},\"image\":{\"@id\":\"https:\\\/\\\/www.eldiario.net\\\/portal\\\/2026\\\/08\\\/31\\\/castellanizacion-de-ninos-y-ninas-aymaras\\\/#primaryimage\"},\"thumbnailUrl\":\"https:\\\/\\\/www.eldiario.net\\\/portal\\\/wp-content\\\/uploads\\\/2023\\\/12\\\/Opinion.jpg\",\"articleSection\":[\"Opini\u00f3n\"],\"inLanguage\":\"es\"},{\"@type\":\"WebPage\",\"@id\":\"https:\\\/\\\/www.eldiario.net\\\/portal\\\/2026\\\/08\\\/31\\\/castellanizacion-de-ninos-y-ninas-aymaras\\\/\",\"url\":\"https:\\\/\\\/www.eldiario.net\\\/portal\\\/2026\\\/08\\\/31\\\/castellanizacion-de-ninos-y-ninas-aymaras\\\/\",\"name\":\"Castellanizaci\u00f3n de ni\u00f1os y ni\u00f1as aymaras - El Diario - Bolivia\",\"isPartOf\":{\"@id\":\"https:\\\/\\\/www.eldiario.net\\\/portal\\\/#website\"},\"primaryImageOfPage\":{\"@id\":\"https:\\\/\\\/www.eldiario.net\\\/portal\\\/2026\\\/08\\\/31\\\/castellanizacion-de-ninos-y-ninas-aymaras\\\/#primaryimage\"},\"image\":{\"@id\":\"https:\\\/\\\/www.eldiario.net\\\/portal\\\/2026\\\/08\\\/31\\\/castellanizacion-de-ninos-y-ninas-aymaras\\\/#primaryimage\"},\"thumbnailUrl\":\"https:\\\/\\\/www.eldiario.net\\\/portal\\\/wp-content\\\/uploads\\\/2023\\\/12\\\/Opinion.jpg\",\"datePublished\":\"2026-08-31T04:57:27+00:00\",\"breadcrumb\":{\"@id\":\"https:\\\/\\\/www.eldiario.net\\\/portal\\\/2026\\\/08\\\/31\\\/castellanizacion-de-ninos-y-ninas-aymaras\\\/#breadcrumb\"},\"inLanguage\":\"es\",\"potentialAction\":[{\"@type\":\"ReadAction\",\"target\":[\"https:\\\/\\\/www.eldiario.net\\\/portal\\\/2026\\\/08\\\/31\\\/castellanizacion-de-ninos-y-ninas-aymaras\\\/\"]}]},{\"@type\":\"ImageObject\",\"inLanguage\":\"es\",\"@id\":\"https:\\\/\\\/www.eldiario.net\\\/portal\\\/2026\\\/08\\\/31\\\/castellanizacion-de-ninos-y-ninas-aymaras\\\/#primaryimage\",\"url\":\"https:\\\/\\\/www.eldiario.net\\\/portal\\\/wp-content\\\/uploads\\\/2023\\\/12\\\/Opinion.jpg\",\"contentUrl\":\"https:\\\/\\\/www.eldiario.net\\\/portal\\\/wp-content\\\/uploads\\\/2023\\\/12\\\/Opinion.jpg\",\"width\":800,\"height\":500},{\"@type\":\"BreadcrumbList\",\"@id\":\"https:\\\/\\\/www.eldiario.net\\\/portal\\\/2026\\\/08\\\/31\\\/castellanizacion-de-ninos-y-ninas-aymaras\\\/#breadcrumb\",\"itemListElement\":[{\"@type\":\"ListItem\",\"position\":1,\"name\":\"Portada\",\"item\":\"https:\\\/\\\/www.eldiario.net\\\/portal\\\/\"},{\"@type\":\"ListItem\",\"position\":2,\"name\":\"Castellanizaci\u00f3n de ni\u00f1os y ni\u00f1as aymaras\"}]},{\"@type\":\"WebSite\",\"@id\":\"https:\\\/\\\/www.eldiario.net\\\/portal\\\/#website\",\"url\":\"https:\\\/\\\/www.eldiario.net\\\/portal\\\/\",\"name\":\"El Diario - Decano de la prensa nacional\",\"description\":\"El Diario - Decano de la prensa nacional\",\"publisher\":{\"@id\":\"https:\\\/\\\/www.eldiario.net\\\/portal\\\/#organization\"},\"potentialAction\":[{\"@type\":\"SearchAction\",\"target\":{\"@type\":\"EntryPoint\",\"urlTemplate\":\"https:\\\/\\\/www.eldiario.net\\\/portal\\\/?s={search_term_string}\"},\"query-input\":{\"@type\":\"PropertyValueSpecification\",\"valueRequired\":true,\"valueName\":\"search_term_string\"}}],\"inLanguage\":\"es\"},{\"@type\":\"Organization\",\"@id\":\"https:\\\/\\\/www.eldiario.net\\\/portal\\\/#organization\",\"name\":\"El Diario - Decano de la prensa nacional\",\"url\":\"https:\\\/\\\/www.eldiario.net\\\/portal\\\/\",\"logo\":{\"@type\":\"ImageObject\",\"inLanguage\":\"es\",\"@id\":\"https:\\\/\\\/www.eldiario.net\\\/portal\\\/#\\\/schema\\\/logo\\\/image\\\/\",\"url\":\"https:\\\/\\\/www.eldiario.net\\\/portal\\\/wp-content\\\/uploads\\\/2023\\\/07\\\/logo_ED.jpg\",\"contentUrl\":\"https:\\\/\\\/www.eldiario.net\\\/portal\\\/wp-content\\\/uploads\\\/2023\\\/07\\\/logo_ED.jpg\",\"width\":272,\"height\":52,\"caption\":\"El Diario - Decano de la prensa nacional\"},\"image\":{\"@id\":\"https:\\\/\\\/www.eldiario.net\\\/portal\\\/#\\\/schema\\\/logo\\\/image\\\/\"},\"sameAs\":[\"https:\\\/\\\/www.facebook.com\\\/eldiario.bolivia\\\/\",\"https:\\\/\\\/x.com\\\/eldiario_net\"]},{\"@type\":\"Person\",\"@id\":\"https:\\\/\\\/www.eldiario.net\\\/portal\\\/#\\\/schema\\\/person\\\/f46445640444750d7d753ccd04ae01b7\",\"name\":\"Jeanette\",\"image\":{\"@type\":\"ImageObject\",\"inLanguage\":\"es\",\"@id\":\"https:\\\/\\\/secure.gravatar.com\\\/avatar\\\/3ea2118a5f7dad2b7138b1187a6b7ee55f160b9968b66013c3a3ef39dd7e5798?s=96&d=mm&r=g\",\"url\":\"https:\\\/\\\/secure.gravatar.com\\\/avatar\\\/3ea2118a5f7dad2b7138b1187a6b7ee55f160b9968b66013c3a3ef39dd7e5798?s=96&d=mm&r=g\",\"contentUrl\":\"https:\\\/\\\/secure.gravatar.com\\\/avatar\\\/3ea2118a5f7dad2b7138b1187a6b7ee55f160b9968b66013c3a3ef39dd7e5798?s=96&d=mm&r=g\",\"caption\":\"Jeanette\"},\"sameAs\":[\"https:\\\/\\\/www.eldiario.net\\\/portal\"],\"url\":\"https:\\\/\\\/www.eldiario.net\\\/portal\\\/author\\\/jeanette\\\/\"}]}<\/script>\n<!-- \/ Yoast SEO plugin. -->","yoast_head_json":{"title":"Castellanizaci\u00f3n de ni\u00f1os y ni\u00f1as aymaras - El Diario - Bolivia","robots":{"index":"index","follow":"follow","max-snippet":"max-snippet:-1","max-image-preview":"max-image-preview:large","max-video-preview":"max-video-preview:-1"},"canonical":"https:\/\/www.eldiario.net\/portal\/2026\/08\/31\/castellanizacion-de-ninos-y-ninas-aymaras\/","og_locale":"es_ES","og_type":"article","og_title":"Castellanizaci\u00f3n de ni\u00f1os y ni\u00f1as aymaras - El Diario - Bolivia","og_description":"La educaci\u00f3n en Bolivia, a partir de la Constituci\u00f3n Pol\u00edtica del Estado y la Ley 070 \u201cAvelino Si\u00f1ani &#8211; Elizardo P\u00e9rez\u201d, reconoce al pa\u00eds como plurinacional, pluricultural y pluriling\u00fce. No obstante, en la pr\u00e1ctica pedag\u00f3gica con ni\u00f1os y ni\u00f1as aymaras persiste a\u00fan un fen\u00f3meno hist\u00f3rico: la castellanizaci\u00f3n. Este proceso consiste en la imposici\u00f3n del castellano [&hellip;]","og_url":"https:\/\/www.eldiario.net\/portal\/2026\/08\/31\/castellanizacion-de-ninos-y-ninas-aymaras\/","og_site_name":"El Diario - Bolivia","article_publisher":"https:\/\/www.facebook.com\/eldiario.bolivia\/","article_published_time":"2026-08-31T04:57:27+00:00","og_image":[{"width":800,"height":500,"url":"https:\/\/www.eldiario.net\/portal\/wp-content\/uploads\/2023\/12\/Opinion.jpg","type":"image\/jpeg"}],"author":"Jeanette","twitter_card":"summary_large_image","twitter_creator":"@eldiario_net","twitter_site":"@eldiario_net","twitter_misc":{"Escrito por":"Jeanette","Tiempo de lectura":"3 minutos"},"schema":{"@context":"https:\/\/schema.org","@graph":[{"@type":"Article","@id":"https:\/\/www.eldiario.net\/portal\/2026\/08\/31\/castellanizacion-de-ninos-y-ninas-aymaras\/#article","isPartOf":{"@id":"https:\/\/www.eldiario.net\/portal\/2026\/08\/31\/castellanizacion-de-ninos-y-ninas-aymaras\/"},"author":{"name":"Jeanette","@id":"https:\/\/www.eldiario.net\/portal\/#\/schema\/person\/f46445640444750d7d753ccd04ae01b7"},"headline":"Castellanizaci\u00f3n de ni\u00f1os y ni\u00f1as aymaras","datePublished":"2026-08-31T04:57:27+00:00","mainEntityOfPage":{"@id":"https:\/\/www.eldiario.net\/portal\/2026\/08\/31\/castellanizacion-de-ninos-y-ninas-aymaras\/"},"wordCount":490,"publisher":{"@id":"https:\/\/www.eldiario.net\/portal\/#organization"},"image":{"@id":"https:\/\/www.eldiario.net\/portal\/2026\/08\/31\/castellanizacion-de-ninos-y-ninas-aymaras\/#primaryimage"},"thumbnailUrl":"https:\/\/www.eldiario.net\/portal\/wp-content\/uploads\/2023\/12\/Opinion.jpg","articleSection":["Opini\u00f3n"],"inLanguage":"es"},{"@type":"WebPage","@id":"https:\/\/www.eldiario.net\/portal\/2026\/08\/31\/castellanizacion-de-ninos-y-ninas-aymaras\/","url":"https:\/\/www.eldiario.net\/portal\/2026\/08\/31\/castellanizacion-de-ninos-y-ninas-aymaras\/","name":"Castellanizaci\u00f3n de ni\u00f1os y ni\u00f1as aymaras - El Diario - Bolivia","isPartOf":{"@id":"https:\/\/www.eldiario.net\/portal\/#website"},"primaryImageOfPage":{"@id":"https:\/\/www.eldiario.net\/portal\/2026\/08\/31\/castellanizacion-de-ninos-y-ninas-aymaras\/#primaryimage"},"image":{"@id":"https:\/\/www.eldiario.net\/portal\/2026\/08\/31\/castellanizacion-de-ninos-y-ninas-aymaras\/#primaryimage"},"thumbnailUrl":"https:\/\/www.eldiario.net\/portal\/wp-content\/uploads\/2023\/12\/Opinion.jpg","datePublished":"2026-08-31T04:57:27+00:00","breadcrumb":{"@id":"https:\/\/www.eldiario.net\/portal\/2026\/08\/31\/castellanizacion-de-ninos-y-ninas-aymaras\/#breadcrumb"},"inLanguage":"es","potentialAction":[{"@type":"ReadAction","target":["https:\/\/www.eldiario.net\/portal\/2026\/08\/31\/castellanizacion-de-ninos-y-ninas-aymaras\/"]}]},{"@type":"ImageObject","inLanguage":"es","@id":"https:\/\/www.eldiario.net\/portal\/2026\/08\/31\/castellanizacion-de-ninos-y-ninas-aymaras\/#primaryimage","url":"https:\/\/www.eldiario.net\/portal\/wp-content\/uploads\/2023\/12\/Opinion.jpg","contentUrl":"https:\/\/www.eldiario.net\/portal\/wp-content\/uploads\/2023\/12\/Opinion.jpg","width":800,"height":500},{"@type":"BreadcrumbList","@id":"https:\/\/www.eldiario.net\/portal\/2026\/08\/31\/castellanizacion-de-ninos-y-ninas-aymaras\/#breadcrumb","itemListElement":[{"@type":"ListItem","position":1,"name":"Portada","item":"https:\/\/www.eldiario.net\/portal\/"},{"@type":"ListItem","position":2,"name":"Castellanizaci\u00f3n de ni\u00f1os y ni\u00f1as aymaras"}]},{"@type":"WebSite","@id":"https:\/\/www.eldiario.net\/portal\/#website","url":"https:\/\/www.eldiario.net\/portal\/","name":"El Diario - Decano de la prensa nacional","description":"El Diario - Decano de la prensa nacional","publisher":{"@id":"https:\/\/www.eldiario.net\/portal\/#organization"},"potentialAction":[{"@type":"SearchAction","target":{"@type":"EntryPoint","urlTemplate":"https:\/\/www.eldiario.net\/portal\/?s={search_term_string}"},"query-input":{"@type":"PropertyValueSpecification","valueRequired":true,"valueName":"search_term_string"}}],"inLanguage":"es"},{"@type":"Organization","@id":"https:\/\/www.eldiario.net\/portal\/#organization","name":"El Diario - Decano de la prensa nacional","url":"https:\/\/www.eldiario.net\/portal\/","logo":{"@type":"ImageObject","inLanguage":"es","@id":"https:\/\/www.eldiario.net\/portal\/#\/schema\/logo\/image\/","url":"https:\/\/www.eldiario.net\/portal\/wp-content\/uploads\/2023\/07\/logo_ED.jpg","contentUrl":"https:\/\/www.eldiario.net\/portal\/wp-content\/uploads\/2023\/07\/logo_ED.jpg","width":272,"height":52,"caption":"El Diario - Decano de la prensa nacional"},"image":{"@id":"https:\/\/www.eldiario.net\/portal\/#\/schema\/logo\/image\/"},"sameAs":["https:\/\/www.facebook.com\/eldiario.bolivia\/","https:\/\/x.com\/eldiario_net"]},{"@type":"Person","@id":"https:\/\/www.eldiario.net\/portal\/#\/schema\/person\/f46445640444750d7d753ccd04ae01b7","name":"Jeanette","image":{"@type":"ImageObject","inLanguage":"es","@id":"https:\/\/secure.gravatar.com\/avatar\/3ea2118a5f7dad2b7138b1187a6b7ee55f160b9968b66013c3a3ef39dd7e5798?s=96&d=mm&r=g","url":"https:\/\/secure.gravatar.com\/avatar\/3ea2118a5f7dad2b7138b1187a6b7ee55f160b9968b66013c3a3ef39dd7e5798?s=96&d=mm&r=g","contentUrl":"https:\/\/secure.gravatar.com\/avatar\/3ea2118a5f7dad2b7138b1187a6b7ee55f160b9968b66013c3a3ef39dd7e5798?s=96&d=mm&r=g","caption":"Jeanette"},"sameAs":["https:\/\/www.eldiario.net\/portal"],"url":"https:\/\/www.eldiario.net\/portal\/author\/jeanette\/"}]}},"_links":{"self":[{"href":"https:\/\/www.eldiario.net\/portal\/wp-json\/wp\/v2\/posts\/426305","targetHints":{"allow":["GET"]}}],"collection":[{"href":"https:\/\/www.eldiario.net\/portal\/wp-json\/wp\/v2\/posts"}],"about":[{"href":"https:\/\/www.eldiario.net\/portal\/wp-json\/wp\/v2\/types\/post"}],"author":[{"embeddable":true,"href":"https:\/\/www.eldiario.net\/portal\/wp-json\/wp\/v2\/users\/1"}],"replies":[{"embeddable":true,"href":"https:\/\/www.eldiario.net\/portal\/wp-json\/wp\/v2\/comments?post=426305"}],"version-history":[{"count":1,"href":"https:\/\/www.eldiario.net\/portal\/wp-json\/wp\/v2\/posts\/426305\/revisions"}],"predecessor-version":[{"id":426306,"href":"https:\/\/www.eldiario.net\/portal\/wp-json\/wp\/v2\/posts\/426305\/revisions\/426306"}],"wp:featuredmedia":[{"embeddable":true,"href":"https:\/\/www.eldiario.net\/portal\/wp-json\/wp\/v2\/media\/194790"}],"wp:attachment":[{"href":"https:\/\/www.eldiario.net\/portal\/wp-json\/wp\/v2\/media?parent=426305"}],"wp:term":[{"taxonomy":"category","embeddable":true,"href":"https:\/\/www.eldiario.net\/portal\/wp-json\/wp\/v2\/categories?post=426305"},{"taxonomy":"post_tag","embeddable":true,"href":"https:\/\/www.eldiario.net\/portal\/wp-json\/wp\/v2\/tags?post=426305"}],"curies":[{"name":"wp","href":"https:\/\/api.w.org\/{rel}","templated":true}]}}