{"id":426297,"date":"2026-08-31T00:53:06","date_gmt":"2026-08-31T04:53:06","guid":{"rendered":"https:\/\/www.eldiario.net\/portal\/?p=426297"},"modified":"2026-08-30T22:54:20","modified_gmt":"2026-08-31T02:54:20","slug":"comunidades-repudian-mineria-ilegal-ante-danos-de-recursos-naturales","status":"publish","type":"post","link":"https:\/\/www.eldiario.net\/portal\/2026\/08\/31\/comunidades-repudian-mineria-ilegal-ante-danos-de-recursos-naturales\/","title":{"rendered":"Comunidades repudian miner\u00eda ilegal  ante da\u00f1os de recursos naturales"},"content":{"rendered":"<p>Recientemente se registraron hechos relevantes en torno a la miner\u00eda ilegal, sobre todo, en el norte pace\u00f1o. Uno de ellos ocurri\u00f3 en Senda Verde tras la denuncia de delitos ambientales que pon\u00edan en riesgo al refugio de animales; otro hecho sucedido fue en La Asunta, cuando comunarios, cansados de que la presunta actividad minera irregular afecte sus cultivos, merme su producci\u00f3n y contamine r\u00edos, entre otros aspectos, incendiaron maquinaria de una empresa dedicada a esa actividad. Ante estos hechos, exigen la intervenci\u00f3n urgente de autoridades competentes.<br \/>\nRespecto a lo ocurrido en Senda Verde, gracias al pedido de ayuda de voluntarios, se conoci\u00f3 sobre la denuncia de delitos ambientales por el sector, donde se registr\u00f3 movimiento de tierras y maquinaria pesada cerca del lugar que, entre otras cosas, refugia, rehabilita y protege a animales rescatados.<br \/>\nPosteriormente, se produjo la intervenci\u00f3n de Fuerza Especial de Lucha Contra los Delitos Ambientales (Felcda) y en coordinaci\u00f3n con personal de la Autoridad Jurisdiccional Administrativa Minera (AJAM) descubrieron indicios de deforestaci\u00f3n y una posible afectaci\u00f3n al r\u00edo Coroico.<br \/>\nA causa de este hecho, las diputadas Cielo Berrios y Daniela Anagua presentaron una Petici\u00f3n de Informe Escrito (PIE) a la AJAM para conocer la situaci\u00f3n legal de las empresas mineras establecidas en el lugar.<br \/>\n\u201cHemos presentado un PIE para saber exactamente lo que ha pasado, sobre todo, c\u00f3mo es que est\u00e1 manejando esta empresa minera los permisos que tienen, porque la Constituci\u00f3n protege a estas \u00e1reas. En d\u00edas m\u00e1s, la diputada Berrios y yo vamos a hacernos presentes en el lugar para hacer la fiscalizaci\u00f3n correspondiente, ya que no podemos permitir que estos atropellos sigan pasando\u201d, asegur\u00f3 Anagua.<br \/>\nEn tanto, su colega Berrios se\u00f1al\u00f3 que esta actividad minera atenta de forma directa contra la salud de los animales y el medio ambiente en la regi\u00f3n. \u201cTenemos los videos de c\u00f3mo se estar\u00eda lavando el oro con mercurio en el r\u00edo de Coroico, el cual provee de agua no solo a los animales de Senda Verde, sino a los pobladores del lugar. Se tiene entendido que, tambi\u00e9n, en ese r\u00edo hab\u00eda peces, los cuales ahora est\u00e1n muertos\u201d, manifest\u00f3.<br \/>\nAdem\u00e1s, con la finalidad de determinar si existe alg\u00fan grado de contaminaci\u00f3n, a causa de la actividad minera, se tomaron muestras de agua para su an\u00e1lisis.<br \/>\nLA ASUNTA<br \/>\nOtro caso que tambi\u00e9n puso en alerta a las autoridades, fue lo ocurrido en La Asunta, Los Yungas de La Paz, donde los pobladores incendiaron maquinaria de una empresa que, presuntamente, se dedica a la actividad minera y contamina el r\u00edo que atraviesa el sector, adem\u00e1s de da\u00f1ar sus cultivos y producci\u00f3n.<br \/>\n\u201cDesde que asum\u00ed este cargo, como representante de Los Yungas, he estado denunciando constantemente estos actos que se realizan en el sector (\u2026) y no solamente en ese lugar, hemos hecho la denuncia a nivel nacional que s\u00ed existe la miner\u00eda ilegal\u201d, enfatiz\u00f3 la diputada suplente de Alianza Libre, Beatriz Sarzuri.<br \/>\nLa legisladora lament\u00f3 que las autoridades hicieron caso omiso a su denuncia, adem\u00e1s de que no haya presencia ni control por parte de ellas en esas regiones donde -asegur\u00f3- hay varias empresas dedicadas a la miner\u00eda ilegal.<br \/>\n\u201cLa AJAM brilla con su ausencia, solo dice que: s\u00ed son ilegales, reconoce que son ilegales, pero no hace su trabajo. Hemos pedido intervenci\u00f3n inmediata en sectores como r\u00edo Blanco, La Asunta y otros sectores, porque nuestros puentes corren riesgo y toda la carga se viene a nuestros municipios\u201d, apunt\u00f3.<br \/>\nEn ese sentido, Sarzuri alert\u00f3 sobre posibles da\u00f1os a los r\u00edos, al medioambiente y a la producci\u00f3n agr\u00edcola de la regi\u00f3n. Anunci\u00f3 que se trabaja en una normativa para declarar al municipio libre de actividad minera.<br \/>\n\u201cEstos mineros trabajan sin medida, en esos sectores, pero las denuncias no fueron escuchadas por lo que exigimos la presencia de autoridades competentes. La reacci\u00f3n de los pobladores ya estaba anunciada, las autoridades no los tomaron en cuenta (\u2026) la gente est\u00e1 cansada de esta actividad porque da\u00f1a, nos da\u00f1a\u201d, sostuvo la legisladora.<br \/>\nRecalc\u00f3 que, a ra\u00edz de la miner\u00eda ilegal, tambi\u00e9n se registran destrozos de caminos, de los r\u00edos, de los \u00e1ridos (espacio donde hay bastante tierra para construcci\u00f3n), \u201cun comunario ya no puede entrar a los \u00e1ridos para construcci\u00f3n de sedes, canchas o viviendas, ahora se ha prohibido\u201d.<br \/>\nDe acuerdo con la diputada, la AJAM debe hacer cumplir la norma, hasta el momento demostr\u00f3 que \u201ces incompetencia de la AJAM para que se registren enfrentamientos, heridos. Responsabilizamos a las autoridades de la AJAM, porque no han hecho su trabajo correspondiente\u201d.<br \/>\nAsimismo, pidi\u00f3 una intervenci\u00f3n urgente de las autoridades competentes y cuestion\u00f3 el posible abastecimiento de combustible a operaciones mineras que, seg\u00fan la denuncia, ser\u00edan ilegales.<br \/>\n\u201cC\u00f3mo obtienen maquinarias el sector, c\u00f3mo obtienen combustible, cuando los pobladores hacen filas de m\u00e1s de cuatro d\u00edas para adquirir 20 litros, en cambio estas empresas reciben desde cisternas, entonces \u00bfqui\u00e9n gestiona eso? Tenemos videos, fotograf\u00edas donde vemos que ingresan (combustible) en cisternas, antes era por turriles. Creo que hay un nido de corrupci\u00f3n en estas dos instituciones: YPFB, AJAM\u201d, cuestion\u00f3 Sarzuri.<br \/>\nLa legisladora recalc\u00f3 que no es que \u201cestoy contra la miner\u00eda, pero h\u00e1ganlo legalmente, tributando al Estado, al municipio, a la Gobernaci\u00f3n\u201d.<\/p>\n<p>ACCI\u00d3N<br \/>\nAnte estos hechos y la falta de datos relacionados con la actividad minera ilegal en la regi\u00f3n de Los Yungas, la Gobernaci\u00f3n pace\u00f1a solicit\u00f3 a la AJAM informaci\u00f3n oficial sobre las autorizaciones y derechos mineros en zonas donde se identificaron posibles actividades irregulares, con el objetivo de asumir acciones de fiscalizaci\u00f3n y control contra la miner\u00eda ilegal en el departamento.<br \/>\nLa solicitud fue planteada durante una reuni\u00f3n entre el secretario departamental de la Madre Tierra, Gabriel Pari, y el director ejecutivo nacional de la AJAM, Jaime Sanabria, en la que se abord\u00f3 la situaci\u00f3n de las actividades mineras observadas en distintos puntos del departamento.<br \/>\nDurante el encuentro, la Gobernaci\u00f3n plante\u00f3 la necesidad de conocer si las actividades y adjudicaciones para explotaci\u00f3n minera identificadas en las zonas bajo observaci\u00f3n cuentan con autorizaci\u00f3n de la AJAM y si fueron otorgadas conforme a la normativa vigente.<br \/>\nLa solicitud busca contar con documentaci\u00f3n e informaci\u00f3n oficial que permita desarrollar acciones de fiscalizaci\u00f3n.<br \/>\nSeg\u00fan Pari, el director de la AJAM asumi\u00f3 el compromiso de responder, en un plazo de 48 horas, a las solicitudes de informaci\u00f3n pendientes. Paralelamente, ambas instituciones acordaron coordinar una inspecci\u00f3n en el r\u00edo Boopi (municipio de La Asunta), donde se verificar\u00e1 la posible existencia de actividades de explotaci\u00f3n minera ilegal y la presencia de empresas que presuntamente operar\u00edan al margen de la normativa.<\/p>\n","protected":false},"excerpt":{"rendered":"<p>Recientemente se registraron hechos relevantes en torno a la miner\u00eda ilegal, sobre todo, en el norte pace\u00f1o. Uno de ellos ocurri\u00f3 en Senda Verde tras la denuncia de delitos ambientales que pon\u00edan en riesgo al refugio de animales; otro hecho sucedido fue en La Asunta, cuando comunarios, cansados de que la presunta actividad minera irregular [&hellip;]<\/p>\n","protected":false},"author":1,"featured_media":426298,"comment_status":"closed","ping_status":"open","sticky":false,"template":"","format":"standard","meta":{"_acf_changed":false,"footnotes":""},"categories":[7],"tags":[],"class_list":["post-426297","post","type-post","status-publish","format-standard","has-post-thumbnail","category-economia"],"acf":{"antetitulo":"Se desconoce cu\u00e1ntas empresas hay en el norte pace\u00f1o"},"yoast_head":"<!-- This site is optimized with the Yoast SEO plugin v28.3 - https:\/\/yoast.com\/product\/yoast-seo-wordpress\/ -->\n<title>Comunidades repudian miner\u00eda ilegal ante da\u00f1os de recursos naturales - El Diario - Bolivia<\/title>\n<meta name=\"robots\" content=\"index, follow, max-snippet:-1, max-image-preview:large, max-video-preview:-1\" \/>\n<link rel=\"canonical\" href=\"https:\/\/www.eldiario.net\/portal\/2026\/08\/31\/comunidades-repudian-mineria-ilegal-ante-danos-de-recursos-naturales\/\" \/>\n<meta property=\"og:locale\" content=\"es_ES\" \/>\n<meta property=\"og:type\" content=\"article\" \/>\n<meta property=\"og:title\" content=\"Comunidades repudian miner\u00eda ilegal ante da\u00f1os de recursos naturales - El Diario - Bolivia\" \/>\n<meta property=\"og:description\" content=\"Recientemente se registraron hechos relevantes en torno a la miner\u00eda ilegal, sobre todo, en el norte pace\u00f1o. Uno de ellos ocurri\u00f3 en Senda Verde tras la denuncia de delitos ambientales que pon\u00edan en riesgo al refugio de animales; otro hecho sucedido fue en La Asunta, cuando comunarios, cansados de que la presunta actividad minera irregular [&hellip;]\" \/>\n<meta property=\"og:url\" content=\"https:\/\/www.eldiario.net\/portal\/2026\/08\/31\/comunidades-repudian-mineria-ilegal-ante-danos-de-recursos-naturales\/\" \/>\n<meta property=\"og:site_name\" content=\"El Diario - Bolivia\" \/>\n<meta property=\"article:publisher\" content=\"https:\/\/www.facebook.com\/eldiario.bolivia\/\" \/>\n<meta property=\"article:published_time\" content=\"2026-08-31T04:53:06+00:00\" \/>\n<meta property=\"og:image\" content=\"https:\/\/www.eldiario.net\/portal\/wp-content\/uploads\/2026\/08\/F-1-mineria.webp\" \/>\n\t<meta property=\"og:image:width\" content=\"420\" \/>\n\t<meta property=\"og:image:height\" content=\"280\" \/>\n\t<meta property=\"og:image:type\" content=\"image\/webp\" \/>\n<meta name=\"author\" content=\"Jeanette\" \/>\n<meta name=\"twitter:card\" content=\"summary_large_image\" \/>\n<meta name=\"twitter:creator\" content=\"@eldiario_net\" \/>\n<meta name=\"twitter:site\" content=\"@eldiario_net\" \/>\n<meta name=\"twitter:label1\" content=\"Escrito por\" \/>\n\t<meta name=\"twitter:data1\" content=\"Jeanette\" \/>\n\t<meta name=\"twitter:label2\" content=\"Tiempo de lectura\" \/>\n\t<meta name=\"twitter:data2\" content=\"6 minutos\" \/>\n<script type=\"application\/ld+json\" class=\"yoast-schema-graph\">{\"@context\":\"https:\\\/\\\/schema.org\",\"@graph\":[{\"@type\":\"Article\",\"@id\":\"https:\\\/\\\/www.eldiario.net\\\/portal\\\/2026\\\/08\\\/31\\\/comunidades-repudian-mineria-ilegal-ante-danos-de-recursos-naturales\\\/#article\",\"isPartOf\":{\"@id\":\"https:\\\/\\\/www.eldiario.net\\\/portal\\\/2026\\\/08\\\/31\\\/comunidades-repudian-mineria-ilegal-ante-danos-de-recursos-naturales\\\/\"},\"author\":{\"name\":\"Jeanette\",\"@id\":\"https:\\\/\\\/www.eldiario.net\\\/portal\\\/#\\\/schema\\\/person\\\/f46445640444750d7d753ccd04ae01b7\"},\"headline\":\"Comunidades repudian miner\u00eda ilegal ante da\u00f1os de recursos naturales\",\"datePublished\":\"2026-08-31T04:53:06+00:00\",\"mainEntityOfPage\":{\"@id\":\"https:\\\/\\\/www.eldiario.net\\\/portal\\\/2026\\\/08\\\/31\\\/comunidades-repudian-mineria-ilegal-ante-danos-de-recursos-naturales\\\/\"},\"wordCount\":1176,\"publisher\":{\"@id\":\"https:\\\/\\\/www.eldiario.net\\\/portal\\\/#organization\"},\"image\":{\"@id\":\"https:\\\/\\\/www.eldiario.net\\\/portal\\\/2026\\\/08\\\/31\\\/comunidades-repudian-mineria-ilegal-ante-danos-de-recursos-naturales\\\/#primaryimage\"},\"thumbnailUrl\":\"https:\\\/\\\/www.eldiario.net\\\/portal\\\/wp-content\\\/uploads\\\/2026\\\/08\\\/F-1-mineria.webp\",\"articleSection\":[\"Econom\u00eda\"],\"inLanguage\":\"es\"},{\"@type\":\"WebPage\",\"@id\":\"https:\\\/\\\/www.eldiario.net\\\/portal\\\/2026\\\/08\\\/31\\\/comunidades-repudian-mineria-ilegal-ante-danos-de-recursos-naturales\\\/\",\"url\":\"https:\\\/\\\/www.eldiario.net\\\/portal\\\/2026\\\/08\\\/31\\\/comunidades-repudian-mineria-ilegal-ante-danos-de-recursos-naturales\\\/\",\"name\":\"Comunidades repudian miner\u00eda ilegal ante da\u00f1os de recursos naturales - El Diario - Bolivia\",\"isPartOf\":{\"@id\":\"https:\\\/\\\/www.eldiario.net\\\/portal\\\/#website\"},\"primaryImageOfPage\":{\"@id\":\"https:\\\/\\\/www.eldiario.net\\\/portal\\\/2026\\\/08\\\/31\\\/comunidades-repudian-mineria-ilegal-ante-danos-de-recursos-naturales\\\/#primaryimage\"},\"image\":{\"@id\":\"https:\\\/\\\/www.eldiario.net\\\/portal\\\/2026\\\/08\\\/31\\\/comunidades-repudian-mineria-ilegal-ante-danos-de-recursos-naturales\\\/#primaryimage\"},\"thumbnailUrl\":\"https:\\\/\\\/www.eldiario.net\\\/portal\\\/wp-content\\\/uploads\\\/2026\\\/08\\\/F-1-mineria.webp\",\"datePublished\":\"2026-08-31T04:53:06+00:00\",\"breadcrumb\":{\"@id\":\"https:\\\/\\\/www.eldiario.net\\\/portal\\\/2026\\\/08\\\/31\\\/comunidades-repudian-mineria-ilegal-ante-danos-de-recursos-naturales\\\/#breadcrumb\"},\"inLanguage\":\"es\",\"potentialAction\":[{\"@type\":\"ReadAction\",\"target\":[\"https:\\\/\\\/www.eldiario.net\\\/portal\\\/2026\\\/08\\\/31\\\/comunidades-repudian-mineria-ilegal-ante-danos-de-recursos-naturales\\\/\"]}]},{\"@type\":\"ImageObject\",\"inLanguage\":\"es\",\"@id\":\"https:\\\/\\\/www.eldiario.net\\\/portal\\\/2026\\\/08\\\/31\\\/comunidades-repudian-mineria-ilegal-ante-danos-de-recursos-naturales\\\/#primaryimage\",\"url\":\"https:\\\/\\\/www.eldiario.net\\\/portal\\\/wp-content\\\/uploads\\\/2026\\\/08\\\/F-1-mineria.webp\",\"contentUrl\":\"https:\\\/\\\/www.eldiario.net\\\/portal\\\/wp-content\\\/uploads\\\/2026\\\/08\\\/F-1-mineria.webp\",\"width\":420,\"height\":280,\"caption\":\"Denuncian actividad minera cerca del refugio Senda Verde.\"},{\"@type\":\"BreadcrumbList\",\"@id\":\"https:\\\/\\\/www.eldiario.net\\\/portal\\\/2026\\\/08\\\/31\\\/comunidades-repudian-mineria-ilegal-ante-danos-de-recursos-naturales\\\/#breadcrumb\",\"itemListElement\":[{\"@type\":\"ListItem\",\"position\":1,\"name\":\"Portada\",\"item\":\"https:\\\/\\\/www.eldiario.net\\\/portal\\\/\"},{\"@type\":\"ListItem\",\"position\":2,\"name\":\"Comunidades repudian miner\u00eda ilegal ante da\u00f1os de recursos naturales\"}]},{\"@type\":\"WebSite\",\"@id\":\"https:\\\/\\\/www.eldiario.net\\\/portal\\\/#website\",\"url\":\"https:\\\/\\\/www.eldiario.net\\\/portal\\\/\",\"name\":\"El Diario - Decano de la prensa nacional\",\"description\":\"El Diario - Decano de la prensa nacional\",\"publisher\":{\"@id\":\"https:\\\/\\\/www.eldiario.net\\\/portal\\\/#organization\"},\"potentialAction\":[{\"@type\":\"SearchAction\",\"target\":{\"@type\":\"EntryPoint\",\"urlTemplate\":\"https:\\\/\\\/www.eldiario.net\\\/portal\\\/?s={search_term_string}\"},\"query-input\":{\"@type\":\"PropertyValueSpecification\",\"valueRequired\":true,\"valueName\":\"search_term_string\"}}],\"inLanguage\":\"es\"},{\"@type\":\"Organization\",\"@id\":\"https:\\\/\\\/www.eldiario.net\\\/portal\\\/#organization\",\"name\":\"El Diario - Decano de la prensa nacional\",\"url\":\"https:\\\/\\\/www.eldiario.net\\\/portal\\\/\",\"logo\":{\"@type\":\"ImageObject\",\"inLanguage\":\"es\",\"@id\":\"https:\\\/\\\/www.eldiario.net\\\/portal\\\/#\\\/schema\\\/logo\\\/image\\\/\",\"url\":\"https:\\\/\\\/www.eldiario.net\\\/portal\\\/wp-content\\\/uploads\\\/2023\\\/07\\\/logo_ED.jpg\",\"contentUrl\":\"https:\\\/\\\/www.eldiario.net\\\/portal\\\/wp-content\\\/uploads\\\/2023\\\/07\\\/logo_ED.jpg\",\"width\":272,\"height\":52,\"caption\":\"El Diario - Decano de la prensa nacional\"},\"image\":{\"@id\":\"https:\\\/\\\/www.eldiario.net\\\/portal\\\/#\\\/schema\\\/logo\\\/image\\\/\"},\"sameAs\":[\"https:\\\/\\\/www.facebook.com\\\/eldiario.bolivia\\\/\",\"https:\\\/\\\/x.com\\\/eldiario_net\"]},{\"@type\":\"Person\",\"@id\":\"https:\\\/\\\/www.eldiario.net\\\/portal\\\/#\\\/schema\\\/person\\\/f46445640444750d7d753ccd04ae01b7\",\"name\":\"Jeanette\",\"image\":{\"@type\":\"ImageObject\",\"inLanguage\":\"es\",\"@id\":\"https:\\\/\\\/secure.gravatar.com\\\/avatar\\\/3ea2118a5f7dad2b7138b1187a6b7ee55f160b9968b66013c3a3ef39dd7e5798?s=96&d=mm&r=g\",\"url\":\"https:\\\/\\\/secure.gravatar.com\\\/avatar\\\/3ea2118a5f7dad2b7138b1187a6b7ee55f160b9968b66013c3a3ef39dd7e5798?s=96&d=mm&r=g\",\"contentUrl\":\"https:\\\/\\\/secure.gravatar.com\\\/avatar\\\/3ea2118a5f7dad2b7138b1187a6b7ee55f160b9968b66013c3a3ef39dd7e5798?s=96&d=mm&r=g\",\"caption\":\"Jeanette\"},\"sameAs\":[\"https:\\\/\\\/www.eldiario.net\\\/portal\"],\"url\":\"https:\\\/\\\/www.eldiario.net\\\/portal\\\/author\\\/jeanette\\\/\"}]}<\/script>\n<!-- \/ Yoast SEO plugin. -->","yoast_head_json":{"title":"Comunidades repudian miner\u00eda ilegal ante da\u00f1os de recursos naturales - El Diario - Bolivia","robots":{"index":"index","follow":"follow","max-snippet":"max-snippet:-1","max-image-preview":"max-image-preview:large","max-video-preview":"max-video-preview:-1"},"canonical":"https:\/\/www.eldiario.net\/portal\/2026\/08\/31\/comunidades-repudian-mineria-ilegal-ante-danos-de-recursos-naturales\/","og_locale":"es_ES","og_type":"article","og_title":"Comunidades repudian miner\u00eda ilegal ante da\u00f1os de recursos naturales - El Diario - Bolivia","og_description":"Recientemente se registraron hechos relevantes en torno a la miner\u00eda ilegal, sobre todo, en el norte pace\u00f1o. Uno de ellos ocurri\u00f3 en Senda Verde tras la denuncia de delitos ambientales que pon\u00edan en riesgo al refugio de animales; otro hecho sucedido fue en La Asunta, cuando comunarios, cansados de que la presunta actividad minera irregular [&hellip;]","og_url":"https:\/\/www.eldiario.net\/portal\/2026\/08\/31\/comunidades-repudian-mineria-ilegal-ante-danos-de-recursos-naturales\/","og_site_name":"El Diario - Bolivia","article_publisher":"https:\/\/www.facebook.com\/eldiario.bolivia\/","article_published_time":"2026-08-31T04:53:06+00:00","og_image":[{"width":420,"height":280,"url":"https:\/\/www.eldiario.net\/portal\/wp-content\/uploads\/2026\/08\/F-1-mineria.webp","type":"image\/webp"}],"author":"Jeanette","twitter_card":"summary_large_image","twitter_creator":"@eldiario_net","twitter_site":"@eldiario_net","twitter_misc":{"Escrito por":"Jeanette","Tiempo de lectura":"6 minutos"},"schema":{"@context":"https:\/\/schema.org","@graph":[{"@type":"Article","@id":"https:\/\/www.eldiario.net\/portal\/2026\/08\/31\/comunidades-repudian-mineria-ilegal-ante-danos-de-recursos-naturales\/#article","isPartOf":{"@id":"https:\/\/www.eldiario.net\/portal\/2026\/08\/31\/comunidades-repudian-mineria-ilegal-ante-danos-de-recursos-naturales\/"},"author":{"name":"Jeanette","@id":"https:\/\/www.eldiario.net\/portal\/#\/schema\/person\/f46445640444750d7d753ccd04ae01b7"},"headline":"Comunidades repudian miner\u00eda ilegal ante da\u00f1os de recursos naturales","datePublished":"2026-08-31T04:53:06+00:00","mainEntityOfPage":{"@id":"https:\/\/www.eldiario.net\/portal\/2026\/08\/31\/comunidades-repudian-mineria-ilegal-ante-danos-de-recursos-naturales\/"},"wordCount":1176,"publisher":{"@id":"https:\/\/www.eldiario.net\/portal\/#organization"},"image":{"@id":"https:\/\/www.eldiario.net\/portal\/2026\/08\/31\/comunidades-repudian-mineria-ilegal-ante-danos-de-recursos-naturales\/#primaryimage"},"thumbnailUrl":"https:\/\/www.eldiario.net\/portal\/wp-content\/uploads\/2026\/08\/F-1-mineria.webp","articleSection":["Econom\u00eda"],"inLanguage":"es"},{"@type":"WebPage","@id":"https:\/\/www.eldiario.net\/portal\/2026\/08\/31\/comunidades-repudian-mineria-ilegal-ante-danos-de-recursos-naturales\/","url":"https:\/\/www.eldiario.net\/portal\/2026\/08\/31\/comunidades-repudian-mineria-ilegal-ante-danos-de-recursos-naturales\/","name":"Comunidades repudian miner\u00eda ilegal ante da\u00f1os de recursos naturales - El Diario - Bolivia","isPartOf":{"@id":"https:\/\/www.eldiario.net\/portal\/#website"},"primaryImageOfPage":{"@id":"https:\/\/www.eldiario.net\/portal\/2026\/08\/31\/comunidades-repudian-mineria-ilegal-ante-danos-de-recursos-naturales\/#primaryimage"},"image":{"@id":"https:\/\/www.eldiario.net\/portal\/2026\/08\/31\/comunidades-repudian-mineria-ilegal-ante-danos-de-recursos-naturales\/#primaryimage"},"thumbnailUrl":"https:\/\/www.eldiario.net\/portal\/wp-content\/uploads\/2026\/08\/F-1-mineria.webp","datePublished":"2026-08-31T04:53:06+00:00","breadcrumb":{"@id":"https:\/\/www.eldiario.net\/portal\/2026\/08\/31\/comunidades-repudian-mineria-ilegal-ante-danos-de-recursos-naturales\/#breadcrumb"},"inLanguage":"es","potentialAction":[{"@type":"ReadAction","target":["https:\/\/www.eldiario.net\/portal\/2026\/08\/31\/comunidades-repudian-mineria-ilegal-ante-danos-de-recursos-naturales\/"]}]},{"@type":"ImageObject","inLanguage":"es","@id":"https:\/\/www.eldiario.net\/portal\/2026\/08\/31\/comunidades-repudian-mineria-ilegal-ante-danos-de-recursos-naturales\/#primaryimage","url":"https:\/\/www.eldiario.net\/portal\/wp-content\/uploads\/2026\/08\/F-1-mineria.webp","contentUrl":"https:\/\/www.eldiario.net\/portal\/wp-content\/uploads\/2026\/08\/F-1-mineria.webp","width":420,"height":280,"caption":"Denuncian actividad minera cerca del refugio Senda Verde."},{"@type":"BreadcrumbList","@id":"https:\/\/www.eldiario.net\/portal\/2026\/08\/31\/comunidades-repudian-mineria-ilegal-ante-danos-de-recursos-naturales\/#breadcrumb","itemListElement":[{"@type":"ListItem","position":1,"name":"Portada","item":"https:\/\/www.eldiario.net\/portal\/"},{"@type":"ListItem","position":2,"name":"Comunidades repudian miner\u00eda ilegal ante da\u00f1os de recursos naturales"}]},{"@type":"WebSite","@id":"https:\/\/www.eldiario.net\/portal\/#website","url":"https:\/\/www.eldiario.net\/portal\/","name":"El Diario - Decano de la prensa nacional","description":"El Diario - Decano de la prensa nacional","publisher":{"@id":"https:\/\/www.eldiario.net\/portal\/#organization"},"potentialAction":[{"@type":"SearchAction","target":{"@type":"EntryPoint","urlTemplate":"https:\/\/www.eldiario.net\/portal\/?s={search_term_string}"},"query-input":{"@type":"PropertyValueSpecification","valueRequired":true,"valueName":"search_term_string"}}],"inLanguage":"es"},{"@type":"Organization","@id":"https:\/\/www.eldiario.net\/portal\/#organization","name":"El Diario - Decano de la prensa nacional","url":"https:\/\/www.eldiario.net\/portal\/","logo":{"@type":"ImageObject","inLanguage":"es","@id":"https:\/\/www.eldiario.net\/portal\/#\/schema\/logo\/image\/","url":"https:\/\/www.eldiario.net\/portal\/wp-content\/uploads\/2023\/07\/logo_ED.jpg","contentUrl":"https:\/\/www.eldiario.net\/portal\/wp-content\/uploads\/2023\/07\/logo_ED.jpg","width":272,"height":52,"caption":"El Diario - Decano de la prensa nacional"},"image":{"@id":"https:\/\/www.eldiario.net\/portal\/#\/schema\/logo\/image\/"},"sameAs":["https:\/\/www.facebook.com\/eldiario.bolivia\/","https:\/\/x.com\/eldiario_net"]},{"@type":"Person","@id":"https:\/\/www.eldiario.net\/portal\/#\/schema\/person\/f46445640444750d7d753ccd04ae01b7","name":"Jeanette","image":{"@type":"ImageObject","inLanguage":"es","@id":"https:\/\/secure.gravatar.com\/avatar\/3ea2118a5f7dad2b7138b1187a6b7ee55f160b9968b66013c3a3ef39dd7e5798?s=96&d=mm&r=g","url":"https:\/\/secure.gravatar.com\/avatar\/3ea2118a5f7dad2b7138b1187a6b7ee55f160b9968b66013c3a3ef39dd7e5798?s=96&d=mm&r=g","contentUrl":"https:\/\/secure.gravatar.com\/avatar\/3ea2118a5f7dad2b7138b1187a6b7ee55f160b9968b66013c3a3ef39dd7e5798?s=96&d=mm&r=g","caption":"Jeanette"},"sameAs":["https:\/\/www.eldiario.net\/portal"],"url":"https:\/\/www.eldiario.net\/portal\/author\/jeanette\/"}]}},"_links":{"self":[{"href":"https:\/\/www.eldiario.net\/portal\/wp-json\/wp\/v2\/posts\/426297","targetHints":{"allow":["GET"]}}],"collection":[{"href":"https:\/\/www.eldiario.net\/portal\/wp-json\/wp\/v2\/posts"}],"about":[{"href":"https:\/\/www.eldiario.net\/portal\/wp-json\/wp\/v2\/types\/post"}],"author":[{"embeddable":true,"href":"https:\/\/www.eldiario.net\/portal\/wp-json\/wp\/v2\/users\/1"}],"replies":[{"embeddable":true,"href":"https:\/\/www.eldiario.net\/portal\/wp-json\/wp\/v2\/comments?post=426297"}],"version-history":[{"count":1,"href":"https:\/\/www.eldiario.net\/portal\/wp-json\/wp\/v2\/posts\/426297\/revisions"}],"predecessor-version":[{"id":426299,"href":"https:\/\/www.eldiario.net\/portal\/wp-json\/wp\/v2\/posts\/426297\/revisions\/426299"}],"wp:featuredmedia":[{"embeddable":true,"href":"https:\/\/www.eldiario.net\/portal\/wp-json\/wp\/v2\/media\/426298"}],"wp:attachment":[{"href":"https:\/\/www.eldiario.net\/portal\/wp-json\/wp\/v2\/media?parent=426297"}],"wp:term":[{"taxonomy":"category","embeddable":true,"href":"https:\/\/www.eldiario.net\/portal\/wp-json\/wp\/v2\/categories?post=426297"},{"taxonomy":"post_tag","embeddable":true,"href":"https:\/\/www.eldiario.net\/portal\/wp-json\/wp\/v2\/tags?post=426297"}],"curies":[{"name":"wp","href":"https:\/\/api.w.org\/{rel}","templated":true}]}}