{"id":426284,"date":"2026-08-31T00:47:29","date_gmt":"2026-08-31T04:47:29","guid":{"rendered":"https:\/\/www.eldiario.net\/portal\/?p=426284"},"modified":"2026-08-30T22:48:17","modified_gmt":"2026-08-31T02:48:17","slug":"barco-naufraga-en-chipre-con-267-personas-a-bordo","status":"publish","type":"post","link":"https:\/\/www.eldiario.net\/portal\/2026\/08\/31\/barco-naufraga-en-chipre-con-267-personas-a-bordo\/","title":{"rendered":"Barco naufraga en Chipre con 267 personas a bordo"},"content":{"rendered":"<p>Al menos ocho personas han muerto tras hundirse un ferry catamar\u00e1n con 267 personas a bordo ayer en las costas del norte de la isla de Chipre, concretamente cerca de la localidad de Kirenia, en la parte controlada por la autoproclamada Rep\u00fablica Turca del Norte de Chipre.<br \/>\nEl ministro de Obras P\u00fablicas y Transporte turcochipriota, Erhan Arikli, inform\u00f3 sobre el \u00faltimo balance de fallecidos tras el naufragio del \u2018Filo Jet\u2019 mientras contin\u00faan las labores \u201cintensivas\u201d de b\u00fasqueda. El buque yace ya en el fondo del mar a una profundidad de 514 metros.<br \/>\nArikli explic\u00f3 que el ferry comenz\u00f3 a hacer agua por motivos que por el momento se desconocen y finalmente volc\u00f3 cerca de Kirenia, Girne para los turcochipriotas. El capit\u00e1n del ferry lanz\u00f3 una llamada de auxilio de inmediato.<br \/>\nLos rescatados que han necesitado de atenci\u00f3n m\u00e9dica han sido trasladados al Hospital Estatal Dr. Burhan Nalbantoglu de Lefkosa, instituci\u00f3n que ha confirmado que no hay ning\u00fan paciente en estado cr\u00edtico y que algunos de los lesionados han recibido ya el alta.<br \/>\nEl primer ministro turcochipriota, \u00dcnal \u00dcstel, ha destacado por su parte que se han movilizado \u201ctodos los medios disponibles\u201d para el rescate. Adem\u00e1s, se ha organizado un Equipo de Gesti\u00f3n de Crisis presidido por el propio \u00dcstel que ha ordenado que las labores de b\u00fasqueda y rescate contin\u00faen de manera ininterrumpida, seg\u00fan recogen medios turcochipriotas.<br \/>\n\u201cNuestra \u00fanica prioridad ahora mismo son las vidas humanas. Todas las instituciones del Estado, nuestras fuerzas de seguridad, nuestro personal sanitario y nuestros equipos de b\u00fasqueda y rescate est\u00e1n desplegados en total coordinaci\u00f3n. Todos los recursos necesarios han sido movilizados\u201d, enfatiz\u00f3 el primer ministro.<br \/>\n\u00dcstel en declaraciones a la televisi\u00f3n turca TRT dijo que creen que algunas de las v\u00edctimas podr\u00edan estar todav\u00eda dentro del barco. \u201cNo podemos dar nada por sentado ahora mismo, (pero) se cree que hay gente dentro del barco a\u00fan\u201d, explic\u00f3.<br \/>\nEn el Equipo de Gesti\u00f3n de Crisis participan junto a \u00dcstel los ministros de Transportes, Sanidad, Interior, Finanzas y Agricultura y el comandante de las Fuerzas de Paz Turco-Chipriotas, el comandante de las Fuerzas de Seguridad, el director general de la Polic\u00eda y el director de la Organizaci\u00f3n de la Defensa Civil.<br \/>\nEntretanto, el alcalde de Kirenia, Murat Senkul, alert\u00f3 que \u201cla situaci\u00f3n es muy grave\u201d y ha pedido discreci\u00f3n en la difusi\u00f3n de informaciones.<br \/>\n\u201cEstamos teniendo un d\u00eda dif\u00edcil. Por favor, no conf\u00eden ni compartan ninguna informaci\u00f3n que no sea oficial\u201d, manifest\u00f3 en redes sociales.<\/p>\n<p>EMBARCACIONES<br \/>\nPor otro lado,\u00a0el Ministerio del Interior de Turqu\u00eda inform\u00f3 del env\u00edo de cinco embarcaciones y dos helic\u00f3pteros de la Guardia Costera turca y de seis embarcaciones militares turcas que se suman a las cuatro embarcaciones turcochipriotas y un buque de pasajeros, el \u2018Akg\u00fcnler 3\u2019, asimismo enviado al lugar. Tambi\u00e9n hay en camino equipos de buzos turcos.<br \/>\nEmbarcaciones civiles, principalmente de pesca, se han trasladado ya hasta el lugar del siniestro del buque, perteneciente a la empresa privada Filo Denizcilik y se ha movilizado tambi\u00e9n a polic\u00eda y ambulancias, han informado las autoridades turcochipriotas.<br \/>\nEl buque transportaba a 259 pasajeros y ocho miembros de la tripulaci\u00f3n y volc\u00f3 poco despu\u00e9s de partir desde el puerto de Kirenia, a unos dos kil\u00f3metros de la costa. El ferry cubr\u00eda un trayecto entre Kirenia, de donde parti\u00f3 a las 12.30 horas del domingo -11.30 horas en la Espa\u00f1a peninsular- con destino al puerto de Tasucu, en Mersin, en la costa sur de Turqu\u00eda.<br \/>\nChipre est\u00e1 dividido en dos desde que en 1974 el Ej\u00e9rcito turco ocupara la parte norte -el 36,2 por ciento de su territorio- tras un golpe de Estado instigado por la junta militar en el poder en Grecia y ante el temor a que la isla se uniera a este \u00faltimo pa\u00eds.<br \/>\nEn 1983, los turcochipriotas proclamaron la Rep\u00fablica Turca del Norte de Chipre, reconocida \u00fanicamente por Ankara, que mantiene ah\u00ed a unos 35.000 militares. Los numerosos esfuerzos dirigidos por la ONU a lo largo de las d\u00e9cadas para reunificar la isla del Mediterr\u00e1neo oriental sobre la base de una federaci\u00f3n bizonal han fracasado hasta ahora. (Europa Press)<\/p>\n","protected":false},"excerpt":{"rendered":"<p>Al menos ocho personas han muerto tras hundirse un ferry catamar\u00e1n con 267 personas a bordo ayer en las costas del norte de la isla de Chipre, concretamente cerca de la localidad de Kirenia, en la parte controlada por la autoproclamada Rep\u00fablica Turca del Norte de Chipre. El ministro de Obras P\u00fablicas y Transporte turcochipriota, [&hellip;]<\/p>\n","protected":false},"author":1,"featured_media":426285,"comment_status":"closed","ping_status":"open","sticky":false,"template":"","format":"standard","meta":{"_acf_changed":false,"footnotes":""},"categories":[3],"tags":[],"class_list":["post-426284","post","type-post","status-publish","format-standard","has-post-thumbnail","category-internacional"],"acf":{"antetitulo":"Reportan al menos ocho muertos"},"yoast_head":"<!-- This site is optimized with the Yoast SEO plugin v28.3 - https:\/\/yoast.com\/product\/yoast-seo-wordpress\/ -->\n<title>Barco naufraga en Chipre con 267 personas a bordo - El Diario - Bolivia<\/title>\n<meta name=\"robots\" content=\"index, follow, max-snippet:-1, max-image-preview:large, max-video-preview:-1\" \/>\n<link rel=\"canonical\" href=\"https:\/\/www.eldiario.net\/portal\/2026\/08\/31\/barco-naufraga-en-chipre-con-267-personas-a-bordo\/\" \/>\n<meta property=\"og:locale\" content=\"es_ES\" \/>\n<meta property=\"og:type\" content=\"article\" \/>\n<meta property=\"og:title\" content=\"Barco naufraga en Chipre con 267 personas a bordo - El Diario - Bolivia\" \/>\n<meta property=\"og:description\" content=\"Al menos ocho personas han muerto tras hundirse un ferry catamar\u00e1n con 267 personas a bordo ayer en las costas del norte de la isla de Chipre, concretamente cerca de la localidad de Kirenia, en la parte controlada por la autoproclamada Rep\u00fablica Turca del Norte de Chipre. El ministro de Obras P\u00fablicas y Transporte turcochipriota, [&hellip;]\" \/>\n<meta property=\"og:url\" content=\"https:\/\/www.eldiario.net\/portal\/2026\/08\/31\/barco-naufraga-en-chipre-con-267-personas-a-bordo\/\" \/>\n<meta property=\"og:site_name\" content=\"El Diario - Bolivia\" \/>\n<meta property=\"article:publisher\" content=\"https:\/\/www.facebook.com\/eldiario.bolivia\/\" \/>\n<meta property=\"article:published_time\" content=\"2026-08-31T04:47:29+00:00\" \/>\n<meta property=\"og:image\" content=\"https:\/\/www.eldiario.net\/portal\/wp-content\/uploads\/2026\/08\/Ferry-La-Region.webp\" \/>\n\t<meta property=\"og:image:width\" content=\"1600\" \/>\n\t<meta property=\"og:image:height\" content=\"900\" \/>\n\t<meta property=\"og:image:type\" content=\"image\/webp\" \/>\n<meta name=\"author\" content=\"Jeanette\" \/>\n<meta name=\"twitter:card\" content=\"summary_large_image\" \/>\n<meta name=\"twitter:creator\" content=\"@eldiario_net\" \/>\n<meta name=\"twitter:site\" content=\"@eldiario_net\" \/>\n<meta name=\"twitter:label1\" content=\"Escrito por\" \/>\n\t<meta name=\"twitter:data1\" content=\"Jeanette\" \/>\n\t<meta name=\"twitter:label2\" content=\"Tiempo de lectura\" \/>\n\t<meta name=\"twitter:data2\" content=\"4 minutos\" \/>\n<script type=\"application\/ld+json\" class=\"yoast-schema-graph\">{\"@context\":\"https:\\\/\\\/schema.org\",\"@graph\":[{\"@type\":\"Article\",\"@id\":\"https:\\\/\\\/www.eldiario.net\\\/portal\\\/2026\\\/08\\\/31\\\/barco-naufraga-en-chipre-con-267-personas-a-bordo\\\/#article\",\"isPartOf\":{\"@id\":\"https:\\\/\\\/www.eldiario.net\\\/portal\\\/2026\\\/08\\\/31\\\/barco-naufraga-en-chipre-con-267-personas-a-bordo\\\/\"},\"author\":{\"name\":\"Jeanette\",\"@id\":\"https:\\\/\\\/www.eldiario.net\\\/portal\\\/#\\\/schema\\\/person\\\/f46445640444750d7d753ccd04ae01b7\"},\"headline\":\"Barco naufraga en Chipre con 267 personas a bordo\",\"datePublished\":\"2026-08-31T04:47:29+00:00\",\"mainEntityOfPage\":{\"@id\":\"https:\\\/\\\/www.eldiario.net\\\/portal\\\/2026\\\/08\\\/31\\\/barco-naufraga-en-chipre-con-267-personas-a-bordo\\\/\"},\"wordCount\":729,\"publisher\":{\"@id\":\"https:\\\/\\\/www.eldiario.net\\\/portal\\\/#organization\"},\"image\":{\"@id\":\"https:\\\/\\\/www.eldiario.net\\\/portal\\\/2026\\\/08\\\/31\\\/barco-naufraga-en-chipre-con-267-personas-a-bordo\\\/#primaryimage\"},\"thumbnailUrl\":\"https:\\\/\\\/www.eldiario.net\\\/portal\\\/wp-content\\\/uploads\\\/2026\\\/08\\\/Ferry-La-Region.webp\",\"articleSection\":[\"Internacional\"],\"inLanguage\":\"es\"},{\"@type\":\"WebPage\",\"@id\":\"https:\\\/\\\/www.eldiario.net\\\/portal\\\/2026\\\/08\\\/31\\\/barco-naufraga-en-chipre-con-267-personas-a-bordo\\\/\",\"url\":\"https:\\\/\\\/www.eldiario.net\\\/portal\\\/2026\\\/08\\\/31\\\/barco-naufraga-en-chipre-con-267-personas-a-bordo\\\/\",\"name\":\"Barco naufraga en Chipre con 267 personas a bordo - El Diario - Bolivia\",\"isPartOf\":{\"@id\":\"https:\\\/\\\/www.eldiario.net\\\/portal\\\/#website\"},\"primaryImageOfPage\":{\"@id\":\"https:\\\/\\\/www.eldiario.net\\\/portal\\\/2026\\\/08\\\/31\\\/barco-naufraga-en-chipre-con-267-personas-a-bordo\\\/#primaryimage\"},\"image\":{\"@id\":\"https:\\\/\\\/www.eldiario.net\\\/portal\\\/2026\\\/08\\\/31\\\/barco-naufraga-en-chipre-con-267-personas-a-bordo\\\/#primaryimage\"},\"thumbnailUrl\":\"https:\\\/\\\/www.eldiario.net\\\/portal\\\/wp-content\\\/uploads\\\/2026\\\/08\\\/Ferry-La-Region.webp\",\"datePublished\":\"2026-08-31T04:47:29+00:00\",\"breadcrumb\":{\"@id\":\"https:\\\/\\\/www.eldiario.net\\\/portal\\\/2026\\\/08\\\/31\\\/barco-naufraga-en-chipre-con-267-personas-a-bordo\\\/#breadcrumb\"},\"inLanguage\":\"es\",\"potentialAction\":[{\"@type\":\"ReadAction\",\"target\":[\"https:\\\/\\\/www.eldiario.net\\\/portal\\\/2026\\\/08\\\/31\\\/barco-naufraga-en-chipre-con-267-personas-a-bordo\\\/\"]}]},{\"@type\":\"ImageObject\",\"inLanguage\":\"es\",\"@id\":\"https:\\\/\\\/www.eldiario.net\\\/portal\\\/2026\\\/08\\\/31\\\/barco-naufraga-en-chipre-con-267-personas-a-bordo\\\/#primaryimage\",\"url\":\"https:\\\/\\\/www.eldiario.net\\\/portal\\\/wp-content\\\/uploads\\\/2026\\\/08\\\/Ferry-La-Region.webp\",\"contentUrl\":\"https:\\\/\\\/www.eldiario.net\\\/portal\\\/wp-content\\\/uploads\\\/2026\\\/08\\\/Ferry-La-Region.webp\",\"width\":1600,\"height\":900,\"caption\":\"Un ferry con 267 personas a bordo se hundi\u00f3 en la costa del norte de Chipre.\"},{\"@type\":\"BreadcrumbList\",\"@id\":\"https:\\\/\\\/www.eldiario.net\\\/portal\\\/2026\\\/08\\\/31\\\/barco-naufraga-en-chipre-con-267-personas-a-bordo\\\/#breadcrumb\",\"itemListElement\":[{\"@type\":\"ListItem\",\"position\":1,\"name\":\"Portada\",\"item\":\"https:\\\/\\\/www.eldiario.net\\\/portal\\\/\"},{\"@type\":\"ListItem\",\"position\":2,\"name\":\"Barco naufraga en Chipre con 267 personas a bordo\"}]},{\"@type\":\"WebSite\",\"@id\":\"https:\\\/\\\/www.eldiario.net\\\/portal\\\/#website\",\"url\":\"https:\\\/\\\/www.eldiario.net\\\/portal\\\/\",\"name\":\"El Diario - Decano de la prensa nacional\",\"description\":\"El Diario - Decano de la prensa nacional\",\"publisher\":{\"@id\":\"https:\\\/\\\/www.eldiario.net\\\/portal\\\/#organization\"},\"potentialAction\":[{\"@type\":\"SearchAction\",\"target\":{\"@type\":\"EntryPoint\",\"urlTemplate\":\"https:\\\/\\\/www.eldiario.net\\\/portal\\\/?s={search_term_string}\"},\"query-input\":{\"@type\":\"PropertyValueSpecification\",\"valueRequired\":true,\"valueName\":\"search_term_string\"}}],\"inLanguage\":\"es\"},{\"@type\":\"Organization\",\"@id\":\"https:\\\/\\\/www.eldiario.net\\\/portal\\\/#organization\",\"name\":\"El Diario - Decano de la prensa nacional\",\"url\":\"https:\\\/\\\/www.eldiario.net\\\/portal\\\/\",\"logo\":{\"@type\":\"ImageObject\",\"inLanguage\":\"es\",\"@id\":\"https:\\\/\\\/www.eldiario.net\\\/portal\\\/#\\\/schema\\\/logo\\\/image\\\/\",\"url\":\"https:\\\/\\\/www.eldiario.net\\\/portal\\\/wp-content\\\/uploads\\\/2023\\\/07\\\/logo_ED.jpg\",\"contentUrl\":\"https:\\\/\\\/www.eldiario.net\\\/portal\\\/wp-content\\\/uploads\\\/2023\\\/07\\\/logo_ED.jpg\",\"width\":272,\"height\":52,\"caption\":\"El Diario - Decano de la prensa nacional\"},\"image\":{\"@id\":\"https:\\\/\\\/www.eldiario.net\\\/portal\\\/#\\\/schema\\\/logo\\\/image\\\/\"},\"sameAs\":[\"https:\\\/\\\/www.facebook.com\\\/eldiario.bolivia\\\/\",\"https:\\\/\\\/x.com\\\/eldiario_net\"]},{\"@type\":\"Person\",\"@id\":\"https:\\\/\\\/www.eldiario.net\\\/portal\\\/#\\\/schema\\\/person\\\/f46445640444750d7d753ccd04ae01b7\",\"name\":\"Jeanette\",\"image\":{\"@type\":\"ImageObject\",\"inLanguage\":\"es\",\"@id\":\"https:\\\/\\\/secure.gravatar.com\\\/avatar\\\/3ea2118a5f7dad2b7138b1187a6b7ee55f160b9968b66013c3a3ef39dd7e5798?s=96&d=mm&r=g\",\"url\":\"https:\\\/\\\/secure.gravatar.com\\\/avatar\\\/3ea2118a5f7dad2b7138b1187a6b7ee55f160b9968b66013c3a3ef39dd7e5798?s=96&d=mm&r=g\",\"contentUrl\":\"https:\\\/\\\/secure.gravatar.com\\\/avatar\\\/3ea2118a5f7dad2b7138b1187a6b7ee55f160b9968b66013c3a3ef39dd7e5798?s=96&d=mm&r=g\",\"caption\":\"Jeanette\"},\"sameAs\":[\"https:\\\/\\\/www.eldiario.net\\\/portal\"],\"url\":\"https:\\\/\\\/www.eldiario.net\\\/portal\\\/author\\\/jeanette\\\/\"}]}<\/script>\n<!-- \/ Yoast SEO plugin. -->","yoast_head_json":{"title":"Barco naufraga en Chipre con 267 personas a bordo - El Diario - Bolivia","robots":{"index":"index","follow":"follow","max-snippet":"max-snippet:-1","max-image-preview":"max-image-preview:large","max-video-preview":"max-video-preview:-1"},"canonical":"https:\/\/www.eldiario.net\/portal\/2026\/08\/31\/barco-naufraga-en-chipre-con-267-personas-a-bordo\/","og_locale":"es_ES","og_type":"article","og_title":"Barco naufraga en Chipre con 267 personas a bordo - El Diario - Bolivia","og_description":"Al menos ocho personas han muerto tras hundirse un ferry catamar\u00e1n con 267 personas a bordo ayer en las costas del norte de la isla de Chipre, concretamente cerca de la localidad de Kirenia, en la parte controlada por la autoproclamada Rep\u00fablica Turca del Norte de Chipre. El ministro de Obras P\u00fablicas y Transporte turcochipriota, [&hellip;]","og_url":"https:\/\/www.eldiario.net\/portal\/2026\/08\/31\/barco-naufraga-en-chipre-con-267-personas-a-bordo\/","og_site_name":"El Diario - Bolivia","article_publisher":"https:\/\/www.facebook.com\/eldiario.bolivia\/","article_published_time":"2026-08-31T04:47:29+00:00","og_image":[{"width":1600,"height":900,"url":"https:\/\/www.eldiario.net\/portal\/wp-content\/uploads\/2026\/08\/Ferry-La-Region.webp","type":"image\/webp"}],"author":"Jeanette","twitter_card":"summary_large_image","twitter_creator":"@eldiario_net","twitter_site":"@eldiario_net","twitter_misc":{"Escrito por":"Jeanette","Tiempo de lectura":"4 minutos"},"schema":{"@context":"https:\/\/schema.org","@graph":[{"@type":"Article","@id":"https:\/\/www.eldiario.net\/portal\/2026\/08\/31\/barco-naufraga-en-chipre-con-267-personas-a-bordo\/#article","isPartOf":{"@id":"https:\/\/www.eldiario.net\/portal\/2026\/08\/31\/barco-naufraga-en-chipre-con-267-personas-a-bordo\/"},"author":{"name":"Jeanette","@id":"https:\/\/www.eldiario.net\/portal\/#\/schema\/person\/f46445640444750d7d753ccd04ae01b7"},"headline":"Barco naufraga en Chipre con 267 personas a bordo","datePublished":"2026-08-31T04:47:29+00:00","mainEntityOfPage":{"@id":"https:\/\/www.eldiario.net\/portal\/2026\/08\/31\/barco-naufraga-en-chipre-con-267-personas-a-bordo\/"},"wordCount":729,"publisher":{"@id":"https:\/\/www.eldiario.net\/portal\/#organization"},"image":{"@id":"https:\/\/www.eldiario.net\/portal\/2026\/08\/31\/barco-naufraga-en-chipre-con-267-personas-a-bordo\/#primaryimage"},"thumbnailUrl":"https:\/\/www.eldiario.net\/portal\/wp-content\/uploads\/2026\/08\/Ferry-La-Region.webp","articleSection":["Internacional"],"inLanguage":"es"},{"@type":"WebPage","@id":"https:\/\/www.eldiario.net\/portal\/2026\/08\/31\/barco-naufraga-en-chipre-con-267-personas-a-bordo\/","url":"https:\/\/www.eldiario.net\/portal\/2026\/08\/31\/barco-naufraga-en-chipre-con-267-personas-a-bordo\/","name":"Barco naufraga en Chipre con 267 personas a bordo - El Diario - Bolivia","isPartOf":{"@id":"https:\/\/www.eldiario.net\/portal\/#website"},"primaryImageOfPage":{"@id":"https:\/\/www.eldiario.net\/portal\/2026\/08\/31\/barco-naufraga-en-chipre-con-267-personas-a-bordo\/#primaryimage"},"image":{"@id":"https:\/\/www.eldiario.net\/portal\/2026\/08\/31\/barco-naufraga-en-chipre-con-267-personas-a-bordo\/#primaryimage"},"thumbnailUrl":"https:\/\/www.eldiario.net\/portal\/wp-content\/uploads\/2026\/08\/Ferry-La-Region.webp","datePublished":"2026-08-31T04:47:29+00:00","breadcrumb":{"@id":"https:\/\/www.eldiario.net\/portal\/2026\/08\/31\/barco-naufraga-en-chipre-con-267-personas-a-bordo\/#breadcrumb"},"inLanguage":"es","potentialAction":[{"@type":"ReadAction","target":["https:\/\/www.eldiario.net\/portal\/2026\/08\/31\/barco-naufraga-en-chipre-con-267-personas-a-bordo\/"]}]},{"@type":"ImageObject","inLanguage":"es","@id":"https:\/\/www.eldiario.net\/portal\/2026\/08\/31\/barco-naufraga-en-chipre-con-267-personas-a-bordo\/#primaryimage","url":"https:\/\/www.eldiario.net\/portal\/wp-content\/uploads\/2026\/08\/Ferry-La-Region.webp","contentUrl":"https:\/\/www.eldiario.net\/portal\/wp-content\/uploads\/2026\/08\/Ferry-La-Region.webp","width":1600,"height":900,"caption":"Un ferry con 267 personas a bordo se hundi\u00f3 en la costa del norte de Chipre."},{"@type":"BreadcrumbList","@id":"https:\/\/www.eldiario.net\/portal\/2026\/08\/31\/barco-naufraga-en-chipre-con-267-personas-a-bordo\/#breadcrumb","itemListElement":[{"@type":"ListItem","position":1,"name":"Portada","item":"https:\/\/www.eldiario.net\/portal\/"},{"@type":"ListItem","position":2,"name":"Barco naufraga en Chipre con 267 personas a bordo"}]},{"@type":"WebSite","@id":"https:\/\/www.eldiario.net\/portal\/#website","url":"https:\/\/www.eldiario.net\/portal\/","name":"El Diario - Decano de la prensa nacional","description":"El Diario - Decano de la prensa nacional","publisher":{"@id":"https:\/\/www.eldiario.net\/portal\/#organization"},"potentialAction":[{"@type":"SearchAction","target":{"@type":"EntryPoint","urlTemplate":"https:\/\/www.eldiario.net\/portal\/?s={search_term_string}"},"query-input":{"@type":"PropertyValueSpecification","valueRequired":true,"valueName":"search_term_string"}}],"inLanguage":"es"},{"@type":"Organization","@id":"https:\/\/www.eldiario.net\/portal\/#organization","name":"El Diario - Decano de la prensa nacional","url":"https:\/\/www.eldiario.net\/portal\/","logo":{"@type":"ImageObject","inLanguage":"es","@id":"https:\/\/www.eldiario.net\/portal\/#\/schema\/logo\/image\/","url":"https:\/\/www.eldiario.net\/portal\/wp-content\/uploads\/2023\/07\/logo_ED.jpg","contentUrl":"https:\/\/www.eldiario.net\/portal\/wp-content\/uploads\/2023\/07\/logo_ED.jpg","width":272,"height":52,"caption":"El Diario - Decano de la prensa nacional"},"image":{"@id":"https:\/\/www.eldiario.net\/portal\/#\/schema\/logo\/image\/"},"sameAs":["https:\/\/www.facebook.com\/eldiario.bolivia\/","https:\/\/x.com\/eldiario_net"]},{"@type":"Person","@id":"https:\/\/www.eldiario.net\/portal\/#\/schema\/person\/f46445640444750d7d753ccd04ae01b7","name":"Jeanette","image":{"@type":"ImageObject","inLanguage":"es","@id":"https:\/\/secure.gravatar.com\/avatar\/3ea2118a5f7dad2b7138b1187a6b7ee55f160b9968b66013c3a3ef39dd7e5798?s=96&d=mm&r=g","url":"https:\/\/secure.gravatar.com\/avatar\/3ea2118a5f7dad2b7138b1187a6b7ee55f160b9968b66013c3a3ef39dd7e5798?s=96&d=mm&r=g","contentUrl":"https:\/\/secure.gravatar.com\/avatar\/3ea2118a5f7dad2b7138b1187a6b7ee55f160b9968b66013c3a3ef39dd7e5798?s=96&d=mm&r=g","caption":"Jeanette"},"sameAs":["https:\/\/www.eldiario.net\/portal"],"url":"https:\/\/www.eldiario.net\/portal\/author\/jeanette\/"}]}},"_links":{"self":[{"href":"https:\/\/www.eldiario.net\/portal\/wp-json\/wp\/v2\/posts\/426284","targetHints":{"allow":["GET"]}}],"collection":[{"href":"https:\/\/www.eldiario.net\/portal\/wp-json\/wp\/v2\/posts"}],"about":[{"href":"https:\/\/www.eldiario.net\/portal\/wp-json\/wp\/v2\/types\/post"}],"author":[{"embeddable":true,"href":"https:\/\/www.eldiario.net\/portal\/wp-json\/wp\/v2\/users\/1"}],"replies":[{"embeddable":true,"href":"https:\/\/www.eldiario.net\/portal\/wp-json\/wp\/v2\/comments?post=426284"}],"version-history":[{"count":1,"href":"https:\/\/www.eldiario.net\/portal\/wp-json\/wp\/v2\/posts\/426284\/revisions"}],"predecessor-version":[{"id":426286,"href":"https:\/\/www.eldiario.net\/portal\/wp-json\/wp\/v2\/posts\/426284\/revisions\/426286"}],"wp:featuredmedia":[{"embeddable":true,"href":"https:\/\/www.eldiario.net\/portal\/wp-json\/wp\/v2\/media\/426285"}],"wp:attachment":[{"href":"https:\/\/www.eldiario.net\/portal\/wp-json\/wp\/v2\/media?parent=426284"}],"wp:term":[{"taxonomy":"category","embeddable":true,"href":"https:\/\/www.eldiario.net\/portal\/wp-json\/wp\/v2\/categories?post=426284"},{"taxonomy":"post_tag","embeddable":true,"href":"https:\/\/www.eldiario.net\/portal\/wp-json\/wp\/v2\/tags?post=426284"}],"curies":[{"name":"wp","href":"https:\/\/api.w.org\/{rel}","templated":true}]}}