{"id":426281,"date":"2026-08-31T00:46:42","date_gmt":"2026-08-31T04:46:42","guid":{"rendered":"https:\/\/www.eldiario.net\/portal\/?p=426281"},"modified":"2026-08-30T22:47:17","modified_gmt":"2026-08-31T02:47:17","slug":"crisis-humanitaria-amenaza-a-colombia","status":"publish","type":"post","link":"https:\/\/www.eldiario.net\/portal\/2026\/08\/31\/crisis-humanitaria-amenaza-a-colombia\/","title":{"rendered":"Crisis humanitaria amenaza a Colombia"},"content":{"rendered":"<p>El departamento del Choc\u00f3 atraviesa una compleja crisis humanitaria provocada por la convergencia de la violencia armada, desplazamientos forzados, confinamientos, da\u00f1os ambientales y los estragos del terremoto de magnitud 7.4 ocurrido el pasado 10 de agosto en Colombia.<br \/>\nAs\u00ed lo advirti\u00f3 la Defensor\u00eda del Pueblo mediante un comunicado p\u00fablico, instando a las autoridades nacionales y locales a activar de manera inmediata las rutas de atenci\u00f3n de emergencia.<br \/>\nLa entidad alert\u00f3 que las emergencias impactan de manera diferencial y severa a los pueblos \u00e9tnicos (afrodescendientes e ind\u00edgenas) y a las comunidades rurales de la regi\u00f3n.<br \/>\n\u200bSeg\u00fan el organismo de control, desde la ocurrencia del terremoto con epicentro en San Jos\u00e9 del Palmar, se ha registrado un progresivo deterioro de la seguridad, especialmente en la subregi\u00f3n del San Juan.<br \/>\nLa entidad document\u00f3 la presencia e incursi\u00f3n prolongada de integrantes del Clan del Golfo en comunidades como San Agust\u00edn (Sip\u00ed), donde impidieron las actividades tradicionales de producci\u00f3n, as\u00ed como su avance hacia Puerto Murillo, en Medio San Juan.<br \/>\n\u200bA la par, se han verificado encarnizados enfrentamientos entre el Clan del Golfo y el Ej\u00e9rcito de Liberaci\u00f3n Nacional (ELN) en territorios del Consejo Comunitario General del San Juan (Acadesan) y en zonas rurales de N\u00f3vita y Sip\u00ed.<br \/>\n\u201cEl pasado 23 de agosto, los enfrentamientos y ataques con drones registrados en Charco Hondo, Sip\u00ed, dejaron tres civiles heridos y provocaron el desplazamiento forzado de 65 familias hacia Barranc\u00f3n. De manera preliminar, 652 familias (aproximadamente 3.000 personas) permanecen confinadas\u201d, indica el informe oficial.<br \/>\nDurante una misi\u00f3n humanitaria realizada el 25 de agosto en el corredor N\u00f3vita\u2013Sip\u00ed, la Defensor\u00eda constat\u00f3 graves da\u00f1os en viviendas y bienes colectivos provocados por r\u00e1fagas de fuego y material explosivo, adem\u00e1s de severas afectaciones psicol\u00f3gicas en la poblaci\u00f3n.<br \/>\nEl organismo acompa\u00f1\u00f3 la evacuaci\u00f3n de 40 personas desplazadas hacia N\u00f3vita e Istmina, y constat\u00f3 los da\u00f1os causados por el sismo en el albergue \u00e9tnico de Acadesan.<br \/>\n\u200bZOZOBRA Y<br \/>\nCONFINAMIENTOS<br \/>\n\u200bLa crisis de movilidad se extiende a otros puntos de la geograf\u00eda chocoana. En la v\u00eda Quibd\u00f3\u2013Medell\u00edn, comunidades ind\u00edgenas se han visto obligadas a desplazarse ante el incremento de actividades armadas.<br \/>\nEn la parte baja del r\u00edo Taman\u00e1, la presi\u00f3n del Clan del Golfo genera zozobra y restricciones a la movilidad que afectan directamente a 129 familias (301 personas) en localidades como Paimad\u00f3, San Ger\u00f3nimo y El Tigre.<br \/>\n\u200bAsimismo, la entidad report\u00f3 que los confinamientos se mantienen activos en las subregiones de Alto Baud\u00f3 y Bajo Baud\u00f3, al tiempo que persiste un riesgo inminente de desplazamiento y aislamiento para las comunidades \u00e9tnicas de Jurad\u00f3, Nuqu\u00ed y Bojay\u00e1.<\/p>\n<p>\u200bDEVASTACI\u00d3N POR<br \/>\nMINER\u00cdA ILEGAL<br \/>\n\u200bA la confrontaci\u00f3n b\u00e9lica se suma el avance irrestricto de la miner\u00eda ilegal con maquinaria pesada y entables mineros en sectores de Llor\u00f3 y Bagad\u00f3, as\u00ed como en el corredor Noanam\u00e1\u2013Cucurrup\u00ed.<br \/>\n\u200bEsta actividad afecta directamente a 18 comunidades (11 afrodescendientes y 7 ind\u00edgenas), sumando cerca de 3.800 personas (unas 920 familias). Adem\u00e1s de generar graves e irreversibles da\u00f1os ecol\u00f3gicos a los ecosistemas locales, la expansi\u00f3n minera se ha consolidado como un nuevo y lucrativo escenario de disputa territorial entre las bandas armadas.<br \/>\n\u200b<br \/>\nFalta de censo<br \/>\ndefinitivo<br \/>\n\u200bLas consecuencias del terremoto del 10 de agosto agravan el panorama. A la fecha, la falta de un censo definitivo por parte de las autoridades impide dimensionar con exactitud los da\u00f1os materiales y mantiene incomunicadas a numerosas zonas rurales, imposibilitando el env\u00edo y entrega de ayuda humanitaria b\u00e1sica.<br \/>\n\u200bAnte este escenario de emergencia m\u00faltiple, la Defensor\u00eda del Pueblo exhort\u00f3 a los grupos armados (Clan del Golfo y ELN) al estricto cumplimiento del Derecho Internacional Humanitario (DIH) y de los principios de distinci\u00f3n y precauci\u00f3n, exigiendo el cese de acciones que pongan en riesgo la vida, integridad, movilidad y bienes de la poblaci\u00f3n civil. (Telesur)<\/p>\n","protected":false},"excerpt":{"rendered":"<p>El departamento del Choc\u00f3 atraviesa una compleja crisis humanitaria provocada por la convergencia de la violencia armada, desplazamientos forzados, confinamientos, da\u00f1os ambientales y los estragos del terremoto de magnitud 7.4 ocurrido el pasado 10 de agosto en Colombia. As\u00ed lo advirti\u00f3 la Defensor\u00eda del Pueblo mediante un comunicado p\u00fablico, instando a las autoridades nacionales y [&hellip;]<\/p>\n","protected":false},"author":1,"featured_media":426282,"comment_status":"closed","ping_status":"open","sticky":false,"template":"","format":"standard","meta":{"_acf_changed":false,"footnotes":""},"categories":[3],"tags":[],"class_list":["post-426281","post","type-post","status-publish","format-standard","has-post-thumbnail","category-internacional"],"acf":{"antetitulo":" Ante violencia armada y terremoto"},"yoast_head":"<!-- This site is optimized with the Yoast SEO plugin v28.3 - https:\/\/yoast.com\/product\/yoast-seo-wordpress\/ -->\n<title>Crisis humanitaria amenaza a Colombia - El Diario - Bolivia<\/title>\n<meta name=\"robots\" content=\"index, follow, max-snippet:-1, max-image-preview:large, max-video-preview:-1\" \/>\n<link rel=\"canonical\" href=\"https:\/\/www.eldiario.net\/portal\/2026\/08\/31\/crisis-humanitaria-amenaza-a-colombia\/\" \/>\n<meta property=\"og:locale\" content=\"es_ES\" \/>\n<meta property=\"og:type\" content=\"article\" \/>\n<meta property=\"og:title\" content=\"Crisis humanitaria amenaza a Colombia - El Diario - Bolivia\" \/>\n<meta property=\"og:description\" content=\"El departamento del Choc\u00f3 atraviesa una compleja crisis humanitaria provocada por la convergencia de la violencia armada, desplazamientos forzados, confinamientos, da\u00f1os ambientales y los estragos del terremoto de magnitud 7.4 ocurrido el pasado 10 de agosto en Colombia. As\u00ed lo advirti\u00f3 la Defensor\u00eda del Pueblo mediante un comunicado p\u00fablico, instando a las autoridades nacionales y [&hellip;]\" \/>\n<meta property=\"og:url\" content=\"https:\/\/www.eldiario.net\/portal\/2026\/08\/31\/crisis-humanitaria-amenaza-a-colombia\/\" \/>\n<meta property=\"og:site_name\" content=\"El Diario - Bolivia\" \/>\n<meta property=\"article:publisher\" content=\"https:\/\/www.facebook.com\/eldiario.bolivia\/\" \/>\n<meta property=\"article:published_time\" content=\"2026-08-31T04:46:42+00:00\" \/>\n<meta property=\"og:image\" content=\"https:\/\/www.eldiario.net\/portal\/wp-content\/uploads\/2026\/08\/Crisis-Efe.webp\" \/>\n\t<meta property=\"og:image:width\" content=\"697\" \/>\n\t<meta property=\"og:image:height\" content=\"465\" \/>\n\t<meta property=\"og:image:type\" content=\"image\/webp\" \/>\n<meta name=\"author\" content=\"Jeanette\" \/>\n<meta name=\"twitter:card\" content=\"summary_large_image\" \/>\n<meta name=\"twitter:creator\" content=\"@eldiario_net\" \/>\n<meta name=\"twitter:site\" content=\"@eldiario_net\" \/>\n<meta name=\"twitter:label1\" content=\"Escrito por\" \/>\n\t<meta name=\"twitter:data1\" content=\"Jeanette\" \/>\n\t<meta name=\"twitter:label2\" content=\"Tiempo de lectura\" \/>\n\t<meta name=\"twitter:data2\" content=\"4 minutos\" \/>\n<script type=\"application\/ld+json\" class=\"yoast-schema-graph\">{\"@context\":\"https:\\\/\\\/schema.org\",\"@graph\":[{\"@type\":\"Article\",\"@id\":\"https:\\\/\\\/www.eldiario.net\\\/portal\\\/2026\\\/08\\\/31\\\/crisis-humanitaria-amenaza-a-colombia\\\/#article\",\"isPartOf\":{\"@id\":\"https:\\\/\\\/www.eldiario.net\\\/portal\\\/2026\\\/08\\\/31\\\/crisis-humanitaria-amenaza-a-colombia\\\/\"},\"author\":{\"name\":\"Jeanette\",\"@id\":\"https:\\\/\\\/www.eldiario.net\\\/portal\\\/#\\\/schema\\\/person\\\/f46445640444750d7d753ccd04ae01b7\"},\"headline\":\"Crisis humanitaria amenaza a Colombia\",\"datePublished\":\"2026-08-31T04:46:42+00:00\",\"mainEntityOfPage\":{\"@id\":\"https:\\\/\\\/www.eldiario.net\\\/portal\\\/2026\\\/08\\\/31\\\/crisis-humanitaria-amenaza-a-colombia\\\/\"},\"wordCount\":660,\"publisher\":{\"@id\":\"https:\\\/\\\/www.eldiario.net\\\/portal\\\/#organization\"},\"image\":{\"@id\":\"https:\\\/\\\/www.eldiario.net\\\/portal\\\/2026\\\/08\\\/31\\\/crisis-humanitaria-amenaza-a-colombia\\\/#primaryimage\"},\"thumbnailUrl\":\"https:\\\/\\\/www.eldiario.net\\\/portal\\\/wp-content\\\/uploads\\\/2026\\\/08\\\/Crisis-Efe.webp\",\"articleSection\":[\"Internacional\"],\"inLanguage\":\"es\"},{\"@type\":\"WebPage\",\"@id\":\"https:\\\/\\\/www.eldiario.net\\\/portal\\\/2026\\\/08\\\/31\\\/crisis-humanitaria-amenaza-a-colombia\\\/\",\"url\":\"https:\\\/\\\/www.eldiario.net\\\/portal\\\/2026\\\/08\\\/31\\\/crisis-humanitaria-amenaza-a-colombia\\\/\",\"name\":\"Crisis humanitaria amenaza a Colombia - El Diario - Bolivia\",\"isPartOf\":{\"@id\":\"https:\\\/\\\/www.eldiario.net\\\/portal\\\/#website\"},\"primaryImageOfPage\":{\"@id\":\"https:\\\/\\\/www.eldiario.net\\\/portal\\\/2026\\\/08\\\/31\\\/crisis-humanitaria-amenaza-a-colombia\\\/#primaryimage\"},\"image\":{\"@id\":\"https:\\\/\\\/www.eldiario.net\\\/portal\\\/2026\\\/08\\\/31\\\/crisis-humanitaria-amenaza-a-colombia\\\/#primaryimage\"},\"thumbnailUrl\":\"https:\\\/\\\/www.eldiario.net\\\/portal\\\/wp-content\\\/uploads\\\/2026\\\/08\\\/Crisis-Efe.webp\",\"datePublished\":\"2026-08-31T04:46:42+00:00\",\"breadcrumb\":{\"@id\":\"https:\\\/\\\/www.eldiario.net\\\/portal\\\/2026\\\/08\\\/31\\\/crisis-humanitaria-amenaza-a-colombia\\\/#breadcrumb\"},\"inLanguage\":\"es\",\"potentialAction\":[{\"@type\":\"ReadAction\",\"target\":[\"https:\\\/\\\/www.eldiario.net\\\/portal\\\/2026\\\/08\\\/31\\\/crisis-humanitaria-amenaza-a-colombia\\\/\"]}]},{\"@type\":\"ImageObject\",\"inLanguage\":\"es\",\"@id\":\"https:\\\/\\\/www.eldiario.net\\\/portal\\\/2026\\\/08\\\/31\\\/crisis-humanitaria-amenaza-a-colombia\\\/#primaryimage\",\"url\":\"https:\\\/\\\/www.eldiario.net\\\/portal\\\/wp-content\\\/uploads\\\/2026\\\/08\\\/Crisis-Efe.webp\",\"contentUrl\":\"https:\\\/\\\/www.eldiario.net\\\/portal\\\/wp-content\\\/uploads\\\/2026\\\/08\\\/Crisis-Efe.webp\",\"width\":697,\"height\":465,\"caption\":\"\u200bLas consecuencias del terremoto del 10 de agosto agravan el panorama general.\"},{\"@type\":\"BreadcrumbList\",\"@id\":\"https:\\\/\\\/www.eldiario.net\\\/portal\\\/2026\\\/08\\\/31\\\/crisis-humanitaria-amenaza-a-colombia\\\/#breadcrumb\",\"itemListElement\":[{\"@type\":\"ListItem\",\"position\":1,\"name\":\"Portada\",\"item\":\"https:\\\/\\\/www.eldiario.net\\\/portal\\\/\"},{\"@type\":\"ListItem\",\"position\":2,\"name\":\"Crisis humanitaria amenaza a Colombia\"}]},{\"@type\":\"WebSite\",\"@id\":\"https:\\\/\\\/www.eldiario.net\\\/portal\\\/#website\",\"url\":\"https:\\\/\\\/www.eldiario.net\\\/portal\\\/\",\"name\":\"El Diario - Decano de la prensa nacional\",\"description\":\"El Diario - Decano de la prensa nacional\",\"publisher\":{\"@id\":\"https:\\\/\\\/www.eldiario.net\\\/portal\\\/#organization\"},\"potentialAction\":[{\"@type\":\"SearchAction\",\"target\":{\"@type\":\"EntryPoint\",\"urlTemplate\":\"https:\\\/\\\/www.eldiario.net\\\/portal\\\/?s={search_term_string}\"},\"query-input\":{\"@type\":\"PropertyValueSpecification\",\"valueRequired\":true,\"valueName\":\"search_term_string\"}}],\"inLanguage\":\"es\"},{\"@type\":\"Organization\",\"@id\":\"https:\\\/\\\/www.eldiario.net\\\/portal\\\/#organization\",\"name\":\"El Diario - Decano de la prensa nacional\",\"url\":\"https:\\\/\\\/www.eldiario.net\\\/portal\\\/\",\"logo\":{\"@type\":\"ImageObject\",\"inLanguage\":\"es\",\"@id\":\"https:\\\/\\\/www.eldiario.net\\\/portal\\\/#\\\/schema\\\/logo\\\/image\\\/\",\"url\":\"https:\\\/\\\/www.eldiario.net\\\/portal\\\/wp-content\\\/uploads\\\/2023\\\/07\\\/logo_ED.jpg\",\"contentUrl\":\"https:\\\/\\\/www.eldiario.net\\\/portal\\\/wp-content\\\/uploads\\\/2023\\\/07\\\/logo_ED.jpg\",\"width\":272,\"height\":52,\"caption\":\"El Diario - Decano de la prensa nacional\"},\"image\":{\"@id\":\"https:\\\/\\\/www.eldiario.net\\\/portal\\\/#\\\/schema\\\/logo\\\/image\\\/\"},\"sameAs\":[\"https:\\\/\\\/www.facebook.com\\\/eldiario.bolivia\\\/\",\"https:\\\/\\\/x.com\\\/eldiario_net\"]},{\"@type\":\"Person\",\"@id\":\"https:\\\/\\\/www.eldiario.net\\\/portal\\\/#\\\/schema\\\/person\\\/f46445640444750d7d753ccd04ae01b7\",\"name\":\"Jeanette\",\"image\":{\"@type\":\"ImageObject\",\"inLanguage\":\"es\",\"@id\":\"https:\\\/\\\/secure.gravatar.com\\\/avatar\\\/3ea2118a5f7dad2b7138b1187a6b7ee55f160b9968b66013c3a3ef39dd7e5798?s=96&d=mm&r=g\",\"url\":\"https:\\\/\\\/secure.gravatar.com\\\/avatar\\\/3ea2118a5f7dad2b7138b1187a6b7ee55f160b9968b66013c3a3ef39dd7e5798?s=96&d=mm&r=g\",\"contentUrl\":\"https:\\\/\\\/secure.gravatar.com\\\/avatar\\\/3ea2118a5f7dad2b7138b1187a6b7ee55f160b9968b66013c3a3ef39dd7e5798?s=96&d=mm&r=g\",\"caption\":\"Jeanette\"},\"sameAs\":[\"https:\\\/\\\/www.eldiario.net\\\/portal\"],\"url\":\"https:\\\/\\\/www.eldiario.net\\\/portal\\\/author\\\/jeanette\\\/\"}]}<\/script>\n<!-- \/ Yoast SEO plugin. -->","yoast_head_json":{"title":"Crisis humanitaria amenaza a Colombia - El Diario - Bolivia","robots":{"index":"index","follow":"follow","max-snippet":"max-snippet:-1","max-image-preview":"max-image-preview:large","max-video-preview":"max-video-preview:-1"},"canonical":"https:\/\/www.eldiario.net\/portal\/2026\/08\/31\/crisis-humanitaria-amenaza-a-colombia\/","og_locale":"es_ES","og_type":"article","og_title":"Crisis humanitaria amenaza a Colombia - El Diario - Bolivia","og_description":"El departamento del Choc\u00f3 atraviesa una compleja crisis humanitaria provocada por la convergencia de la violencia armada, desplazamientos forzados, confinamientos, da\u00f1os ambientales y los estragos del terremoto de magnitud 7.4 ocurrido el pasado 10 de agosto en Colombia. As\u00ed lo advirti\u00f3 la Defensor\u00eda del Pueblo mediante un comunicado p\u00fablico, instando a las autoridades nacionales y [&hellip;]","og_url":"https:\/\/www.eldiario.net\/portal\/2026\/08\/31\/crisis-humanitaria-amenaza-a-colombia\/","og_site_name":"El Diario - Bolivia","article_publisher":"https:\/\/www.facebook.com\/eldiario.bolivia\/","article_published_time":"2026-08-31T04:46:42+00:00","og_image":[{"width":697,"height":465,"url":"https:\/\/www.eldiario.net\/portal\/wp-content\/uploads\/2026\/08\/Crisis-Efe.webp","type":"image\/webp"}],"author":"Jeanette","twitter_card":"summary_large_image","twitter_creator":"@eldiario_net","twitter_site":"@eldiario_net","twitter_misc":{"Escrito por":"Jeanette","Tiempo de lectura":"4 minutos"},"schema":{"@context":"https:\/\/schema.org","@graph":[{"@type":"Article","@id":"https:\/\/www.eldiario.net\/portal\/2026\/08\/31\/crisis-humanitaria-amenaza-a-colombia\/#article","isPartOf":{"@id":"https:\/\/www.eldiario.net\/portal\/2026\/08\/31\/crisis-humanitaria-amenaza-a-colombia\/"},"author":{"name":"Jeanette","@id":"https:\/\/www.eldiario.net\/portal\/#\/schema\/person\/f46445640444750d7d753ccd04ae01b7"},"headline":"Crisis humanitaria amenaza a Colombia","datePublished":"2026-08-31T04:46:42+00:00","mainEntityOfPage":{"@id":"https:\/\/www.eldiario.net\/portal\/2026\/08\/31\/crisis-humanitaria-amenaza-a-colombia\/"},"wordCount":660,"publisher":{"@id":"https:\/\/www.eldiario.net\/portal\/#organization"},"image":{"@id":"https:\/\/www.eldiario.net\/portal\/2026\/08\/31\/crisis-humanitaria-amenaza-a-colombia\/#primaryimage"},"thumbnailUrl":"https:\/\/www.eldiario.net\/portal\/wp-content\/uploads\/2026\/08\/Crisis-Efe.webp","articleSection":["Internacional"],"inLanguage":"es"},{"@type":"WebPage","@id":"https:\/\/www.eldiario.net\/portal\/2026\/08\/31\/crisis-humanitaria-amenaza-a-colombia\/","url":"https:\/\/www.eldiario.net\/portal\/2026\/08\/31\/crisis-humanitaria-amenaza-a-colombia\/","name":"Crisis humanitaria amenaza a Colombia - El Diario - Bolivia","isPartOf":{"@id":"https:\/\/www.eldiario.net\/portal\/#website"},"primaryImageOfPage":{"@id":"https:\/\/www.eldiario.net\/portal\/2026\/08\/31\/crisis-humanitaria-amenaza-a-colombia\/#primaryimage"},"image":{"@id":"https:\/\/www.eldiario.net\/portal\/2026\/08\/31\/crisis-humanitaria-amenaza-a-colombia\/#primaryimage"},"thumbnailUrl":"https:\/\/www.eldiario.net\/portal\/wp-content\/uploads\/2026\/08\/Crisis-Efe.webp","datePublished":"2026-08-31T04:46:42+00:00","breadcrumb":{"@id":"https:\/\/www.eldiario.net\/portal\/2026\/08\/31\/crisis-humanitaria-amenaza-a-colombia\/#breadcrumb"},"inLanguage":"es","potentialAction":[{"@type":"ReadAction","target":["https:\/\/www.eldiario.net\/portal\/2026\/08\/31\/crisis-humanitaria-amenaza-a-colombia\/"]}]},{"@type":"ImageObject","inLanguage":"es","@id":"https:\/\/www.eldiario.net\/portal\/2026\/08\/31\/crisis-humanitaria-amenaza-a-colombia\/#primaryimage","url":"https:\/\/www.eldiario.net\/portal\/wp-content\/uploads\/2026\/08\/Crisis-Efe.webp","contentUrl":"https:\/\/www.eldiario.net\/portal\/wp-content\/uploads\/2026\/08\/Crisis-Efe.webp","width":697,"height":465,"caption":"\u200bLas consecuencias del terremoto del 10 de agosto agravan el panorama general."},{"@type":"BreadcrumbList","@id":"https:\/\/www.eldiario.net\/portal\/2026\/08\/31\/crisis-humanitaria-amenaza-a-colombia\/#breadcrumb","itemListElement":[{"@type":"ListItem","position":1,"name":"Portada","item":"https:\/\/www.eldiario.net\/portal\/"},{"@type":"ListItem","position":2,"name":"Crisis humanitaria amenaza a Colombia"}]},{"@type":"WebSite","@id":"https:\/\/www.eldiario.net\/portal\/#website","url":"https:\/\/www.eldiario.net\/portal\/","name":"El Diario - Decano de la prensa nacional","description":"El Diario - Decano de la prensa nacional","publisher":{"@id":"https:\/\/www.eldiario.net\/portal\/#organization"},"potentialAction":[{"@type":"SearchAction","target":{"@type":"EntryPoint","urlTemplate":"https:\/\/www.eldiario.net\/portal\/?s={search_term_string}"},"query-input":{"@type":"PropertyValueSpecification","valueRequired":true,"valueName":"search_term_string"}}],"inLanguage":"es"},{"@type":"Organization","@id":"https:\/\/www.eldiario.net\/portal\/#organization","name":"El Diario - Decano de la prensa nacional","url":"https:\/\/www.eldiario.net\/portal\/","logo":{"@type":"ImageObject","inLanguage":"es","@id":"https:\/\/www.eldiario.net\/portal\/#\/schema\/logo\/image\/","url":"https:\/\/www.eldiario.net\/portal\/wp-content\/uploads\/2023\/07\/logo_ED.jpg","contentUrl":"https:\/\/www.eldiario.net\/portal\/wp-content\/uploads\/2023\/07\/logo_ED.jpg","width":272,"height":52,"caption":"El Diario - Decano de la prensa nacional"},"image":{"@id":"https:\/\/www.eldiario.net\/portal\/#\/schema\/logo\/image\/"},"sameAs":["https:\/\/www.facebook.com\/eldiario.bolivia\/","https:\/\/x.com\/eldiario_net"]},{"@type":"Person","@id":"https:\/\/www.eldiario.net\/portal\/#\/schema\/person\/f46445640444750d7d753ccd04ae01b7","name":"Jeanette","image":{"@type":"ImageObject","inLanguage":"es","@id":"https:\/\/secure.gravatar.com\/avatar\/3ea2118a5f7dad2b7138b1187a6b7ee55f160b9968b66013c3a3ef39dd7e5798?s=96&d=mm&r=g","url":"https:\/\/secure.gravatar.com\/avatar\/3ea2118a5f7dad2b7138b1187a6b7ee55f160b9968b66013c3a3ef39dd7e5798?s=96&d=mm&r=g","contentUrl":"https:\/\/secure.gravatar.com\/avatar\/3ea2118a5f7dad2b7138b1187a6b7ee55f160b9968b66013c3a3ef39dd7e5798?s=96&d=mm&r=g","caption":"Jeanette"},"sameAs":["https:\/\/www.eldiario.net\/portal"],"url":"https:\/\/www.eldiario.net\/portal\/author\/jeanette\/"}]}},"_links":{"self":[{"href":"https:\/\/www.eldiario.net\/portal\/wp-json\/wp\/v2\/posts\/426281","targetHints":{"allow":["GET"]}}],"collection":[{"href":"https:\/\/www.eldiario.net\/portal\/wp-json\/wp\/v2\/posts"}],"about":[{"href":"https:\/\/www.eldiario.net\/portal\/wp-json\/wp\/v2\/types\/post"}],"author":[{"embeddable":true,"href":"https:\/\/www.eldiario.net\/portal\/wp-json\/wp\/v2\/users\/1"}],"replies":[{"embeddable":true,"href":"https:\/\/www.eldiario.net\/portal\/wp-json\/wp\/v2\/comments?post=426281"}],"version-history":[{"count":1,"href":"https:\/\/www.eldiario.net\/portal\/wp-json\/wp\/v2\/posts\/426281\/revisions"}],"predecessor-version":[{"id":426283,"href":"https:\/\/www.eldiario.net\/portal\/wp-json\/wp\/v2\/posts\/426281\/revisions\/426283"}],"wp:featuredmedia":[{"embeddable":true,"href":"https:\/\/www.eldiario.net\/portal\/wp-json\/wp\/v2\/media\/426282"}],"wp:attachment":[{"href":"https:\/\/www.eldiario.net\/portal\/wp-json\/wp\/v2\/media?parent=426281"}],"wp:term":[{"taxonomy":"category","embeddable":true,"href":"https:\/\/www.eldiario.net\/portal\/wp-json\/wp\/v2\/categories?post=426281"},{"taxonomy":"post_tag","embeddable":true,"href":"https:\/\/www.eldiario.net\/portal\/wp-json\/wp\/v2\/tags?post=426281"}],"curies":[{"name":"wp","href":"https:\/\/api.w.org\/{rel}","templated":true}]}}