{"id":426277,"date":"2026-08-31T00:44:49","date_gmt":"2026-08-31T04:44:49","guid":{"rendered":"https:\/\/www.eldiario.net\/portal\/?p=426277"},"modified":"2026-08-30T22:45:37","modified_gmt":"2026-08-31T02:45:37","slug":"papa-condena-masacre-y-pide-liberar-a-los-rehenes-en-haiti","status":"publish","type":"post","link":"https:\/\/www.eldiario.net\/portal\/2026\/08\/31\/papa-condena-masacre-y-pide-liberar-a-los-rehenes-en-haiti\/","title":{"rendered":"Papa condena masacre y pide liberar a los rehenes en Hait\u00ed"},"content":{"rendered":"<p>El papa Le\u00f3n XIV conden\u00f3 ayer \u201cla grave masacre perpetrada en Kenscoff\u201d, en Hait\u00ed, en la que \u201chan perdido la vida numerosas personas, mientras que otras han sido secuestradas\u201d y pidi\u00f3 \u201cque se libere sin demora a todos los rehenes\u201d.<br \/>\nAs\u00ed se ha expresado ayer tras el rezo del \u00c1ngelus, donde ha dirigido \u201cun sincero llamamiento a todos los responsables para que se comprometan de forma concreta a garantizar la seguridad de la poblaci\u00f3n y a poner fin a toda forma de violencia\u201d, como ha afirmado desde la Plaza de la Libertad de Castel Gandolfo.<br \/>\nEl Pont\u00edfice asegur\u00f3 tambi\u00e9n sus oraciones a los afectados por las inundaciones en Nepal y el T\u00edbet, rezando \u201cpor quienes han perdido la vida, por los heridos y los desaparecidos, por las familias y por los equipos de rescate\u201d. Asimismo, expres\u00f3 su deseo de que \u201clos gestos de solidaridad contribuyan a aliviar el sufrimiento y a llevar la ayuda necesaria a la poblaci\u00f3n\u201d.<br \/>\nLe\u00f3n XIV ha invocado la figura de san Agust\u00edn para renovar su llamamiento por la paz, citando al santo: \u201cLa paz es semejante a aquel pan que se multiplicaba en las manos de los disc\u00edpulos del Se\u00f1or cuando ellos lo part\u00edan y repart\u00edan\u201d.<br \/>\nEl Papa ha pedido que \u201caumenten en el mundo aquellos que, con valent\u00eda, parten y reparten el pan de la paz, superando las divisiones, promoviendo la justicia y practicando el perd\u00f3n, por el bien de todos\u201d.<br \/>\nPor otra parte, el Pont\u00edfice record\u00f3 que el pr\u00f3ximo martes se celebra el D\u00eda Mundial de Oraci\u00f3n por el Cuidado de la Creaci\u00f3n, que marca el inicio del Tiempo de la Creaci\u00f3n bajo el lema \u2018Agua Viva\u2019.<br \/>\n\u201cCuidar de nuestra casa com\u00fan exige una conversi\u00f3n del coraz\u00f3n, para que aquello que se ha utilizado para causar destrucci\u00f3n pueda, en cambio, orientarse hacia la vida\u201d, se\u00f1al\u00f3 el Papa, al tiempo que ha invitado a todos a unirse en la oraci\u00f3n y en la acci\u00f3n \u201cpara que podamos convertirnos en canales del agua viva de la paz de Dios, que refresca nuestro mundo herido\u201d. (Europa Press)<\/p>\n","protected":false},"excerpt":{"rendered":"<p>El papa Le\u00f3n XIV conden\u00f3 ayer \u201cla grave masacre perpetrada en Kenscoff\u201d, en Hait\u00ed, en la que \u201chan perdido la vida numerosas personas, mientras que otras han sido secuestradas\u201d y pidi\u00f3 \u201cque se libere sin demora a todos los rehenes\u201d. As\u00ed se ha expresado ayer tras el rezo del \u00c1ngelus, donde ha dirigido \u201cun sincero [&hellip;]<\/p>\n","protected":false},"author":1,"featured_media":194703,"comment_status":"closed","ping_status":"open","sticky":false,"template":"","format":"standard","meta":{"_acf_changed":false,"footnotes":""},"categories":[3],"tags":[],"class_list":["post-426277","post","type-post","status-publish","format-standard","has-post-thumbnail","category-internacional"],"acf":{"antetitulo":"Tras el rezo del \u00c1ngelus"},"yoast_head":"<!-- This site is optimized with the Yoast SEO plugin v28.3 - https:\/\/yoast.com\/product\/yoast-seo-wordpress\/ -->\n<title>Papa condena masacre y pide liberar a los rehenes en Hait\u00ed - El Diario - Bolivia<\/title>\n<meta name=\"robots\" content=\"index, follow, max-snippet:-1, max-image-preview:large, max-video-preview:-1\" \/>\n<link rel=\"canonical\" href=\"https:\/\/www.eldiario.net\/portal\/2026\/08\/31\/papa-condena-masacre-y-pide-liberar-a-los-rehenes-en-haiti\/\" \/>\n<meta property=\"og:locale\" content=\"es_ES\" \/>\n<meta property=\"og:type\" content=\"article\" \/>\n<meta property=\"og:title\" content=\"Papa condena masacre y pide liberar a los rehenes en Hait\u00ed - El Diario - Bolivia\" \/>\n<meta property=\"og:description\" content=\"El papa Le\u00f3n XIV conden\u00f3 ayer \u201cla grave masacre perpetrada en Kenscoff\u201d, en Hait\u00ed, en la que \u201chan perdido la vida numerosas personas, mientras que otras han sido secuestradas\u201d y pidi\u00f3 \u201cque se libere sin demora a todos los rehenes\u201d. As\u00ed se ha expresado ayer tras el rezo del \u00c1ngelus, donde ha dirigido \u201cun sincero [&hellip;]\" \/>\n<meta property=\"og:url\" content=\"https:\/\/www.eldiario.net\/portal\/2026\/08\/31\/papa-condena-masacre-y-pide-liberar-a-los-rehenes-en-haiti\/\" \/>\n<meta property=\"og:site_name\" content=\"El Diario - Bolivia\" \/>\n<meta property=\"article:publisher\" content=\"https:\/\/www.facebook.com\/eldiario.bolivia\/\" \/>\n<meta property=\"article:published_time\" content=\"2026-08-31T04:44:49+00:00\" \/>\n<meta property=\"og:image\" content=\"https:\/\/www.eldiario.net\/portal\/wp-content\/uploads\/2023\/12\/Internacional.jpg\" \/>\n\t<meta property=\"og:image:width\" content=\"800\" \/>\n\t<meta property=\"og:image:height\" content=\"500\" \/>\n\t<meta property=\"og:image:type\" content=\"image\/jpeg\" \/>\n<meta name=\"author\" content=\"Jeanette\" \/>\n<meta name=\"twitter:card\" content=\"summary_large_image\" \/>\n<meta name=\"twitter:creator\" content=\"@eldiario_net\" \/>\n<meta name=\"twitter:site\" content=\"@eldiario_net\" \/>\n<meta name=\"twitter:label1\" content=\"Escrito por\" \/>\n\t<meta name=\"twitter:data1\" content=\"Jeanette\" \/>\n\t<meta name=\"twitter:label2\" content=\"Tiempo de lectura\" \/>\n\t<meta name=\"twitter:data2\" content=\"2 minutos\" \/>\n<script type=\"application\/ld+json\" class=\"yoast-schema-graph\">{\"@context\":\"https:\\\/\\\/schema.org\",\"@graph\":[{\"@type\":\"Article\",\"@id\":\"https:\\\/\\\/www.eldiario.net\\\/portal\\\/2026\\\/08\\\/31\\\/papa-condena-masacre-y-pide-liberar-a-los-rehenes-en-haiti\\\/#article\",\"isPartOf\":{\"@id\":\"https:\\\/\\\/www.eldiario.net\\\/portal\\\/2026\\\/08\\\/31\\\/papa-condena-masacre-y-pide-liberar-a-los-rehenes-en-haiti\\\/\"},\"author\":{\"name\":\"Jeanette\",\"@id\":\"https:\\\/\\\/www.eldiario.net\\\/portal\\\/#\\\/schema\\\/person\\\/f46445640444750d7d753ccd04ae01b7\"},\"headline\":\"Papa condena masacre y pide liberar a los rehenes en Hait\u00ed\",\"datePublished\":\"2026-08-31T04:44:49+00:00\",\"mainEntityOfPage\":{\"@id\":\"https:\\\/\\\/www.eldiario.net\\\/portal\\\/2026\\\/08\\\/31\\\/papa-condena-masacre-y-pide-liberar-a-los-rehenes-en-haiti\\\/\"},\"wordCount\":379,\"publisher\":{\"@id\":\"https:\\\/\\\/www.eldiario.net\\\/portal\\\/#organization\"},\"image\":{\"@id\":\"https:\\\/\\\/www.eldiario.net\\\/portal\\\/2026\\\/08\\\/31\\\/papa-condena-masacre-y-pide-liberar-a-los-rehenes-en-haiti\\\/#primaryimage\"},\"thumbnailUrl\":\"https:\\\/\\\/www.eldiario.net\\\/portal\\\/wp-content\\\/uploads\\\/2023\\\/12\\\/Internacional.jpg\",\"articleSection\":[\"Internacional\"],\"inLanguage\":\"es\"},{\"@type\":\"WebPage\",\"@id\":\"https:\\\/\\\/www.eldiario.net\\\/portal\\\/2026\\\/08\\\/31\\\/papa-condena-masacre-y-pide-liberar-a-los-rehenes-en-haiti\\\/\",\"url\":\"https:\\\/\\\/www.eldiario.net\\\/portal\\\/2026\\\/08\\\/31\\\/papa-condena-masacre-y-pide-liberar-a-los-rehenes-en-haiti\\\/\",\"name\":\"Papa condena masacre y pide liberar a los rehenes en Hait\u00ed - El Diario - Bolivia\",\"isPartOf\":{\"@id\":\"https:\\\/\\\/www.eldiario.net\\\/portal\\\/#website\"},\"primaryImageOfPage\":{\"@id\":\"https:\\\/\\\/www.eldiario.net\\\/portal\\\/2026\\\/08\\\/31\\\/papa-condena-masacre-y-pide-liberar-a-los-rehenes-en-haiti\\\/#primaryimage\"},\"image\":{\"@id\":\"https:\\\/\\\/www.eldiario.net\\\/portal\\\/2026\\\/08\\\/31\\\/papa-condena-masacre-y-pide-liberar-a-los-rehenes-en-haiti\\\/#primaryimage\"},\"thumbnailUrl\":\"https:\\\/\\\/www.eldiario.net\\\/portal\\\/wp-content\\\/uploads\\\/2023\\\/12\\\/Internacional.jpg\",\"datePublished\":\"2026-08-31T04:44:49+00:00\",\"breadcrumb\":{\"@id\":\"https:\\\/\\\/www.eldiario.net\\\/portal\\\/2026\\\/08\\\/31\\\/papa-condena-masacre-y-pide-liberar-a-los-rehenes-en-haiti\\\/#breadcrumb\"},\"inLanguage\":\"es\",\"potentialAction\":[{\"@type\":\"ReadAction\",\"target\":[\"https:\\\/\\\/www.eldiario.net\\\/portal\\\/2026\\\/08\\\/31\\\/papa-condena-masacre-y-pide-liberar-a-los-rehenes-en-haiti\\\/\"]}]},{\"@type\":\"ImageObject\",\"inLanguage\":\"es\",\"@id\":\"https:\\\/\\\/www.eldiario.net\\\/portal\\\/2026\\\/08\\\/31\\\/papa-condena-masacre-y-pide-liberar-a-los-rehenes-en-haiti\\\/#primaryimage\",\"url\":\"https:\\\/\\\/www.eldiario.net\\\/portal\\\/wp-content\\\/uploads\\\/2023\\\/12\\\/Internacional.jpg\",\"contentUrl\":\"https:\\\/\\\/www.eldiario.net\\\/portal\\\/wp-content\\\/uploads\\\/2023\\\/12\\\/Internacional.jpg\",\"width\":800,\"height\":500},{\"@type\":\"BreadcrumbList\",\"@id\":\"https:\\\/\\\/www.eldiario.net\\\/portal\\\/2026\\\/08\\\/31\\\/papa-condena-masacre-y-pide-liberar-a-los-rehenes-en-haiti\\\/#breadcrumb\",\"itemListElement\":[{\"@type\":\"ListItem\",\"position\":1,\"name\":\"Portada\",\"item\":\"https:\\\/\\\/www.eldiario.net\\\/portal\\\/\"},{\"@type\":\"ListItem\",\"position\":2,\"name\":\"Papa condena masacre y pide liberar a los rehenes en Hait\u00ed\"}]},{\"@type\":\"WebSite\",\"@id\":\"https:\\\/\\\/www.eldiario.net\\\/portal\\\/#website\",\"url\":\"https:\\\/\\\/www.eldiario.net\\\/portal\\\/\",\"name\":\"El Diario - Decano de la prensa nacional\",\"description\":\"El Diario - Decano de la prensa nacional\",\"publisher\":{\"@id\":\"https:\\\/\\\/www.eldiario.net\\\/portal\\\/#organization\"},\"potentialAction\":[{\"@type\":\"SearchAction\",\"target\":{\"@type\":\"EntryPoint\",\"urlTemplate\":\"https:\\\/\\\/www.eldiario.net\\\/portal\\\/?s={search_term_string}\"},\"query-input\":{\"@type\":\"PropertyValueSpecification\",\"valueRequired\":true,\"valueName\":\"search_term_string\"}}],\"inLanguage\":\"es\"},{\"@type\":\"Organization\",\"@id\":\"https:\\\/\\\/www.eldiario.net\\\/portal\\\/#organization\",\"name\":\"El Diario - Decano de la prensa nacional\",\"url\":\"https:\\\/\\\/www.eldiario.net\\\/portal\\\/\",\"logo\":{\"@type\":\"ImageObject\",\"inLanguage\":\"es\",\"@id\":\"https:\\\/\\\/www.eldiario.net\\\/portal\\\/#\\\/schema\\\/logo\\\/image\\\/\",\"url\":\"https:\\\/\\\/www.eldiario.net\\\/portal\\\/wp-content\\\/uploads\\\/2023\\\/07\\\/logo_ED.jpg\",\"contentUrl\":\"https:\\\/\\\/www.eldiario.net\\\/portal\\\/wp-content\\\/uploads\\\/2023\\\/07\\\/logo_ED.jpg\",\"width\":272,\"height\":52,\"caption\":\"El Diario - Decano de la prensa nacional\"},\"image\":{\"@id\":\"https:\\\/\\\/www.eldiario.net\\\/portal\\\/#\\\/schema\\\/logo\\\/image\\\/\"},\"sameAs\":[\"https:\\\/\\\/www.facebook.com\\\/eldiario.bolivia\\\/\",\"https:\\\/\\\/x.com\\\/eldiario_net\"]},{\"@type\":\"Person\",\"@id\":\"https:\\\/\\\/www.eldiario.net\\\/portal\\\/#\\\/schema\\\/person\\\/f46445640444750d7d753ccd04ae01b7\",\"name\":\"Jeanette\",\"image\":{\"@type\":\"ImageObject\",\"inLanguage\":\"es\",\"@id\":\"https:\\\/\\\/secure.gravatar.com\\\/avatar\\\/3ea2118a5f7dad2b7138b1187a6b7ee55f160b9968b66013c3a3ef39dd7e5798?s=96&d=mm&r=g\",\"url\":\"https:\\\/\\\/secure.gravatar.com\\\/avatar\\\/3ea2118a5f7dad2b7138b1187a6b7ee55f160b9968b66013c3a3ef39dd7e5798?s=96&d=mm&r=g\",\"contentUrl\":\"https:\\\/\\\/secure.gravatar.com\\\/avatar\\\/3ea2118a5f7dad2b7138b1187a6b7ee55f160b9968b66013c3a3ef39dd7e5798?s=96&d=mm&r=g\",\"caption\":\"Jeanette\"},\"sameAs\":[\"https:\\\/\\\/www.eldiario.net\\\/portal\"],\"url\":\"https:\\\/\\\/www.eldiario.net\\\/portal\\\/author\\\/jeanette\\\/\"}]}<\/script>\n<!-- \/ Yoast SEO plugin. -->","yoast_head_json":{"title":"Papa condena masacre y pide liberar a los rehenes en Hait\u00ed - El Diario - Bolivia","robots":{"index":"index","follow":"follow","max-snippet":"max-snippet:-1","max-image-preview":"max-image-preview:large","max-video-preview":"max-video-preview:-1"},"canonical":"https:\/\/www.eldiario.net\/portal\/2026\/08\/31\/papa-condena-masacre-y-pide-liberar-a-los-rehenes-en-haiti\/","og_locale":"es_ES","og_type":"article","og_title":"Papa condena masacre y pide liberar a los rehenes en Hait\u00ed - El Diario - Bolivia","og_description":"El papa Le\u00f3n XIV conden\u00f3 ayer \u201cla grave masacre perpetrada en Kenscoff\u201d, en Hait\u00ed, en la que \u201chan perdido la vida numerosas personas, mientras que otras han sido secuestradas\u201d y pidi\u00f3 \u201cque se libere sin demora a todos los rehenes\u201d. As\u00ed se ha expresado ayer tras el rezo del \u00c1ngelus, donde ha dirigido \u201cun sincero [&hellip;]","og_url":"https:\/\/www.eldiario.net\/portal\/2026\/08\/31\/papa-condena-masacre-y-pide-liberar-a-los-rehenes-en-haiti\/","og_site_name":"El Diario - Bolivia","article_publisher":"https:\/\/www.facebook.com\/eldiario.bolivia\/","article_published_time":"2026-08-31T04:44:49+00:00","og_image":[{"width":800,"height":500,"url":"https:\/\/www.eldiario.net\/portal\/wp-content\/uploads\/2023\/12\/Internacional.jpg","type":"image\/jpeg"}],"author":"Jeanette","twitter_card":"summary_large_image","twitter_creator":"@eldiario_net","twitter_site":"@eldiario_net","twitter_misc":{"Escrito por":"Jeanette","Tiempo de lectura":"2 minutos"},"schema":{"@context":"https:\/\/schema.org","@graph":[{"@type":"Article","@id":"https:\/\/www.eldiario.net\/portal\/2026\/08\/31\/papa-condena-masacre-y-pide-liberar-a-los-rehenes-en-haiti\/#article","isPartOf":{"@id":"https:\/\/www.eldiario.net\/portal\/2026\/08\/31\/papa-condena-masacre-y-pide-liberar-a-los-rehenes-en-haiti\/"},"author":{"name":"Jeanette","@id":"https:\/\/www.eldiario.net\/portal\/#\/schema\/person\/f46445640444750d7d753ccd04ae01b7"},"headline":"Papa condena masacre y pide liberar a los rehenes en Hait\u00ed","datePublished":"2026-08-31T04:44:49+00:00","mainEntityOfPage":{"@id":"https:\/\/www.eldiario.net\/portal\/2026\/08\/31\/papa-condena-masacre-y-pide-liberar-a-los-rehenes-en-haiti\/"},"wordCount":379,"publisher":{"@id":"https:\/\/www.eldiario.net\/portal\/#organization"},"image":{"@id":"https:\/\/www.eldiario.net\/portal\/2026\/08\/31\/papa-condena-masacre-y-pide-liberar-a-los-rehenes-en-haiti\/#primaryimage"},"thumbnailUrl":"https:\/\/www.eldiario.net\/portal\/wp-content\/uploads\/2023\/12\/Internacional.jpg","articleSection":["Internacional"],"inLanguage":"es"},{"@type":"WebPage","@id":"https:\/\/www.eldiario.net\/portal\/2026\/08\/31\/papa-condena-masacre-y-pide-liberar-a-los-rehenes-en-haiti\/","url":"https:\/\/www.eldiario.net\/portal\/2026\/08\/31\/papa-condena-masacre-y-pide-liberar-a-los-rehenes-en-haiti\/","name":"Papa condena masacre y pide liberar a los rehenes en Hait\u00ed - El Diario - Bolivia","isPartOf":{"@id":"https:\/\/www.eldiario.net\/portal\/#website"},"primaryImageOfPage":{"@id":"https:\/\/www.eldiario.net\/portal\/2026\/08\/31\/papa-condena-masacre-y-pide-liberar-a-los-rehenes-en-haiti\/#primaryimage"},"image":{"@id":"https:\/\/www.eldiario.net\/portal\/2026\/08\/31\/papa-condena-masacre-y-pide-liberar-a-los-rehenes-en-haiti\/#primaryimage"},"thumbnailUrl":"https:\/\/www.eldiario.net\/portal\/wp-content\/uploads\/2023\/12\/Internacional.jpg","datePublished":"2026-08-31T04:44:49+00:00","breadcrumb":{"@id":"https:\/\/www.eldiario.net\/portal\/2026\/08\/31\/papa-condena-masacre-y-pide-liberar-a-los-rehenes-en-haiti\/#breadcrumb"},"inLanguage":"es","potentialAction":[{"@type":"ReadAction","target":["https:\/\/www.eldiario.net\/portal\/2026\/08\/31\/papa-condena-masacre-y-pide-liberar-a-los-rehenes-en-haiti\/"]}]},{"@type":"ImageObject","inLanguage":"es","@id":"https:\/\/www.eldiario.net\/portal\/2026\/08\/31\/papa-condena-masacre-y-pide-liberar-a-los-rehenes-en-haiti\/#primaryimage","url":"https:\/\/www.eldiario.net\/portal\/wp-content\/uploads\/2023\/12\/Internacional.jpg","contentUrl":"https:\/\/www.eldiario.net\/portal\/wp-content\/uploads\/2023\/12\/Internacional.jpg","width":800,"height":500},{"@type":"BreadcrumbList","@id":"https:\/\/www.eldiario.net\/portal\/2026\/08\/31\/papa-condena-masacre-y-pide-liberar-a-los-rehenes-en-haiti\/#breadcrumb","itemListElement":[{"@type":"ListItem","position":1,"name":"Portada","item":"https:\/\/www.eldiario.net\/portal\/"},{"@type":"ListItem","position":2,"name":"Papa condena masacre y pide liberar a los rehenes en Hait\u00ed"}]},{"@type":"WebSite","@id":"https:\/\/www.eldiario.net\/portal\/#website","url":"https:\/\/www.eldiario.net\/portal\/","name":"El Diario - Decano de la prensa nacional","description":"El Diario - Decano de la prensa nacional","publisher":{"@id":"https:\/\/www.eldiario.net\/portal\/#organization"},"potentialAction":[{"@type":"SearchAction","target":{"@type":"EntryPoint","urlTemplate":"https:\/\/www.eldiario.net\/portal\/?s={search_term_string}"},"query-input":{"@type":"PropertyValueSpecification","valueRequired":true,"valueName":"search_term_string"}}],"inLanguage":"es"},{"@type":"Organization","@id":"https:\/\/www.eldiario.net\/portal\/#organization","name":"El Diario - Decano de la prensa nacional","url":"https:\/\/www.eldiario.net\/portal\/","logo":{"@type":"ImageObject","inLanguage":"es","@id":"https:\/\/www.eldiario.net\/portal\/#\/schema\/logo\/image\/","url":"https:\/\/www.eldiario.net\/portal\/wp-content\/uploads\/2023\/07\/logo_ED.jpg","contentUrl":"https:\/\/www.eldiario.net\/portal\/wp-content\/uploads\/2023\/07\/logo_ED.jpg","width":272,"height":52,"caption":"El Diario - Decano de la prensa nacional"},"image":{"@id":"https:\/\/www.eldiario.net\/portal\/#\/schema\/logo\/image\/"},"sameAs":["https:\/\/www.facebook.com\/eldiario.bolivia\/","https:\/\/x.com\/eldiario_net"]},{"@type":"Person","@id":"https:\/\/www.eldiario.net\/portal\/#\/schema\/person\/f46445640444750d7d753ccd04ae01b7","name":"Jeanette","image":{"@type":"ImageObject","inLanguage":"es","@id":"https:\/\/secure.gravatar.com\/avatar\/3ea2118a5f7dad2b7138b1187a6b7ee55f160b9968b66013c3a3ef39dd7e5798?s=96&d=mm&r=g","url":"https:\/\/secure.gravatar.com\/avatar\/3ea2118a5f7dad2b7138b1187a6b7ee55f160b9968b66013c3a3ef39dd7e5798?s=96&d=mm&r=g","contentUrl":"https:\/\/secure.gravatar.com\/avatar\/3ea2118a5f7dad2b7138b1187a6b7ee55f160b9968b66013c3a3ef39dd7e5798?s=96&d=mm&r=g","caption":"Jeanette"},"sameAs":["https:\/\/www.eldiario.net\/portal"],"url":"https:\/\/www.eldiario.net\/portal\/author\/jeanette\/"}]}},"_links":{"self":[{"href":"https:\/\/www.eldiario.net\/portal\/wp-json\/wp\/v2\/posts\/426277","targetHints":{"allow":["GET"]}}],"collection":[{"href":"https:\/\/www.eldiario.net\/portal\/wp-json\/wp\/v2\/posts"}],"about":[{"href":"https:\/\/www.eldiario.net\/portal\/wp-json\/wp\/v2\/types\/post"}],"author":[{"embeddable":true,"href":"https:\/\/www.eldiario.net\/portal\/wp-json\/wp\/v2\/users\/1"}],"replies":[{"embeddable":true,"href":"https:\/\/www.eldiario.net\/portal\/wp-json\/wp\/v2\/comments?post=426277"}],"version-history":[{"count":1,"href":"https:\/\/www.eldiario.net\/portal\/wp-json\/wp\/v2\/posts\/426277\/revisions"}],"predecessor-version":[{"id":426278,"href":"https:\/\/www.eldiario.net\/portal\/wp-json\/wp\/v2\/posts\/426277\/revisions\/426278"}],"wp:featuredmedia":[{"embeddable":true,"href":"https:\/\/www.eldiario.net\/portal\/wp-json\/wp\/v2\/media\/194703"}],"wp:attachment":[{"href":"https:\/\/www.eldiario.net\/portal\/wp-json\/wp\/v2\/media?parent=426277"}],"wp:term":[{"taxonomy":"category","embeddable":true,"href":"https:\/\/www.eldiario.net\/portal\/wp-json\/wp\/v2\/categories?post=426277"},{"taxonomy":"post_tag","embeddable":true,"href":"https:\/\/www.eldiario.net\/portal\/wp-json\/wp\/v2\/tags?post=426277"}],"curies":[{"name":"wp","href":"https:\/\/api.w.org\/{rel}","templated":true}]}}