{"id":426270,"date":"2026-08-31T00:38:46","date_gmt":"2026-08-31T04:38:46","guid":{"rendered":"https:\/\/www.eldiario.net\/portal\/?p=426270"},"modified":"2026-08-30T22:42:13","modified_gmt":"2026-08-31T02:42:13","slug":"bolivar-apunta-mejor-y-gana-el-clasico","status":"publish","type":"post","link":"https:\/\/www.eldiario.net\/portal\/2026\/08\/31\/bolivar-apunta-mejor-y-gana-el-clasico\/","title":{"rendered":"Bol\u00edvar apunta mejor y gana el cl\u00e1sico"},"content":{"rendered":"<p>The Strongest aguant\u00f3 4 minutos, luego se cay\u00f3 y Bol\u00edvar le propin\u00f3 una goleada por 4-2, ayer por la Copa Bolivia en el cl\u00e1sico pace\u00f1o 238 jugado en el estadio Hernando Siles.<br \/>\nEl cl\u00e1sico por la segunda fecha de la Copa Bolivia tuvo un claro ganador, Bol\u00edvar tuvo resistencia en los primeros minutos, luego poco a poco le tom\u00f3 el pulso y gan\u00f3 al final con claridad.<br \/>\nErwin Saavedra, a los 3\u2019, anot\u00f3 el primer gol del partido luego de recibir un buen pase de John Garc\u00eda. La reacci\u00f3n del Tigre fue inmediata, un minuto despu\u00e9s, Quaglio desbord\u00f3 por la izquierda, recibi\u00f3 Arrascaita que anot\u00f3 el 1-1 con remate esquinado.<br \/>\nDespu\u00e9s vino el tr\u00e1mite, una mano de Portuncho hizo que el VAR se\u00f1ale penal al \u00e1rbitro Dilio Rodr\u00edguez, Dorny Romero enga\u00f1\u00f3 a Diego Valdivia y marc\u00f3 el 2-1 a los 14\u2019.<br \/>\nDiez minutos despu\u00e9s, Ch\u00e1vez empalm\u00f3 s\u00f3lo el bal\u00f3n luego de recibir un buen pase de Garc\u00eda.<br \/>\nCon el 3-1, todo se le facilit\u00f3 a Bol\u00edvar mientras The Strongest no encontraba el camino.<br \/>\nEn el segundo tiempo, el Tigre busc\u00f3 descontar, ingres\u00f3 Adri\u00e1n Estacio y el refuerzo brasile\u00f1o Luiz Pachu, pero Carlos Sejas anot\u00f3 el 4-1 a los 50 y sentenci\u00f3 de forma prematura el partido, cuando al costado del campo de juego se tomaba de la cabeza el brasile\u00f1o Antonio Carlos Zago.<br \/>\nEl ingreso de Estacio y Pachu le dio fuerza al ataque pero no estaban en la jornada esperada. El brasile\u00f1o se lo perdi\u00f3 con arco a disposici\u00f3n, remat\u00f3 desviado; luego, Estacio remat\u00f3 al palo de larga distancia, fue la m\u00e1s clara del Tigre para descontar.<br \/>\nA cuatro minutos del final, The Strongest descont\u00f3 luego de que Sotomayor anot\u00f3 tras un rebote que dio Lampe.<br \/>\nSobre el final, hubo final pol\u00e9mico porque el \u00e1rbitro no pit\u00f3 penal una mano de Portuncho tras una guapeada de Asprilla.<br \/>\nEl \u00e1rbitro finaliz\u00f3 el partido.<\/p>\n<p>238 cl\u00e1sicos se jugaron hasta ayer, con triunfo claro de los celestes sobre los atigrados.<\/p>\n<p>\u00abPARTIDO BUENO EN TODOS LOS ASPECTOS, LO MANEJAMOS BIEN Y ANOTAMOS EN EL MOMENTO JUSTO, ME FAL\u00d3 EL GOL, LO BUSQU\u00c9\u00bb. John Garc\u00eda DELANTERO<\/p>\n<p>DILIO RODR\u00cdGUEZ SE VOLVI\u00d3 A APLAZAR<\/p>\n<p>El \u00e1rbitraje no fue bueno, encima omiti\u00f3 una clara mano de Portuncho sobre el final del partido. Luego, tuvo demasiadas dudas en sus decisiones lo que origin\u00f3 el reclamo de los jugadores. No fue buena su tarea<\/p>\n<p>EL TIGRE DIO VENTAJA Y PERDI\u00d3 LA BR\u00daJULA<\/p>\n<p>Parece que los jugadores no entendieron lo que quer\u00eda Zago, s\u00f3lo al final se animaron e intentaron apabullar al cuadro celeste. Tal vez pudieron anotar un gol m\u00e1s pero igual pudieron recibir un gol m\u00e1s. Fue un partido mal encarado por los atigrados.<\/p>\n<p>CARLOS SEJAS PUEDE APORTAR M\u00c1S<\/p>\n<p>Comenz\u00f3 nervioso el partido, era su primer encuentro como titular, estuvo nervioso, pero poco a poco le tom\u00f3 el pulso al partido, al final anot\u00f3 un golazo, como sabe.<\/p>\n\r\n                <style type=\"text\/css\">\r\n                    \r\n                    #tdi_1  .td-doubleSlider-2 .td-item1 {\r\n                        background: url(https:\/\/www.eldiario.net\/portal\/wp-content\/uploads\/2026\/08\/Esta-de-los-tigres-para-el-medio-de-juez-deportivo-80x60.webp) 0 0 no-repeat;\r\n                    }\r\n                    #tdi_1  .td-doubleSlider-2 .td-item2 {\r\n                        background: url(https:\/\/www.eldiario.net\/portal\/wp-content\/uploads\/2026\/08\/FOTO-DE-ABAJO-80x60.webp) 0 0 no-repeat;\r\n                    }\r\n                    #tdi_1  .td-doubleSlider-2 .td-item3 {\r\n                        background: url(https:\/\/www.eldiario.net\/portal\/wp-content\/uploads\/2026\/08\/Foto-principal-2-80x60.webp) 0 0 no-repeat;\r\n                    }\r\n                    #tdi_1  .td-doubleSlider-2 .td-item4 {\r\n                        background: url(https:\/\/www.eldiario.net\/portal\/wp-content\/uploads\/2026\/08\/JUEZ-deportivo-ARBITRO-80x60.webp) 0 0 no-repeat;\r\n                    }\r\n                    #tdi_1  .td-doubleSlider-2 .td-item5 {\r\n                        background: url(https:\/\/www.eldiario.net\/portal\/wp-content\/uploads\/2026\/08\/CARLOS-SEJAS-80x60.webp) 0 0 no-repeat;\r\n                    }\r\n                <\/style>\r\n\r\n                <div id=\"tdi_1\" class=\"td-gallery td-slide-on-2-columns\">\r\n                    <div class=\"post_td_gallery\">\r\n                        <div class=\"td-gallery-slide-top\">\r\n                           <div class=\"td-gallery-title\"><\/div>\r\n\r\n                            <div class=\"td-gallery-controls-wrapper\">\r\n                                <div class=\"td-gallery-slide-count\"><span class=\"td-gallery-slide-item-focus\">1<\/span> de 5<\/div>\r\n                                <div class=\"td-gallery-slide-prev-next-but\">\r\n                                    <i class = \"td-icon-left doubleSliderPrevButton\"><\/i>\r\n                                    <i class = \"td-icon-right doubleSliderNextButton\"><\/i>\r\n                                <\/div>\r\n                            <\/div>\r\n                        <\/div>\r\n\r\n                        <div class = \"td-doubleSlider-1 \">\r\n                            <div class = \"td-slider\">\r\n                                \r\n                    <div class = \"td-slide-item td-item1\">\r\n                        <figure class=\"td-slide-galery-figure td-slide-popup-gallery\">\r\n                            <a class=\"slide-gallery-image-link\" href=\"https:\/\/www.eldiario.net\/portal\/wp-content\/uploads\/2026\/08\/Esta-de-los-tigres-para-el-medio-de-juez-deportivo.webp\" title=\"Est\u00e1-de-los-tigres-para-el-medio-de-juez-deportivo\"  data-caption=\"\"  data-description=\"\">\r\n                                <img decoding=\"async\" src=\"https:\/\/www.eldiario.net\/portal\/wp-content\/uploads\/2026\/08\/Esta-de-los-tigres-para-el-medio-de-juez-deportivo-629x420.webp\" srcset=\"https:\/\/www.eldiario.net\/portal\/wp-content\/uploads\/2026\/08\/Esta-de-los-tigres-para-el-medio-de-juez-deportivo-629x420.webp 629w, https:\/\/www.eldiario.net\/portal\/wp-content\/uploads\/2026\/08\/Esta-de-los-tigres-para-el-medio-de-juez-deportivo-300x200.webp 300w, https:\/\/www.eldiario.net\/portal\/wp-content\/uploads\/2026\/08\/Esta-de-los-tigres-para-el-medio-de-juez-deportivo-768x513.webp 768w, https:\/\/www.eldiario.net\/portal\/wp-content\/uploads\/2026\/08\/Esta-de-los-tigres-para-el-medio-de-juez-deportivo-150x100.webp 150w, https:\/\/www.eldiario.net\/portal\/wp-content\/uploads\/2026\/08\/Esta-de-los-tigres-para-el-medio-de-juez-deportivo-696x465.webp 696w, https:\/\/www.eldiario.net\/portal\/wp-content\/uploads\/2026\/08\/Esta-de-los-tigres-para-el-medio-de-juez-deportivo.webp 899w\" sizes=\"(max-width: 629px) 100vw, 629px\" alt=\"\">\r\n                            <\/a>\r\n                            \r\n                        <\/figure>\r\n                    <\/div>\r\n                    <div class = \"td-slide-item td-item2\">\r\n                        <figure class=\"td-slide-galery-figure td-slide-popup-gallery\">\r\n                            <a class=\"slide-gallery-image-link\" href=\"https:\/\/www.eldiario.net\/portal\/wp-content\/uploads\/2026\/08\/FOTO-DE-ABAJO.webp\" title=\"FOTO-DE-ABAJO\"  data-caption=\" Asprilla se apresta a rematar ante la marca de Portuncho, luego despej\u00f3 con la mano.\"  data-description=\" Asprilla se apresta a rematar ante la marca de Portuncho, luego despej&oacute; con la mano.\">\r\n                                <img decoding=\"async\" src=\"https:\/\/www.eldiario.net\/portal\/wp-content\/uploads\/2026\/08\/FOTO-DE-ABAJO-557x420.webp\" srcset=\"https:\/\/www.eldiario.net\/portal\/wp-content\/uploads\/2026\/08\/FOTO-DE-ABAJO-557x420.webp 557w, https:\/\/www.eldiario.net\/portal\/wp-content\/uploads\/2026\/08\/FOTO-DE-ABAJO-300x226.webp 300w, https:\/\/www.eldiario.net\/portal\/wp-content\/uploads\/2026\/08\/FOTO-DE-ABAJO-768x579.webp 768w, https:\/\/www.eldiario.net\/portal\/wp-content\/uploads\/2026\/08\/FOTO-DE-ABAJO-80x60.webp 80w, https:\/\/www.eldiario.net\/portal\/wp-content\/uploads\/2026\/08\/FOTO-DE-ABAJO-150x113.webp 150w, https:\/\/www.eldiario.net\/portal\/wp-content\/uploads\/2026\/08\/FOTO-DE-ABAJO-696x524.webp 696w, https:\/\/www.eldiario.net\/portal\/wp-content\/uploads\/2026\/08\/FOTO-DE-ABAJO.webp 868w\" sizes=\"(max-width: 557px) 100vw, 557px\" alt=\"\">\r\n                            <\/a>\r\n                            <figcaption class = \"td-slide-caption td-gallery-slide-content\"><div class = \"td-gallery-slide-copywrite\"> Asprilla se apresta a rematar ante la marca de Portuncho, luego despej\u00f3 con la mano.<\/div><span> Asprilla se apresta a rematar ante la marca de Portuncho, luego despej\u00f3 con la mano.<\/span><\/figcaption>\r\n                        <\/figure>\r\n                    <\/div>\r\n                    <div class = \"td-slide-item td-item3\">\r\n                        <figure class=\"td-slide-galery-figure td-slide-popup-gallery\">\r\n                            <a class=\"slide-gallery-image-link\" href=\"https:\/\/www.eldiario.net\/portal\/wp-content\/uploads\/2026\/08\/Foto-principal-2.webp\" title=\"Foto-principal\"  data-caption=\" Sejas celebra a todo pulm\u00f3n luego de anotar el cuarto gol, el primero suyo en Bol\u00edvar. (Fotos Alberto Valero)\"  data-description=\" Sejas celebra a todo pulm&oacute;n luego de anotar el cuarto gol, el primero suyo en Bol&iacute;var. (Fotos Alberto Valero)\">\r\n                                <img decoding=\"async\" src=\"https:\/\/www.eldiario.net\/portal\/wp-content\/uploads\/2026\/08\/Foto-principal-2-629x420.webp\" srcset=\"https:\/\/www.eldiario.net\/portal\/wp-content\/uploads\/2026\/08\/Foto-principal-2-629x420.webp 629w, https:\/\/www.eldiario.net\/portal\/wp-content\/uploads\/2026\/08\/Foto-principal-2-300x200.webp 300w, https:\/\/www.eldiario.net\/portal\/wp-content\/uploads\/2026\/08\/Foto-principal-2-768x513.webp 768w, https:\/\/www.eldiario.net\/portal\/wp-content\/uploads\/2026\/08\/Foto-principal-2-150x100.webp 150w, https:\/\/www.eldiario.net\/portal\/wp-content\/uploads\/2026\/08\/Foto-principal-2-696x465.webp 696w, https:\/\/www.eldiario.net\/portal\/wp-content\/uploads\/2026\/08\/Foto-principal-2.webp 899w\" sizes=\"(max-width: 629px) 100vw, 629px\" alt=\"\">\r\n                            <\/a>\r\n                            <figcaption class = \"td-slide-caption td-gallery-slide-content\"><div class = \"td-gallery-slide-copywrite\"> Sejas celebra a todo pulm\u00f3n luego de anotar el cuarto gol, el primero suyo en Bol\u00edvar. (Fotos Alberto Valero)<\/div><span> Sejas celebra a todo pulm\u00f3n luego de anotar el cuarto gol, el primero suyo en Bol\u00edvar. (Fotos Alberto Valero)<\/span><\/figcaption>\r\n                        <\/figure>\r\n                    <\/div>\r\n                    <div class = \"td-slide-item td-item4\">\r\n                        <figure class=\"td-slide-galery-figure td-slide-popup-gallery\">\r\n                            <a class=\"slide-gallery-image-link\" href=\"https:\/\/www.eldiario.net\/portal\/wp-content\/uploads\/2026\/08\/JUEZ-deportivo-ARBITRO.webp\" title=\"JUEZ-deportivo-ARBITRO\"  data-caption=\"\"  data-description=\"\">\r\n                                <img decoding=\"async\" src=\"https:\/\/www.eldiario.net\/portal\/wp-content\/uploads\/2026\/08\/JUEZ-deportivo-ARBITRO.webp\" srcset=\"https:\/\/www.eldiario.net\/portal\/wp-content\/uploads\/2026\/08\/JUEZ-deportivo-ARBITRO.webp 662w, https:\/\/www.eldiario.net\/portal\/wp-content\/uploads\/2026\/08\/JUEZ-deportivo-ARBITRO-300x175.webp 300w, https:\/\/www.eldiario.net\/portal\/wp-content\/uploads\/2026\/08\/JUEZ-deportivo-ARBITRO-150x88.webp 150w\" sizes=\"(max-width: 662px) 100vw, 662px\" alt=\"\">\r\n                            <\/a>\r\n                            \r\n                        <\/figure>\r\n                    <\/div>\r\n                    <div class = \"td-slide-item td-item5\">\r\n                        <figure class=\"td-slide-galery-figure td-slide-popup-gallery\">\r\n                            <a class=\"slide-gallery-image-link\" href=\"https:\/\/www.eldiario.net\/portal\/wp-content\/uploads\/2026\/08\/CARLOS-SEJAS.webp\" title=\"CARLOS-SEJAS\"  data-caption=\"\"  data-description=\"\">\r\n                                <img decoding=\"async\" src=\"https:\/\/www.eldiario.net\/portal\/wp-content\/uploads\/2026\/08\/CARLOS-SEJAS.webp\" srcset=\"https:\/\/www.eldiario.net\/portal\/wp-content\/uploads\/2026\/08\/CARLOS-SEJAS.webp 319w, https:\/\/www.eldiario.net\/portal\/wp-content\/uploads\/2026\/08\/CARLOS-SEJAS-239x300.webp 239w, https:\/\/www.eldiario.net\/portal\/wp-content\/uploads\/2026\/08\/CARLOS-SEJAS-150x189.webp 150w, https:\/\/www.eldiario.net\/portal\/wp-content\/uploads\/2026\/08\/CARLOS-SEJAS-300x377.webp 300w\" sizes=\"(max-width: 319px) 100vw, 319px\" alt=\"\">\r\n                            <\/a>\r\n                            \r\n                        <\/figure>\r\n                    <\/div>\r\n                            <\/div>\r\n                        <\/div>\r\n\r\n                        <div class = \"td-doubleSlider-2\">\r\n                            <div class = \"td-slider\">\r\n                                \r\n                    <div class = \"td-button td-item1\">\r\n                        <div class = \"td-border\"><\/div>\r\n                    <\/div>\r\n                    <div class = \"td-button td-item2\">\r\n                        <div class = \"td-border\"><\/div>\r\n                    <\/div>\r\n                    <div class = \"td-button td-item3\">\r\n                        <div class = \"td-border\"><\/div>\r\n                    <\/div>\r\n                    <div class = \"td-button td-item4\">\r\n                        <div class = \"td-border\"><\/div>\r\n                    <\/div>\r\n                    <div class = \"td-button td-item5\">\r\n                        <div class = \"td-border\"><\/div>\r\n                    <\/div>\r\n                            <\/div>\r\n                        <\/div>\r\n\r\n                    <\/div>\r\n\r\n                <\/div>\r\n                \n","protected":false},"excerpt":{"rendered":"<p>The Strongest aguant\u00f3 4 minutos, luego se cay\u00f3 y Bol\u00edvar le propin\u00f3 una goleada por 4-2, ayer por la Copa Bolivia en el cl\u00e1sico pace\u00f1o 238 jugado en el estadio Hernando Siles. El cl\u00e1sico por la segunda fecha de la Copa Bolivia tuvo un claro ganador, Bol\u00edvar tuvo resistencia en los primeros minutos, luego poco [&hellip;]<\/p>\n","protected":false},"author":1,"featured_media":426273,"comment_status":"closed","ping_status":"open","sticky":false,"template":"","format":"standard","meta":{"_acf_changed":false,"footnotes":""},"categories":[6],"tags":[],"class_list":["post-426270","post","type-post","status-publish","format-standard","has-post-thumbnail","category-deportes"],"acf":{"antetitulo":""},"yoast_head":"<!-- This site is optimized with the Yoast SEO plugin v28.3 - https:\/\/yoast.com\/product\/yoast-seo-wordpress\/ -->\n<title>Bol\u00edvar apunta mejor y gana el cl\u00e1sico - El Diario - Bolivia<\/title>\n<meta name=\"robots\" content=\"index, follow, max-snippet:-1, max-image-preview:large, max-video-preview:-1\" \/>\n<link rel=\"canonical\" href=\"https:\/\/www.eldiario.net\/portal\/2026\/08\/31\/bolivar-apunta-mejor-y-gana-el-clasico\/\" \/>\n<meta property=\"og:locale\" content=\"es_ES\" \/>\n<meta property=\"og:type\" content=\"article\" \/>\n<meta property=\"og:title\" content=\"Bol\u00edvar apunta mejor y gana el cl\u00e1sico - El Diario - Bolivia\" \/>\n<meta property=\"og:description\" content=\"The Strongest aguant\u00f3 4 minutos, luego se cay\u00f3 y Bol\u00edvar le propin\u00f3 una goleada por 4-2, ayer por la Copa Bolivia en el cl\u00e1sico pace\u00f1o 238 jugado en el estadio Hernando Siles. El cl\u00e1sico por la segunda fecha de la Copa Bolivia tuvo un claro ganador, Bol\u00edvar tuvo resistencia en los primeros minutos, luego poco [&hellip;]\" \/>\n<meta property=\"og:url\" content=\"https:\/\/www.eldiario.net\/portal\/2026\/08\/31\/bolivar-apunta-mejor-y-gana-el-clasico\/\" \/>\n<meta property=\"og:site_name\" content=\"El Diario - Bolivia\" \/>\n<meta property=\"article:publisher\" content=\"https:\/\/www.facebook.com\/eldiario.bolivia\/\" \/>\n<meta property=\"article:published_time\" content=\"2026-08-31T04:38:46+00:00\" \/>\n<meta property=\"og:image\" content=\"https:\/\/www.eldiario.net\/portal\/wp-content\/uploads\/2026\/08\/Foto-principal-2.webp\" \/>\n\t<meta property=\"og:image:width\" content=\"899\" \/>\n\t<meta property=\"og:image:height\" content=\"600\" \/>\n\t<meta property=\"og:image:type\" content=\"image\/webp\" \/>\n<meta name=\"author\" content=\"Jeanette\" \/>\n<meta name=\"twitter:card\" content=\"summary_large_image\" \/>\n<meta name=\"twitter:creator\" content=\"@eldiario_net\" \/>\n<meta name=\"twitter:site\" content=\"@eldiario_net\" \/>\n<meta name=\"twitter:label1\" content=\"Escrito por\" \/>\n\t<meta name=\"twitter:data1\" content=\"Jeanette\" \/>\n\t<meta name=\"twitter:label2\" content=\"Tiempo de lectura\" \/>\n\t<meta name=\"twitter:data2\" content=\"3 minutos\" \/>\n<script type=\"application\/ld+json\" class=\"yoast-schema-graph\">{\"@context\":\"https:\\\/\\\/schema.org\",\"@graph\":[{\"@type\":\"Article\",\"@id\":\"https:\\\/\\\/www.eldiario.net\\\/portal\\\/2026\\\/08\\\/31\\\/bolivar-apunta-mejor-y-gana-el-clasico\\\/#article\",\"isPartOf\":{\"@id\":\"https:\\\/\\\/www.eldiario.net\\\/portal\\\/2026\\\/08\\\/31\\\/bolivar-apunta-mejor-y-gana-el-clasico\\\/\"},\"author\":{\"name\":\"Jeanette\",\"@id\":\"https:\\\/\\\/www.eldiario.net\\\/portal\\\/#\\\/schema\\\/person\\\/f46445640444750d7d753ccd04ae01b7\"},\"headline\":\"Bol\u00edvar apunta mejor y gana el cl\u00e1sico\",\"datePublished\":\"2026-08-31T04:38:46+00:00\",\"mainEntityOfPage\":{\"@id\":\"https:\\\/\\\/www.eldiario.net\\\/portal\\\/2026\\\/08\\\/31\\\/bolivar-apunta-mejor-y-gana-el-clasico\\\/\"},\"wordCount\":526,\"publisher\":{\"@id\":\"https:\\\/\\\/www.eldiario.net\\\/portal\\\/#organization\"},\"image\":{\"@id\":\"https:\\\/\\\/www.eldiario.net\\\/portal\\\/2026\\\/08\\\/31\\\/bolivar-apunta-mejor-y-gana-el-clasico\\\/#primaryimage\"},\"thumbnailUrl\":\"https:\\\/\\\/www.eldiario.net\\\/portal\\\/wp-content\\\/uploads\\\/2026\\\/08\\\/Foto-principal-2.webp\",\"articleSection\":[\"Deportes\"],\"inLanguage\":\"es\"},{\"@type\":\"WebPage\",\"@id\":\"https:\\\/\\\/www.eldiario.net\\\/portal\\\/2026\\\/08\\\/31\\\/bolivar-apunta-mejor-y-gana-el-clasico\\\/\",\"url\":\"https:\\\/\\\/www.eldiario.net\\\/portal\\\/2026\\\/08\\\/31\\\/bolivar-apunta-mejor-y-gana-el-clasico\\\/\",\"name\":\"Bol\u00edvar apunta mejor y gana el cl\u00e1sico - El Diario - Bolivia\",\"isPartOf\":{\"@id\":\"https:\\\/\\\/www.eldiario.net\\\/portal\\\/#website\"},\"primaryImageOfPage\":{\"@id\":\"https:\\\/\\\/www.eldiario.net\\\/portal\\\/2026\\\/08\\\/31\\\/bolivar-apunta-mejor-y-gana-el-clasico\\\/#primaryimage\"},\"image\":{\"@id\":\"https:\\\/\\\/www.eldiario.net\\\/portal\\\/2026\\\/08\\\/31\\\/bolivar-apunta-mejor-y-gana-el-clasico\\\/#primaryimage\"},\"thumbnailUrl\":\"https:\\\/\\\/www.eldiario.net\\\/portal\\\/wp-content\\\/uploads\\\/2026\\\/08\\\/Foto-principal-2.webp\",\"datePublished\":\"2026-08-31T04:38:46+00:00\",\"breadcrumb\":{\"@id\":\"https:\\\/\\\/www.eldiario.net\\\/portal\\\/2026\\\/08\\\/31\\\/bolivar-apunta-mejor-y-gana-el-clasico\\\/#breadcrumb\"},\"inLanguage\":\"es\",\"potentialAction\":[{\"@type\":\"ReadAction\",\"target\":[\"https:\\\/\\\/www.eldiario.net\\\/portal\\\/2026\\\/08\\\/31\\\/bolivar-apunta-mejor-y-gana-el-clasico\\\/\"]}]},{\"@type\":\"ImageObject\",\"inLanguage\":\"es\",\"@id\":\"https:\\\/\\\/www.eldiario.net\\\/portal\\\/2026\\\/08\\\/31\\\/bolivar-apunta-mejor-y-gana-el-clasico\\\/#primaryimage\",\"url\":\"https:\\\/\\\/www.eldiario.net\\\/portal\\\/wp-content\\\/uploads\\\/2026\\\/08\\\/Foto-principal-2.webp\",\"contentUrl\":\"https:\\\/\\\/www.eldiario.net\\\/portal\\\/wp-content\\\/uploads\\\/2026\\\/08\\\/Foto-principal-2.webp\",\"width\":899,\"height\":600,\"caption\":\"Sejas celebra a todo pulm\u00f3n luego de anotar el cuarto gol, el primero suyo en Bol\u00edvar. (Fotos Alberto Valero)\"},{\"@type\":\"BreadcrumbList\",\"@id\":\"https:\\\/\\\/www.eldiario.net\\\/portal\\\/2026\\\/08\\\/31\\\/bolivar-apunta-mejor-y-gana-el-clasico\\\/#breadcrumb\",\"itemListElement\":[{\"@type\":\"ListItem\",\"position\":1,\"name\":\"Portada\",\"item\":\"https:\\\/\\\/www.eldiario.net\\\/portal\\\/\"},{\"@type\":\"ListItem\",\"position\":2,\"name\":\"Bol\u00edvar apunta mejor y gana el cl\u00e1sico\"}]},{\"@type\":\"WebSite\",\"@id\":\"https:\\\/\\\/www.eldiario.net\\\/portal\\\/#website\",\"url\":\"https:\\\/\\\/www.eldiario.net\\\/portal\\\/\",\"name\":\"El Diario - Decano de la prensa nacional\",\"description\":\"El Diario - Decano de la prensa nacional\",\"publisher\":{\"@id\":\"https:\\\/\\\/www.eldiario.net\\\/portal\\\/#organization\"},\"potentialAction\":[{\"@type\":\"SearchAction\",\"target\":{\"@type\":\"EntryPoint\",\"urlTemplate\":\"https:\\\/\\\/www.eldiario.net\\\/portal\\\/?s={search_term_string}\"},\"query-input\":{\"@type\":\"PropertyValueSpecification\",\"valueRequired\":true,\"valueName\":\"search_term_string\"}}],\"inLanguage\":\"es\"},{\"@type\":\"Organization\",\"@id\":\"https:\\\/\\\/www.eldiario.net\\\/portal\\\/#organization\",\"name\":\"El Diario - Decano de la prensa nacional\",\"url\":\"https:\\\/\\\/www.eldiario.net\\\/portal\\\/\",\"logo\":{\"@type\":\"ImageObject\",\"inLanguage\":\"es\",\"@id\":\"https:\\\/\\\/www.eldiario.net\\\/portal\\\/#\\\/schema\\\/logo\\\/image\\\/\",\"url\":\"https:\\\/\\\/www.eldiario.net\\\/portal\\\/wp-content\\\/uploads\\\/2023\\\/07\\\/logo_ED.jpg\",\"contentUrl\":\"https:\\\/\\\/www.eldiario.net\\\/portal\\\/wp-content\\\/uploads\\\/2023\\\/07\\\/logo_ED.jpg\",\"width\":272,\"height\":52,\"caption\":\"El Diario - Decano de la prensa nacional\"},\"image\":{\"@id\":\"https:\\\/\\\/www.eldiario.net\\\/portal\\\/#\\\/schema\\\/logo\\\/image\\\/\"},\"sameAs\":[\"https:\\\/\\\/www.facebook.com\\\/eldiario.bolivia\\\/\",\"https:\\\/\\\/x.com\\\/eldiario_net\"]},{\"@type\":\"Person\",\"@id\":\"https:\\\/\\\/www.eldiario.net\\\/portal\\\/#\\\/schema\\\/person\\\/f46445640444750d7d753ccd04ae01b7\",\"name\":\"Jeanette\",\"image\":{\"@type\":\"ImageObject\",\"inLanguage\":\"es\",\"@id\":\"https:\\\/\\\/secure.gravatar.com\\\/avatar\\\/3ea2118a5f7dad2b7138b1187a6b7ee55f160b9968b66013c3a3ef39dd7e5798?s=96&d=mm&r=g\",\"url\":\"https:\\\/\\\/secure.gravatar.com\\\/avatar\\\/3ea2118a5f7dad2b7138b1187a6b7ee55f160b9968b66013c3a3ef39dd7e5798?s=96&d=mm&r=g\",\"contentUrl\":\"https:\\\/\\\/secure.gravatar.com\\\/avatar\\\/3ea2118a5f7dad2b7138b1187a6b7ee55f160b9968b66013c3a3ef39dd7e5798?s=96&d=mm&r=g\",\"caption\":\"Jeanette\"},\"sameAs\":[\"https:\\\/\\\/www.eldiario.net\\\/portal\"],\"url\":\"https:\\\/\\\/www.eldiario.net\\\/portal\\\/author\\\/jeanette\\\/\"}]}<\/script>\n<!-- \/ Yoast SEO plugin. -->","yoast_head_json":{"title":"Bol\u00edvar apunta mejor y gana el cl\u00e1sico - El Diario - Bolivia","robots":{"index":"index","follow":"follow","max-snippet":"max-snippet:-1","max-image-preview":"max-image-preview:large","max-video-preview":"max-video-preview:-1"},"canonical":"https:\/\/www.eldiario.net\/portal\/2026\/08\/31\/bolivar-apunta-mejor-y-gana-el-clasico\/","og_locale":"es_ES","og_type":"article","og_title":"Bol\u00edvar apunta mejor y gana el cl\u00e1sico - El Diario - Bolivia","og_description":"The Strongest aguant\u00f3 4 minutos, luego se cay\u00f3 y Bol\u00edvar le propin\u00f3 una goleada por 4-2, ayer por la Copa Bolivia en el cl\u00e1sico pace\u00f1o 238 jugado en el estadio Hernando Siles. El cl\u00e1sico por la segunda fecha de la Copa Bolivia tuvo un claro ganador, Bol\u00edvar tuvo resistencia en los primeros minutos, luego poco [&hellip;]","og_url":"https:\/\/www.eldiario.net\/portal\/2026\/08\/31\/bolivar-apunta-mejor-y-gana-el-clasico\/","og_site_name":"El Diario - Bolivia","article_publisher":"https:\/\/www.facebook.com\/eldiario.bolivia\/","article_published_time":"2026-08-31T04:38:46+00:00","og_image":[{"width":899,"height":600,"url":"https:\/\/www.eldiario.net\/portal\/wp-content\/uploads\/2026\/08\/Foto-principal-2.webp","type":"image\/webp"}],"author":"Jeanette","twitter_card":"summary_large_image","twitter_creator":"@eldiario_net","twitter_site":"@eldiario_net","twitter_misc":{"Escrito por":"Jeanette","Tiempo de lectura":"3 minutos"},"schema":{"@context":"https:\/\/schema.org","@graph":[{"@type":"Article","@id":"https:\/\/www.eldiario.net\/portal\/2026\/08\/31\/bolivar-apunta-mejor-y-gana-el-clasico\/#article","isPartOf":{"@id":"https:\/\/www.eldiario.net\/portal\/2026\/08\/31\/bolivar-apunta-mejor-y-gana-el-clasico\/"},"author":{"name":"Jeanette","@id":"https:\/\/www.eldiario.net\/portal\/#\/schema\/person\/f46445640444750d7d753ccd04ae01b7"},"headline":"Bol\u00edvar apunta mejor y gana el cl\u00e1sico","datePublished":"2026-08-31T04:38:46+00:00","mainEntityOfPage":{"@id":"https:\/\/www.eldiario.net\/portal\/2026\/08\/31\/bolivar-apunta-mejor-y-gana-el-clasico\/"},"wordCount":526,"publisher":{"@id":"https:\/\/www.eldiario.net\/portal\/#organization"},"image":{"@id":"https:\/\/www.eldiario.net\/portal\/2026\/08\/31\/bolivar-apunta-mejor-y-gana-el-clasico\/#primaryimage"},"thumbnailUrl":"https:\/\/www.eldiario.net\/portal\/wp-content\/uploads\/2026\/08\/Foto-principal-2.webp","articleSection":["Deportes"],"inLanguage":"es"},{"@type":"WebPage","@id":"https:\/\/www.eldiario.net\/portal\/2026\/08\/31\/bolivar-apunta-mejor-y-gana-el-clasico\/","url":"https:\/\/www.eldiario.net\/portal\/2026\/08\/31\/bolivar-apunta-mejor-y-gana-el-clasico\/","name":"Bol\u00edvar apunta mejor y gana el cl\u00e1sico - El Diario - Bolivia","isPartOf":{"@id":"https:\/\/www.eldiario.net\/portal\/#website"},"primaryImageOfPage":{"@id":"https:\/\/www.eldiario.net\/portal\/2026\/08\/31\/bolivar-apunta-mejor-y-gana-el-clasico\/#primaryimage"},"image":{"@id":"https:\/\/www.eldiario.net\/portal\/2026\/08\/31\/bolivar-apunta-mejor-y-gana-el-clasico\/#primaryimage"},"thumbnailUrl":"https:\/\/www.eldiario.net\/portal\/wp-content\/uploads\/2026\/08\/Foto-principal-2.webp","datePublished":"2026-08-31T04:38:46+00:00","breadcrumb":{"@id":"https:\/\/www.eldiario.net\/portal\/2026\/08\/31\/bolivar-apunta-mejor-y-gana-el-clasico\/#breadcrumb"},"inLanguage":"es","potentialAction":[{"@type":"ReadAction","target":["https:\/\/www.eldiario.net\/portal\/2026\/08\/31\/bolivar-apunta-mejor-y-gana-el-clasico\/"]}]},{"@type":"ImageObject","inLanguage":"es","@id":"https:\/\/www.eldiario.net\/portal\/2026\/08\/31\/bolivar-apunta-mejor-y-gana-el-clasico\/#primaryimage","url":"https:\/\/www.eldiario.net\/portal\/wp-content\/uploads\/2026\/08\/Foto-principal-2.webp","contentUrl":"https:\/\/www.eldiario.net\/portal\/wp-content\/uploads\/2026\/08\/Foto-principal-2.webp","width":899,"height":600,"caption":"Sejas celebra a todo pulm\u00f3n luego de anotar el cuarto gol, el primero suyo en Bol\u00edvar. (Fotos Alberto Valero)"},{"@type":"BreadcrumbList","@id":"https:\/\/www.eldiario.net\/portal\/2026\/08\/31\/bolivar-apunta-mejor-y-gana-el-clasico\/#breadcrumb","itemListElement":[{"@type":"ListItem","position":1,"name":"Portada","item":"https:\/\/www.eldiario.net\/portal\/"},{"@type":"ListItem","position":2,"name":"Bol\u00edvar apunta mejor y gana el cl\u00e1sico"}]},{"@type":"WebSite","@id":"https:\/\/www.eldiario.net\/portal\/#website","url":"https:\/\/www.eldiario.net\/portal\/","name":"El Diario - Decano de la prensa nacional","description":"El Diario - Decano de la prensa nacional","publisher":{"@id":"https:\/\/www.eldiario.net\/portal\/#organization"},"potentialAction":[{"@type":"SearchAction","target":{"@type":"EntryPoint","urlTemplate":"https:\/\/www.eldiario.net\/portal\/?s={search_term_string}"},"query-input":{"@type":"PropertyValueSpecification","valueRequired":true,"valueName":"search_term_string"}}],"inLanguage":"es"},{"@type":"Organization","@id":"https:\/\/www.eldiario.net\/portal\/#organization","name":"El Diario - Decano de la prensa nacional","url":"https:\/\/www.eldiario.net\/portal\/","logo":{"@type":"ImageObject","inLanguage":"es","@id":"https:\/\/www.eldiario.net\/portal\/#\/schema\/logo\/image\/","url":"https:\/\/www.eldiario.net\/portal\/wp-content\/uploads\/2023\/07\/logo_ED.jpg","contentUrl":"https:\/\/www.eldiario.net\/portal\/wp-content\/uploads\/2023\/07\/logo_ED.jpg","width":272,"height":52,"caption":"El Diario - Decano de la prensa nacional"},"image":{"@id":"https:\/\/www.eldiario.net\/portal\/#\/schema\/logo\/image\/"},"sameAs":["https:\/\/www.facebook.com\/eldiario.bolivia\/","https:\/\/x.com\/eldiario_net"]},{"@type":"Person","@id":"https:\/\/www.eldiario.net\/portal\/#\/schema\/person\/f46445640444750d7d753ccd04ae01b7","name":"Jeanette","image":{"@type":"ImageObject","inLanguage":"es","@id":"https:\/\/secure.gravatar.com\/avatar\/3ea2118a5f7dad2b7138b1187a6b7ee55f160b9968b66013c3a3ef39dd7e5798?s=96&d=mm&r=g","url":"https:\/\/secure.gravatar.com\/avatar\/3ea2118a5f7dad2b7138b1187a6b7ee55f160b9968b66013c3a3ef39dd7e5798?s=96&d=mm&r=g","contentUrl":"https:\/\/secure.gravatar.com\/avatar\/3ea2118a5f7dad2b7138b1187a6b7ee55f160b9968b66013c3a3ef39dd7e5798?s=96&d=mm&r=g","caption":"Jeanette"},"sameAs":["https:\/\/www.eldiario.net\/portal"],"url":"https:\/\/www.eldiario.net\/portal\/author\/jeanette\/"}]}},"_links":{"self":[{"href":"https:\/\/www.eldiario.net\/portal\/wp-json\/wp\/v2\/posts\/426270","targetHints":{"allow":["GET"]}}],"collection":[{"href":"https:\/\/www.eldiario.net\/portal\/wp-json\/wp\/v2\/posts"}],"about":[{"href":"https:\/\/www.eldiario.net\/portal\/wp-json\/wp\/v2\/types\/post"}],"author":[{"embeddable":true,"href":"https:\/\/www.eldiario.net\/portal\/wp-json\/wp\/v2\/users\/1"}],"replies":[{"embeddable":true,"href":"https:\/\/www.eldiario.net\/portal\/wp-json\/wp\/v2\/comments?post=426270"}],"version-history":[{"count":1,"href":"https:\/\/www.eldiario.net\/portal\/wp-json\/wp\/v2\/posts\/426270\/revisions"}],"predecessor-version":[{"id":426276,"href":"https:\/\/www.eldiario.net\/portal\/wp-json\/wp\/v2\/posts\/426270\/revisions\/426276"}],"wp:featuredmedia":[{"embeddable":true,"href":"https:\/\/www.eldiario.net\/portal\/wp-json\/wp\/v2\/media\/426273"}],"wp:attachment":[{"href":"https:\/\/www.eldiario.net\/portal\/wp-json\/wp\/v2\/media?parent=426270"}],"wp:term":[{"taxonomy":"category","embeddable":true,"href":"https:\/\/www.eldiario.net\/portal\/wp-json\/wp\/v2\/categories?post=426270"},{"taxonomy":"post_tag","embeddable":true,"href":"https:\/\/www.eldiario.net\/portal\/wp-json\/wp\/v2\/tags?post=426270"}],"curies":[{"name":"wp","href":"https:\/\/api.w.org\/{rel}","templated":true}]}}