{"id":426260,"date":"2026-08-31T00:32:14","date_gmt":"2026-08-31T04:32:14","guid":{"rendered":"https:\/\/www.eldiario.net\/portal\/?p=426260"},"modified":"2026-08-30T22:35:57","modified_gmt":"2026-08-31T02:35:57","slug":"always-ready-gana-con-lo-justo-en-el-alto","status":"publish","type":"post","link":"https:\/\/www.eldiario.net\/portal\/2026\/08\/31\/always-ready-gana-con-lo-justo-en-el-alto\/","title":{"rendered":"Always Ready gana con lo justo en El Alto"},"content":{"rendered":"<p>En la segunda fecha de la Copa Bolivia, reservada para cl\u00e1sicos rivales, ayer en el estadio Municipal de Villa Ingenio de El Alto, Always Ready someti\u00f3 por 1 a 0 a ABB, con gol de Jes\u00fas Maraude a los &#8217;82.<br \/>\nDesde el inicio, el duelo tuvo alta intensidad t\u00e1ctica y entrega juvenil. El elenco de Pablo Godoy tuvo el protagonismo porque destrab\u00f3 el empate gracias a una genialidad individual en el ep\u00edlogo del partido.<br \/>\nSin embargo, desde el pitazo inicial del colegiado Mijahil L\u00f3pez, ABB demostr\u00f3 ser un equipo sumamente ordenado pero improductivo.<br \/>\nLejos de achicarse ante los lauros del conjunto millonario, la Academia del Balompi\u00e9 Boliviano, plant\u00f3 cara con una defensa s\u00f3lida liderada por la notable seguridad de su guardameta, pero le falt\u00f3 la cuota de gol.<br \/>\nPor su parte, Always Ready matuvo las l\u00edneas compactas que desesperaron por largos tramos a los atacantes locales.<br \/>\nCuando parec\u00eda que el cerrojo defensivo de ABB ganaba un punto de oro, apareci\u00f3 la figura del partido: Jes\u00fas Maraude.<br \/>\nEl joven mediocampista millonario se visti\u00f3 de h\u00e9roe y asumi\u00f3 los galones de conductor en un plantel plagado de caras nuevas como Kenyhiro Estrada o Carlos Medina<br \/>\nMaraude fue el futbolista m\u00e1s incisivo y clarividente del cuadro dirigido por Pablo Godoy. Intent\u00f3 romper l\u00edneas durante todo el encuentro y, cuando las din\u00e1micas colectivas se dilu\u00edan ante el muro de ABB, su talento individual marc\u00f3 la diferencia. Al minuto 82, frot\u00f3 la l\u00e1mpara: recibi\u00f3 el bal\u00f3n, encar\u00f3 con velocidad y verticalidad a la zaga rival y, con una definici\u00f3n de alta factura, venci\u00f3 la resistencia del portero amarillo para decretar el 1-0 definitivo. Una genialidad que premi\u00f3 su constancia y desparpajo en la cancha.<br \/>\nLos minutos finales se ti\u00f1eron de dramatismo. ABB quem\u00f3 sus \u00faltimos cartuchos buscando el empate con puro orgullo, pero el desgaste f\u00edsico pas\u00f3 factura y el equipo termin\u00f3 con diez hombres tras la expulsi\u00f3n de Pablo Vaca al minuto 90+1.<br \/>\nAlways Ready se qued\u00f3 con los tres puntos y el chispazo de su joya, Maraude.<br \/>\nABB se retir\u00f3 con la frente en alto tras haber firmado un partido de enorme resistencia y orden t\u00e1ctico.<br \/>\nPese a que en l\u00edneas generales no hubo la emoci\u00f3n del gol m\u00e1s que una vez, este encuentro de la Copa Bolivia sirvi\u00f3 en demas\u00eda para mostrar las alternativas con que cuentan los dos equipos pace\u00f1os y que durante el torneo de la Divisi\u00f3n Profesional, con suerte, llegan al banco de suplentes.<\/p>\n<p>NO HUBO M\u00c1S QUE UN GOL<\/p>\n<p>Lo peor del cl\u00e1sico alte\u00f1o fue la falta de emociones y ocasiones claras de gol durante casi los 90 minutos. Por algunos tramos el p\u00fablico lleg\u00f3 al aburrimiento por el extremo juego en el mediocampo.<\/p>\n<p>LA AUSENCIA DE FIGURAS PRINCIPALES<\/p>\n<p>Ambos directores t\u00e9cnicos decidieron reservar a la mayor\u00eda de sus futbolistas titulares habituales. Esto pes\u00f3 directamente sobre la fluidez colectiva y rest\u00f3 calidad al juego en conjunto.<\/p>\n<p>FIGURA DEL PARTIDO<br \/>\nJes\u00fas Maraude<\/p>\n<p>El juvenil de la \u00abBanda Roja\u00bb se llev\u00f3 todos los aplausos por el gol de la victoria, cuando el partido parec\u00eda destinado a un p\u00e1lido empate. Tambi\u00e9n gener\u00f3 desequilibrio en el juego de conjunto.<\/p>\n<p><em>GHILKA SANABRIA<\/em><\/p>\n\r\n                <style type=\"text\/css\">\r\n                    \r\n                    #tdi_1  .td-doubleSlider-2 .td-item1 {\r\n                        background: url(https:\/\/www.eldiario.net\/portal\/wp-content\/uploads\/2026\/08\/FOTO-20-1-80x60.webp) 0 0 no-repeat;\r\n                    }\r\n                    #tdi_1  .td-doubleSlider-2 .td-item2 {\r\n                        background: url(https:\/\/www.eldiario.net\/portal\/wp-content\/uploads\/2026\/08\/FOTO-21-1-80x60.webp) 0 0 no-repeat;\r\n                    }\r\n                    #tdi_1  .td-doubleSlider-2 .td-item3 {\r\n                        background: url(https:\/\/www.eldiario.net\/portal\/wp-content\/uploads\/2026\/08\/FOTO-22-1-80x60.webp) 0 0 no-repeat;\r\n                    }\r\n                    #tdi_1  .td-doubleSlider-2 .td-item4 {\r\n                        background: url(https:\/\/www.eldiario.net\/portal\/wp-content\/uploads\/2026\/08\/FOTO-23-2-80x60.webp) 0 0 no-repeat;\r\n                    }\r\n                    #tdi_1  .td-doubleSlider-2 .td-item5 {\r\n                        background: url(https:\/\/www.eldiario.net\/portal\/wp-content\/uploads\/2026\/08\/FOTO-24-2-80x60.webp) 0 0 no-repeat;\r\n                    }\r\n                <\/style>\r\n\r\n                <div id=\"tdi_1\" class=\"td-gallery td-slide-on-2-columns\">\r\n                    <div class=\"post_td_gallery\">\r\n                        <div class=\"td-gallery-slide-top\">\r\n                           <div class=\"td-gallery-title\"><\/div>\r\n\r\n                            <div class=\"td-gallery-controls-wrapper\">\r\n                                <div class=\"td-gallery-slide-count\"><span class=\"td-gallery-slide-item-focus\">1<\/span> de 5<\/div>\r\n                                <div class=\"td-gallery-slide-prev-next-but\">\r\n                                    <i class = \"td-icon-left doubleSliderPrevButton\"><\/i>\r\n                                    <i class = \"td-icon-right doubleSliderNextButton\"><\/i>\r\n                                <\/div>\r\n                            <\/div>\r\n                        <\/div>\r\n\r\n                        <div class = \"td-doubleSlider-1 \">\r\n                            <div class = \"td-slider\">\r\n                                \r\n                    <div class = \"td-slide-item td-item1\">\r\n                        <figure class=\"td-slide-galery-figure td-slide-popup-gallery\">\r\n                            <a class=\"slide-gallery-image-link\" href=\"https:\/\/www.eldiario.net\/portal\/wp-content\/uploads\/2026\/08\/FOTO-20-1.webp\" title=\"FOTO-20\"  data-caption=\" Jugadores de Always Ready congratulan a Jes\u00fas Maraude tras el \u00fanico gol del partido jugado ayer en El Alto. (APG)\"  data-description=\" Jugadores de Always Ready congratulan a Jes&uacute;s Maraude tras el &uacute;nico gol del partido jugado ayer en El Alto. (APG)\">\r\n                                <img decoding=\"async\" src=\"https:\/\/www.eldiario.net\/portal\/wp-content\/uploads\/2026\/08\/FOTO-20-1-543x420.webp\" srcset=\"https:\/\/www.eldiario.net\/portal\/wp-content\/uploads\/2026\/08\/FOTO-20-1-543x420.webp 543w, https:\/\/www.eldiario.net\/portal\/wp-content\/uploads\/2026\/08\/FOTO-20-1-300x232.webp 300w, https:\/\/www.eldiario.net\/portal\/wp-content\/uploads\/2026\/08\/FOTO-20-1-768x594.webp 768w, https:\/\/www.eldiario.net\/portal\/wp-content\/uploads\/2026\/08\/FOTO-20-1-150x116.webp 150w, https:\/\/www.eldiario.net\/portal\/wp-content\/uploads\/2026\/08\/FOTO-20-1-696x538.webp 696w, https:\/\/www.eldiario.net\/portal\/wp-content\/uploads\/2026\/08\/FOTO-20-1.webp 832w\" sizes=\"(max-width: 543px) 100vw, 543px\" alt=\"\">\r\n                            <\/a>\r\n                            <figcaption class = \"td-slide-caption td-gallery-slide-content\"><div class = \"td-gallery-slide-copywrite\"> Jugadores de Always Ready congratulan a Jes\u00fas Maraude tras el \u00fanico gol del partido jugado ayer en El Alto. (APG)<\/div><span> Jugadores de Always Ready congratulan a Jes\u00fas Maraude tras el \u00fanico gol del partido jugado ayer en El Alto. (APG)<\/span><\/figcaption>\r\n                        <\/figure>\r\n                    <\/div>\r\n                    <div class = \"td-slide-item td-item2\">\r\n                        <figure class=\"td-slide-galery-figure td-slide-popup-gallery\">\r\n                            <a class=\"slide-gallery-image-link\" href=\"https:\/\/www.eldiario.net\/portal\/wp-content\/uploads\/2026\/08\/FOTO-21-1.webp\" title=\"FOTO-21\"  data-caption=\"\"  data-description=\"\">\r\n                                <img decoding=\"async\" src=\"https:\/\/www.eldiario.net\/portal\/wp-content\/uploads\/2026\/08\/FOTO-21-1-360x420.webp\" srcset=\"https:\/\/www.eldiario.net\/portal\/wp-content\/uploads\/2026\/08\/FOTO-21-1-360x420.webp 360w, https:\/\/www.eldiario.net\/portal\/wp-content\/uploads\/2026\/08\/FOTO-21-1-257x300.webp 257w, https:\/\/www.eldiario.net\/portal\/wp-content\/uploads\/2026\/08\/FOTO-21-1-150x175.webp 150w, https:\/\/www.eldiario.net\/portal\/wp-content\/uploads\/2026\/08\/FOTO-21-1-300x350.webp 300w, https:\/\/www.eldiario.net\/portal\/wp-content\/uploads\/2026\/08\/FOTO-21-1.webp 571w\" sizes=\"(max-width: 360px) 100vw, 360px\" alt=\"\">\r\n                            <\/a>\r\n                            \r\n                        <\/figure>\r\n                    <\/div>\r\n                    <div class = \"td-slide-item td-item3\">\r\n                        <figure class=\"td-slide-galery-figure td-slide-popup-gallery\">\r\n                            <a class=\"slide-gallery-image-link\" href=\"https:\/\/www.eldiario.net\/portal\/wp-content\/uploads\/2026\/08\/FOTO-22-1.webp\" title=\"FOTO-22\"  data-caption=\"\"  data-description=\"\">\r\n                                <img decoding=\"async\" src=\"https:\/\/www.eldiario.net\/portal\/wp-content\/uploads\/2026\/08\/FOTO-22-1.webp\" srcset=\"https:\/\/www.eldiario.net\/portal\/wp-content\/uploads\/2026\/08\/FOTO-22-1.webp 382w, https:\/\/www.eldiario.net\/portal\/wp-content\/uploads\/2026\/08\/FOTO-22-1-300x235.webp 300w, https:\/\/www.eldiario.net\/portal\/wp-content\/uploads\/2026\/08\/FOTO-22-1-150x117.webp 150w\" sizes=\"(max-width: 382px) 100vw, 382px\" alt=\"\">\r\n                            <\/a>\r\n                            \r\n                        <\/figure>\r\n                    <\/div>\r\n                    <div class = \"td-slide-item td-item4\">\r\n                        <figure class=\"td-slide-galery-figure td-slide-popup-gallery\">\r\n                            <a class=\"slide-gallery-image-link\" href=\"https:\/\/www.eldiario.net\/portal\/wp-content\/uploads\/2026\/08\/FOTO-23-2.webp\" title=\"FOTO-23\"  data-caption=\"\"  data-description=\"\">\r\n                                <img decoding=\"async\" src=\"https:\/\/www.eldiario.net\/portal\/wp-content\/uploads\/2026\/08\/FOTO-23-2-471x420.webp\" srcset=\"https:\/\/www.eldiario.net\/portal\/wp-content\/uploads\/2026\/08\/FOTO-23-2-471x420.webp 471w, https:\/\/www.eldiario.net\/portal\/wp-content\/uploads\/2026\/08\/FOTO-23-2-300x268.webp 300w, https:\/\/www.eldiario.net\/portal\/wp-content\/uploads\/2026\/08\/FOTO-23-2-150x134.webp 150w, https:\/\/www.eldiario.net\/portal\/wp-content\/uploads\/2026\/08\/FOTO-23-2.webp 554w\" sizes=\"(max-width: 471px) 100vw, 471px\" alt=\"\">\r\n                            <\/a>\r\n                            \r\n                        <\/figure>\r\n                    <\/div>\r\n                    <div class = \"td-slide-item td-item5\">\r\n                        <figure class=\"td-slide-galery-figure td-slide-popup-gallery\">\r\n                            <a class=\"slide-gallery-image-link\" href=\"https:\/\/www.eldiario.net\/portal\/wp-content\/uploads\/2026\/08\/FOTO-24-2.webp\" title=\"FOTO-24\"  data-caption=\" Dominio &quot;millonario&quot; en el mediocampo durante varios tramos del cotejo disputado ayer en Villa Ingenio. (APG)\"  data-description=\" Dominio &quot;millonario&quot; en el mediocampo durante varios tramos del cotejo disputado ayer en Villa Ingenio. (APG)\">\r\n                                <img decoding=\"async\" src=\"https:\/\/www.eldiario.net\/portal\/wp-content\/uploads\/2026\/08\/FOTO-24-2-630x420.webp\" srcset=\"https:\/\/www.eldiario.net\/portal\/wp-content\/uploads\/2026\/08\/FOTO-24-2-630x420.webp 630w, https:\/\/www.eldiario.net\/portal\/wp-content\/uploads\/2026\/08\/FOTO-24-2-300x200.webp 300w, https:\/\/www.eldiario.net\/portal\/wp-content\/uploads\/2026\/08\/FOTO-24-2-1024x682.webp 1024w, https:\/\/www.eldiario.net\/portal\/wp-content\/uploads\/2026\/08\/FOTO-24-2-768x512.webp 768w, https:\/\/www.eldiario.net\/portal\/wp-content\/uploads\/2026\/08\/FOTO-24-2-150x100.webp 150w, https:\/\/www.eldiario.net\/portal\/wp-content\/uploads\/2026\/08\/FOTO-24-2-696x464.webp 696w, https:\/\/www.eldiario.net\/portal\/wp-content\/uploads\/2026\/08\/FOTO-24-2-1068x712.webp 1068w, https:\/\/www.eldiario.net\/portal\/wp-content\/uploads\/2026\/08\/FOTO-24-2.webp 1280w\" sizes=\"(max-width: 630px) 100vw, 630px\" alt=\"\">\r\n                            <\/a>\r\n                            <figcaption class = \"td-slide-caption td-gallery-slide-content\"><div class = \"td-gallery-slide-copywrite\"> Dominio \"millonario\" en el mediocampo durante varios tramos del cotejo disputado ayer en Villa Ingenio. (APG)<\/div><span> Dominio \"millonario\" en el mediocampo durante varios tramos del cotejo disputado ayer en Villa Ingenio. (APG)<\/span><\/figcaption>\r\n                        <\/figure>\r\n                    <\/div>\r\n                            <\/div>\r\n                        <\/div>\r\n\r\n                        <div class = \"td-doubleSlider-2\">\r\n                            <div class = \"td-slider\">\r\n                                \r\n                    <div class = \"td-button td-item1\">\r\n                        <div class = \"td-border\"><\/div>\r\n                    <\/div>\r\n                    <div class = \"td-button td-item2\">\r\n                        <div class = \"td-border\"><\/div>\r\n                    <\/div>\r\n                    <div class = \"td-button td-item3\">\r\n                        <div class = \"td-border\"><\/div>\r\n                    <\/div>\r\n                    <div class = \"td-button td-item4\">\r\n                        <div class = \"td-border\"><\/div>\r\n                    <\/div>\r\n                    <div class = \"td-button td-item5\">\r\n                        <div class = \"td-border\"><\/div>\r\n                    <\/div>\r\n                            <\/div>\r\n                        <\/div>\r\n\r\n                    <\/div>\r\n\r\n                <\/div>\r\n                \n","protected":false},"excerpt":{"rendered":"<p>En la segunda fecha de la Copa Bolivia, reservada para cl\u00e1sicos rivales, ayer en el estadio Municipal de Villa Ingenio de El Alto, Always Ready someti\u00f3 por 1 a 0 a ABB, con gol de Jes\u00fas Maraude a los &#8217;82. Desde el inicio, el duelo tuvo alta intensidad t\u00e1ctica y entrega juvenil. El elenco de [&hellip;]<\/p>\n","protected":false},"author":1,"featured_media":426261,"comment_status":"closed","ping_status":"open","sticky":false,"template":"","format":"standard","meta":{"_acf_changed":false,"footnotes":""},"categories":[6],"tags":[],"class_list":["post-426260","post","type-post","status-publish","format-standard","has-post-thumbnail","category-deportes"],"acf":{"antetitulo":""},"yoast_head":"<!-- This site is optimized with the Yoast SEO plugin v28.3 - https:\/\/yoast.com\/product\/yoast-seo-wordpress\/ -->\n<title>Always Ready gana con lo justo en El Alto - El Diario - Bolivia<\/title>\n<meta name=\"robots\" content=\"index, follow, max-snippet:-1, max-image-preview:large, max-video-preview:-1\" \/>\n<link rel=\"canonical\" href=\"https:\/\/www.eldiario.net\/portal\/2026\/08\/31\/always-ready-gana-con-lo-justo-en-el-alto\/\" \/>\n<meta property=\"og:locale\" content=\"es_ES\" \/>\n<meta property=\"og:type\" content=\"article\" \/>\n<meta property=\"og:title\" content=\"Always Ready gana con lo justo en El Alto - El Diario - Bolivia\" \/>\n<meta property=\"og:description\" content=\"En la segunda fecha de la Copa Bolivia, reservada para cl\u00e1sicos rivales, ayer en el estadio Municipal de Villa Ingenio de El Alto, Always Ready someti\u00f3 por 1 a 0 a ABB, con gol de Jes\u00fas Maraude a los &#8217;82. Desde el inicio, el duelo tuvo alta intensidad t\u00e1ctica y entrega juvenil. El elenco de [&hellip;]\" \/>\n<meta property=\"og:url\" content=\"https:\/\/www.eldiario.net\/portal\/2026\/08\/31\/always-ready-gana-con-lo-justo-en-el-alto\/\" \/>\n<meta property=\"og:site_name\" content=\"El Diario - Bolivia\" \/>\n<meta property=\"article:publisher\" content=\"https:\/\/www.facebook.com\/eldiario.bolivia\/\" \/>\n<meta property=\"article:published_time\" content=\"2026-08-31T04:32:14+00:00\" \/>\n<meta property=\"og:image\" content=\"https:\/\/www.eldiario.net\/portal\/wp-content\/uploads\/2026\/08\/FOTO-20-1.webp\" \/>\n\t<meta property=\"og:image:width\" content=\"832\" \/>\n\t<meta property=\"og:image:height\" content=\"643\" \/>\n\t<meta property=\"og:image:type\" content=\"image\/webp\" \/>\n<meta name=\"author\" content=\"Jeanette\" \/>\n<meta name=\"twitter:card\" content=\"summary_large_image\" \/>\n<meta name=\"twitter:creator\" content=\"@eldiario_net\" \/>\n<meta name=\"twitter:site\" content=\"@eldiario_net\" \/>\n<meta name=\"twitter:label1\" content=\"Escrito por\" \/>\n\t<meta name=\"twitter:data1\" content=\"Jeanette\" \/>\n\t<meta name=\"twitter:label2\" content=\"Tiempo de lectura\" \/>\n\t<meta name=\"twitter:data2\" content=\"3 minutos\" \/>\n<script type=\"application\/ld+json\" class=\"yoast-schema-graph\">{\"@context\":\"https:\\\/\\\/schema.org\",\"@graph\":[{\"@type\":\"Article\",\"@id\":\"https:\\\/\\\/www.eldiario.net\\\/portal\\\/2026\\\/08\\\/31\\\/always-ready-gana-con-lo-justo-en-el-alto\\\/#article\",\"isPartOf\":{\"@id\":\"https:\\\/\\\/www.eldiario.net\\\/portal\\\/2026\\\/08\\\/31\\\/always-ready-gana-con-lo-justo-en-el-alto\\\/\"},\"author\":{\"name\":\"Jeanette\",\"@id\":\"https:\\\/\\\/www.eldiario.net\\\/portal\\\/#\\\/schema\\\/person\\\/f46445640444750d7d753ccd04ae01b7\"},\"headline\":\"Always Ready gana con lo justo en El Alto\",\"datePublished\":\"2026-08-31T04:32:14+00:00\",\"mainEntityOfPage\":{\"@id\":\"https:\\\/\\\/www.eldiario.net\\\/portal\\\/2026\\\/08\\\/31\\\/always-ready-gana-con-lo-justo-en-el-alto\\\/\"},\"wordCount\":568,\"publisher\":{\"@id\":\"https:\\\/\\\/www.eldiario.net\\\/portal\\\/#organization\"},\"image\":{\"@id\":\"https:\\\/\\\/www.eldiario.net\\\/portal\\\/2026\\\/08\\\/31\\\/always-ready-gana-con-lo-justo-en-el-alto\\\/#primaryimage\"},\"thumbnailUrl\":\"https:\\\/\\\/www.eldiario.net\\\/portal\\\/wp-content\\\/uploads\\\/2026\\\/08\\\/FOTO-20-1.webp\",\"articleSection\":[\"Deportes\"],\"inLanguage\":\"es\"},{\"@type\":\"WebPage\",\"@id\":\"https:\\\/\\\/www.eldiario.net\\\/portal\\\/2026\\\/08\\\/31\\\/always-ready-gana-con-lo-justo-en-el-alto\\\/\",\"url\":\"https:\\\/\\\/www.eldiario.net\\\/portal\\\/2026\\\/08\\\/31\\\/always-ready-gana-con-lo-justo-en-el-alto\\\/\",\"name\":\"Always Ready gana con lo justo en El Alto - El Diario - Bolivia\",\"isPartOf\":{\"@id\":\"https:\\\/\\\/www.eldiario.net\\\/portal\\\/#website\"},\"primaryImageOfPage\":{\"@id\":\"https:\\\/\\\/www.eldiario.net\\\/portal\\\/2026\\\/08\\\/31\\\/always-ready-gana-con-lo-justo-en-el-alto\\\/#primaryimage\"},\"image\":{\"@id\":\"https:\\\/\\\/www.eldiario.net\\\/portal\\\/2026\\\/08\\\/31\\\/always-ready-gana-con-lo-justo-en-el-alto\\\/#primaryimage\"},\"thumbnailUrl\":\"https:\\\/\\\/www.eldiario.net\\\/portal\\\/wp-content\\\/uploads\\\/2026\\\/08\\\/FOTO-20-1.webp\",\"datePublished\":\"2026-08-31T04:32:14+00:00\",\"breadcrumb\":{\"@id\":\"https:\\\/\\\/www.eldiario.net\\\/portal\\\/2026\\\/08\\\/31\\\/always-ready-gana-con-lo-justo-en-el-alto\\\/#breadcrumb\"},\"inLanguage\":\"es\",\"potentialAction\":[{\"@type\":\"ReadAction\",\"target\":[\"https:\\\/\\\/www.eldiario.net\\\/portal\\\/2026\\\/08\\\/31\\\/always-ready-gana-con-lo-justo-en-el-alto\\\/\"]}]},{\"@type\":\"ImageObject\",\"inLanguage\":\"es\",\"@id\":\"https:\\\/\\\/www.eldiario.net\\\/portal\\\/2026\\\/08\\\/31\\\/always-ready-gana-con-lo-justo-en-el-alto\\\/#primaryimage\",\"url\":\"https:\\\/\\\/www.eldiario.net\\\/portal\\\/wp-content\\\/uploads\\\/2026\\\/08\\\/FOTO-20-1.webp\",\"contentUrl\":\"https:\\\/\\\/www.eldiario.net\\\/portal\\\/wp-content\\\/uploads\\\/2026\\\/08\\\/FOTO-20-1.webp\",\"width\":832,\"height\":643,\"caption\":\"Jugadores de Always Ready congratulan a Jes\u00fas Maraude tras el \u00fanico gol del partido jugado ayer en El Alto. (APG)\"},{\"@type\":\"BreadcrumbList\",\"@id\":\"https:\\\/\\\/www.eldiario.net\\\/portal\\\/2026\\\/08\\\/31\\\/always-ready-gana-con-lo-justo-en-el-alto\\\/#breadcrumb\",\"itemListElement\":[{\"@type\":\"ListItem\",\"position\":1,\"name\":\"Portada\",\"item\":\"https:\\\/\\\/www.eldiario.net\\\/portal\\\/\"},{\"@type\":\"ListItem\",\"position\":2,\"name\":\"Always Ready gana con lo justo en El Alto\"}]},{\"@type\":\"WebSite\",\"@id\":\"https:\\\/\\\/www.eldiario.net\\\/portal\\\/#website\",\"url\":\"https:\\\/\\\/www.eldiario.net\\\/portal\\\/\",\"name\":\"El Diario - Decano de la prensa nacional\",\"description\":\"El Diario - Decano de la prensa nacional\",\"publisher\":{\"@id\":\"https:\\\/\\\/www.eldiario.net\\\/portal\\\/#organization\"},\"potentialAction\":[{\"@type\":\"SearchAction\",\"target\":{\"@type\":\"EntryPoint\",\"urlTemplate\":\"https:\\\/\\\/www.eldiario.net\\\/portal\\\/?s={search_term_string}\"},\"query-input\":{\"@type\":\"PropertyValueSpecification\",\"valueRequired\":true,\"valueName\":\"search_term_string\"}}],\"inLanguage\":\"es\"},{\"@type\":\"Organization\",\"@id\":\"https:\\\/\\\/www.eldiario.net\\\/portal\\\/#organization\",\"name\":\"El Diario - Decano de la prensa nacional\",\"url\":\"https:\\\/\\\/www.eldiario.net\\\/portal\\\/\",\"logo\":{\"@type\":\"ImageObject\",\"inLanguage\":\"es\",\"@id\":\"https:\\\/\\\/www.eldiario.net\\\/portal\\\/#\\\/schema\\\/logo\\\/image\\\/\",\"url\":\"https:\\\/\\\/www.eldiario.net\\\/portal\\\/wp-content\\\/uploads\\\/2023\\\/07\\\/logo_ED.jpg\",\"contentUrl\":\"https:\\\/\\\/www.eldiario.net\\\/portal\\\/wp-content\\\/uploads\\\/2023\\\/07\\\/logo_ED.jpg\",\"width\":272,\"height\":52,\"caption\":\"El Diario - Decano de la prensa nacional\"},\"image\":{\"@id\":\"https:\\\/\\\/www.eldiario.net\\\/portal\\\/#\\\/schema\\\/logo\\\/image\\\/\"},\"sameAs\":[\"https:\\\/\\\/www.facebook.com\\\/eldiario.bolivia\\\/\",\"https:\\\/\\\/x.com\\\/eldiario_net\"]},{\"@type\":\"Person\",\"@id\":\"https:\\\/\\\/www.eldiario.net\\\/portal\\\/#\\\/schema\\\/person\\\/f46445640444750d7d753ccd04ae01b7\",\"name\":\"Jeanette\",\"image\":{\"@type\":\"ImageObject\",\"inLanguage\":\"es\",\"@id\":\"https:\\\/\\\/secure.gravatar.com\\\/avatar\\\/3ea2118a5f7dad2b7138b1187a6b7ee55f160b9968b66013c3a3ef39dd7e5798?s=96&d=mm&r=g\",\"url\":\"https:\\\/\\\/secure.gravatar.com\\\/avatar\\\/3ea2118a5f7dad2b7138b1187a6b7ee55f160b9968b66013c3a3ef39dd7e5798?s=96&d=mm&r=g\",\"contentUrl\":\"https:\\\/\\\/secure.gravatar.com\\\/avatar\\\/3ea2118a5f7dad2b7138b1187a6b7ee55f160b9968b66013c3a3ef39dd7e5798?s=96&d=mm&r=g\",\"caption\":\"Jeanette\"},\"sameAs\":[\"https:\\\/\\\/www.eldiario.net\\\/portal\"],\"url\":\"https:\\\/\\\/www.eldiario.net\\\/portal\\\/author\\\/jeanette\\\/\"}]}<\/script>\n<!-- \/ Yoast SEO plugin. -->","yoast_head_json":{"title":"Always Ready gana con lo justo en El Alto - El Diario - Bolivia","robots":{"index":"index","follow":"follow","max-snippet":"max-snippet:-1","max-image-preview":"max-image-preview:large","max-video-preview":"max-video-preview:-1"},"canonical":"https:\/\/www.eldiario.net\/portal\/2026\/08\/31\/always-ready-gana-con-lo-justo-en-el-alto\/","og_locale":"es_ES","og_type":"article","og_title":"Always Ready gana con lo justo en El Alto - El Diario - Bolivia","og_description":"En la segunda fecha de la Copa Bolivia, reservada para cl\u00e1sicos rivales, ayer en el estadio Municipal de Villa Ingenio de El Alto, Always Ready someti\u00f3 por 1 a 0 a ABB, con gol de Jes\u00fas Maraude a los &#8217;82. Desde el inicio, el duelo tuvo alta intensidad t\u00e1ctica y entrega juvenil. El elenco de [&hellip;]","og_url":"https:\/\/www.eldiario.net\/portal\/2026\/08\/31\/always-ready-gana-con-lo-justo-en-el-alto\/","og_site_name":"El Diario - Bolivia","article_publisher":"https:\/\/www.facebook.com\/eldiario.bolivia\/","article_published_time":"2026-08-31T04:32:14+00:00","og_image":[{"width":832,"height":643,"url":"https:\/\/www.eldiario.net\/portal\/wp-content\/uploads\/2026\/08\/FOTO-20-1.webp","type":"image\/webp"}],"author":"Jeanette","twitter_card":"summary_large_image","twitter_creator":"@eldiario_net","twitter_site":"@eldiario_net","twitter_misc":{"Escrito por":"Jeanette","Tiempo de lectura":"3 minutos"},"schema":{"@context":"https:\/\/schema.org","@graph":[{"@type":"Article","@id":"https:\/\/www.eldiario.net\/portal\/2026\/08\/31\/always-ready-gana-con-lo-justo-en-el-alto\/#article","isPartOf":{"@id":"https:\/\/www.eldiario.net\/portal\/2026\/08\/31\/always-ready-gana-con-lo-justo-en-el-alto\/"},"author":{"name":"Jeanette","@id":"https:\/\/www.eldiario.net\/portal\/#\/schema\/person\/f46445640444750d7d753ccd04ae01b7"},"headline":"Always Ready gana con lo justo en El Alto","datePublished":"2026-08-31T04:32:14+00:00","mainEntityOfPage":{"@id":"https:\/\/www.eldiario.net\/portal\/2026\/08\/31\/always-ready-gana-con-lo-justo-en-el-alto\/"},"wordCount":568,"publisher":{"@id":"https:\/\/www.eldiario.net\/portal\/#organization"},"image":{"@id":"https:\/\/www.eldiario.net\/portal\/2026\/08\/31\/always-ready-gana-con-lo-justo-en-el-alto\/#primaryimage"},"thumbnailUrl":"https:\/\/www.eldiario.net\/portal\/wp-content\/uploads\/2026\/08\/FOTO-20-1.webp","articleSection":["Deportes"],"inLanguage":"es"},{"@type":"WebPage","@id":"https:\/\/www.eldiario.net\/portal\/2026\/08\/31\/always-ready-gana-con-lo-justo-en-el-alto\/","url":"https:\/\/www.eldiario.net\/portal\/2026\/08\/31\/always-ready-gana-con-lo-justo-en-el-alto\/","name":"Always Ready gana con lo justo en El Alto - El Diario - Bolivia","isPartOf":{"@id":"https:\/\/www.eldiario.net\/portal\/#website"},"primaryImageOfPage":{"@id":"https:\/\/www.eldiario.net\/portal\/2026\/08\/31\/always-ready-gana-con-lo-justo-en-el-alto\/#primaryimage"},"image":{"@id":"https:\/\/www.eldiario.net\/portal\/2026\/08\/31\/always-ready-gana-con-lo-justo-en-el-alto\/#primaryimage"},"thumbnailUrl":"https:\/\/www.eldiario.net\/portal\/wp-content\/uploads\/2026\/08\/FOTO-20-1.webp","datePublished":"2026-08-31T04:32:14+00:00","breadcrumb":{"@id":"https:\/\/www.eldiario.net\/portal\/2026\/08\/31\/always-ready-gana-con-lo-justo-en-el-alto\/#breadcrumb"},"inLanguage":"es","potentialAction":[{"@type":"ReadAction","target":["https:\/\/www.eldiario.net\/portal\/2026\/08\/31\/always-ready-gana-con-lo-justo-en-el-alto\/"]}]},{"@type":"ImageObject","inLanguage":"es","@id":"https:\/\/www.eldiario.net\/portal\/2026\/08\/31\/always-ready-gana-con-lo-justo-en-el-alto\/#primaryimage","url":"https:\/\/www.eldiario.net\/portal\/wp-content\/uploads\/2026\/08\/FOTO-20-1.webp","contentUrl":"https:\/\/www.eldiario.net\/portal\/wp-content\/uploads\/2026\/08\/FOTO-20-1.webp","width":832,"height":643,"caption":"Jugadores de Always Ready congratulan a Jes\u00fas Maraude tras el \u00fanico gol del partido jugado ayer en El Alto. (APG)"},{"@type":"BreadcrumbList","@id":"https:\/\/www.eldiario.net\/portal\/2026\/08\/31\/always-ready-gana-con-lo-justo-en-el-alto\/#breadcrumb","itemListElement":[{"@type":"ListItem","position":1,"name":"Portada","item":"https:\/\/www.eldiario.net\/portal\/"},{"@type":"ListItem","position":2,"name":"Always Ready gana con lo justo en El Alto"}]},{"@type":"WebSite","@id":"https:\/\/www.eldiario.net\/portal\/#website","url":"https:\/\/www.eldiario.net\/portal\/","name":"El Diario - Decano de la prensa nacional","description":"El Diario - Decano de la prensa nacional","publisher":{"@id":"https:\/\/www.eldiario.net\/portal\/#organization"},"potentialAction":[{"@type":"SearchAction","target":{"@type":"EntryPoint","urlTemplate":"https:\/\/www.eldiario.net\/portal\/?s={search_term_string}"},"query-input":{"@type":"PropertyValueSpecification","valueRequired":true,"valueName":"search_term_string"}}],"inLanguage":"es"},{"@type":"Organization","@id":"https:\/\/www.eldiario.net\/portal\/#organization","name":"El Diario - Decano de la prensa nacional","url":"https:\/\/www.eldiario.net\/portal\/","logo":{"@type":"ImageObject","inLanguage":"es","@id":"https:\/\/www.eldiario.net\/portal\/#\/schema\/logo\/image\/","url":"https:\/\/www.eldiario.net\/portal\/wp-content\/uploads\/2023\/07\/logo_ED.jpg","contentUrl":"https:\/\/www.eldiario.net\/portal\/wp-content\/uploads\/2023\/07\/logo_ED.jpg","width":272,"height":52,"caption":"El Diario - Decano de la prensa nacional"},"image":{"@id":"https:\/\/www.eldiario.net\/portal\/#\/schema\/logo\/image\/"},"sameAs":["https:\/\/www.facebook.com\/eldiario.bolivia\/","https:\/\/x.com\/eldiario_net"]},{"@type":"Person","@id":"https:\/\/www.eldiario.net\/portal\/#\/schema\/person\/f46445640444750d7d753ccd04ae01b7","name":"Jeanette","image":{"@type":"ImageObject","inLanguage":"es","@id":"https:\/\/secure.gravatar.com\/avatar\/3ea2118a5f7dad2b7138b1187a6b7ee55f160b9968b66013c3a3ef39dd7e5798?s=96&d=mm&r=g","url":"https:\/\/secure.gravatar.com\/avatar\/3ea2118a5f7dad2b7138b1187a6b7ee55f160b9968b66013c3a3ef39dd7e5798?s=96&d=mm&r=g","contentUrl":"https:\/\/secure.gravatar.com\/avatar\/3ea2118a5f7dad2b7138b1187a6b7ee55f160b9968b66013c3a3ef39dd7e5798?s=96&d=mm&r=g","caption":"Jeanette"},"sameAs":["https:\/\/www.eldiario.net\/portal"],"url":"https:\/\/www.eldiario.net\/portal\/author\/jeanette\/"}]}},"_links":{"self":[{"href":"https:\/\/www.eldiario.net\/portal\/wp-json\/wp\/v2\/posts\/426260","targetHints":{"allow":["GET"]}}],"collection":[{"href":"https:\/\/www.eldiario.net\/portal\/wp-json\/wp\/v2\/posts"}],"about":[{"href":"https:\/\/www.eldiario.net\/portal\/wp-json\/wp\/v2\/types\/post"}],"author":[{"embeddable":true,"href":"https:\/\/www.eldiario.net\/portal\/wp-json\/wp\/v2\/users\/1"}],"replies":[{"embeddable":true,"href":"https:\/\/www.eldiario.net\/portal\/wp-json\/wp\/v2\/comments?post=426260"}],"version-history":[{"count":1,"href":"https:\/\/www.eldiario.net\/portal\/wp-json\/wp\/v2\/posts\/426260\/revisions"}],"predecessor-version":[{"id":426266,"href":"https:\/\/www.eldiario.net\/portal\/wp-json\/wp\/v2\/posts\/426260\/revisions\/426266"}],"wp:featuredmedia":[{"embeddable":true,"href":"https:\/\/www.eldiario.net\/portal\/wp-json\/wp\/v2\/media\/426261"}],"wp:attachment":[{"href":"https:\/\/www.eldiario.net\/portal\/wp-json\/wp\/v2\/media?parent=426260"}],"wp:term":[{"taxonomy":"category","embeddable":true,"href":"https:\/\/www.eldiario.net\/portal\/wp-json\/wp\/v2\/categories?post=426260"},{"taxonomy":"post_tag","embeddable":true,"href":"https:\/\/www.eldiario.net\/portal\/wp-json\/wp\/v2\/tags?post=426260"}],"curies":[{"name":"wp","href":"https:\/\/api.w.org\/{rel}","templated":true}]}}