{"id":426257,"date":"2026-08-31T00:31:14","date_gmt":"2026-08-31T04:31:14","guid":{"rendered":"https:\/\/www.eldiario.net\/portal\/?p=426257"},"modified":"2026-08-30T22:32:04","modified_gmt":"2026-08-31T02:32:04","slug":"eliminatorias-y-liga-de-naciones-los-proximos-retos-de-la-verde","status":"publish","type":"post","link":"https:\/\/www.eldiario.net\/portal\/2026\/08\/31\/eliminatorias-y-liga-de-naciones-los-proximos-retos-de-la-verde\/","title":{"rendered":"Eliminatorias y Liga de Naciones,  los pr\u00f3ximos retos de La Verde"},"content":{"rendered":"<p>La Conmebol ya decidi\u00f3 el formato de las pr\u00f3ximas eliminatorias mundialistas, adem\u00e1s, de forma paralela, confirm\u00f3 un nuevo torneo que se llevar\u00e1 adelante, denominado Liga de Naciones, tal como se disputa actualmente con las selecciones femeninas.<br \/>\nEl anuncio lo realiz\u00f3 el fin de semana, el presidente de la Federaci\u00f3n Peruana de F\u00fatbol, Agust\u00edn Lozano, seg\u00fan confirm\u00f3 el portal Bolavip, en una entrevista que le realiz\u00f3 el canal Am\u00e9rica.<br \/>\nLas clasificatorias para la Copa del Mundo de 2030, que se disputar\u00e1 en Marruecos, Espa\u00f1a y Portugal, pero que tendr\u00e1 partidos en Argentina, Paraguay y Uruguay, se anunci\u00f3 para 2027, se mencionaba marzo pero al parecer se iniciar\u00e1 a mediados del pr\u00f3ximo a\u00f1o.<br \/>\n\u201cEl formato va a ser el mismo. Jugaremos dos clasificaciones: al Mundial y a la Liga de Naciones del 2031. Per\u00fa va a competir como lo har\u00e1n las otras selecciones\u201c, asegur\u00f3 en la mencionada entrevista el presidente de la FPF.<br \/>\nArgentina, Paraguay y Per\u00fa tienen un cupo asegurado para la cita mundialista de 2030, por lo que restar\u00edan por disputar tres plazas y media m\u00e1s, aunque se podr\u00eda incrementar si el siguiente mundial cuenta con 60 selecciones.<br \/>\nLas Eliminatorias para el Mundial 2030, al continuar con su formato habitual, de jugarse bajo la modalidad de todos contra todos, dan cuenta que Per\u00fa deber\u00e1 jugar contra todas las selecciones Conmebol. Por lo tanto, contin\u00faa con sus planes para que ciertos partidos de local se disputen en la altura de Cusco o de Puno, rese\u00f1a Bolavip.<\/p>\n<p>LIGA DE NACIONES<br \/>\nEn el f\u00fatbol femenino se juegan las eliminatorias bajo la denominaci\u00f3n de Liga de Naciones, algo similar se plantea a nivel de selecciones masculinas, seg\u00fan Lozano.<br \/>\nEn este formato, se enfrentar\u00e1n ocho selecciones de Sudam\u00e9rica con sus similares de Europa.<\/p>\n<p>6 plazas y media tendr\u00e1 Conmebol para acceder al pr\u00f3ximo Mundial, aunque se podr\u00eda incrementar el n\u00famero.<\/p>\n","protected":false},"excerpt":{"rendered":"<p>La Conmebol ya decidi\u00f3 el formato de las pr\u00f3ximas eliminatorias mundialistas, adem\u00e1s, de forma paralela, confirm\u00f3 un nuevo torneo que se llevar\u00e1 adelante, denominado Liga de Naciones, tal como se disputa actualmente con las selecciones femeninas. El anuncio lo realiz\u00f3 el fin de semana, el presidente de la Federaci\u00f3n Peruana de F\u00fatbol, Agust\u00edn Lozano, seg\u00fan [&hellip;]<\/p>\n","protected":false},"author":1,"featured_media":426258,"comment_status":"closed","ping_status":"open","sticky":false,"template":"","format":"standard","meta":{"_acf_changed":false,"footnotes":""},"categories":[6],"tags":[],"class_list":["post-426257","post","type-post","status-publish","format-standard","has-post-thumbnail","category-deportes"],"acf":{"antetitulo":""},"yoast_head":"<!-- This site is optimized with the Yoast SEO plugin v28.3 - https:\/\/yoast.com\/product\/yoast-seo-wordpress\/ -->\n<title>Eliminatorias y Liga de Naciones, los pr\u00f3ximos retos de La Verde - El Diario - Bolivia<\/title>\n<meta name=\"robots\" content=\"index, follow, max-snippet:-1, max-image-preview:large, max-video-preview:-1\" \/>\n<link rel=\"canonical\" href=\"https:\/\/www.eldiario.net\/portal\/2026\/08\/31\/eliminatorias-y-liga-de-naciones-los-proximos-retos-de-la-verde\/\" \/>\n<meta property=\"og:locale\" content=\"es_ES\" \/>\n<meta property=\"og:type\" content=\"article\" \/>\n<meta property=\"og:title\" content=\"Eliminatorias y Liga de Naciones, los pr\u00f3ximos retos de La Verde - El Diario - Bolivia\" \/>\n<meta property=\"og:description\" content=\"La Conmebol ya decidi\u00f3 el formato de las pr\u00f3ximas eliminatorias mundialistas, adem\u00e1s, de forma paralela, confirm\u00f3 un nuevo torneo que se llevar\u00e1 adelante, denominado Liga de Naciones, tal como se disputa actualmente con las selecciones femeninas. El anuncio lo realiz\u00f3 el fin de semana, el presidente de la Federaci\u00f3n Peruana de F\u00fatbol, Agust\u00edn Lozano, seg\u00fan [&hellip;]\" \/>\n<meta property=\"og:url\" content=\"https:\/\/www.eldiario.net\/portal\/2026\/08\/31\/eliminatorias-y-liga-de-naciones-los-proximos-retos-de-la-verde\/\" \/>\n<meta property=\"og:site_name\" content=\"El Diario - Bolivia\" \/>\n<meta property=\"article:publisher\" content=\"https:\/\/www.facebook.com\/eldiario.bolivia\/\" \/>\n<meta property=\"article:published_time\" content=\"2026-08-31T04:31:14+00:00\" \/>\n<meta property=\"og:image\" content=\"https:\/\/www.eldiario.net\/portal\/wp-content\/uploads\/2026\/08\/FOTO-25-1.webp\" \/>\n\t<meta property=\"og:image:width\" content=\"1200\" \/>\n\t<meta property=\"og:image:height\" content=\"900\" \/>\n\t<meta property=\"og:image:type\" content=\"image\/webp\" \/>\n<meta name=\"author\" content=\"Jeanette\" \/>\n<meta name=\"twitter:card\" content=\"summary_large_image\" \/>\n<meta name=\"twitter:creator\" content=\"@eldiario_net\" \/>\n<meta name=\"twitter:site\" content=\"@eldiario_net\" \/>\n<meta name=\"twitter:label1\" content=\"Escrito por\" \/>\n\t<meta name=\"twitter:data1\" content=\"Jeanette\" \/>\n\t<meta name=\"twitter:label2\" content=\"Tiempo de lectura\" \/>\n\t<meta name=\"twitter:data2\" content=\"2 minutos\" \/>\n<script type=\"application\/ld+json\" class=\"yoast-schema-graph\">{\"@context\":\"https:\\\/\\\/schema.org\",\"@graph\":[{\"@type\":\"Article\",\"@id\":\"https:\\\/\\\/www.eldiario.net\\\/portal\\\/2026\\\/08\\\/31\\\/eliminatorias-y-liga-de-naciones-los-proximos-retos-de-la-verde\\\/#article\",\"isPartOf\":{\"@id\":\"https:\\\/\\\/www.eldiario.net\\\/portal\\\/2026\\\/08\\\/31\\\/eliminatorias-y-liga-de-naciones-los-proximos-retos-de-la-verde\\\/\"},\"author\":{\"name\":\"Jeanette\",\"@id\":\"https:\\\/\\\/www.eldiario.net\\\/portal\\\/#\\\/schema\\\/person\\\/f46445640444750d7d753ccd04ae01b7\"},\"headline\":\"Eliminatorias y Liga de Naciones, los pr\u00f3ximos retos de La Verde\",\"datePublished\":\"2026-08-31T04:31:14+00:00\",\"mainEntityOfPage\":{\"@id\":\"https:\\\/\\\/www.eldiario.net\\\/portal\\\/2026\\\/08\\\/31\\\/eliminatorias-y-liga-de-naciones-los-proximos-retos-de-la-verde\\\/\"},\"wordCount\":334,\"publisher\":{\"@id\":\"https:\\\/\\\/www.eldiario.net\\\/portal\\\/#organization\"},\"image\":{\"@id\":\"https:\\\/\\\/www.eldiario.net\\\/portal\\\/2026\\\/08\\\/31\\\/eliminatorias-y-liga-de-naciones-los-proximos-retos-de-la-verde\\\/#primaryimage\"},\"thumbnailUrl\":\"https:\\\/\\\/www.eldiario.net\\\/portal\\\/wp-content\\\/uploads\\\/2026\\\/08\\\/FOTO-25-1.webp\",\"articleSection\":[\"Deportes\"],\"inLanguage\":\"es\"},{\"@type\":\"WebPage\",\"@id\":\"https:\\\/\\\/www.eldiario.net\\\/portal\\\/2026\\\/08\\\/31\\\/eliminatorias-y-liga-de-naciones-los-proximos-retos-de-la-verde\\\/\",\"url\":\"https:\\\/\\\/www.eldiario.net\\\/portal\\\/2026\\\/08\\\/31\\\/eliminatorias-y-liga-de-naciones-los-proximos-retos-de-la-verde\\\/\",\"name\":\"Eliminatorias y Liga de Naciones, los pr\u00f3ximos retos de La Verde - El Diario - Bolivia\",\"isPartOf\":{\"@id\":\"https:\\\/\\\/www.eldiario.net\\\/portal\\\/#website\"},\"primaryImageOfPage\":{\"@id\":\"https:\\\/\\\/www.eldiario.net\\\/portal\\\/2026\\\/08\\\/31\\\/eliminatorias-y-liga-de-naciones-los-proximos-retos-de-la-verde\\\/#primaryimage\"},\"image\":{\"@id\":\"https:\\\/\\\/www.eldiario.net\\\/portal\\\/2026\\\/08\\\/31\\\/eliminatorias-y-liga-de-naciones-los-proximos-retos-de-la-verde\\\/#primaryimage\"},\"thumbnailUrl\":\"https:\\\/\\\/www.eldiario.net\\\/portal\\\/wp-content\\\/uploads\\\/2026\\\/08\\\/FOTO-25-1.webp\",\"datePublished\":\"2026-08-31T04:31:14+00:00\",\"breadcrumb\":{\"@id\":\"https:\\\/\\\/www.eldiario.net\\\/portal\\\/2026\\\/08\\\/31\\\/eliminatorias-y-liga-de-naciones-los-proximos-retos-de-la-verde\\\/#breadcrumb\"},\"inLanguage\":\"es\",\"potentialAction\":[{\"@type\":\"ReadAction\",\"target\":[\"https:\\\/\\\/www.eldiario.net\\\/portal\\\/2026\\\/08\\\/31\\\/eliminatorias-y-liga-de-naciones-los-proximos-retos-de-la-verde\\\/\"]}]},{\"@type\":\"ImageObject\",\"inLanguage\":\"es\",\"@id\":\"https:\\\/\\\/www.eldiario.net\\\/portal\\\/2026\\\/08\\\/31\\\/eliminatorias-y-liga-de-naciones-los-proximos-retos-de-la-verde\\\/#primaryimage\",\"url\":\"https:\\\/\\\/www.eldiario.net\\\/portal\\\/wp-content\\\/uploads\\\/2026\\\/08\\\/FOTO-25-1.webp\",\"contentUrl\":\"https:\\\/\\\/www.eldiario.net\\\/portal\\\/wp-content\\\/uploads\\\/2026\\\/08\\\/FOTO-25-1.webp\",\"width\":1200,\"height\":900,\"caption\":\"Terceros festeja tras anotar a Brasil en el estadio de Villa Ingenio, ese triunfo le dio a Bolivia el pase al repechaje. (ARCHIVO)\"},{\"@type\":\"BreadcrumbList\",\"@id\":\"https:\\\/\\\/www.eldiario.net\\\/portal\\\/2026\\\/08\\\/31\\\/eliminatorias-y-liga-de-naciones-los-proximos-retos-de-la-verde\\\/#breadcrumb\",\"itemListElement\":[{\"@type\":\"ListItem\",\"position\":1,\"name\":\"Portada\",\"item\":\"https:\\\/\\\/www.eldiario.net\\\/portal\\\/\"},{\"@type\":\"ListItem\",\"position\":2,\"name\":\"Eliminatorias y Liga de Naciones, los pr\u00f3ximos retos de La Verde\"}]},{\"@type\":\"WebSite\",\"@id\":\"https:\\\/\\\/www.eldiario.net\\\/portal\\\/#website\",\"url\":\"https:\\\/\\\/www.eldiario.net\\\/portal\\\/\",\"name\":\"El Diario - Decano de la prensa nacional\",\"description\":\"El Diario - Decano de la prensa nacional\",\"publisher\":{\"@id\":\"https:\\\/\\\/www.eldiario.net\\\/portal\\\/#organization\"},\"potentialAction\":[{\"@type\":\"SearchAction\",\"target\":{\"@type\":\"EntryPoint\",\"urlTemplate\":\"https:\\\/\\\/www.eldiario.net\\\/portal\\\/?s={search_term_string}\"},\"query-input\":{\"@type\":\"PropertyValueSpecification\",\"valueRequired\":true,\"valueName\":\"search_term_string\"}}],\"inLanguage\":\"es\"},{\"@type\":\"Organization\",\"@id\":\"https:\\\/\\\/www.eldiario.net\\\/portal\\\/#organization\",\"name\":\"El Diario - Decano de la prensa nacional\",\"url\":\"https:\\\/\\\/www.eldiario.net\\\/portal\\\/\",\"logo\":{\"@type\":\"ImageObject\",\"inLanguage\":\"es\",\"@id\":\"https:\\\/\\\/www.eldiario.net\\\/portal\\\/#\\\/schema\\\/logo\\\/image\\\/\",\"url\":\"https:\\\/\\\/www.eldiario.net\\\/portal\\\/wp-content\\\/uploads\\\/2023\\\/07\\\/logo_ED.jpg\",\"contentUrl\":\"https:\\\/\\\/www.eldiario.net\\\/portal\\\/wp-content\\\/uploads\\\/2023\\\/07\\\/logo_ED.jpg\",\"width\":272,\"height\":52,\"caption\":\"El Diario - Decano de la prensa nacional\"},\"image\":{\"@id\":\"https:\\\/\\\/www.eldiario.net\\\/portal\\\/#\\\/schema\\\/logo\\\/image\\\/\"},\"sameAs\":[\"https:\\\/\\\/www.facebook.com\\\/eldiario.bolivia\\\/\",\"https:\\\/\\\/x.com\\\/eldiario_net\"]},{\"@type\":\"Person\",\"@id\":\"https:\\\/\\\/www.eldiario.net\\\/portal\\\/#\\\/schema\\\/person\\\/f46445640444750d7d753ccd04ae01b7\",\"name\":\"Jeanette\",\"image\":{\"@type\":\"ImageObject\",\"inLanguage\":\"es\",\"@id\":\"https:\\\/\\\/secure.gravatar.com\\\/avatar\\\/3ea2118a5f7dad2b7138b1187a6b7ee55f160b9968b66013c3a3ef39dd7e5798?s=96&d=mm&r=g\",\"url\":\"https:\\\/\\\/secure.gravatar.com\\\/avatar\\\/3ea2118a5f7dad2b7138b1187a6b7ee55f160b9968b66013c3a3ef39dd7e5798?s=96&d=mm&r=g\",\"contentUrl\":\"https:\\\/\\\/secure.gravatar.com\\\/avatar\\\/3ea2118a5f7dad2b7138b1187a6b7ee55f160b9968b66013c3a3ef39dd7e5798?s=96&d=mm&r=g\",\"caption\":\"Jeanette\"},\"sameAs\":[\"https:\\\/\\\/www.eldiario.net\\\/portal\"],\"url\":\"https:\\\/\\\/www.eldiario.net\\\/portal\\\/author\\\/jeanette\\\/\"}]}<\/script>\n<!-- \/ Yoast SEO plugin. -->","yoast_head_json":{"title":"Eliminatorias y Liga de Naciones, los pr\u00f3ximos retos de La Verde - El Diario - Bolivia","robots":{"index":"index","follow":"follow","max-snippet":"max-snippet:-1","max-image-preview":"max-image-preview:large","max-video-preview":"max-video-preview:-1"},"canonical":"https:\/\/www.eldiario.net\/portal\/2026\/08\/31\/eliminatorias-y-liga-de-naciones-los-proximos-retos-de-la-verde\/","og_locale":"es_ES","og_type":"article","og_title":"Eliminatorias y Liga de Naciones, los pr\u00f3ximos retos de La Verde - El Diario - Bolivia","og_description":"La Conmebol ya decidi\u00f3 el formato de las pr\u00f3ximas eliminatorias mundialistas, adem\u00e1s, de forma paralela, confirm\u00f3 un nuevo torneo que se llevar\u00e1 adelante, denominado Liga de Naciones, tal como se disputa actualmente con las selecciones femeninas. El anuncio lo realiz\u00f3 el fin de semana, el presidente de la Federaci\u00f3n Peruana de F\u00fatbol, Agust\u00edn Lozano, seg\u00fan [&hellip;]","og_url":"https:\/\/www.eldiario.net\/portal\/2026\/08\/31\/eliminatorias-y-liga-de-naciones-los-proximos-retos-de-la-verde\/","og_site_name":"El Diario - Bolivia","article_publisher":"https:\/\/www.facebook.com\/eldiario.bolivia\/","article_published_time":"2026-08-31T04:31:14+00:00","og_image":[{"width":1200,"height":900,"url":"https:\/\/www.eldiario.net\/portal\/wp-content\/uploads\/2026\/08\/FOTO-25-1.webp","type":"image\/webp"}],"author":"Jeanette","twitter_card":"summary_large_image","twitter_creator":"@eldiario_net","twitter_site":"@eldiario_net","twitter_misc":{"Escrito por":"Jeanette","Tiempo de lectura":"2 minutos"},"schema":{"@context":"https:\/\/schema.org","@graph":[{"@type":"Article","@id":"https:\/\/www.eldiario.net\/portal\/2026\/08\/31\/eliminatorias-y-liga-de-naciones-los-proximos-retos-de-la-verde\/#article","isPartOf":{"@id":"https:\/\/www.eldiario.net\/portal\/2026\/08\/31\/eliminatorias-y-liga-de-naciones-los-proximos-retos-de-la-verde\/"},"author":{"name":"Jeanette","@id":"https:\/\/www.eldiario.net\/portal\/#\/schema\/person\/f46445640444750d7d753ccd04ae01b7"},"headline":"Eliminatorias y Liga de Naciones, los pr\u00f3ximos retos de La Verde","datePublished":"2026-08-31T04:31:14+00:00","mainEntityOfPage":{"@id":"https:\/\/www.eldiario.net\/portal\/2026\/08\/31\/eliminatorias-y-liga-de-naciones-los-proximos-retos-de-la-verde\/"},"wordCount":334,"publisher":{"@id":"https:\/\/www.eldiario.net\/portal\/#organization"},"image":{"@id":"https:\/\/www.eldiario.net\/portal\/2026\/08\/31\/eliminatorias-y-liga-de-naciones-los-proximos-retos-de-la-verde\/#primaryimage"},"thumbnailUrl":"https:\/\/www.eldiario.net\/portal\/wp-content\/uploads\/2026\/08\/FOTO-25-1.webp","articleSection":["Deportes"],"inLanguage":"es"},{"@type":"WebPage","@id":"https:\/\/www.eldiario.net\/portal\/2026\/08\/31\/eliminatorias-y-liga-de-naciones-los-proximos-retos-de-la-verde\/","url":"https:\/\/www.eldiario.net\/portal\/2026\/08\/31\/eliminatorias-y-liga-de-naciones-los-proximos-retos-de-la-verde\/","name":"Eliminatorias y Liga de Naciones, los pr\u00f3ximos retos de La Verde - El Diario - Bolivia","isPartOf":{"@id":"https:\/\/www.eldiario.net\/portal\/#website"},"primaryImageOfPage":{"@id":"https:\/\/www.eldiario.net\/portal\/2026\/08\/31\/eliminatorias-y-liga-de-naciones-los-proximos-retos-de-la-verde\/#primaryimage"},"image":{"@id":"https:\/\/www.eldiario.net\/portal\/2026\/08\/31\/eliminatorias-y-liga-de-naciones-los-proximos-retos-de-la-verde\/#primaryimage"},"thumbnailUrl":"https:\/\/www.eldiario.net\/portal\/wp-content\/uploads\/2026\/08\/FOTO-25-1.webp","datePublished":"2026-08-31T04:31:14+00:00","breadcrumb":{"@id":"https:\/\/www.eldiario.net\/portal\/2026\/08\/31\/eliminatorias-y-liga-de-naciones-los-proximos-retos-de-la-verde\/#breadcrumb"},"inLanguage":"es","potentialAction":[{"@type":"ReadAction","target":["https:\/\/www.eldiario.net\/portal\/2026\/08\/31\/eliminatorias-y-liga-de-naciones-los-proximos-retos-de-la-verde\/"]}]},{"@type":"ImageObject","inLanguage":"es","@id":"https:\/\/www.eldiario.net\/portal\/2026\/08\/31\/eliminatorias-y-liga-de-naciones-los-proximos-retos-de-la-verde\/#primaryimage","url":"https:\/\/www.eldiario.net\/portal\/wp-content\/uploads\/2026\/08\/FOTO-25-1.webp","contentUrl":"https:\/\/www.eldiario.net\/portal\/wp-content\/uploads\/2026\/08\/FOTO-25-1.webp","width":1200,"height":900,"caption":"Terceros festeja tras anotar a Brasil en el estadio de Villa Ingenio, ese triunfo le dio a Bolivia el pase al repechaje. (ARCHIVO)"},{"@type":"BreadcrumbList","@id":"https:\/\/www.eldiario.net\/portal\/2026\/08\/31\/eliminatorias-y-liga-de-naciones-los-proximos-retos-de-la-verde\/#breadcrumb","itemListElement":[{"@type":"ListItem","position":1,"name":"Portada","item":"https:\/\/www.eldiario.net\/portal\/"},{"@type":"ListItem","position":2,"name":"Eliminatorias y Liga de Naciones, los pr\u00f3ximos retos de La Verde"}]},{"@type":"WebSite","@id":"https:\/\/www.eldiario.net\/portal\/#website","url":"https:\/\/www.eldiario.net\/portal\/","name":"El Diario - Decano de la prensa nacional","description":"El Diario - Decano de la prensa nacional","publisher":{"@id":"https:\/\/www.eldiario.net\/portal\/#organization"},"potentialAction":[{"@type":"SearchAction","target":{"@type":"EntryPoint","urlTemplate":"https:\/\/www.eldiario.net\/portal\/?s={search_term_string}"},"query-input":{"@type":"PropertyValueSpecification","valueRequired":true,"valueName":"search_term_string"}}],"inLanguage":"es"},{"@type":"Organization","@id":"https:\/\/www.eldiario.net\/portal\/#organization","name":"El Diario - Decano de la prensa nacional","url":"https:\/\/www.eldiario.net\/portal\/","logo":{"@type":"ImageObject","inLanguage":"es","@id":"https:\/\/www.eldiario.net\/portal\/#\/schema\/logo\/image\/","url":"https:\/\/www.eldiario.net\/portal\/wp-content\/uploads\/2023\/07\/logo_ED.jpg","contentUrl":"https:\/\/www.eldiario.net\/portal\/wp-content\/uploads\/2023\/07\/logo_ED.jpg","width":272,"height":52,"caption":"El Diario - Decano de la prensa nacional"},"image":{"@id":"https:\/\/www.eldiario.net\/portal\/#\/schema\/logo\/image\/"},"sameAs":["https:\/\/www.facebook.com\/eldiario.bolivia\/","https:\/\/x.com\/eldiario_net"]},{"@type":"Person","@id":"https:\/\/www.eldiario.net\/portal\/#\/schema\/person\/f46445640444750d7d753ccd04ae01b7","name":"Jeanette","image":{"@type":"ImageObject","inLanguage":"es","@id":"https:\/\/secure.gravatar.com\/avatar\/3ea2118a5f7dad2b7138b1187a6b7ee55f160b9968b66013c3a3ef39dd7e5798?s=96&d=mm&r=g","url":"https:\/\/secure.gravatar.com\/avatar\/3ea2118a5f7dad2b7138b1187a6b7ee55f160b9968b66013c3a3ef39dd7e5798?s=96&d=mm&r=g","contentUrl":"https:\/\/secure.gravatar.com\/avatar\/3ea2118a5f7dad2b7138b1187a6b7ee55f160b9968b66013c3a3ef39dd7e5798?s=96&d=mm&r=g","caption":"Jeanette"},"sameAs":["https:\/\/www.eldiario.net\/portal"],"url":"https:\/\/www.eldiario.net\/portal\/author\/jeanette\/"}]}},"_links":{"self":[{"href":"https:\/\/www.eldiario.net\/portal\/wp-json\/wp\/v2\/posts\/426257","targetHints":{"allow":["GET"]}}],"collection":[{"href":"https:\/\/www.eldiario.net\/portal\/wp-json\/wp\/v2\/posts"}],"about":[{"href":"https:\/\/www.eldiario.net\/portal\/wp-json\/wp\/v2\/types\/post"}],"author":[{"embeddable":true,"href":"https:\/\/www.eldiario.net\/portal\/wp-json\/wp\/v2\/users\/1"}],"replies":[{"embeddable":true,"href":"https:\/\/www.eldiario.net\/portal\/wp-json\/wp\/v2\/comments?post=426257"}],"version-history":[{"count":1,"href":"https:\/\/www.eldiario.net\/portal\/wp-json\/wp\/v2\/posts\/426257\/revisions"}],"predecessor-version":[{"id":426259,"href":"https:\/\/www.eldiario.net\/portal\/wp-json\/wp\/v2\/posts\/426257\/revisions\/426259"}],"wp:featuredmedia":[{"embeddable":true,"href":"https:\/\/www.eldiario.net\/portal\/wp-json\/wp\/v2\/media\/426258"}],"wp:attachment":[{"href":"https:\/\/www.eldiario.net\/portal\/wp-json\/wp\/v2\/media?parent=426257"}],"wp:term":[{"taxonomy":"category","embeddable":true,"href":"https:\/\/www.eldiario.net\/portal\/wp-json\/wp\/v2\/categories?post=426257"},{"taxonomy":"post_tag","embeddable":true,"href":"https:\/\/www.eldiario.net\/portal\/wp-json\/wp\/v2\/tags?post=426257"}],"curies":[{"name":"wp","href":"https:\/\/api.w.org\/{rel}","templated":true}]}}