{"id":426251,"date":"2026-08-31T00:22:19","date_gmt":"2026-08-31T04:22:19","guid":{"rendered":"https:\/\/www.eldiario.net\/portal\/?p=426251"},"modified":"2026-08-30T22:23:03","modified_gmt":"2026-08-31T02:23:03","slug":"libre-alista-interpelacion-por-caso-cerimedo-y-exige-reformar-la-cpe","status":"publish","type":"post","link":"https:\/\/www.eldiario.net\/portal\/2026\/08\/31\/libre-alista-interpelacion-por-caso-cerimedo-y-exige-reformar-la-cpe\/","title":{"rendered":"Libre alista interpelaci\u00f3n por caso Cerimedo y exige reformar la CPE"},"content":{"rendered":"<p>La bancada de Libre presentar\u00e1 hoy una interpelaci\u00f3n al ministro de Gobierno, Marco Antonio Oviedo, por el caso Cerimedo. La jefa de bancada en el Senado, Tomasa Yarhui, explic\u00f3 que el cuestionario busca obtener informaci\u00f3n sobre el supuesto papel que habr\u00eda desempe\u00f1ado el ciudadano argentino y que las preguntas podr\u00edan incorporar nuevos elementos a partir de la documentaci\u00f3n y declaraciones que los legisladores contin\u00faan recibiendo.<\/p>\n<p>Yarhui se\u00f1al\u00f3 que la bancada decidi\u00f3 priorizar al ministro de Gobierno, pese a que inicialmente hab\u00eda anunciado que tambi\u00e9n plantear\u00eda una interpelaci\u00f3n al ministro de la Presidencia, Fernando Aramayo. Explic\u00f3 que, una vez conocidas las respuestas del Ejecutivo, Libre evaluar\u00e1 si corresponde avanzar con otros ministros.<\/p>\n<p>Seg\u00fan la senadora, los aspectos que ser\u00e1n incluidos en la interpelaci\u00f3n est\u00e1n el supuesto rol de Cerimedo dentro del Gobierno, la eventual existencia de oficinas vinculadas a \u00e9l y el nivel de influencia que habr\u00eda tenido en decisiones del Ejecutivo. Tambi\u00e9n mencion\u00f3 preguntas relacionadas con el flujo migratorio y otros elementos surgidos durante las \u00faltimas semanas.<\/p>\n<p>La legisladora indic\u00f3 que la bancada recibi\u00f3 llamadas y documentaci\u00f3n despu\u00e9s de anunciar la interpelaci\u00f3n, pero aclar\u00f3 que esos elementos todav\u00eda est\u00e1n siendo contrastados antes de incorporarlos al cuestionario. Se\u00f1al\u00f3 que la aparici\u00f3n de nueva informaci\u00f3n obliga a revisar las preguntas para que las autoridades sean consultadas sobre hechos y antecedentes que puedan ser respaldados documentalmente.<\/p>\n<p>\u201cLos bolivianos necesitamos contundentemente saber si efectivamente este se\u00f1or ten\u00eda mucho poder en el Gobierno\u201d, afirm\u00f3 Yarhui en Radio Panamericana.<\/p>\n<p>La senadora explic\u00f3 que la aparici\u00f3n de nuevas declaraciones alrededor del caso ha modificado el escenario con el que inicialmente se prepar\u00f3 la interpelaci\u00f3n. Por ello, sostuvo que la bancada debe mantener abierta la posibilidad de aumentar las preguntas y revisar los elementos que ser\u00e1n puestos a consideraci\u00f3n del ministro de Gobierno.<\/p>\n<p>Yarhui tambi\u00e9n manifest\u00f3 su expectativa de que la Asamblea Legislativa programe la interpelaci\u00f3n con rapidez. Record\u00f3 que anteriores solicitudes de este tipo fueron convocadas despu\u00e9s de varias semanas y consider\u00f3 que, en asuntos que generan atenci\u00f3n p\u00fablica, las autoridades deber\u00edan acudir oportunamente al Legislativo para brindar sus explicaciones.<\/p>\n<p>La legisladora sostuvo que el objetivo no es \u00fanicamente cumplir con un procedimiento parlamentario, sino utilizar la interpelaci\u00f3n como un mecanismo para que las autoridades proporcionen informaci\u00f3n al pa\u00eds. En ese sentido, se\u00f1al\u00f3 que espera que los ministros concurran a la Asamblea con la documentaci\u00f3n correspondiente y respondan con claridad a los cuestionamientos.<\/p>\n<p>La bancada deber\u00e1 presentar la solicitud ante la Presidencia del Senado, instancia que posteriormente remitir\u00e1 el tr\u00e1mite a la Presidencia de la Asamblea Legislativa. A partir de ese procedimiento se definir\u00e1 la fecha en la que el ministro deber\u00e1 responder ante los legisladores.<\/p>\n<p>La senadora se\u00f1al\u00f3 que la bancada har\u00e1 seguimiento al tr\u00e1mite para evitar que la convocatoria se prolongue durante varias semanas. Tambi\u00e9n dej\u00f3 abierta la posibilidad de que, despu\u00e9s de la primera interpelaci\u00f3n, se planteen nuevas acciones parlamentarias si las respuestas obtenidas o la informaci\u00f3n que contin\u00fae llegando justifican ampliar los cuestionamientos a otras autoridades.<\/p>\n<p>REFORMA CONSTITUCIONAL<\/p>\n<p>Yarhui tambi\u00e9n se refiri\u00f3 a la propuesta de reforma parcial de la Constituci\u00f3n impulsada por Libre y se\u00f1al\u00f3 que la bancada espera una definici\u00f3n del Gobierno respecto a su tratamiento. La iniciativa forma parte de la agenda legislativa que el bloque opositor pretende impulsar desde la Asamblea.<\/p>\n<p>Seg\u00fan la senadora, la reforma es necesaria para abordar aspectos que considera vinculados con la situaci\u00f3n econ\u00f3mica y la seguridad jur\u00eddica. Puso como ejemplo las normas destinadas a promover inversiones y sostuvo que, desde la posici\u00f3n de Libre, esas medidas requieren un marco constitucional que genere mayores garant\u00edas para las empresas y los inversionistas.<\/p>\n<p>Yarhui cuestion\u00f3 que hasta ahora no exista, a su criterio, una definici\u00f3n pol\u00edtica del Ejecutivo sobre la propuesta y pidi\u00f3 que el tema sea incorporado al debate legislativo. La senadora consider\u00f3 que la discusi\u00f3n de la reforma deber\u00eda formar parte de las prioridades de la Asamblea, debido a su relaci\u00f3n con cambios que, seg\u00fan explic\u00f3, son necesarios para modificar las condiciones econ\u00f3micas e institucionales del pa\u00eds.<\/p>\n<p>La legisladora puso como ejemplo la posibilidad de aprobar una ley de inversiones. Se\u00f1al\u00f3 que, aunque el Legislativo pueda aprobar distintas normas destinadas a atraer capitales, estas no necesariamente generar\u00edan los resultados esperados si no existe seguridad jur\u00eddica para las empresas que quieran invertir en Bolivia.<\/p>\n<p>En ese sentido, Yarhui sostuvo que la reforma constitucional no deber\u00eda analizarse \u00fanicamente como un cambio institucional, sino tambi\u00e9n como una herramienta vinculada con la recuperaci\u00f3n econ\u00f3mica y la generaci\u00f3n de condiciones para la inversi\u00f3n.<\/p>\n<p>\u201cLa reforma parcial a la Constituci\u00f3n es de suma urgencia y no vemos una voluntad pol\u00edtica de parte del Gobierno\u201d, sostuvo.<\/p>\n<p>Yarhui vincul\u00f3 la situaci\u00f3n econ\u00f3mica con los problemas de combustible y las dificultades que enfrentan las familias, y expres\u00f3 su preocupaci\u00f3n por un eventual aumento del descontento social si las autoridades no atienden las demandas de la poblaci\u00f3n.<\/p>\n<p>La senadora record\u00f3 que anteriormente advirti\u00f3 sobre el riesgo de nuevas medidas de presi\u00f3n y cuestion\u00f3 las respuestas obtenidas por la Asamblea en otros procesos de fiscalizaci\u00f3n, donde, seg\u00fan se\u00f1al\u00f3, algunas autoridades acudieron sin informaci\u00f3n ni documentaci\u00f3n suficiente.<\/p>\n","protected":false},"excerpt":{"rendered":"<p>La bancada de Libre presentar\u00e1 hoy una interpelaci\u00f3n al ministro de Gobierno, Marco Antonio Oviedo, por el caso Cerimedo. La jefa de bancada en el Senado, Tomasa Yarhui, explic\u00f3 que el cuestionario busca obtener informaci\u00f3n sobre el supuesto papel que habr\u00eda desempe\u00f1ado el ciudadano argentino y que las preguntas podr\u00edan incorporar nuevos elementos a partir [&hellip;]<\/p>\n","protected":false},"author":1,"featured_media":426252,"comment_status":"closed","ping_status":"open","sticky":false,"template":"","format":"standard","meta":{"_acf_changed":false,"footnotes":""},"categories":[14],"tags":[],"class_list":["post-426251","post","type-post","status-publish","format-standard","has-post-thumbnail","category-politica"],"acf":{"antetitulo":""},"yoast_head":"<!-- This site is optimized with the Yoast SEO plugin v28.3 - https:\/\/yoast.com\/product\/yoast-seo-wordpress\/ -->\n<title>Libre alista interpelaci\u00f3n por caso Cerimedo y exige reformar la CPE - El Diario - Bolivia<\/title>\n<meta name=\"robots\" content=\"index, follow, max-snippet:-1, max-image-preview:large, max-video-preview:-1\" \/>\n<link rel=\"canonical\" href=\"https:\/\/www.eldiario.net\/portal\/2026\/08\/31\/libre-alista-interpelacion-por-caso-cerimedo-y-exige-reformar-la-cpe\/\" \/>\n<meta property=\"og:locale\" content=\"es_ES\" \/>\n<meta property=\"og:type\" content=\"article\" \/>\n<meta property=\"og:title\" content=\"Libre alista interpelaci\u00f3n por caso Cerimedo y exige reformar la CPE - El Diario - Bolivia\" \/>\n<meta property=\"og:description\" content=\"La bancada de Libre presentar\u00e1 hoy una interpelaci\u00f3n al ministro de Gobierno, Marco Antonio Oviedo, por el caso Cerimedo. La jefa de bancada en el Senado, Tomasa Yarhui, explic\u00f3 que el cuestionario busca obtener informaci\u00f3n sobre el supuesto papel que habr\u00eda desempe\u00f1ado el ciudadano argentino y que las preguntas podr\u00edan incorporar nuevos elementos a partir [&hellip;]\" \/>\n<meta property=\"og:url\" content=\"https:\/\/www.eldiario.net\/portal\/2026\/08\/31\/libre-alista-interpelacion-por-caso-cerimedo-y-exige-reformar-la-cpe\/\" \/>\n<meta property=\"og:site_name\" content=\"El Diario - Bolivia\" \/>\n<meta property=\"article:publisher\" content=\"https:\/\/www.facebook.com\/eldiario.bolivia\/\" \/>\n<meta property=\"article:published_time\" content=\"2026-08-31T04:22:19+00:00\" \/>\n<meta property=\"og:image\" content=\"https:\/\/www.eldiario.net\/portal\/wp-content\/uploads\/2026\/08\/31-LIBRE.webp\" \/>\n\t<meta property=\"og:image:width\" content=\"1200\" \/>\n\t<meta property=\"og:image:height\" content=\"700\" \/>\n\t<meta property=\"og:image:type\" content=\"image\/webp\" \/>\n<meta name=\"author\" content=\"Jeanette\" \/>\n<meta name=\"twitter:card\" content=\"summary_large_image\" \/>\n<meta name=\"twitter:creator\" content=\"@eldiario_net\" \/>\n<meta name=\"twitter:site\" content=\"@eldiario_net\" \/>\n<meta name=\"twitter:label1\" content=\"Escrito por\" \/>\n\t<meta name=\"twitter:data1\" content=\"Jeanette\" \/>\n\t<meta name=\"twitter:label2\" content=\"Tiempo de lectura\" \/>\n\t<meta name=\"twitter:data2\" content=\"5 minutos\" \/>\n<script type=\"application\/ld+json\" class=\"yoast-schema-graph\">{\"@context\":\"https:\\\/\\\/schema.org\",\"@graph\":[{\"@type\":\"Article\",\"@id\":\"https:\\\/\\\/www.eldiario.net\\\/portal\\\/2026\\\/08\\\/31\\\/libre-alista-interpelacion-por-caso-cerimedo-y-exige-reformar-la-cpe\\\/#article\",\"isPartOf\":{\"@id\":\"https:\\\/\\\/www.eldiario.net\\\/portal\\\/2026\\\/08\\\/31\\\/libre-alista-interpelacion-por-caso-cerimedo-y-exige-reformar-la-cpe\\\/\"},\"author\":{\"name\":\"Jeanette\",\"@id\":\"https:\\\/\\\/www.eldiario.net\\\/portal\\\/#\\\/schema\\\/person\\\/f46445640444750d7d753ccd04ae01b7\"},\"headline\":\"Libre alista interpelaci\u00f3n por caso Cerimedo y exige reformar la CPE\",\"datePublished\":\"2026-08-31T04:22:19+00:00\",\"mainEntityOfPage\":{\"@id\":\"https:\\\/\\\/www.eldiario.net\\\/portal\\\/2026\\\/08\\\/31\\\/libre-alista-interpelacion-por-caso-cerimedo-y-exige-reformar-la-cpe\\\/\"},\"wordCount\":942,\"publisher\":{\"@id\":\"https:\\\/\\\/www.eldiario.net\\\/portal\\\/#organization\"},\"image\":{\"@id\":\"https:\\\/\\\/www.eldiario.net\\\/portal\\\/2026\\\/08\\\/31\\\/libre-alista-interpelacion-por-caso-cerimedo-y-exige-reformar-la-cpe\\\/#primaryimage\"},\"thumbnailUrl\":\"https:\\\/\\\/www.eldiario.net\\\/portal\\\/wp-content\\\/uploads\\\/2026\\\/08\\\/31-LIBRE.webp\",\"articleSection\":[\"Pol\u00edtica\"],\"inLanguage\":\"es\"},{\"@type\":\"WebPage\",\"@id\":\"https:\\\/\\\/www.eldiario.net\\\/portal\\\/2026\\\/08\\\/31\\\/libre-alista-interpelacion-por-caso-cerimedo-y-exige-reformar-la-cpe\\\/\",\"url\":\"https:\\\/\\\/www.eldiario.net\\\/portal\\\/2026\\\/08\\\/31\\\/libre-alista-interpelacion-por-caso-cerimedo-y-exige-reformar-la-cpe\\\/\",\"name\":\"Libre alista interpelaci\u00f3n por caso Cerimedo y exige reformar la CPE - El Diario - Bolivia\",\"isPartOf\":{\"@id\":\"https:\\\/\\\/www.eldiario.net\\\/portal\\\/#website\"},\"primaryImageOfPage\":{\"@id\":\"https:\\\/\\\/www.eldiario.net\\\/portal\\\/2026\\\/08\\\/31\\\/libre-alista-interpelacion-por-caso-cerimedo-y-exige-reformar-la-cpe\\\/#primaryimage\"},\"image\":{\"@id\":\"https:\\\/\\\/www.eldiario.net\\\/portal\\\/2026\\\/08\\\/31\\\/libre-alista-interpelacion-por-caso-cerimedo-y-exige-reformar-la-cpe\\\/#primaryimage\"},\"thumbnailUrl\":\"https:\\\/\\\/www.eldiario.net\\\/portal\\\/wp-content\\\/uploads\\\/2026\\\/08\\\/31-LIBRE.webp\",\"datePublished\":\"2026-08-31T04:22:19+00:00\",\"breadcrumb\":{\"@id\":\"https:\\\/\\\/www.eldiario.net\\\/portal\\\/2026\\\/08\\\/31\\\/libre-alista-interpelacion-por-caso-cerimedo-y-exige-reformar-la-cpe\\\/#breadcrumb\"},\"inLanguage\":\"es\",\"potentialAction\":[{\"@type\":\"ReadAction\",\"target\":[\"https:\\\/\\\/www.eldiario.net\\\/portal\\\/2026\\\/08\\\/31\\\/libre-alista-interpelacion-por-caso-cerimedo-y-exige-reformar-la-cpe\\\/\"]}]},{\"@type\":\"ImageObject\",\"inLanguage\":\"es\",\"@id\":\"https:\\\/\\\/www.eldiario.net\\\/portal\\\/2026\\\/08\\\/31\\\/libre-alista-interpelacion-por-caso-cerimedo-y-exige-reformar-la-cpe\\\/#primaryimage\",\"url\":\"https:\\\/\\\/www.eldiario.net\\\/portal\\\/wp-content\\\/uploads\\\/2026\\\/08\\\/31-LIBRE.webp\",\"contentUrl\":\"https:\\\/\\\/www.eldiario.net\\\/portal\\\/wp-content\\\/uploads\\\/2026\\\/08\\\/31-LIBRE.webp\",\"width\":1200,\"height\":700,\"caption\":\"Jefa de bancada de Alianza Libre, Tomasa Yarhui. Cr\u00e9dito de foto: RRSS\"},{\"@type\":\"BreadcrumbList\",\"@id\":\"https:\\\/\\\/www.eldiario.net\\\/portal\\\/2026\\\/08\\\/31\\\/libre-alista-interpelacion-por-caso-cerimedo-y-exige-reformar-la-cpe\\\/#breadcrumb\",\"itemListElement\":[{\"@type\":\"ListItem\",\"position\":1,\"name\":\"Portada\",\"item\":\"https:\\\/\\\/www.eldiario.net\\\/portal\\\/\"},{\"@type\":\"ListItem\",\"position\":2,\"name\":\"Libre alista interpelaci\u00f3n por caso Cerimedo y exige reformar la CPE\"}]},{\"@type\":\"WebSite\",\"@id\":\"https:\\\/\\\/www.eldiario.net\\\/portal\\\/#website\",\"url\":\"https:\\\/\\\/www.eldiario.net\\\/portal\\\/\",\"name\":\"El Diario - Decano de la prensa nacional\",\"description\":\"El Diario - Decano de la prensa nacional\",\"publisher\":{\"@id\":\"https:\\\/\\\/www.eldiario.net\\\/portal\\\/#organization\"},\"potentialAction\":[{\"@type\":\"SearchAction\",\"target\":{\"@type\":\"EntryPoint\",\"urlTemplate\":\"https:\\\/\\\/www.eldiario.net\\\/portal\\\/?s={search_term_string}\"},\"query-input\":{\"@type\":\"PropertyValueSpecification\",\"valueRequired\":true,\"valueName\":\"search_term_string\"}}],\"inLanguage\":\"es\"},{\"@type\":\"Organization\",\"@id\":\"https:\\\/\\\/www.eldiario.net\\\/portal\\\/#organization\",\"name\":\"El Diario - Decano de la prensa nacional\",\"url\":\"https:\\\/\\\/www.eldiario.net\\\/portal\\\/\",\"logo\":{\"@type\":\"ImageObject\",\"inLanguage\":\"es\",\"@id\":\"https:\\\/\\\/www.eldiario.net\\\/portal\\\/#\\\/schema\\\/logo\\\/image\\\/\",\"url\":\"https:\\\/\\\/www.eldiario.net\\\/portal\\\/wp-content\\\/uploads\\\/2023\\\/07\\\/logo_ED.jpg\",\"contentUrl\":\"https:\\\/\\\/www.eldiario.net\\\/portal\\\/wp-content\\\/uploads\\\/2023\\\/07\\\/logo_ED.jpg\",\"width\":272,\"height\":52,\"caption\":\"El Diario - Decano de la prensa nacional\"},\"image\":{\"@id\":\"https:\\\/\\\/www.eldiario.net\\\/portal\\\/#\\\/schema\\\/logo\\\/image\\\/\"},\"sameAs\":[\"https:\\\/\\\/www.facebook.com\\\/eldiario.bolivia\\\/\",\"https:\\\/\\\/x.com\\\/eldiario_net\"]},{\"@type\":\"Person\",\"@id\":\"https:\\\/\\\/www.eldiario.net\\\/portal\\\/#\\\/schema\\\/person\\\/f46445640444750d7d753ccd04ae01b7\",\"name\":\"Jeanette\",\"image\":{\"@type\":\"ImageObject\",\"inLanguage\":\"es\",\"@id\":\"https:\\\/\\\/secure.gravatar.com\\\/avatar\\\/3ea2118a5f7dad2b7138b1187a6b7ee55f160b9968b66013c3a3ef39dd7e5798?s=96&d=mm&r=g\",\"url\":\"https:\\\/\\\/secure.gravatar.com\\\/avatar\\\/3ea2118a5f7dad2b7138b1187a6b7ee55f160b9968b66013c3a3ef39dd7e5798?s=96&d=mm&r=g\",\"contentUrl\":\"https:\\\/\\\/secure.gravatar.com\\\/avatar\\\/3ea2118a5f7dad2b7138b1187a6b7ee55f160b9968b66013c3a3ef39dd7e5798?s=96&d=mm&r=g\",\"caption\":\"Jeanette\"},\"sameAs\":[\"https:\\\/\\\/www.eldiario.net\\\/portal\"],\"url\":\"https:\\\/\\\/www.eldiario.net\\\/portal\\\/author\\\/jeanette\\\/\"}]}<\/script>\n<!-- \/ Yoast SEO plugin. -->","yoast_head_json":{"title":"Libre alista interpelaci\u00f3n por caso Cerimedo y exige reformar la CPE - El Diario - Bolivia","robots":{"index":"index","follow":"follow","max-snippet":"max-snippet:-1","max-image-preview":"max-image-preview:large","max-video-preview":"max-video-preview:-1"},"canonical":"https:\/\/www.eldiario.net\/portal\/2026\/08\/31\/libre-alista-interpelacion-por-caso-cerimedo-y-exige-reformar-la-cpe\/","og_locale":"es_ES","og_type":"article","og_title":"Libre alista interpelaci\u00f3n por caso Cerimedo y exige reformar la CPE - El Diario - Bolivia","og_description":"La bancada de Libre presentar\u00e1 hoy una interpelaci\u00f3n al ministro de Gobierno, Marco Antonio Oviedo, por el caso Cerimedo. La jefa de bancada en el Senado, Tomasa Yarhui, explic\u00f3 que el cuestionario busca obtener informaci\u00f3n sobre el supuesto papel que habr\u00eda desempe\u00f1ado el ciudadano argentino y que las preguntas podr\u00edan incorporar nuevos elementos a partir [&hellip;]","og_url":"https:\/\/www.eldiario.net\/portal\/2026\/08\/31\/libre-alista-interpelacion-por-caso-cerimedo-y-exige-reformar-la-cpe\/","og_site_name":"El Diario - Bolivia","article_publisher":"https:\/\/www.facebook.com\/eldiario.bolivia\/","article_published_time":"2026-08-31T04:22:19+00:00","og_image":[{"width":1200,"height":700,"url":"https:\/\/www.eldiario.net\/portal\/wp-content\/uploads\/2026\/08\/31-LIBRE.webp","type":"image\/webp"}],"author":"Jeanette","twitter_card":"summary_large_image","twitter_creator":"@eldiario_net","twitter_site":"@eldiario_net","twitter_misc":{"Escrito por":"Jeanette","Tiempo de lectura":"5 minutos"},"schema":{"@context":"https:\/\/schema.org","@graph":[{"@type":"Article","@id":"https:\/\/www.eldiario.net\/portal\/2026\/08\/31\/libre-alista-interpelacion-por-caso-cerimedo-y-exige-reformar-la-cpe\/#article","isPartOf":{"@id":"https:\/\/www.eldiario.net\/portal\/2026\/08\/31\/libre-alista-interpelacion-por-caso-cerimedo-y-exige-reformar-la-cpe\/"},"author":{"name":"Jeanette","@id":"https:\/\/www.eldiario.net\/portal\/#\/schema\/person\/f46445640444750d7d753ccd04ae01b7"},"headline":"Libre alista interpelaci\u00f3n por caso Cerimedo y exige reformar la CPE","datePublished":"2026-08-31T04:22:19+00:00","mainEntityOfPage":{"@id":"https:\/\/www.eldiario.net\/portal\/2026\/08\/31\/libre-alista-interpelacion-por-caso-cerimedo-y-exige-reformar-la-cpe\/"},"wordCount":942,"publisher":{"@id":"https:\/\/www.eldiario.net\/portal\/#organization"},"image":{"@id":"https:\/\/www.eldiario.net\/portal\/2026\/08\/31\/libre-alista-interpelacion-por-caso-cerimedo-y-exige-reformar-la-cpe\/#primaryimage"},"thumbnailUrl":"https:\/\/www.eldiario.net\/portal\/wp-content\/uploads\/2026\/08\/31-LIBRE.webp","articleSection":["Pol\u00edtica"],"inLanguage":"es"},{"@type":"WebPage","@id":"https:\/\/www.eldiario.net\/portal\/2026\/08\/31\/libre-alista-interpelacion-por-caso-cerimedo-y-exige-reformar-la-cpe\/","url":"https:\/\/www.eldiario.net\/portal\/2026\/08\/31\/libre-alista-interpelacion-por-caso-cerimedo-y-exige-reformar-la-cpe\/","name":"Libre alista interpelaci\u00f3n por caso Cerimedo y exige reformar la CPE - El Diario - Bolivia","isPartOf":{"@id":"https:\/\/www.eldiario.net\/portal\/#website"},"primaryImageOfPage":{"@id":"https:\/\/www.eldiario.net\/portal\/2026\/08\/31\/libre-alista-interpelacion-por-caso-cerimedo-y-exige-reformar-la-cpe\/#primaryimage"},"image":{"@id":"https:\/\/www.eldiario.net\/portal\/2026\/08\/31\/libre-alista-interpelacion-por-caso-cerimedo-y-exige-reformar-la-cpe\/#primaryimage"},"thumbnailUrl":"https:\/\/www.eldiario.net\/portal\/wp-content\/uploads\/2026\/08\/31-LIBRE.webp","datePublished":"2026-08-31T04:22:19+00:00","breadcrumb":{"@id":"https:\/\/www.eldiario.net\/portal\/2026\/08\/31\/libre-alista-interpelacion-por-caso-cerimedo-y-exige-reformar-la-cpe\/#breadcrumb"},"inLanguage":"es","potentialAction":[{"@type":"ReadAction","target":["https:\/\/www.eldiario.net\/portal\/2026\/08\/31\/libre-alista-interpelacion-por-caso-cerimedo-y-exige-reformar-la-cpe\/"]}]},{"@type":"ImageObject","inLanguage":"es","@id":"https:\/\/www.eldiario.net\/portal\/2026\/08\/31\/libre-alista-interpelacion-por-caso-cerimedo-y-exige-reformar-la-cpe\/#primaryimage","url":"https:\/\/www.eldiario.net\/portal\/wp-content\/uploads\/2026\/08\/31-LIBRE.webp","contentUrl":"https:\/\/www.eldiario.net\/portal\/wp-content\/uploads\/2026\/08\/31-LIBRE.webp","width":1200,"height":700,"caption":"Jefa de bancada de Alianza Libre, Tomasa Yarhui. Cr\u00e9dito de foto: RRSS"},{"@type":"BreadcrumbList","@id":"https:\/\/www.eldiario.net\/portal\/2026\/08\/31\/libre-alista-interpelacion-por-caso-cerimedo-y-exige-reformar-la-cpe\/#breadcrumb","itemListElement":[{"@type":"ListItem","position":1,"name":"Portada","item":"https:\/\/www.eldiario.net\/portal\/"},{"@type":"ListItem","position":2,"name":"Libre alista interpelaci\u00f3n por caso Cerimedo y exige reformar la CPE"}]},{"@type":"WebSite","@id":"https:\/\/www.eldiario.net\/portal\/#website","url":"https:\/\/www.eldiario.net\/portal\/","name":"El Diario - Decano de la prensa nacional","description":"El Diario - Decano de la prensa nacional","publisher":{"@id":"https:\/\/www.eldiario.net\/portal\/#organization"},"potentialAction":[{"@type":"SearchAction","target":{"@type":"EntryPoint","urlTemplate":"https:\/\/www.eldiario.net\/portal\/?s={search_term_string}"},"query-input":{"@type":"PropertyValueSpecification","valueRequired":true,"valueName":"search_term_string"}}],"inLanguage":"es"},{"@type":"Organization","@id":"https:\/\/www.eldiario.net\/portal\/#organization","name":"El Diario - Decano de la prensa nacional","url":"https:\/\/www.eldiario.net\/portal\/","logo":{"@type":"ImageObject","inLanguage":"es","@id":"https:\/\/www.eldiario.net\/portal\/#\/schema\/logo\/image\/","url":"https:\/\/www.eldiario.net\/portal\/wp-content\/uploads\/2023\/07\/logo_ED.jpg","contentUrl":"https:\/\/www.eldiario.net\/portal\/wp-content\/uploads\/2023\/07\/logo_ED.jpg","width":272,"height":52,"caption":"El Diario - Decano de la prensa nacional"},"image":{"@id":"https:\/\/www.eldiario.net\/portal\/#\/schema\/logo\/image\/"},"sameAs":["https:\/\/www.facebook.com\/eldiario.bolivia\/","https:\/\/x.com\/eldiario_net"]},{"@type":"Person","@id":"https:\/\/www.eldiario.net\/portal\/#\/schema\/person\/f46445640444750d7d753ccd04ae01b7","name":"Jeanette","image":{"@type":"ImageObject","inLanguage":"es","@id":"https:\/\/secure.gravatar.com\/avatar\/3ea2118a5f7dad2b7138b1187a6b7ee55f160b9968b66013c3a3ef39dd7e5798?s=96&d=mm&r=g","url":"https:\/\/secure.gravatar.com\/avatar\/3ea2118a5f7dad2b7138b1187a6b7ee55f160b9968b66013c3a3ef39dd7e5798?s=96&d=mm&r=g","contentUrl":"https:\/\/secure.gravatar.com\/avatar\/3ea2118a5f7dad2b7138b1187a6b7ee55f160b9968b66013c3a3ef39dd7e5798?s=96&d=mm&r=g","caption":"Jeanette"},"sameAs":["https:\/\/www.eldiario.net\/portal"],"url":"https:\/\/www.eldiario.net\/portal\/author\/jeanette\/"}]}},"_links":{"self":[{"href":"https:\/\/www.eldiario.net\/portal\/wp-json\/wp\/v2\/posts\/426251","targetHints":{"allow":["GET"]}}],"collection":[{"href":"https:\/\/www.eldiario.net\/portal\/wp-json\/wp\/v2\/posts"}],"about":[{"href":"https:\/\/www.eldiario.net\/portal\/wp-json\/wp\/v2\/types\/post"}],"author":[{"embeddable":true,"href":"https:\/\/www.eldiario.net\/portal\/wp-json\/wp\/v2\/users\/1"}],"replies":[{"embeddable":true,"href":"https:\/\/www.eldiario.net\/portal\/wp-json\/wp\/v2\/comments?post=426251"}],"version-history":[{"count":1,"href":"https:\/\/www.eldiario.net\/portal\/wp-json\/wp\/v2\/posts\/426251\/revisions"}],"predecessor-version":[{"id":426253,"href":"https:\/\/www.eldiario.net\/portal\/wp-json\/wp\/v2\/posts\/426251\/revisions\/426253"}],"wp:featuredmedia":[{"embeddable":true,"href":"https:\/\/www.eldiario.net\/portal\/wp-json\/wp\/v2\/media\/426252"}],"wp:attachment":[{"href":"https:\/\/www.eldiario.net\/portal\/wp-json\/wp\/v2\/media?parent=426251"}],"wp:term":[{"taxonomy":"category","embeddable":true,"href":"https:\/\/www.eldiario.net\/portal\/wp-json\/wp\/v2\/categories?post=426251"},{"taxonomy":"post_tag","embeddable":true,"href":"https:\/\/www.eldiario.net\/portal\/wp-json\/wp\/v2\/tags?post=426251"}],"curies":[{"name":"wp","href":"https:\/\/api.w.org\/{rel}","templated":true}]}}