{"id":426245,"date":"2026-08-31T00:20:31","date_gmt":"2026-08-31T04:20:31","guid":{"rendered":"https:\/\/www.eldiario.net\/portal\/?p=426245"},"modified":"2026-08-30T22:21:27","modified_gmt":"2026-08-31T02:21:27","slug":"poder-de-las-redes-crece-en-politica-y-redefine-las-campanas-electorales","status":"publish","type":"post","link":"https:\/\/www.eldiario.net\/portal\/2026\/08\/31\/poder-de-las-redes-crece-en-politica-y-redefine-las-campanas-electorales\/","title":{"rendered":"Poder de las redes crece en pol\u00edtica y redefine las campa\u00f1as electorales"},"content":{"rendered":"<p>El avance de las estrategias digitales est\u00e1 modificando la forma de hacer pol\u00edtica y otorgando a especialistas en redes, algoritmos y an\u00e1lisis de comportamiento una capacidad de influencia cada vez mayor sobre los procesos electorales, advirti\u00f3 el analista internacional Alan Cathey, quien se\u00f1al\u00f3 que este fen\u00f3meno tambi\u00e9n plantea interrogantes sobre el lugar que ocupa el ciudadano en las democracias actuales.<\/p>\n<p>Cathey explic\u00f3 que las campa\u00f1as pol\u00edticas requieren cada vez m\u00e1s conocimientos t\u00e9cnicos para identificar los intereses y comportamientos de los electores. Seg\u00fan su an\u00e1lisis, las herramientas digitales permiten seleccionar los temas y contenidos que generan mayor impacto en determinados sectores de la poblaci\u00f3n, lo que puede convertir a los estrategas y t\u00e9cnicos en actores con una influencia que trasciende la comunicaci\u00f3n pol\u00edtica tradicional.<\/p>\n<p>\u201cLos especialistas en el manejo de redes son al final del d\u00eda los grandes electores en los procesos y campa\u00f1as electorales\u201d, afirm\u00f3 en un programa radial.<\/p>\n<p>El analista sostuvo que este cambio no constituye un fen\u00f3meno completamente nuevo, ya que la pol\u00edtica lleva d\u00e9cadas estudiando el comportamiento colectivo. Sin embargo, se\u00f1al\u00f3 que esas herramientas alcanzaron un nivel de sofisticaci\u00f3n mucho mayor con el desarrollo de los algoritmos y la comunicaci\u00f3n instant\u00e1nea a trav\u00e9s de los tel\u00e9fonos celulares.<\/p>\n<p>A su criterio, el problema surge cuando esas capacidades tecnol\u00f3gicas dejan de utilizarse \u00fanicamente para comunicar propuestas y pasan a emplearse para modificar el estado de \u00e1nimo de la poblaci\u00f3n. En ese escenario, las campa\u00f1as pueden orientar los contenidos que recibe cada ciudadano de acuerdo con sus reacciones, intereses o emociones.<\/p>\n<p>Cathey consider\u00f3 que esta transformaci\u00f3n obliga a replantear d\u00f3nde se concentra actualmente el poder pol\u00edtico. La influencia ya no estar\u00eda exclusivamente en los candidatos o partidos que presentan sus propuestas, sino tambi\u00e9n en quienes poseen las herramientas t\u00e9cnicas para determinar qu\u00e9 informaci\u00f3n llega a cada elector y c\u00f3mo es presentada.<\/p>\n<p>\u201cEstamos asistiendo a un uso abusivo, a un uso completamente desconsiderado de estas capacidades tecnol\u00f3gicas para modificar y alterar seriamente el estado de \u00e1nimo de la poblaci\u00f3n\u201d, sostuvo.<\/p>\n<p>El analista vincul\u00f3 este fen\u00f3meno con la creciente polarizaci\u00f3n pol\u00edtica. Explic\u00f3 que las redes y las estrategias digitales pueden favorecer la confrontaci\u00f3n al priorizar contenidos capaces de generar reacciones intensas, mientras pierden espacio las posiciones intermedias y la b\u00fasqueda de acuerdos.<\/p>\n<p>Para Cathey, este escenario representa un desaf\u00edo para la democracia porque el di\u00e1logo y la construcci\u00f3n de consensos quedan desplazados por una din\u00e1mica en la que los sectores m\u00e1s radicalizados pueden obtener mayores beneficios pol\u00edticos. Se\u00f1al\u00f3 que los acuerdos, que deber\u00edan formar parte del funcionamiento democr\u00e1tico, son cada vez m\u00e1s presentados como una forma de traici\u00f3n.<\/p>\n<p>En esa l\u00ednea, observ\u00f3 que Am\u00e9rica Latina atraviesa ciclos pol\u00edticos cada vez m\u00e1s marcados por el desplazamiento entre posiciones ideol\u00f3gicas opuestas. Mencion\u00f3 el tr\u00e1nsito entre gobiernos vinculados al denominado socialismo del siglo XXI y administraciones identificadas con sectores de derecha, y advirti\u00f3 que estos cambios constantes dificultan la construcci\u00f3n de pol\u00edticas estables de largo plazo.<\/p>\n<p>\u201cMientras m\u00e1s se radicalizan las circunstancias y las cosas, esos extremos son los primeros en beneficiarse\u201d, afirm\u00f3.<\/p>\n<p>Cathey tambi\u00e9n plante\u00f3 que la transformaci\u00f3n tecnol\u00f3gica est\u00e1 provocando una p\u00e9rdida de los referentes ideol\u00f3gicos tradicionales. A su juicio, las decisiones pol\u00edticas comienzan a estar menos relacionadas con una determinada concepci\u00f3n de pa\u00eds y m\u00e1s vinculadas con intereses particulares, emociones y reacciones que pueden ser identificadas y explotadas mediante herramientas digitales.<\/p>\n<p>En ese contexto, consider\u00f3 que las categor\u00edas tradicionales de izquierda y derecha pierden capacidad para explicar el comportamiento pol\u00edtico contempor\u00e1neo. El debate ya no se organizar\u00eda necesariamente alrededor de grandes proyectos ideol\u00f3gicos, sino de mensajes dirigidos a p\u00fablicos espec\u00edficos y de estrategias dise\u00f1adas a partir del an\u00e1lisis de sus conductas.<\/p>\n<p>La discusi\u00f3n tambi\u00e9n alcanza a los partidos pol\u00edticos, que deben adaptarse a un escenario en el que la comunicaci\u00f3n con los ciudadanos se desarrolla cada vez m\u00e1s en plataformas digitales. Para el analista, la transformaci\u00f3n tecnol\u00f3gica exige especialistas capaces de manejar estas herramientas, pero al mismo tiempo plantea la necesidad de discutir los l\u00edmites de su utilizaci\u00f3n en procesos electorales.<\/p>\n<p>El caso Cerimedo, mencionado durante la entrevista, se inscribe en este contexto m\u00e1s amplio. Cathey se\u00f1al\u00f3 que la presencia de consultores y estrategas pol\u00edticos sin cargos formales dentro de espacios de poder no es un fen\u00f3meno exclusivo de Bolivia y que este tipo de figuras ha estado presente en distintos gobiernos y procesos electorales.<\/p>\n<p>Sin embargo, su principal preocupaci\u00f3n apunta al cambio estructural que supone la incorporaci\u00f3n de tecnolog\u00edas capaces de analizar el comportamiento ciudadano y dirigir contenidos de manera cada vez m\u00e1s precisa. Para Cathey, el desaf\u00edo no consiste solamente en determinar qui\u00e9n asesora a un candidato, sino en establecer cu\u00e1nto poder pueden acumular quienes controlan las herramientas mediante las cuales los ciudadanos reciben y procesan la informaci\u00f3n pol\u00edtica.<\/p>\n<p>El fen\u00f3meno, seg\u00fan su an\u00e1lisis, abre una discusi\u00f3n sobre la calidad de las democracias y sobre la necesidad de recuperar espacios de deliberaci\u00f3n, di\u00e1logo y construcci\u00f3n de acuerdos frente a una pol\u00edtica cada vez m\u00e1s condicionada por la l\u00f3gica de las plataformas digitales.<\/p>\n","protected":false},"excerpt":{"rendered":"<p>El avance de las estrategias digitales est\u00e1 modificando la forma de hacer pol\u00edtica y otorgando a especialistas en redes, algoritmos y an\u00e1lisis de comportamiento una capacidad de influencia cada vez mayor sobre los procesos electorales, advirti\u00f3 el analista internacional Alan Cathey, quien se\u00f1al\u00f3 que este fen\u00f3meno tambi\u00e9n plantea interrogantes sobre el lugar que ocupa el [&hellip;]<\/p>\n","protected":false},"author":1,"featured_media":426246,"comment_status":"closed","ping_status":"open","sticky":false,"template":"","format":"standard","meta":{"_acf_changed":false,"footnotes":""},"categories":[14],"tags":[],"class_list":["post-426245","post","type-post","status-publish","format-standard","has-post-thumbnail","category-politica"],"acf":{"antetitulo":""},"yoast_head":"<!-- This site is optimized with the Yoast SEO plugin v28.3 - https:\/\/yoast.com\/product\/yoast-seo-wordpress\/ -->\n<title>Poder de las redes crece en pol\u00edtica y redefine las campa\u00f1as electorales - El Diario - Bolivia<\/title>\n<meta name=\"robots\" content=\"index, follow, max-snippet:-1, max-image-preview:large, max-video-preview:-1\" \/>\n<link rel=\"canonical\" href=\"https:\/\/www.eldiario.net\/portal\/2026\/08\/31\/poder-de-las-redes-crece-en-politica-y-redefine-las-campanas-electorales\/\" \/>\n<meta property=\"og:locale\" content=\"es_ES\" \/>\n<meta property=\"og:type\" content=\"article\" \/>\n<meta property=\"og:title\" content=\"Poder de las redes crece en pol\u00edtica y redefine las campa\u00f1as electorales - El Diario - Bolivia\" \/>\n<meta property=\"og:description\" content=\"El avance de las estrategias digitales est\u00e1 modificando la forma de hacer pol\u00edtica y otorgando a especialistas en redes, algoritmos y an\u00e1lisis de comportamiento una capacidad de influencia cada vez mayor sobre los procesos electorales, advirti\u00f3 el analista internacional Alan Cathey, quien se\u00f1al\u00f3 que este fen\u00f3meno tambi\u00e9n plantea interrogantes sobre el lugar que ocupa el [&hellip;]\" \/>\n<meta property=\"og:url\" content=\"https:\/\/www.eldiario.net\/portal\/2026\/08\/31\/poder-de-las-redes-crece-en-politica-y-redefine-las-campanas-electorales\/\" \/>\n<meta property=\"og:site_name\" content=\"El Diario - Bolivia\" \/>\n<meta property=\"article:publisher\" content=\"https:\/\/www.facebook.com\/eldiario.bolivia\/\" \/>\n<meta property=\"article:published_time\" content=\"2026-08-31T04:20:31+00:00\" \/>\n<meta property=\"og:image\" content=\"https:\/\/www.eldiario.net\/portal\/wp-content\/uploads\/2026\/08\/31-ALAN.webp\" \/>\n\t<meta property=\"og:image:width\" content=\"768\" \/>\n\t<meta property=\"og:image:height\" content=\"432\" \/>\n\t<meta property=\"og:image:type\" content=\"image\/webp\" \/>\n<meta name=\"author\" content=\"Jeanette\" \/>\n<meta name=\"twitter:card\" content=\"summary_large_image\" \/>\n<meta name=\"twitter:creator\" content=\"@eldiario_net\" \/>\n<meta name=\"twitter:site\" content=\"@eldiario_net\" \/>\n<meta name=\"twitter:label1\" content=\"Escrito por\" \/>\n\t<meta name=\"twitter:data1\" content=\"Jeanette\" \/>\n\t<meta name=\"twitter:label2\" content=\"Tiempo de lectura\" \/>\n\t<meta name=\"twitter:data2\" content=\"4 minutos\" \/>\n<script type=\"application\/ld+json\" class=\"yoast-schema-graph\">{\"@context\":\"https:\\\/\\\/schema.org\",\"@graph\":[{\"@type\":\"Article\",\"@id\":\"https:\\\/\\\/www.eldiario.net\\\/portal\\\/2026\\\/08\\\/31\\\/poder-de-las-redes-crece-en-politica-y-redefine-las-campanas-electorales\\\/#article\",\"isPartOf\":{\"@id\":\"https:\\\/\\\/www.eldiario.net\\\/portal\\\/2026\\\/08\\\/31\\\/poder-de-las-redes-crece-en-politica-y-redefine-las-campanas-electorales\\\/\"},\"author\":{\"name\":\"Jeanette\",\"@id\":\"https:\\\/\\\/www.eldiario.net\\\/portal\\\/#\\\/schema\\\/person\\\/f46445640444750d7d753ccd04ae01b7\"},\"headline\":\"Poder de las redes crece en pol\u00edtica y redefine las campa\u00f1as electorales\",\"datePublished\":\"2026-08-31T04:20:31+00:00\",\"mainEntityOfPage\":{\"@id\":\"https:\\\/\\\/www.eldiario.net\\\/portal\\\/2026\\\/08\\\/31\\\/poder-de-las-redes-crece-en-politica-y-redefine-las-campanas-electorales\\\/\"},\"wordCount\":950,\"publisher\":{\"@id\":\"https:\\\/\\\/www.eldiario.net\\\/portal\\\/#organization\"},\"image\":{\"@id\":\"https:\\\/\\\/www.eldiario.net\\\/portal\\\/2026\\\/08\\\/31\\\/poder-de-las-redes-crece-en-politica-y-redefine-las-campanas-electorales\\\/#primaryimage\"},\"thumbnailUrl\":\"https:\\\/\\\/www.eldiario.net\\\/portal\\\/wp-content\\\/uploads\\\/2026\\\/08\\\/31-ALAN.webp\",\"articleSection\":[\"Pol\u00edtica\"],\"inLanguage\":\"es\"},{\"@type\":\"WebPage\",\"@id\":\"https:\\\/\\\/www.eldiario.net\\\/portal\\\/2026\\\/08\\\/31\\\/poder-de-las-redes-crece-en-politica-y-redefine-las-campanas-electorales\\\/\",\"url\":\"https:\\\/\\\/www.eldiario.net\\\/portal\\\/2026\\\/08\\\/31\\\/poder-de-las-redes-crece-en-politica-y-redefine-las-campanas-electorales\\\/\",\"name\":\"Poder de las redes crece en pol\u00edtica y redefine las campa\u00f1as electorales - El Diario - Bolivia\",\"isPartOf\":{\"@id\":\"https:\\\/\\\/www.eldiario.net\\\/portal\\\/#website\"},\"primaryImageOfPage\":{\"@id\":\"https:\\\/\\\/www.eldiario.net\\\/portal\\\/2026\\\/08\\\/31\\\/poder-de-las-redes-crece-en-politica-y-redefine-las-campanas-electorales\\\/#primaryimage\"},\"image\":{\"@id\":\"https:\\\/\\\/www.eldiario.net\\\/portal\\\/2026\\\/08\\\/31\\\/poder-de-las-redes-crece-en-politica-y-redefine-las-campanas-electorales\\\/#primaryimage\"},\"thumbnailUrl\":\"https:\\\/\\\/www.eldiario.net\\\/portal\\\/wp-content\\\/uploads\\\/2026\\\/08\\\/31-ALAN.webp\",\"datePublished\":\"2026-08-31T04:20:31+00:00\",\"breadcrumb\":{\"@id\":\"https:\\\/\\\/www.eldiario.net\\\/portal\\\/2026\\\/08\\\/31\\\/poder-de-las-redes-crece-en-politica-y-redefine-las-campanas-electorales\\\/#breadcrumb\"},\"inLanguage\":\"es\",\"potentialAction\":[{\"@type\":\"ReadAction\",\"target\":[\"https:\\\/\\\/www.eldiario.net\\\/portal\\\/2026\\\/08\\\/31\\\/poder-de-las-redes-crece-en-politica-y-redefine-las-campanas-electorales\\\/\"]}]},{\"@type\":\"ImageObject\",\"inLanguage\":\"es\",\"@id\":\"https:\\\/\\\/www.eldiario.net\\\/portal\\\/2026\\\/08\\\/31\\\/poder-de-las-redes-crece-en-politica-y-redefine-las-campanas-electorales\\\/#primaryimage\",\"url\":\"https:\\\/\\\/www.eldiario.net\\\/portal\\\/wp-content\\\/uploads\\\/2026\\\/08\\\/31-ALAN.webp\",\"contentUrl\":\"https:\\\/\\\/www.eldiario.net\\\/portal\\\/wp-content\\\/uploads\\\/2026\\\/08\\\/31-ALAN.webp\",\"width\":768,\"height\":432,\"caption\":\"Referencial Cr\u00e9dito de foto: Shutterstock\"},{\"@type\":\"BreadcrumbList\",\"@id\":\"https:\\\/\\\/www.eldiario.net\\\/portal\\\/2026\\\/08\\\/31\\\/poder-de-las-redes-crece-en-politica-y-redefine-las-campanas-electorales\\\/#breadcrumb\",\"itemListElement\":[{\"@type\":\"ListItem\",\"position\":1,\"name\":\"Portada\",\"item\":\"https:\\\/\\\/www.eldiario.net\\\/portal\\\/\"},{\"@type\":\"ListItem\",\"position\":2,\"name\":\"Poder de las redes crece en pol\u00edtica y redefine las campa\u00f1as electorales\"}]},{\"@type\":\"WebSite\",\"@id\":\"https:\\\/\\\/www.eldiario.net\\\/portal\\\/#website\",\"url\":\"https:\\\/\\\/www.eldiario.net\\\/portal\\\/\",\"name\":\"El Diario - Decano de la prensa nacional\",\"description\":\"El Diario - Decano de la prensa nacional\",\"publisher\":{\"@id\":\"https:\\\/\\\/www.eldiario.net\\\/portal\\\/#organization\"},\"potentialAction\":[{\"@type\":\"SearchAction\",\"target\":{\"@type\":\"EntryPoint\",\"urlTemplate\":\"https:\\\/\\\/www.eldiario.net\\\/portal\\\/?s={search_term_string}\"},\"query-input\":{\"@type\":\"PropertyValueSpecification\",\"valueRequired\":true,\"valueName\":\"search_term_string\"}}],\"inLanguage\":\"es\"},{\"@type\":\"Organization\",\"@id\":\"https:\\\/\\\/www.eldiario.net\\\/portal\\\/#organization\",\"name\":\"El Diario - Decano de la prensa nacional\",\"url\":\"https:\\\/\\\/www.eldiario.net\\\/portal\\\/\",\"logo\":{\"@type\":\"ImageObject\",\"inLanguage\":\"es\",\"@id\":\"https:\\\/\\\/www.eldiario.net\\\/portal\\\/#\\\/schema\\\/logo\\\/image\\\/\",\"url\":\"https:\\\/\\\/www.eldiario.net\\\/portal\\\/wp-content\\\/uploads\\\/2023\\\/07\\\/logo_ED.jpg\",\"contentUrl\":\"https:\\\/\\\/www.eldiario.net\\\/portal\\\/wp-content\\\/uploads\\\/2023\\\/07\\\/logo_ED.jpg\",\"width\":272,\"height\":52,\"caption\":\"El Diario - Decano de la prensa nacional\"},\"image\":{\"@id\":\"https:\\\/\\\/www.eldiario.net\\\/portal\\\/#\\\/schema\\\/logo\\\/image\\\/\"},\"sameAs\":[\"https:\\\/\\\/www.facebook.com\\\/eldiario.bolivia\\\/\",\"https:\\\/\\\/x.com\\\/eldiario_net\"]},{\"@type\":\"Person\",\"@id\":\"https:\\\/\\\/www.eldiario.net\\\/portal\\\/#\\\/schema\\\/person\\\/f46445640444750d7d753ccd04ae01b7\",\"name\":\"Jeanette\",\"image\":{\"@type\":\"ImageObject\",\"inLanguage\":\"es\",\"@id\":\"https:\\\/\\\/secure.gravatar.com\\\/avatar\\\/3ea2118a5f7dad2b7138b1187a6b7ee55f160b9968b66013c3a3ef39dd7e5798?s=96&d=mm&r=g\",\"url\":\"https:\\\/\\\/secure.gravatar.com\\\/avatar\\\/3ea2118a5f7dad2b7138b1187a6b7ee55f160b9968b66013c3a3ef39dd7e5798?s=96&d=mm&r=g\",\"contentUrl\":\"https:\\\/\\\/secure.gravatar.com\\\/avatar\\\/3ea2118a5f7dad2b7138b1187a6b7ee55f160b9968b66013c3a3ef39dd7e5798?s=96&d=mm&r=g\",\"caption\":\"Jeanette\"},\"sameAs\":[\"https:\\\/\\\/www.eldiario.net\\\/portal\"],\"url\":\"https:\\\/\\\/www.eldiario.net\\\/portal\\\/author\\\/jeanette\\\/\"}]}<\/script>\n<!-- \/ Yoast SEO plugin. -->","yoast_head_json":{"title":"Poder de las redes crece en pol\u00edtica y redefine las campa\u00f1as electorales - El Diario - Bolivia","robots":{"index":"index","follow":"follow","max-snippet":"max-snippet:-1","max-image-preview":"max-image-preview:large","max-video-preview":"max-video-preview:-1"},"canonical":"https:\/\/www.eldiario.net\/portal\/2026\/08\/31\/poder-de-las-redes-crece-en-politica-y-redefine-las-campanas-electorales\/","og_locale":"es_ES","og_type":"article","og_title":"Poder de las redes crece en pol\u00edtica y redefine las campa\u00f1as electorales - El Diario - Bolivia","og_description":"El avance de las estrategias digitales est\u00e1 modificando la forma de hacer pol\u00edtica y otorgando a especialistas en redes, algoritmos y an\u00e1lisis de comportamiento una capacidad de influencia cada vez mayor sobre los procesos electorales, advirti\u00f3 el analista internacional Alan Cathey, quien se\u00f1al\u00f3 que este fen\u00f3meno tambi\u00e9n plantea interrogantes sobre el lugar que ocupa el [&hellip;]","og_url":"https:\/\/www.eldiario.net\/portal\/2026\/08\/31\/poder-de-las-redes-crece-en-politica-y-redefine-las-campanas-electorales\/","og_site_name":"El Diario - Bolivia","article_publisher":"https:\/\/www.facebook.com\/eldiario.bolivia\/","article_published_time":"2026-08-31T04:20:31+00:00","og_image":[{"width":768,"height":432,"url":"https:\/\/www.eldiario.net\/portal\/wp-content\/uploads\/2026\/08\/31-ALAN.webp","type":"image\/webp"}],"author":"Jeanette","twitter_card":"summary_large_image","twitter_creator":"@eldiario_net","twitter_site":"@eldiario_net","twitter_misc":{"Escrito por":"Jeanette","Tiempo de lectura":"4 minutos"},"schema":{"@context":"https:\/\/schema.org","@graph":[{"@type":"Article","@id":"https:\/\/www.eldiario.net\/portal\/2026\/08\/31\/poder-de-las-redes-crece-en-politica-y-redefine-las-campanas-electorales\/#article","isPartOf":{"@id":"https:\/\/www.eldiario.net\/portal\/2026\/08\/31\/poder-de-las-redes-crece-en-politica-y-redefine-las-campanas-electorales\/"},"author":{"name":"Jeanette","@id":"https:\/\/www.eldiario.net\/portal\/#\/schema\/person\/f46445640444750d7d753ccd04ae01b7"},"headline":"Poder de las redes crece en pol\u00edtica y redefine las campa\u00f1as electorales","datePublished":"2026-08-31T04:20:31+00:00","mainEntityOfPage":{"@id":"https:\/\/www.eldiario.net\/portal\/2026\/08\/31\/poder-de-las-redes-crece-en-politica-y-redefine-las-campanas-electorales\/"},"wordCount":950,"publisher":{"@id":"https:\/\/www.eldiario.net\/portal\/#organization"},"image":{"@id":"https:\/\/www.eldiario.net\/portal\/2026\/08\/31\/poder-de-las-redes-crece-en-politica-y-redefine-las-campanas-electorales\/#primaryimage"},"thumbnailUrl":"https:\/\/www.eldiario.net\/portal\/wp-content\/uploads\/2026\/08\/31-ALAN.webp","articleSection":["Pol\u00edtica"],"inLanguage":"es"},{"@type":"WebPage","@id":"https:\/\/www.eldiario.net\/portal\/2026\/08\/31\/poder-de-las-redes-crece-en-politica-y-redefine-las-campanas-electorales\/","url":"https:\/\/www.eldiario.net\/portal\/2026\/08\/31\/poder-de-las-redes-crece-en-politica-y-redefine-las-campanas-electorales\/","name":"Poder de las redes crece en pol\u00edtica y redefine las campa\u00f1as electorales - El Diario - Bolivia","isPartOf":{"@id":"https:\/\/www.eldiario.net\/portal\/#website"},"primaryImageOfPage":{"@id":"https:\/\/www.eldiario.net\/portal\/2026\/08\/31\/poder-de-las-redes-crece-en-politica-y-redefine-las-campanas-electorales\/#primaryimage"},"image":{"@id":"https:\/\/www.eldiario.net\/portal\/2026\/08\/31\/poder-de-las-redes-crece-en-politica-y-redefine-las-campanas-electorales\/#primaryimage"},"thumbnailUrl":"https:\/\/www.eldiario.net\/portal\/wp-content\/uploads\/2026\/08\/31-ALAN.webp","datePublished":"2026-08-31T04:20:31+00:00","breadcrumb":{"@id":"https:\/\/www.eldiario.net\/portal\/2026\/08\/31\/poder-de-las-redes-crece-en-politica-y-redefine-las-campanas-electorales\/#breadcrumb"},"inLanguage":"es","potentialAction":[{"@type":"ReadAction","target":["https:\/\/www.eldiario.net\/portal\/2026\/08\/31\/poder-de-las-redes-crece-en-politica-y-redefine-las-campanas-electorales\/"]}]},{"@type":"ImageObject","inLanguage":"es","@id":"https:\/\/www.eldiario.net\/portal\/2026\/08\/31\/poder-de-las-redes-crece-en-politica-y-redefine-las-campanas-electorales\/#primaryimage","url":"https:\/\/www.eldiario.net\/portal\/wp-content\/uploads\/2026\/08\/31-ALAN.webp","contentUrl":"https:\/\/www.eldiario.net\/portal\/wp-content\/uploads\/2026\/08\/31-ALAN.webp","width":768,"height":432,"caption":"Referencial Cr\u00e9dito de foto: Shutterstock"},{"@type":"BreadcrumbList","@id":"https:\/\/www.eldiario.net\/portal\/2026\/08\/31\/poder-de-las-redes-crece-en-politica-y-redefine-las-campanas-electorales\/#breadcrumb","itemListElement":[{"@type":"ListItem","position":1,"name":"Portada","item":"https:\/\/www.eldiario.net\/portal\/"},{"@type":"ListItem","position":2,"name":"Poder de las redes crece en pol\u00edtica y redefine las campa\u00f1as electorales"}]},{"@type":"WebSite","@id":"https:\/\/www.eldiario.net\/portal\/#website","url":"https:\/\/www.eldiario.net\/portal\/","name":"El Diario - Decano de la prensa nacional","description":"El Diario - Decano de la prensa nacional","publisher":{"@id":"https:\/\/www.eldiario.net\/portal\/#organization"},"potentialAction":[{"@type":"SearchAction","target":{"@type":"EntryPoint","urlTemplate":"https:\/\/www.eldiario.net\/portal\/?s={search_term_string}"},"query-input":{"@type":"PropertyValueSpecification","valueRequired":true,"valueName":"search_term_string"}}],"inLanguage":"es"},{"@type":"Organization","@id":"https:\/\/www.eldiario.net\/portal\/#organization","name":"El Diario - Decano de la prensa nacional","url":"https:\/\/www.eldiario.net\/portal\/","logo":{"@type":"ImageObject","inLanguage":"es","@id":"https:\/\/www.eldiario.net\/portal\/#\/schema\/logo\/image\/","url":"https:\/\/www.eldiario.net\/portal\/wp-content\/uploads\/2023\/07\/logo_ED.jpg","contentUrl":"https:\/\/www.eldiario.net\/portal\/wp-content\/uploads\/2023\/07\/logo_ED.jpg","width":272,"height":52,"caption":"El Diario - Decano de la prensa nacional"},"image":{"@id":"https:\/\/www.eldiario.net\/portal\/#\/schema\/logo\/image\/"},"sameAs":["https:\/\/www.facebook.com\/eldiario.bolivia\/","https:\/\/x.com\/eldiario_net"]},{"@type":"Person","@id":"https:\/\/www.eldiario.net\/portal\/#\/schema\/person\/f46445640444750d7d753ccd04ae01b7","name":"Jeanette","image":{"@type":"ImageObject","inLanguage":"es","@id":"https:\/\/secure.gravatar.com\/avatar\/3ea2118a5f7dad2b7138b1187a6b7ee55f160b9968b66013c3a3ef39dd7e5798?s=96&d=mm&r=g","url":"https:\/\/secure.gravatar.com\/avatar\/3ea2118a5f7dad2b7138b1187a6b7ee55f160b9968b66013c3a3ef39dd7e5798?s=96&d=mm&r=g","contentUrl":"https:\/\/secure.gravatar.com\/avatar\/3ea2118a5f7dad2b7138b1187a6b7ee55f160b9968b66013c3a3ef39dd7e5798?s=96&d=mm&r=g","caption":"Jeanette"},"sameAs":["https:\/\/www.eldiario.net\/portal"],"url":"https:\/\/www.eldiario.net\/portal\/author\/jeanette\/"}]}},"_links":{"self":[{"href":"https:\/\/www.eldiario.net\/portal\/wp-json\/wp\/v2\/posts\/426245","targetHints":{"allow":["GET"]}}],"collection":[{"href":"https:\/\/www.eldiario.net\/portal\/wp-json\/wp\/v2\/posts"}],"about":[{"href":"https:\/\/www.eldiario.net\/portal\/wp-json\/wp\/v2\/types\/post"}],"author":[{"embeddable":true,"href":"https:\/\/www.eldiario.net\/portal\/wp-json\/wp\/v2\/users\/1"}],"replies":[{"embeddable":true,"href":"https:\/\/www.eldiario.net\/portal\/wp-json\/wp\/v2\/comments?post=426245"}],"version-history":[{"count":1,"href":"https:\/\/www.eldiario.net\/portal\/wp-json\/wp\/v2\/posts\/426245\/revisions"}],"predecessor-version":[{"id":426247,"href":"https:\/\/www.eldiario.net\/portal\/wp-json\/wp\/v2\/posts\/426245\/revisions\/426247"}],"wp:featuredmedia":[{"embeddable":true,"href":"https:\/\/www.eldiario.net\/portal\/wp-json\/wp\/v2\/media\/426246"}],"wp:attachment":[{"href":"https:\/\/www.eldiario.net\/portal\/wp-json\/wp\/v2\/media?parent=426245"}],"wp:term":[{"taxonomy":"category","embeddable":true,"href":"https:\/\/www.eldiario.net\/portal\/wp-json\/wp\/v2\/categories?post=426245"},{"taxonomy":"post_tag","embeddable":true,"href":"https:\/\/www.eldiario.net\/portal\/wp-json\/wp\/v2\/tags?post=426245"}],"curies":[{"name":"wp","href":"https:\/\/api.w.org\/{rel}","templated":true}]}}