{"id":426242,"date":"2026-08-31T00:18:56","date_gmt":"2026-08-31T04:18:56","guid":{"rendered":"https:\/\/www.eldiario.net\/portal\/?p=426242"},"modified":"2026-08-30T22:19:41","modified_gmt":"2026-08-31T02:19:41","slug":"piden-ampliar-investigacion-a-beller-por-caso-cerimedo","status":"publish","type":"post","link":"https:\/\/www.eldiario.net\/portal\/2026\/08\/31\/piden-ampliar-investigacion-a-beller-por-caso-cerimedo\/","title":{"rendered":"Piden ampliar investigaci\u00f3n a B\u00e9ller por caso Cerimedo"},"content":{"rendered":"<p>El abogado penalista, Marcelo Ramos Guzm\u00e1n, en entrevista con EL DIARIO consider\u00f3 que la investigaci\u00f3n por presunto enriquecimiento il\u00edcito contra Fernando Cerimedo no deber\u00eda limitarse al principal acusado y plante\u00f3 que el Ministerio P\u00fablico ampl\u00ede las indagaciones para establecer si Nadia B\u00e9ller tuvo alg\u00fan grado de conocimiento o participaci\u00f3n en los hechos que actualmente son objeto del proceso.<\/p>\n<p>El jurista sostuvo que la propia denunciante revel\u00f3 p\u00fablicamente informaci\u00f3n sobre el manejo de dinero, documentos y otros hechos que, a su criterio, justifican que la Fiscal\u00eda profundice las pesquisas para determinar si existe alg\u00fan tipo de responsabilidad penal, sin prejuzgar el resultado de la investigaci\u00f3n.<\/p>\n<p>\u00abCuando todo era romance, cuando todo estaba bien, hab\u00eda un silencio c\u00f3mplice\u00bb, afirm\u00f3 Ramos al referirse al momento en que B\u00e9ller decidi\u00f3 hacer p\u00fablicas las denuncias contra su expareja.<\/p>\n<p>Desde su an\u00e1lisis, la investigaci\u00f3n no deber\u00eda circunscribirse \u00fanicamente a Cerimedo, sino establecer cu\u00e1l fue el nivel de conocimiento que tuvo B\u00e9ller respecto a los presuntos movimientos econ\u00f3micos. Record\u00f3 que el dinero que posteriormente fue exhibido mediante fotograf\u00edas se encontraba, seg\u00fan las propias declaraciones de la denunciante, en el inmueble que ambos compart\u00edan, por lo que consider\u00f3 necesario determinar si conoc\u00eda su origen o si tuvo alguna participaci\u00f3n en su administraci\u00f3n.<\/p>\n<p>En ese contexto, Ramos se\u00f1al\u00f3 que la Fiscal\u00eda deber\u00e1 realizar una investigaci\u00f3n t\u00e9cnica que incluya el desdoblamiento de los tel\u00e9fonos celulares, la revisi\u00f3n \u00edntegra de conversaciones, el an\u00e1lisis de movimientos bancarios nacionales e internacionales, la verificaci\u00f3n de ingresos declarados, documentaci\u00f3n tributaria y financiera, adem\u00e1s de declaraciones testificales que permitan reconstruir el origen y destino de los recursos econ\u00f3micos.<\/p>\n<p>El penalista indic\u00f3 que, si durante esas diligencias se demostrara \u00fanicamente que B\u00e9ller conoc\u00eda hechos presuntamente il\u00edcitos y no los puso en conocimiento de las autoridades, podr\u00eda analizarse la figura de encubrimiento, delito que contempla una pena m\u00ednima de dos a\u00f1os de privaci\u00f3n de libertad.<\/p>\n<p>Sin embargo, aclar\u00f3 que, si la investigaci\u00f3n estableciera una participaci\u00f3n m\u00e1s activa en el manejo de los recursos o en las conductas investigadas, la calificaci\u00f3n jur\u00eddica podr\u00eda variar hacia complicidad o coautor\u00eda, lo que implicar\u00eda afrontar las mismas consecuencias penales previstas para el delito de enriquecimiento il\u00edcito, cuya sanci\u00f3n alcanza hasta 10 a\u00f1os de prisi\u00f3n, con posibles agravantes cuando se trata de servidores p\u00fablicos, seg\u00fan explic\u00f3.<\/p>\n<p>Respecto a Cerimedo, Ramos sostuvo que la investigaci\u00f3n por enriquecimiento il\u00edcito deber\u00e1 establecer si existi\u00f3 un incremento patrimonial que no pueda justificarse legalmente. Como elementos que, en su criterio, sustentan esa l\u00ednea investigativa, mencion\u00f3 las im\u00e1genes donde se observan importantes cantidades de dinero en efectivo, presuntas inconsistencias entre el patrimonio y los ingresos declarados, la ausencia de respaldo legal y tributario sobre esos recursos, adem\u00e1s de las declaraciones que brind\u00f3 el investigado respecto a sus movimientos econ\u00f3micos.<\/p>\n<p>El abogado record\u00f3 que Cerimedo tambi\u00e9n afronta procesos por tentativa de feminicidio y violencia familiar o dom\u00e9stica, causas que se tramitan de forma paralela a la investigaci\u00f3n por enriquecimiento il\u00edcito y que, seg\u00fan afirm\u00f3, podr\u00edan ampliar el alcance de las investigaciones si aparecen nuevos elementos durante el proceso.<\/p>\n<p>DEFENSA<\/p>\n<p>Sobre la postura asumida por Cerimedo durante su declaraci\u00f3n informativa, Ramos consider\u00f3 que atribuir el proceso a un supuesto trasfondo pol\u00edtico forma parte de una estrategia de defensa dise\u00f1ada para disminuir la presi\u00f3n p\u00fablica y fortalecer su situaci\u00f3n procesal frente al nuevo pedido de detenci\u00f3n preventiva.<\/p>\n<p>El penalista observ\u00f3 adem\u00e1s que el investigado ahora desconoce el rol que anteriormente se le atribu\u00eda como asesor y reduce su participaci\u00f3n a una colaboraci\u00f3n estrat\u00e9gica digital, aspecto que \u2014seg\u00fan dijo\u2014 contrasta con la documentaci\u00f3n que se conoci\u00f3 p\u00fablicamente y que deber\u00e1 ser valorada por el Ministerio P\u00fablico dentro de la investigaci\u00f3n.<\/p>\n<p>\u00abEsa narrativa de persecuci\u00f3n pol\u00edtica sirve como un argumento de defensa p\u00fablica, pero no va a bastar para anular ni evitar la acci\u00f3n penal mientras la Fiscal\u00eda siga aportando pruebas\u00bb, sostuvo.<\/p>\n<p>SEGUNDA DETENCI\u00d3N<\/p>\n<p>La situaci\u00f3n procesal de Fernando Cerimedo se complic\u00f3 luego de que un juez de La Paz dispusiera seis meses de detenci\u00f3n preventiva en el penal de Chonchocoro, dentro de la investigaci\u00f3n por presunto enriquecimiento il\u00edcito.<\/p>\n<p>La nueva medida se suma a los 180 d\u00edas de prisi\u00f3n preventiva que cumple en Palmasola, Santa Cruz, por el proceso de tentativa de feminicidio contra Beller. De esta manera, el argentino enfrenta actualmente dos \u00f3rdenes de detenci\u00f3n preventiva dictadas en causas diferentes.<\/p>\n<p>Tras conocerse la resoluci\u00f3n, la defensa anunci\u00f3 que presentar\u00e1 un recurso para evitar su traslado a La Paz, argumentando problemas de salud. Mientras se resuelven las acciones legales, a\u00fan debe definirse en cu\u00e1l de los dos recintos penitenciarios cumplir\u00e1 las medidas cautelares.<\/p>\n<p>Con ambas medidas vigentes, el\u00a0argentino continuar\u00e1 en prisi\u00f3n\u00a0mientras se resuelven los recursos legales que presente su defensa. A\u00fan debe definirse en qu\u00e9 penal cumplir\u00e1 su detenci\u00f3n.<\/p>\n","protected":false},"excerpt":{"rendered":"<p>El abogado penalista, Marcelo Ramos Guzm\u00e1n, en entrevista con EL DIARIO consider\u00f3 que la investigaci\u00f3n por presunto enriquecimiento il\u00edcito contra Fernando Cerimedo no deber\u00eda limitarse al principal acusado y plante\u00f3 que el Ministerio P\u00fablico ampl\u00ede las indagaciones para establecer si Nadia B\u00e9ller tuvo alg\u00fan grado de conocimiento o participaci\u00f3n en los hechos que actualmente son [&hellip;]<\/p>\n","protected":false},"author":1,"featured_media":426243,"comment_status":"closed","ping_status":"open","sticky":false,"template":"","format":"standard","meta":{"_acf_changed":false,"footnotes":""},"categories":[39],"tags":[],"class_list":["post-426242","post","type-post","status-publish","format-standard","has-post-thumbnail","category-sociedad"],"acf":{"antetitulo":"Nueva hip\u00f3tesis penal"},"yoast_head":"<!-- This site is optimized with the Yoast SEO plugin v28.3 - https:\/\/yoast.com\/product\/yoast-seo-wordpress\/ -->\n<title>Piden ampliar investigaci\u00f3n a B\u00e9ller por caso Cerimedo - El Diario - Bolivia<\/title>\n<meta name=\"robots\" content=\"index, follow, max-snippet:-1, max-image-preview:large, max-video-preview:-1\" \/>\n<link rel=\"canonical\" href=\"https:\/\/www.eldiario.net\/portal\/2026\/08\/31\/piden-ampliar-investigacion-a-beller-por-caso-cerimedo\/\" \/>\n<meta property=\"og:locale\" content=\"es_ES\" \/>\n<meta property=\"og:type\" content=\"article\" \/>\n<meta property=\"og:title\" content=\"Piden ampliar investigaci\u00f3n a B\u00e9ller por caso Cerimedo - El Diario - Bolivia\" \/>\n<meta property=\"og:description\" content=\"El abogado penalista, Marcelo Ramos Guzm\u00e1n, en entrevista con EL DIARIO consider\u00f3 que la investigaci\u00f3n por presunto enriquecimiento il\u00edcito contra Fernando Cerimedo no deber\u00eda limitarse al principal acusado y plante\u00f3 que el Ministerio P\u00fablico ampl\u00ede las indagaciones para establecer si Nadia B\u00e9ller tuvo alg\u00fan grado de conocimiento o participaci\u00f3n en los hechos que actualmente son [&hellip;]\" \/>\n<meta property=\"og:url\" content=\"https:\/\/www.eldiario.net\/portal\/2026\/08\/31\/piden-ampliar-investigacion-a-beller-por-caso-cerimedo\/\" \/>\n<meta property=\"og:site_name\" content=\"El Diario - Bolivia\" \/>\n<meta property=\"article:publisher\" content=\"https:\/\/www.facebook.com\/eldiario.bolivia\/\" \/>\n<meta property=\"article:published_time\" content=\"2026-08-31T04:18:56+00:00\" \/>\n<meta property=\"og:image\" content=\"https:\/\/www.eldiario.net\/portal\/wp-content\/uploads\/2026\/08\/31-HIPO.webp\" \/>\n\t<meta property=\"og:image:width\" content=\"487\" \/>\n\t<meta property=\"og:image:height\" content=\"360\" \/>\n\t<meta property=\"og:image:type\" content=\"image\/webp\" \/>\n<meta name=\"author\" content=\"Jeanette\" \/>\n<meta name=\"twitter:card\" content=\"summary_large_image\" \/>\n<meta name=\"twitter:creator\" content=\"@eldiario_net\" \/>\n<meta name=\"twitter:site\" content=\"@eldiario_net\" \/>\n<meta name=\"twitter:label1\" content=\"Escrito por\" \/>\n\t<meta name=\"twitter:data1\" content=\"Jeanette\" \/>\n\t<meta name=\"twitter:label2\" content=\"Tiempo de lectura\" \/>\n\t<meta name=\"twitter:data2\" content=\"4 minutos\" \/>\n<script type=\"application\/ld+json\" class=\"yoast-schema-graph\">{\"@context\":\"https:\\\/\\\/schema.org\",\"@graph\":[{\"@type\":\"Article\",\"@id\":\"https:\\\/\\\/www.eldiario.net\\\/portal\\\/2026\\\/08\\\/31\\\/piden-ampliar-investigacion-a-beller-por-caso-cerimedo\\\/#article\",\"isPartOf\":{\"@id\":\"https:\\\/\\\/www.eldiario.net\\\/portal\\\/2026\\\/08\\\/31\\\/piden-ampliar-investigacion-a-beller-por-caso-cerimedo\\\/\"},\"author\":{\"name\":\"Jeanette\",\"@id\":\"https:\\\/\\\/www.eldiario.net\\\/portal\\\/#\\\/schema\\\/person\\\/f46445640444750d7d753ccd04ae01b7\"},\"headline\":\"Piden ampliar investigaci\u00f3n a B\u00e9ller por caso Cerimedo\",\"datePublished\":\"2026-08-31T04:18:56+00:00\",\"mainEntityOfPage\":{\"@id\":\"https:\\\/\\\/www.eldiario.net\\\/portal\\\/2026\\\/08\\\/31\\\/piden-ampliar-investigacion-a-beller-por-caso-cerimedo\\\/\"},\"wordCount\":896,\"publisher\":{\"@id\":\"https:\\\/\\\/www.eldiario.net\\\/portal\\\/#organization\"},\"image\":{\"@id\":\"https:\\\/\\\/www.eldiario.net\\\/portal\\\/2026\\\/08\\\/31\\\/piden-ampliar-investigacion-a-beller-por-caso-cerimedo\\\/#primaryimage\"},\"thumbnailUrl\":\"https:\\\/\\\/www.eldiario.net\\\/portal\\\/wp-content\\\/uploads\\\/2026\\\/08\\\/31-HIPO.webp\",\"articleSection\":[\"Sociedad - Seguridad\"],\"inLanguage\":\"es\"},{\"@type\":\"WebPage\",\"@id\":\"https:\\\/\\\/www.eldiario.net\\\/portal\\\/2026\\\/08\\\/31\\\/piden-ampliar-investigacion-a-beller-por-caso-cerimedo\\\/\",\"url\":\"https:\\\/\\\/www.eldiario.net\\\/portal\\\/2026\\\/08\\\/31\\\/piden-ampliar-investigacion-a-beller-por-caso-cerimedo\\\/\",\"name\":\"Piden ampliar investigaci\u00f3n a B\u00e9ller por caso Cerimedo - El Diario - Bolivia\",\"isPartOf\":{\"@id\":\"https:\\\/\\\/www.eldiario.net\\\/portal\\\/#website\"},\"primaryImageOfPage\":{\"@id\":\"https:\\\/\\\/www.eldiario.net\\\/portal\\\/2026\\\/08\\\/31\\\/piden-ampliar-investigacion-a-beller-por-caso-cerimedo\\\/#primaryimage\"},\"image\":{\"@id\":\"https:\\\/\\\/www.eldiario.net\\\/portal\\\/2026\\\/08\\\/31\\\/piden-ampliar-investigacion-a-beller-por-caso-cerimedo\\\/#primaryimage\"},\"thumbnailUrl\":\"https:\\\/\\\/www.eldiario.net\\\/portal\\\/wp-content\\\/uploads\\\/2026\\\/08\\\/31-HIPO.webp\",\"datePublished\":\"2026-08-31T04:18:56+00:00\",\"breadcrumb\":{\"@id\":\"https:\\\/\\\/www.eldiario.net\\\/portal\\\/2026\\\/08\\\/31\\\/piden-ampliar-investigacion-a-beller-por-caso-cerimedo\\\/#breadcrumb\"},\"inLanguage\":\"es\",\"potentialAction\":[{\"@type\":\"ReadAction\",\"target\":[\"https:\\\/\\\/www.eldiario.net\\\/portal\\\/2026\\\/08\\\/31\\\/piden-ampliar-investigacion-a-beller-por-caso-cerimedo\\\/\"]}]},{\"@type\":\"ImageObject\",\"inLanguage\":\"es\",\"@id\":\"https:\\\/\\\/www.eldiario.net\\\/portal\\\/2026\\\/08\\\/31\\\/piden-ampliar-investigacion-a-beller-por-caso-cerimedo\\\/#primaryimage\",\"url\":\"https:\\\/\\\/www.eldiario.net\\\/portal\\\/wp-content\\\/uploads\\\/2026\\\/08\\\/31-HIPO.webp\",\"contentUrl\":\"https:\\\/\\\/www.eldiario.net\\\/portal\\\/wp-content\\\/uploads\\\/2026\\\/08\\\/31-HIPO.webp\",\"width\":487,\"height\":360,\"caption\":\"La hip\u00f3tesis surge a partir de las declaraciones de Beller sobre la investigaci\u00f3n por presunto enriquecimiento il\u00edcito. Cr\u00e9dito de foto: RRSS\"},{\"@type\":\"BreadcrumbList\",\"@id\":\"https:\\\/\\\/www.eldiario.net\\\/portal\\\/2026\\\/08\\\/31\\\/piden-ampliar-investigacion-a-beller-por-caso-cerimedo\\\/#breadcrumb\",\"itemListElement\":[{\"@type\":\"ListItem\",\"position\":1,\"name\":\"Portada\",\"item\":\"https:\\\/\\\/www.eldiario.net\\\/portal\\\/\"},{\"@type\":\"ListItem\",\"position\":2,\"name\":\"Piden ampliar investigaci\u00f3n a B\u00e9ller por caso Cerimedo\"}]},{\"@type\":\"WebSite\",\"@id\":\"https:\\\/\\\/www.eldiario.net\\\/portal\\\/#website\",\"url\":\"https:\\\/\\\/www.eldiario.net\\\/portal\\\/\",\"name\":\"El Diario - Decano de la prensa nacional\",\"description\":\"El Diario - Decano de la prensa nacional\",\"publisher\":{\"@id\":\"https:\\\/\\\/www.eldiario.net\\\/portal\\\/#organization\"},\"potentialAction\":[{\"@type\":\"SearchAction\",\"target\":{\"@type\":\"EntryPoint\",\"urlTemplate\":\"https:\\\/\\\/www.eldiario.net\\\/portal\\\/?s={search_term_string}\"},\"query-input\":{\"@type\":\"PropertyValueSpecification\",\"valueRequired\":true,\"valueName\":\"search_term_string\"}}],\"inLanguage\":\"es\"},{\"@type\":\"Organization\",\"@id\":\"https:\\\/\\\/www.eldiario.net\\\/portal\\\/#organization\",\"name\":\"El Diario - Decano de la prensa nacional\",\"url\":\"https:\\\/\\\/www.eldiario.net\\\/portal\\\/\",\"logo\":{\"@type\":\"ImageObject\",\"inLanguage\":\"es\",\"@id\":\"https:\\\/\\\/www.eldiario.net\\\/portal\\\/#\\\/schema\\\/logo\\\/image\\\/\",\"url\":\"https:\\\/\\\/www.eldiario.net\\\/portal\\\/wp-content\\\/uploads\\\/2023\\\/07\\\/logo_ED.jpg\",\"contentUrl\":\"https:\\\/\\\/www.eldiario.net\\\/portal\\\/wp-content\\\/uploads\\\/2023\\\/07\\\/logo_ED.jpg\",\"width\":272,\"height\":52,\"caption\":\"El Diario - Decano de la prensa nacional\"},\"image\":{\"@id\":\"https:\\\/\\\/www.eldiario.net\\\/portal\\\/#\\\/schema\\\/logo\\\/image\\\/\"},\"sameAs\":[\"https:\\\/\\\/www.facebook.com\\\/eldiario.bolivia\\\/\",\"https:\\\/\\\/x.com\\\/eldiario_net\"]},{\"@type\":\"Person\",\"@id\":\"https:\\\/\\\/www.eldiario.net\\\/portal\\\/#\\\/schema\\\/person\\\/f46445640444750d7d753ccd04ae01b7\",\"name\":\"Jeanette\",\"image\":{\"@type\":\"ImageObject\",\"inLanguage\":\"es\",\"@id\":\"https:\\\/\\\/secure.gravatar.com\\\/avatar\\\/3ea2118a5f7dad2b7138b1187a6b7ee55f160b9968b66013c3a3ef39dd7e5798?s=96&d=mm&r=g\",\"url\":\"https:\\\/\\\/secure.gravatar.com\\\/avatar\\\/3ea2118a5f7dad2b7138b1187a6b7ee55f160b9968b66013c3a3ef39dd7e5798?s=96&d=mm&r=g\",\"contentUrl\":\"https:\\\/\\\/secure.gravatar.com\\\/avatar\\\/3ea2118a5f7dad2b7138b1187a6b7ee55f160b9968b66013c3a3ef39dd7e5798?s=96&d=mm&r=g\",\"caption\":\"Jeanette\"},\"sameAs\":[\"https:\\\/\\\/www.eldiario.net\\\/portal\"],\"url\":\"https:\\\/\\\/www.eldiario.net\\\/portal\\\/author\\\/jeanette\\\/\"}]}<\/script>\n<!-- \/ Yoast SEO plugin. -->","yoast_head_json":{"title":"Piden ampliar investigaci\u00f3n a B\u00e9ller por caso Cerimedo - El Diario - Bolivia","robots":{"index":"index","follow":"follow","max-snippet":"max-snippet:-1","max-image-preview":"max-image-preview:large","max-video-preview":"max-video-preview:-1"},"canonical":"https:\/\/www.eldiario.net\/portal\/2026\/08\/31\/piden-ampliar-investigacion-a-beller-por-caso-cerimedo\/","og_locale":"es_ES","og_type":"article","og_title":"Piden ampliar investigaci\u00f3n a B\u00e9ller por caso Cerimedo - El Diario - Bolivia","og_description":"El abogado penalista, Marcelo Ramos Guzm\u00e1n, en entrevista con EL DIARIO consider\u00f3 que la investigaci\u00f3n por presunto enriquecimiento il\u00edcito contra Fernando Cerimedo no deber\u00eda limitarse al principal acusado y plante\u00f3 que el Ministerio P\u00fablico ampl\u00ede las indagaciones para establecer si Nadia B\u00e9ller tuvo alg\u00fan grado de conocimiento o participaci\u00f3n en los hechos que actualmente son [&hellip;]","og_url":"https:\/\/www.eldiario.net\/portal\/2026\/08\/31\/piden-ampliar-investigacion-a-beller-por-caso-cerimedo\/","og_site_name":"El Diario - Bolivia","article_publisher":"https:\/\/www.facebook.com\/eldiario.bolivia\/","article_published_time":"2026-08-31T04:18:56+00:00","og_image":[{"width":487,"height":360,"url":"https:\/\/www.eldiario.net\/portal\/wp-content\/uploads\/2026\/08\/31-HIPO.webp","type":"image\/webp"}],"author":"Jeanette","twitter_card":"summary_large_image","twitter_creator":"@eldiario_net","twitter_site":"@eldiario_net","twitter_misc":{"Escrito por":"Jeanette","Tiempo de lectura":"4 minutos"},"schema":{"@context":"https:\/\/schema.org","@graph":[{"@type":"Article","@id":"https:\/\/www.eldiario.net\/portal\/2026\/08\/31\/piden-ampliar-investigacion-a-beller-por-caso-cerimedo\/#article","isPartOf":{"@id":"https:\/\/www.eldiario.net\/portal\/2026\/08\/31\/piden-ampliar-investigacion-a-beller-por-caso-cerimedo\/"},"author":{"name":"Jeanette","@id":"https:\/\/www.eldiario.net\/portal\/#\/schema\/person\/f46445640444750d7d753ccd04ae01b7"},"headline":"Piden ampliar investigaci\u00f3n a B\u00e9ller por caso Cerimedo","datePublished":"2026-08-31T04:18:56+00:00","mainEntityOfPage":{"@id":"https:\/\/www.eldiario.net\/portal\/2026\/08\/31\/piden-ampliar-investigacion-a-beller-por-caso-cerimedo\/"},"wordCount":896,"publisher":{"@id":"https:\/\/www.eldiario.net\/portal\/#organization"},"image":{"@id":"https:\/\/www.eldiario.net\/portal\/2026\/08\/31\/piden-ampliar-investigacion-a-beller-por-caso-cerimedo\/#primaryimage"},"thumbnailUrl":"https:\/\/www.eldiario.net\/portal\/wp-content\/uploads\/2026\/08\/31-HIPO.webp","articleSection":["Sociedad - Seguridad"],"inLanguage":"es"},{"@type":"WebPage","@id":"https:\/\/www.eldiario.net\/portal\/2026\/08\/31\/piden-ampliar-investigacion-a-beller-por-caso-cerimedo\/","url":"https:\/\/www.eldiario.net\/portal\/2026\/08\/31\/piden-ampliar-investigacion-a-beller-por-caso-cerimedo\/","name":"Piden ampliar investigaci\u00f3n a B\u00e9ller por caso Cerimedo - El Diario - Bolivia","isPartOf":{"@id":"https:\/\/www.eldiario.net\/portal\/#website"},"primaryImageOfPage":{"@id":"https:\/\/www.eldiario.net\/portal\/2026\/08\/31\/piden-ampliar-investigacion-a-beller-por-caso-cerimedo\/#primaryimage"},"image":{"@id":"https:\/\/www.eldiario.net\/portal\/2026\/08\/31\/piden-ampliar-investigacion-a-beller-por-caso-cerimedo\/#primaryimage"},"thumbnailUrl":"https:\/\/www.eldiario.net\/portal\/wp-content\/uploads\/2026\/08\/31-HIPO.webp","datePublished":"2026-08-31T04:18:56+00:00","breadcrumb":{"@id":"https:\/\/www.eldiario.net\/portal\/2026\/08\/31\/piden-ampliar-investigacion-a-beller-por-caso-cerimedo\/#breadcrumb"},"inLanguage":"es","potentialAction":[{"@type":"ReadAction","target":["https:\/\/www.eldiario.net\/portal\/2026\/08\/31\/piden-ampliar-investigacion-a-beller-por-caso-cerimedo\/"]}]},{"@type":"ImageObject","inLanguage":"es","@id":"https:\/\/www.eldiario.net\/portal\/2026\/08\/31\/piden-ampliar-investigacion-a-beller-por-caso-cerimedo\/#primaryimage","url":"https:\/\/www.eldiario.net\/portal\/wp-content\/uploads\/2026\/08\/31-HIPO.webp","contentUrl":"https:\/\/www.eldiario.net\/portal\/wp-content\/uploads\/2026\/08\/31-HIPO.webp","width":487,"height":360,"caption":"La hip\u00f3tesis surge a partir de las declaraciones de Beller sobre la investigaci\u00f3n por presunto enriquecimiento il\u00edcito. Cr\u00e9dito de foto: RRSS"},{"@type":"BreadcrumbList","@id":"https:\/\/www.eldiario.net\/portal\/2026\/08\/31\/piden-ampliar-investigacion-a-beller-por-caso-cerimedo\/#breadcrumb","itemListElement":[{"@type":"ListItem","position":1,"name":"Portada","item":"https:\/\/www.eldiario.net\/portal\/"},{"@type":"ListItem","position":2,"name":"Piden ampliar investigaci\u00f3n a B\u00e9ller por caso Cerimedo"}]},{"@type":"WebSite","@id":"https:\/\/www.eldiario.net\/portal\/#website","url":"https:\/\/www.eldiario.net\/portal\/","name":"El Diario - Decano de la prensa nacional","description":"El Diario - Decano de la prensa nacional","publisher":{"@id":"https:\/\/www.eldiario.net\/portal\/#organization"},"potentialAction":[{"@type":"SearchAction","target":{"@type":"EntryPoint","urlTemplate":"https:\/\/www.eldiario.net\/portal\/?s={search_term_string}"},"query-input":{"@type":"PropertyValueSpecification","valueRequired":true,"valueName":"search_term_string"}}],"inLanguage":"es"},{"@type":"Organization","@id":"https:\/\/www.eldiario.net\/portal\/#organization","name":"El Diario - Decano de la prensa nacional","url":"https:\/\/www.eldiario.net\/portal\/","logo":{"@type":"ImageObject","inLanguage":"es","@id":"https:\/\/www.eldiario.net\/portal\/#\/schema\/logo\/image\/","url":"https:\/\/www.eldiario.net\/portal\/wp-content\/uploads\/2023\/07\/logo_ED.jpg","contentUrl":"https:\/\/www.eldiario.net\/portal\/wp-content\/uploads\/2023\/07\/logo_ED.jpg","width":272,"height":52,"caption":"El Diario - Decano de la prensa nacional"},"image":{"@id":"https:\/\/www.eldiario.net\/portal\/#\/schema\/logo\/image\/"},"sameAs":["https:\/\/www.facebook.com\/eldiario.bolivia\/","https:\/\/x.com\/eldiario_net"]},{"@type":"Person","@id":"https:\/\/www.eldiario.net\/portal\/#\/schema\/person\/f46445640444750d7d753ccd04ae01b7","name":"Jeanette","image":{"@type":"ImageObject","inLanguage":"es","@id":"https:\/\/secure.gravatar.com\/avatar\/3ea2118a5f7dad2b7138b1187a6b7ee55f160b9968b66013c3a3ef39dd7e5798?s=96&d=mm&r=g","url":"https:\/\/secure.gravatar.com\/avatar\/3ea2118a5f7dad2b7138b1187a6b7ee55f160b9968b66013c3a3ef39dd7e5798?s=96&d=mm&r=g","contentUrl":"https:\/\/secure.gravatar.com\/avatar\/3ea2118a5f7dad2b7138b1187a6b7ee55f160b9968b66013c3a3ef39dd7e5798?s=96&d=mm&r=g","caption":"Jeanette"},"sameAs":["https:\/\/www.eldiario.net\/portal"],"url":"https:\/\/www.eldiario.net\/portal\/author\/jeanette\/"}]}},"_links":{"self":[{"href":"https:\/\/www.eldiario.net\/portal\/wp-json\/wp\/v2\/posts\/426242","targetHints":{"allow":["GET"]}}],"collection":[{"href":"https:\/\/www.eldiario.net\/portal\/wp-json\/wp\/v2\/posts"}],"about":[{"href":"https:\/\/www.eldiario.net\/portal\/wp-json\/wp\/v2\/types\/post"}],"author":[{"embeddable":true,"href":"https:\/\/www.eldiario.net\/portal\/wp-json\/wp\/v2\/users\/1"}],"replies":[{"embeddable":true,"href":"https:\/\/www.eldiario.net\/portal\/wp-json\/wp\/v2\/comments?post=426242"}],"version-history":[{"count":1,"href":"https:\/\/www.eldiario.net\/portal\/wp-json\/wp\/v2\/posts\/426242\/revisions"}],"predecessor-version":[{"id":426244,"href":"https:\/\/www.eldiario.net\/portal\/wp-json\/wp\/v2\/posts\/426242\/revisions\/426244"}],"wp:featuredmedia":[{"embeddable":true,"href":"https:\/\/www.eldiario.net\/portal\/wp-json\/wp\/v2\/media\/426243"}],"wp:attachment":[{"href":"https:\/\/www.eldiario.net\/portal\/wp-json\/wp\/v2\/media?parent=426242"}],"wp:term":[{"taxonomy":"category","embeddable":true,"href":"https:\/\/www.eldiario.net\/portal\/wp-json\/wp\/v2\/categories?post=426242"},{"taxonomy":"post_tag","embeddable":true,"href":"https:\/\/www.eldiario.net\/portal\/wp-json\/wp\/v2\/tags?post=426242"}],"curies":[{"name":"wp","href":"https:\/\/api.w.org\/{rel}","templated":true}]}}