{"id":426239,"date":"2026-08-31T00:18:12","date_gmt":"2026-08-31T04:18:12","guid":{"rendered":"https:\/\/www.eldiario.net\/portal\/?p=426239"},"modified":"2026-08-30T22:18:48","modified_gmt":"2026-08-31T02:18:48","slug":"bolivia-y-peru-fortalecen-cooperacion-fiscal-en-oruro","status":"publish","type":"post","link":"https:\/\/www.eldiario.net\/portal\/2026\/08\/31\/bolivia-y-peru-fortalecen-cooperacion-fiscal-en-oruro\/","title":{"rendered":"Bolivia y Per\u00fa fortalecen cooperaci\u00f3n fiscal en Oruro"},"content":{"rendered":"<p>El fiscal departamental de Oruro, Aldo Morales, inform\u00f3 que, luego de recibir la visita del c\u00f3nsul de la Rep\u00fablica del Per\u00fa, Walter Andr\u00e9s Zumar\u00e1n, se acord\u00f3 fortalecer los v\u00ednculos de cooperaci\u00f3n entre el Ministerio P\u00fablico y la representaci\u00f3n consular de este pa\u00eds vecino.<\/p>\n<p>\u201cEsta reuni\u00f3n nos permite fortalecer los lazos de cooperaci\u00f3n y coordinaci\u00f3n con la representaci\u00f3n de Per\u00fa, adem\u00e1s de establecer mecanismos que permitan atender de manera adecuada la situaci\u00f3n jur\u00eddica de ciudadanos peruanos que se encuentran recluidos en centros penitenciarios de Oruro, as\u00ed como generar espacios de intercambio de conocimientos en materia de investigaci\u00f3n\u201d, inform\u00f3 Morales.<\/p>\n<p>De acuerdo con un reporte institucional, durante el encuentro se abord\u00f3 la posibilidad de establecer acuerdos de cooperaci\u00f3n orientados a analizar la situaci\u00f3n jur\u00eddica de las personas de nacionalidad peruana privadas de libertad en los centros penitenciarios La Merced y San Pedro de Oruro, a fin de identificar mecanismos de coordinaci\u00f3n que permitan realizar un seguimiento adecuado de sus procesos.<\/p>\n<p>Adem\u00e1s, se prev\u00e9 impulsar un acuerdo que permita fortalecer las capacidades de los fiscales de Oruro mediante actividades de intercambio y capacitaci\u00f3n en la Rep\u00fablica del Per\u00fa, principalmente en el \u00e1rea de investigaci\u00f3n. Tambi\u00e9n se contempla la posibilidad de que profesionales y operadores de justicia de Per\u00fa lleguen a Bolivia para compartir conocimientos y experiencias.<\/p>\n<p>\u201cEstas acciones permitir\u00e1n fortalecer la cooperaci\u00f3n internacional y promover el intercambio de experiencias entre ambos pa\u00edses, contribuyendo al fortalecimiento de las capacidades investigativas y a una mejor atenci\u00f3n de los procesos que involucren a ciudadanos bolivianos y peruanos\u201d, destac\u00f3 la Fiscal\u00eda General del Estado. (ABI)<\/p>\n","protected":false},"excerpt":{"rendered":"<p>El fiscal departamental de Oruro, Aldo Morales, inform\u00f3 que, luego de recibir la visita del c\u00f3nsul de la Rep\u00fablica del Per\u00fa, Walter Andr\u00e9s Zumar\u00e1n, se acord\u00f3 fortalecer los v\u00ednculos de cooperaci\u00f3n entre el Ministerio P\u00fablico y la representaci\u00f3n consular de este pa\u00eds vecino. \u201cEsta reuni\u00f3n nos permite fortalecer los lazos de cooperaci\u00f3n y coordinaci\u00f3n con [&hellip;]<\/p>\n","protected":false},"author":1,"featured_media":426240,"comment_status":"closed","ping_status":"open","sticky":false,"template":"","format":"standard","meta":{"_acf_changed":false,"footnotes":""},"categories":[39],"tags":[],"class_list":["post-426239","post","type-post","status-publish","format-standard","has-post-thumbnail","category-sociedad"],"acf":{"antetitulo":""},"yoast_head":"<!-- This site is optimized with the Yoast SEO plugin v28.3 - https:\/\/yoast.com\/product\/yoast-seo-wordpress\/ -->\n<title>Bolivia y Per\u00fa fortalecen cooperaci\u00f3n fiscal en Oruro - El Diario - Bolivia<\/title>\n<meta name=\"robots\" content=\"index, follow, max-snippet:-1, max-image-preview:large, max-video-preview:-1\" \/>\n<link rel=\"canonical\" href=\"https:\/\/www.eldiario.net\/portal\/2026\/08\/31\/bolivia-y-peru-fortalecen-cooperacion-fiscal-en-oruro\/\" \/>\n<meta property=\"og:locale\" content=\"es_ES\" \/>\n<meta property=\"og:type\" content=\"article\" \/>\n<meta property=\"og:title\" content=\"Bolivia y Per\u00fa fortalecen cooperaci\u00f3n fiscal en Oruro - El Diario - Bolivia\" \/>\n<meta property=\"og:description\" content=\"El fiscal departamental de Oruro, Aldo Morales, inform\u00f3 que, luego de recibir la visita del c\u00f3nsul de la Rep\u00fablica del Per\u00fa, Walter Andr\u00e9s Zumar\u00e1n, se acord\u00f3 fortalecer los v\u00ednculos de cooperaci\u00f3n entre el Ministerio P\u00fablico y la representaci\u00f3n consular de este pa\u00eds vecino. \u201cEsta reuni\u00f3n nos permite fortalecer los lazos de cooperaci\u00f3n y coordinaci\u00f3n con [&hellip;]\" \/>\n<meta property=\"og:url\" content=\"https:\/\/www.eldiario.net\/portal\/2026\/08\/31\/bolivia-y-peru-fortalecen-cooperacion-fiscal-en-oruro\/\" \/>\n<meta property=\"og:site_name\" content=\"El Diario - Bolivia\" \/>\n<meta property=\"article:publisher\" content=\"https:\/\/www.facebook.com\/eldiario.bolivia\/\" \/>\n<meta property=\"article:published_time\" content=\"2026-08-31T04:18:12+00:00\" \/>\n<meta property=\"og:image\" content=\"https:\/\/www.eldiario.net\/portal\/wp-content\/uploads\/2026\/08\/31-ORURO.webp\" \/>\n\t<meta property=\"og:image:width\" content=\"768\" \/>\n\t<meta property=\"og:image:height\" content=\"542\" \/>\n\t<meta property=\"og:image:type\" content=\"image\/webp\" \/>\n<meta name=\"author\" content=\"Jeanette\" \/>\n<meta name=\"twitter:card\" content=\"summary_large_image\" \/>\n<meta name=\"twitter:creator\" content=\"@eldiario_net\" \/>\n<meta name=\"twitter:site\" content=\"@eldiario_net\" \/>\n<meta name=\"twitter:label1\" content=\"Escrito por\" \/>\n\t<meta name=\"twitter:data1\" content=\"Jeanette\" \/>\n\t<meta name=\"twitter:label2\" content=\"Tiempo de lectura\" \/>\n\t<meta name=\"twitter:data2\" content=\"2 minutos\" \/>\n<script type=\"application\/ld+json\" class=\"yoast-schema-graph\">{\"@context\":\"https:\\\/\\\/schema.org\",\"@graph\":[{\"@type\":\"Article\",\"@id\":\"https:\\\/\\\/www.eldiario.net\\\/portal\\\/2026\\\/08\\\/31\\\/bolivia-y-peru-fortalecen-cooperacion-fiscal-en-oruro\\\/#article\",\"isPartOf\":{\"@id\":\"https:\\\/\\\/www.eldiario.net\\\/portal\\\/2026\\\/08\\\/31\\\/bolivia-y-peru-fortalecen-cooperacion-fiscal-en-oruro\\\/\"},\"author\":{\"name\":\"Jeanette\",\"@id\":\"https:\\\/\\\/www.eldiario.net\\\/portal\\\/#\\\/schema\\\/person\\\/f46445640444750d7d753ccd04ae01b7\"},\"headline\":\"Bolivia y Per\u00fa fortalecen cooperaci\u00f3n fiscal en Oruro\",\"datePublished\":\"2026-08-31T04:18:12+00:00\",\"mainEntityOfPage\":{\"@id\":\"https:\\\/\\\/www.eldiario.net\\\/portal\\\/2026\\\/08\\\/31\\\/bolivia-y-peru-fortalecen-cooperacion-fiscal-en-oruro\\\/\"},\"wordCount\":298,\"publisher\":{\"@id\":\"https:\\\/\\\/www.eldiario.net\\\/portal\\\/#organization\"},\"image\":{\"@id\":\"https:\\\/\\\/www.eldiario.net\\\/portal\\\/2026\\\/08\\\/31\\\/bolivia-y-peru-fortalecen-cooperacion-fiscal-en-oruro\\\/#primaryimage\"},\"thumbnailUrl\":\"https:\\\/\\\/www.eldiario.net\\\/portal\\\/wp-content\\\/uploads\\\/2026\\\/08\\\/31-ORURO.webp\",\"articleSection\":[\"Sociedad - Seguridad\"],\"inLanguage\":\"es\"},{\"@type\":\"WebPage\",\"@id\":\"https:\\\/\\\/www.eldiario.net\\\/portal\\\/2026\\\/08\\\/31\\\/bolivia-y-peru-fortalecen-cooperacion-fiscal-en-oruro\\\/\",\"url\":\"https:\\\/\\\/www.eldiario.net\\\/portal\\\/2026\\\/08\\\/31\\\/bolivia-y-peru-fortalecen-cooperacion-fiscal-en-oruro\\\/\",\"name\":\"Bolivia y Per\u00fa fortalecen cooperaci\u00f3n fiscal en Oruro - El Diario - Bolivia\",\"isPartOf\":{\"@id\":\"https:\\\/\\\/www.eldiario.net\\\/portal\\\/#website\"},\"primaryImageOfPage\":{\"@id\":\"https:\\\/\\\/www.eldiario.net\\\/portal\\\/2026\\\/08\\\/31\\\/bolivia-y-peru-fortalecen-cooperacion-fiscal-en-oruro\\\/#primaryimage\"},\"image\":{\"@id\":\"https:\\\/\\\/www.eldiario.net\\\/portal\\\/2026\\\/08\\\/31\\\/bolivia-y-peru-fortalecen-cooperacion-fiscal-en-oruro\\\/#primaryimage\"},\"thumbnailUrl\":\"https:\\\/\\\/www.eldiario.net\\\/portal\\\/wp-content\\\/uploads\\\/2026\\\/08\\\/31-ORURO.webp\",\"datePublished\":\"2026-08-31T04:18:12+00:00\",\"breadcrumb\":{\"@id\":\"https:\\\/\\\/www.eldiario.net\\\/portal\\\/2026\\\/08\\\/31\\\/bolivia-y-peru-fortalecen-cooperacion-fiscal-en-oruro\\\/#breadcrumb\"},\"inLanguage\":\"es\",\"potentialAction\":[{\"@type\":\"ReadAction\",\"target\":[\"https:\\\/\\\/www.eldiario.net\\\/portal\\\/2026\\\/08\\\/31\\\/bolivia-y-peru-fortalecen-cooperacion-fiscal-en-oruro\\\/\"]}]},{\"@type\":\"ImageObject\",\"inLanguage\":\"es\",\"@id\":\"https:\\\/\\\/www.eldiario.net\\\/portal\\\/2026\\\/08\\\/31\\\/bolivia-y-peru-fortalecen-cooperacion-fiscal-en-oruro\\\/#primaryimage\",\"url\":\"https:\\\/\\\/www.eldiario.net\\\/portal\\\/wp-content\\\/uploads\\\/2026\\\/08\\\/31-ORURO.webp\",\"contentUrl\":\"https:\\\/\\\/www.eldiario.net\\\/portal\\\/wp-content\\\/uploads\\\/2026\\\/08\\\/31-ORURO.webp\",\"width\":768,\"height\":542,\"caption\":\"Fiscal Departamental de Oruro, Aldo Morales (izq.) y C\u00f3nsul del Per\u00fa, Walter Zumar\u00e1n. Cr\u00e9dito de foto: FGE\"},{\"@type\":\"BreadcrumbList\",\"@id\":\"https:\\\/\\\/www.eldiario.net\\\/portal\\\/2026\\\/08\\\/31\\\/bolivia-y-peru-fortalecen-cooperacion-fiscal-en-oruro\\\/#breadcrumb\",\"itemListElement\":[{\"@type\":\"ListItem\",\"position\":1,\"name\":\"Portada\",\"item\":\"https:\\\/\\\/www.eldiario.net\\\/portal\\\/\"},{\"@type\":\"ListItem\",\"position\":2,\"name\":\"Bolivia y Per\u00fa fortalecen cooperaci\u00f3n fiscal en Oruro\"}]},{\"@type\":\"WebSite\",\"@id\":\"https:\\\/\\\/www.eldiario.net\\\/portal\\\/#website\",\"url\":\"https:\\\/\\\/www.eldiario.net\\\/portal\\\/\",\"name\":\"El Diario - Decano de la prensa nacional\",\"description\":\"El Diario - Decano de la prensa nacional\",\"publisher\":{\"@id\":\"https:\\\/\\\/www.eldiario.net\\\/portal\\\/#organization\"},\"potentialAction\":[{\"@type\":\"SearchAction\",\"target\":{\"@type\":\"EntryPoint\",\"urlTemplate\":\"https:\\\/\\\/www.eldiario.net\\\/portal\\\/?s={search_term_string}\"},\"query-input\":{\"@type\":\"PropertyValueSpecification\",\"valueRequired\":true,\"valueName\":\"search_term_string\"}}],\"inLanguage\":\"es\"},{\"@type\":\"Organization\",\"@id\":\"https:\\\/\\\/www.eldiario.net\\\/portal\\\/#organization\",\"name\":\"El Diario - Decano de la prensa nacional\",\"url\":\"https:\\\/\\\/www.eldiario.net\\\/portal\\\/\",\"logo\":{\"@type\":\"ImageObject\",\"inLanguage\":\"es\",\"@id\":\"https:\\\/\\\/www.eldiario.net\\\/portal\\\/#\\\/schema\\\/logo\\\/image\\\/\",\"url\":\"https:\\\/\\\/www.eldiario.net\\\/portal\\\/wp-content\\\/uploads\\\/2023\\\/07\\\/logo_ED.jpg\",\"contentUrl\":\"https:\\\/\\\/www.eldiario.net\\\/portal\\\/wp-content\\\/uploads\\\/2023\\\/07\\\/logo_ED.jpg\",\"width\":272,\"height\":52,\"caption\":\"El Diario - Decano de la prensa nacional\"},\"image\":{\"@id\":\"https:\\\/\\\/www.eldiario.net\\\/portal\\\/#\\\/schema\\\/logo\\\/image\\\/\"},\"sameAs\":[\"https:\\\/\\\/www.facebook.com\\\/eldiario.bolivia\\\/\",\"https:\\\/\\\/x.com\\\/eldiario_net\"]},{\"@type\":\"Person\",\"@id\":\"https:\\\/\\\/www.eldiario.net\\\/portal\\\/#\\\/schema\\\/person\\\/f46445640444750d7d753ccd04ae01b7\",\"name\":\"Jeanette\",\"image\":{\"@type\":\"ImageObject\",\"inLanguage\":\"es\",\"@id\":\"https:\\\/\\\/secure.gravatar.com\\\/avatar\\\/3ea2118a5f7dad2b7138b1187a6b7ee55f160b9968b66013c3a3ef39dd7e5798?s=96&d=mm&r=g\",\"url\":\"https:\\\/\\\/secure.gravatar.com\\\/avatar\\\/3ea2118a5f7dad2b7138b1187a6b7ee55f160b9968b66013c3a3ef39dd7e5798?s=96&d=mm&r=g\",\"contentUrl\":\"https:\\\/\\\/secure.gravatar.com\\\/avatar\\\/3ea2118a5f7dad2b7138b1187a6b7ee55f160b9968b66013c3a3ef39dd7e5798?s=96&d=mm&r=g\",\"caption\":\"Jeanette\"},\"sameAs\":[\"https:\\\/\\\/www.eldiario.net\\\/portal\"],\"url\":\"https:\\\/\\\/www.eldiario.net\\\/portal\\\/author\\\/jeanette\\\/\"}]}<\/script>\n<!-- \/ Yoast SEO plugin. -->","yoast_head_json":{"title":"Bolivia y Per\u00fa fortalecen cooperaci\u00f3n fiscal en Oruro - El Diario - Bolivia","robots":{"index":"index","follow":"follow","max-snippet":"max-snippet:-1","max-image-preview":"max-image-preview:large","max-video-preview":"max-video-preview:-1"},"canonical":"https:\/\/www.eldiario.net\/portal\/2026\/08\/31\/bolivia-y-peru-fortalecen-cooperacion-fiscal-en-oruro\/","og_locale":"es_ES","og_type":"article","og_title":"Bolivia y Per\u00fa fortalecen cooperaci\u00f3n fiscal en Oruro - El Diario - Bolivia","og_description":"El fiscal departamental de Oruro, Aldo Morales, inform\u00f3 que, luego de recibir la visita del c\u00f3nsul de la Rep\u00fablica del Per\u00fa, Walter Andr\u00e9s Zumar\u00e1n, se acord\u00f3 fortalecer los v\u00ednculos de cooperaci\u00f3n entre el Ministerio P\u00fablico y la representaci\u00f3n consular de este pa\u00eds vecino. \u201cEsta reuni\u00f3n nos permite fortalecer los lazos de cooperaci\u00f3n y coordinaci\u00f3n con [&hellip;]","og_url":"https:\/\/www.eldiario.net\/portal\/2026\/08\/31\/bolivia-y-peru-fortalecen-cooperacion-fiscal-en-oruro\/","og_site_name":"El Diario - Bolivia","article_publisher":"https:\/\/www.facebook.com\/eldiario.bolivia\/","article_published_time":"2026-08-31T04:18:12+00:00","og_image":[{"width":768,"height":542,"url":"https:\/\/www.eldiario.net\/portal\/wp-content\/uploads\/2026\/08\/31-ORURO.webp","type":"image\/webp"}],"author":"Jeanette","twitter_card":"summary_large_image","twitter_creator":"@eldiario_net","twitter_site":"@eldiario_net","twitter_misc":{"Escrito por":"Jeanette","Tiempo de lectura":"2 minutos"},"schema":{"@context":"https:\/\/schema.org","@graph":[{"@type":"Article","@id":"https:\/\/www.eldiario.net\/portal\/2026\/08\/31\/bolivia-y-peru-fortalecen-cooperacion-fiscal-en-oruro\/#article","isPartOf":{"@id":"https:\/\/www.eldiario.net\/portal\/2026\/08\/31\/bolivia-y-peru-fortalecen-cooperacion-fiscal-en-oruro\/"},"author":{"name":"Jeanette","@id":"https:\/\/www.eldiario.net\/portal\/#\/schema\/person\/f46445640444750d7d753ccd04ae01b7"},"headline":"Bolivia y Per\u00fa fortalecen cooperaci\u00f3n fiscal en Oruro","datePublished":"2026-08-31T04:18:12+00:00","mainEntityOfPage":{"@id":"https:\/\/www.eldiario.net\/portal\/2026\/08\/31\/bolivia-y-peru-fortalecen-cooperacion-fiscal-en-oruro\/"},"wordCount":298,"publisher":{"@id":"https:\/\/www.eldiario.net\/portal\/#organization"},"image":{"@id":"https:\/\/www.eldiario.net\/portal\/2026\/08\/31\/bolivia-y-peru-fortalecen-cooperacion-fiscal-en-oruro\/#primaryimage"},"thumbnailUrl":"https:\/\/www.eldiario.net\/portal\/wp-content\/uploads\/2026\/08\/31-ORURO.webp","articleSection":["Sociedad - Seguridad"],"inLanguage":"es"},{"@type":"WebPage","@id":"https:\/\/www.eldiario.net\/portal\/2026\/08\/31\/bolivia-y-peru-fortalecen-cooperacion-fiscal-en-oruro\/","url":"https:\/\/www.eldiario.net\/portal\/2026\/08\/31\/bolivia-y-peru-fortalecen-cooperacion-fiscal-en-oruro\/","name":"Bolivia y Per\u00fa fortalecen cooperaci\u00f3n fiscal en Oruro - El Diario - Bolivia","isPartOf":{"@id":"https:\/\/www.eldiario.net\/portal\/#website"},"primaryImageOfPage":{"@id":"https:\/\/www.eldiario.net\/portal\/2026\/08\/31\/bolivia-y-peru-fortalecen-cooperacion-fiscal-en-oruro\/#primaryimage"},"image":{"@id":"https:\/\/www.eldiario.net\/portal\/2026\/08\/31\/bolivia-y-peru-fortalecen-cooperacion-fiscal-en-oruro\/#primaryimage"},"thumbnailUrl":"https:\/\/www.eldiario.net\/portal\/wp-content\/uploads\/2026\/08\/31-ORURO.webp","datePublished":"2026-08-31T04:18:12+00:00","breadcrumb":{"@id":"https:\/\/www.eldiario.net\/portal\/2026\/08\/31\/bolivia-y-peru-fortalecen-cooperacion-fiscal-en-oruro\/#breadcrumb"},"inLanguage":"es","potentialAction":[{"@type":"ReadAction","target":["https:\/\/www.eldiario.net\/portal\/2026\/08\/31\/bolivia-y-peru-fortalecen-cooperacion-fiscal-en-oruro\/"]}]},{"@type":"ImageObject","inLanguage":"es","@id":"https:\/\/www.eldiario.net\/portal\/2026\/08\/31\/bolivia-y-peru-fortalecen-cooperacion-fiscal-en-oruro\/#primaryimage","url":"https:\/\/www.eldiario.net\/portal\/wp-content\/uploads\/2026\/08\/31-ORURO.webp","contentUrl":"https:\/\/www.eldiario.net\/portal\/wp-content\/uploads\/2026\/08\/31-ORURO.webp","width":768,"height":542,"caption":"Fiscal Departamental de Oruro, Aldo Morales (izq.) y C\u00f3nsul del Per\u00fa, Walter Zumar\u00e1n. Cr\u00e9dito de foto: FGE"},{"@type":"BreadcrumbList","@id":"https:\/\/www.eldiario.net\/portal\/2026\/08\/31\/bolivia-y-peru-fortalecen-cooperacion-fiscal-en-oruro\/#breadcrumb","itemListElement":[{"@type":"ListItem","position":1,"name":"Portada","item":"https:\/\/www.eldiario.net\/portal\/"},{"@type":"ListItem","position":2,"name":"Bolivia y Per\u00fa fortalecen cooperaci\u00f3n fiscal en Oruro"}]},{"@type":"WebSite","@id":"https:\/\/www.eldiario.net\/portal\/#website","url":"https:\/\/www.eldiario.net\/portal\/","name":"El Diario - Decano de la prensa nacional","description":"El Diario - Decano de la prensa nacional","publisher":{"@id":"https:\/\/www.eldiario.net\/portal\/#organization"},"potentialAction":[{"@type":"SearchAction","target":{"@type":"EntryPoint","urlTemplate":"https:\/\/www.eldiario.net\/portal\/?s={search_term_string}"},"query-input":{"@type":"PropertyValueSpecification","valueRequired":true,"valueName":"search_term_string"}}],"inLanguage":"es"},{"@type":"Organization","@id":"https:\/\/www.eldiario.net\/portal\/#organization","name":"El Diario - Decano de la prensa nacional","url":"https:\/\/www.eldiario.net\/portal\/","logo":{"@type":"ImageObject","inLanguage":"es","@id":"https:\/\/www.eldiario.net\/portal\/#\/schema\/logo\/image\/","url":"https:\/\/www.eldiario.net\/portal\/wp-content\/uploads\/2023\/07\/logo_ED.jpg","contentUrl":"https:\/\/www.eldiario.net\/portal\/wp-content\/uploads\/2023\/07\/logo_ED.jpg","width":272,"height":52,"caption":"El Diario - Decano de la prensa nacional"},"image":{"@id":"https:\/\/www.eldiario.net\/portal\/#\/schema\/logo\/image\/"},"sameAs":["https:\/\/www.facebook.com\/eldiario.bolivia\/","https:\/\/x.com\/eldiario_net"]},{"@type":"Person","@id":"https:\/\/www.eldiario.net\/portal\/#\/schema\/person\/f46445640444750d7d753ccd04ae01b7","name":"Jeanette","image":{"@type":"ImageObject","inLanguage":"es","@id":"https:\/\/secure.gravatar.com\/avatar\/3ea2118a5f7dad2b7138b1187a6b7ee55f160b9968b66013c3a3ef39dd7e5798?s=96&d=mm&r=g","url":"https:\/\/secure.gravatar.com\/avatar\/3ea2118a5f7dad2b7138b1187a6b7ee55f160b9968b66013c3a3ef39dd7e5798?s=96&d=mm&r=g","contentUrl":"https:\/\/secure.gravatar.com\/avatar\/3ea2118a5f7dad2b7138b1187a6b7ee55f160b9968b66013c3a3ef39dd7e5798?s=96&d=mm&r=g","caption":"Jeanette"},"sameAs":["https:\/\/www.eldiario.net\/portal"],"url":"https:\/\/www.eldiario.net\/portal\/author\/jeanette\/"}]}},"_links":{"self":[{"href":"https:\/\/www.eldiario.net\/portal\/wp-json\/wp\/v2\/posts\/426239","targetHints":{"allow":["GET"]}}],"collection":[{"href":"https:\/\/www.eldiario.net\/portal\/wp-json\/wp\/v2\/posts"}],"about":[{"href":"https:\/\/www.eldiario.net\/portal\/wp-json\/wp\/v2\/types\/post"}],"author":[{"embeddable":true,"href":"https:\/\/www.eldiario.net\/portal\/wp-json\/wp\/v2\/users\/1"}],"replies":[{"embeddable":true,"href":"https:\/\/www.eldiario.net\/portal\/wp-json\/wp\/v2\/comments?post=426239"}],"version-history":[{"count":1,"href":"https:\/\/www.eldiario.net\/portal\/wp-json\/wp\/v2\/posts\/426239\/revisions"}],"predecessor-version":[{"id":426241,"href":"https:\/\/www.eldiario.net\/portal\/wp-json\/wp\/v2\/posts\/426239\/revisions\/426241"}],"wp:featuredmedia":[{"embeddable":true,"href":"https:\/\/www.eldiario.net\/portal\/wp-json\/wp\/v2\/media\/426240"}],"wp:attachment":[{"href":"https:\/\/www.eldiario.net\/portal\/wp-json\/wp\/v2\/media?parent=426239"}],"wp:term":[{"taxonomy":"category","embeddable":true,"href":"https:\/\/www.eldiario.net\/portal\/wp-json\/wp\/v2\/categories?post=426239"},{"taxonomy":"post_tag","embeddable":true,"href":"https:\/\/www.eldiario.net\/portal\/wp-json\/wp\/v2\/tags?post=426239"}],"curies":[{"name":"wp","href":"https:\/\/api.w.org\/{rel}","templated":true}]}}