{"id":426200,"date":"2026-08-31T00:54:53","date_gmt":"2026-08-31T04:54:53","guid":{"rendered":"https:\/\/www.eldiario.net\/portal\/?p=426200"},"modified":"2026-08-30T21:56:56","modified_gmt":"2026-08-31T01:56:56","slug":"brasil-sinfonico-propone-un-viaje-por-la-riqueza-ritmica-y-la-percusion-brasilena","status":"publish","type":"post","link":"https:\/\/www.eldiario.net\/portal\/2026\/08\/31\/brasil-sinfonico-propone-un-viaje-por-la-riqueza-ritmica-y-la-percusion-brasilena\/","title":{"rendered":"\u201cBrasil Sinf\u00f3nico\u201d propone un viaje por la riqueza r\u00edtmica y la percusi\u00f3n brasile\u00f1a"},"content":{"rendered":"<p>Por Susana Guti\u00e9rrez<\/p>\n<p>El Centro Sinf\u00f3nico Nacional se prepara para recibir la riqueza r\u00edtmica y el desborde mel\u00f3dico de la m\u00fasica sudamericana. Los pr\u00f3ximos d\u00edas martes 2 y mi\u00e9rcoles 3 de septiembre, a partir de las 19:30 horas, la Orquesta Sinf\u00f3nica Nacional de Bolivia (OSNB) presentar\u00e1 el espect\u00e1culo titulado \u201cBrasil Sinf\u00f3nico\u201d, que promete rendir un vibrante homenaje a la tradici\u00f3n est\u00e9tica e instrumental del gigante latinoamericano.<\/p>\n<p>La cita no solo destaca por el nutrido programa musical y el ensamble orquestal de primer nivel, sino tambi\u00e9n por el sello de distinci\u00f3n internacional que aportar\u00e1 la presencia de uno de los grandes referentes mundiales de la m\u00fasica acad\u00e9mica contempor\u00e1nea: el maestro, compositor y percusionista brasile\u00f1o Ney Rosauro. El distinguido visitante ha llegado directamente desde Brasil para sumarse como director invitado, tomando la batuta para conducir a la orquesta boliviana, a trav\u00e9s de pasajes caracterizados por una riqueza r\u00edtmica, di\u00e1logo timbr\u00edstico y coloratura popular.<\/p>\n<p><strong>Puente cultural de virtuosismo e intercambio art\u00edstico<\/strong><\/p>\n<p>El proyecto \u201cBrasil Sinf\u00f3nico\u201d va m\u00e1s all\u00e1 de un simple concierto; constituye una plataforma de integraci\u00f3n, fraternidad e intercambio art\u00edstico cultural entre Bolivia y Brasil. Para la Orquesta Sinf\u00f3nica Nacional de Bolivia, este encuentro representa una oportunidad privilegiada de entrelazar el talento orquestal local con la maestr\u00eda de figuras con proyecci\u00f3n global.<\/p>\n<p>La velada musical reunir\u00e1 en un mismo escenario a una selecci\u00f3n de talentos y agrupaciones nacionales. Como invitado especial estar\u00e1 el destacado virtuoso boliviano Pablo Iturri, quien ejecutar\u00e1 la parte principal del legendario Concierto para Marimba y Orquesta, autor\u00eda del propio Ney Rosauro. Esta monumental pieza \u2014emblema indiscutible del repertorio de percusi\u00f3n universal\u2014 exige una destreza t\u00e9cnica de alt\u00edsima precisi\u00f3n y una emotividad desbordante para transmitir la vitalidad y expresividad de las maderas de la marimba.<\/p>\n<p>Seg\u00fan los organizadores, el despliegue sonoro y conceptual de la noche se completar\u00e1 con la potencia coral del Coro Voces Andium y del Coro IFA Mauro N\u00fa\u00f1ez, dos instituciones corales que sumar\u00e1n sus voces a la masa orquestal para realzar la majestuosidad de la obra y conferir un car\u00e1cter \u00e9pico y festivo a la velada. Asimismo, la plantilla de solistas vocales brillar\u00e1 con las actuaciones de la talentosa contralto Alejandra Wayar y del reconocido bar\u00edtono Carlos Valdivia, cuya solidez interpretativa aportar\u00e1 matices dram\u00e1ticos y l\u00edricos inolvidables a las composiciones seleccionadas.<\/p>\n<p><strong>Ney Rosauro, tit\u00e1n universal de la percusi\u00f3n<\/strong><\/p>\n<p>Hablar de Ney Rosauro es hacer referencia a uno de los nombres fundamentales en la historia moderna de la percusi\u00f3n. Nacido en R\u00edo de Janeiro el 24 de octubre de 1952, Rosauro se ha consolidado a lo largo de m\u00e1s de cuatro d\u00e9cadas como uno de los compositores e int\u00e9rpretes m\u00e1s din\u00e1micos, vers\u00e1tiles e influyentes del panorama internacional.<\/p>\n<p>Su trayectoria alcanz\u00f3 una de las cumbres m\u00e1s altas del reconocimiento acad\u00e9mico y art\u00edstico en 2023, cuando fue exaltado al prestigioso Hall of Fame de la Percussive Arts Society (PAS), la m\u00e1xima distinci\u00f3n a la que puede aspirar un percusionista a nivel mundial, galard\u00f3n que consagra su legado junto al de los m\u00e1s notables visionarios del instrumento.<\/p>\n<p>A lo largo de su carrera, Rosauro ha combinado de manera ejemplar los roles de docente, int\u00e9rprete, compositor y director de orquesta. Cuenta en su haber con m\u00e1s de 150 obras compuestas para percusi\u00f3n, adem\u00e1s de numerosos libros te\u00f3ricos y m\u00e9todos pedag\u00f3gicos que hoy son material de estudio obligado en los conservatorios y universidades de los cinco continentes.<\/p>\n<p>Entre su prol\u00edfica producci\u00f3n, destaca sin lugar a dudas su emblem\u00e1tico Concierto para Marimba y Orquesta. Compuesta con una deslumbrante mezcla de lirismo brasilero, contrapunto cl\u00e1sico y complejidad r\u00edtmica, esta obra ostenta el r\u00e9cord de ser uno de los conciertos para marimba m\u00e1s interpretados en la historia de la m\u00fasica, habiendo sido ejecutado por m\u00e1s de 4.000 orquestas sinf\u00f3nicas a nivel global.<\/p>\n<p>Como concertista internacional, Rosauro ha recorrido escenarios en m\u00e1s de 45 pa\u00edses, participando activamente en los festivales de percusi\u00f3n m\u00e1s relevantes del planeta. En los \u00faltimos a\u00f1os, ha volcado buena parte de su pasi\u00f3n art\u00edstica hacia la direcci\u00f3n orquestal, dirigiendo agrupaciones de primer orden en naciones como Estados Unidos, Canad\u00e1, Brasil, Ecuador, Paraguay y Hong Kong. En todos los pa\u00edses que ha visitado cautiv\u00f3 al p\u00fablico por su dinamismo en el podio y su profunda conexi\u00f3n con los m\u00fasicos.<\/p>\n<p>Esta confluencia de talento internacional y excelencia nacional perfila a \u00abBrasil Sinf\u00f3nico\u00bb como uno de los eventos culturales relevantes de la temporada. Un espect\u00e1culo imperdible para los amantes de la m\u00fasica sinf\u00f3nica, la percusi\u00f3n, el arte coral y la rica diversidad sonora latinoamericana.<\/p>\n<p>Las entradas est\u00e1n disponibles en modalidad virtual a trav\u00e9s del portal oficial de la instituci\u00f3n: www.sinfonicabolivia.gob.bo. La organizaci\u00f3n ha dispuesto precios accesibles para garantizar la asistencia de todo el p\u00fablico interesado.<\/p>\n<p>Informaci\u00f3n y reservas: Tel\u00e9fono fijo 2145353 | WhatsApp \/ Celular 62562541.<\/p>\n<p>La Orquesta Sinf\u00f3nica Nacional de Bolivia reitera la invitaci\u00f3n a la comunidad para ser parte de esta inolvidable fiesta cultural que celebra la fraternidad entre pueblos mediante la fuerza transformadora de la m\u00fasica.<\/p>\n\r\n                <style type=\"text\/css\">\r\n                    \r\n                    #tdi_1  .td-doubleSlider-2 .td-item1 {\r\n                        background: url(https:\/\/www.eldiario.net\/portal\/wp-content\/uploads\/2026\/08\/FOTO-1-15-80x60.webp) 0 0 no-repeat;\r\n                    }\r\n                    #tdi_1  .td-doubleSlider-2 .td-item2 {\r\n                        background: url(https:\/\/www.eldiario.net\/portal\/wp-content\/uploads\/2026\/08\/FOTO-2-14-80x60.webp) 0 0 no-repeat;\r\n                    }\r\n                    #tdi_1  .td-doubleSlider-2 .td-item3 {\r\n                        background: url(https:\/\/www.eldiario.net\/portal\/wp-content\/uploads\/2026\/08\/FOTO-3-A-80x60.webp) 0 0 no-repeat;\r\n                    }\r\n                    #tdi_1  .td-doubleSlider-2 .td-item4 {\r\n                        background: url(https:\/\/www.eldiario.net\/portal\/wp-content\/uploads\/2026\/08\/FOTO-3-10-80x60.webp) 0 0 no-repeat;\r\n                    }\r\n                <\/style>\r\n\r\n                <div id=\"tdi_1\" class=\"td-gallery td-slide-on-2-columns\">\r\n                    <div class=\"post_td_gallery\">\r\n                        <div class=\"td-gallery-slide-top\">\r\n                           <div class=\"td-gallery-title\"><\/div>\r\n\r\n                            <div class=\"td-gallery-controls-wrapper\">\r\n                                <div class=\"td-gallery-slide-count\"><span class=\"td-gallery-slide-item-focus\">1<\/span> de 4<\/div>\r\n                                <div class=\"td-gallery-slide-prev-next-but\">\r\n                                    <i class = \"td-icon-left doubleSliderPrevButton\"><\/i>\r\n                                    <i class = \"td-icon-right doubleSliderNextButton\"><\/i>\r\n                                <\/div>\r\n                            <\/div>\r\n                        <\/div>\r\n\r\n                        <div class = \"td-doubleSlider-1 \">\r\n                            <div class = \"td-slider\">\r\n                                \r\n                    <div class = \"td-slide-item td-item1\">\r\n                        <figure class=\"td-slide-galery-figure td-slide-popup-gallery\">\r\n                            <a class=\"slide-gallery-image-link\" href=\"https:\/\/www.eldiario.net\/portal\/wp-content\/uploads\/2026\/08\/FOTO-1-15.webp\" title=\"FOTO-1\"  data-caption=\"REY ROSAURO\"  data-description=\"REY ROSAURO\">\r\n                                <img decoding=\"async\" src=\"https:\/\/www.eldiario.net\/portal\/wp-content\/uploads\/2026\/08\/FOTO-1-15-631x420.webp\" srcset=\"https:\/\/www.eldiario.net\/portal\/wp-content\/uploads\/2026\/08\/FOTO-1-15-631x420.webp 631w, https:\/\/www.eldiario.net\/portal\/wp-content\/uploads\/2026\/08\/FOTO-1-15-300x200.webp 300w, https:\/\/www.eldiario.net\/portal\/wp-content\/uploads\/2026\/08\/FOTO-1-15-1024x682.webp 1024w, https:\/\/www.eldiario.net\/portal\/wp-content\/uploads\/2026\/08\/FOTO-1-15-768x511.webp 768w, https:\/\/www.eldiario.net\/portal\/wp-content\/uploads\/2026\/08\/FOTO-1-15-150x100.webp 150w, https:\/\/www.eldiario.net\/portal\/wp-content\/uploads\/2026\/08\/FOTO-1-15-696x463.webp 696w, https:\/\/www.eldiario.net\/portal\/wp-content\/uploads\/2026\/08\/FOTO-1-15-1068x711.webp 1068w, https:\/\/www.eldiario.net\/portal\/wp-content\/uploads\/2026\/08\/FOTO-1-15.webp 1200w\" sizes=\"(max-width: 631px) 100vw, 631px\" alt=\"\">\r\n                            <\/a>\r\n                            <figcaption class = \"td-slide-caption td-gallery-slide-content\"><div class = \"td-gallery-slide-copywrite\">REY ROSAURO<\/div><span>REY ROSAURO<\/span><\/figcaption>\r\n                        <\/figure>\r\n                    <\/div>\r\n                    <div class = \"td-slide-item td-item2\">\r\n                        <figure class=\"td-slide-galery-figure td-slide-popup-gallery\">\r\n                            <a class=\"slide-gallery-image-link\" href=\"https:\/\/www.eldiario.net\/portal\/wp-content\/uploads\/2026\/08\/FOTO-2-14.webp\" title=\"FOTO-2\"  data-caption=\"ORQUESTA SINF\u00d3NICA NACIONAL\"  data-description=\"ORQUESTA SINF&Oacute;NICA NACIONAL\">\r\n                                <img decoding=\"async\" src=\"https:\/\/www.eldiario.net\/portal\/wp-content\/uploads\/2026\/08\/FOTO-2-14-420x420.webp\" srcset=\"https:\/\/www.eldiario.net\/portal\/wp-content\/uploads\/2026\/08\/FOTO-2-14-420x420.webp 420w, https:\/\/www.eldiario.net\/portal\/wp-content\/uploads\/2026\/08\/FOTO-2-14-300x300.webp 300w, https:\/\/www.eldiario.net\/portal\/wp-content\/uploads\/2026\/08\/FOTO-2-14-150x150.webp 150w, https:\/\/www.eldiario.net\/portal\/wp-content\/uploads\/2026\/08\/FOTO-2-14-768x768.webp 768w, https:\/\/www.eldiario.net\/portal\/wp-content\/uploads\/2026\/08\/FOTO-2-14-696x696.webp 696w, https:\/\/www.eldiario.net\/portal\/wp-content\/uploads\/2026\/08\/FOTO-2-14.webp 1024w\" sizes=\"(max-width: 420px) 100vw, 420px\" alt=\"\">\r\n                            <\/a>\r\n                            <figcaption class = \"td-slide-caption td-gallery-slide-content\"><div class = \"td-gallery-slide-copywrite\">ORQUESTA SINF\u00d3NICA NACIONAL<\/div><span>ORQUESTA SINF\u00d3NICA NACIONAL<\/span><\/figcaption>\r\n                        <\/figure>\r\n                    <\/div>\r\n                    <div class = \"td-slide-item td-item3\">\r\n                        <figure class=\"td-slide-galery-figure td-slide-popup-gallery\">\r\n                            <a class=\"slide-gallery-image-link\" href=\"https:\/\/www.eldiario.net\/portal\/wp-content\/uploads\/2026\/08\/FOTO-3-A.webp\" title=\"FOTO-3--A\"  data-caption=\"\"  data-description=\"\">\r\n                                <img decoding=\"async\" src=\"https:\/\/www.eldiario.net\/portal\/wp-content\/uploads\/2026\/08\/FOTO-3-A-560x420.webp\" srcset=\"https:\/\/www.eldiario.net\/portal\/wp-content\/uploads\/2026\/08\/FOTO-3-A-560x420.webp 560w, https:\/\/www.eldiario.net\/portal\/wp-content\/uploads\/2026\/08\/FOTO-3-A-300x225.webp 300w, https:\/\/www.eldiario.net\/portal\/wp-content\/uploads\/2026\/08\/FOTO-3-A-768x576.webp 768w, https:\/\/www.eldiario.net\/portal\/wp-content\/uploads\/2026\/08\/FOTO-3-A-80x60.webp 80w, https:\/\/www.eldiario.net\/portal\/wp-content\/uploads\/2026\/08\/FOTO-3-A-150x113.webp 150w, https:\/\/www.eldiario.net\/portal\/wp-content\/uploads\/2026\/08\/FOTO-3-A-696x522.webp 696w, https:\/\/www.eldiario.net\/portal\/wp-content\/uploads\/2026\/08\/FOTO-3-A.webp 1024w\" sizes=\"(max-width: 560px) 100vw, 560px\" alt=\"\">\r\n                            <\/a>\r\n                            \r\n                        <\/figure>\r\n                    <\/div>\r\n                    <div class = \"td-slide-item td-item4\">\r\n                        <figure class=\"td-slide-galery-figure td-slide-popup-gallery\">\r\n                            <a class=\"slide-gallery-image-link\" href=\"https:\/\/www.eldiario.net\/portal\/wp-content\/uploads\/2026\/08\/FOTO-3-10.webp\" title=\"FOTO 3\"  data-caption=\"\"  data-description=\"\">\r\n                                <img decoding=\"async\" src=\"https:\/\/www.eldiario.net\/portal\/wp-content\/uploads\/2026\/08\/FOTO-3-10-746x420.webp\" srcset=\"https:\/\/www.eldiario.net\/portal\/wp-content\/uploads\/2026\/08\/FOTO-3-10-746x420.webp 746w, https:\/\/www.eldiario.net\/portal\/wp-content\/uploads\/2026\/08\/FOTO-3-10-300x169.webp 300w, https:\/\/www.eldiario.net\/portal\/wp-content\/uploads\/2026\/08\/FOTO-3-10-150x84.webp 150w, https:\/\/www.eldiario.net\/portal\/wp-content\/uploads\/2026\/08\/FOTO-3-10-696x392.webp 696w, https:\/\/www.eldiario.net\/portal\/wp-content\/uploads\/2026\/08\/FOTO-3-10.webp 750w\" sizes=\"(max-width: 746px) 100vw, 746px\" alt=\"\">\r\n                            <\/a>\r\n                            \r\n                        <\/figure>\r\n                    <\/div>\r\n                            <\/div>\r\n                        <\/div>\r\n\r\n                        <div class = \"td-doubleSlider-2\">\r\n                            <div class = \"td-slider\">\r\n                                \r\n                    <div class = \"td-button td-item1\">\r\n                        <div class = \"td-border\"><\/div>\r\n                    <\/div>\r\n                    <div class = \"td-button td-item2\">\r\n                        <div class = \"td-border\"><\/div>\r\n                    <\/div>\r\n                    <div class = \"td-button td-item3\">\r\n                        <div class = \"td-border\"><\/div>\r\n                    <\/div>\r\n                    <div class = \"td-button td-item4\">\r\n                        <div class = \"td-border\"><\/div>\r\n                    <\/div>\r\n                            <\/div>\r\n                        <\/div>\r\n\r\n                    <\/div>\r\n\r\n                <\/div>\r\n                \n","protected":false},"excerpt":{"rendered":"<p>Por Susana Guti\u00e9rrez El Centro Sinf\u00f3nico Nacional se prepara para recibir la riqueza r\u00edtmica y el desborde mel\u00f3dico de la m\u00fasica sudamericana. Los pr\u00f3ximos d\u00edas martes 2 y mi\u00e9rcoles 3 de septiembre, a partir de las 19:30 horas, la Orquesta Sinf\u00f3nica Nacional de Bolivia (OSNB) presentar\u00e1 el espect\u00e1culo titulado \u201cBrasil Sinf\u00f3nico\u201d, que promete rendir un [&hellip;]<\/p>\n","protected":false},"author":1,"featured_media":426201,"comment_status":"closed","ping_status":"open","sticky":false,"template":"","format":"standard","meta":{"_acf_changed":false,"footnotes":""},"categories":[8],"tags":[],"class_list":["post-426200","post","type-post","status-publish","format-standard","has-post-thumbnail","category-cultural"],"acf":{"antetitulo":"Centro Sinf\u00f3nico Nacional"},"yoast_head":"<!-- This site is optimized with the Yoast SEO plugin v28.3 - https:\/\/yoast.com\/product\/yoast-seo-wordpress\/ -->\n<title>\u201cBrasil Sinf\u00f3nico\u201d propone un viaje por la riqueza r\u00edtmica y la percusi\u00f3n brasile\u00f1a - El Diario - Bolivia<\/title>\n<meta name=\"robots\" content=\"index, follow, max-snippet:-1, max-image-preview:large, max-video-preview:-1\" \/>\n<link rel=\"canonical\" href=\"https:\/\/www.eldiario.net\/portal\/2026\/08\/31\/brasil-sinfonico-propone-un-viaje-por-la-riqueza-ritmica-y-la-percusion-brasilena\/\" \/>\n<meta property=\"og:locale\" content=\"es_ES\" \/>\n<meta property=\"og:type\" content=\"article\" \/>\n<meta property=\"og:title\" content=\"\u201cBrasil Sinf\u00f3nico\u201d propone un viaje por la riqueza r\u00edtmica y la percusi\u00f3n brasile\u00f1a - El Diario - Bolivia\" \/>\n<meta property=\"og:description\" content=\"Por Susana Guti\u00e9rrez El Centro Sinf\u00f3nico Nacional se prepara para recibir la riqueza r\u00edtmica y el desborde mel\u00f3dico de la m\u00fasica sudamericana. Los pr\u00f3ximos d\u00edas martes 2 y mi\u00e9rcoles 3 de septiembre, a partir de las 19:30 horas, la Orquesta Sinf\u00f3nica Nacional de Bolivia (OSNB) presentar\u00e1 el espect\u00e1culo titulado \u201cBrasil Sinf\u00f3nico\u201d, que promete rendir un [&hellip;]\" \/>\n<meta property=\"og:url\" content=\"https:\/\/www.eldiario.net\/portal\/2026\/08\/31\/brasil-sinfonico-propone-un-viaje-por-la-riqueza-ritmica-y-la-percusion-brasilena\/\" \/>\n<meta property=\"og:site_name\" content=\"El Diario - Bolivia\" \/>\n<meta property=\"article:publisher\" content=\"https:\/\/www.facebook.com\/eldiario.bolivia\/\" \/>\n<meta property=\"article:published_time\" content=\"2026-08-31T04:54:53+00:00\" \/>\n<meta property=\"og:image\" content=\"https:\/\/www.eldiario.net\/portal\/wp-content\/uploads\/2026\/08\/FOTO-1-15.webp\" \/>\n\t<meta property=\"og:image:width\" content=\"1200\" \/>\n\t<meta property=\"og:image:height\" content=\"799\" \/>\n\t<meta property=\"og:image:type\" content=\"image\/webp\" \/>\n<meta name=\"author\" content=\"Jeanette\" \/>\n<meta name=\"twitter:card\" content=\"summary_large_image\" \/>\n<meta name=\"twitter:creator\" content=\"@eldiario_net\" \/>\n<meta name=\"twitter:site\" content=\"@eldiario_net\" \/>\n<meta name=\"twitter:label1\" content=\"Escrito por\" \/>\n\t<meta name=\"twitter:data1\" content=\"Jeanette\" \/>\n\t<meta name=\"twitter:label2\" content=\"Tiempo de lectura\" \/>\n\t<meta name=\"twitter:data2\" content=\"4 minutos\" \/>\n<script type=\"application\/ld+json\" class=\"yoast-schema-graph\">{\"@context\":\"https:\\\/\\\/schema.org\",\"@graph\":[{\"@type\":\"Article\",\"@id\":\"https:\\\/\\\/www.eldiario.net\\\/portal\\\/2026\\\/08\\\/31\\\/brasil-sinfonico-propone-un-viaje-por-la-riqueza-ritmica-y-la-percusion-brasilena\\\/#article\",\"isPartOf\":{\"@id\":\"https:\\\/\\\/www.eldiario.net\\\/portal\\\/2026\\\/08\\\/31\\\/brasil-sinfonico-propone-un-viaje-por-la-riqueza-ritmica-y-la-percusion-brasilena\\\/\"},\"author\":{\"name\":\"Jeanette\",\"@id\":\"https:\\\/\\\/www.eldiario.net\\\/portal\\\/#\\\/schema\\\/person\\\/f46445640444750d7d753ccd04ae01b7\"},\"headline\":\"\u201cBrasil Sinf\u00f3nico\u201d propone un viaje por la riqueza r\u00edtmica y la percusi\u00f3n brasile\u00f1a\",\"datePublished\":\"2026-08-31T04:54:53+00:00\",\"mainEntityOfPage\":{\"@id\":\"https:\\\/\\\/www.eldiario.net\\\/portal\\\/2026\\\/08\\\/31\\\/brasil-sinfonico-propone-un-viaje-por-la-riqueza-ritmica-y-la-percusion-brasilena\\\/\"},\"wordCount\":936,\"publisher\":{\"@id\":\"https:\\\/\\\/www.eldiario.net\\\/portal\\\/#organization\"},\"image\":{\"@id\":\"https:\\\/\\\/www.eldiario.net\\\/portal\\\/2026\\\/08\\\/31\\\/brasil-sinfonico-propone-un-viaje-por-la-riqueza-ritmica-y-la-percusion-brasilena\\\/#primaryimage\"},\"thumbnailUrl\":\"https:\\\/\\\/www.eldiario.net\\\/portal\\\/wp-content\\\/uploads\\\/2026\\\/08\\\/FOTO-1-15.webp\",\"articleSection\":[\"Cultural\"],\"inLanguage\":\"es\"},{\"@type\":\"WebPage\",\"@id\":\"https:\\\/\\\/www.eldiario.net\\\/portal\\\/2026\\\/08\\\/31\\\/brasil-sinfonico-propone-un-viaje-por-la-riqueza-ritmica-y-la-percusion-brasilena\\\/\",\"url\":\"https:\\\/\\\/www.eldiario.net\\\/portal\\\/2026\\\/08\\\/31\\\/brasil-sinfonico-propone-un-viaje-por-la-riqueza-ritmica-y-la-percusion-brasilena\\\/\",\"name\":\"\u201cBrasil Sinf\u00f3nico\u201d propone un viaje por la riqueza r\u00edtmica y la percusi\u00f3n brasile\u00f1a - El Diario - Bolivia\",\"isPartOf\":{\"@id\":\"https:\\\/\\\/www.eldiario.net\\\/portal\\\/#website\"},\"primaryImageOfPage\":{\"@id\":\"https:\\\/\\\/www.eldiario.net\\\/portal\\\/2026\\\/08\\\/31\\\/brasil-sinfonico-propone-un-viaje-por-la-riqueza-ritmica-y-la-percusion-brasilena\\\/#primaryimage\"},\"image\":{\"@id\":\"https:\\\/\\\/www.eldiario.net\\\/portal\\\/2026\\\/08\\\/31\\\/brasil-sinfonico-propone-un-viaje-por-la-riqueza-ritmica-y-la-percusion-brasilena\\\/#primaryimage\"},\"thumbnailUrl\":\"https:\\\/\\\/www.eldiario.net\\\/portal\\\/wp-content\\\/uploads\\\/2026\\\/08\\\/FOTO-1-15.webp\",\"datePublished\":\"2026-08-31T04:54:53+00:00\",\"breadcrumb\":{\"@id\":\"https:\\\/\\\/www.eldiario.net\\\/portal\\\/2026\\\/08\\\/31\\\/brasil-sinfonico-propone-un-viaje-por-la-riqueza-ritmica-y-la-percusion-brasilena\\\/#breadcrumb\"},\"inLanguage\":\"es\",\"potentialAction\":[{\"@type\":\"ReadAction\",\"target\":[\"https:\\\/\\\/www.eldiario.net\\\/portal\\\/2026\\\/08\\\/31\\\/brasil-sinfonico-propone-un-viaje-por-la-riqueza-ritmica-y-la-percusion-brasilena\\\/\"]}]},{\"@type\":\"ImageObject\",\"inLanguage\":\"es\",\"@id\":\"https:\\\/\\\/www.eldiario.net\\\/portal\\\/2026\\\/08\\\/31\\\/brasil-sinfonico-propone-un-viaje-por-la-riqueza-ritmica-y-la-percusion-brasilena\\\/#primaryimage\",\"url\":\"https:\\\/\\\/www.eldiario.net\\\/portal\\\/wp-content\\\/uploads\\\/2026\\\/08\\\/FOTO-1-15.webp\",\"contentUrl\":\"https:\\\/\\\/www.eldiario.net\\\/portal\\\/wp-content\\\/uploads\\\/2026\\\/08\\\/FOTO-1-15.webp\",\"width\":1200,\"height\":799,\"caption\":\"REY ROSAURO\"},{\"@type\":\"BreadcrumbList\",\"@id\":\"https:\\\/\\\/www.eldiario.net\\\/portal\\\/2026\\\/08\\\/31\\\/brasil-sinfonico-propone-un-viaje-por-la-riqueza-ritmica-y-la-percusion-brasilena\\\/#breadcrumb\",\"itemListElement\":[{\"@type\":\"ListItem\",\"position\":1,\"name\":\"Portada\",\"item\":\"https:\\\/\\\/www.eldiario.net\\\/portal\\\/\"},{\"@type\":\"ListItem\",\"position\":2,\"name\":\"\u201cBrasil Sinf\u00f3nico\u201d propone un viaje por la riqueza r\u00edtmica y la percusi\u00f3n brasile\u00f1a\"}]},{\"@type\":\"WebSite\",\"@id\":\"https:\\\/\\\/www.eldiario.net\\\/portal\\\/#website\",\"url\":\"https:\\\/\\\/www.eldiario.net\\\/portal\\\/\",\"name\":\"El Diario - Decano de la prensa nacional\",\"description\":\"El Diario - Decano de la prensa nacional\",\"publisher\":{\"@id\":\"https:\\\/\\\/www.eldiario.net\\\/portal\\\/#organization\"},\"potentialAction\":[{\"@type\":\"SearchAction\",\"target\":{\"@type\":\"EntryPoint\",\"urlTemplate\":\"https:\\\/\\\/www.eldiario.net\\\/portal\\\/?s={search_term_string}\"},\"query-input\":{\"@type\":\"PropertyValueSpecification\",\"valueRequired\":true,\"valueName\":\"search_term_string\"}}],\"inLanguage\":\"es\"},{\"@type\":\"Organization\",\"@id\":\"https:\\\/\\\/www.eldiario.net\\\/portal\\\/#organization\",\"name\":\"El Diario - Decano de la prensa nacional\",\"url\":\"https:\\\/\\\/www.eldiario.net\\\/portal\\\/\",\"logo\":{\"@type\":\"ImageObject\",\"inLanguage\":\"es\",\"@id\":\"https:\\\/\\\/www.eldiario.net\\\/portal\\\/#\\\/schema\\\/logo\\\/image\\\/\",\"url\":\"https:\\\/\\\/www.eldiario.net\\\/portal\\\/wp-content\\\/uploads\\\/2023\\\/07\\\/logo_ED.jpg\",\"contentUrl\":\"https:\\\/\\\/www.eldiario.net\\\/portal\\\/wp-content\\\/uploads\\\/2023\\\/07\\\/logo_ED.jpg\",\"width\":272,\"height\":52,\"caption\":\"El Diario - Decano de la prensa nacional\"},\"image\":{\"@id\":\"https:\\\/\\\/www.eldiario.net\\\/portal\\\/#\\\/schema\\\/logo\\\/image\\\/\"},\"sameAs\":[\"https:\\\/\\\/www.facebook.com\\\/eldiario.bolivia\\\/\",\"https:\\\/\\\/x.com\\\/eldiario_net\"]},{\"@type\":\"Person\",\"@id\":\"https:\\\/\\\/www.eldiario.net\\\/portal\\\/#\\\/schema\\\/person\\\/f46445640444750d7d753ccd04ae01b7\",\"name\":\"Jeanette\",\"image\":{\"@type\":\"ImageObject\",\"inLanguage\":\"es\",\"@id\":\"https:\\\/\\\/secure.gravatar.com\\\/avatar\\\/3ea2118a5f7dad2b7138b1187a6b7ee55f160b9968b66013c3a3ef39dd7e5798?s=96&d=mm&r=g\",\"url\":\"https:\\\/\\\/secure.gravatar.com\\\/avatar\\\/3ea2118a5f7dad2b7138b1187a6b7ee55f160b9968b66013c3a3ef39dd7e5798?s=96&d=mm&r=g\",\"contentUrl\":\"https:\\\/\\\/secure.gravatar.com\\\/avatar\\\/3ea2118a5f7dad2b7138b1187a6b7ee55f160b9968b66013c3a3ef39dd7e5798?s=96&d=mm&r=g\",\"caption\":\"Jeanette\"},\"sameAs\":[\"https:\\\/\\\/www.eldiario.net\\\/portal\"],\"url\":\"https:\\\/\\\/www.eldiario.net\\\/portal\\\/author\\\/jeanette\\\/\"}]}<\/script>\n<!-- \/ Yoast SEO plugin. -->","yoast_head_json":{"title":"\u201cBrasil Sinf\u00f3nico\u201d propone un viaje por la riqueza r\u00edtmica y la percusi\u00f3n brasile\u00f1a - El Diario - Bolivia","robots":{"index":"index","follow":"follow","max-snippet":"max-snippet:-1","max-image-preview":"max-image-preview:large","max-video-preview":"max-video-preview:-1"},"canonical":"https:\/\/www.eldiario.net\/portal\/2026\/08\/31\/brasil-sinfonico-propone-un-viaje-por-la-riqueza-ritmica-y-la-percusion-brasilena\/","og_locale":"es_ES","og_type":"article","og_title":"\u201cBrasil Sinf\u00f3nico\u201d propone un viaje por la riqueza r\u00edtmica y la percusi\u00f3n brasile\u00f1a - El Diario - Bolivia","og_description":"Por Susana Guti\u00e9rrez El Centro Sinf\u00f3nico Nacional se prepara para recibir la riqueza r\u00edtmica y el desborde mel\u00f3dico de la m\u00fasica sudamericana. Los pr\u00f3ximos d\u00edas martes 2 y mi\u00e9rcoles 3 de septiembre, a partir de las 19:30 horas, la Orquesta Sinf\u00f3nica Nacional de Bolivia (OSNB) presentar\u00e1 el espect\u00e1culo titulado \u201cBrasil Sinf\u00f3nico\u201d, que promete rendir un [&hellip;]","og_url":"https:\/\/www.eldiario.net\/portal\/2026\/08\/31\/brasil-sinfonico-propone-un-viaje-por-la-riqueza-ritmica-y-la-percusion-brasilena\/","og_site_name":"El Diario - Bolivia","article_publisher":"https:\/\/www.facebook.com\/eldiario.bolivia\/","article_published_time":"2026-08-31T04:54:53+00:00","og_image":[{"width":1200,"height":799,"url":"https:\/\/www.eldiario.net\/portal\/wp-content\/uploads\/2026\/08\/FOTO-1-15.webp","type":"image\/webp"}],"author":"Jeanette","twitter_card":"summary_large_image","twitter_creator":"@eldiario_net","twitter_site":"@eldiario_net","twitter_misc":{"Escrito por":"Jeanette","Tiempo de lectura":"4 minutos"},"schema":{"@context":"https:\/\/schema.org","@graph":[{"@type":"Article","@id":"https:\/\/www.eldiario.net\/portal\/2026\/08\/31\/brasil-sinfonico-propone-un-viaje-por-la-riqueza-ritmica-y-la-percusion-brasilena\/#article","isPartOf":{"@id":"https:\/\/www.eldiario.net\/portal\/2026\/08\/31\/brasil-sinfonico-propone-un-viaje-por-la-riqueza-ritmica-y-la-percusion-brasilena\/"},"author":{"name":"Jeanette","@id":"https:\/\/www.eldiario.net\/portal\/#\/schema\/person\/f46445640444750d7d753ccd04ae01b7"},"headline":"\u201cBrasil Sinf\u00f3nico\u201d propone un viaje por la riqueza r\u00edtmica y la percusi\u00f3n brasile\u00f1a","datePublished":"2026-08-31T04:54:53+00:00","mainEntityOfPage":{"@id":"https:\/\/www.eldiario.net\/portal\/2026\/08\/31\/brasil-sinfonico-propone-un-viaje-por-la-riqueza-ritmica-y-la-percusion-brasilena\/"},"wordCount":936,"publisher":{"@id":"https:\/\/www.eldiario.net\/portal\/#organization"},"image":{"@id":"https:\/\/www.eldiario.net\/portal\/2026\/08\/31\/brasil-sinfonico-propone-un-viaje-por-la-riqueza-ritmica-y-la-percusion-brasilena\/#primaryimage"},"thumbnailUrl":"https:\/\/www.eldiario.net\/portal\/wp-content\/uploads\/2026\/08\/FOTO-1-15.webp","articleSection":["Cultural"],"inLanguage":"es"},{"@type":"WebPage","@id":"https:\/\/www.eldiario.net\/portal\/2026\/08\/31\/brasil-sinfonico-propone-un-viaje-por-la-riqueza-ritmica-y-la-percusion-brasilena\/","url":"https:\/\/www.eldiario.net\/portal\/2026\/08\/31\/brasil-sinfonico-propone-un-viaje-por-la-riqueza-ritmica-y-la-percusion-brasilena\/","name":"\u201cBrasil Sinf\u00f3nico\u201d propone un viaje por la riqueza r\u00edtmica y la percusi\u00f3n brasile\u00f1a - El Diario - Bolivia","isPartOf":{"@id":"https:\/\/www.eldiario.net\/portal\/#website"},"primaryImageOfPage":{"@id":"https:\/\/www.eldiario.net\/portal\/2026\/08\/31\/brasil-sinfonico-propone-un-viaje-por-la-riqueza-ritmica-y-la-percusion-brasilena\/#primaryimage"},"image":{"@id":"https:\/\/www.eldiario.net\/portal\/2026\/08\/31\/brasil-sinfonico-propone-un-viaje-por-la-riqueza-ritmica-y-la-percusion-brasilena\/#primaryimage"},"thumbnailUrl":"https:\/\/www.eldiario.net\/portal\/wp-content\/uploads\/2026\/08\/FOTO-1-15.webp","datePublished":"2026-08-31T04:54:53+00:00","breadcrumb":{"@id":"https:\/\/www.eldiario.net\/portal\/2026\/08\/31\/brasil-sinfonico-propone-un-viaje-por-la-riqueza-ritmica-y-la-percusion-brasilena\/#breadcrumb"},"inLanguage":"es","potentialAction":[{"@type":"ReadAction","target":["https:\/\/www.eldiario.net\/portal\/2026\/08\/31\/brasil-sinfonico-propone-un-viaje-por-la-riqueza-ritmica-y-la-percusion-brasilena\/"]}]},{"@type":"ImageObject","inLanguage":"es","@id":"https:\/\/www.eldiario.net\/portal\/2026\/08\/31\/brasil-sinfonico-propone-un-viaje-por-la-riqueza-ritmica-y-la-percusion-brasilena\/#primaryimage","url":"https:\/\/www.eldiario.net\/portal\/wp-content\/uploads\/2026\/08\/FOTO-1-15.webp","contentUrl":"https:\/\/www.eldiario.net\/portal\/wp-content\/uploads\/2026\/08\/FOTO-1-15.webp","width":1200,"height":799,"caption":"REY ROSAURO"},{"@type":"BreadcrumbList","@id":"https:\/\/www.eldiario.net\/portal\/2026\/08\/31\/brasil-sinfonico-propone-un-viaje-por-la-riqueza-ritmica-y-la-percusion-brasilena\/#breadcrumb","itemListElement":[{"@type":"ListItem","position":1,"name":"Portada","item":"https:\/\/www.eldiario.net\/portal\/"},{"@type":"ListItem","position":2,"name":"\u201cBrasil Sinf\u00f3nico\u201d propone un viaje por la riqueza r\u00edtmica y la percusi\u00f3n brasile\u00f1a"}]},{"@type":"WebSite","@id":"https:\/\/www.eldiario.net\/portal\/#website","url":"https:\/\/www.eldiario.net\/portal\/","name":"El Diario - Decano de la prensa nacional","description":"El Diario - Decano de la prensa nacional","publisher":{"@id":"https:\/\/www.eldiario.net\/portal\/#organization"},"potentialAction":[{"@type":"SearchAction","target":{"@type":"EntryPoint","urlTemplate":"https:\/\/www.eldiario.net\/portal\/?s={search_term_string}"},"query-input":{"@type":"PropertyValueSpecification","valueRequired":true,"valueName":"search_term_string"}}],"inLanguage":"es"},{"@type":"Organization","@id":"https:\/\/www.eldiario.net\/portal\/#organization","name":"El Diario - Decano de la prensa nacional","url":"https:\/\/www.eldiario.net\/portal\/","logo":{"@type":"ImageObject","inLanguage":"es","@id":"https:\/\/www.eldiario.net\/portal\/#\/schema\/logo\/image\/","url":"https:\/\/www.eldiario.net\/portal\/wp-content\/uploads\/2023\/07\/logo_ED.jpg","contentUrl":"https:\/\/www.eldiario.net\/portal\/wp-content\/uploads\/2023\/07\/logo_ED.jpg","width":272,"height":52,"caption":"El Diario - Decano de la prensa nacional"},"image":{"@id":"https:\/\/www.eldiario.net\/portal\/#\/schema\/logo\/image\/"},"sameAs":["https:\/\/www.facebook.com\/eldiario.bolivia\/","https:\/\/x.com\/eldiario_net"]},{"@type":"Person","@id":"https:\/\/www.eldiario.net\/portal\/#\/schema\/person\/f46445640444750d7d753ccd04ae01b7","name":"Jeanette","image":{"@type":"ImageObject","inLanguage":"es","@id":"https:\/\/secure.gravatar.com\/avatar\/3ea2118a5f7dad2b7138b1187a6b7ee55f160b9968b66013c3a3ef39dd7e5798?s=96&d=mm&r=g","url":"https:\/\/secure.gravatar.com\/avatar\/3ea2118a5f7dad2b7138b1187a6b7ee55f160b9968b66013c3a3ef39dd7e5798?s=96&d=mm&r=g","contentUrl":"https:\/\/secure.gravatar.com\/avatar\/3ea2118a5f7dad2b7138b1187a6b7ee55f160b9968b66013c3a3ef39dd7e5798?s=96&d=mm&r=g","caption":"Jeanette"},"sameAs":["https:\/\/www.eldiario.net\/portal"],"url":"https:\/\/www.eldiario.net\/portal\/author\/jeanette\/"}]}},"_links":{"self":[{"href":"https:\/\/www.eldiario.net\/portal\/wp-json\/wp\/v2\/posts\/426200","targetHints":{"allow":["GET"]}}],"collection":[{"href":"https:\/\/www.eldiario.net\/portal\/wp-json\/wp\/v2\/posts"}],"about":[{"href":"https:\/\/www.eldiario.net\/portal\/wp-json\/wp\/v2\/types\/post"}],"author":[{"embeddable":true,"href":"https:\/\/www.eldiario.net\/portal\/wp-json\/wp\/v2\/users\/1"}],"replies":[{"embeddable":true,"href":"https:\/\/www.eldiario.net\/portal\/wp-json\/wp\/v2\/comments?post=426200"}],"version-history":[{"count":1,"href":"https:\/\/www.eldiario.net\/portal\/wp-json\/wp\/v2\/posts\/426200\/revisions"}],"predecessor-version":[{"id":426205,"href":"https:\/\/www.eldiario.net\/portal\/wp-json\/wp\/v2\/posts\/426200\/revisions\/426205"}],"wp:featuredmedia":[{"embeddable":true,"href":"https:\/\/www.eldiario.net\/portal\/wp-json\/wp\/v2\/media\/426201"}],"wp:attachment":[{"href":"https:\/\/www.eldiario.net\/portal\/wp-json\/wp\/v2\/media?parent=426200"}],"wp:term":[{"taxonomy":"category","embeddable":true,"href":"https:\/\/www.eldiario.net\/portal\/wp-json\/wp\/v2\/categories?post=426200"},{"taxonomy":"post_tag","embeddable":true,"href":"https:\/\/www.eldiario.net\/portal\/wp-json\/wp\/v2\/tags?post=426200"}],"curies":[{"name":"wp","href":"https:\/\/api.w.org\/{rel}","templated":true}]}}