{"id":426185,"date":"2026-08-31T00:57:32","date_gmt":"2026-08-31T04:57:32","guid":{"rendered":"https:\/\/www.eldiario.net\/portal\/?p=426185"},"modified":"2026-08-30T08:58:06","modified_gmt":"2026-08-30T12:58:06","slug":"apple-confirma-su-keynote-de-septiembre-con-el-iphone-18-pro-y-su-primer-plegable","status":"publish","type":"post","link":"https:\/\/www.eldiario.net\/portal\/2026\/08\/31\/apple-confirma-su-keynote-de-septiembre-con-el-iphone-18-pro-y-su-primer-plegable\/","title":{"rendered":"Apple confirma su keynote de septiembre con el iPhone 18 Pro y su primer plegable"},"content":{"rendered":"<p>Apple ha puesto fin a la espera: la compa\u00f1\u00eda envi\u00f3 las invitaciones oficiales para su tradicional evento de oto\u00f1o, fijado para el <strong>mi\u00e9rcoles 9 de septiembre de 2026<\/strong>. En esta cita se presentar\u00e1 el esperado <strong>iPhone 18 Pro<\/strong>, acompa\u00f1ado de manera estelar por el <strong>primer iPhone plegable<\/strong> de la historia de la marca.<\/p>\n<p><strong>Un cambio en la estrategia<\/strong><\/p>\n<p>La gran novedad no solo est\u00e1 en los dispositivos, sino tambi\u00e9n en la estrategia de lanzamientos. El modelo est\u00e1ndar, el <strong>iPhone 18<\/strong>, no ser\u00e1 parte de esta conferencia y su debut se aplazar\u00e1 hasta la primavera de 2027. Se trata del primer ajuste al calendario tradicional de Apple en m\u00e1s de una d\u00e9cada.<\/p>\n<p>El evento tambi\u00e9n marcar\u00e1 un hito institucional: <strong>John Ternus<\/strong> ser\u00e1 el encargado de dirigir la keynote tras asumir el cargo de director ejecutivo, reemplazando a Tim Cook en el escenario.<\/p>\n<p><strong>Qu\u00e9 dispositivos veremos<\/strong><\/p>\n<p>De acuerdo con reportes y filtraciones, la alineaci\u00f3n confirmada para el 9 de septiembre incluye:<\/p>\n<ul>\n<li>iPhone 18 Pro<\/li>\n<li>iPhone 18 Pro Max<\/li>\n<li>Primer iPhone plegable<\/li>\n<li>Apple Watch Series 12<\/li>\n<li>Apple Watch Ultra 4<\/li>\n<\/ul>\n<p>Estos lanzamientos representan la primera fase de un cat\u00e1logo que se renovar\u00e1 en los meses siguientes, con actualizaciones previstas para Mac, iPad, AirPods, Apple TV y bocinas inteligentes.<\/p>\n<p><strong>Software y actualizaciones<\/strong><\/p>\n<p>La keynote tambi\u00e9n servir\u00e1 para anunciar las fechas de despliegue de los nuevos sistemas operativos: <strong>iOS 27, macOS 27, watchOS 27, iPadOS 27 y tvOS 27<\/strong>, que pondr\u00e1n fin al periodo de pruebas beta.<\/p>\n<p><strong>C\u00f3mo seguir el evento<\/strong><\/p>\n<p>La transmisi\u00f3n ser\u00e1 completamente en l\u00ednea a trav\u00e9s del sitio oficial de Apple, su canal de YouTube y la aplicaci\u00f3n Apple TV en dispositivos compatibles. En M\u00e9xico, el evento comenzar\u00e1 a las <strong>11:00 horas<\/strong>.<\/p>\n<p><strong>Claves en la invitaci\u00f3n oficial<\/strong><\/p>\n<p>El dise\u00f1o gr\u00e1fico de las invitaciones suele incluir pistas sobre las novedades. En esta ocasi\u00f3n destacan:<\/p>\n<ul>\n<li><strong>Fondo claro e iluminado<\/strong>, con la silueta de la manzana recortada frente a la luz del sol.<\/li>\n<li><strong>Gui\u00f1o a la apertura variable<\/strong>, en l\u00ednea con los rumores sobre la c\u00e1mara del iPhone 18 Pro.<\/li>\n<li><strong>Regreso del Azul Sierra<\/strong>, tonalidad celeste predominante en la invitaci\u00f3n.<\/li>\n<li><strong>Destellos en rojo<\/strong>, que apuntan a un nuevo acabado para la gama Pro.<\/li>\n<li><strong>Sombra inferior con pliegue<\/strong>, interpretada como referencia al iPhone plegable.<\/li>\n<li><strong>Efecto Siri AI<\/strong>, con aberraciones crom\u00e1ticas que evocan la interfaz de inteligencia artificial.<\/li>\n<li><strong>Halo solar<\/strong>, simulando el destello \u00f3ptico de una captura contra el sol.<\/li>\n<\/ul>\n<p>La frase \u201c<strong>Sorpresas listas para brillar<\/strong>\u201d refuerza la expectativa: \u201cSorpresas\u201d apunta al debut del plegable, mientras que \u201cBrillar\u201d sugiere mejoras en c\u00e1maras, pantallas y acabados met\u00e1licos.<\/p>\n<p><strong>Expectativas y cierre<\/strong><\/p>\n<p>El evento de septiembre se perfila como uno de los m\u00e1s trascendentes de la \u00faltima d\u00e9cada para Apple. La llegada del primer iPhone plegable abre un nuevo cap\u00edtulo en la historia de la compa\u00f1\u00eda, mientras que el iPhone 18 Pro promete consolidar la evoluci\u00f3n de la l\u00ednea m\u00e1s popular de la marca.<\/p>\n<p>La inc\u00f3gnita habitual sigue presente: \u00bfhabr\u00e1 un <strong>one more thing<\/strong>? Con un formato plegable listo para debutar, Apple tiene el escenario perfecto para revivir su cl\u00e1sico cierre. La respuesta llegar\u00e1 el 9 de septiembre.<\/p>\n<p>&nbsp;<\/p>\n","protected":false},"excerpt":{"rendered":"<p>Apple ha puesto fin a la espera: la compa\u00f1\u00eda envi\u00f3 las invitaciones oficiales para su tradicional evento de oto\u00f1o, fijado para el mi\u00e9rcoles 9 de septiembre de 2026. En esta cita se presentar\u00e1 el esperado iPhone 18 Pro, acompa\u00f1ado de manera estelar por el primer iPhone plegable de la historia de la marca. Un cambio [&hellip;]<\/p>\n","protected":false},"author":1,"featured_media":426186,"comment_status":"closed","ping_status":"open","sticky":false,"template":"","format":"standard","meta":{"_acf_changed":false,"footnotes":""},"categories":[46],"tags":[],"class_list":["post-426185","post","type-post","status-publish","format-standard","has-post-thumbnail","category-ciencia-computacion"],"acf":{"antetitulo":""},"yoast_head":"<!-- This site is optimized with the Yoast SEO plugin v28.3 - https:\/\/yoast.com\/product\/yoast-seo-wordpress\/ -->\n<title>Apple confirma su keynote de septiembre con el iPhone 18 Pro y su primer plegable - El Diario - Bolivia<\/title>\n<meta name=\"robots\" content=\"index, follow, max-snippet:-1, max-image-preview:large, max-video-preview:-1\" \/>\n<link rel=\"canonical\" href=\"https:\/\/www.eldiario.net\/portal\/2026\/08\/31\/apple-confirma-su-keynote-de-septiembre-con-el-iphone-18-pro-y-su-primer-plegable\/\" \/>\n<meta property=\"og:locale\" content=\"es_ES\" \/>\n<meta property=\"og:type\" content=\"article\" \/>\n<meta property=\"og:title\" content=\"Apple confirma su keynote de septiembre con el iPhone 18 Pro y su primer plegable - El Diario - Bolivia\" \/>\n<meta property=\"og:description\" content=\"Apple ha puesto fin a la espera: la compa\u00f1\u00eda envi\u00f3 las invitaciones oficiales para su tradicional evento de oto\u00f1o, fijado para el mi\u00e9rcoles 9 de septiembre de 2026. En esta cita se presentar\u00e1 el esperado iPhone 18 Pro, acompa\u00f1ado de manera estelar por el primer iPhone plegable de la historia de la marca. Un cambio [&hellip;]\" \/>\n<meta property=\"og:url\" content=\"https:\/\/www.eldiario.net\/portal\/2026\/08\/31\/apple-confirma-su-keynote-de-septiembre-con-el-iphone-18-pro-y-su-primer-plegable\/\" \/>\n<meta property=\"og:site_name\" content=\"El Diario - Bolivia\" \/>\n<meta property=\"article:publisher\" content=\"https:\/\/www.facebook.com\/eldiario.bolivia\/\" \/>\n<meta property=\"article:published_time\" content=\"2026-08-31T04:57:32+00:00\" \/>\n<meta property=\"og:image\" content=\"https:\/\/www.eldiario.net\/portal\/wp-content\/uploads\/2026\/08\/3-B-1.webp\" \/>\n\t<meta property=\"og:image:width\" content=\"739\" \/>\n\t<meta property=\"og:image:height\" content=\"415\" \/>\n\t<meta property=\"og:image:type\" content=\"image\/webp\" \/>\n<meta name=\"author\" content=\"Jeanette\" \/>\n<meta name=\"twitter:card\" content=\"summary_large_image\" \/>\n<meta name=\"twitter:creator\" content=\"@eldiario_net\" \/>\n<meta name=\"twitter:site\" content=\"@eldiario_net\" \/>\n<meta name=\"twitter:label1\" content=\"Escrito por\" \/>\n\t<meta name=\"twitter:data1\" content=\"Jeanette\" \/>\n\t<meta name=\"twitter:label2\" content=\"Tiempo de lectura\" \/>\n\t<meta name=\"twitter:data2\" content=\"3 minutos\" \/>\n<script type=\"application\/ld+json\" class=\"yoast-schema-graph\">{\"@context\":\"https:\\\/\\\/schema.org\",\"@graph\":[{\"@type\":\"Article\",\"@id\":\"https:\\\/\\\/www.eldiario.net\\\/portal\\\/2026\\\/08\\\/31\\\/apple-confirma-su-keynote-de-septiembre-con-el-iphone-18-pro-y-su-primer-plegable\\\/#article\",\"isPartOf\":{\"@id\":\"https:\\\/\\\/www.eldiario.net\\\/portal\\\/2026\\\/08\\\/31\\\/apple-confirma-su-keynote-de-septiembre-con-el-iphone-18-pro-y-su-primer-plegable\\\/\"},\"author\":{\"name\":\"Jeanette\",\"@id\":\"https:\\\/\\\/www.eldiario.net\\\/portal\\\/#\\\/schema\\\/person\\\/f46445640444750d7d753ccd04ae01b7\"},\"headline\":\"Apple confirma su keynote de septiembre con el iPhone 18 Pro y su primer plegable\",\"datePublished\":\"2026-08-31T04:57:32+00:00\",\"mainEntityOfPage\":{\"@id\":\"https:\\\/\\\/www.eldiario.net\\\/portal\\\/2026\\\/08\\\/31\\\/apple-confirma-su-keynote-de-septiembre-con-el-iphone-18-pro-y-su-primer-plegable\\\/\"},\"wordCount\":543,\"publisher\":{\"@id\":\"https:\\\/\\\/www.eldiario.net\\\/portal\\\/#organization\"},\"image\":{\"@id\":\"https:\\\/\\\/www.eldiario.net\\\/portal\\\/2026\\\/08\\\/31\\\/apple-confirma-su-keynote-de-septiembre-con-el-iphone-18-pro-y-su-primer-plegable\\\/#primaryimage\"},\"thumbnailUrl\":\"https:\\\/\\\/www.eldiario.net\\\/portal\\\/wp-content\\\/uploads\\\/2026\\\/08\\\/3-B-1.webp\",\"articleSection\":[\"Ciencia y Computaci\u00f3n\"],\"inLanguage\":\"es\"},{\"@type\":\"WebPage\",\"@id\":\"https:\\\/\\\/www.eldiario.net\\\/portal\\\/2026\\\/08\\\/31\\\/apple-confirma-su-keynote-de-septiembre-con-el-iphone-18-pro-y-su-primer-plegable\\\/\",\"url\":\"https:\\\/\\\/www.eldiario.net\\\/portal\\\/2026\\\/08\\\/31\\\/apple-confirma-su-keynote-de-septiembre-con-el-iphone-18-pro-y-su-primer-plegable\\\/\",\"name\":\"Apple confirma su keynote de septiembre con el iPhone 18 Pro y su primer plegable - El Diario - Bolivia\",\"isPartOf\":{\"@id\":\"https:\\\/\\\/www.eldiario.net\\\/portal\\\/#website\"},\"primaryImageOfPage\":{\"@id\":\"https:\\\/\\\/www.eldiario.net\\\/portal\\\/2026\\\/08\\\/31\\\/apple-confirma-su-keynote-de-septiembre-con-el-iphone-18-pro-y-su-primer-plegable\\\/#primaryimage\"},\"image\":{\"@id\":\"https:\\\/\\\/www.eldiario.net\\\/portal\\\/2026\\\/08\\\/31\\\/apple-confirma-su-keynote-de-septiembre-con-el-iphone-18-pro-y-su-primer-plegable\\\/#primaryimage\"},\"thumbnailUrl\":\"https:\\\/\\\/www.eldiario.net\\\/portal\\\/wp-content\\\/uploads\\\/2026\\\/08\\\/3-B-1.webp\",\"datePublished\":\"2026-08-31T04:57:32+00:00\",\"breadcrumb\":{\"@id\":\"https:\\\/\\\/www.eldiario.net\\\/portal\\\/2026\\\/08\\\/31\\\/apple-confirma-su-keynote-de-septiembre-con-el-iphone-18-pro-y-su-primer-plegable\\\/#breadcrumb\"},\"inLanguage\":\"es\",\"potentialAction\":[{\"@type\":\"ReadAction\",\"target\":[\"https:\\\/\\\/www.eldiario.net\\\/portal\\\/2026\\\/08\\\/31\\\/apple-confirma-su-keynote-de-septiembre-con-el-iphone-18-pro-y-su-primer-plegable\\\/\"]}]},{\"@type\":\"ImageObject\",\"inLanguage\":\"es\",\"@id\":\"https:\\\/\\\/www.eldiario.net\\\/portal\\\/2026\\\/08\\\/31\\\/apple-confirma-su-keynote-de-septiembre-con-el-iphone-18-pro-y-su-primer-plegable\\\/#primaryimage\",\"url\":\"https:\\\/\\\/www.eldiario.net\\\/portal\\\/wp-content\\\/uploads\\\/2026\\\/08\\\/3-B-1.webp\",\"contentUrl\":\"https:\\\/\\\/www.eldiario.net\\\/portal\\\/wp-content\\\/uploads\\\/2026\\\/08\\\/3-B-1.webp\",\"width\":739,\"height\":415},{\"@type\":\"BreadcrumbList\",\"@id\":\"https:\\\/\\\/www.eldiario.net\\\/portal\\\/2026\\\/08\\\/31\\\/apple-confirma-su-keynote-de-septiembre-con-el-iphone-18-pro-y-su-primer-plegable\\\/#breadcrumb\",\"itemListElement\":[{\"@type\":\"ListItem\",\"position\":1,\"name\":\"Portada\",\"item\":\"https:\\\/\\\/www.eldiario.net\\\/portal\\\/\"},{\"@type\":\"ListItem\",\"position\":2,\"name\":\"Apple confirma su keynote de septiembre con el iPhone 18 Pro y su primer plegable\"}]},{\"@type\":\"WebSite\",\"@id\":\"https:\\\/\\\/www.eldiario.net\\\/portal\\\/#website\",\"url\":\"https:\\\/\\\/www.eldiario.net\\\/portal\\\/\",\"name\":\"El Diario - Decano de la prensa nacional\",\"description\":\"El Diario - Decano de la prensa nacional\",\"publisher\":{\"@id\":\"https:\\\/\\\/www.eldiario.net\\\/portal\\\/#organization\"},\"potentialAction\":[{\"@type\":\"SearchAction\",\"target\":{\"@type\":\"EntryPoint\",\"urlTemplate\":\"https:\\\/\\\/www.eldiario.net\\\/portal\\\/?s={search_term_string}\"},\"query-input\":{\"@type\":\"PropertyValueSpecification\",\"valueRequired\":true,\"valueName\":\"search_term_string\"}}],\"inLanguage\":\"es\"},{\"@type\":\"Organization\",\"@id\":\"https:\\\/\\\/www.eldiario.net\\\/portal\\\/#organization\",\"name\":\"El Diario - Decano de la prensa nacional\",\"url\":\"https:\\\/\\\/www.eldiario.net\\\/portal\\\/\",\"logo\":{\"@type\":\"ImageObject\",\"inLanguage\":\"es\",\"@id\":\"https:\\\/\\\/www.eldiario.net\\\/portal\\\/#\\\/schema\\\/logo\\\/image\\\/\",\"url\":\"https:\\\/\\\/www.eldiario.net\\\/portal\\\/wp-content\\\/uploads\\\/2023\\\/07\\\/logo_ED.jpg\",\"contentUrl\":\"https:\\\/\\\/www.eldiario.net\\\/portal\\\/wp-content\\\/uploads\\\/2023\\\/07\\\/logo_ED.jpg\",\"width\":272,\"height\":52,\"caption\":\"El Diario - Decano de la prensa nacional\"},\"image\":{\"@id\":\"https:\\\/\\\/www.eldiario.net\\\/portal\\\/#\\\/schema\\\/logo\\\/image\\\/\"},\"sameAs\":[\"https:\\\/\\\/www.facebook.com\\\/eldiario.bolivia\\\/\",\"https:\\\/\\\/x.com\\\/eldiario_net\"]},{\"@type\":\"Person\",\"@id\":\"https:\\\/\\\/www.eldiario.net\\\/portal\\\/#\\\/schema\\\/person\\\/f46445640444750d7d753ccd04ae01b7\",\"name\":\"Jeanette\",\"image\":{\"@type\":\"ImageObject\",\"inLanguage\":\"es\",\"@id\":\"https:\\\/\\\/secure.gravatar.com\\\/avatar\\\/3ea2118a5f7dad2b7138b1187a6b7ee55f160b9968b66013c3a3ef39dd7e5798?s=96&d=mm&r=g\",\"url\":\"https:\\\/\\\/secure.gravatar.com\\\/avatar\\\/3ea2118a5f7dad2b7138b1187a6b7ee55f160b9968b66013c3a3ef39dd7e5798?s=96&d=mm&r=g\",\"contentUrl\":\"https:\\\/\\\/secure.gravatar.com\\\/avatar\\\/3ea2118a5f7dad2b7138b1187a6b7ee55f160b9968b66013c3a3ef39dd7e5798?s=96&d=mm&r=g\",\"caption\":\"Jeanette\"},\"sameAs\":[\"https:\\\/\\\/www.eldiario.net\\\/portal\"],\"url\":\"https:\\\/\\\/www.eldiario.net\\\/portal\\\/author\\\/jeanette\\\/\"}]}<\/script>\n<!-- \/ Yoast SEO plugin. -->","yoast_head_json":{"title":"Apple confirma su keynote de septiembre con el iPhone 18 Pro y su primer plegable - El Diario - Bolivia","robots":{"index":"index","follow":"follow","max-snippet":"max-snippet:-1","max-image-preview":"max-image-preview:large","max-video-preview":"max-video-preview:-1"},"canonical":"https:\/\/www.eldiario.net\/portal\/2026\/08\/31\/apple-confirma-su-keynote-de-septiembre-con-el-iphone-18-pro-y-su-primer-plegable\/","og_locale":"es_ES","og_type":"article","og_title":"Apple confirma su keynote de septiembre con el iPhone 18 Pro y su primer plegable - El Diario - Bolivia","og_description":"Apple ha puesto fin a la espera: la compa\u00f1\u00eda envi\u00f3 las invitaciones oficiales para su tradicional evento de oto\u00f1o, fijado para el mi\u00e9rcoles 9 de septiembre de 2026. En esta cita se presentar\u00e1 el esperado iPhone 18 Pro, acompa\u00f1ado de manera estelar por el primer iPhone plegable de la historia de la marca. Un cambio [&hellip;]","og_url":"https:\/\/www.eldiario.net\/portal\/2026\/08\/31\/apple-confirma-su-keynote-de-septiembre-con-el-iphone-18-pro-y-su-primer-plegable\/","og_site_name":"El Diario - Bolivia","article_publisher":"https:\/\/www.facebook.com\/eldiario.bolivia\/","article_published_time":"2026-08-31T04:57:32+00:00","og_image":[{"width":739,"height":415,"url":"https:\/\/www.eldiario.net\/portal\/wp-content\/uploads\/2026\/08\/3-B-1.webp","type":"image\/webp"}],"author":"Jeanette","twitter_card":"summary_large_image","twitter_creator":"@eldiario_net","twitter_site":"@eldiario_net","twitter_misc":{"Escrito por":"Jeanette","Tiempo de lectura":"3 minutos"},"schema":{"@context":"https:\/\/schema.org","@graph":[{"@type":"Article","@id":"https:\/\/www.eldiario.net\/portal\/2026\/08\/31\/apple-confirma-su-keynote-de-septiembre-con-el-iphone-18-pro-y-su-primer-plegable\/#article","isPartOf":{"@id":"https:\/\/www.eldiario.net\/portal\/2026\/08\/31\/apple-confirma-su-keynote-de-septiembre-con-el-iphone-18-pro-y-su-primer-plegable\/"},"author":{"name":"Jeanette","@id":"https:\/\/www.eldiario.net\/portal\/#\/schema\/person\/f46445640444750d7d753ccd04ae01b7"},"headline":"Apple confirma su keynote de septiembre con el iPhone 18 Pro y su primer plegable","datePublished":"2026-08-31T04:57:32+00:00","mainEntityOfPage":{"@id":"https:\/\/www.eldiario.net\/portal\/2026\/08\/31\/apple-confirma-su-keynote-de-septiembre-con-el-iphone-18-pro-y-su-primer-plegable\/"},"wordCount":543,"publisher":{"@id":"https:\/\/www.eldiario.net\/portal\/#organization"},"image":{"@id":"https:\/\/www.eldiario.net\/portal\/2026\/08\/31\/apple-confirma-su-keynote-de-septiembre-con-el-iphone-18-pro-y-su-primer-plegable\/#primaryimage"},"thumbnailUrl":"https:\/\/www.eldiario.net\/portal\/wp-content\/uploads\/2026\/08\/3-B-1.webp","articleSection":["Ciencia y Computaci\u00f3n"],"inLanguage":"es"},{"@type":"WebPage","@id":"https:\/\/www.eldiario.net\/portal\/2026\/08\/31\/apple-confirma-su-keynote-de-septiembre-con-el-iphone-18-pro-y-su-primer-plegable\/","url":"https:\/\/www.eldiario.net\/portal\/2026\/08\/31\/apple-confirma-su-keynote-de-septiembre-con-el-iphone-18-pro-y-su-primer-plegable\/","name":"Apple confirma su keynote de septiembre con el iPhone 18 Pro y su primer plegable - El Diario - Bolivia","isPartOf":{"@id":"https:\/\/www.eldiario.net\/portal\/#website"},"primaryImageOfPage":{"@id":"https:\/\/www.eldiario.net\/portal\/2026\/08\/31\/apple-confirma-su-keynote-de-septiembre-con-el-iphone-18-pro-y-su-primer-plegable\/#primaryimage"},"image":{"@id":"https:\/\/www.eldiario.net\/portal\/2026\/08\/31\/apple-confirma-su-keynote-de-septiembre-con-el-iphone-18-pro-y-su-primer-plegable\/#primaryimage"},"thumbnailUrl":"https:\/\/www.eldiario.net\/portal\/wp-content\/uploads\/2026\/08\/3-B-1.webp","datePublished":"2026-08-31T04:57:32+00:00","breadcrumb":{"@id":"https:\/\/www.eldiario.net\/portal\/2026\/08\/31\/apple-confirma-su-keynote-de-septiembre-con-el-iphone-18-pro-y-su-primer-plegable\/#breadcrumb"},"inLanguage":"es","potentialAction":[{"@type":"ReadAction","target":["https:\/\/www.eldiario.net\/portal\/2026\/08\/31\/apple-confirma-su-keynote-de-septiembre-con-el-iphone-18-pro-y-su-primer-plegable\/"]}]},{"@type":"ImageObject","inLanguage":"es","@id":"https:\/\/www.eldiario.net\/portal\/2026\/08\/31\/apple-confirma-su-keynote-de-septiembre-con-el-iphone-18-pro-y-su-primer-plegable\/#primaryimage","url":"https:\/\/www.eldiario.net\/portal\/wp-content\/uploads\/2026\/08\/3-B-1.webp","contentUrl":"https:\/\/www.eldiario.net\/portal\/wp-content\/uploads\/2026\/08\/3-B-1.webp","width":739,"height":415},{"@type":"BreadcrumbList","@id":"https:\/\/www.eldiario.net\/portal\/2026\/08\/31\/apple-confirma-su-keynote-de-septiembre-con-el-iphone-18-pro-y-su-primer-plegable\/#breadcrumb","itemListElement":[{"@type":"ListItem","position":1,"name":"Portada","item":"https:\/\/www.eldiario.net\/portal\/"},{"@type":"ListItem","position":2,"name":"Apple confirma su keynote de septiembre con el iPhone 18 Pro y su primer plegable"}]},{"@type":"WebSite","@id":"https:\/\/www.eldiario.net\/portal\/#website","url":"https:\/\/www.eldiario.net\/portal\/","name":"El Diario - Decano de la prensa nacional","description":"El Diario - Decano de la prensa nacional","publisher":{"@id":"https:\/\/www.eldiario.net\/portal\/#organization"},"potentialAction":[{"@type":"SearchAction","target":{"@type":"EntryPoint","urlTemplate":"https:\/\/www.eldiario.net\/portal\/?s={search_term_string}"},"query-input":{"@type":"PropertyValueSpecification","valueRequired":true,"valueName":"search_term_string"}}],"inLanguage":"es"},{"@type":"Organization","@id":"https:\/\/www.eldiario.net\/portal\/#organization","name":"El Diario - Decano de la prensa nacional","url":"https:\/\/www.eldiario.net\/portal\/","logo":{"@type":"ImageObject","inLanguage":"es","@id":"https:\/\/www.eldiario.net\/portal\/#\/schema\/logo\/image\/","url":"https:\/\/www.eldiario.net\/portal\/wp-content\/uploads\/2023\/07\/logo_ED.jpg","contentUrl":"https:\/\/www.eldiario.net\/portal\/wp-content\/uploads\/2023\/07\/logo_ED.jpg","width":272,"height":52,"caption":"El Diario - Decano de la prensa nacional"},"image":{"@id":"https:\/\/www.eldiario.net\/portal\/#\/schema\/logo\/image\/"},"sameAs":["https:\/\/www.facebook.com\/eldiario.bolivia\/","https:\/\/x.com\/eldiario_net"]},{"@type":"Person","@id":"https:\/\/www.eldiario.net\/portal\/#\/schema\/person\/f46445640444750d7d753ccd04ae01b7","name":"Jeanette","image":{"@type":"ImageObject","inLanguage":"es","@id":"https:\/\/secure.gravatar.com\/avatar\/3ea2118a5f7dad2b7138b1187a6b7ee55f160b9968b66013c3a3ef39dd7e5798?s=96&d=mm&r=g","url":"https:\/\/secure.gravatar.com\/avatar\/3ea2118a5f7dad2b7138b1187a6b7ee55f160b9968b66013c3a3ef39dd7e5798?s=96&d=mm&r=g","contentUrl":"https:\/\/secure.gravatar.com\/avatar\/3ea2118a5f7dad2b7138b1187a6b7ee55f160b9968b66013c3a3ef39dd7e5798?s=96&d=mm&r=g","caption":"Jeanette"},"sameAs":["https:\/\/www.eldiario.net\/portal"],"url":"https:\/\/www.eldiario.net\/portal\/author\/jeanette\/"}]}},"_links":{"self":[{"href":"https:\/\/www.eldiario.net\/portal\/wp-json\/wp\/v2\/posts\/426185","targetHints":{"allow":["GET"]}}],"collection":[{"href":"https:\/\/www.eldiario.net\/portal\/wp-json\/wp\/v2\/posts"}],"about":[{"href":"https:\/\/www.eldiario.net\/portal\/wp-json\/wp\/v2\/types\/post"}],"author":[{"embeddable":true,"href":"https:\/\/www.eldiario.net\/portal\/wp-json\/wp\/v2\/users\/1"}],"replies":[{"embeddable":true,"href":"https:\/\/www.eldiario.net\/portal\/wp-json\/wp\/v2\/comments?post=426185"}],"version-history":[{"count":1,"href":"https:\/\/www.eldiario.net\/portal\/wp-json\/wp\/v2\/posts\/426185\/revisions"}],"predecessor-version":[{"id":426187,"href":"https:\/\/www.eldiario.net\/portal\/wp-json\/wp\/v2\/posts\/426185\/revisions\/426187"}],"wp:featuredmedia":[{"embeddable":true,"href":"https:\/\/www.eldiario.net\/portal\/wp-json\/wp\/v2\/media\/426186"}],"wp:attachment":[{"href":"https:\/\/www.eldiario.net\/portal\/wp-json\/wp\/v2\/media?parent=426185"}],"wp:term":[{"taxonomy":"category","embeddable":true,"href":"https:\/\/www.eldiario.net\/portal\/wp-json\/wp\/v2\/categories?post=426185"},{"taxonomy":"post_tag","embeddable":true,"href":"https:\/\/www.eldiario.net\/portal\/wp-json\/wp\/v2\/tags?post=426185"}],"curies":[{"name":"wp","href":"https:\/\/api.w.org\/{rel}","templated":true}]}}