{"id":426182,"date":"2026-08-31T00:56:31","date_gmt":"2026-08-31T04:56:31","guid":{"rendered":"https:\/\/www.eldiario.net\/portal\/?p=426182"},"modified":"2026-08-30T08:57:03","modified_gmt":"2026-08-30T12:57:03","slug":"asus-celebra-20-anos-de-rog-con-la-portatil-ally-x20","status":"publish","type":"post","link":"https:\/\/www.eldiario.net\/portal\/2026\/08\/31\/asus-celebra-20-anos-de-rog-con-la-portatil-ally-x20\/","title":{"rendered":"Asus celebra 20 a\u00f1os de ROG con la port\u00e1til Ally X20"},"content":{"rendered":"<p>El mercado de consolas port\u00e1tiles para juegos de PC ha evolucionado r\u00e1pidamente desde la llegada de la Steam Deck en 2022. Asus, Lenovo y MSI han contribuido a ampliar un cat\u00e1logo que hoy se encuentra en plena madurez. En este contexto aparece la nueva <strong>ROG Xbox Ally X20<\/strong>, un dispositivo con el que Asus conmemora los 20 a\u00f1os de su divisi\u00f3n Republic of Gamers y que busca llevar la experiencia port\u00e1til a un nivel superior.<\/p>\n<p><strong>Una evoluci\u00f3n conmemorativa<\/strong><\/p>\n<p>La Ally X20 es una versi\u00f3n refinada de la Ally X de 2025, con un dise\u00f1o especial que incluye chasis negro transl\u00facido, detalles dorados y est\u00e9tica conmemorativa. M\u00e1s all\u00e1 de lo visual, el apellido Xbox refleja la colaboraci\u00f3n entre Asus y Microsoft: se trata de un PC port\u00e1til con Windows 11 y acceso directo a la biblioteca de Xbox y Game Pass, adem\u00e1s de compatibilidad con otras tiendas como Battle.net.<\/p>\n<p><strong>Pantalla OLED Nebula HDR<\/strong><\/p>\n<p>El cambio m\u00e1s notable est\u00e1 en la pantalla. La generaci\u00f3n anterior utilizaba un panel IPS de 7 pulgadas, mientras que la X20 crece hasta <strong>7,4 pulgadas<\/strong> y da el salto al <strong>OLED Nebula HDR<\/strong>. Mantiene resoluci\u00f3n 1080p y 120 Hz, pero alcanza <strong>600 nits en SDR<\/strong> y picos de <strong>1.400 nits en HDR<\/strong>, con certificaci\u00f3n <strong>VESA DisplayHDR True Black 1400<\/strong>, soporte para <strong>Dolby Vision<\/strong> y <strong>FreeSync Premium Pro<\/strong> con VRR entre 30 y 120 Hz. Asus asegura que su tratamiento antirreflejos reduce un 65% los reflejos frente a un OLED convencional.<\/p>\n<p><strong>Hardware de gama alta<\/strong><\/p>\n<p>Bajo la pantalla encontramos el mismo <strong>Ryzen AI Z2 Extreme<\/strong> de AMD, con ocho n\u00facleos y 16 hilos, gr\u00e1ficos RDNA 3.5 de 16 unidades de c\u00f3mputo y TDP configurable entre 15 y 35 W. El chip se acompa\u00f1a de <strong>24 GB de memoria LPDDR5X<\/strong>, un <strong>SSD de 1 TB<\/strong> y una <strong>bater\u00eda de 80 Wh<\/strong>, lo que mantiene a la X20 en la gama alta del formato port\u00e1til.<\/p>\n<p><strong>Mejoras en controles y ergonom\u00eda<\/strong><\/p>\n<p>Asus ha redise\u00f1ado los elementos de interacci\u00f3n: nuevos sticks TMR, cruceta con opci\u00f3n de cuatro u ocho direcciones, botones ABXY y gatillos optimizados, adem\u00e1s de agarres traseros m\u00e1s c\u00f3modos. El bot\u00f3n Library desaparece y se introduce el <strong>Action Button<\/strong>, que permite capturar pantalla con una pulsaci\u00f3n o iniciar grabaci\u00f3n al mantenerlo presionado. Tambi\u00e9n se incorpora soporte para <strong>microSD Express<\/strong>, ampliando almacenamiento con tarjetas m\u00e1s r\u00e1pidas.<\/p>\n<p><strong>Sistema de refrigeraci\u00f3n y dimensiones<\/strong><\/p>\n<p>El interior recibe un nuevo sistema de refrigeraci\u00f3n con ventiladores de alto caudal y un recorrido optimizado para dirigir aire al procesador. Sin embargo, estas mejoras implican un ligero aumento de tama\u00f1o y peso: la X20 alcanza <strong>300 mm de ancho y 756 gramos<\/strong>, frente a los 290 mm y 715 gramos de la generaci\u00f3n anterior.<\/p>\n<p><strong>Paquete conmemorativo<\/strong><\/p>\n<p>La celebraci\u00f3n incluye un paquete especial con las <strong>ROG XREAL R1 Edition 20<\/strong>, una funda dbrand Killswitch personalizada, skin frontal, cubiertas para sticks, estuche Pelican y adaptador de 68 W. Las gafas R1 son el accesorio m\u00e1s llamativo: utilizan paneles micro-OLED capaces de proyectar una pantalla virtual equivalente a <strong>171 pulgadas<\/strong> vista desde cuatro metros, con frecuencias de hasta <strong>240 Hz<\/strong> y seguimiento <strong>3DoF<\/strong>. Funcionan conectadas directamente a la Ally mediante USB-C.<\/p>\n<p><strong>Una port\u00e1til que marca tendencia<\/strong><\/p>\n<p>La ROG Xbox Ally X20 representa la apuesta de Asus por consolidar el formato port\u00e1til de alto rendimiento. Con su pantalla OLED, mejoras en controles y accesorios innovadores, la consola busca redefinir la experiencia de juego en movimiento y celebrar dos d\u00e9cadas de ROG con un dispositivo que combina potencia, dise\u00f1o y versatilidad.<\/p>\n<p>&nbsp;<\/p>\n","protected":false},"excerpt":{"rendered":"<p>El mercado de consolas port\u00e1tiles para juegos de PC ha evolucionado r\u00e1pidamente desde la llegada de la Steam Deck en 2022. Asus, Lenovo y MSI han contribuido a ampliar un cat\u00e1logo que hoy se encuentra en plena madurez. En este contexto aparece la nueva ROG Xbox Ally X20, un dispositivo con el que Asus conmemora [&hellip;]<\/p>\n","protected":false},"author":1,"featured_media":426183,"comment_status":"closed","ping_status":"open","sticky":false,"template":"","format":"standard","meta":{"_acf_changed":false,"footnotes":""},"categories":[46],"tags":[],"class_list":["post-426182","post","type-post","status-publish","format-standard","has-post-thumbnail","category-ciencia-computacion"],"acf":{"antetitulo":""},"yoast_head":"<!-- This site is optimized with the Yoast SEO plugin v28.3 - https:\/\/yoast.com\/product\/yoast-seo-wordpress\/ -->\n<title>Asus celebra 20 a\u00f1os de ROG con la port\u00e1til Ally X20 - El Diario - Bolivia<\/title>\n<meta name=\"robots\" content=\"index, follow, max-snippet:-1, max-image-preview:large, max-video-preview:-1\" \/>\n<link rel=\"canonical\" href=\"https:\/\/www.eldiario.net\/portal\/2026\/08\/31\/asus-celebra-20-anos-de-rog-con-la-portatil-ally-x20\/\" \/>\n<meta property=\"og:locale\" content=\"es_ES\" \/>\n<meta property=\"og:type\" content=\"article\" \/>\n<meta property=\"og:title\" content=\"Asus celebra 20 a\u00f1os de ROG con la port\u00e1til Ally X20 - El Diario - Bolivia\" \/>\n<meta property=\"og:description\" content=\"El mercado de consolas port\u00e1tiles para juegos de PC ha evolucionado r\u00e1pidamente desde la llegada de la Steam Deck en 2022. Asus, Lenovo y MSI han contribuido a ampliar un cat\u00e1logo que hoy se encuentra en plena madurez. En este contexto aparece la nueva ROG Xbox Ally X20, un dispositivo con el que Asus conmemora [&hellip;]\" \/>\n<meta property=\"og:url\" content=\"https:\/\/www.eldiario.net\/portal\/2026\/08\/31\/asus-celebra-20-anos-de-rog-con-la-portatil-ally-x20\/\" \/>\n<meta property=\"og:site_name\" content=\"El Diario - Bolivia\" \/>\n<meta property=\"article:publisher\" content=\"https:\/\/www.facebook.com\/eldiario.bolivia\/\" \/>\n<meta property=\"article:published_time\" content=\"2026-08-31T04:56:31+00:00\" \/>\n<meta property=\"og:image\" content=\"https:\/\/www.eldiario.net\/portal\/wp-content\/uploads\/2026\/08\/2-B-1-4.webp\" \/>\n\t<meta property=\"og:image:width\" content=\"649\" \/>\n\t<meta property=\"og:image:height\" content=\"394\" \/>\n\t<meta property=\"og:image:type\" content=\"image\/webp\" \/>\n<meta name=\"author\" content=\"Jeanette\" \/>\n<meta name=\"twitter:card\" content=\"summary_large_image\" \/>\n<meta name=\"twitter:creator\" content=\"@eldiario_net\" \/>\n<meta name=\"twitter:site\" content=\"@eldiario_net\" \/>\n<meta name=\"twitter:label1\" content=\"Escrito por\" \/>\n\t<meta name=\"twitter:data1\" content=\"Jeanette\" \/>\n\t<meta name=\"twitter:label2\" content=\"Tiempo de lectura\" \/>\n\t<meta name=\"twitter:data2\" content=\"3 minutos\" \/>\n<script type=\"application\/ld+json\" class=\"yoast-schema-graph\">{\"@context\":\"https:\\\/\\\/schema.org\",\"@graph\":[{\"@type\":\"Article\",\"@id\":\"https:\\\/\\\/www.eldiario.net\\\/portal\\\/2026\\\/08\\\/31\\\/asus-celebra-20-anos-de-rog-con-la-portatil-ally-x20\\\/#article\",\"isPartOf\":{\"@id\":\"https:\\\/\\\/www.eldiario.net\\\/portal\\\/2026\\\/08\\\/31\\\/asus-celebra-20-anos-de-rog-con-la-portatil-ally-x20\\\/\"},\"author\":{\"name\":\"Jeanette\",\"@id\":\"https:\\\/\\\/www.eldiario.net\\\/portal\\\/#\\\/schema\\\/person\\\/f46445640444750d7d753ccd04ae01b7\"},\"headline\":\"Asus celebra 20 a\u00f1os de ROG con la port\u00e1til Ally X20\",\"datePublished\":\"2026-08-31T04:56:31+00:00\",\"mainEntityOfPage\":{\"@id\":\"https:\\\/\\\/www.eldiario.net\\\/portal\\\/2026\\\/08\\\/31\\\/asus-celebra-20-anos-de-rog-con-la-portatil-ally-x20\\\/\"},\"wordCount\":612,\"publisher\":{\"@id\":\"https:\\\/\\\/www.eldiario.net\\\/portal\\\/#organization\"},\"image\":{\"@id\":\"https:\\\/\\\/www.eldiario.net\\\/portal\\\/2026\\\/08\\\/31\\\/asus-celebra-20-anos-de-rog-con-la-portatil-ally-x20\\\/#primaryimage\"},\"thumbnailUrl\":\"https:\\\/\\\/www.eldiario.net\\\/portal\\\/wp-content\\\/uploads\\\/2026\\\/08\\\/2-B-1-4.webp\",\"articleSection\":[\"Ciencia y Computaci\u00f3n\"],\"inLanguage\":\"es\"},{\"@type\":\"WebPage\",\"@id\":\"https:\\\/\\\/www.eldiario.net\\\/portal\\\/2026\\\/08\\\/31\\\/asus-celebra-20-anos-de-rog-con-la-portatil-ally-x20\\\/\",\"url\":\"https:\\\/\\\/www.eldiario.net\\\/portal\\\/2026\\\/08\\\/31\\\/asus-celebra-20-anos-de-rog-con-la-portatil-ally-x20\\\/\",\"name\":\"Asus celebra 20 a\u00f1os de ROG con la port\u00e1til Ally X20 - El Diario - Bolivia\",\"isPartOf\":{\"@id\":\"https:\\\/\\\/www.eldiario.net\\\/portal\\\/#website\"},\"primaryImageOfPage\":{\"@id\":\"https:\\\/\\\/www.eldiario.net\\\/portal\\\/2026\\\/08\\\/31\\\/asus-celebra-20-anos-de-rog-con-la-portatil-ally-x20\\\/#primaryimage\"},\"image\":{\"@id\":\"https:\\\/\\\/www.eldiario.net\\\/portal\\\/2026\\\/08\\\/31\\\/asus-celebra-20-anos-de-rog-con-la-portatil-ally-x20\\\/#primaryimage\"},\"thumbnailUrl\":\"https:\\\/\\\/www.eldiario.net\\\/portal\\\/wp-content\\\/uploads\\\/2026\\\/08\\\/2-B-1-4.webp\",\"datePublished\":\"2026-08-31T04:56:31+00:00\",\"breadcrumb\":{\"@id\":\"https:\\\/\\\/www.eldiario.net\\\/portal\\\/2026\\\/08\\\/31\\\/asus-celebra-20-anos-de-rog-con-la-portatil-ally-x20\\\/#breadcrumb\"},\"inLanguage\":\"es\",\"potentialAction\":[{\"@type\":\"ReadAction\",\"target\":[\"https:\\\/\\\/www.eldiario.net\\\/portal\\\/2026\\\/08\\\/31\\\/asus-celebra-20-anos-de-rog-con-la-portatil-ally-x20\\\/\"]}]},{\"@type\":\"ImageObject\",\"inLanguage\":\"es\",\"@id\":\"https:\\\/\\\/www.eldiario.net\\\/portal\\\/2026\\\/08\\\/31\\\/asus-celebra-20-anos-de-rog-con-la-portatil-ally-x20\\\/#primaryimage\",\"url\":\"https:\\\/\\\/www.eldiario.net\\\/portal\\\/wp-content\\\/uploads\\\/2026\\\/08\\\/2-B-1-4.webp\",\"contentUrl\":\"https:\\\/\\\/www.eldiario.net\\\/portal\\\/wp-content\\\/uploads\\\/2026\\\/08\\\/2-B-1-4.webp\",\"width\":649,\"height\":394},{\"@type\":\"BreadcrumbList\",\"@id\":\"https:\\\/\\\/www.eldiario.net\\\/portal\\\/2026\\\/08\\\/31\\\/asus-celebra-20-anos-de-rog-con-la-portatil-ally-x20\\\/#breadcrumb\",\"itemListElement\":[{\"@type\":\"ListItem\",\"position\":1,\"name\":\"Portada\",\"item\":\"https:\\\/\\\/www.eldiario.net\\\/portal\\\/\"},{\"@type\":\"ListItem\",\"position\":2,\"name\":\"Asus celebra 20 a\u00f1os de ROG con la port\u00e1til Ally X20\"}]},{\"@type\":\"WebSite\",\"@id\":\"https:\\\/\\\/www.eldiario.net\\\/portal\\\/#website\",\"url\":\"https:\\\/\\\/www.eldiario.net\\\/portal\\\/\",\"name\":\"El Diario - Decano de la prensa nacional\",\"description\":\"El Diario - Decano de la prensa nacional\",\"publisher\":{\"@id\":\"https:\\\/\\\/www.eldiario.net\\\/portal\\\/#organization\"},\"potentialAction\":[{\"@type\":\"SearchAction\",\"target\":{\"@type\":\"EntryPoint\",\"urlTemplate\":\"https:\\\/\\\/www.eldiario.net\\\/portal\\\/?s={search_term_string}\"},\"query-input\":{\"@type\":\"PropertyValueSpecification\",\"valueRequired\":true,\"valueName\":\"search_term_string\"}}],\"inLanguage\":\"es\"},{\"@type\":\"Organization\",\"@id\":\"https:\\\/\\\/www.eldiario.net\\\/portal\\\/#organization\",\"name\":\"El Diario - Decano de la prensa nacional\",\"url\":\"https:\\\/\\\/www.eldiario.net\\\/portal\\\/\",\"logo\":{\"@type\":\"ImageObject\",\"inLanguage\":\"es\",\"@id\":\"https:\\\/\\\/www.eldiario.net\\\/portal\\\/#\\\/schema\\\/logo\\\/image\\\/\",\"url\":\"https:\\\/\\\/www.eldiario.net\\\/portal\\\/wp-content\\\/uploads\\\/2023\\\/07\\\/logo_ED.jpg\",\"contentUrl\":\"https:\\\/\\\/www.eldiario.net\\\/portal\\\/wp-content\\\/uploads\\\/2023\\\/07\\\/logo_ED.jpg\",\"width\":272,\"height\":52,\"caption\":\"El Diario - Decano de la prensa nacional\"},\"image\":{\"@id\":\"https:\\\/\\\/www.eldiario.net\\\/portal\\\/#\\\/schema\\\/logo\\\/image\\\/\"},\"sameAs\":[\"https:\\\/\\\/www.facebook.com\\\/eldiario.bolivia\\\/\",\"https:\\\/\\\/x.com\\\/eldiario_net\"]},{\"@type\":\"Person\",\"@id\":\"https:\\\/\\\/www.eldiario.net\\\/portal\\\/#\\\/schema\\\/person\\\/f46445640444750d7d753ccd04ae01b7\",\"name\":\"Jeanette\",\"image\":{\"@type\":\"ImageObject\",\"inLanguage\":\"es\",\"@id\":\"https:\\\/\\\/secure.gravatar.com\\\/avatar\\\/3ea2118a5f7dad2b7138b1187a6b7ee55f160b9968b66013c3a3ef39dd7e5798?s=96&d=mm&r=g\",\"url\":\"https:\\\/\\\/secure.gravatar.com\\\/avatar\\\/3ea2118a5f7dad2b7138b1187a6b7ee55f160b9968b66013c3a3ef39dd7e5798?s=96&d=mm&r=g\",\"contentUrl\":\"https:\\\/\\\/secure.gravatar.com\\\/avatar\\\/3ea2118a5f7dad2b7138b1187a6b7ee55f160b9968b66013c3a3ef39dd7e5798?s=96&d=mm&r=g\",\"caption\":\"Jeanette\"},\"sameAs\":[\"https:\\\/\\\/www.eldiario.net\\\/portal\"],\"url\":\"https:\\\/\\\/www.eldiario.net\\\/portal\\\/author\\\/jeanette\\\/\"}]}<\/script>\n<!-- \/ Yoast SEO plugin. -->","yoast_head_json":{"title":"Asus celebra 20 a\u00f1os de ROG con la port\u00e1til Ally X20 - El Diario - Bolivia","robots":{"index":"index","follow":"follow","max-snippet":"max-snippet:-1","max-image-preview":"max-image-preview:large","max-video-preview":"max-video-preview:-1"},"canonical":"https:\/\/www.eldiario.net\/portal\/2026\/08\/31\/asus-celebra-20-anos-de-rog-con-la-portatil-ally-x20\/","og_locale":"es_ES","og_type":"article","og_title":"Asus celebra 20 a\u00f1os de ROG con la port\u00e1til Ally X20 - El Diario - Bolivia","og_description":"El mercado de consolas port\u00e1tiles para juegos de PC ha evolucionado r\u00e1pidamente desde la llegada de la Steam Deck en 2022. Asus, Lenovo y MSI han contribuido a ampliar un cat\u00e1logo que hoy se encuentra en plena madurez. En este contexto aparece la nueva ROG Xbox Ally X20, un dispositivo con el que Asus conmemora [&hellip;]","og_url":"https:\/\/www.eldiario.net\/portal\/2026\/08\/31\/asus-celebra-20-anos-de-rog-con-la-portatil-ally-x20\/","og_site_name":"El Diario - Bolivia","article_publisher":"https:\/\/www.facebook.com\/eldiario.bolivia\/","article_published_time":"2026-08-31T04:56:31+00:00","og_image":[{"width":649,"height":394,"url":"https:\/\/www.eldiario.net\/portal\/wp-content\/uploads\/2026\/08\/2-B-1-4.webp","type":"image\/webp"}],"author":"Jeanette","twitter_card":"summary_large_image","twitter_creator":"@eldiario_net","twitter_site":"@eldiario_net","twitter_misc":{"Escrito por":"Jeanette","Tiempo de lectura":"3 minutos"},"schema":{"@context":"https:\/\/schema.org","@graph":[{"@type":"Article","@id":"https:\/\/www.eldiario.net\/portal\/2026\/08\/31\/asus-celebra-20-anos-de-rog-con-la-portatil-ally-x20\/#article","isPartOf":{"@id":"https:\/\/www.eldiario.net\/portal\/2026\/08\/31\/asus-celebra-20-anos-de-rog-con-la-portatil-ally-x20\/"},"author":{"name":"Jeanette","@id":"https:\/\/www.eldiario.net\/portal\/#\/schema\/person\/f46445640444750d7d753ccd04ae01b7"},"headline":"Asus celebra 20 a\u00f1os de ROG con la port\u00e1til Ally X20","datePublished":"2026-08-31T04:56:31+00:00","mainEntityOfPage":{"@id":"https:\/\/www.eldiario.net\/portal\/2026\/08\/31\/asus-celebra-20-anos-de-rog-con-la-portatil-ally-x20\/"},"wordCount":612,"publisher":{"@id":"https:\/\/www.eldiario.net\/portal\/#organization"},"image":{"@id":"https:\/\/www.eldiario.net\/portal\/2026\/08\/31\/asus-celebra-20-anos-de-rog-con-la-portatil-ally-x20\/#primaryimage"},"thumbnailUrl":"https:\/\/www.eldiario.net\/portal\/wp-content\/uploads\/2026\/08\/2-B-1-4.webp","articleSection":["Ciencia y Computaci\u00f3n"],"inLanguage":"es"},{"@type":"WebPage","@id":"https:\/\/www.eldiario.net\/portal\/2026\/08\/31\/asus-celebra-20-anos-de-rog-con-la-portatil-ally-x20\/","url":"https:\/\/www.eldiario.net\/portal\/2026\/08\/31\/asus-celebra-20-anos-de-rog-con-la-portatil-ally-x20\/","name":"Asus celebra 20 a\u00f1os de ROG con la port\u00e1til Ally X20 - El Diario - Bolivia","isPartOf":{"@id":"https:\/\/www.eldiario.net\/portal\/#website"},"primaryImageOfPage":{"@id":"https:\/\/www.eldiario.net\/portal\/2026\/08\/31\/asus-celebra-20-anos-de-rog-con-la-portatil-ally-x20\/#primaryimage"},"image":{"@id":"https:\/\/www.eldiario.net\/portal\/2026\/08\/31\/asus-celebra-20-anos-de-rog-con-la-portatil-ally-x20\/#primaryimage"},"thumbnailUrl":"https:\/\/www.eldiario.net\/portal\/wp-content\/uploads\/2026\/08\/2-B-1-4.webp","datePublished":"2026-08-31T04:56:31+00:00","breadcrumb":{"@id":"https:\/\/www.eldiario.net\/portal\/2026\/08\/31\/asus-celebra-20-anos-de-rog-con-la-portatil-ally-x20\/#breadcrumb"},"inLanguage":"es","potentialAction":[{"@type":"ReadAction","target":["https:\/\/www.eldiario.net\/portal\/2026\/08\/31\/asus-celebra-20-anos-de-rog-con-la-portatil-ally-x20\/"]}]},{"@type":"ImageObject","inLanguage":"es","@id":"https:\/\/www.eldiario.net\/portal\/2026\/08\/31\/asus-celebra-20-anos-de-rog-con-la-portatil-ally-x20\/#primaryimage","url":"https:\/\/www.eldiario.net\/portal\/wp-content\/uploads\/2026\/08\/2-B-1-4.webp","contentUrl":"https:\/\/www.eldiario.net\/portal\/wp-content\/uploads\/2026\/08\/2-B-1-4.webp","width":649,"height":394},{"@type":"BreadcrumbList","@id":"https:\/\/www.eldiario.net\/portal\/2026\/08\/31\/asus-celebra-20-anos-de-rog-con-la-portatil-ally-x20\/#breadcrumb","itemListElement":[{"@type":"ListItem","position":1,"name":"Portada","item":"https:\/\/www.eldiario.net\/portal\/"},{"@type":"ListItem","position":2,"name":"Asus celebra 20 a\u00f1os de ROG con la port\u00e1til Ally X20"}]},{"@type":"WebSite","@id":"https:\/\/www.eldiario.net\/portal\/#website","url":"https:\/\/www.eldiario.net\/portal\/","name":"El Diario - Decano de la prensa nacional","description":"El Diario - Decano de la prensa nacional","publisher":{"@id":"https:\/\/www.eldiario.net\/portal\/#organization"},"potentialAction":[{"@type":"SearchAction","target":{"@type":"EntryPoint","urlTemplate":"https:\/\/www.eldiario.net\/portal\/?s={search_term_string}"},"query-input":{"@type":"PropertyValueSpecification","valueRequired":true,"valueName":"search_term_string"}}],"inLanguage":"es"},{"@type":"Organization","@id":"https:\/\/www.eldiario.net\/portal\/#organization","name":"El Diario - Decano de la prensa nacional","url":"https:\/\/www.eldiario.net\/portal\/","logo":{"@type":"ImageObject","inLanguage":"es","@id":"https:\/\/www.eldiario.net\/portal\/#\/schema\/logo\/image\/","url":"https:\/\/www.eldiario.net\/portal\/wp-content\/uploads\/2023\/07\/logo_ED.jpg","contentUrl":"https:\/\/www.eldiario.net\/portal\/wp-content\/uploads\/2023\/07\/logo_ED.jpg","width":272,"height":52,"caption":"El Diario - Decano de la prensa nacional"},"image":{"@id":"https:\/\/www.eldiario.net\/portal\/#\/schema\/logo\/image\/"},"sameAs":["https:\/\/www.facebook.com\/eldiario.bolivia\/","https:\/\/x.com\/eldiario_net"]},{"@type":"Person","@id":"https:\/\/www.eldiario.net\/portal\/#\/schema\/person\/f46445640444750d7d753ccd04ae01b7","name":"Jeanette","image":{"@type":"ImageObject","inLanguage":"es","@id":"https:\/\/secure.gravatar.com\/avatar\/3ea2118a5f7dad2b7138b1187a6b7ee55f160b9968b66013c3a3ef39dd7e5798?s=96&d=mm&r=g","url":"https:\/\/secure.gravatar.com\/avatar\/3ea2118a5f7dad2b7138b1187a6b7ee55f160b9968b66013c3a3ef39dd7e5798?s=96&d=mm&r=g","contentUrl":"https:\/\/secure.gravatar.com\/avatar\/3ea2118a5f7dad2b7138b1187a6b7ee55f160b9968b66013c3a3ef39dd7e5798?s=96&d=mm&r=g","caption":"Jeanette"},"sameAs":["https:\/\/www.eldiario.net\/portal"],"url":"https:\/\/www.eldiario.net\/portal\/author\/jeanette\/"}]}},"_links":{"self":[{"href":"https:\/\/www.eldiario.net\/portal\/wp-json\/wp\/v2\/posts\/426182","targetHints":{"allow":["GET"]}}],"collection":[{"href":"https:\/\/www.eldiario.net\/portal\/wp-json\/wp\/v2\/posts"}],"about":[{"href":"https:\/\/www.eldiario.net\/portal\/wp-json\/wp\/v2\/types\/post"}],"author":[{"embeddable":true,"href":"https:\/\/www.eldiario.net\/portal\/wp-json\/wp\/v2\/users\/1"}],"replies":[{"embeddable":true,"href":"https:\/\/www.eldiario.net\/portal\/wp-json\/wp\/v2\/comments?post=426182"}],"version-history":[{"count":1,"href":"https:\/\/www.eldiario.net\/portal\/wp-json\/wp\/v2\/posts\/426182\/revisions"}],"predecessor-version":[{"id":426184,"href":"https:\/\/www.eldiario.net\/portal\/wp-json\/wp\/v2\/posts\/426182\/revisions\/426184"}],"wp:featuredmedia":[{"embeddable":true,"href":"https:\/\/www.eldiario.net\/portal\/wp-json\/wp\/v2\/media\/426183"}],"wp:attachment":[{"href":"https:\/\/www.eldiario.net\/portal\/wp-json\/wp\/v2\/media?parent=426182"}],"wp:term":[{"taxonomy":"category","embeddable":true,"href":"https:\/\/www.eldiario.net\/portal\/wp-json\/wp\/v2\/categories?post=426182"},{"taxonomy":"post_tag","embeddable":true,"href":"https:\/\/www.eldiario.net\/portal\/wp-json\/wp\/v2\/tags?post=426182"}],"curies":[{"name":"wp","href":"https:\/\/api.w.org\/{rel}","templated":true}]}}