{"id":426173,"date":"2026-08-31T00:53:42","date_gmt":"2026-08-31T04:53:42","guid":{"rendered":"https:\/\/www.eldiario.net\/portal\/?p=426173"},"modified":"2026-08-30T08:54:17","modified_gmt":"2026-08-30T12:54:17","slug":"huawei-presenta-el-primer-movil-pasaporte-no-plegable","status":"publish","type":"post","link":"https:\/\/www.eldiario.net\/portal\/2026\/08\/31\/huawei-presenta-el-primer-movil-pasaporte-no-plegable\/","title":{"rendered":"Huawei presenta el primer m\u00f3vil \u201cpasaporte\u201d no plegable"},"content":{"rendered":"<p>Huawei sorprendi\u00f3 al mercado con el lanzamiento del <strong>Pura X View<\/strong>, un smartphone que rompe con los formatos habituales al incorporar una pantalla ancha con relaci\u00f3n de aspecto <strong>16:9.5<\/strong>, bater\u00eda de <strong>7.000 mAh<\/strong> y el estreno de <strong>HarmonyOS 7<\/strong>.<\/p>\n<p><strong>Un formato distinto en un m\u00f3vil convencional<\/strong><\/p>\n<p>Durante la \u00faltima d\u00e9cada, los tel\u00e9fonos se han estirado hacia proporciones 19:9 o 20:9 para favorecer el scroll vertical. Huawei ya hab\u00eda explorado el formato \u201cpasaporte\u201d en sus plegables Pura X y Pura X Max, pero ahora traslada esa filosof\u00eda a un dispositivo sin bisagras. El resultado es un m\u00f3vil m\u00e1s cuadrado y c\u00f3modo para tareas como leer, ver videos o trabajar en documentos.<\/p>\n<p>Este movimiento podr\u00eda marcar el inicio de una tendencia, especialmente tras la adopci\u00f3n de un dise\u00f1o similar en el Galaxy Z Fold8 de Samsung.<\/p>\n<p><strong>Pantalla OLED con marcos m\u00ednimos<\/strong><\/p>\n<p>El Pura X View integra un panel <strong>OLED de 6,39 pulgadas<\/strong> con resoluci\u00f3n de <strong>2.232 x 1.320 p\u00edxeles<\/strong>, frecuencia PWM de <strong>2.160 Hz<\/strong> y un brillo m\u00e1ximo de <strong>6.500 nits<\/strong>. Huawei redujo los bordes a solo <strong>1,05 mil\u00edmetros<\/strong>, logrando un ratio pantalla-frontal del <strong>96,1%<\/strong>.<\/p>\n<p>Seg\u00fan Richard Yu, presidente de la divisi\u00f3n de consumo de Huawei, este formato ofrece un \u00e1rea de visualizaci\u00f3n de <strong>114,27 cm\u00b2<\/strong>, superior a la de muchos tel\u00e9fonos con pantallas cercanas a las 6,9 pulgadas. La compa\u00f1\u00eda asegura que el dise\u00f1o es ideal para consumir contenido multimedia, jugar y realizar tareas ofim\u00e1ticas, con una experiencia cercana a la de una peque\u00f1a tablet.<\/p>\n<p>En la parte trasera, el dispositivo hereda el m\u00f3dulo de c\u00e1maras del Pura X Max, reforzando su identidad de familia. Pese a su bater\u00eda de gran capacidad, mantiene un peso de <strong>201 gramos<\/strong> y un grosor de <strong>6,68 mm<\/strong>, lo que lo convierte en un equipo relativamente ligero y delgado.<\/p>\n<p><strong>Autonom\u00eda y software<\/strong><\/p>\n<p>Uno de los aspectos m\u00e1s destacados es su bater\u00eda de <strong>7.000 mAh<\/strong>, probablemente basada en tecnolog\u00edas de \u00e1nodo de silicio o silicio-carbono, que permiten mayor densidad energ\u00e9tica. Esta cifra promete una autonom\u00eda superior a la media del mercado.<\/p>\n<p>El Pura X View tambi\u00e9n es el primer dispositivo en debutar con <strong>HarmonyOS 7<\/strong>, la nueva versi\u00f3n del sistema operativo de Huawei. Aunque inicialmente estaba previsto para los Mate 90, la compa\u00f1\u00eda decidi\u00f3 estrenarlo en este modelo, reforzando su car\u00e1cter innovador.<\/p>\n<p><strong>Disponibilidad<\/strong><\/p>\n<p>Las reservas del Pura X View ya comenzaron en la tienda online de Huawei. Su llegada a tiendas f\u00edsicas est\u00e1 programada para el <strong>28 de agosto de 2026<\/strong>, aunque la disponibilidad inicial estar\u00e1 limitada a China.<\/p>\n<p><strong>Un paso hacia nuevos formatos<\/strong><\/p>\n<p>Con este lanzamiento, Huawei abre la puerta a un nuevo tipo de smartphone que combina la practicidad de un dise\u00f1o m\u00e1s cuadrado con la potencia de una bater\u00eda de gran capacidad y un sistema operativo renovado. El Pura X View se posiciona como un experimento ambicioso que podr\u00eda redefinir la manera en que usamos los m\u00f3viles convencionales.<\/p>\n","protected":false},"excerpt":{"rendered":"<p>Huawei sorprendi\u00f3 al mercado con el lanzamiento del Pura X View, un smartphone que rompe con los formatos habituales al incorporar una pantalla ancha con relaci\u00f3n de aspecto 16:9.5, bater\u00eda de 7.000 mAh y el estreno de HarmonyOS 7. Un formato distinto en un m\u00f3vil convencional Durante la \u00faltima d\u00e9cada, los tel\u00e9fonos se han estirado [&hellip;]<\/p>\n","protected":false},"author":1,"featured_media":426174,"comment_status":"closed","ping_status":"open","sticky":false,"template":"","format":"standard","meta":{"_acf_changed":false,"footnotes":""},"categories":[46],"tags":[],"class_list":["post-426173","post","type-post","status-publish","format-standard","has-post-thumbnail","category-ciencia-computacion"],"acf":{"antetitulo":""},"yoast_head":"<!-- This site is optimized with the Yoast SEO plugin v28.3 - https:\/\/yoast.com\/product\/yoast-seo-wordpress\/ -->\n<title>Huawei presenta el primer m\u00f3vil \u201cpasaporte\u201d no plegable - El Diario - Bolivia<\/title>\n<meta name=\"robots\" content=\"index, follow, max-snippet:-1, max-image-preview:large, max-video-preview:-1\" \/>\n<link rel=\"canonical\" href=\"https:\/\/www.eldiario.net\/portal\/2026\/08\/31\/huawei-presenta-el-primer-movil-pasaporte-no-plegable\/\" \/>\n<meta property=\"og:locale\" content=\"es_ES\" \/>\n<meta property=\"og:type\" content=\"article\" \/>\n<meta property=\"og:title\" content=\"Huawei presenta el primer m\u00f3vil \u201cpasaporte\u201d no plegable - El Diario - Bolivia\" \/>\n<meta property=\"og:description\" content=\"Huawei sorprendi\u00f3 al mercado con el lanzamiento del Pura X View, un smartphone que rompe con los formatos habituales al incorporar una pantalla ancha con relaci\u00f3n de aspecto 16:9.5, bater\u00eda de 7.000 mAh y el estreno de HarmonyOS 7. Un formato distinto en un m\u00f3vil convencional Durante la \u00faltima d\u00e9cada, los tel\u00e9fonos se han estirado [&hellip;]\" \/>\n<meta property=\"og:url\" content=\"https:\/\/www.eldiario.net\/portal\/2026\/08\/31\/huawei-presenta-el-primer-movil-pasaporte-no-plegable\/\" \/>\n<meta property=\"og:site_name\" content=\"El Diario - Bolivia\" \/>\n<meta property=\"article:publisher\" content=\"https:\/\/www.facebook.com\/eldiario.bolivia\/\" \/>\n<meta property=\"article:published_time\" content=\"2026-08-31T04:53:42+00:00\" \/>\n<meta property=\"og:image\" content=\"https:\/\/www.eldiario.net\/portal\/wp-content\/uploads\/2026\/08\/2-A.webp\" \/>\n\t<meta property=\"og:image:width\" content=\"976\" \/>\n\t<meta property=\"og:image:height\" content=\"398\" \/>\n\t<meta property=\"og:image:type\" content=\"image\/webp\" \/>\n<meta name=\"author\" content=\"Jeanette\" \/>\n<meta name=\"twitter:card\" content=\"summary_large_image\" \/>\n<meta name=\"twitter:creator\" content=\"@eldiario_net\" \/>\n<meta name=\"twitter:site\" content=\"@eldiario_net\" \/>\n<meta name=\"twitter:label1\" content=\"Escrito por\" \/>\n\t<meta name=\"twitter:data1\" content=\"Jeanette\" \/>\n\t<meta name=\"twitter:label2\" content=\"Tiempo de lectura\" \/>\n\t<meta name=\"twitter:data2\" content=\"3 minutos\" \/>\n<script type=\"application\/ld+json\" class=\"yoast-schema-graph\">{\"@context\":\"https:\\\/\\\/schema.org\",\"@graph\":[{\"@type\":\"Article\",\"@id\":\"https:\\\/\\\/www.eldiario.net\\\/portal\\\/2026\\\/08\\\/31\\\/huawei-presenta-el-primer-movil-pasaporte-no-plegable\\\/#article\",\"isPartOf\":{\"@id\":\"https:\\\/\\\/www.eldiario.net\\\/portal\\\/2026\\\/08\\\/31\\\/huawei-presenta-el-primer-movil-pasaporte-no-plegable\\\/\"},\"author\":{\"name\":\"Jeanette\",\"@id\":\"https:\\\/\\\/www.eldiario.net\\\/portal\\\/#\\\/schema\\\/person\\\/f46445640444750d7d753ccd04ae01b7\"},\"headline\":\"Huawei presenta el primer m\u00f3vil \u201cpasaporte\u201d no plegable\",\"datePublished\":\"2026-08-31T04:53:42+00:00\",\"mainEntityOfPage\":{\"@id\":\"https:\\\/\\\/www.eldiario.net\\\/portal\\\/2026\\\/08\\\/31\\\/huawei-presenta-el-primer-movil-pasaporte-no-plegable\\\/\"},\"wordCount\":508,\"publisher\":{\"@id\":\"https:\\\/\\\/www.eldiario.net\\\/portal\\\/#organization\"},\"image\":{\"@id\":\"https:\\\/\\\/www.eldiario.net\\\/portal\\\/2026\\\/08\\\/31\\\/huawei-presenta-el-primer-movil-pasaporte-no-plegable\\\/#primaryimage\"},\"thumbnailUrl\":\"https:\\\/\\\/www.eldiario.net\\\/portal\\\/wp-content\\\/uploads\\\/2026\\\/08\\\/2-A.webp\",\"articleSection\":[\"Ciencia y Computaci\u00f3n\"],\"inLanguage\":\"es\"},{\"@type\":\"WebPage\",\"@id\":\"https:\\\/\\\/www.eldiario.net\\\/portal\\\/2026\\\/08\\\/31\\\/huawei-presenta-el-primer-movil-pasaporte-no-plegable\\\/\",\"url\":\"https:\\\/\\\/www.eldiario.net\\\/portal\\\/2026\\\/08\\\/31\\\/huawei-presenta-el-primer-movil-pasaporte-no-plegable\\\/\",\"name\":\"Huawei presenta el primer m\u00f3vil \u201cpasaporte\u201d no plegable - El Diario - Bolivia\",\"isPartOf\":{\"@id\":\"https:\\\/\\\/www.eldiario.net\\\/portal\\\/#website\"},\"primaryImageOfPage\":{\"@id\":\"https:\\\/\\\/www.eldiario.net\\\/portal\\\/2026\\\/08\\\/31\\\/huawei-presenta-el-primer-movil-pasaporte-no-plegable\\\/#primaryimage\"},\"image\":{\"@id\":\"https:\\\/\\\/www.eldiario.net\\\/portal\\\/2026\\\/08\\\/31\\\/huawei-presenta-el-primer-movil-pasaporte-no-plegable\\\/#primaryimage\"},\"thumbnailUrl\":\"https:\\\/\\\/www.eldiario.net\\\/portal\\\/wp-content\\\/uploads\\\/2026\\\/08\\\/2-A.webp\",\"datePublished\":\"2026-08-31T04:53:42+00:00\",\"breadcrumb\":{\"@id\":\"https:\\\/\\\/www.eldiario.net\\\/portal\\\/2026\\\/08\\\/31\\\/huawei-presenta-el-primer-movil-pasaporte-no-plegable\\\/#breadcrumb\"},\"inLanguage\":\"es\",\"potentialAction\":[{\"@type\":\"ReadAction\",\"target\":[\"https:\\\/\\\/www.eldiario.net\\\/portal\\\/2026\\\/08\\\/31\\\/huawei-presenta-el-primer-movil-pasaporte-no-plegable\\\/\"]}]},{\"@type\":\"ImageObject\",\"inLanguage\":\"es\",\"@id\":\"https:\\\/\\\/www.eldiario.net\\\/portal\\\/2026\\\/08\\\/31\\\/huawei-presenta-el-primer-movil-pasaporte-no-plegable\\\/#primaryimage\",\"url\":\"https:\\\/\\\/www.eldiario.net\\\/portal\\\/wp-content\\\/uploads\\\/2026\\\/08\\\/2-A.webp\",\"contentUrl\":\"https:\\\/\\\/www.eldiario.net\\\/portal\\\/wp-content\\\/uploads\\\/2026\\\/08\\\/2-A.webp\",\"width\":976,\"height\":398},{\"@type\":\"BreadcrumbList\",\"@id\":\"https:\\\/\\\/www.eldiario.net\\\/portal\\\/2026\\\/08\\\/31\\\/huawei-presenta-el-primer-movil-pasaporte-no-plegable\\\/#breadcrumb\",\"itemListElement\":[{\"@type\":\"ListItem\",\"position\":1,\"name\":\"Portada\",\"item\":\"https:\\\/\\\/www.eldiario.net\\\/portal\\\/\"},{\"@type\":\"ListItem\",\"position\":2,\"name\":\"Huawei presenta el primer m\u00f3vil \u201cpasaporte\u201d no plegable\"}]},{\"@type\":\"WebSite\",\"@id\":\"https:\\\/\\\/www.eldiario.net\\\/portal\\\/#website\",\"url\":\"https:\\\/\\\/www.eldiario.net\\\/portal\\\/\",\"name\":\"El Diario - Decano de la prensa nacional\",\"description\":\"El Diario - Decano de la prensa nacional\",\"publisher\":{\"@id\":\"https:\\\/\\\/www.eldiario.net\\\/portal\\\/#organization\"},\"potentialAction\":[{\"@type\":\"SearchAction\",\"target\":{\"@type\":\"EntryPoint\",\"urlTemplate\":\"https:\\\/\\\/www.eldiario.net\\\/portal\\\/?s={search_term_string}\"},\"query-input\":{\"@type\":\"PropertyValueSpecification\",\"valueRequired\":true,\"valueName\":\"search_term_string\"}}],\"inLanguage\":\"es\"},{\"@type\":\"Organization\",\"@id\":\"https:\\\/\\\/www.eldiario.net\\\/portal\\\/#organization\",\"name\":\"El Diario - Decano de la prensa nacional\",\"url\":\"https:\\\/\\\/www.eldiario.net\\\/portal\\\/\",\"logo\":{\"@type\":\"ImageObject\",\"inLanguage\":\"es\",\"@id\":\"https:\\\/\\\/www.eldiario.net\\\/portal\\\/#\\\/schema\\\/logo\\\/image\\\/\",\"url\":\"https:\\\/\\\/www.eldiario.net\\\/portal\\\/wp-content\\\/uploads\\\/2023\\\/07\\\/logo_ED.jpg\",\"contentUrl\":\"https:\\\/\\\/www.eldiario.net\\\/portal\\\/wp-content\\\/uploads\\\/2023\\\/07\\\/logo_ED.jpg\",\"width\":272,\"height\":52,\"caption\":\"El Diario - Decano de la prensa nacional\"},\"image\":{\"@id\":\"https:\\\/\\\/www.eldiario.net\\\/portal\\\/#\\\/schema\\\/logo\\\/image\\\/\"},\"sameAs\":[\"https:\\\/\\\/www.facebook.com\\\/eldiario.bolivia\\\/\",\"https:\\\/\\\/x.com\\\/eldiario_net\"]},{\"@type\":\"Person\",\"@id\":\"https:\\\/\\\/www.eldiario.net\\\/portal\\\/#\\\/schema\\\/person\\\/f46445640444750d7d753ccd04ae01b7\",\"name\":\"Jeanette\",\"image\":{\"@type\":\"ImageObject\",\"inLanguage\":\"es\",\"@id\":\"https:\\\/\\\/secure.gravatar.com\\\/avatar\\\/3ea2118a5f7dad2b7138b1187a6b7ee55f160b9968b66013c3a3ef39dd7e5798?s=96&d=mm&r=g\",\"url\":\"https:\\\/\\\/secure.gravatar.com\\\/avatar\\\/3ea2118a5f7dad2b7138b1187a6b7ee55f160b9968b66013c3a3ef39dd7e5798?s=96&d=mm&r=g\",\"contentUrl\":\"https:\\\/\\\/secure.gravatar.com\\\/avatar\\\/3ea2118a5f7dad2b7138b1187a6b7ee55f160b9968b66013c3a3ef39dd7e5798?s=96&d=mm&r=g\",\"caption\":\"Jeanette\"},\"sameAs\":[\"https:\\\/\\\/www.eldiario.net\\\/portal\"],\"url\":\"https:\\\/\\\/www.eldiario.net\\\/portal\\\/author\\\/jeanette\\\/\"}]}<\/script>\n<!-- \/ Yoast SEO plugin. -->","yoast_head_json":{"title":"Huawei presenta el primer m\u00f3vil \u201cpasaporte\u201d no plegable - El Diario - Bolivia","robots":{"index":"index","follow":"follow","max-snippet":"max-snippet:-1","max-image-preview":"max-image-preview:large","max-video-preview":"max-video-preview:-1"},"canonical":"https:\/\/www.eldiario.net\/portal\/2026\/08\/31\/huawei-presenta-el-primer-movil-pasaporte-no-plegable\/","og_locale":"es_ES","og_type":"article","og_title":"Huawei presenta el primer m\u00f3vil \u201cpasaporte\u201d no plegable - El Diario - Bolivia","og_description":"Huawei sorprendi\u00f3 al mercado con el lanzamiento del Pura X View, un smartphone que rompe con los formatos habituales al incorporar una pantalla ancha con relaci\u00f3n de aspecto 16:9.5, bater\u00eda de 7.000 mAh y el estreno de HarmonyOS 7. Un formato distinto en un m\u00f3vil convencional Durante la \u00faltima d\u00e9cada, los tel\u00e9fonos se han estirado [&hellip;]","og_url":"https:\/\/www.eldiario.net\/portal\/2026\/08\/31\/huawei-presenta-el-primer-movil-pasaporte-no-plegable\/","og_site_name":"El Diario - Bolivia","article_publisher":"https:\/\/www.facebook.com\/eldiario.bolivia\/","article_published_time":"2026-08-31T04:53:42+00:00","og_image":[{"width":976,"height":398,"url":"https:\/\/www.eldiario.net\/portal\/wp-content\/uploads\/2026\/08\/2-A.webp","type":"image\/webp"}],"author":"Jeanette","twitter_card":"summary_large_image","twitter_creator":"@eldiario_net","twitter_site":"@eldiario_net","twitter_misc":{"Escrito por":"Jeanette","Tiempo de lectura":"3 minutos"},"schema":{"@context":"https:\/\/schema.org","@graph":[{"@type":"Article","@id":"https:\/\/www.eldiario.net\/portal\/2026\/08\/31\/huawei-presenta-el-primer-movil-pasaporte-no-plegable\/#article","isPartOf":{"@id":"https:\/\/www.eldiario.net\/portal\/2026\/08\/31\/huawei-presenta-el-primer-movil-pasaporte-no-plegable\/"},"author":{"name":"Jeanette","@id":"https:\/\/www.eldiario.net\/portal\/#\/schema\/person\/f46445640444750d7d753ccd04ae01b7"},"headline":"Huawei presenta el primer m\u00f3vil \u201cpasaporte\u201d no plegable","datePublished":"2026-08-31T04:53:42+00:00","mainEntityOfPage":{"@id":"https:\/\/www.eldiario.net\/portal\/2026\/08\/31\/huawei-presenta-el-primer-movil-pasaporte-no-plegable\/"},"wordCount":508,"publisher":{"@id":"https:\/\/www.eldiario.net\/portal\/#organization"},"image":{"@id":"https:\/\/www.eldiario.net\/portal\/2026\/08\/31\/huawei-presenta-el-primer-movil-pasaporte-no-plegable\/#primaryimage"},"thumbnailUrl":"https:\/\/www.eldiario.net\/portal\/wp-content\/uploads\/2026\/08\/2-A.webp","articleSection":["Ciencia y Computaci\u00f3n"],"inLanguage":"es"},{"@type":"WebPage","@id":"https:\/\/www.eldiario.net\/portal\/2026\/08\/31\/huawei-presenta-el-primer-movil-pasaporte-no-plegable\/","url":"https:\/\/www.eldiario.net\/portal\/2026\/08\/31\/huawei-presenta-el-primer-movil-pasaporte-no-plegable\/","name":"Huawei presenta el primer m\u00f3vil \u201cpasaporte\u201d no plegable - El Diario - Bolivia","isPartOf":{"@id":"https:\/\/www.eldiario.net\/portal\/#website"},"primaryImageOfPage":{"@id":"https:\/\/www.eldiario.net\/portal\/2026\/08\/31\/huawei-presenta-el-primer-movil-pasaporte-no-plegable\/#primaryimage"},"image":{"@id":"https:\/\/www.eldiario.net\/portal\/2026\/08\/31\/huawei-presenta-el-primer-movil-pasaporte-no-plegable\/#primaryimage"},"thumbnailUrl":"https:\/\/www.eldiario.net\/portal\/wp-content\/uploads\/2026\/08\/2-A.webp","datePublished":"2026-08-31T04:53:42+00:00","breadcrumb":{"@id":"https:\/\/www.eldiario.net\/portal\/2026\/08\/31\/huawei-presenta-el-primer-movil-pasaporte-no-plegable\/#breadcrumb"},"inLanguage":"es","potentialAction":[{"@type":"ReadAction","target":["https:\/\/www.eldiario.net\/portal\/2026\/08\/31\/huawei-presenta-el-primer-movil-pasaporte-no-plegable\/"]}]},{"@type":"ImageObject","inLanguage":"es","@id":"https:\/\/www.eldiario.net\/portal\/2026\/08\/31\/huawei-presenta-el-primer-movil-pasaporte-no-plegable\/#primaryimage","url":"https:\/\/www.eldiario.net\/portal\/wp-content\/uploads\/2026\/08\/2-A.webp","contentUrl":"https:\/\/www.eldiario.net\/portal\/wp-content\/uploads\/2026\/08\/2-A.webp","width":976,"height":398},{"@type":"BreadcrumbList","@id":"https:\/\/www.eldiario.net\/portal\/2026\/08\/31\/huawei-presenta-el-primer-movil-pasaporte-no-plegable\/#breadcrumb","itemListElement":[{"@type":"ListItem","position":1,"name":"Portada","item":"https:\/\/www.eldiario.net\/portal\/"},{"@type":"ListItem","position":2,"name":"Huawei presenta el primer m\u00f3vil \u201cpasaporte\u201d no plegable"}]},{"@type":"WebSite","@id":"https:\/\/www.eldiario.net\/portal\/#website","url":"https:\/\/www.eldiario.net\/portal\/","name":"El Diario - Decano de la prensa nacional","description":"El Diario - Decano de la prensa nacional","publisher":{"@id":"https:\/\/www.eldiario.net\/portal\/#organization"},"potentialAction":[{"@type":"SearchAction","target":{"@type":"EntryPoint","urlTemplate":"https:\/\/www.eldiario.net\/portal\/?s={search_term_string}"},"query-input":{"@type":"PropertyValueSpecification","valueRequired":true,"valueName":"search_term_string"}}],"inLanguage":"es"},{"@type":"Organization","@id":"https:\/\/www.eldiario.net\/portal\/#organization","name":"El Diario - Decano de la prensa nacional","url":"https:\/\/www.eldiario.net\/portal\/","logo":{"@type":"ImageObject","inLanguage":"es","@id":"https:\/\/www.eldiario.net\/portal\/#\/schema\/logo\/image\/","url":"https:\/\/www.eldiario.net\/portal\/wp-content\/uploads\/2023\/07\/logo_ED.jpg","contentUrl":"https:\/\/www.eldiario.net\/portal\/wp-content\/uploads\/2023\/07\/logo_ED.jpg","width":272,"height":52,"caption":"El Diario - Decano de la prensa nacional"},"image":{"@id":"https:\/\/www.eldiario.net\/portal\/#\/schema\/logo\/image\/"},"sameAs":["https:\/\/www.facebook.com\/eldiario.bolivia\/","https:\/\/x.com\/eldiario_net"]},{"@type":"Person","@id":"https:\/\/www.eldiario.net\/portal\/#\/schema\/person\/f46445640444750d7d753ccd04ae01b7","name":"Jeanette","image":{"@type":"ImageObject","inLanguage":"es","@id":"https:\/\/secure.gravatar.com\/avatar\/3ea2118a5f7dad2b7138b1187a6b7ee55f160b9968b66013c3a3ef39dd7e5798?s=96&d=mm&r=g","url":"https:\/\/secure.gravatar.com\/avatar\/3ea2118a5f7dad2b7138b1187a6b7ee55f160b9968b66013c3a3ef39dd7e5798?s=96&d=mm&r=g","contentUrl":"https:\/\/secure.gravatar.com\/avatar\/3ea2118a5f7dad2b7138b1187a6b7ee55f160b9968b66013c3a3ef39dd7e5798?s=96&d=mm&r=g","caption":"Jeanette"},"sameAs":["https:\/\/www.eldiario.net\/portal"],"url":"https:\/\/www.eldiario.net\/portal\/author\/jeanette\/"}]}},"_links":{"self":[{"href":"https:\/\/www.eldiario.net\/portal\/wp-json\/wp\/v2\/posts\/426173","targetHints":{"allow":["GET"]}}],"collection":[{"href":"https:\/\/www.eldiario.net\/portal\/wp-json\/wp\/v2\/posts"}],"about":[{"href":"https:\/\/www.eldiario.net\/portal\/wp-json\/wp\/v2\/types\/post"}],"author":[{"embeddable":true,"href":"https:\/\/www.eldiario.net\/portal\/wp-json\/wp\/v2\/users\/1"}],"replies":[{"embeddable":true,"href":"https:\/\/www.eldiario.net\/portal\/wp-json\/wp\/v2\/comments?post=426173"}],"version-history":[{"count":1,"href":"https:\/\/www.eldiario.net\/portal\/wp-json\/wp\/v2\/posts\/426173\/revisions"}],"predecessor-version":[{"id":426175,"href":"https:\/\/www.eldiario.net\/portal\/wp-json\/wp\/v2\/posts\/426173\/revisions\/426175"}],"wp:featuredmedia":[{"embeddable":true,"href":"https:\/\/www.eldiario.net\/portal\/wp-json\/wp\/v2\/media\/426174"}],"wp:attachment":[{"href":"https:\/\/www.eldiario.net\/portal\/wp-json\/wp\/v2\/media?parent=426173"}],"wp:term":[{"taxonomy":"category","embeddable":true,"href":"https:\/\/www.eldiario.net\/portal\/wp-json\/wp\/v2\/categories?post=426173"},{"taxonomy":"post_tag","embeddable":true,"href":"https:\/\/www.eldiario.net\/portal\/wp-json\/wp\/v2\/tags?post=426173"}],"curies":[{"name":"wp","href":"https:\/\/api.w.org\/{rel}","templated":true}]}}