{"id":426170,"date":"2026-08-31T00:52:25","date_gmt":"2026-08-31T04:52:25","guid":{"rendered":"https:\/\/www.eldiario.net\/portal\/?p=426170"},"modified":"2026-08-30T08:53:23","modified_gmt":"2026-08-30T12:53:23","slug":"la-mejor-hora-para-publicar-en-redes-sociales","status":"publish","type":"post","link":"https:\/\/www.eldiario.net\/portal\/2026\/08\/31\/la-mejor-hora-para-publicar-en-redes-sociales\/","title":{"rendered":"La mejor hora para publicar en redes sociales"},"content":{"rendered":"<p>Publicar en el momento adecuado puede marcar la diferencia entre que tu contenido pase desapercibido o logre un alto nivel de interacci\u00f3n. Un informe de Sprout Social actualizado a marzo de 2026 analiz\u00f3 m\u00e1s de 2.000 millones de interacciones en 307.000 perfiles sociales y determin\u00f3 los horarios m\u00e1s efectivos para cada plataforma.<\/p>\n<p><strong>Patrones generales<\/strong><\/p>\n<p>Los datos muestran que los <strong>martes y mi\u00e9rcoles entre las 11:00h y las 18:00h<\/strong> son los mejores momentos para publicar en redes sociales. La actividad de los usuarios alcanza su punto m\u00e1s alto a mitad de semana, lo que favorece la interacci\u00f3n. En contraste, los <strong>domingos<\/strong> registran los \u00edndices m\u00e1s bajos de participaci\u00f3n, debido a la desconexi\u00f3n propia del fin de semana.<\/p>\n<p>Sin embargo, estos patrones son relativos. El mejor horario depende de factores como la industria, los h\u00e1bitos de la audiencia, las zonas horarias y las tendencias actuales. Por ejemplo, en fitness los horarios matutinos suelen ser m\u00e1s efectivos, mientras que en entretenimiento destacan las tardes y fines de semana.<\/p>\n<p><strong>Facebook<\/strong><\/p>\n<p>Seg\u00fan Hootsuite, los mejores momentos para publicar en Facebook son los <strong>martes y mi\u00e9rcoles de 12:00h a 20:00h<\/strong>. Tambi\u00e9n se observan buenos resultados los lunes de 12:00h a 14:00h y los jueves de 12:00h a 16:00h. Los fines de semana, en cambio, muestran niveles bajos de engagement.<\/p>\n<p><strong>Instagram<\/strong><\/p>\n<p>En Instagram, los horarios m\u00e1s efectivos son:<\/p>\n<ul>\n<li>Lunes de 14:00h a 16:00h<\/li>\n<li>Martes de 13:00h a 19:00h<\/li>\n<li>Mi\u00e9rcoles de 12:00h a 21:00h y de 23:00h a 00:00h<\/li>\n<li>Jueves de 12:00h a 14:00h<\/li>\n<\/ul>\n<p>A partir del viernes, la interacci\u00f3n disminuye. El algoritmo de Instagram prioriza publicaciones con alta interacci\u00f3n inicial, relevancia y formatos preferidos como videos y Stories.<\/p>\n<p><strong>LinkedIn<\/strong><\/p>\n<p>El mejor momento para publicar en LinkedIn es de <strong>martes a jueves, entre las 11:00h y las 17:00h<\/strong>. Los periodos m\u00e1s destacados son: lunes de 13:00h a 14:00h, martes de 11:00h a 17:00h, mi\u00e9rcoles de 11:00h a 16:00h, jueves de 11:00h a 17:00h y viernes de 11:00h a 14:00h. La audiencia de LinkedIn interact\u00faa principalmente durante la jornada laboral, lo que refleja su enfoque profesional.<\/p>\n<p><strong>Pinterest<\/strong><\/p>\n<p>Pinterest concentra su mayor actividad los <strong>martes, mi\u00e9rcoles y jueves de 10:00h a 13:00h<\/strong>. Los usuarios suelen buscar inspiraci\u00f3n a primera hora de la tarde, por lo que publicar en ese rango asegura mayor visibilidad. Tambi\u00e9n destacan horarios como lunes de 10:00h a 12:00h, martes a las 7:00h y mi\u00e9rcoles de 8:00h a 13:00h.<\/p>\n<p><strong>TikTok<\/strong><\/p>\n<p>En TikTok, los mejores momentos son de <strong>martes a viernes entre las 14:00h y las 18:00h<\/strong>. Los lunes de 15:00h a 17:00h tambi\u00e9n muestran buenos resultados. El dinamismo de la plataforma favorece contenidos publicados en horarios de tarde.<\/p>\n<p><strong>Twitter (X)<\/strong><\/p>\n<p>En Twitter-X, los horarios m\u00e1s efectivos son los <strong>martes, mi\u00e9rcoles y jueves de 12:00h a 18:00h<\/strong>. Tambi\u00e9n se registran altos niveles de interacci\u00f3n los lunes de 14:00h a 15:00h y de 17:00h a 18:00h. Adem\u00e1s de noticias y tendencias, muchas marcas utilizan esta red para servicio al cliente, lo que refuerza la importancia de publicar en momentos de alta actividad.<\/p>\n<p>Aunque existen patrones generales, cada marca debe analizar sus m\u00e9tricas y ajustar la estrategia seg\u00fan su audiencia y sector. Herramientas de an\u00e1lisis y programaci\u00f3n de publicaciones permiten experimentar y optimizar resultados. Publicar en el momento adecuado no solo aumenta la visibilidad, tambi\u00e9n fortalece la relaci\u00f3n con los usuarios y maximiza el impacto de cada campa\u00f1a.<\/p>\n<p>&nbsp;<\/p>\n","protected":false},"excerpt":{"rendered":"<p>Publicar en el momento adecuado puede marcar la diferencia entre que tu contenido pase desapercibido o logre un alto nivel de interacci\u00f3n. Un informe de Sprout Social actualizado a marzo de 2026 analiz\u00f3 m\u00e1s de 2.000 millones de interacciones en 307.000 perfiles sociales y determin\u00f3 los horarios m\u00e1s efectivos para cada plataforma. Patrones generales Los [&hellip;]<\/p>\n","protected":false},"author":1,"featured_media":426171,"comment_status":"closed","ping_status":"open","sticky":false,"template":"","format":"standard","meta":{"_acf_changed":false,"footnotes":""},"categories":[46],"tags":[],"class_list":["post-426170","post","type-post","status-publish","format-standard","has-post-thumbnail","category-ciencia-computacion"],"acf":{"antetitulo":""},"yoast_head":"<!-- This site is optimized with the Yoast SEO plugin v28.3 - https:\/\/yoast.com\/product\/yoast-seo-wordpress\/ -->\n<title>La mejor hora para publicar en redes sociales - El Diario - Bolivia<\/title>\n<meta name=\"robots\" content=\"index, follow, max-snippet:-1, max-image-preview:large, max-video-preview:-1\" \/>\n<link rel=\"canonical\" href=\"https:\/\/www.eldiario.net\/portal\/2026\/08\/31\/la-mejor-hora-para-publicar-en-redes-sociales\/\" \/>\n<meta property=\"og:locale\" content=\"es_ES\" \/>\n<meta property=\"og:type\" content=\"article\" \/>\n<meta property=\"og:title\" content=\"La mejor hora para publicar en redes sociales - El Diario - Bolivia\" \/>\n<meta property=\"og:description\" content=\"Publicar en el momento adecuado puede marcar la diferencia entre que tu contenido pase desapercibido o logre un alto nivel de interacci\u00f3n. Un informe de Sprout Social actualizado a marzo de 2026 analiz\u00f3 m\u00e1s de 2.000 millones de interacciones en 307.000 perfiles sociales y determin\u00f3 los horarios m\u00e1s efectivos para cada plataforma. Patrones generales Los [&hellip;]\" \/>\n<meta property=\"og:url\" content=\"https:\/\/www.eldiario.net\/portal\/2026\/08\/31\/la-mejor-hora-para-publicar-en-redes-sociales\/\" \/>\n<meta property=\"og:site_name\" content=\"El Diario - Bolivia\" \/>\n<meta property=\"article:publisher\" content=\"https:\/\/www.facebook.com\/eldiario.bolivia\/\" \/>\n<meta property=\"article:published_time\" content=\"2026-08-31T04:52:25+00:00\" \/>\n<meta property=\"og:image\" content=\"https:\/\/www.eldiario.net\/portal\/wp-content\/uploads\/2026\/08\/7-B-1-3.webp\" \/>\n\t<meta property=\"og:image:width\" content=\"1015\" \/>\n\t<meta property=\"og:image:height\" content=\"545\" \/>\n\t<meta property=\"og:image:type\" content=\"image\/webp\" \/>\n<meta name=\"author\" content=\"Jeanette\" \/>\n<meta name=\"twitter:card\" content=\"summary_large_image\" \/>\n<meta name=\"twitter:creator\" content=\"@eldiario_net\" \/>\n<meta name=\"twitter:site\" content=\"@eldiario_net\" \/>\n<meta name=\"twitter:label1\" content=\"Escrito por\" \/>\n\t<meta name=\"twitter:data1\" content=\"Jeanette\" \/>\n\t<meta name=\"twitter:label2\" content=\"Tiempo de lectura\" \/>\n\t<meta name=\"twitter:data2\" content=\"3 minutos\" \/>\n<script type=\"application\/ld+json\" class=\"yoast-schema-graph\">{\"@context\":\"https:\\\/\\\/schema.org\",\"@graph\":[{\"@type\":\"Article\",\"@id\":\"https:\\\/\\\/www.eldiario.net\\\/portal\\\/2026\\\/08\\\/31\\\/la-mejor-hora-para-publicar-en-redes-sociales\\\/#article\",\"isPartOf\":{\"@id\":\"https:\\\/\\\/www.eldiario.net\\\/portal\\\/2026\\\/08\\\/31\\\/la-mejor-hora-para-publicar-en-redes-sociales\\\/\"},\"author\":{\"name\":\"Jeanette\",\"@id\":\"https:\\\/\\\/www.eldiario.net\\\/portal\\\/#\\\/schema\\\/person\\\/f46445640444750d7d753ccd04ae01b7\"},\"headline\":\"La mejor hora para publicar en redes sociales\",\"datePublished\":\"2026-08-31T04:52:25+00:00\",\"mainEntityOfPage\":{\"@id\":\"https:\\\/\\\/www.eldiario.net\\\/portal\\\/2026\\\/08\\\/31\\\/la-mejor-hora-para-publicar-en-redes-sociales\\\/\"},\"wordCount\":592,\"publisher\":{\"@id\":\"https:\\\/\\\/www.eldiario.net\\\/portal\\\/#organization\"},\"image\":{\"@id\":\"https:\\\/\\\/www.eldiario.net\\\/portal\\\/2026\\\/08\\\/31\\\/la-mejor-hora-para-publicar-en-redes-sociales\\\/#primaryimage\"},\"thumbnailUrl\":\"https:\\\/\\\/www.eldiario.net\\\/portal\\\/wp-content\\\/uploads\\\/2026\\\/08\\\/7-B-1-3.webp\",\"articleSection\":[\"Ciencia y Computaci\u00f3n\"],\"inLanguage\":\"es\"},{\"@type\":\"WebPage\",\"@id\":\"https:\\\/\\\/www.eldiario.net\\\/portal\\\/2026\\\/08\\\/31\\\/la-mejor-hora-para-publicar-en-redes-sociales\\\/\",\"url\":\"https:\\\/\\\/www.eldiario.net\\\/portal\\\/2026\\\/08\\\/31\\\/la-mejor-hora-para-publicar-en-redes-sociales\\\/\",\"name\":\"La mejor hora para publicar en redes sociales - El Diario - Bolivia\",\"isPartOf\":{\"@id\":\"https:\\\/\\\/www.eldiario.net\\\/portal\\\/#website\"},\"primaryImageOfPage\":{\"@id\":\"https:\\\/\\\/www.eldiario.net\\\/portal\\\/2026\\\/08\\\/31\\\/la-mejor-hora-para-publicar-en-redes-sociales\\\/#primaryimage\"},\"image\":{\"@id\":\"https:\\\/\\\/www.eldiario.net\\\/portal\\\/2026\\\/08\\\/31\\\/la-mejor-hora-para-publicar-en-redes-sociales\\\/#primaryimage\"},\"thumbnailUrl\":\"https:\\\/\\\/www.eldiario.net\\\/portal\\\/wp-content\\\/uploads\\\/2026\\\/08\\\/7-B-1-3.webp\",\"datePublished\":\"2026-08-31T04:52:25+00:00\",\"breadcrumb\":{\"@id\":\"https:\\\/\\\/www.eldiario.net\\\/portal\\\/2026\\\/08\\\/31\\\/la-mejor-hora-para-publicar-en-redes-sociales\\\/#breadcrumb\"},\"inLanguage\":\"es\",\"potentialAction\":[{\"@type\":\"ReadAction\",\"target\":[\"https:\\\/\\\/www.eldiario.net\\\/portal\\\/2026\\\/08\\\/31\\\/la-mejor-hora-para-publicar-en-redes-sociales\\\/\"]}]},{\"@type\":\"ImageObject\",\"inLanguage\":\"es\",\"@id\":\"https:\\\/\\\/www.eldiario.net\\\/portal\\\/2026\\\/08\\\/31\\\/la-mejor-hora-para-publicar-en-redes-sociales\\\/#primaryimage\",\"url\":\"https:\\\/\\\/www.eldiario.net\\\/portal\\\/wp-content\\\/uploads\\\/2026\\\/08\\\/7-B-1-3.webp\",\"contentUrl\":\"https:\\\/\\\/www.eldiario.net\\\/portal\\\/wp-content\\\/uploads\\\/2026\\\/08\\\/7-B-1-3.webp\",\"width\":1015,\"height\":545},{\"@type\":\"BreadcrumbList\",\"@id\":\"https:\\\/\\\/www.eldiario.net\\\/portal\\\/2026\\\/08\\\/31\\\/la-mejor-hora-para-publicar-en-redes-sociales\\\/#breadcrumb\",\"itemListElement\":[{\"@type\":\"ListItem\",\"position\":1,\"name\":\"Portada\",\"item\":\"https:\\\/\\\/www.eldiario.net\\\/portal\\\/\"},{\"@type\":\"ListItem\",\"position\":2,\"name\":\"La mejor hora para publicar en redes sociales\"}]},{\"@type\":\"WebSite\",\"@id\":\"https:\\\/\\\/www.eldiario.net\\\/portal\\\/#website\",\"url\":\"https:\\\/\\\/www.eldiario.net\\\/portal\\\/\",\"name\":\"El Diario - Decano de la prensa nacional\",\"description\":\"El Diario - Decano de la prensa nacional\",\"publisher\":{\"@id\":\"https:\\\/\\\/www.eldiario.net\\\/portal\\\/#organization\"},\"potentialAction\":[{\"@type\":\"SearchAction\",\"target\":{\"@type\":\"EntryPoint\",\"urlTemplate\":\"https:\\\/\\\/www.eldiario.net\\\/portal\\\/?s={search_term_string}\"},\"query-input\":{\"@type\":\"PropertyValueSpecification\",\"valueRequired\":true,\"valueName\":\"search_term_string\"}}],\"inLanguage\":\"es\"},{\"@type\":\"Organization\",\"@id\":\"https:\\\/\\\/www.eldiario.net\\\/portal\\\/#organization\",\"name\":\"El Diario - Decano de la prensa nacional\",\"url\":\"https:\\\/\\\/www.eldiario.net\\\/portal\\\/\",\"logo\":{\"@type\":\"ImageObject\",\"inLanguage\":\"es\",\"@id\":\"https:\\\/\\\/www.eldiario.net\\\/portal\\\/#\\\/schema\\\/logo\\\/image\\\/\",\"url\":\"https:\\\/\\\/www.eldiario.net\\\/portal\\\/wp-content\\\/uploads\\\/2023\\\/07\\\/logo_ED.jpg\",\"contentUrl\":\"https:\\\/\\\/www.eldiario.net\\\/portal\\\/wp-content\\\/uploads\\\/2023\\\/07\\\/logo_ED.jpg\",\"width\":272,\"height\":52,\"caption\":\"El Diario - Decano de la prensa nacional\"},\"image\":{\"@id\":\"https:\\\/\\\/www.eldiario.net\\\/portal\\\/#\\\/schema\\\/logo\\\/image\\\/\"},\"sameAs\":[\"https:\\\/\\\/www.facebook.com\\\/eldiario.bolivia\\\/\",\"https:\\\/\\\/x.com\\\/eldiario_net\"]},{\"@type\":\"Person\",\"@id\":\"https:\\\/\\\/www.eldiario.net\\\/portal\\\/#\\\/schema\\\/person\\\/f46445640444750d7d753ccd04ae01b7\",\"name\":\"Jeanette\",\"image\":{\"@type\":\"ImageObject\",\"inLanguage\":\"es\",\"@id\":\"https:\\\/\\\/secure.gravatar.com\\\/avatar\\\/3ea2118a5f7dad2b7138b1187a6b7ee55f160b9968b66013c3a3ef39dd7e5798?s=96&d=mm&r=g\",\"url\":\"https:\\\/\\\/secure.gravatar.com\\\/avatar\\\/3ea2118a5f7dad2b7138b1187a6b7ee55f160b9968b66013c3a3ef39dd7e5798?s=96&d=mm&r=g\",\"contentUrl\":\"https:\\\/\\\/secure.gravatar.com\\\/avatar\\\/3ea2118a5f7dad2b7138b1187a6b7ee55f160b9968b66013c3a3ef39dd7e5798?s=96&d=mm&r=g\",\"caption\":\"Jeanette\"},\"sameAs\":[\"https:\\\/\\\/www.eldiario.net\\\/portal\"],\"url\":\"https:\\\/\\\/www.eldiario.net\\\/portal\\\/author\\\/jeanette\\\/\"}]}<\/script>\n<!-- \/ Yoast SEO plugin. -->","yoast_head_json":{"title":"La mejor hora para publicar en redes sociales - El Diario - Bolivia","robots":{"index":"index","follow":"follow","max-snippet":"max-snippet:-1","max-image-preview":"max-image-preview:large","max-video-preview":"max-video-preview:-1"},"canonical":"https:\/\/www.eldiario.net\/portal\/2026\/08\/31\/la-mejor-hora-para-publicar-en-redes-sociales\/","og_locale":"es_ES","og_type":"article","og_title":"La mejor hora para publicar en redes sociales - El Diario - Bolivia","og_description":"Publicar en el momento adecuado puede marcar la diferencia entre que tu contenido pase desapercibido o logre un alto nivel de interacci\u00f3n. Un informe de Sprout Social actualizado a marzo de 2026 analiz\u00f3 m\u00e1s de 2.000 millones de interacciones en 307.000 perfiles sociales y determin\u00f3 los horarios m\u00e1s efectivos para cada plataforma. Patrones generales Los [&hellip;]","og_url":"https:\/\/www.eldiario.net\/portal\/2026\/08\/31\/la-mejor-hora-para-publicar-en-redes-sociales\/","og_site_name":"El Diario - Bolivia","article_publisher":"https:\/\/www.facebook.com\/eldiario.bolivia\/","article_published_time":"2026-08-31T04:52:25+00:00","og_image":[{"width":1015,"height":545,"url":"https:\/\/www.eldiario.net\/portal\/wp-content\/uploads\/2026\/08\/7-B-1-3.webp","type":"image\/webp"}],"author":"Jeanette","twitter_card":"summary_large_image","twitter_creator":"@eldiario_net","twitter_site":"@eldiario_net","twitter_misc":{"Escrito por":"Jeanette","Tiempo de lectura":"3 minutos"},"schema":{"@context":"https:\/\/schema.org","@graph":[{"@type":"Article","@id":"https:\/\/www.eldiario.net\/portal\/2026\/08\/31\/la-mejor-hora-para-publicar-en-redes-sociales\/#article","isPartOf":{"@id":"https:\/\/www.eldiario.net\/portal\/2026\/08\/31\/la-mejor-hora-para-publicar-en-redes-sociales\/"},"author":{"name":"Jeanette","@id":"https:\/\/www.eldiario.net\/portal\/#\/schema\/person\/f46445640444750d7d753ccd04ae01b7"},"headline":"La mejor hora para publicar en redes sociales","datePublished":"2026-08-31T04:52:25+00:00","mainEntityOfPage":{"@id":"https:\/\/www.eldiario.net\/portal\/2026\/08\/31\/la-mejor-hora-para-publicar-en-redes-sociales\/"},"wordCount":592,"publisher":{"@id":"https:\/\/www.eldiario.net\/portal\/#organization"},"image":{"@id":"https:\/\/www.eldiario.net\/portal\/2026\/08\/31\/la-mejor-hora-para-publicar-en-redes-sociales\/#primaryimage"},"thumbnailUrl":"https:\/\/www.eldiario.net\/portal\/wp-content\/uploads\/2026\/08\/7-B-1-3.webp","articleSection":["Ciencia y Computaci\u00f3n"],"inLanguage":"es"},{"@type":"WebPage","@id":"https:\/\/www.eldiario.net\/portal\/2026\/08\/31\/la-mejor-hora-para-publicar-en-redes-sociales\/","url":"https:\/\/www.eldiario.net\/portal\/2026\/08\/31\/la-mejor-hora-para-publicar-en-redes-sociales\/","name":"La mejor hora para publicar en redes sociales - El Diario - Bolivia","isPartOf":{"@id":"https:\/\/www.eldiario.net\/portal\/#website"},"primaryImageOfPage":{"@id":"https:\/\/www.eldiario.net\/portal\/2026\/08\/31\/la-mejor-hora-para-publicar-en-redes-sociales\/#primaryimage"},"image":{"@id":"https:\/\/www.eldiario.net\/portal\/2026\/08\/31\/la-mejor-hora-para-publicar-en-redes-sociales\/#primaryimage"},"thumbnailUrl":"https:\/\/www.eldiario.net\/portal\/wp-content\/uploads\/2026\/08\/7-B-1-3.webp","datePublished":"2026-08-31T04:52:25+00:00","breadcrumb":{"@id":"https:\/\/www.eldiario.net\/portal\/2026\/08\/31\/la-mejor-hora-para-publicar-en-redes-sociales\/#breadcrumb"},"inLanguage":"es","potentialAction":[{"@type":"ReadAction","target":["https:\/\/www.eldiario.net\/portal\/2026\/08\/31\/la-mejor-hora-para-publicar-en-redes-sociales\/"]}]},{"@type":"ImageObject","inLanguage":"es","@id":"https:\/\/www.eldiario.net\/portal\/2026\/08\/31\/la-mejor-hora-para-publicar-en-redes-sociales\/#primaryimage","url":"https:\/\/www.eldiario.net\/portal\/wp-content\/uploads\/2026\/08\/7-B-1-3.webp","contentUrl":"https:\/\/www.eldiario.net\/portal\/wp-content\/uploads\/2026\/08\/7-B-1-3.webp","width":1015,"height":545},{"@type":"BreadcrumbList","@id":"https:\/\/www.eldiario.net\/portal\/2026\/08\/31\/la-mejor-hora-para-publicar-en-redes-sociales\/#breadcrumb","itemListElement":[{"@type":"ListItem","position":1,"name":"Portada","item":"https:\/\/www.eldiario.net\/portal\/"},{"@type":"ListItem","position":2,"name":"La mejor hora para publicar en redes sociales"}]},{"@type":"WebSite","@id":"https:\/\/www.eldiario.net\/portal\/#website","url":"https:\/\/www.eldiario.net\/portal\/","name":"El Diario - Decano de la prensa nacional","description":"El Diario - Decano de la prensa nacional","publisher":{"@id":"https:\/\/www.eldiario.net\/portal\/#organization"},"potentialAction":[{"@type":"SearchAction","target":{"@type":"EntryPoint","urlTemplate":"https:\/\/www.eldiario.net\/portal\/?s={search_term_string}"},"query-input":{"@type":"PropertyValueSpecification","valueRequired":true,"valueName":"search_term_string"}}],"inLanguage":"es"},{"@type":"Organization","@id":"https:\/\/www.eldiario.net\/portal\/#organization","name":"El Diario - Decano de la prensa nacional","url":"https:\/\/www.eldiario.net\/portal\/","logo":{"@type":"ImageObject","inLanguage":"es","@id":"https:\/\/www.eldiario.net\/portal\/#\/schema\/logo\/image\/","url":"https:\/\/www.eldiario.net\/portal\/wp-content\/uploads\/2023\/07\/logo_ED.jpg","contentUrl":"https:\/\/www.eldiario.net\/portal\/wp-content\/uploads\/2023\/07\/logo_ED.jpg","width":272,"height":52,"caption":"El Diario - Decano de la prensa nacional"},"image":{"@id":"https:\/\/www.eldiario.net\/portal\/#\/schema\/logo\/image\/"},"sameAs":["https:\/\/www.facebook.com\/eldiario.bolivia\/","https:\/\/x.com\/eldiario_net"]},{"@type":"Person","@id":"https:\/\/www.eldiario.net\/portal\/#\/schema\/person\/f46445640444750d7d753ccd04ae01b7","name":"Jeanette","image":{"@type":"ImageObject","inLanguage":"es","@id":"https:\/\/secure.gravatar.com\/avatar\/3ea2118a5f7dad2b7138b1187a6b7ee55f160b9968b66013c3a3ef39dd7e5798?s=96&d=mm&r=g","url":"https:\/\/secure.gravatar.com\/avatar\/3ea2118a5f7dad2b7138b1187a6b7ee55f160b9968b66013c3a3ef39dd7e5798?s=96&d=mm&r=g","contentUrl":"https:\/\/secure.gravatar.com\/avatar\/3ea2118a5f7dad2b7138b1187a6b7ee55f160b9968b66013c3a3ef39dd7e5798?s=96&d=mm&r=g","caption":"Jeanette"},"sameAs":["https:\/\/www.eldiario.net\/portal"],"url":"https:\/\/www.eldiario.net\/portal\/author\/jeanette\/"}]}},"_links":{"self":[{"href":"https:\/\/www.eldiario.net\/portal\/wp-json\/wp\/v2\/posts\/426170","targetHints":{"allow":["GET"]}}],"collection":[{"href":"https:\/\/www.eldiario.net\/portal\/wp-json\/wp\/v2\/posts"}],"about":[{"href":"https:\/\/www.eldiario.net\/portal\/wp-json\/wp\/v2\/types\/post"}],"author":[{"embeddable":true,"href":"https:\/\/www.eldiario.net\/portal\/wp-json\/wp\/v2\/users\/1"}],"replies":[{"embeddable":true,"href":"https:\/\/www.eldiario.net\/portal\/wp-json\/wp\/v2\/comments?post=426170"}],"version-history":[{"count":1,"href":"https:\/\/www.eldiario.net\/portal\/wp-json\/wp\/v2\/posts\/426170\/revisions"}],"predecessor-version":[{"id":426172,"href":"https:\/\/www.eldiario.net\/portal\/wp-json\/wp\/v2\/posts\/426170\/revisions\/426172"}],"wp:featuredmedia":[{"embeddable":true,"href":"https:\/\/www.eldiario.net\/portal\/wp-json\/wp\/v2\/media\/426171"}],"wp:attachment":[{"href":"https:\/\/www.eldiario.net\/portal\/wp-json\/wp\/v2\/media?parent=426170"}],"wp:term":[{"taxonomy":"category","embeddable":true,"href":"https:\/\/www.eldiario.net\/portal\/wp-json\/wp\/v2\/categories?post=426170"},{"taxonomy":"post_tag","embeddable":true,"href":"https:\/\/www.eldiario.net\/portal\/wp-json\/wp\/v2\/tags?post=426170"}],"curies":[{"name":"wp","href":"https:\/\/api.w.org\/{rel}","templated":true}]}}