{"id":426167,"date":"2026-08-31T00:51:33","date_gmt":"2026-08-31T04:51:33","guid":{"rendered":"https:\/\/www.eldiario.net\/portal\/?p=426167"},"modified":"2026-08-30T08:52:15","modified_gmt":"2026-08-30T12:52:15","slug":"lg-convierte-sus-televisores-en-asistentes-personales-gracias-a-la-ia","status":"publish","type":"post","link":"https:\/\/www.eldiario.net\/portal\/2026\/08\/31\/lg-convierte-sus-televisores-en-asistentes-personales-gracias-a-la-ia\/","title":{"rendered":"LG convierte sus televisores en asistentes personales gracias a la IA"},"content":{"rendered":"<p>En 2026, LG apuesta por una nueva generaci\u00f3n de televisores que integran inteligencia artificial para ofrecer una experiencia m\u00e1s personalizada, segura y adaptada a cada usuario. Con el sistema operativo <strong>webOS 26<\/strong>, los <strong>LG AI TV<\/strong> no solo reproducen contenidos: aprenden qui\u00e9n los est\u00e1 viendo, reconocen el contexto y ajustan imagen, sonido y funciones inteligentes en tiempo real.<\/p>\n<p><strong>Televisores que se adaptan al usuario<\/strong><\/p>\n<p>Aunque el concepto de \u201csmart TV\u201d lleva a\u00f1os presente, la verdadera revoluci\u00f3n llega ahora. Los nuevos modelos de LG utilizan IA para identificar a cada persona y ajustar la experiencia seg\u00fan sus preferencias. El sistema operativo webOS act\u00faa como centro de conexi\u00f3n entre recomendaciones, configuraciones y servicios, convirtiendo al televisor en un aut\u00e9ntico asistente personal.<\/p>\n<p>La gama de 2026 incluye televisores <strong>OLED evo<\/strong> y <strong>Micro RGB evo<\/strong>, disponibles en distintas configuraciones y tama\u00f1os. Todos integran las nuevas funciones de inteligencia artificial, aunque el precio var\u00eda seg\u00fan la serie y las prestaciones.<\/p>\n<p><strong>Alpha 11 AI Gen3: imagen y sonido mejorados<\/strong><\/p>\n<p>El coraz\u00f3n de estos televisores es el procesador <strong>Alpha 11 AI Gen3<\/strong>, que incorpora una NPU m\u00e1s potente y mejoras en CPU y GPU respecto a generaciones anteriores. Su misi\u00f3n es analizar los contenidos con mayor rapidez y aplicar ajustes autom\u00e1ticos para optimizar la calidad.<\/p>\n<p>Entre sus funciones destaca <strong>AI Dual 4K Upscaling<\/strong>, que combina dos m\u00e9todos de IA para transformar contenidos de baja resoluci\u00f3n en im\u00e1genes 4K m\u00e1s n\u00edtidas. En el apartado de sonido, <strong>AI Sound Pro<\/strong> crea un audio virtual de hasta <strong>11.1.2 canales<\/strong>, ofreciendo una experiencia envolvente que simula sistemas de cine en casa.<\/p>\n<p><strong>Personalizaci\u00f3n con voz y h\u00e1bitos<\/strong><\/p>\n<p>La inteligencia artificial tambi\u00e9n se refleja en el manejo diario del televisor. Con <strong>Voice ID<\/strong>, el sistema reconoce la voz de cada usuario y cambia autom\u00e1ticamente al perfil correspondiente, mostrando recomendaciones basadas en su historial.<\/p>\n<p>El asistente <strong>AI Concierge<\/strong> analiza los h\u00e1bitos de consumo y sugiere contenidos, b\u00fasquedas y funciones de webOS 26 al pulsar el bot\u00f3n AI del mando. Adem\u00e1s, el <strong>AI Chatbot<\/strong> permite resolver problemas mediante lenguaje natural: si alguien dice \u201cla pantalla se ve oscura\u201d, el televisor identifica los ajustes de brillo y explica c\u00f3mo modificarlos paso a paso.<\/p>\n<p><strong>Seguridad con LG Shield<\/strong><\/p>\n<p>La personalizaci\u00f3n requiere gestionar datos sensibles, por lo que LG incorpora <strong>LG Shield<\/strong>, una plataforma de seguridad integrada en webOS. Este sistema combina siete tecnolog\u00edas que abarcan algoritmos seguros, almacenamiento y transmisi\u00f3n protegidos, autenticaci\u00f3n, verificaci\u00f3n de integridad del software, actualizaciones seguras y detecci\u00f3n de incidentes.<\/p>\n<p>La compa\u00f1\u00eda garantiza hasta <strong>cinco a\u00f1os de actualizaciones gratuitas de webOS<\/strong>, lo que permite que los televisores incorporen nuevas funciones despu\u00e9s de su compra y mantengan un nivel de seguridad actualizado.<\/p>\n<p><strong>Un televisor que act\u00faa como asistente<\/strong><\/p>\n<p>Con estas innovaciones, LG redefine el concepto de televisor inteligente. Los nuevos modelos no solo ofrecen mejor imagen y sonido, sino que se convierten en asistentes personales capaces de reconocer a cada usuario, anticipar sus necesidades y proteger su informaci\u00f3n.<\/p>\n<p>La integraci\u00f3n de IA en los televisores marca un paso hacia un futuro donde el entretenimiento y la tecnolog\u00eda se combinan para ofrecer experiencias m\u00e1s seguras, personalizadas y envolventes.<\/p>\n<p>&nbsp;<\/p>\n","protected":false},"excerpt":{"rendered":"<p>En 2026, LG apuesta por una nueva generaci\u00f3n de televisores que integran inteligencia artificial para ofrecer una experiencia m\u00e1s personalizada, segura y adaptada a cada usuario. Con el sistema operativo webOS 26, los LG AI TV no solo reproducen contenidos: aprenden qui\u00e9n los est\u00e1 viendo, reconocen el contexto y ajustan imagen, sonido y funciones inteligentes [&hellip;]<\/p>\n","protected":false},"author":1,"featured_media":426168,"comment_status":"closed","ping_status":"open","sticky":false,"template":"","format":"standard","meta":{"_acf_changed":false,"footnotes":""},"categories":[46],"tags":[],"class_list":["post-426167","post","type-post","status-publish","format-standard","has-post-thumbnail","category-ciencia-computacion"],"acf":{"antetitulo":""},"yoast_head":"<!-- This site is optimized with the Yoast SEO plugin v28.3 - https:\/\/yoast.com\/product\/yoast-seo-wordpress\/ -->\n<title>LG convierte sus televisores en asistentes personales gracias a la IA - El Diario - Bolivia<\/title>\n<meta name=\"robots\" content=\"index, follow, max-snippet:-1, max-image-preview:large, max-video-preview:-1\" \/>\n<link rel=\"canonical\" href=\"https:\/\/www.eldiario.net\/portal\/2026\/08\/31\/lg-convierte-sus-televisores-en-asistentes-personales-gracias-a-la-ia\/\" \/>\n<meta property=\"og:locale\" content=\"es_ES\" \/>\n<meta property=\"og:type\" content=\"article\" \/>\n<meta property=\"og:title\" content=\"LG convierte sus televisores en asistentes personales gracias a la IA - El Diario - Bolivia\" \/>\n<meta property=\"og:description\" content=\"En 2026, LG apuesta por una nueva generaci\u00f3n de televisores que integran inteligencia artificial para ofrecer una experiencia m\u00e1s personalizada, segura y adaptada a cada usuario. Con el sistema operativo webOS 26, los LG AI TV no solo reproducen contenidos: aprenden qui\u00e9n los est\u00e1 viendo, reconocen el contexto y ajustan imagen, sonido y funciones inteligentes [&hellip;]\" \/>\n<meta property=\"og:url\" content=\"https:\/\/www.eldiario.net\/portal\/2026\/08\/31\/lg-convierte-sus-televisores-en-asistentes-personales-gracias-a-la-ia\/\" \/>\n<meta property=\"og:site_name\" content=\"El Diario - Bolivia\" \/>\n<meta property=\"article:publisher\" content=\"https:\/\/www.facebook.com\/eldiario.bolivia\/\" \/>\n<meta property=\"article:published_time\" content=\"2026-08-31T04:51:33+00:00\" \/>\n<meta property=\"og:image\" content=\"https:\/\/www.eldiario.net\/portal\/wp-content\/uploads\/2026\/08\/6-B-2.webp\" \/>\n\t<meta property=\"og:image:width\" content=\"640\" \/>\n\t<meta property=\"og:image:height\" content=\"445\" \/>\n\t<meta property=\"og:image:type\" content=\"image\/webp\" \/>\n<meta name=\"author\" content=\"Jeanette\" \/>\n<meta name=\"twitter:card\" content=\"summary_large_image\" \/>\n<meta name=\"twitter:creator\" content=\"@eldiario_net\" \/>\n<meta name=\"twitter:site\" content=\"@eldiario_net\" \/>\n<meta name=\"twitter:label1\" content=\"Escrito por\" \/>\n\t<meta name=\"twitter:data1\" content=\"Jeanette\" \/>\n\t<meta name=\"twitter:label2\" content=\"Tiempo de lectura\" \/>\n\t<meta name=\"twitter:data2\" content=\"3 minutos\" \/>\n<script type=\"application\/ld+json\" class=\"yoast-schema-graph\">{\"@context\":\"https:\\\/\\\/schema.org\",\"@graph\":[{\"@type\":\"Article\",\"@id\":\"https:\\\/\\\/www.eldiario.net\\\/portal\\\/2026\\\/08\\\/31\\\/lg-convierte-sus-televisores-en-asistentes-personales-gracias-a-la-ia\\\/#article\",\"isPartOf\":{\"@id\":\"https:\\\/\\\/www.eldiario.net\\\/portal\\\/2026\\\/08\\\/31\\\/lg-convierte-sus-televisores-en-asistentes-personales-gracias-a-la-ia\\\/\"},\"author\":{\"name\":\"Jeanette\",\"@id\":\"https:\\\/\\\/www.eldiario.net\\\/portal\\\/#\\\/schema\\\/person\\\/f46445640444750d7d753ccd04ae01b7\"},\"headline\":\"LG convierte sus televisores en asistentes personales gracias a la IA\",\"datePublished\":\"2026-08-31T04:51:33+00:00\",\"mainEntityOfPage\":{\"@id\":\"https:\\\/\\\/www.eldiario.net\\\/portal\\\/2026\\\/08\\\/31\\\/lg-convierte-sus-televisores-en-asistentes-personales-gracias-a-la-ia\\\/\"},\"wordCount\":561,\"publisher\":{\"@id\":\"https:\\\/\\\/www.eldiario.net\\\/portal\\\/#organization\"},\"image\":{\"@id\":\"https:\\\/\\\/www.eldiario.net\\\/portal\\\/2026\\\/08\\\/31\\\/lg-convierte-sus-televisores-en-asistentes-personales-gracias-a-la-ia\\\/#primaryimage\"},\"thumbnailUrl\":\"https:\\\/\\\/www.eldiario.net\\\/portal\\\/wp-content\\\/uploads\\\/2026\\\/08\\\/6-B-2.webp\",\"articleSection\":[\"Ciencia y Computaci\u00f3n\"],\"inLanguage\":\"es\"},{\"@type\":\"WebPage\",\"@id\":\"https:\\\/\\\/www.eldiario.net\\\/portal\\\/2026\\\/08\\\/31\\\/lg-convierte-sus-televisores-en-asistentes-personales-gracias-a-la-ia\\\/\",\"url\":\"https:\\\/\\\/www.eldiario.net\\\/portal\\\/2026\\\/08\\\/31\\\/lg-convierte-sus-televisores-en-asistentes-personales-gracias-a-la-ia\\\/\",\"name\":\"LG convierte sus televisores en asistentes personales gracias a la IA - El Diario - Bolivia\",\"isPartOf\":{\"@id\":\"https:\\\/\\\/www.eldiario.net\\\/portal\\\/#website\"},\"primaryImageOfPage\":{\"@id\":\"https:\\\/\\\/www.eldiario.net\\\/portal\\\/2026\\\/08\\\/31\\\/lg-convierte-sus-televisores-en-asistentes-personales-gracias-a-la-ia\\\/#primaryimage\"},\"image\":{\"@id\":\"https:\\\/\\\/www.eldiario.net\\\/portal\\\/2026\\\/08\\\/31\\\/lg-convierte-sus-televisores-en-asistentes-personales-gracias-a-la-ia\\\/#primaryimage\"},\"thumbnailUrl\":\"https:\\\/\\\/www.eldiario.net\\\/portal\\\/wp-content\\\/uploads\\\/2026\\\/08\\\/6-B-2.webp\",\"datePublished\":\"2026-08-31T04:51:33+00:00\",\"breadcrumb\":{\"@id\":\"https:\\\/\\\/www.eldiario.net\\\/portal\\\/2026\\\/08\\\/31\\\/lg-convierte-sus-televisores-en-asistentes-personales-gracias-a-la-ia\\\/#breadcrumb\"},\"inLanguage\":\"es\",\"potentialAction\":[{\"@type\":\"ReadAction\",\"target\":[\"https:\\\/\\\/www.eldiario.net\\\/portal\\\/2026\\\/08\\\/31\\\/lg-convierte-sus-televisores-en-asistentes-personales-gracias-a-la-ia\\\/\"]}]},{\"@type\":\"ImageObject\",\"inLanguage\":\"es\",\"@id\":\"https:\\\/\\\/www.eldiario.net\\\/portal\\\/2026\\\/08\\\/31\\\/lg-convierte-sus-televisores-en-asistentes-personales-gracias-a-la-ia\\\/#primaryimage\",\"url\":\"https:\\\/\\\/www.eldiario.net\\\/portal\\\/wp-content\\\/uploads\\\/2026\\\/08\\\/6-B-2.webp\",\"contentUrl\":\"https:\\\/\\\/www.eldiario.net\\\/portal\\\/wp-content\\\/uploads\\\/2026\\\/08\\\/6-B-2.webp\",\"width\":640,\"height\":445},{\"@type\":\"BreadcrumbList\",\"@id\":\"https:\\\/\\\/www.eldiario.net\\\/portal\\\/2026\\\/08\\\/31\\\/lg-convierte-sus-televisores-en-asistentes-personales-gracias-a-la-ia\\\/#breadcrumb\",\"itemListElement\":[{\"@type\":\"ListItem\",\"position\":1,\"name\":\"Portada\",\"item\":\"https:\\\/\\\/www.eldiario.net\\\/portal\\\/\"},{\"@type\":\"ListItem\",\"position\":2,\"name\":\"LG convierte sus televisores en asistentes personales gracias a la IA\"}]},{\"@type\":\"WebSite\",\"@id\":\"https:\\\/\\\/www.eldiario.net\\\/portal\\\/#website\",\"url\":\"https:\\\/\\\/www.eldiario.net\\\/portal\\\/\",\"name\":\"El Diario - Decano de la prensa nacional\",\"description\":\"El Diario - Decano de la prensa nacional\",\"publisher\":{\"@id\":\"https:\\\/\\\/www.eldiario.net\\\/portal\\\/#organization\"},\"potentialAction\":[{\"@type\":\"SearchAction\",\"target\":{\"@type\":\"EntryPoint\",\"urlTemplate\":\"https:\\\/\\\/www.eldiario.net\\\/portal\\\/?s={search_term_string}\"},\"query-input\":{\"@type\":\"PropertyValueSpecification\",\"valueRequired\":true,\"valueName\":\"search_term_string\"}}],\"inLanguage\":\"es\"},{\"@type\":\"Organization\",\"@id\":\"https:\\\/\\\/www.eldiario.net\\\/portal\\\/#organization\",\"name\":\"El Diario - Decano de la prensa nacional\",\"url\":\"https:\\\/\\\/www.eldiario.net\\\/portal\\\/\",\"logo\":{\"@type\":\"ImageObject\",\"inLanguage\":\"es\",\"@id\":\"https:\\\/\\\/www.eldiario.net\\\/portal\\\/#\\\/schema\\\/logo\\\/image\\\/\",\"url\":\"https:\\\/\\\/www.eldiario.net\\\/portal\\\/wp-content\\\/uploads\\\/2023\\\/07\\\/logo_ED.jpg\",\"contentUrl\":\"https:\\\/\\\/www.eldiario.net\\\/portal\\\/wp-content\\\/uploads\\\/2023\\\/07\\\/logo_ED.jpg\",\"width\":272,\"height\":52,\"caption\":\"El Diario - Decano de la prensa nacional\"},\"image\":{\"@id\":\"https:\\\/\\\/www.eldiario.net\\\/portal\\\/#\\\/schema\\\/logo\\\/image\\\/\"},\"sameAs\":[\"https:\\\/\\\/www.facebook.com\\\/eldiario.bolivia\\\/\",\"https:\\\/\\\/x.com\\\/eldiario_net\"]},{\"@type\":\"Person\",\"@id\":\"https:\\\/\\\/www.eldiario.net\\\/portal\\\/#\\\/schema\\\/person\\\/f46445640444750d7d753ccd04ae01b7\",\"name\":\"Jeanette\",\"image\":{\"@type\":\"ImageObject\",\"inLanguage\":\"es\",\"@id\":\"https:\\\/\\\/secure.gravatar.com\\\/avatar\\\/3ea2118a5f7dad2b7138b1187a6b7ee55f160b9968b66013c3a3ef39dd7e5798?s=96&d=mm&r=g\",\"url\":\"https:\\\/\\\/secure.gravatar.com\\\/avatar\\\/3ea2118a5f7dad2b7138b1187a6b7ee55f160b9968b66013c3a3ef39dd7e5798?s=96&d=mm&r=g\",\"contentUrl\":\"https:\\\/\\\/secure.gravatar.com\\\/avatar\\\/3ea2118a5f7dad2b7138b1187a6b7ee55f160b9968b66013c3a3ef39dd7e5798?s=96&d=mm&r=g\",\"caption\":\"Jeanette\"},\"sameAs\":[\"https:\\\/\\\/www.eldiario.net\\\/portal\"],\"url\":\"https:\\\/\\\/www.eldiario.net\\\/portal\\\/author\\\/jeanette\\\/\"}]}<\/script>\n<!-- \/ Yoast SEO plugin. -->","yoast_head_json":{"title":"LG convierte sus televisores en asistentes personales gracias a la IA - El Diario - Bolivia","robots":{"index":"index","follow":"follow","max-snippet":"max-snippet:-1","max-image-preview":"max-image-preview:large","max-video-preview":"max-video-preview:-1"},"canonical":"https:\/\/www.eldiario.net\/portal\/2026\/08\/31\/lg-convierte-sus-televisores-en-asistentes-personales-gracias-a-la-ia\/","og_locale":"es_ES","og_type":"article","og_title":"LG convierte sus televisores en asistentes personales gracias a la IA - El Diario - Bolivia","og_description":"En 2026, LG apuesta por una nueva generaci\u00f3n de televisores que integran inteligencia artificial para ofrecer una experiencia m\u00e1s personalizada, segura y adaptada a cada usuario. Con el sistema operativo webOS 26, los LG AI TV no solo reproducen contenidos: aprenden qui\u00e9n los est\u00e1 viendo, reconocen el contexto y ajustan imagen, sonido y funciones inteligentes [&hellip;]","og_url":"https:\/\/www.eldiario.net\/portal\/2026\/08\/31\/lg-convierte-sus-televisores-en-asistentes-personales-gracias-a-la-ia\/","og_site_name":"El Diario - Bolivia","article_publisher":"https:\/\/www.facebook.com\/eldiario.bolivia\/","article_published_time":"2026-08-31T04:51:33+00:00","og_image":[{"width":640,"height":445,"url":"https:\/\/www.eldiario.net\/portal\/wp-content\/uploads\/2026\/08\/6-B-2.webp","type":"image\/webp"}],"author":"Jeanette","twitter_card":"summary_large_image","twitter_creator":"@eldiario_net","twitter_site":"@eldiario_net","twitter_misc":{"Escrito por":"Jeanette","Tiempo de lectura":"3 minutos"},"schema":{"@context":"https:\/\/schema.org","@graph":[{"@type":"Article","@id":"https:\/\/www.eldiario.net\/portal\/2026\/08\/31\/lg-convierte-sus-televisores-en-asistentes-personales-gracias-a-la-ia\/#article","isPartOf":{"@id":"https:\/\/www.eldiario.net\/portal\/2026\/08\/31\/lg-convierte-sus-televisores-en-asistentes-personales-gracias-a-la-ia\/"},"author":{"name":"Jeanette","@id":"https:\/\/www.eldiario.net\/portal\/#\/schema\/person\/f46445640444750d7d753ccd04ae01b7"},"headline":"LG convierte sus televisores en asistentes personales gracias a la IA","datePublished":"2026-08-31T04:51:33+00:00","mainEntityOfPage":{"@id":"https:\/\/www.eldiario.net\/portal\/2026\/08\/31\/lg-convierte-sus-televisores-en-asistentes-personales-gracias-a-la-ia\/"},"wordCount":561,"publisher":{"@id":"https:\/\/www.eldiario.net\/portal\/#organization"},"image":{"@id":"https:\/\/www.eldiario.net\/portal\/2026\/08\/31\/lg-convierte-sus-televisores-en-asistentes-personales-gracias-a-la-ia\/#primaryimage"},"thumbnailUrl":"https:\/\/www.eldiario.net\/portal\/wp-content\/uploads\/2026\/08\/6-B-2.webp","articleSection":["Ciencia y Computaci\u00f3n"],"inLanguage":"es"},{"@type":"WebPage","@id":"https:\/\/www.eldiario.net\/portal\/2026\/08\/31\/lg-convierte-sus-televisores-en-asistentes-personales-gracias-a-la-ia\/","url":"https:\/\/www.eldiario.net\/portal\/2026\/08\/31\/lg-convierte-sus-televisores-en-asistentes-personales-gracias-a-la-ia\/","name":"LG convierte sus televisores en asistentes personales gracias a la IA - El Diario - Bolivia","isPartOf":{"@id":"https:\/\/www.eldiario.net\/portal\/#website"},"primaryImageOfPage":{"@id":"https:\/\/www.eldiario.net\/portal\/2026\/08\/31\/lg-convierte-sus-televisores-en-asistentes-personales-gracias-a-la-ia\/#primaryimage"},"image":{"@id":"https:\/\/www.eldiario.net\/portal\/2026\/08\/31\/lg-convierte-sus-televisores-en-asistentes-personales-gracias-a-la-ia\/#primaryimage"},"thumbnailUrl":"https:\/\/www.eldiario.net\/portal\/wp-content\/uploads\/2026\/08\/6-B-2.webp","datePublished":"2026-08-31T04:51:33+00:00","breadcrumb":{"@id":"https:\/\/www.eldiario.net\/portal\/2026\/08\/31\/lg-convierte-sus-televisores-en-asistentes-personales-gracias-a-la-ia\/#breadcrumb"},"inLanguage":"es","potentialAction":[{"@type":"ReadAction","target":["https:\/\/www.eldiario.net\/portal\/2026\/08\/31\/lg-convierte-sus-televisores-en-asistentes-personales-gracias-a-la-ia\/"]}]},{"@type":"ImageObject","inLanguage":"es","@id":"https:\/\/www.eldiario.net\/portal\/2026\/08\/31\/lg-convierte-sus-televisores-en-asistentes-personales-gracias-a-la-ia\/#primaryimage","url":"https:\/\/www.eldiario.net\/portal\/wp-content\/uploads\/2026\/08\/6-B-2.webp","contentUrl":"https:\/\/www.eldiario.net\/portal\/wp-content\/uploads\/2026\/08\/6-B-2.webp","width":640,"height":445},{"@type":"BreadcrumbList","@id":"https:\/\/www.eldiario.net\/portal\/2026\/08\/31\/lg-convierte-sus-televisores-en-asistentes-personales-gracias-a-la-ia\/#breadcrumb","itemListElement":[{"@type":"ListItem","position":1,"name":"Portada","item":"https:\/\/www.eldiario.net\/portal\/"},{"@type":"ListItem","position":2,"name":"LG convierte sus televisores en asistentes personales gracias a la IA"}]},{"@type":"WebSite","@id":"https:\/\/www.eldiario.net\/portal\/#website","url":"https:\/\/www.eldiario.net\/portal\/","name":"El Diario - Decano de la prensa nacional","description":"El Diario - Decano de la prensa nacional","publisher":{"@id":"https:\/\/www.eldiario.net\/portal\/#organization"},"potentialAction":[{"@type":"SearchAction","target":{"@type":"EntryPoint","urlTemplate":"https:\/\/www.eldiario.net\/portal\/?s={search_term_string}"},"query-input":{"@type":"PropertyValueSpecification","valueRequired":true,"valueName":"search_term_string"}}],"inLanguage":"es"},{"@type":"Organization","@id":"https:\/\/www.eldiario.net\/portal\/#organization","name":"El Diario - Decano de la prensa nacional","url":"https:\/\/www.eldiario.net\/portal\/","logo":{"@type":"ImageObject","inLanguage":"es","@id":"https:\/\/www.eldiario.net\/portal\/#\/schema\/logo\/image\/","url":"https:\/\/www.eldiario.net\/portal\/wp-content\/uploads\/2023\/07\/logo_ED.jpg","contentUrl":"https:\/\/www.eldiario.net\/portal\/wp-content\/uploads\/2023\/07\/logo_ED.jpg","width":272,"height":52,"caption":"El Diario - Decano de la prensa nacional"},"image":{"@id":"https:\/\/www.eldiario.net\/portal\/#\/schema\/logo\/image\/"},"sameAs":["https:\/\/www.facebook.com\/eldiario.bolivia\/","https:\/\/x.com\/eldiario_net"]},{"@type":"Person","@id":"https:\/\/www.eldiario.net\/portal\/#\/schema\/person\/f46445640444750d7d753ccd04ae01b7","name":"Jeanette","image":{"@type":"ImageObject","inLanguage":"es","@id":"https:\/\/secure.gravatar.com\/avatar\/3ea2118a5f7dad2b7138b1187a6b7ee55f160b9968b66013c3a3ef39dd7e5798?s=96&d=mm&r=g","url":"https:\/\/secure.gravatar.com\/avatar\/3ea2118a5f7dad2b7138b1187a6b7ee55f160b9968b66013c3a3ef39dd7e5798?s=96&d=mm&r=g","contentUrl":"https:\/\/secure.gravatar.com\/avatar\/3ea2118a5f7dad2b7138b1187a6b7ee55f160b9968b66013c3a3ef39dd7e5798?s=96&d=mm&r=g","caption":"Jeanette"},"sameAs":["https:\/\/www.eldiario.net\/portal"],"url":"https:\/\/www.eldiario.net\/portal\/author\/jeanette\/"}]}},"_links":{"self":[{"href":"https:\/\/www.eldiario.net\/portal\/wp-json\/wp\/v2\/posts\/426167","targetHints":{"allow":["GET"]}}],"collection":[{"href":"https:\/\/www.eldiario.net\/portal\/wp-json\/wp\/v2\/posts"}],"about":[{"href":"https:\/\/www.eldiario.net\/portal\/wp-json\/wp\/v2\/types\/post"}],"author":[{"embeddable":true,"href":"https:\/\/www.eldiario.net\/portal\/wp-json\/wp\/v2\/users\/1"}],"replies":[{"embeddable":true,"href":"https:\/\/www.eldiario.net\/portal\/wp-json\/wp\/v2\/comments?post=426167"}],"version-history":[{"count":1,"href":"https:\/\/www.eldiario.net\/portal\/wp-json\/wp\/v2\/posts\/426167\/revisions"}],"predecessor-version":[{"id":426169,"href":"https:\/\/www.eldiario.net\/portal\/wp-json\/wp\/v2\/posts\/426167\/revisions\/426169"}],"wp:featuredmedia":[{"embeddable":true,"href":"https:\/\/www.eldiario.net\/portal\/wp-json\/wp\/v2\/media\/426168"}],"wp:attachment":[{"href":"https:\/\/www.eldiario.net\/portal\/wp-json\/wp\/v2\/media?parent=426167"}],"wp:term":[{"taxonomy":"category","embeddable":true,"href":"https:\/\/www.eldiario.net\/portal\/wp-json\/wp\/v2\/categories?post=426167"},{"taxonomy":"post_tag","embeddable":true,"href":"https:\/\/www.eldiario.net\/portal\/wp-json\/wp\/v2\/tags?post=426167"}],"curies":[{"name":"wp","href":"https:\/\/api.w.org\/{rel}","templated":true}]}}