{"id":426164,"date":"2026-08-31T00:50:40","date_gmt":"2026-08-31T04:50:40","guid":{"rendered":"https:\/\/www.eldiario.net\/portal\/?p=426164"},"modified":"2026-08-30T08:51:15","modified_gmt":"2026-08-30T12:51:15","slug":"meta-pagara-17-100-millones-y-transformara-sus-redes","status":"publish","type":"post","link":"https:\/\/www.eldiario.net\/portal\/2026\/08\/31\/meta-pagara-17-100-millones-y-transformara-sus-redes\/","title":{"rendered":"Meta pagar\u00e1 17.100 millones y transformar\u00e1 sus redes"},"content":{"rendered":"<p>Meta alcanz\u00f3 un acuerdo hist\u00f3rico con una coalici\u00f3n de estados y territorios de Estados Unidos para resolver los litigios sobre los efectos negativos de Facebook e Instagram en menores. El pacto contempla un desembolso m\u00e1ximo de <strong>17.100 millones de d\u00f3lares<\/strong> y la aplicaci\u00f3n de medidas radicales de seguridad en ambas plataformas.<\/p>\n<p><strong>Un acuerdo sin precedentes<\/strong><\/p>\n<p>El convenio pone fin al juicio federal impulsado por 29 estados y a otros procesos relacionados, resolviendo reclamaciones de 51 estados y territorios. Los demandantes acusaban a Meta de haber dise\u00f1ado funciones adictivas que fomentaban el uso compulsivo en adolescentes, afectando su salud mental. Aunque la empresa niega las acusaciones, acepta aplicar cambios profundos en sus servicios.<\/p>\n<p>El monto acordado resulta menor frente a las cifras que se manejaban al inicio del proceso, que pod\u00edan alcanzar hasta <strong>1,4 billones de d\u00f3lares<\/strong>. En comparaci\u00f3n, los 17.100 millones representan un alivio para la compa\u00f1\u00eda.<\/p>\n<p><strong>Cambios obligatorios en Instagram y Facebook<\/strong><\/p>\n<p>El acuerdo establece transformaciones que Meta deber\u00e1 implementar en cuesti\u00f3n de meses:<\/p>\n<ul>\n<li>Feed cronol\u00f3gico como opci\u00f3n predeterminada para adolescentes.<\/li>\n<li>Posibilidad de desactivar la reproducci\u00f3n autom\u00e1tica de videos.<\/li>\n<li>L\u00edmites de tiempo diarios de dos horas, con pausas obligatorias a los 15, 60 y 90 minutos.<\/li>\n<li>Bloqueos nocturnos entre las 00:00 y las 06:00, con notificaciones silenciadas desde las 22:00 hasta las 07:00.<\/li>\n<li>Restricciones en horario escolar: sin notificaciones push de lunes a viernes entre las 8:00 y las 15:00.<\/li>\n<li>Verificaci\u00f3n de edad m\u00e1s estricta.<\/li>\n<li>Controles reforzados contra acoso, trastornos alimenticios y contenidos relacionados con suicidio o autolesi\u00f3n.<\/li>\n<li>Controles parentales m\u00e1s robustos y f\u00e1ciles de usar.<\/li>\n<li>Limitaciones en filtros de belleza y funciones de comparaci\u00f3n social.<\/li>\n<li>Ocultamiento del recuento de \u201cme gusta\u201d por defecto en publicaciones de adolescentes.<\/li>\n<li>Auditor\u00edas peri\u00f3dicas independientes para evaluar la eficacia de las medidas.<\/li>\n<\/ul>\n<p><strong>Declaraciones oficiales<\/strong><\/p>\n<p>El fiscal general de California, Rob Bonta, se\u00f1al\u00f3 que Meta acept\u00f3 realizar \u201ctransformaciones profundas que reducir\u00e1n el riesgo de da\u00f1o en sus plataformas\u201d. Entre ellas, destac\u00f3 la suspensi\u00f3n de notificaciones durante el horario escolar, la prohibici\u00f3n de filtros de cirug\u00eda pl\u00e1stica y la introducci\u00f3n de pausas productivas para interrumpir el desplazamiento infinito.<\/p>\n<p><strong>El mayor desembolso judicial de las Big Tech<\/strong><\/p>\n<p>Meta pagar\u00e1 al menos <strong>12.100 millones de d\u00f3lares<\/strong> en un periodo de diez a\u00f1os, distribuidos en cuotas anuales. El monto podr\u00eda elevarse a <strong>17.100 millones<\/strong> si otras plataformas como YouTube y TikTok adoptan medidas equivalentes de protecci\u00f3n de menores y realizan aportes financieros similares.<\/p>\n<p>Este acuerdo supera ampliamente las mayores multas impuestas hasta ahora en el sector tecnol\u00f3gico, incluida la sanci\u00f3n de <strong>5.000 millones de d\u00f3lares<\/strong> que Facebook pag\u00f3 en 2019.<\/p>\n<p><strong>Un punto de inflexi\u00f3n<\/strong><\/p>\n<p>El pacto no solo representa el mayor desembolso judicial de la historia de las Big Tech, sino tambi\u00e9n un cambio estructural en la forma de entender las redes sociales. Meta se compromete a transformar la experiencia digital de millones de adolescentes, estableciendo un precedente que podr\u00eda extenderse a otras plataformas y redefinir el futuro del uso juvenil en internet.<\/p>\n","protected":false},"excerpt":{"rendered":"<p>Meta alcanz\u00f3 un acuerdo hist\u00f3rico con una coalici\u00f3n de estados y territorios de Estados Unidos para resolver los litigios sobre los efectos negativos de Facebook e Instagram en menores. El pacto contempla un desembolso m\u00e1ximo de 17.100 millones de d\u00f3lares y la aplicaci\u00f3n de medidas radicales de seguridad en ambas plataformas. Un acuerdo sin precedentes [&hellip;]<\/p>\n","protected":false},"author":1,"featured_media":426165,"comment_status":"closed","ping_status":"open","sticky":false,"template":"","format":"standard","meta":{"_acf_changed":false,"footnotes":""},"categories":[46],"tags":[],"class_list":["post-426164","post","type-post","status-publish","format-standard","has-post-thumbnail","category-ciencia-computacion"],"acf":{"antetitulo":""},"yoast_head":"<!-- This site is optimized with the Yoast SEO plugin v28.3 - https:\/\/yoast.com\/product\/yoast-seo-wordpress\/ -->\n<title>Meta pagar\u00e1 17.100 millones y transformar\u00e1 sus redes - El Diario - Bolivia<\/title>\n<meta name=\"robots\" content=\"index, follow, max-snippet:-1, max-image-preview:large, max-video-preview:-1\" \/>\n<link rel=\"canonical\" href=\"https:\/\/www.eldiario.net\/portal\/2026\/08\/31\/meta-pagara-17-100-millones-y-transformara-sus-redes\/\" \/>\n<meta property=\"og:locale\" content=\"es_ES\" \/>\n<meta property=\"og:type\" content=\"article\" \/>\n<meta property=\"og:title\" content=\"Meta pagar\u00e1 17.100 millones y transformar\u00e1 sus redes - El Diario - Bolivia\" \/>\n<meta property=\"og:description\" content=\"Meta alcanz\u00f3 un acuerdo hist\u00f3rico con una coalici\u00f3n de estados y territorios de Estados Unidos para resolver los litigios sobre los efectos negativos de Facebook e Instagram en menores. El pacto contempla un desembolso m\u00e1ximo de 17.100 millones de d\u00f3lares y la aplicaci\u00f3n de medidas radicales de seguridad en ambas plataformas. Un acuerdo sin precedentes [&hellip;]\" \/>\n<meta property=\"og:url\" content=\"https:\/\/www.eldiario.net\/portal\/2026\/08\/31\/meta-pagara-17-100-millones-y-transformara-sus-redes\/\" \/>\n<meta property=\"og:site_name\" content=\"El Diario - Bolivia\" \/>\n<meta property=\"article:publisher\" content=\"https:\/\/www.facebook.com\/eldiario.bolivia\/\" \/>\n<meta property=\"article:published_time\" content=\"2026-08-31T04:50:40+00:00\" \/>\n<meta property=\"og:image\" content=\"https:\/\/www.eldiario.net\/portal\/wp-content\/uploads\/2026\/08\/7-A-1-4.webp\" \/>\n\t<meta property=\"og:image:width\" content=\"732\" \/>\n\t<meta property=\"og:image:height\" content=\"416\" \/>\n\t<meta property=\"og:image:type\" content=\"image\/webp\" \/>\n<meta name=\"author\" content=\"Jeanette\" \/>\n<meta name=\"twitter:card\" content=\"summary_large_image\" \/>\n<meta name=\"twitter:creator\" content=\"@eldiario_net\" \/>\n<meta name=\"twitter:site\" content=\"@eldiario_net\" \/>\n<meta name=\"twitter:label1\" content=\"Escrito por\" \/>\n\t<meta name=\"twitter:data1\" content=\"Jeanette\" \/>\n\t<meta name=\"twitter:label2\" content=\"Tiempo de lectura\" \/>\n\t<meta name=\"twitter:data2\" content=\"3 minutos\" \/>\n<script type=\"application\/ld+json\" class=\"yoast-schema-graph\">{\"@context\":\"https:\\\/\\\/schema.org\",\"@graph\":[{\"@type\":\"Article\",\"@id\":\"https:\\\/\\\/www.eldiario.net\\\/portal\\\/2026\\\/08\\\/31\\\/meta-pagara-17-100-millones-y-transformara-sus-redes\\\/#article\",\"isPartOf\":{\"@id\":\"https:\\\/\\\/www.eldiario.net\\\/portal\\\/2026\\\/08\\\/31\\\/meta-pagara-17-100-millones-y-transformara-sus-redes\\\/\"},\"author\":{\"name\":\"Jeanette\",\"@id\":\"https:\\\/\\\/www.eldiario.net\\\/portal\\\/#\\\/schema\\\/person\\\/f46445640444750d7d753ccd04ae01b7\"},\"headline\":\"Meta pagar\u00e1 17.100 millones y transformar\u00e1 sus redes\",\"datePublished\":\"2026-08-31T04:50:40+00:00\",\"mainEntityOfPage\":{\"@id\":\"https:\\\/\\\/www.eldiario.net\\\/portal\\\/2026\\\/08\\\/31\\\/meta-pagara-17-100-millones-y-transformara-sus-redes\\\/\"},\"wordCount\":516,\"publisher\":{\"@id\":\"https:\\\/\\\/www.eldiario.net\\\/portal\\\/#organization\"},\"image\":{\"@id\":\"https:\\\/\\\/www.eldiario.net\\\/portal\\\/2026\\\/08\\\/31\\\/meta-pagara-17-100-millones-y-transformara-sus-redes\\\/#primaryimage\"},\"thumbnailUrl\":\"https:\\\/\\\/www.eldiario.net\\\/portal\\\/wp-content\\\/uploads\\\/2026\\\/08\\\/7-A-1-4.webp\",\"articleSection\":[\"Ciencia y Computaci\u00f3n\"],\"inLanguage\":\"es\"},{\"@type\":\"WebPage\",\"@id\":\"https:\\\/\\\/www.eldiario.net\\\/portal\\\/2026\\\/08\\\/31\\\/meta-pagara-17-100-millones-y-transformara-sus-redes\\\/\",\"url\":\"https:\\\/\\\/www.eldiario.net\\\/portal\\\/2026\\\/08\\\/31\\\/meta-pagara-17-100-millones-y-transformara-sus-redes\\\/\",\"name\":\"Meta pagar\u00e1 17.100 millones y transformar\u00e1 sus redes - El Diario - Bolivia\",\"isPartOf\":{\"@id\":\"https:\\\/\\\/www.eldiario.net\\\/portal\\\/#website\"},\"primaryImageOfPage\":{\"@id\":\"https:\\\/\\\/www.eldiario.net\\\/portal\\\/2026\\\/08\\\/31\\\/meta-pagara-17-100-millones-y-transformara-sus-redes\\\/#primaryimage\"},\"image\":{\"@id\":\"https:\\\/\\\/www.eldiario.net\\\/portal\\\/2026\\\/08\\\/31\\\/meta-pagara-17-100-millones-y-transformara-sus-redes\\\/#primaryimage\"},\"thumbnailUrl\":\"https:\\\/\\\/www.eldiario.net\\\/portal\\\/wp-content\\\/uploads\\\/2026\\\/08\\\/7-A-1-4.webp\",\"datePublished\":\"2026-08-31T04:50:40+00:00\",\"breadcrumb\":{\"@id\":\"https:\\\/\\\/www.eldiario.net\\\/portal\\\/2026\\\/08\\\/31\\\/meta-pagara-17-100-millones-y-transformara-sus-redes\\\/#breadcrumb\"},\"inLanguage\":\"es\",\"potentialAction\":[{\"@type\":\"ReadAction\",\"target\":[\"https:\\\/\\\/www.eldiario.net\\\/portal\\\/2026\\\/08\\\/31\\\/meta-pagara-17-100-millones-y-transformara-sus-redes\\\/\"]}]},{\"@type\":\"ImageObject\",\"inLanguage\":\"es\",\"@id\":\"https:\\\/\\\/www.eldiario.net\\\/portal\\\/2026\\\/08\\\/31\\\/meta-pagara-17-100-millones-y-transformara-sus-redes\\\/#primaryimage\",\"url\":\"https:\\\/\\\/www.eldiario.net\\\/portal\\\/wp-content\\\/uploads\\\/2026\\\/08\\\/7-A-1-4.webp\",\"contentUrl\":\"https:\\\/\\\/www.eldiario.net\\\/portal\\\/wp-content\\\/uploads\\\/2026\\\/08\\\/7-A-1-4.webp\",\"width\":732,\"height\":416},{\"@type\":\"BreadcrumbList\",\"@id\":\"https:\\\/\\\/www.eldiario.net\\\/portal\\\/2026\\\/08\\\/31\\\/meta-pagara-17-100-millones-y-transformara-sus-redes\\\/#breadcrumb\",\"itemListElement\":[{\"@type\":\"ListItem\",\"position\":1,\"name\":\"Portada\",\"item\":\"https:\\\/\\\/www.eldiario.net\\\/portal\\\/\"},{\"@type\":\"ListItem\",\"position\":2,\"name\":\"Meta pagar\u00e1 17.100 millones y transformar\u00e1 sus redes\"}]},{\"@type\":\"WebSite\",\"@id\":\"https:\\\/\\\/www.eldiario.net\\\/portal\\\/#website\",\"url\":\"https:\\\/\\\/www.eldiario.net\\\/portal\\\/\",\"name\":\"El Diario - Decano de la prensa nacional\",\"description\":\"El Diario - Decano de la prensa nacional\",\"publisher\":{\"@id\":\"https:\\\/\\\/www.eldiario.net\\\/portal\\\/#organization\"},\"potentialAction\":[{\"@type\":\"SearchAction\",\"target\":{\"@type\":\"EntryPoint\",\"urlTemplate\":\"https:\\\/\\\/www.eldiario.net\\\/portal\\\/?s={search_term_string}\"},\"query-input\":{\"@type\":\"PropertyValueSpecification\",\"valueRequired\":true,\"valueName\":\"search_term_string\"}}],\"inLanguage\":\"es\"},{\"@type\":\"Organization\",\"@id\":\"https:\\\/\\\/www.eldiario.net\\\/portal\\\/#organization\",\"name\":\"El Diario - Decano de la prensa nacional\",\"url\":\"https:\\\/\\\/www.eldiario.net\\\/portal\\\/\",\"logo\":{\"@type\":\"ImageObject\",\"inLanguage\":\"es\",\"@id\":\"https:\\\/\\\/www.eldiario.net\\\/portal\\\/#\\\/schema\\\/logo\\\/image\\\/\",\"url\":\"https:\\\/\\\/www.eldiario.net\\\/portal\\\/wp-content\\\/uploads\\\/2023\\\/07\\\/logo_ED.jpg\",\"contentUrl\":\"https:\\\/\\\/www.eldiario.net\\\/portal\\\/wp-content\\\/uploads\\\/2023\\\/07\\\/logo_ED.jpg\",\"width\":272,\"height\":52,\"caption\":\"El Diario - Decano de la prensa nacional\"},\"image\":{\"@id\":\"https:\\\/\\\/www.eldiario.net\\\/portal\\\/#\\\/schema\\\/logo\\\/image\\\/\"},\"sameAs\":[\"https:\\\/\\\/www.facebook.com\\\/eldiario.bolivia\\\/\",\"https:\\\/\\\/x.com\\\/eldiario_net\"]},{\"@type\":\"Person\",\"@id\":\"https:\\\/\\\/www.eldiario.net\\\/portal\\\/#\\\/schema\\\/person\\\/f46445640444750d7d753ccd04ae01b7\",\"name\":\"Jeanette\",\"image\":{\"@type\":\"ImageObject\",\"inLanguage\":\"es\",\"@id\":\"https:\\\/\\\/secure.gravatar.com\\\/avatar\\\/3ea2118a5f7dad2b7138b1187a6b7ee55f160b9968b66013c3a3ef39dd7e5798?s=96&d=mm&r=g\",\"url\":\"https:\\\/\\\/secure.gravatar.com\\\/avatar\\\/3ea2118a5f7dad2b7138b1187a6b7ee55f160b9968b66013c3a3ef39dd7e5798?s=96&d=mm&r=g\",\"contentUrl\":\"https:\\\/\\\/secure.gravatar.com\\\/avatar\\\/3ea2118a5f7dad2b7138b1187a6b7ee55f160b9968b66013c3a3ef39dd7e5798?s=96&d=mm&r=g\",\"caption\":\"Jeanette\"},\"sameAs\":[\"https:\\\/\\\/www.eldiario.net\\\/portal\"],\"url\":\"https:\\\/\\\/www.eldiario.net\\\/portal\\\/author\\\/jeanette\\\/\"}]}<\/script>\n<!-- \/ Yoast SEO plugin. -->","yoast_head_json":{"title":"Meta pagar\u00e1 17.100 millones y transformar\u00e1 sus redes - El Diario - Bolivia","robots":{"index":"index","follow":"follow","max-snippet":"max-snippet:-1","max-image-preview":"max-image-preview:large","max-video-preview":"max-video-preview:-1"},"canonical":"https:\/\/www.eldiario.net\/portal\/2026\/08\/31\/meta-pagara-17-100-millones-y-transformara-sus-redes\/","og_locale":"es_ES","og_type":"article","og_title":"Meta pagar\u00e1 17.100 millones y transformar\u00e1 sus redes - El Diario - Bolivia","og_description":"Meta alcanz\u00f3 un acuerdo hist\u00f3rico con una coalici\u00f3n de estados y territorios de Estados Unidos para resolver los litigios sobre los efectos negativos de Facebook e Instagram en menores. El pacto contempla un desembolso m\u00e1ximo de 17.100 millones de d\u00f3lares y la aplicaci\u00f3n de medidas radicales de seguridad en ambas plataformas. Un acuerdo sin precedentes [&hellip;]","og_url":"https:\/\/www.eldiario.net\/portal\/2026\/08\/31\/meta-pagara-17-100-millones-y-transformara-sus-redes\/","og_site_name":"El Diario - Bolivia","article_publisher":"https:\/\/www.facebook.com\/eldiario.bolivia\/","article_published_time":"2026-08-31T04:50:40+00:00","og_image":[{"width":732,"height":416,"url":"https:\/\/www.eldiario.net\/portal\/wp-content\/uploads\/2026\/08\/7-A-1-4.webp","type":"image\/webp"}],"author":"Jeanette","twitter_card":"summary_large_image","twitter_creator":"@eldiario_net","twitter_site":"@eldiario_net","twitter_misc":{"Escrito por":"Jeanette","Tiempo de lectura":"3 minutos"},"schema":{"@context":"https:\/\/schema.org","@graph":[{"@type":"Article","@id":"https:\/\/www.eldiario.net\/portal\/2026\/08\/31\/meta-pagara-17-100-millones-y-transformara-sus-redes\/#article","isPartOf":{"@id":"https:\/\/www.eldiario.net\/portal\/2026\/08\/31\/meta-pagara-17-100-millones-y-transformara-sus-redes\/"},"author":{"name":"Jeanette","@id":"https:\/\/www.eldiario.net\/portal\/#\/schema\/person\/f46445640444750d7d753ccd04ae01b7"},"headline":"Meta pagar\u00e1 17.100 millones y transformar\u00e1 sus redes","datePublished":"2026-08-31T04:50:40+00:00","mainEntityOfPage":{"@id":"https:\/\/www.eldiario.net\/portal\/2026\/08\/31\/meta-pagara-17-100-millones-y-transformara-sus-redes\/"},"wordCount":516,"publisher":{"@id":"https:\/\/www.eldiario.net\/portal\/#organization"},"image":{"@id":"https:\/\/www.eldiario.net\/portal\/2026\/08\/31\/meta-pagara-17-100-millones-y-transformara-sus-redes\/#primaryimage"},"thumbnailUrl":"https:\/\/www.eldiario.net\/portal\/wp-content\/uploads\/2026\/08\/7-A-1-4.webp","articleSection":["Ciencia y Computaci\u00f3n"],"inLanguage":"es"},{"@type":"WebPage","@id":"https:\/\/www.eldiario.net\/portal\/2026\/08\/31\/meta-pagara-17-100-millones-y-transformara-sus-redes\/","url":"https:\/\/www.eldiario.net\/portal\/2026\/08\/31\/meta-pagara-17-100-millones-y-transformara-sus-redes\/","name":"Meta pagar\u00e1 17.100 millones y transformar\u00e1 sus redes - El Diario - Bolivia","isPartOf":{"@id":"https:\/\/www.eldiario.net\/portal\/#website"},"primaryImageOfPage":{"@id":"https:\/\/www.eldiario.net\/portal\/2026\/08\/31\/meta-pagara-17-100-millones-y-transformara-sus-redes\/#primaryimage"},"image":{"@id":"https:\/\/www.eldiario.net\/portal\/2026\/08\/31\/meta-pagara-17-100-millones-y-transformara-sus-redes\/#primaryimage"},"thumbnailUrl":"https:\/\/www.eldiario.net\/portal\/wp-content\/uploads\/2026\/08\/7-A-1-4.webp","datePublished":"2026-08-31T04:50:40+00:00","breadcrumb":{"@id":"https:\/\/www.eldiario.net\/portal\/2026\/08\/31\/meta-pagara-17-100-millones-y-transformara-sus-redes\/#breadcrumb"},"inLanguage":"es","potentialAction":[{"@type":"ReadAction","target":["https:\/\/www.eldiario.net\/portal\/2026\/08\/31\/meta-pagara-17-100-millones-y-transformara-sus-redes\/"]}]},{"@type":"ImageObject","inLanguage":"es","@id":"https:\/\/www.eldiario.net\/portal\/2026\/08\/31\/meta-pagara-17-100-millones-y-transformara-sus-redes\/#primaryimage","url":"https:\/\/www.eldiario.net\/portal\/wp-content\/uploads\/2026\/08\/7-A-1-4.webp","contentUrl":"https:\/\/www.eldiario.net\/portal\/wp-content\/uploads\/2026\/08\/7-A-1-4.webp","width":732,"height":416},{"@type":"BreadcrumbList","@id":"https:\/\/www.eldiario.net\/portal\/2026\/08\/31\/meta-pagara-17-100-millones-y-transformara-sus-redes\/#breadcrumb","itemListElement":[{"@type":"ListItem","position":1,"name":"Portada","item":"https:\/\/www.eldiario.net\/portal\/"},{"@type":"ListItem","position":2,"name":"Meta pagar\u00e1 17.100 millones y transformar\u00e1 sus redes"}]},{"@type":"WebSite","@id":"https:\/\/www.eldiario.net\/portal\/#website","url":"https:\/\/www.eldiario.net\/portal\/","name":"El Diario - Decano de la prensa nacional","description":"El Diario - Decano de la prensa nacional","publisher":{"@id":"https:\/\/www.eldiario.net\/portal\/#organization"},"potentialAction":[{"@type":"SearchAction","target":{"@type":"EntryPoint","urlTemplate":"https:\/\/www.eldiario.net\/portal\/?s={search_term_string}"},"query-input":{"@type":"PropertyValueSpecification","valueRequired":true,"valueName":"search_term_string"}}],"inLanguage":"es"},{"@type":"Organization","@id":"https:\/\/www.eldiario.net\/portal\/#organization","name":"El Diario - Decano de la prensa nacional","url":"https:\/\/www.eldiario.net\/portal\/","logo":{"@type":"ImageObject","inLanguage":"es","@id":"https:\/\/www.eldiario.net\/portal\/#\/schema\/logo\/image\/","url":"https:\/\/www.eldiario.net\/portal\/wp-content\/uploads\/2023\/07\/logo_ED.jpg","contentUrl":"https:\/\/www.eldiario.net\/portal\/wp-content\/uploads\/2023\/07\/logo_ED.jpg","width":272,"height":52,"caption":"El Diario - Decano de la prensa nacional"},"image":{"@id":"https:\/\/www.eldiario.net\/portal\/#\/schema\/logo\/image\/"},"sameAs":["https:\/\/www.facebook.com\/eldiario.bolivia\/","https:\/\/x.com\/eldiario_net"]},{"@type":"Person","@id":"https:\/\/www.eldiario.net\/portal\/#\/schema\/person\/f46445640444750d7d753ccd04ae01b7","name":"Jeanette","image":{"@type":"ImageObject","inLanguage":"es","@id":"https:\/\/secure.gravatar.com\/avatar\/3ea2118a5f7dad2b7138b1187a6b7ee55f160b9968b66013c3a3ef39dd7e5798?s=96&d=mm&r=g","url":"https:\/\/secure.gravatar.com\/avatar\/3ea2118a5f7dad2b7138b1187a6b7ee55f160b9968b66013c3a3ef39dd7e5798?s=96&d=mm&r=g","contentUrl":"https:\/\/secure.gravatar.com\/avatar\/3ea2118a5f7dad2b7138b1187a6b7ee55f160b9968b66013c3a3ef39dd7e5798?s=96&d=mm&r=g","caption":"Jeanette"},"sameAs":["https:\/\/www.eldiario.net\/portal"],"url":"https:\/\/www.eldiario.net\/portal\/author\/jeanette\/"}]}},"_links":{"self":[{"href":"https:\/\/www.eldiario.net\/portal\/wp-json\/wp\/v2\/posts\/426164","targetHints":{"allow":["GET"]}}],"collection":[{"href":"https:\/\/www.eldiario.net\/portal\/wp-json\/wp\/v2\/posts"}],"about":[{"href":"https:\/\/www.eldiario.net\/portal\/wp-json\/wp\/v2\/types\/post"}],"author":[{"embeddable":true,"href":"https:\/\/www.eldiario.net\/portal\/wp-json\/wp\/v2\/users\/1"}],"replies":[{"embeddable":true,"href":"https:\/\/www.eldiario.net\/portal\/wp-json\/wp\/v2\/comments?post=426164"}],"version-history":[{"count":1,"href":"https:\/\/www.eldiario.net\/portal\/wp-json\/wp\/v2\/posts\/426164\/revisions"}],"predecessor-version":[{"id":426166,"href":"https:\/\/www.eldiario.net\/portal\/wp-json\/wp\/v2\/posts\/426164\/revisions\/426166"}],"wp:featuredmedia":[{"embeddable":true,"href":"https:\/\/www.eldiario.net\/portal\/wp-json\/wp\/v2\/media\/426165"}],"wp:attachment":[{"href":"https:\/\/www.eldiario.net\/portal\/wp-json\/wp\/v2\/media?parent=426164"}],"wp:term":[{"taxonomy":"category","embeddable":true,"href":"https:\/\/www.eldiario.net\/portal\/wp-json\/wp\/v2\/categories?post=426164"},{"taxonomy":"post_tag","embeddable":true,"href":"https:\/\/www.eldiario.net\/portal\/wp-json\/wp\/v2\/tags?post=426164"}],"curies":[{"name":"wp","href":"https:\/\/api.w.org\/{rel}","templated":true}]}}