{"id":426154,"date":"2026-08-31T00:41:55","date_gmt":"2026-08-31T04:41:55","guid":{"rendered":"https:\/\/www.eldiario.net\/portal\/?p=426154"},"modified":"2026-08-30T08:48:29","modified_gmt":"2026-08-30T12:48:29","slug":"samsung-lanza-k-connection-el-videocast-itinerante-que-une-la-cultura-coreana-y-latinoamerica-a-traves-de-la-tecnologia","status":"publish","type":"post","link":"https:\/\/www.eldiario.net\/portal\/2026\/08\/31\/samsung-lanza-k-connection-el-videocast-itinerante-que-une-la-cultura-coreana-y-latinoamerica-a-traves-de-la-tecnologia\/","title":{"rendered":"Samsung lanza K-Connection, el videocast itinerante que une la cultura coreana y Latinoam\u00e9rica a trav\u00e9s de la tecnolog\u00eda"},"content":{"rendered":"<p>Samsung lanz\u00f3 oficialmente el proyecto K-Connection, una iniciativa in\u00e9dita en Latinoam\u00e9rica creada para celebrar la creciente conexi\u00f3n entre la cultura coreana y los fans latinoamericanos. Presentado por el creador de contenido Kev Lehmann, el programa adopta el formato de videocast y recorre Latinoam\u00e9rica para fomentar un intercambio cultural y descubrir c\u00f3mo los entusiastas locales viven la K-Culture en su d\u00eda a d\u00eda.<\/p>\n<p>Como parte de este recorrido cultural y tecnol\u00f3gico, K-Connection visit\u00f3 cinco pa\u00edses de la regi\u00f3n y reuni\u00f3 historias, experiencias y perspectivas en torno a la cultura coreana. En cada destino, Kev estuvo en una Casa Conectada de Samsung, instalada en los showrooms de la marca, que funcion\u00f3 como escenario de las grabaciones y permiti\u00f3 mostrar las posibilidades de un ecosistema de productos y electrodom\u00e9sticos conectados.<\/p>\n<p>\u201cLas marcas crean conexiones m\u00e1s relevantes cuando participan en las conversaciones y los intereses que ya forman parte de la vida de las personas. K-Connection naci\u00f3 para promover encuentros aut\u00e9nticos entre Corea y Am\u00e9rica Latina, uniendo tecnolog\u00eda, cultura y entretenimiento para mostrar c\u00f3mo la innovaci\u00f3n puede acercar diferentes experiencias y fortalecer comunidades que comparten las mismas pasiones\u201d, explica el director de Marketing para Samsung Am\u00e9rica Latina, Renato Shiratsu.<\/p>\n<p>K-Connection forma parte de la estrategia de Samsung para acercar al p\u00fablico latinoamericano a la cultura coreana. Tras lanzar su primer contenido original, el K-Drama Tudo Sob Controle, grabado en S\u00e3o Paulo y creado especialmente para Latinoam\u00e9rica, la marca ampl\u00eda esta iniciativa con el videocast.<\/p>\n<p>A lo largo de cinco episodios de 30 minutos, K-Connection reuni\u00f3 a 13 invitados locales, entre creadores de contenido y entusiastas de la cultura coreana, para explorar diferentes expresiones de la llamada \u201cHallyu\u201d u Ola Coreana. El t\u00e9rmino hace referencia a la expansi\u00f3n global de la cultura surcoreana a trav\u00e9s de manifestaciones como el entretenimiento, la m\u00fasica, la gastronom\u00eda, la moda, la belleza y la tecnolog\u00eda.<\/p>\n<p>Al reunir distintas perspectivas, el proyecto muestra las diversas formas en que la K-Culture se vive en cada pa\u00eds, destacando la riqueza cultural de la regi\u00f3n y generando espacios de intercambio a partir de intereses y experiencias compartidas.<\/p>\n<p>La gira incluye los siguientes temas:<\/p>\n<ul>\n<li><strong>Brasil<\/strong>: una conversaci\u00f3n sobre el universo de los K-Dramas, explorando sus similitudes y diferencias con las telenovelas, adem\u00e1s de la influencia de la cultura coreana en barrios tradicionales de S\u00e3o Paulo.<\/li>\n<li><strong>Chile:<\/strong> una inmersi\u00f3n en el universo de la K-Care, con contenidos sobre rituales de belleza, skincare, bienestar y tendencias, adem\u00e1s de la influencia coreana en la industria de la belleza.<\/li>\n<li><strong>Colombia<\/strong>: un recorrido por K-Dance, con \u00e9nfasis en la cultura de las coreograf\u00edas, las academias especializadas y la creaci\u00f3n de contenido inspirada en el K-Pop.<\/li>\n<li><strong>M\u00e9xico<\/strong>: una conversaci\u00f3n sobre la expansi\u00f3n de la Hallyu, explorando el fen\u00f3meno del K-Pop, la fuerza de los fandoms y el impacto de grupos como BTS en los fans.<\/li>\n<li><strong>Guatemala<\/strong>: una experiencia dedicada a la K-Food, explorando las diferencias culturales en torno a la alimentaci\u00f3n, ingredientes y platillos t\u00edpicos, adem\u00e1s de la popularidad de la gastronom\u00eda coreana entre los fans.<\/li>\n<\/ul>\n<p>Las Casas Conectadas de Samsung tambi\u00e9n fueron parte de la experiencia al funcionar como escenario para las conversaciones y mostrar las posibilidades del ecosistema conectado de la marca. Durante los episodios, los invitados interactuaron con la plataforma SmartThings y exploraron funciones de los dispositivos Galaxy, los electrodom\u00e9sticos Bespoke AI y las Smart TVs, adem\u00e1s de distintas aplicaciones de inteligencia artificial.<\/p>\n<p>Los episodios se lanzar\u00e1n simult\u00e1neamente en toda Latinoam\u00e9rica y estar\u00e1n disponibles en YouTube y Samsung TV Plus, con versiones en portugu\u00e9s, espa\u00f1ol e ingl\u00e9s.<\/p>\n<p>El proyecto K-Connection cuenta tambi\u00e9n con un portal de contenido exclusivo que re\u00fane los episodios del videocast y una programaci\u00f3n editorial dedicada a la conexi\u00f3n entre la cultura surcoreana y Latinoam\u00e9rica. Con esta iniciativa, Samsung celebra su herencia coreana y refuerza su compromiso en acercar culturas y personas a trav\u00e9s de la tecnolog\u00eda.<\/p>\n","protected":false},"excerpt":{"rendered":"<p>Samsung lanz\u00f3 oficialmente el proyecto K-Connection, una iniciativa in\u00e9dita en Latinoam\u00e9rica creada para celebrar la creciente conexi\u00f3n entre la cultura coreana y los fans latinoamericanos. Presentado por el creador de contenido Kev Lehmann, el programa adopta el formato de videocast y recorre Latinoam\u00e9rica para fomentar un intercambio cultural y descubrir c\u00f3mo los entusiastas locales viven [&hellip;]<\/p>\n","protected":false},"author":1,"featured_media":426155,"comment_status":"closed","ping_status":"open","sticky":false,"template":"","format":"standard","meta":{"_acf_changed":false,"footnotes":""},"categories":[46],"tags":[],"class_list":["post-426154","post","type-post","status-publish","format-standard","has-post-thumbnail","category-ciencia-computacion"],"acf":{"antetitulo":""},"yoast_head":"<!-- This site is optimized with the Yoast SEO plugin v28.3 - https:\/\/yoast.com\/product\/yoast-seo-wordpress\/ -->\n<title>Samsung lanza K-Connection, el videocast itinerante que une la cultura coreana y Latinoam\u00e9rica a trav\u00e9s de la tecnolog\u00eda - El Diario - Bolivia<\/title>\n<meta name=\"robots\" content=\"index, follow, max-snippet:-1, max-image-preview:large, max-video-preview:-1\" \/>\n<link rel=\"canonical\" href=\"https:\/\/www.eldiario.net\/portal\/2026\/08\/31\/samsung-lanza-k-connection-el-videocast-itinerante-que-une-la-cultura-coreana-y-latinoamerica-a-traves-de-la-tecnologia\/\" \/>\n<meta property=\"og:locale\" content=\"es_ES\" \/>\n<meta property=\"og:type\" content=\"article\" \/>\n<meta property=\"og:title\" content=\"Samsung lanza K-Connection, el videocast itinerante que une la cultura coreana y Latinoam\u00e9rica a trav\u00e9s de la tecnolog\u00eda - El Diario - Bolivia\" \/>\n<meta property=\"og:description\" content=\"Samsung lanz\u00f3 oficialmente el proyecto K-Connection, una iniciativa in\u00e9dita en Latinoam\u00e9rica creada para celebrar la creciente conexi\u00f3n entre la cultura coreana y los fans latinoamericanos. Presentado por el creador de contenido Kev Lehmann, el programa adopta el formato de videocast y recorre Latinoam\u00e9rica para fomentar un intercambio cultural y descubrir c\u00f3mo los entusiastas locales viven [&hellip;]\" \/>\n<meta property=\"og:url\" content=\"https:\/\/www.eldiario.net\/portal\/2026\/08\/31\/samsung-lanza-k-connection-el-videocast-itinerante-que-une-la-cultura-coreana-y-latinoamerica-a-traves-de-la-tecnologia\/\" \/>\n<meta property=\"og:site_name\" content=\"El Diario - Bolivia\" \/>\n<meta property=\"article:publisher\" content=\"https:\/\/www.facebook.com\/eldiario.bolivia\/\" \/>\n<meta property=\"article:published_time\" content=\"2026-08-31T04:41:55+00:00\" \/>\n<meta property=\"og:image\" content=\"https:\/\/www.eldiario.net\/portal\/wp-content\/uploads\/2026\/08\/8-B-1-3.webp\" \/>\n\t<meta property=\"og:image:width\" content=\"1600\" \/>\n\t<meta property=\"og:image:height\" content=\"900\" \/>\n\t<meta property=\"og:image:type\" content=\"image\/webp\" \/>\n<meta name=\"author\" content=\"Jeanette\" \/>\n<meta name=\"twitter:card\" content=\"summary_large_image\" \/>\n<meta name=\"twitter:creator\" content=\"@eldiario_net\" \/>\n<meta name=\"twitter:site\" content=\"@eldiario_net\" \/>\n<meta name=\"twitter:label1\" content=\"Escrito por\" \/>\n\t<meta name=\"twitter:data1\" content=\"Jeanette\" \/>\n\t<meta name=\"twitter:label2\" content=\"Tiempo de lectura\" \/>\n\t<meta name=\"twitter:data2\" content=\"4 minutos\" \/>\n<script type=\"application\/ld+json\" class=\"yoast-schema-graph\">{\"@context\":\"https:\\\/\\\/schema.org\",\"@graph\":[{\"@type\":\"Article\",\"@id\":\"https:\\\/\\\/www.eldiario.net\\\/portal\\\/2026\\\/08\\\/31\\\/samsung-lanza-k-connection-el-videocast-itinerante-que-une-la-cultura-coreana-y-latinoamerica-a-traves-de-la-tecnologia\\\/#article\",\"isPartOf\":{\"@id\":\"https:\\\/\\\/www.eldiario.net\\\/portal\\\/2026\\\/08\\\/31\\\/samsung-lanza-k-connection-el-videocast-itinerante-que-une-la-cultura-coreana-y-latinoamerica-a-traves-de-la-tecnologia\\\/\"},\"author\":{\"name\":\"Jeanette\",\"@id\":\"https:\\\/\\\/www.eldiario.net\\\/portal\\\/#\\\/schema\\\/person\\\/f46445640444750d7d753ccd04ae01b7\"},\"headline\":\"Samsung lanza K-Connection, el videocast itinerante que une la cultura coreana y Latinoam\u00e9rica a trav\u00e9s de la tecnolog\u00eda\",\"datePublished\":\"2026-08-31T04:41:55+00:00\",\"mainEntityOfPage\":{\"@id\":\"https:\\\/\\\/www.eldiario.net\\\/portal\\\/2026\\\/08\\\/31\\\/samsung-lanza-k-connection-el-videocast-itinerante-que-une-la-cultura-coreana-y-latinoamerica-a-traves-de-la-tecnologia\\\/\"},\"wordCount\":714,\"publisher\":{\"@id\":\"https:\\\/\\\/www.eldiario.net\\\/portal\\\/#organization\"},\"image\":{\"@id\":\"https:\\\/\\\/www.eldiario.net\\\/portal\\\/2026\\\/08\\\/31\\\/samsung-lanza-k-connection-el-videocast-itinerante-que-une-la-cultura-coreana-y-latinoamerica-a-traves-de-la-tecnologia\\\/#primaryimage\"},\"thumbnailUrl\":\"https:\\\/\\\/www.eldiario.net\\\/portal\\\/wp-content\\\/uploads\\\/2026\\\/08\\\/8-B-1-3.webp\",\"articleSection\":[\"Ciencia y Computaci\u00f3n\"],\"inLanguage\":\"es\"},{\"@type\":\"WebPage\",\"@id\":\"https:\\\/\\\/www.eldiario.net\\\/portal\\\/2026\\\/08\\\/31\\\/samsung-lanza-k-connection-el-videocast-itinerante-que-une-la-cultura-coreana-y-latinoamerica-a-traves-de-la-tecnologia\\\/\",\"url\":\"https:\\\/\\\/www.eldiario.net\\\/portal\\\/2026\\\/08\\\/31\\\/samsung-lanza-k-connection-el-videocast-itinerante-que-une-la-cultura-coreana-y-latinoamerica-a-traves-de-la-tecnologia\\\/\",\"name\":\"Samsung lanza K-Connection, el videocast itinerante que une la cultura coreana y Latinoam\u00e9rica a trav\u00e9s de la tecnolog\u00eda - El Diario - Bolivia\",\"isPartOf\":{\"@id\":\"https:\\\/\\\/www.eldiario.net\\\/portal\\\/#website\"},\"primaryImageOfPage\":{\"@id\":\"https:\\\/\\\/www.eldiario.net\\\/portal\\\/2026\\\/08\\\/31\\\/samsung-lanza-k-connection-el-videocast-itinerante-que-une-la-cultura-coreana-y-latinoamerica-a-traves-de-la-tecnologia\\\/#primaryimage\"},\"image\":{\"@id\":\"https:\\\/\\\/www.eldiario.net\\\/portal\\\/2026\\\/08\\\/31\\\/samsung-lanza-k-connection-el-videocast-itinerante-que-une-la-cultura-coreana-y-latinoamerica-a-traves-de-la-tecnologia\\\/#primaryimage\"},\"thumbnailUrl\":\"https:\\\/\\\/www.eldiario.net\\\/portal\\\/wp-content\\\/uploads\\\/2026\\\/08\\\/8-B-1-3.webp\",\"datePublished\":\"2026-08-31T04:41:55+00:00\",\"breadcrumb\":{\"@id\":\"https:\\\/\\\/www.eldiario.net\\\/portal\\\/2026\\\/08\\\/31\\\/samsung-lanza-k-connection-el-videocast-itinerante-que-une-la-cultura-coreana-y-latinoamerica-a-traves-de-la-tecnologia\\\/#breadcrumb\"},\"inLanguage\":\"es\",\"potentialAction\":[{\"@type\":\"ReadAction\",\"target\":[\"https:\\\/\\\/www.eldiario.net\\\/portal\\\/2026\\\/08\\\/31\\\/samsung-lanza-k-connection-el-videocast-itinerante-que-une-la-cultura-coreana-y-latinoamerica-a-traves-de-la-tecnologia\\\/\"]}]},{\"@type\":\"ImageObject\",\"inLanguage\":\"es\",\"@id\":\"https:\\\/\\\/www.eldiario.net\\\/portal\\\/2026\\\/08\\\/31\\\/samsung-lanza-k-connection-el-videocast-itinerante-que-une-la-cultura-coreana-y-latinoamerica-a-traves-de-la-tecnologia\\\/#primaryimage\",\"url\":\"https:\\\/\\\/www.eldiario.net\\\/portal\\\/wp-content\\\/uploads\\\/2026\\\/08\\\/8-B-1-3.webp\",\"contentUrl\":\"https:\\\/\\\/www.eldiario.net\\\/portal\\\/wp-content\\\/uploads\\\/2026\\\/08\\\/8-B-1-3.webp\",\"width\":1600,\"height\":900},{\"@type\":\"BreadcrumbList\",\"@id\":\"https:\\\/\\\/www.eldiario.net\\\/portal\\\/2026\\\/08\\\/31\\\/samsung-lanza-k-connection-el-videocast-itinerante-que-une-la-cultura-coreana-y-latinoamerica-a-traves-de-la-tecnologia\\\/#breadcrumb\",\"itemListElement\":[{\"@type\":\"ListItem\",\"position\":1,\"name\":\"Portada\",\"item\":\"https:\\\/\\\/www.eldiario.net\\\/portal\\\/\"},{\"@type\":\"ListItem\",\"position\":2,\"name\":\"Samsung lanza K-Connection, el videocast itinerante que une la cultura coreana y Latinoam\u00e9rica a trav\u00e9s de la tecnolog\u00eda\"}]},{\"@type\":\"WebSite\",\"@id\":\"https:\\\/\\\/www.eldiario.net\\\/portal\\\/#website\",\"url\":\"https:\\\/\\\/www.eldiario.net\\\/portal\\\/\",\"name\":\"El Diario - Decano de la prensa nacional\",\"description\":\"El Diario - Decano de la prensa nacional\",\"publisher\":{\"@id\":\"https:\\\/\\\/www.eldiario.net\\\/portal\\\/#organization\"},\"potentialAction\":[{\"@type\":\"SearchAction\",\"target\":{\"@type\":\"EntryPoint\",\"urlTemplate\":\"https:\\\/\\\/www.eldiario.net\\\/portal\\\/?s={search_term_string}\"},\"query-input\":{\"@type\":\"PropertyValueSpecification\",\"valueRequired\":true,\"valueName\":\"search_term_string\"}}],\"inLanguage\":\"es\"},{\"@type\":\"Organization\",\"@id\":\"https:\\\/\\\/www.eldiario.net\\\/portal\\\/#organization\",\"name\":\"El Diario - Decano de la prensa nacional\",\"url\":\"https:\\\/\\\/www.eldiario.net\\\/portal\\\/\",\"logo\":{\"@type\":\"ImageObject\",\"inLanguage\":\"es\",\"@id\":\"https:\\\/\\\/www.eldiario.net\\\/portal\\\/#\\\/schema\\\/logo\\\/image\\\/\",\"url\":\"https:\\\/\\\/www.eldiario.net\\\/portal\\\/wp-content\\\/uploads\\\/2023\\\/07\\\/logo_ED.jpg\",\"contentUrl\":\"https:\\\/\\\/www.eldiario.net\\\/portal\\\/wp-content\\\/uploads\\\/2023\\\/07\\\/logo_ED.jpg\",\"width\":272,\"height\":52,\"caption\":\"El Diario - Decano de la prensa nacional\"},\"image\":{\"@id\":\"https:\\\/\\\/www.eldiario.net\\\/portal\\\/#\\\/schema\\\/logo\\\/image\\\/\"},\"sameAs\":[\"https:\\\/\\\/www.facebook.com\\\/eldiario.bolivia\\\/\",\"https:\\\/\\\/x.com\\\/eldiario_net\"]},{\"@type\":\"Person\",\"@id\":\"https:\\\/\\\/www.eldiario.net\\\/portal\\\/#\\\/schema\\\/person\\\/f46445640444750d7d753ccd04ae01b7\",\"name\":\"Jeanette\",\"image\":{\"@type\":\"ImageObject\",\"inLanguage\":\"es\",\"@id\":\"https:\\\/\\\/secure.gravatar.com\\\/avatar\\\/3ea2118a5f7dad2b7138b1187a6b7ee55f160b9968b66013c3a3ef39dd7e5798?s=96&d=mm&r=g\",\"url\":\"https:\\\/\\\/secure.gravatar.com\\\/avatar\\\/3ea2118a5f7dad2b7138b1187a6b7ee55f160b9968b66013c3a3ef39dd7e5798?s=96&d=mm&r=g\",\"contentUrl\":\"https:\\\/\\\/secure.gravatar.com\\\/avatar\\\/3ea2118a5f7dad2b7138b1187a6b7ee55f160b9968b66013c3a3ef39dd7e5798?s=96&d=mm&r=g\",\"caption\":\"Jeanette\"},\"sameAs\":[\"https:\\\/\\\/www.eldiario.net\\\/portal\"],\"url\":\"https:\\\/\\\/www.eldiario.net\\\/portal\\\/author\\\/jeanette\\\/\"}]}<\/script>\n<!-- \/ Yoast SEO plugin. -->","yoast_head_json":{"title":"Samsung lanza K-Connection, el videocast itinerante que une la cultura coreana y Latinoam\u00e9rica a trav\u00e9s de la tecnolog\u00eda - El Diario - Bolivia","robots":{"index":"index","follow":"follow","max-snippet":"max-snippet:-1","max-image-preview":"max-image-preview:large","max-video-preview":"max-video-preview:-1"},"canonical":"https:\/\/www.eldiario.net\/portal\/2026\/08\/31\/samsung-lanza-k-connection-el-videocast-itinerante-que-une-la-cultura-coreana-y-latinoamerica-a-traves-de-la-tecnologia\/","og_locale":"es_ES","og_type":"article","og_title":"Samsung lanza K-Connection, el videocast itinerante que une la cultura coreana y Latinoam\u00e9rica a trav\u00e9s de la tecnolog\u00eda - El Diario - Bolivia","og_description":"Samsung lanz\u00f3 oficialmente el proyecto K-Connection, una iniciativa in\u00e9dita en Latinoam\u00e9rica creada para celebrar la creciente conexi\u00f3n entre la cultura coreana y los fans latinoamericanos. Presentado por el creador de contenido Kev Lehmann, el programa adopta el formato de videocast y recorre Latinoam\u00e9rica para fomentar un intercambio cultural y descubrir c\u00f3mo los entusiastas locales viven [&hellip;]","og_url":"https:\/\/www.eldiario.net\/portal\/2026\/08\/31\/samsung-lanza-k-connection-el-videocast-itinerante-que-une-la-cultura-coreana-y-latinoamerica-a-traves-de-la-tecnologia\/","og_site_name":"El Diario - Bolivia","article_publisher":"https:\/\/www.facebook.com\/eldiario.bolivia\/","article_published_time":"2026-08-31T04:41:55+00:00","og_image":[{"width":1600,"height":900,"url":"https:\/\/www.eldiario.net\/portal\/wp-content\/uploads\/2026\/08\/8-B-1-3.webp","type":"image\/webp"}],"author":"Jeanette","twitter_card":"summary_large_image","twitter_creator":"@eldiario_net","twitter_site":"@eldiario_net","twitter_misc":{"Escrito por":"Jeanette","Tiempo de lectura":"4 minutos"},"schema":{"@context":"https:\/\/schema.org","@graph":[{"@type":"Article","@id":"https:\/\/www.eldiario.net\/portal\/2026\/08\/31\/samsung-lanza-k-connection-el-videocast-itinerante-que-une-la-cultura-coreana-y-latinoamerica-a-traves-de-la-tecnologia\/#article","isPartOf":{"@id":"https:\/\/www.eldiario.net\/portal\/2026\/08\/31\/samsung-lanza-k-connection-el-videocast-itinerante-que-une-la-cultura-coreana-y-latinoamerica-a-traves-de-la-tecnologia\/"},"author":{"name":"Jeanette","@id":"https:\/\/www.eldiario.net\/portal\/#\/schema\/person\/f46445640444750d7d753ccd04ae01b7"},"headline":"Samsung lanza K-Connection, el videocast itinerante que une la cultura coreana y Latinoam\u00e9rica a trav\u00e9s de la tecnolog\u00eda","datePublished":"2026-08-31T04:41:55+00:00","mainEntityOfPage":{"@id":"https:\/\/www.eldiario.net\/portal\/2026\/08\/31\/samsung-lanza-k-connection-el-videocast-itinerante-que-une-la-cultura-coreana-y-latinoamerica-a-traves-de-la-tecnologia\/"},"wordCount":714,"publisher":{"@id":"https:\/\/www.eldiario.net\/portal\/#organization"},"image":{"@id":"https:\/\/www.eldiario.net\/portal\/2026\/08\/31\/samsung-lanza-k-connection-el-videocast-itinerante-que-une-la-cultura-coreana-y-latinoamerica-a-traves-de-la-tecnologia\/#primaryimage"},"thumbnailUrl":"https:\/\/www.eldiario.net\/portal\/wp-content\/uploads\/2026\/08\/8-B-1-3.webp","articleSection":["Ciencia y Computaci\u00f3n"],"inLanguage":"es"},{"@type":"WebPage","@id":"https:\/\/www.eldiario.net\/portal\/2026\/08\/31\/samsung-lanza-k-connection-el-videocast-itinerante-que-une-la-cultura-coreana-y-latinoamerica-a-traves-de-la-tecnologia\/","url":"https:\/\/www.eldiario.net\/portal\/2026\/08\/31\/samsung-lanza-k-connection-el-videocast-itinerante-que-une-la-cultura-coreana-y-latinoamerica-a-traves-de-la-tecnologia\/","name":"Samsung lanza K-Connection, el videocast itinerante que une la cultura coreana y Latinoam\u00e9rica a trav\u00e9s de la tecnolog\u00eda - El Diario - Bolivia","isPartOf":{"@id":"https:\/\/www.eldiario.net\/portal\/#website"},"primaryImageOfPage":{"@id":"https:\/\/www.eldiario.net\/portal\/2026\/08\/31\/samsung-lanza-k-connection-el-videocast-itinerante-que-une-la-cultura-coreana-y-latinoamerica-a-traves-de-la-tecnologia\/#primaryimage"},"image":{"@id":"https:\/\/www.eldiario.net\/portal\/2026\/08\/31\/samsung-lanza-k-connection-el-videocast-itinerante-que-une-la-cultura-coreana-y-latinoamerica-a-traves-de-la-tecnologia\/#primaryimage"},"thumbnailUrl":"https:\/\/www.eldiario.net\/portal\/wp-content\/uploads\/2026\/08\/8-B-1-3.webp","datePublished":"2026-08-31T04:41:55+00:00","breadcrumb":{"@id":"https:\/\/www.eldiario.net\/portal\/2026\/08\/31\/samsung-lanza-k-connection-el-videocast-itinerante-que-une-la-cultura-coreana-y-latinoamerica-a-traves-de-la-tecnologia\/#breadcrumb"},"inLanguage":"es","potentialAction":[{"@type":"ReadAction","target":["https:\/\/www.eldiario.net\/portal\/2026\/08\/31\/samsung-lanza-k-connection-el-videocast-itinerante-que-une-la-cultura-coreana-y-latinoamerica-a-traves-de-la-tecnologia\/"]}]},{"@type":"ImageObject","inLanguage":"es","@id":"https:\/\/www.eldiario.net\/portal\/2026\/08\/31\/samsung-lanza-k-connection-el-videocast-itinerante-que-une-la-cultura-coreana-y-latinoamerica-a-traves-de-la-tecnologia\/#primaryimage","url":"https:\/\/www.eldiario.net\/portal\/wp-content\/uploads\/2026\/08\/8-B-1-3.webp","contentUrl":"https:\/\/www.eldiario.net\/portal\/wp-content\/uploads\/2026\/08\/8-B-1-3.webp","width":1600,"height":900},{"@type":"BreadcrumbList","@id":"https:\/\/www.eldiario.net\/portal\/2026\/08\/31\/samsung-lanza-k-connection-el-videocast-itinerante-que-une-la-cultura-coreana-y-latinoamerica-a-traves-de-la-tecnologia\/#breadcrumb","itemListElement":[{"@type":"ListItem","position":1,"name":"Portada","item":"https:\/\/www.eldiario.net\/portal\/"},{"@type":"ListItem","position":2,"name":"Samsung lanza K-Connection, el videocast itinerante que une la cultura coreana y Latinoam\u00e9rica a trav\u00e9s de la tecnolog\u00eda"}]},{"@type":"WebSite","@id":"https:\/\/www.eldiario.net\/portal\/#website","url":"https:\/\/www.eldiario.net\/portal\/","name":"El Diario - Decano de la prensa nacional","description":"El Diario - Decano de la prensa nacional","publisher":{"@id":"https:\/\/www.eldiario.net\/portal\/#organization"},"potentialAction":[{"@type":"SearchAction","target":{"@type":"EntryPoint","urlTemplate":"https:\/\/www.eldiario.net\/portal\/?s={search_term_string}"},"query-input":{"@type":"PropertyValueSpecification","valueRequired":true,"valueName":"search_term_string"}}],"inLanguage":"es"},{"@type":"Organization","@id":"https:\/\/www.eldiario.net\/portal\/#organization","name":"El Diario - Decano de la prensa nacional","url":"https:\/\/www.eldiario.net\/portal\/","logo":{"@type":"ImageObject","inLanguage":"es","@id":"https:\/\/www.eldiario.net\/portal\/#\/schema\/logo\/image\/","url":"https:\/\/www.eldiario.net\/portal\/wp-content\/uploads\/2023\/07\/logo_ED.jpg","contentUrl":"https:\/\/www.eldiario.net\/portal\/wp-content\/uploads\/2023\/07\/logo_ED.jpg","width":272,"height":52,"caption":"El Diario - Decano de la prensa nacional"},"image":{"@id":"https:\/\/www.eldiario.net\/portal\/#\/schema\/logo\/image\/"},"sameAs":["https:\/\/www.facebook.com\/eldiario.bolivia\/","https:\/\/x.com\/eldiario_net"]},{"@type":"Person","@id":"https:\/\/www.eldiario.net\/portal\/#\/schema\/person\/f46445640444750d7d753ccd04ae01b7","name":"Jeanette","image":{"@type":"ImageObject","inLanguage":"es","@id":"https:\/\/secure.gravatar.com\/avatar\/3ea2118a5f7dad2b7138b1187a6b7ee55f160b9968b66013c3a3ef39dd7e5798?s=96&d=mm&r=g","url":"https:\/\/secure.gravatar.com\/avatar\/3ea2118a5f7dad2b7138b1187a6b7ee55f160b9968b66013c3a3ef39dd7e5798?s=96&d=mm&r=g","contentUrl":"https:\/\/secure.gravatar.com\/avatar\/3ea2118a5f7dad2b7138b1187a6b7ee55f160b9968b66013c3a3ef39dd7e5798?s=96&d=mm&r=g","caption":"Jeanette"},"sameAs":["https:\/\/www.eldiario.net\/portal"],"url":"https:\/\/www.eldiario.net\/portal\/author\/jeanette\/"}]}},"_links":{"self":[{"href":"https:\/\/www.eldiario.net\/portal\/wp-json\/wp\/v2\/posts\/426154","targetHints":{"allow":["GET"]}}],"collection":[{"href":"https:\/\/www.eldiario.net\/portal\/wp-json\/wp\/v2\/posts"}],"about":[{"href":"https:\/\/www.eldiario.net\/portal\/wp-json\/wp\/v2\/types\/post"}],"author":[{"embeddable":true,"href":"https:\/\/www.eldiario.net\/portal\/wp-json\/wp\/v2\/users\/1"}],"replies":[{"embeddable":true,"href":"https:\/\/www.eldiario.net\/portal\/wp-json\/wp\/v2\/comments?post=426154"}],"version-history":[{"count":1,"href":"https:\/\/www.eldiario.net\/portal\/wp-json\/wp\/v2\/posts\/426154\/revisions"}],"predecessor-version":[{"id":426156,"href":"https:\/\/www.eldiario.net\/portal\/wp-json\/wp\/v2\/posts\/426154\/revisions\/426156"}],"wp:featuredmedia":[{"embeddable":true,"href":"https:\/\/www.eldiario.net\/portal\/wp-json\/wp\/v2\/media\/426155"}],"wp:attachment":[{"href":"https:\/\/www.eldiario.net\/portal\/wp-json\/wp\/v2\/media?parent=426154"}],"wp:term":[{"taxonomy":"category","embeddable":true,"href":"https:\/\/www.eldiario.net\/portal\/wp-json\/wp\/v2\/categories?post=426154"},{"taxonomy":"post_tag","embeddable":true,"href":"https:\/\/www.eldiario.net\/portal\/wp-json\/wp\/v2\/tags?post=426154"}],"curies":[{"name":"wp","href":"https:\/\/api.w.org\/{rel}","templated":true}]}}