{"id":426151,"date":"2026-08-31T00:40:53","date_gmt":"2026-08-31T04:40:53","guid":{"rendered":"https:\/\/www.eldiario.net\/portal\/?p=426151"},"modified":"2026-08-30T08:41:27","modified_gmt":"2026-08-30T12:41:27","slug":"whatsapp-refuerza-la-seguridad-con-contrasenas-mas-robustas","status":"publish","type":"post","link":"https:\/\/www.eldiario.net\/portal\/2026\/08\/31\/whatsapp-refuerza-la-seguridad-con-contrasenas-mas-robustas\/","title":{"rendered":"WhatsApp refuerza la seguridad con contrase\u00f1as m\u00e1s robustas"},"content":{"rendered":"<p>WhatsApp anunci\u00f3 una mejora significativa en su sistema de protecci\u00f3n de cuentas: ahora los usuarios pueden crear contrase\u00f1as m\u00e1s largas y complejas dentro de la verificaci\u00f3n en dos pasos. La medida busca frenar los intentos de acceso no autorizado y reducir el riesgo de fraude digital.<\/p>\n<p><strong>Contrase\u00f1as m\u00e1s seguras<\/strong><\/p>\n<p>Hasta ahora, la verificaci\u00f3n en dos pasos exig\u00eda una clave de seis d\u00edgitos. El problema era que muchas personas eleg\u00edan combinaciones f\u00e1ciles de adivinar, como \u201c123456\u201d. Con la nueva actualizaci\u00f3n, la plataforma permite contrase\u00f1as que incluyen letras, n\u00fameros y caracteres especiales, lo que dificulta que terceros puedan descifrarlas.<\/p>\n<p>La configuraci\u00f3n es sencilla: basta con entrar en <strong>Ajustes &gt; Cuenta &gt; Verificaci\u00f3n en dos pasos<\/strong> y seguir las instrucciones para crear una clave m\u00e1s robusta. Esta capa adicional de seguridad ayuda a mantener el control de la cuenta incluso si alguien consigue el c\u00f3digo de acceso de un solo uso.<\/p>\n<p><strong>Llaves de acceso y autenticaci\u00f3n biom\u00e9trica<\/strong><\/p>\n<p>La compa\u00f1\u00eda tambi\u00e9n impulsa el uso de <strong>llaves de acceso<\/strong>, que ya superan los mil millones de usuarios. Estas llaves permiten iniciar sesi\u00f3n mediante huella digital, Face ID o el c\u00f3digo de desbloqueo del tel\u00e9fono, sin necesidad de recordar otra contrase\u00f1a. Adem\u00e1s, es posible a\u00f1adir m\u00e1s de una llave en dispositivos Android e iOS, lo que facilita el acceso seguro desde diferentes equipos.<\/p>\n<p>Para configurarlas, los usuarios deben dirigirse a <strong>Ajustes &gt; Cuenta &gt; Llaves de acceso<\/strong> y registrar el m\u00e9todo de autenticaci\u00f3n preferido.<\/p>\n<p><strong>M\u00e1s contexto en las llamadas<\/strong><\/p>\n<p>Otra novedad est\u00e1 en las llamadas de n\u00fameros desconocidos en Android. WhatsApp ahora muestra informaci\u00f3n adicional, como si el n\u00famero pertenece a otro pa\u00eds o si el usuario comparte alg\u00fan grupo con esa persona. El objetivo es ofrecer m\u00e1s contexto antes de decidir si contestar, reduciendo riesgos de spam o intentos de fraude.<\/p>\n<p><strong>Nombres de usuario para mayor privacidad<\/strong><\/p>\n<p>Las nuevas defensas coinciden con la llegada de los <strong>nombres de usuario<\/strong>, una funci\u00f3n que permite comunicarse sin necesidad de compartir el n\u00famero telef\u00f3nico. WhatsApp subraya que el n\u00famero est\u00e1 vinculado a aspectos sensibles de la vida de una persona, como cuentas bancarias o redes sociales, por lo que separar esa informaci\u00f3n dentro de la aplicaci\u00f3n a\u00f1ade una capa extra de privacidad.<\/p>\n<p><strong>Un contexto de creciente riesgo<\/strong><\/p>\n<p>Las medidas cobran relevancia en un escenario donde WhatsApp y los SMS figuran en el 22.2% de los casos de phishing en M\u00e9xico, seg\u00fan datos de The Competitive Intelligence Unit (The CIU). Este tipo de ataques busca enga\u00f1ar a los usuarios para robar credenciales o acceder a informaci\u00f3n personal.<\/p>\n<p>Al reforzar la verificaci\u00f3n en dos pasos, impulsar las llaves de acceso y permitir nombres de usuario, la plataforma pretende reducir la exposici\u00f3n de datos sensibles y dificultar los intentos de suplantaci\u00f3n de identidad.<\/p>\n<p><strong>Un paso hacia cuentas m\u00e1s protegidas<\/strong><\/p>\n<p>Con estas actualizaciones, WhatsApp avanza hacia un modelo de seguridad m\u00e1s integral. La combinaci\u00f3n de contrase\u00f1as complejas, autenticaci\u00f3n biom\u00e9trica y la posibilidad de comunicarse sin compartir el n\u00famero telef\u00f3nico coloca m\u00e1s barreras frente a los atacantes.<\/p>\n<p>La estrategia apunta a que los usuarios tengan mayor control sobre su informaci\u00f3n y que la aplicaci\u00f3n se mantenga como un espacio seguro para la comunicaci\u00f3n personal y profesional.<\/p>\n","protected":false},"excerpt":{"rendered":"<p>WhatsApp anunci\u00f3 una mejora significativa en su sistema de protecci\u00f3n de cuentas: ahora los usuarios pueden crear contrase\u00f1as m\u00e1s largas y complejas dentro de la verificaci\u00f3n en dos pasos. La medida busca frenar los intentos de acceso no autorizado y reducir el riesgo de fraude digital. Contrase\u00f1as m\u00e1s seguras Hasta ahora, la verificaci\u00f3n en dos [&hellip;]<\/p>\n","protected":false},"author":1,"featured_media":426152,"comment_status":"closed","ping_status":"open","sticky":false,"template":"","format":"standard","meta":{"_acf_changed":false,"footnotes":""},"categories":[46],"tags":[],"class_list":["post-426151","post","type-post","status-publish","format-standard","has-post-thumbnail","category-ciencia-computacion"],"acf":{"antetitulo":""},"yoast_head":"<!-- This site is optimized with the Yoast SEO plugin v28.3 - https:\/\/yoast.com\/product\/yoast-seo-wordpress\/ -->\n<title>WhatsApp refuerza la seguridad con contrase\u00f1as m\u00e1s robustas - El Diario - Bolivia<\/title>\n<meta name=\"robots\" content=\"index, follow, max-snippet:-1, max-image-preview:large, max-video-preview:-1\" \/>\n<link rel=\"canonical\" href=\"https:\/\/www.eldiario.net\/portal\/2026\/08\/31\/whatsapp-refuerza-la-seguridad-con-contrasenas-mas-robustas\/\" \/>\n<meta property=\"og:locale\" content=\"es_ES\" \/>\n<meta property=\"og:type\" content=\"article\" \/>\n<meta property=\"og:title\" content=\"WhatsApp refuerza la seguridad con contrase\u00f1as m\u00e1s robustas - El Diario - Bolivia\" \/>\n<meta property=\"og:description\" content=\"WhatsApp anunci\u00f3 una mejora significativa en su sistema de protecci\u00f3n de cuentas: ahora los usuarios pueden crear contrase\u00f1as m\u00e1s largas y complejas dentro de la verificaci\u00f3n en dos pasos. La medida busca frenar los intentos de acceso no autorizado y reducir el riesgo de fraude digital. Contrase\u00f1as m\u00e1s seguras Hasta ahora, la verificaci\u00f3n en dos [&hellip;]\" \/>\n<meta property=\"og:url\" content=\"https:\/\/www.eldiario.net\/portal\/2026\/08\/31\/whatsapp-refuerza-la-seguridad-con-contrasenas-mas-robustas\/\" \/>\n<meta property=\"og:site_name\" content=\"El Diario - Bolivia\" \/>\n<meta property=\"article:publisher\" content=\"https:\/\/www.facebook.com\/eldiario.bolivia\/\" \/>\n<meta property=\"article:published_time\" content=\"2026-08-31T04:40:53+00:00\" \/>\n<meta property=\"og:image\" content=\"https:\/\/www.eldiario.net\/portal\/wp-content\/uploads\/2026\/08\/3A.webp\" \/>\n\t<meta property=\"og:image:width\" content=\"766\" \/>\n\t<meta property=\"og:image:height\" content=\"401\" \/>\n\t<meta property=\"og:image:type\" content=\"image\/webp\" \/>\n<meta name=\"author\" content=\"Jeanette\" \/>\n<meta name=\"twitter:card\" content=\"summary_large_image\" \/>\n<meta name=\"twitter:creator\" content=\"@eldiario_net\" \/>\n<meta name=\"twitter:site\" content=\"@eldiario_net\" \/>\n<meta name=\"twitter:label1\" content=\"Escrito por\" \/>\n\t<meta name=\"twitter:data1\" content=\"Jeanette\" \/>\n\t<meta name=\"twitter:label2\" content=\"Tiempo de lectura\" \/>\n\t<meta name=\"twitter:data2\" content=\"3 minutos\" \/>\n<script type=\"application\/ld+json\" class=\"yoast-schema-graph\">{\"@context\":\"https:\\\/\\\/schema.org\",\"@graph\":[{\"@type\":\"Article\",\"@id\":\"https:\\\/\\\/www.eldiario.net\\\/portal\\\/2026\\\/08\\\/31\\\/whatsapp-refuerza-la-seguridad-con-contrasenas-mas-robustas\\\/#article\",\"isPartOf\":{\"@id\":\"https:\\\/\\\/www.eldiario.net\\\/portal\\\/2026\\\/08\\\/31\\\/whatsapp-refuerza-la-seguridad-con-contrasenas-mas-robustas\\\/\"},\"author\":{\"name\":\"Jeanette\",\"@id\":\"https:\\\/\\\/www.eldiario.net\\\/portal\\\/#\\\/schema\\\/person\\\/f46445640444750d7d753ccd04ae01b7\"},\"headline\":\"WhatsApp refuerza la seguridad con contrase\u00f1as m\u00e1s robustas\",\"datePublished\":\"2026-08-31T04:40:53+00:00\",\"mainEntityOfPage\":{\"@id\":\"https:\\\/\\\/www.eldiario.net\\\/portal\\\/2026\\\/08\\\/31\\\/whatsapp-refuerza-la-seguridad-con-contrasenas-mas-robustas\\\/\"},\"wordCount\":595,\"publisher\":{\"@id\":\"https:\\\/\\\/www.eldiario.net\\\/portal\\\/#organization\"},\"image\":{\"@id\":\"https:\\\/\\\/www.eldiario.net\\\/portal\\\/2026\\\/08\\\/31\\\/whatsapp-refuerza-la-seguridad-con-contrasenas-mas-robustas\\\/#primaryimage\"},\"thumbnailUrl\":\"https:\\\/\\\/www.eldiario.net\\\/portal\\\/wp-content\\\/uploads\\\/2026\\\/08\\\/3A.webp\",\"articleSection\":[\"Ciencia y Computaci\u00f3n\"],\"inLanguage\":\"es\"},{\"@type\":\"WebPage\",\"@id\":\"https:\\\/\\\/www.eldiario.net\\\/portal\\\/2026\\\/08\\\/31\\\/whatsapp-refuerza-la-seguridad-con-contrasenas-mas-robustas\\\/\",\"url\":\"https:\\\/\\\/www.eldiario.net\\\/portal\\\/2026\\\/08\\\/31\\\/whatsapp-refuerza-la-seguridad-con-contrasenas-mas-robustas\\\/\",\"name\":\"WhatsApp refuerza la seguridad con contrase\u00f1as m\u00e1s robustas - El Diario - Bolivia\",\"isPartOf\":{\"@id\":\"https:\\\/\\\/www.eldiario.net\\\/portal\\\/#website\"},\"primaryImageOfPage\":{\"@id\":\"https:\\\/\\\/www.eldiario.net\\\/portal\\\/2026\\\/08\\\/31\\\/whatsapp-refuerza-la-seguridad-con-contrasenas-mas-robustas\\\/#primaryimage\"},\"image\":{\"@id\":\"https:\\\/\\\/www.eldiario.net\\\/portal\\\/2026\\\/08\\\/31\\\/whatsapp-refuerza-la-seguridad-con-contrasenas-mas-robustas\\\/#primaryimage\"},\"thumbnailUrl\":\"https:\\\/\\\/www.eldiario.net\\\/portal\\\/wp-content\\\/uploads\\\/2026\\\/08\\\/3A.webp\",\"datePublished\":\"2026-08-31T04:40:53+00:00\",\"breadcrumb\":{\"@id\":\"https:\\\/\\\/www.eldiario.net\\\/portal\\\/2026\\\/08\\\/31\\\/whatsapp-refuerza-la-seguridad-con-contrasenas-mas-robustas\\\/#breadcrumb\"},\"inLanguage\":\"es\",\"potentialAction\":[{\"@type\":\"ReadAction\",\"target\":[\"https:\\\/\\\/www.eldiario.net\\\/portal\\\/2026\\\/08\\\/31\\\/whatsapp-refuerza-la-seguridad-con-contrasenas-mas-robustas\\\/\"]}]},{\"@type\":\"ImageObject\",\"inLanguage\":\"es\",\"@id\":\"https:\\\/\\\/www.eldiario.net\\\/portal\\\/2026\\\/08\\\/31\\\/whatsapp-refuerza-la-seguridad-con-contrasenas-mas-robustas\\\/#primaryimage\",\"url\":\"https:\\\/\\\/www.eldiario.net\\\/portal\\\/wp-content\\\/uploads\\\/2026\\\/08\\\/3A.webp\",\"contentUrl\":\"https:\\\/\\\/www.eldiario.net\\\/portal\\\/wp-content\\\/uploads\\\/2026\\\/08\\\/3A.webp\",\"width\":766,\"height\":401},{\"@type\":\"BreadcrumbList\",\"@id\":\"https:\\\/\\\/www.eldiario.net\\\/portal\\\/2026\\\/08\\\/31\\\/whatsapp-refuerza-la-seguridad-con-contrasenas-mas-robustas\\\/#breadcrumb\",\"itemListElement\":[{\"@type\":\"ListItem\",\"position\":1,\"name\":\"Portada\",\"item\":\"https:\\\/\\\/www.eldiario.net\\\/portal\\\/\"},{\"@type\":\"ListItem\",\"position\":2,\"name\":\"WhatsApp refuerza la seguridad con contrase\u00f1as m\u00e1s robustas\"}]},{\"@type\":\"WebSite\",\"@id\":\"https:\\\/\\\/www.eldiario.net\\\/portal\\\/#website\",\"url\":\"https:\\\/\\\/www.eldiario.net\\\/portal\\\/\",\"name\":\"El Diario - Decano de la prensa nacional\",\"description\":\"El Diario - Decano de la prensa nacional\",\"publisher\":{\"@id\":\"https:\\\/\\\/www.eldiario.net\\\/portal\\\/#organization\"},\"potentialAction\":[{\"@type\":\"SearchAction\",\"target\":{\"@type\":\"EntryPoint\",\"urlTemplate\":\"https:\\\/\\\/www.eldiario.net\\\/portal\\\/?s={search_term_string}\"},\"query-input\":{\"@type\":\"PropertyValueSpecification\",\"valueRequired\":true,\"valueName\":\"search_term_string\"}}],\"inLanguage\":\"es\"},{\"@type\":\"Organization\",\"@id\":\"https:\\\/\\\/www.eldiario.net\\\/portal\\\/#organization\",\"name\":\"El Diario - Decano de la prensa nacional\",\"url\":\"https:\\\/\\\/www.eldiario.net\\\/portal\\\/\",\"logo\":{\"@type\":\"ImageObject\",\"inLanguage\":\"es\",\"@id\":\"https:\\\/\\\/www.eldiario.net\\\/portal\\\/#\\\/schema\\\/logo\\\/image\\\/\",\"url\":\"https:\\\/\\\/www.eldiario.net\\\/portal\\\/wp-content\\\/uploads\\\/2023\\\/07\\\/logo_ED.jpg\",\"contentUrl\":\"https:\\\/\\\/www.eldiario.net\\\/portal\\\/wp-content\\\/uploads\\\/2023\\\/07\\\/logo_ED.jpg\",\"width\":272,\"height\":52,\"caption\":\"El Diario - Decano de la prensa nacional\"},\"image\":{\"@id\":\"https:\\\/\\\/www.eldiario.net\\\/portal\\\/#\\\/schema\\\/logo\\\/image\\\/\"},\"sameAs\":[\"https:\\\/\\\/www.facebook.com\\\/eldiario.bolivia\\\/\",\"https:\\\/\\\/x.com\\\/eldiario_net\"]},{\"@type\":\"Person\",\"@id\":\"https:\\\/\\\/www.eldiario.net\\\/portal\\\/#\\\/schema\\\/person\\\/f46445640444750d7d753ccd04ae01b7\",\"name\":\"Jeanette\",\"image\":{\"@type\":\"ImageObject\",\"inLanguage\":\"es\",\"@id\":\"https:\\\/\\\/secure.gravatar.com\\\/avatar\\\/3ea2118a5f7dad2b7138b1187a6b7ee55f160b9968b66013c3a3ef39dd7e5798?s=96&d=mm&r=g\",\"url\":\"https:\\\/\\\/secure.gravatar.com\\\/avatar\\\/3ea2118a5f7dad2b7138b1187a6b7ee55f160b9968b66013c3a3ef39dd7e5798?s=96&d=mm&r=g\",\"contentUrl\":\"https:\\\/\\\/secure.gravatar.com\\\/avatar\\\/3ea2118a5f7dad2b7138b1187a6b7ee55f160b9968b66013c3a3ef39dd7e5798?s=96&d=mm&r=g\",\"caption\":\"Jeanette\"},\"sameAs\":[\"https:\\\/\\\/www.eldiario.net\\\/portal\"],\"url\":\"https:\\\/\\\/www.eldiario.net\\\/portal\\\/author\\\/jeanette\\\/\"}]}<\/script>\n<!-- \/ Yoast SEO plugin. -->","yoast_head_json":{"title":"WhatsApp refuerza la seguridad con contrase\u00f1as m\u00e1s robustas - El Diario - Bolivia","robots":{"index":"index","follow":"follow","max-snippet":"max-snippet:-1","max-image-preview":"max-image-preview:large","max-video-preview":"max-video-preview:-1"},"canonical":"https:\/\/www.eldiario.net\/portal\/2026\/08\/31\/whatsapp-refuerza-la-seguridad-con-contrasenas-mas-robustas\/","og_locale":"es_ES","og_type":"article","og_title":"WhatsApp refuerza la seguridad con contrase\u00f1as m\u00e1s robustas - El Diario - Bolivia","og_description":"WhatsApp anunci\u00f3 una mejora significativa en su sistema de protecci\u00f3n de cuentas: ahora los usuarios pueden crear contrase\u00f1as m\u00e1s largas y complejas dentro de la verificaci\u00f3n en dos pasos. La medida busca frenar los intentos de acceso no autorizado y reducir el riesgo de fraude digital. Contrase\u00f1as m\u00e1s seguras Hasta ahora, la verificaci\u00f3n en dos [&hellip;]","og_url":"https:\/\/www.eldiario.net\/portal\/2026\/08\/31\/whatsapp-refuerza-la-seguridad-con-contrasenas-mas-robustas\/","og_site_name":"El Diario - Bolivia","article_publisher":"https:\/\/www.facebook.com\/eldiario.bolivia\/","article_published_time":"2026-08-31T04:40:53+00:00","og_image":[{"width":766,"height":401,"url":"https:\/\/www.eldiario.net\/portal\/wp-content\/uploads\/2026\/08\/3A.webp","type":"image\/webp"}],"author":"Jeanette","twitter_card":"summary_large_image","twitter_creator":"@eldiario_net","twitter_site":"@eldiario_net","twitter_misc":{"Escrito por":"Jeanette","Tiempo de lectura":"3 minutos"},"schema":{"@context":"https:\/\/schema.org","@graph":[{"@type":"Article","@id":"https:\/\/www.eldiario.net\/portal\/2026\/08\/31\/whatsapp-refuerza-la-seguridad-con-contrasenas-mas-robustas\/#article","isPartOf":{"@id":"https:\/\/www.eldiario.net\/portal\/2026\/08\/31\/whatsapp-refuerza-la-seguridad-con-contrasenas-mas-robustas\/"},"author":{"name":"Jeanette","@id":"https:\/\/www.eldiario.net\/portal\/#\/schema\/person\/f46445640444750d7d753ccd04ae01b7"},"headline":"WhatsApp refuerza la seguridad con contrase\u00f1as m\u00e1s robustas","datePublished":"2026-08-31T04:40:53+00:00","mainEntityOfPage":{"@id":"https:\/\/www.eldiario.net\/portal\/2026\/08\/31\/whatsapp-refuerza-la-seguridad-con-contrasenas-mas-robustas\/"},"wordCount":595,"publisher":{"@id":"https:\/\/www.eldiario.net\/portal\/#organization"},"image":{"@id":"https:\/\/www.eldiario.net\/portal\/2026\/08\/31\/whatsapp-refuerza-la-seguridad-con-contrasenas-mas-robustas\/#primaryimage"},"thumbnailUrl":"https:\/\/www.eldiario.net\/portal\/wp-content\/uploads\/2026\/08\/3A.webp","articleSection":["Ciencia y Computaci\u00f3n"],"inLanguage":"es"},{"@type":"WebPage","@id":"https:\/\/www.eldiario.net\/portal\/2026\/08\/31\/whatsapp-refuerza-la-seguridad-con-contrasenas-mas-robustas\/","url":"https:\/\/www.eldiario.net\/portal\/2026\/08\/31\/whatsapp-refuerza-la-seguridad-con-contrasenas-mas-robustas\/","name":"WhatsApp refuerza la seguridad con contrase\u00f1as m\u00e1s robustas - El Diario - Bolivia","isPartOf":{"@id":"https:\/\/www.eldiario.net\/portal\/#website"},"primaryImageOfPage":{"@id":"https:\/\/www.eldiario.net\/portal\/2026\/08\/31\/whatsapp-refuerza-la-seguridad-con-contrasenas-mas-robustas\/#primaryimage"},"image":{"@id":"https:\/\/www.eldiario.net\/portal\/2026\/08\/31\/whatsapp-refuerza-la-seguridad-con-contrasenas-mas-robustas\/#primaryimage"},"thumbnailUrl":"https:\/\/www.eldiario.net\/portal\/wp-content\/uploads\/2026\/08\/3A.webp","datePublished":"2026-08-31T04:40:53+00:00","breadcrumb":{"@id":"https:\/\/www.eldiario.net\/portal\/2026\/08\/31\/whatsapp-refuerza-la-seguridad-con-contrasenas-mas-robustas\/#breadcrumb"},"inLanguage":"es","potentialAction":[{"@type":"ReadAction","target":["https:\/\/www.eldiario.net\/portal\/2026\/08\/31\/whatsapp-refuerza-la-seguridad-con-contrasenas-mas-robustas\/"]}]},{"@type":"ImageObject","inLanguage":"es","@id":"https:\/\/www.eldiario.net\/portal\/2026\/08\/31\/whatsapp-refuerza-la-seguridad-con-contrasenas-mas-robustas\/#primaryimage","url":"https:\/\/www.eldiario.net\/portal\/wp-content\/uploads\/2026\/08\/3A.webp","contentUrl":"https:\/\/www.eldiario.net\/portal\/wp-content\/uploads\/2026\/08\/3A.webp","width":766,"height":401},{"@type":"BreadcrumbList","@id":"https:\/\/www.eldiario.net\/portal\/2026\/08\/31\/whatsapp-refuerza-la-seguridad-con-contrasenas-mas-robustas\/#breadcrumb","itemListElement":[{"@type":"ListItem","position":1,"name":"Portada","item":"https:\/\/www.eldiario.net\/portal\/"},{"@type":"ListItem","position":2,"name":"WhatsApp refuerza la seguridad con contrase\u00f1as m\u00e1s robustas"}]},{"@type":"WebSite","@id":"https:\/\/www.eldiario.net\/portal\/#website","url":"https:\/\/www.eldiario.net\/portal\/","name":"El Diario - Decano de la prensa nacional","description":"El Diario - Decano de la prensa nacional","publisher":{"@id":"https:\/\/www.eldiario.net\/portal\/#organization"},"potentialAction":[{"@type":"SearchAction","target":{"@type":"EntryPoint","urlTemplate":"https:\/\/www.eldiario.net\/portal\/?s={search_term_string}"},"query-input":{"@type":"PropertyValueSpecification","valueRequired":true,"valueName":"search_term_string"}}],"inLanguage":"es"},{"@type":"Organization","@id":"https:\/\/www.eldiario.net\/portal\/#organization","name":"El Diario - Decano de la prensa nacional","url":"https:\/\/www.eldiario.net\/portal\/","logo":{"@type":"ImageObject","inLanguage":"es","@id":"https:\/\/www.eldiario.net\/portal\/#\/schema\/logo\/image\/","url":"https:\/\/www.eldiario.net\/portal\/wp-content\/uploads\/2023\/07\/logo_ED.jpg","contentUrl":"https:\/\/www.eldiario.net\/portal\/wp-content\/uploads\/2023\/07\/logo_ED.jpg","width":272,"height":52,"caption":"El Diario - Decano de la prensa nacional"},"image":{"@id":"https:\/\/www.eldiario.net\/portal\/#\/schema\/logo\/image\/"},"sameAs":["https:\/\/www.facebook.com\/eldiario.bolivia\/","https:\/\/x.com\/eldiario_net"]},{"@type":"Person","@id":"https:\/\/www.eldiario.net\/portal\/#\/schema\/person\/f46445640444750d7d753ccd04ae01b7","name":"Jeanette","image":{"@type":"ImageObject","inLanguage":"es","@id":"https:\/\/secure.gravatar.com\/avatar\/3ea2118a5f7dad2b7138b1187a6b7ee55f160b9968b66013c3a3ef39dd7e5798?s=96&d=mm&r=g","url":"https:\/\/secure.gravatar.com\/avatar\/3ea2118a5f7dad2b7138b1187a6b7ee55f160b9968b66013c3a3ef39dd7e5798?s=96&d=mm&r=g","contentUrl":"https:\/\/secure.gravatar.com\/avatar\/3ea2118a5f7dad2b7138b1187a6b7ee55f160b9968b66013c3a3ef39dd7e5798?s=96&d=mm&r=g","caption":"Jeanette"},"sameAs":["https:\/\/www.eldiario.net\/portal"],"url":"https:\/\/www.eldiario.net\/portal\/author\/jeanette\/"}]}},"_links":{"self":[{"href":"https:\/\/www.eldiario.net\/portal\/wp-json\/wp\/v2\/posts\/426151","targetHints":{"allow":["GET"]}}],"collection":[{"href":"https:\/\/www.eldiario.net\/portal\/wp-json\/wp\/v2\/posts"}],"about":[{"href":"https:\/\/www.eldiario.net\/portal\/wp-json\/wp\/v2\/types\/post"}],"author":[{"embeddable":true,"href":"https:\/\/www.eldiario.net\/portal\/wp-json\/wp\/v2\/users\/1"}],"replies":[{"embeddable":true,"href":"https:\/\/www.eldiario.net\/portal\/wp-json\/wp\/v2\/comments?post=426151"}],"version-history":[{"count":1,"href":"https:\/\/www.eldiario.net\/portal\/wp-json\/wp\/v2\/posts\/426151\/revisions"}],"predecessor-version":[{"id":426153,"href":"https:\/\/www.eldiario.net\/portal\/wp-json\/wp\/v2\/posts\/426151\/revisions\/426153"}],"wp:featuredmedia":[{"embeddable":true,"href":"https:\/\/www.eldiario.net\/portal\/wp-json\/wp\/v2\/media\/426152"}],"wp:attachment":[{"href":"https:\/\/www.eldiario.net\/portal\/wp-json\/wp\/v2\/media?parent=426151"}],"wp:term":[{"taxonomy":"category","embeddable":true,"href":"https:\/\/www.eldiario.net\/portal\/wp-json\/wp\/v2\/categories?post=426151"},{"taxonomy":"post_tag","embeddable":true,"href":"https:\/\/www.eldiario.net\/portal\/wp-json\/wp\/v2\/tags?post=426151"}],"curies":[{"name":"wp","href":"https:\/\/api.w.org\/{rel}","templated":true}]}}