{"id":425963,"date":"2026-08-30T07:10:16","date_gmt":"2026-08-30T11:10:16","guid":{"rendered":"https:\/\/www.eldiario.net\/portal\/?p=425963"},"modified":"2026-08-30T07:10:16","modified_gmt":"2026-08-30T11:10:16","slug":"4-1-gv-san-jose-goleo-sin-piedad-a-real-oruro","status":"publish","type":"post","link":"https:\/\/www.eldiario.net\/portal\/2026\/08\/30\/4-1-gv-san-jose-goleo-sin-piedad-a-real-oruro\/","title":{"rendered":"4-1: GV San Jos\u00e9 gole\u00f3 sin piedad a Real Oruro"},"content":{"rendered":"<p>Gualberto Villarroel San Jos\u00e9 se impuso sin apuros a Totora Real Oruro por 4-1, con doblete de Alex C\u00e1ceres, desde el punto penal, y se sum\u00f3 sus primeros tres puntos en el inicio de la fecha de los cl\u00e1sicos inter series de la primera fase de la Copa de la Divisi\u00f3n Profesional.<br \/>\nCon C\u00e1ceres como la figura, retomando su desempe\u00f1o conocido, GV San Jos\u00e9 pas\u00f3 por encima del adversario y comenz\u00f3 a sumar en este segundo torneo en importancia en la Divisi\u00f3n Profesional, la tarde de ayer.<br \/>\nC\u00e1ceres abri\u00f3 la cuenta a los 38 minutos, con un penal, y su segundo gol vino tambi\u00e9n desde la zona de castigo, a los 50\u00b4, sancionado una infracci\u00f3n de Leandro Corulo, quien a los 44 anot\u00f3 el descuento, tras una serie de rebotes y en su segundo intento dentro del \u00e1rea.<br \/>\nRonaldo Monteiro aport\u00f3 con un gol con definici\u00f3n de cabeza (46\u00b4) en un centro de tiro libre, mostrando que su juego fuerte est\u00e1 cuando los balones llegan al \u00e1rea, donde la defensa central del cuadro totore\u00f1o fue inoperante.<br \/>\nCon el 3-1, GV San Jos\u00e9 estaba con el compromiso resuelto a su favor y Luis Vargas apareci\u00f3, a los 71\u00b4, para colocar el 4-1, tras quedar delante del arco, siendo habilitado en un bal\u00f3n dividido y con una zaga central sin fuerza para oponerse.<br \/>\nEn el cierre del compromiso (90\u00b4), Ademar Rivera dej\u00f3 a Totora Real Oruro con un hombre menos por una entrada brusca en un bal\u00f3n dividido. De esta manera, el elenco totore\u00f1o sali\u00f3 humillado del escenario deportivo, el estadio Jes\u00fas B\u00e9rmudez.<\/p>\n","protected":false},"excerpt":{"rendered":"<p>Gualberto Villarroel San Jos\u00e9 se impuso sin apuros a Totora Real Oruro por 4-1, con doblete de Alex C\u00e1ceres, desde el punto penal, y se sum\u00f3 sus primeros tres puntos en el inicio de la fecha de los cl\u00e1sicos inter series de la primera fase de la Copa de la Divisi\u00f3n Profesional. Con C\u00e1ceres como [&hellip;]<\/p>\n","protected":false},"author":1,"featured_media":425964,"comment_status":"closed","ping_status":"open","sticky":false,"template":"","format":"standard","meta":{"_acf_changed":false,"footnotes":""},"categories":[6],"tags":[],"class_list":["post-425963","post","type-post","status-publish","format-standard","has-post-thumbnail","category-deportes"],"acf":{"antetitulo":""},"yoast_head":"<!-- This site is optimized with the Yoast SEO plugin v28.3 - https:\/\/yoast.com\/product\/yoast-seo-wordpress\/ -->\n<title>4-1: GV San Jos\u00e9 gole\u00f3 sin piedad a Real Oruro - El Diario - Bolivia<\/title>\n<meta name=\"robots\" content=\"index, follow, max-snippet:-1, max-image-preview:large, max-video-preview:-1\" \/>\n<link rel=\"canonical\" href=\"https:\/\/www.eldiario.net\/portal\/2026\/08\/30\/4-1-gv-san-jose-goleo-sin-piedad-a-real-oruro\/\" \/>\n<meta property=\"og:locale\" content=\"es_ES\" \/>\n<meta property=\"og:type\" content=\"article\" \/>\n<meta property=\"og:title\" content=\"4-1: GV San Jos\u00e9 gole\u00f3 sin piedad a Real Oruro - El Diario - Bolivia\" \/>\n<meta property=\"og:description\" content=\"Gualberto Villarroel San Jos\u00e9 se impuso sin apuros a Totora Real Oruro por 4-1, con doblete de Alex C\u00e1ceres, desde el punto penal, y se sum\u00f3 sus primeros tres puntos en el inicio de la fecha de los cl\u00e1sicos inter series de la primera fase de la Copa de la Divisi\u00f3n Profesional. Con C\u00e1ceres como [&hellip;]\" \/>\n<meta property=\"og:url\" content=\"https:\/\/www.eldiario.net\/portal\/2026\/08\/30\/4-1-gv-san-jose-goleo-sin-piedad-a-real-oruro\/\" \/>\n<meta property=\"og:site_name\" content=\"El Diario - Bolivia\" \/>\n<meta property=\"article:publisher\" content=\"https:\/\/www.facebook.com\/eldiario.bolivia\/\" \/>\n<meta property=\"article:published_time\" content=\"2026-08-30T11:10:16+00:00\" \/>\n<meta property=\"og:image\" content=\"https:\/\/www.eldiario.net\/portal\/wp-content\/uploads\/2026\/08\/GV-san-jose.webp\" \/>\n\t<meta property=\"og:image:width\" content=\"1200\" \/>\n\t<meta property=\"og:image:height\" content=\"1061\" \/>\n\t<meta property=\"og:image:type\" content=\"image\/webp\" \/>\n<meta name=\"author\" content=\"Jeanette\" \/>\n<meta name=\"twitter:card\" content=\"summary_large_image\" \/>\n<meta name=\"twitter:creator\" content=\"@eldiario_net\" \/>\n<meta name=\"twitter:site\" content=\"@eldiario_net\" \/>\n<meta name=\"twitter:label1\" content=\"Escrito por\" \/>\n\t<meta name=\"twitter:data1\" content=\"Jeanette\" \/>\n\t<meta name=\"twitter:label2\" content=\"Tiempo de lectura\" \/>\n\t<meta name=\"twitter:data2\" content=\"2 minutos\" \/>\n<script type=\"application\/ld+json\" class=\"yoast-schema-graph\">{\"@context\":\"https:\\\/\\\/schema.org\",\"@graph\":[{\"@type\":\"Article\",\"@id\":\"https:\\\/\\\/www.eldiario.net\\\/portal\\\/2026\\\/08\\\/30\\\/4-1-gv-san-jose-goleo-sin-piedad-a-real-oruro\\\/#article\",\"isPartOf\":{\"@id\":\"https:\\\/\\\/www.eldiario.net\\\/portal\\\/2026\\\/08\\\/30\\\/4-1-gv-san-jose-goleo-sin-piedad-a-real-oruro\\\/\"},\"author\":{\"name\":\"Jeanette\",\"@id\":\"https:\\\/\\\/www.eldiario.net\\\/portal\\\/#\\\/schema\\\/person\\\/f46445640444750d7d753ccd04ae01b7\"},\"headline\":\"4-1: GV San Jos\u00e9 gole\u00f3 sin piedad a Real Oruro\",\"datePublished\":\"2026-08-30T11:10:16+00:00\",\"mainEntityOfPage\":{\"@id\":\"https:\\\/\\\/www.eldiario.net\\\/portal\\\/2026\\\/08\\\/30\\\/4-1-gv-san-jose-goleo-sin-piedad-a-real-oruro\\\/\"},\"wordCount\":281,\"publisher\":{\"@id\":\"https:\\\/\\\/www.eldiario.net\\\/portal\\\/#organization\"},\"image\":{\"@id\":\"https:\\\/\\\/www.eldiario.net\\\/portal\\\/2026\\\/08\\\/30\\\/4-1-gv-san-jose-goleo-sin-piedad-a-real-oruro\\\/#primaryimage\"},\"thumbnailUrl\":\"https:\\\/\\\/www.eldiario.net\\\/portal\\\/wp-content\\\/uploads\\\/2026\\\/08\\\/GV-san-jose.webp\",\"articleSection\":[\"Deportes\"],\"inLanguage\":\"es\"},{\"@type\":\"WebPage\",\"@id\":\"https:\\\/\\\/www.eldiario.net\\\/portal\\\/2026\\\/08\\\/30\\\/4-1-gv-san-jose-goleo-sin-piedad-a-real-oruro\\\/\",\"url\":\"https:\\\/\\\/www.eldiario.net\\\/portal\\\/2026\\\/08\\\/30\\\/4-1-gv-san-jose-goleo-sin-piedad-a-real-oruro\\\/\",\"name\":\"4-1: GV San Jos\u00e9 gole\u00f3 sin piedad a Real Oruro - El Diario - Bolivia\",\"isPartOf\":{\"@id\":\"https:\\\/\\\/www.eldiario.net\\\/portal\\\/#website\"},\"primaryImageOfPage\":{\"@id\":\"https:\\\/\\\/www.eldiario.net\\\/portal\\\/2026\\\/08\\\/30\\\/4-1-gv-san-jose-goleo-sin-piedad-a-real-oruro\\\/#primaryimage\"},\"image\":{\"@id\":\"https:\\\/\\\/www.eldiario.net\\\/portal\\\/2026\\\/08\\\/30\\\/4-1-gv-san-jose-goleo-sin-piedad-a-real-oruro\\\/#primaryimage\"},\"thumbnailUrl\":\"https:\\\/\\\/www.eldiario.net\\\/portal\\\/wp-content\\\/uploads\\\/2026\\\/08\\\/GV-san-jose.webp\",\"datePublished\":\"2026-08-30T11:10:16+00:00\",\"breadcrumb\":{\"@id\":\"https:\\\/\\\/www.eldiario.net\\\/portal\\\/2026\\\/08\\\/30\\\/4-1-gv-san-jose-goleo-sin-piedad-a-real-oruro\\\/#breadcrumb\"},\"inLanguage\":\"es\",\"potentialAction\":[{\"@type\":\"ReadAction\",\"target\":[\"https:\\\/\\\/www.eldiario.net\\\/portal\\\/2026\\\/08\\\/30\\\/4-1-gv-san-jose-goleo-sin-piedad-a-real-oruro\\\/\"]}]},{\"@type\":\"ImageObject\",\"inLanguage\":\"es\",\"@id\":\"https:\\\/\\\/www.eldiario.net\\\/portal\\\/2026\\\/08\\\/30\\\/4-1-gv-san-jose-goleo-sin-piedad-a-real-oruro\\\/#primaryimage\",\"url\":\"https:\\\/\\\/www.eldiario.net\\\/portal\\\/wp-content\\\/uploads\\\/2026\\\/08\\\/GV-san-jose.webp\",\"contentUrl\":\"https:\\\/\\\/www.eldiario.net\\\/portal\\\/wp-content\\\/uploads\\\/2026\\\/08\\\/GV-san-jose.webp\",\"width\":1200,\"height\":1061,\"caption\":\"\u00c1lex C\u00e1ceres celebra uno de los goles de ayer en el estadio Jes\u00fas Berm\u00fadez.\"},{\"@type\":\"BreadcrumbList\",\"@id\":\"https:\\\/\\\/www.eldiario.net\\\/portal\\\/2026\\\/08\\\/30\\\/4-1-gv-san-jose-goleo-sin-piedad-a-real-oruro\\\/#breadcrumb\",\"itemListElement\":[{\"@type\":\"ListItem\",\"position\":1,\"name\":\"Portada\",\"item\":\"https:\\\/\\\/www.eldiario.net\\\/portal\\\/\"},{\"@type\":\"ListItem\",\"position\":2,\"name\":\"4-1: GV San Jos\u00e9 gole\u00f3 sin piedad a Real Oruro\"}]},{\"@type\":\"WebSite\",\"@id\":\"https:\\\/\\\/www.eldiario.net\\\/portal\\\/#website\",\"url\":\"https:\\\/\\\/www.eldiario.net\\\/portal\\\/\",\"name\":\"El Diario - Decano de la prensa nacional\",\"description\":\"El Diario - Decano de la prensa nacional\",\"publisher\":{\"@id\":\"https:\\\/\\\/www.eldiario.net\\\/portal\\\/#organization\"},\"potentialAction\":[{\"@type\":\"SearchAction\",\"target\":{\"@type\":\"EntryPoint\",\"urlTemplate\":\"https:\\\/\\\/www.eldiario.net\\\/portal\\\/?s={search_term_string}\"},\"query-input\":{\"@type\":\"PropertyValueSpecification\",\"valueRequired\":true,\"valueName\":\"search_term_string\"}}],\"inLanguage\":\"es\"},{\"@type\":\"Organization\",\"@id\":\"https:\\\/\\\/www.eldiario.net\\\/portal\\\/#organization\",\"name\":\"El Diario - Decano de la prensa nacional\",\"url\":\"https:\\\/\\\/www.eldiario.net\\\/portal\\\/\",\"logo\":{\"@type\":\"ImageObject\",\"inLanguage\":\"es\",\"@id\":\"https:\\\/\\\/www.eldiario.net\\\/portal\\\/#\\\/schema\\\/logo\\\/image\\\/\",\"url\":\"https:\\\/\\\/www.eldiario.net\\\/portal\\\/wp-content\\\/uploads\\\/2023\\\/07\\\/logo_ED.jpg\",\"contentUrl\":\"https:\\\/\\\/www.eldiario.net\\\/portal\\\/wp-content\\\/uploads\\\/2023\\\/07\\\/logo_ED.jpg\",\"width\":272,\"height\":52,\"caption\":\"El Diario - Decano de la prensa nacional\"},\"image\":{\"@id\":\"https:\\\/\\\/www.eldiario.net\\\/portal\\\/#\\\/schema\\\/logo\\\/image\\\/\"},\"sameAs\":[\"https:\\\/\\\/www.facebook.com\\\/eldiario.bolivia\\\/\",\"https:\\\/\\\/x.com\\\/eldiario_net\"]},{\"@type\":\"Person\",\"@id\":\"https:\\\/\\\/www.eldiario.net\\\/portal\\\/#\\\/schema\\\/person\\\/f46445640444750d7d753ccd04ae01b7\",\"name\":\"Jeanette\",\"image\":{\"@type\":\"ImageObject\",\"inLanguage\":\"es\",\"@id\":\"https:\\\/\\\/secure.gravatar.com\\\/avatar\\\/3ea2118a5f7dad2b7138b1187a6b7ee55f160b9968b66013c3a3ef39dd7e5798?s=96&d=mm&r=g\",\"url\":\"https:\\\/\\\/secure.gravatar.com\\\/avatar\\\/3ea2118a5f7dad2b7138b1187a6b7ee55f160b9968b66013c3a3ef39dd7e5798?s=96&d=mm&r=g\",\"contentUrl\":\"https:\\\/\\\/secure.gravatar.com\\\/avatar\\\/3ea2118a5f7dad2b7138b1187a6b7ee55f160b9968b66013c3a3ef39dd7e5798?s=96&d=mm&r=g\",\"caption\":\"Jeanette\"},\"sameAs\":[\"https:\\\/\\\/www.eldiario.net\\\/portal\"],\"url\":\"https:\\\/\\\/www.eldiario.net\\\/portal\\\/author\\\/jeanette\\\/\"}]}<\/script>\n<!-- \/ Yoast SEO plugin. -->","yoast_head_json":{"title":"4-1: GV San Jos\u00e9 gole\u00f3 sin piedad a Real Oruro - El Diario - Bolivia","robots":{"index":"index","follow":"follow","max-snippet":"max-snippet:-1","max-image-preview":"max-image-preview:large","max-video-preview":"max-video-preview:-1"},"canonical":"https:\/\/www.eldiario.net\/portal\/2026\/08\/30\/4-1-gv-san-jose-goleo-sin-piedad-a-real-oruro\/","og_locale":"es_ES","og_type":"article","og_title":"4-1: GV San Jos\u00e9 gole\u00f3 sin piedad a Real Oruro - El Diario - Bolivia","og_description":"Gualberto Villarroel San Jos\u00e9 se impuso sin apuros a Totora Real Oruro por 4-1, con doblete de Alex C\u00e1ceres, desde el punto penal, y se sum\u00f3 sus primeros tres puntos en el inicio de la fecha de los cl\u00e1sicos inter series de la primera fase de la Copa de la Divisi\u00f3n Profesional. Con C\u00e1ceres como [&hellip;]","og_url":"https:\/\/www.eldiario.net\/portal\/2026\/08\/30\/4-1-gv-san-jose-goleo-sin-piedad-a-real-oruro\/","og_site_name":"El Diario - Bolivia","article_publisher":"https:\/\/www.facebook.com\/eldiario.bolivia\/","article_published_time":"2026-08-30T11:10:16+00:00","og_image":[{"width":1200,"height":1061,"url":"https:\/\/www.eldiario.net\/portal\/wp-content\/uploads\/2026\/08\/GV-san-jose.webp","type":"image\/webp"}],"author":"Jeanette","twitter_card":"summary_large_image","twitter_creator":"@eldiario_net","twitter_site":"@eldiario_net","twitter_misc":{"Escrito por":"Jeanette","Tiempo de lectura":"2 minutos"},"schema":{"@context":"https:\/\/schema.org","@graph":[{"@type":"Article","@id":"https:\/\/www.eldiario.net\/portal\/2026\/08\/30\/4-1-gv-san-jose-goleo-sin-piedad-a-real-oruro\/#article","isPartOf":{"@id":"https:\/\/www.eldiario.net\/portal\/2026\/08\/30\/4-1-gv-san-jose-goleo-sin-piedad-a-real-oruro\/"},"author":{"name":"Jeanette","@id":"https:\/\/www.eldiario.net\/portal\/#\/schema\/person\/f46445640444750d7d753ccd04ae01b7"},"headline":"4-1: GV San Jos\u00e9 gole\u00f3 sin piedad a Real Oruro","datePublished":"2026-08-30T11:10:16+00:00","mainEntityOfPage":{"@id":"https:\/\/www.eldiario.net\/portal\/2026\/08\/30\/4-1-gv-san-jose-goleo-sin-piedad-a-real-oruro\/"},"wordCount":281,"publisher":{"@id":"https:\/\/www.eldiario.net\/portal\/#organization"},"image":{"@id":"https:\/\/www.eldiario.net\/portal\/2026\/08\/30\/4-1-gv-san-jose-goleo-sin-piedad-a-real-oruro\/#primaryimage"},"thumbnailUrl":"https:\/\/www.eldiario.net\/portal\/wp-content\/uploads\/2026\/08\/GV-san-jose.webp","articleSection":["Deportes"],"inLanguage":"es"},{"@type":"WebPage","@id":"https:\/\/www.eldiario.net\/portal\/2026\/08\/30\/4-1-gv-san-jose-goleo-sin-piedad-a-real-oruro\/","url":"https:\/\/www.eldiario.net\/portal\/2026\/08\/30\/4-1-gv-san-jose-goleo-sin-piedad-a-real-oruro\/","name":"4-1: GV San Jos\u00e9 gole\u00f3 sin piedad a Real Oruro - El Diario - Bolivia","isPartOf":{"@id":"https:\/\/www.eldiario.net\/portal\/#website"},"primaryImageOfPage":{"@id":"https:\/\/www.eldiario.net\/portal\/2026\/08\/30\/4-1-gv-san-jose-goleo-sin-piedad-a-real-oruro\/#primaryimage"},"image":{"@id":"https:\/\/www.eldiario.net\/portal\/2026\/08\/30\/4-1-gv-san-jose-goleo-sin-piedad-a-real-oruro\/#primaryimage"},"thumbnailUrl":"https:\/\/www.eldiario.net\/portal\/wp-content\/uploads\/2026\/08\/GV-san-jose.webp","datePublished":"2026-08-30T11:10:16+00:00","breadcrumb":{"@id":"https:\/\/www.eldiario.net\/portal\/2026\/08\/30\/4-1-gv-san-jose-goleo-sin-piedad-a-real-oruro\/#breadcrumb"},"inLanguage":"es","potentialAction":[{"@type":"ReadAction","target":["https:\/\/www.eldiario.net\/portal\/2026\/08\/30\/4-1-gv-san-jose-goleo-sin-piedad-a-real-oruro\/"]}]},{"@type":"ImageObject","inLanguage":"es","@id":"https:\/\/www.eldiario.net\/portal\/2026\/08\/30\/4-1-gv-san-jose-goleo-sin-piedad-a-real-oruro\/#primaryimage","url":"https:\/\/www.eldiario.net\/portal\/wp-content\/uploads\/2026\/08\/GV-san-jose.webp","contentUrl":"https:\/\/www.eldiario.net\/portal\/wp-content\/uploads\/2026\/08\/GV-san-jose.webp","width":1200,"height":1061,"caption":"\u00c1lex C\u00e1ceres celebra uno de los goles de ayer en el estadio Jes\u00fas Berm\u00fadez."},{"@type":"BreadcrumbList","@id":"https:\/\/www.eldiario.net\/portal\/2026\/08\/30\/4-1-gv-san-jose-goleo-sin-piedad-a-real-oruro\/#breadcrumb","itemListElement":[{"@type":"ListItem","position":1,"name":"Portada","item":"https:\/\/www.eldiario.net\/portal\/"},{"@type":"ListItem","position":2,"name":"4-1: GV San Jos\u00e9 gole\u00f3 sin piedad a Real Oruro"}]},{"@type":"WebSite","@id":"https:\/\/www.eldiario.net\/portal\/#website","url":"https:\/\/www.eldiario.net\/portal\/","name":"El Diario - Decano de la prensa nacional","description":"El Diario - Decano de la prensa nacional","publisher":{"@id":"https:\/\/www.eldiario.net\/portal\/#organization"},"potentialAction":[{"@type":"SearchAction","target":{"@type":"EntryPoint","urlTemplate":"https:\/\/www.eldiario.net\/portal\/?s={search_term_string}"},"query-input":{"@type":"PropertyValueSpecification","valueRequired":true,"valueName":"search_term_string"}}],"inLanguage":"es"},{"@type":"Organization","@id":"https:\/\/www.eldiario.net\/portal\/#organization","name":"El Diario - Decano de la prensa nacional","url":"https:\/\/www.eldiario.net\/portal\/","logo":{"@type":"ImageObject","inLanguage":"es","@id":"https:\/\/www.eldiario.net\/portal\/#\/schema\/logo\/image\/","url":"https:\/\/www.eldiario.net\/portal\/wp-content\/uploads\/2023\/07\/logo_ED.jpg","contentUrl":"https:\/\/www.eldiario.net\/portal\/wp-content\/uploads\/2023\/07\/logo_ED.jpg","width":272,"height":52,"caption":"El Diario - Decano de la prensa nacional"},"image":{"@id":"https:\/\/www.eldiario.net\/portal\/#\/schema\/logo\/image\/"},"sameAs":["https:\/\/www.facebook.com\/eldiario.bolivia\/","https:\/\/x.com\/eldiario_net"]},{"@type":"Person","@id":"https:\/\/www.eldiario.net\/portal\/#\/schema\/person\/f46445640444750d7d753ccd04ae01b7","name":"Jeanette","image":{"@type":"ImageObject","inLanguage":"es","@id":"https:\/\/secure.gravatar.com\/avatar\/3ea2118a5f7dad2b7138b1187a6b7ee55f160b9968b66013c3a3ef39dd7e5798?s=96&d=mm&r=g","url":"https:\/\/secure.gravatar.com\/avatar\/3ea2118a5f7dad2b7138b1187a6b7ee55f160b9968b66013c3a3ef39dd7e5798?s=96&d=mm&r=g","contentUrl":"https:\/\/secure.gravatar.com\/avatar\/3ea2118a5f7dad2b7138b1187a6b7ee55f160b9968b66013c3a3ef39dd7e5798?s=96&d=mm&r=g","caption":"Jeanette"},"sameAs":["https:\/\/www.eldiario.net\/portal"],"url":"https:\/\/www.eldiario.net\/portal\/author\/jeanette\/"}]}},"_links":{"self":[{"href":"https:\/\/www.eldiario.net\/portal\/wp-json\/wp\/v2\/posts\/425963","targetHints":{"allow":["GET"]}}],"collection":[{"href":"https:\/\/www.eldiario.net\/portal\/wp-json\/wp\/v2\/posts"}],"about":[{"href":"https:\/\/www.eldiario.net\/portal\/wp-json\/wp\/v2\/types\/post"}],"author":[{"embeddable":true,"href":"https:\/\/www.eldiario.net\/portal\/wp-json\/wp\/v2\/users\/1"}],"replies":[{"embeddable":true,"href":"https:\/\/www.eldiario.net\/portal\/wp-json\/wp\/v2\/comments?post=425963"}],"version-history":[{"count":1,"href":"https:\/\/www.eldiario.net\/portal\/wp-json\/wp\/v2\/posts\/425963\/revisions"}],"predecessor-version":[{"id":425965,"href":"https:\/\/www.eldiario.net\/portal\/wp-json\/wp\/v2\/posts\/425963\/revisions\/425965"}],"wp:featuredmedia":[{"embeddable":true,"href":"https:\/\/www.eldiario.net\/portal\/wp-json\/wp\/v2\/media\/425964"}],"wp:attachment":[{"href":"https:\/\/www.eldiario.net\/portal\/wp-json\/wp\/v2\/media?parent=425963"}],"wp:term":[{"taxonomy":"category","embeddable":true,"href":"https:\/\/www.eldiario.net\/portal\/wp-json\/wp\/v2\/categories?post=425963"},{"taxonomy":"post_tag","embeddable":true,"href":"https:\/\/www.eldiario.net\/portal\/wp-json\/wp\/v2\/tags?post=425963"}],"curies":[{"name":"wp","href":"https:\/\/api.w.org\/{rel}","templated":true}]}}